{"id":697,"date":"2023-11-08T09:08:00","date_gmt":"2023-11-08T09:08:00","guid":{"rendered":"https:\/\/saltoecologico.es\/?p=697"},"modified":"2025-04-18T09:09:20","modified_gmt":"2025-04-18T09:09:20","slug":"el-co2","status":"publish","type":"post","link":"https:\/\/saltoecologico.es\/index.php\/2023\/11\/08\/el-co2\/","title":{"rendered":"El CO2"},"content":{"rendered":"\n<p class=\"wp-block-paragraph\">El efecto invernadero es el fen\u00f3meno mediante el cual se producen las condiciones adecuadas para que la tierra albergue vida. Este proceso consiste en la retenci\u00f3n de la atmosfera de parte del calor procedente del sol para mantener una temperatura media de 15 grados cent\u00edgrados, sin este fen\u00f3meno la temperatura media en la superficie de la tierra ser\u00eda de -18 grados cent\u00edgrados.<\/p>\n\n\n\n<p class=\"wp-block-paragraph\">La atmosfera est\u00e1 compuesta de diferentes gases: por un lado, est\u00e1n los mayoritarios como el nitr\u00f3geno, ox\u00edgeno o arg\u00f3n, pero tambi\u00e9n existen otros como el vapor de agua, el di\u00f3xido de carbono, el metano, el \u00f3xido de nitr\u00f3geno y el ozono y son estos \u00faltimos los que tienen mayor incidencia en el efecto invernadero. Estos gases en la proporci\u00f3n adecuada cumplen perfectamente su cometido, pero si se modifica esa proporci\u00f3n puede tener efectos devastadores como ya ha ocurrido en el pasado. Si la proporci\u00f3n aumenta el planeta se calienta, si la proporci\u00f3n disminuye, el planeta se enfr\u00eda.<\/p>\n\n\n\n<p class=\"wp-block-paragraph\">En la actualidad y como consecuencia de la mano del hombre, la concentraci\u00f3n de gases de efecto invernadero (GEI) en la atmosfera est\u00e1 aumentando y por lo tanto la tierra se est\u00e1 calentando de una manera tal que, si no ponemos remedio, ocurrir\u00e1 un cataclismo de proporciones b\u00edblicas. Pero hay que tener claro cu\u00e1l es la causa de este proceso porque existe una idea errada de que la causa radica en la quema de combustibles que emiten gases de efecto invernadero sin m\u00e1s y en realidad es un poco m\u00e1s complejo.<\/p>\n\n\n\n<p class=\"wp-block-paragraph\">En \u00e9pocas remotas ingente cantidad de material org\u00e1nico quedo atrapado en el subsuelo de nuestro planeta y con \u00e9l inmensas cantidades de carbono. Este material dio lugar a los combustibles f\u00f3siles que hoy usamos y que tienen la peculiaridad, que, entre otros, emiten enormes cantidades de CO2 cuando se queman. Por tanto, es este proceso, el de volver a sacar a la atmosfera todo ese CO2, el que hace aumentar la concentraci\u00f3n de este gas y por tanto potenciar el efecto invernadero. En otras palabras, si nosotros somos capaces de eliminar el CO2 que emitimos por la quema de combustibles f\u00f3siles, mediante cualquier proceso, el problema se acabar\u00eda. Pero tambi\u00e9n a la inversa, si nosotros extraemos de la atmosfera todo el CO2 que luego se va a lanzar a ella, tampoco existir\u00eda el problema, porque la concentraci\u00f3n no cambiar\u00eda, es decir, estar\u00edamos en un balance neutro de aporte de CO2.<\/p>\n\n\n\n<p class=\"wp-block-paragraph\">El uso de los combustibles f\u00f3siles en la sociedad actual es primordial. No se concibe una revoluci\u00f3n tecnol\u00f3gica como la vivida sin estos insumos. En torno a ellos se ha desarrollado toda una serie de industrias tecnol\u00f3gicas que han cambiado radicalmente, ya nos solo el transporte mar\u00edtimo, a\u00e9reo y terrestre, sino la manera en la que producimos hasta los m\u00e1s insignificantes bienes y servicios que demandan hoy en d\u00eda nuestros conciudadanos.<\/p>\n\n\n\n<p class=\"wp-block-paragraph\">Por todo lo anterior ante la necesidad imperiosa de detener el calentamiento global y sin que ello signifique volver a la edad de piedra, conviene darle una repensada a todos nuestros procesos tecnol\u00f3gicos altamente contaminantes, con una mirada cr\u00edtica, por supuesto, pero sin dejar de ser radicales, entendiendo por tal, el no quedarnos tan solo en las ramas sino acudir a la ra\u00edz del problema.<\/p>\n\n\n\n<p class=\"wp-block-paragraph\">Poniendo un ejemplo claro, tendr\u00edamos que la quema de gasolina que lleva a cabo un coche en la actualidad supone un aporte de GEI a la atmosfera, porque est\u00e1 devolviendo lo que estaba bajo tierra al aire que nos rodea y, por tanto, est\u00e1 incidiendo en el balance de gases existentes. Pero si nosotros en vez de extraer esa gasolina del petr\u00f3leo, la extraj\u00e9ramos de un proceso que cogiera esos gases que emite, de la atmosfera y mediante un proceso neutro en emisiones, la fabricara, cuando esta se quemara emitir\u00eda los mismos gases, pero como su procedencia es la propia atmosfera el balance ser\u00eda neutro y el problema ya no existir\u00eda.<\/p>\n\n\n\n<p class=\"wp-block-paragraph\">En la actualidad ya conocemos los procesos qu\u00edmicos que nos permiten obtener los hidrocarburos m\u00e1s comunes que usamos hoy en d\u00eda mediante procesos que parten, fundamentalmente, de hidr\u00f3geno verde y de CO2 capturado de la atmosfera. Por tanto, estamos en condiciones de fabricar metano para nuestras centrales el\u00e9ctricas, gasolina y gasoil para nuestros veh\u00edculos terrestres, amoniaco, metanol o cualquier otro combustible para nuestros barcos, queroseno para nuestros aviones y as\u00ed con todo.<\/p>\n\n\n\n<p class=\"wp-block-paragraph\">Estos procesos qu\u00edmicos tienen su base en el hidr\u00f3geno verde, es decir hidr\u00f3geno obtenido de la hidr\u00f3lisis del agua mediante el aporte de electricidad procedente de fuentes renovables. Adem\u00e1s, con la captura del CO2 de la atmosfera, aportamos el otro componente fundamental para estos procesos como es el carbono. Con estos dos elementos ya estamos en condiciones de fabricar todos los hidrocarburos que necesitemos para conseguir una econom\u00eda neutra en emisiones.<\/p>\n\n\n\n<p class=\"wp-block-paragraph\">Lo hasta ahora comentado cambia radicalmente los planteamientos que se han venido teniendo hasta ahora para \u201cluchar\u201d contra la emisi\u00f3n de gases de efecto invernadero. As\u00ed por ejemplo con este sistema se conseguir\u00eda una mayor penetraci\u00f3n de las energ\u00edas renovables en la generaci\u00f3n el\u00e9ctrica.<\/p>\n\n\n\n<p class=\"wp-block-paragraph\">Efectivamente, supongamos que tenemos un sistema el\u00e9ctrico aislado y en \u00e9l una central con generadores que se alimentan de gas natural. Evidentemente esta central ser\u00e1 una emisora neta de CO2, porque se est\u00e1 quemando un combustible f\u00f3sil para generar electricidad. Por otro lado, la penetraci\u00f3n de renovables solo podr\u00eda llegar al 50% de lo que se est\u00e9 demandando en cada momento. Pues bien, si ahora nosotros colocamos filtros que capturen el CO2 emitido por las chimeneas y lo almacenamos sin dejarlo salir a la atmosfera, tendremos una generaci\u00f3n neutra en CO2, porque no estamos lanzando al aire este compuesto. Pero como almacenar CO2 de forma permanente no es viable habr\u00e1 que buscar una utilidad.<\/p>\n\n\n\n<p class=\"wp-block-paragraph\">Por otro lado, podemos aumentar la instalaci\u00f3n de renovables m\u00e1s all\u00e1 del l\u00edmite de vertidos energ\u00e9ticos y con los excedentes redirigirlos a electrolizadores que fabriquen hidr\u00f3geno verde. Con lo cual podremos crecer en renovables, con la consecuencia que cada vez m\u00e1s tendr\u00edamos una producci\u00f3n mayor de hidr\u00f3geno.<\/p>\n\n\n\n<p class=\"wp-block-paragraph\">Si ahora utilizamos el hidr\u00f3geno verde y el CO2 capturado para fabricar metano, este se puede mezclar con el gas natural y utilizar toda su infraestructura desde el almacenamiento, el transporte y los grupos generadores. Si la parte de metano se va aumentando hasta desaparecer el gas natural, entonces tendr\u00edamos una central 100% renovable, que por supuesto es neutra en aporte de CO2 a la atmosfera.<\/p>\n\n\n\n<p class=\"wp-block-paragraph\">Con el suficiente aporte energ\u00e9tico y la suficiente captura de CO2 de los procesos industriales contaminantes, se podr\u00eda almacenar energ\u00eda de los excedentes renovables en un gas como el metano (Power to gas) o el combustibles l\u00edquidos (Power to liquid) tipo gasolina, queroseno o metanol, para utilizarlo en los otros sectores de la econom\u00eda.<\/p>\n","protected":false},"excerpt":{"rendered":"<p>El efecto invernadero es el fen\u00f3meno mediante el cual se producen las condiciones adecuadas para que la tierra albergue vida. Este proceso consiste en la retenci\u00f3n de la atmosfera de parte del calor procedente del sol para mantener una temperatura media de 15 grados cent\u00edgrados, sin este fen\u00f3meno la temperatura media en la superficie de [&hellip;]<\/p>\n","protected":false},"author":1,"featured_media":698,"comment_status":"open","ping_status":"open","sticky":false,"template":"","format":"standard","meta":{"footnotes":""},"categories":[55],"tags":[],"class_list":["post-697","post","type-post","status-publish","format-standard","has-post-thumbnail","category-general"],"yoast_head":"<!-- This site is optimized with the Yoast SEO plugin v28.2 - https:\/\/yoast.com\/product\/yoast-seo-wordpress\/ -->\n<title>El CO2 - Salto Ecol\u00f3gico<\/title>\n<meta name=\"robots\" content=\"index, follow, max-snippet:-1, max-image-preview:large, max-video-preview:-1\" \/>\n<link rel=\"canonical\" href=\"https:\/\/saltoecologico.es\/index.php\/2023\/11\/08\/el-co2\/\" \/>\n<meta property=\"og:locale\" content=\"es_ES\" \/>\n<meta property=\"og:type\" content=\"article\" \/>\n<meta property=\"og:title\" content=\"El CO2 - Salto Ecol\u00f3gico\" \/>\n<meta property=\"og:description\" content=\"El efecto invernadero es el fen\u00f3meno mediante el cual se producen las condiciones adecuadas para que la tierra albergue vida. Este proceso consiste en la retenci\u00f3n de la atmosfera de parte del calor procedente del sol para mantener una temperatura media de 15 grados cent\u00edgrados, sin este fen\u00f3meno la temperatura media en la superficie de [&hellip;]\" \/>\n<meta property=\"og:url\" content=\"https:\/\/saltoecologico.es\/index.php\/2023\/11\/08\/el-co2\/\" \/>\n<meta property=\"og:site_name\" content=\"Salto Ecol\u00f3gico\" \/>\n<meta property=\"article:publisher\" content=\"https:\/\/www.facebook.com\/Saltotransicionecologica\" \/>\n<meta property=\"article:published_time\" content=\"2023-11-08T09:08:00+00:00\" \/>\n<meta property=\"article:modified_time\" content=\"2025-04-18T09:09:20+00:00\" \/>\n<meta property=\"og:image\" content=\"https:\/\/saltoecologico.es\/wp-content\/uploads\/2025\/04\/Fosiles22.jpg\" \/>\n\t<meta property=\"og:image:width\" content=\"1024\" \/>\n\t<meta property=\"og:image:height\" content=\"683\" \/>\n\t<meta property=\"og:image:type\" content=\"image\/jpeg\" \/>\n<meta name=\"author\" content=\"admin\" \/>\n<meta name=\"twitter:card\" content=\"summary_large_image\" \/>\n<meta name=\"twitter:label1\" content=\"Escrito por\" \/>\n\t<meta name=\"twitter:data1\" content=\"admin\" \/>\n\t<meta name=\"twitter:label2\" content=\"Tiempo de lectura\" \/>\n\t<meta name=\"twitter:data2\" content=\"6 minutos\" \/>\n<script type=\"application\/ld+json\" class=\"yoast-schema-graph\">{\"@context\":\"https:\\\/\\\/schema.org\",\"@graph\":[{\"@type\":\"Article\",\"@id\":\"https:\\\/\\\/saltoecologico.es\\\/index.php\\\/2023\\\/11\\\/08\\\/el-co2\\\/#article\",\"isPartOf\":{\"@id\":\"https:\\\/\\\/saltoecologico.es\\\/index.php\\\/2023\\\/11\\\/08\\\/el-co2\\\/\"},\"author\":{\"name\":\"admin\",\"@id\":\"https:\\\/\\\/saltoecologico.es\\\/#\\\/schema\\\/person\\\/7175eec4b3c123d86c675313c3a01a0b\"},\"headline\":\"El CO2\",\"datePublished\":\"2023-11-08T09:08:00+00:00\",\"dateModified\":\"2025-04-18T09:09:20+00:00\",\"mainEntityOfPage\":{\"@id\":\"https:\\\/\\\/saltoecologico.es\\\/index.php\\\/2023\\\/11\\\/08\\\/el-co2\\\/\"},\"wordCount\":1203,\"commentCount\":0,\"publisher\":{\"@id\":\"https:\\\/\\\/saltoecologico.es\\\/#organization\"},\"image\":{\"@id\":\"https:\\\/\\\/saltoecologico.es\\\/index.php\\\/2023\\\/11\\\/08\\\/el-co2\\\/#primaryimage\"},\"thumbnailUrl\":\"https:\\\/\\\/saltoecologico.es\\\/wp-content\\\/uploads\\\/2025\\\/04\\\/Fosiles22.jpg\",\"articleSection\":[\"General\"],\"inLanguage\":\"es\",\"potentialAction\":[{\"@type\":\"CommentAction\",\"name\":\"Comment\",\"target\":[\"https:\\\/\\\/saltoecologico.es\\\/index.php\\\/2023\\\/11\\\/08\\\/el-co2\\\/#respond\"]}]},{\"@type\":\"WebPage\",\"@id\":\"https:\\\/\\\/saltoecologico.es\\\/index.php\\\/2023\\\/11\\\/08\\\/el-co2\\\/\",\"url\":\"https:\\\/\\\/saltoecologico.es\\\/index.php\\\/2023\\\/11\\\/08\\\/el-co2\\\/\",\"name\":\"El CO2 - Salto Ecol\u00f3gico\",\"isPartOf\":{\"@id\":\"https:\\\/\\\/saltoecologico.es\\\/#website\"},\"primaryImageOfPage\":{\"@id\":\"https:\\\/\\\/saltoecologico.es\\\/index.php\\\/2023\\\/11\\\/08\\\/el-co2\\\/#primaryimage\"},\"image\":{\"@id\":\"https:\\\/\\\/saltoecologico.es\\\/index.php\\\/2023\\\/11\\\/08\\\/el-co2\\\/#primaryimage\"},\"thumbnailUrl\":\"https:\\\/\\\/saltoecologico.es\\\/wp-content\\\/uploads\\\/2025\\\/04\\\/Fosiles22.jpg\",\"datePublished\":\"2023-11-08T09:08:00+00:00\",\"dateModified\":\"2025-04-18T09:09:20+00:00\",\"breadcrumb\":{\"@id\":\"https:\\\/\\\/saltoecologico.es\\\/index.php\\\/2023\\\/11\\\/08\\\/el-co2\\\/#breadcrumb\"},\"inLanguage\":\"es\",\"potentialAction\":[{\"@type\":\"ReadAction\",\"target\":[\"https:\\\/\\\/saltoecologico.es\\\/index.php\\\/2023\\\/11\\\/08\\\/el-co2\\\/\"]}]},{\"@type\":\"ImageObject\",\"inLanguage\":\"es\",\"@id\":\"https:\\\/\\\/saltoecologico.es\\\/index.php\\\/2023\\\/11\\\/08\\\/el-co2\\\/#primaryimage\",\"url\":\"https:\\\/\\\/saltoecologico.es\\\/wp-content\\\/uploads\\\/2025\\\/04\\\/Fosiles22.jpg\",\"contentUrl\":\"https:\\\/\\\/saltoecologico.es\\\/wp-content\\\/uploads\\\/2025\\\/04\\\/Fosiles22.jpg\",\"width\":1024,\"height\":683,\"caption\":\"Air pollution from power plant chimneys. Industry and global warming concept\"},{\"@type\":\"BreadcrumbList\",\"@id\":\"https:\\\/\\\/saltoecologico.es\\\/index.php\\\/2023\\\/11\\\/08\\\/el-co2\\\/#breadcrumb\",\"itemListElement\":[{\"@type\":\"ListItem\",\"position\":1,\"name\":\"Portada\",\"item\":\"https:\\\/\\\/saltoecologico.es\\\/\"},{\"@type\":\"ListItem\",\"position\":2,\"name\":\"El CO2\"}]},{\"@type\":\"WebSite\",\"@id\":\"https:\\\/\\\/saltoecologico.es\\\/#website\",\"url\":\"https:\\\/\\\/saltoecologico.es\\\/\",\"name\":\"Salto Ecol\u00f3gico\",\"description\":\"\",\"publisher\":{\"@id\":\"https:\\\/\\\/saltoecologico.es\\\/#organization\"},\"potentialAction\":[{\"@type\":\"SearchAction\",\"target\":{\"@type\":\"EntryPoint\",\"urlTemplate\":\"https:\\\/\\\/saltoecologico.es\\\/?s={search_term_string}\"},\"query-input\":{\"@type\":\"PropertyValueSpecification\",\"valueRequired\":true,\"valueName\":\"search_term_string\"}}],\"inLanguage\":\"es\"},{\"@type\":\"Organization\",\"@id\":\"https:\\\/\\\/saltoecologico.es\\\/#organization\",\"name\":\"Salto a la Transici\u00f3n Ecol\u00f3gica\",\"url\":\"https:\\\/\\\/saltoecologico.es\\\/\",\"logo\":{\"@type\":\"ImageObject\",\"inLanguage\":\"es\",\"@id\":\"https:\\\/\\\/saltoecologico.es\\\/#\\\/schema\\\/logo\\\/image\\\/\",\"url\":\"https:\\\/\\\/saltoecologico.es\\\/wp-content\\\/uploads\\\/2025\\\/04\\\/Logo-STE.jpg\",\"contentUrl\":\"https:\\\/\\\/saltoecologico.es\\\/wp-content\\\/uploads\\\/2025\\\/04\\\/Logo-STE.jpg\",\"width\":435,\"height\":435,\"caption\":\"Salto a la Transici\u00f3n Ecol\u00f3gica\"},\"image\":{\"@id\":\"https:\\\/\\\/saltoecologico.es\\\/#\\\/schema\\\/logo\\\/image\\\/\"},\"sameAs\":[\"https:\\\/\\\/www.facebook.com\\\/Saltotransicionecologica\"]},{\"@type\":\"Person\",\"@id\":\"https:\\\/\\\/saltoecologico.es\\\/#\\\/schema\\\/person\\\/7175eec4b3c123d86c675313c3a01a0b\",\"name\":\"admin\",\"image\":{\"@type\":\"ImageObject\",\"inLanguage\":\"es\",\"@id\":\"https:\\\/\\\/secure.gravatar.com\\\/avatar\\\/4c215dc57bbc7b2f2f470ac9bd197f3f112636a584e575a732d0206a2d9c9806?s=96&d=mm&r=g\",\"url\":\"https:\\\/\\\/secure.gravatar.com\\\/avatar\\\/4c215dc57bbc7b2f2f470ac9bd197f3f112636a584e575a732d0206a2d9c9806?s=96&d=mm&r=g\",\"contentUrl\":\"https:\\\/\\\/secure.gravatar.com\\\/avatar\\\/4c215dc57bbc7b2f2f470ac9bd197f3f112636a584e575a732d0206a2d9c9806?s=96&d=mm&r=g\",\"caption\":\"admin\"},\"sameAs\":[\"https:\\\/\\\/saltoecologico.es\"],\"url\":\"https:\\\/\\\/saltoecologico.es\\\/index.php\\\/author\\\/saltoecologico\\\/\"}]}<\/script>\n<!-- \/ Yoast SEO plugin. -->","yoast_head_json":{"title":"El CO2 - Salto Ecol\u00f3gico","robots":{"index":"index","follow":"follow","max-snippet":"max-snippet:-1","max-image-preview":"max-image-preview:large","max-video-preview":"max-video-preview:-1"},"canonical":"https:\/\/saltoecologico.es\/index.php\/2023\/11\/08\/el-co2\/","og_locale":"es_ES","og_type":"article","og_title":"El CO2 - Salto Ecol\u00f3gico","og_description":"El efecto invernadero es el fen\u00f3meno mediante el cual se producen las condiciones adecuadas para que la tierra albergue vida. Este proceso consiste en la retenci\u00f3n de la atmosfera de parte del calor procedente del sol para mantener una temperatura media de 15 grados cent\u00edgrados, sin este fen\u00f3meno la temperatura media en la superficie de [&hellip;]","og_url":"https:\/\/saltoecologico.es\/index.php\/2023\/11\/08\/el-co2\/","og_site_name":"Salto Ecol\u00f3gico","article_publisher":"https:\/\/www.facebook.com\/Saltotransicionecologica","article_published_time":"2023-11-08T09:08:00+00:00","article_modified_time":"2025-04-18T09:09:20+00:00","og_image":[{"width":1024,"height":683,"url":"https:\/\/saltoecologico.es\/wp-content\/uploads\/2025\/04\/Fosiles22.jpg","type":"image\/jpeg"}],"author":"admin","twitter_card":"summary_large_image","twitter_misc":{"Escrito por":"admin","Tiempo de lectura":"6 minutos"},"schema":{"@context":"https:\/\/schema.org","@graph":[{"@type":"Article","@id":"https:\/\/saltoecologico.es\/index.php\/2023\/11\/08\/el-co2\/#article","isPartOf":{"@id":"https:\/\/saltoecologico.es\/index.php\/2023\/11\/08\/el-co2\/"},"author":{"name":"admin","@id":"https:\/\/saltoecologico.es\/#\/schema\/person\/7175eec4b3c123d86c675313c3a01a0b"},"headline":"El CO2","datePublished":"2023-11-08T09:08:00+00:00","dateModified":"2025-04-18T09:09:20+00:00","mainEntityOfPage":{"@id":"https:\/\/saltoecologico.es\/index.php\/2023\/11\/08\/el-co2\/"},"wordCount":1203,"commentCount":0,"publisher":{"@id":"https:\/\/saltoecologico.es\/#organization"},"image":{"@id":"https:\/\/saltoecologico.es\/index.php\/2023\/11\/08\/el-co2\/#primaryimage"},"thumbnailUrl":"https:\/\/saltoecologico.es\/wp-content\/uploads\/2025\/04\/Fosiles22.jpg","articleSection":["General"],"inLanguage":"es","potentialAction":[{"@type":"CommentAction","name":"Comment","target":["https:\/\/saltoecologico.es\/index.php\/2023\/11\/08\/el-co2\/#respond"]}]},{"@type":"WebPage","@id":"https:\/\/saltoecologico.es\/index.php\/2023\/11\/08\/el-co2\/","url":"https:\/\/saltoecologico.es\/index.php\/2023\/11\/08\/el-co2\/","name":"El CO2 - Salto Ecol\u00f3gico","isPartOf":{"@id":"https:\/\/saltoecologico.es\/#website"},"primaryImageOfPage":{"@id":"https:\/\/saltoecologico.es\/index.php\/2023\/11\/08\/el-co2\/#primaryimage"},"image":{"@id":"https:\/\/saltoecologico.es\/index.php\/2023\/11\/08\/el-co2\/#primaryimage"},"thumbnailUrl":"https:\/\/saltoecologico.es\/wp-content\/uploads\/2025\/04\/Fosiles22.jpg","datePublished":"2023-11-08T09:08:00+00:00","dateModified":"2025-04-18T09:09:20+00:00","breadcrumb":{"@id":"https:\/\/saltoecologico.es\/index.php\/2023\/11\/08\/el-co2\/#breadcrumb"},"inLanguage":"es","potentialAction":[{"@type":"ReadAction","target":["https:\/\/saltoecologico.es\/index.php\/2023\/11\/08\/el-co2\/"]}]},{"@type":"ImageObject","inLanguage":"es","@id":"https:\/\/saltoecologico.es\/index.php\/2023\/11\/08\/el-co2\/#primaryimage","url":"https:\/\/saltoecologico.es\/wp-content\/uploads\/2025\/04\/Fosiles22.jpg","contentUrl":"https:\/\/saltoecologico.es\/wp-content\/uploads\/2025\/04\/Fosiles22.jpg","width":1024,"height":683,"caption":"Air pollution from power plant chimneys. Industry and global warming concept"},{"@type":"BreadcrumbList","@id":"https:\/\/saltoecologico.es\/index.php\/2023\/11\/08\/el-co2\/#breadcrumb","itemListElement":[{"@type":"ListItem","position":1,"name":"Portada","item":"https:\/\/saltoecologico.es\/"},{"@type":"ListItem","position":2,"name":"El CO2"}]},{"@type":"WebSite","@id":"https:\/\/saltoecologico.es\/#website","url":"https:\/\/saltoecologico.es\/","name":"Salto Ecol\u00f3gico","description":"","publisher":{"@id":"https:\/\/saltoecologico.es\/#organization"},"potentialAction":[{"@type":"SearchAction","target":{"@type":"EntryPoint","urlTemplate":"https:\/\/saltoecologico.es\/?s={search_term_string}"},"query-input":{"@type":"PropertyValueSpecification","valueRequired":true,"valueName":"search_term_string"}}],"inLanguage":"es"},{"@type":"Organization","@id":"https:\/\/saltoecologico.es\/#organization","name":"Salto a la Transici\u00f3n Ecol\u00f3gica","url":"https:\/\/saltoecologico.es\/","logo":{"@type":"ImageObject","inLanguage":"es","@id":"https:\/\/saltoecologico.es\/#\/schema\/logo\/image\/","url":"https:\/\/saltoecologico.es\/wp-content\/uploads\/2025\/04\/Logo-STE.jpg","contentUrl":"https:\/\/saltoecologico.es\/wp-content\/uploads\/2025\/04\/Logo-STE.jpg","width":435,"height":435,"caption":"Salto a la Transici\u00f3n Ecol\u00f3gica"},"image":{"@id":"https:\/\/saltoecologico.es\/#\/schema\/logo\/image\/"},"sameAs":["https:\/\/www.facebook.com\/Saltotransicionecologica"]},{"@type":"Person","@id":"https:\/\/saltoecologico.es\/#\/schema\/person\/7175eec4b3c123d86c675313c3a01a0b","name":"admin","image":{"@type":"ImageObject","inLanguage":"es","@id":"https:\/\/secure.gravatar.com\/avatar\/4c215dc57bbc7b2f2f470ac9bd197f3f112636a584e575a732d0206a2d9c9806?s=96&d=mm&r=g","url":"https:\/\/secure.gravatar.com\/avatar\/4c215dc57bbc7b2f2f470ac9bd197f3f112636a584e575a732d0206a2d9c9806?s=96&d=mm&r=g","contentUrl":"https:\/\/secure.gravatar.com\/avatar\/4c215dc57bbc7b2f2f470ac9bd197f3f112636a584e575a732d0206a2d9c9806?s=96&d=mm&r=g","caption":"admin"},"sameAs":["https:\/\/saltoecologico.es"],"url":"https:\/\/saltoecologico.es\/index.php\/author\/saltoecologico\/"}]}},"_links":{"self":[{"href":"https:\/\/saltoecologico.es\/index.php\/wp-json\/wp\/v2\/posts\/697","targetHints":{"allow":["GET"]}}],"collection":[{"href":"https:\/\/saltoecologico.es\/index.php\/wp-json\/wp\/v2\/posts"}],"about":[{"href":"https:\/\/saltoecologico.es\/index.php\/wp-json\/wp\/v2\/types\/post"}],"author":[{"embeddable":true,"href":"https:\/\/saltoecologico.es\/index.php\/wp-json\/wp\/v2\/users\/1"}],"replies":[{"embeddable":true,"href":"https:\/\/saltoecologico.es\/index.php\/wp-json\/wp\/v2\/comments?post=697"}],"version-history":[{"count":1,"href":"https:\/\/saltoecologico.es\/index.php\/wp-json\/wp\/v2\/posts\/697\/revisions"}],"predecessor-version":[{"id":699,"href":"https:\/\/saltoecologico.es\/index.php\/wp-json\/wp\/v2\/posts\/697\/revisions\/699"}],"wp:featuredmedia":[{"embeddable":true,"href":"https:\/\/saltoecologico.es\/index.php\/wp-json\/wp\/v2\/media\/698"}],"wp:attachment":[{"href":"https:\/\/saltoecologico.es\/index.php\/wp-json\/wp\/v2\/media?parent=697"}],"wp:term":[{"taxonomy":"category","embeddable":true,"href":"https:\/\/saltoecologico.es\/index.php\/wp-json\/wp\/v2\/categories?post=697"},{"taxonomy":"post_tag","embeddable":true,"href":"https:\/\/saltoecologico.es\/index.php\/wp-json\/wp\/v2\/tags?post=697"}],"curies":[{"name":"wp","href":"https:\/\/api.w.org\/{rel}","templated":true}]}}