{"id":700,"date":"2023-11-18T09:11:00","date_gmt":"2023-11-18T09:11:00","guid":{"rendered":"https:\/\/saltoecologico.es\/?p=700"},"modified":"2025-04-18T09:12:21","modified_gmt":"2025-04-18T09:12:21","slug":"posicionamiento-acerca-del-pcc","status":"publish","type":"post","link":"https:\/\/saltoecologico.es\/index.php\/2023\/11\/18\/posicionamiento-acerca-del-pcc\/","title":{"rendered":"Posicionamiento acerca del PCC"},"content":{"rendered":"\n<p class=\"wp-block-paragraph\">INTRODUCCI\u00d3N<\/p>\n\n\n\n<p class=\"wp-block-paragraph\">Recientemente hemo sido conocedores de la publicaci\u00f3n por parte de la Secretar\u00eda de Estado de Energ\u00eda perteneciente al Ministerio para la Transici\u00f3n Ecol\u00f3gica y el Reto Demogr\u00e1fico de la denominada \u201cPROPUESTA DE RESOLUCI\u00d3N POR LA QUE SE CONVOCA EL PROCEDIMIENTO DE CONCURRENCIA COMPETITIVA PARA EL OTORGAMIENTO DE LA RESOLUCI\u00d3N FAVORABLE DE COMPATIBILIDAD A EFECTOS DEL RECONOCIMIENTO DEL R\u00c9GIMEN RETRIBUTIVO ADICIONAL PARA LOS SISTEMAS EL\u00c9CTRICOS DE LOS TERRITORIOS NO PENINSULARES\u201d mediante la cual se abre el plazo de audiencia e&nbsp; informaci\u00f3n p\u00fablica de esta consulta hasta el jueves 30 de noviembre de 2023.<\/p>\n\n\n\n<p class=\"wp-block-paragraph\">Esta propuesta da el pistoletazo de salida al proceso mediante el cual se va a otorgar el r\u00e9gimen retributivo adicional que existe para los territorios extrapeninsulares y que, en la pr\u00e1ctica, se va a plasmar, como la renovaci\u00f3n de los grupos de generaci\u00f3n el\u00e9ctrica de categor\u00eda A, cuya vida regulatoria ya ha expirado o est\u00e1 a punto de hacerlo.<\/p>\n\n\n\n<p class=\"wp-block-paragraph\">B\u00e1sicamente lo que se hace es determinar la potencia cuya vida \u00fatil regulatoria est\u00e1 vencida o a punto de hacerlo y sacarla a concurrencia competitiva con una serie de requisitos a cumplir. Entre estos requisitos se encuentran los siguientes:<\/p>\n\n\n\n<ul class=\"wp-block-list\">\n<li>Son grupos de naturaleza t\u00e9rmica.<\/li>\n\n\n\n<li>Limitaci\u00f3n a 550 grCO2\/KWh con lo cual pr\u00e1cticamente cierra el proceso solo a grupos que se alimenten de gas natural.<\/li>\n\n\n\n<li>Se obliga a que el combustible tenga un porcentaje entre el 5% y el 25% de origen renovable.<\/li>\n\n\n\n<li>Se prioriza unas determinadas ubicaciones.<\/li>\n\n\n\n<li>Se priorizan unos determinados tama\u00f1os.<\/li>\n\n\n\n<li>Se bonifica que tengan arranque aut\u00f3nomo y con tiempos cortos<\/li>\n\n\n\n<li>Se bonifica los tiempos de respuesta a la subida y bajada de carga.<\/li>\n\n\n\n<li>Se bonifica los tiempos de parada corta.<\/li>\n\n\n\n<li>Se prima los m\u00ednimos t\u00e9cnicos peque\u00f1os.<\/li>\n<\/ul>\n\n\n\n<p class=\"wp-block-paragraph\">Obviamente ante un proceso de tanta trascendencia desde Salto a la Transici\u00f3n Energ\u00e9tica nos gustar\u00eda hacer una primera valoraci\u00f3n sobre el mismo.<\/p>\n\n\n\n<p class=\"wp-block-paragraph\">AJUSTADO A DERECHO<\/p>\n\n\n\n<p class=\"wp-block-paragraph\">Vaya por delante que el procedimiento, como no pod\u00eda ser de otra manera, se ajusta a derecho cumpliendo lo expuestos en la Ley 24\/2013 de 26 de Diciembre, del Sector El\u00e9ctrico, la Ley 17\/2013 de 29 de octubre para la garant\u00eda del suministro e incremento de la competencia en los sistemas el\u00e9ctricos insulares y extrapeninsulares y el RD 738\/2015 de 31 de julio, por el que se regula la actividad de producci\u00f3n de energ\u00eda el\u00e9ctrica y el procedimiento de despacho en los sistemas el\u00e9ctricos de los territorios no peninsulares.<\/p>\n\n\n\n<p class=\"wp-block-paragraph\">UNA FORZADA EMERGENCIA ENERG\u00c9TICA<\/p>\n\n\n\n<p class=\"wp-block-paragraph\">A nadie se le esconde que tras el \u201ccero energ\u00e9tico\u201d acontecido en la madrugada del 30 de julio de 2023 se ha concatenado una serie de hechos que han culminado con una declaraci\u00f3n de emergencia energ\u00e9tica en Canarias, de la cual se han derivado dos actuaciones diferentes. En primer lugar, la INVITACI\u00d3N PARA LA PRESENTACI\u00d3N DE PROPUESTAS PARA LA INSTALACI\u00d3N DE POTENCIA DE GENERACI\u00d3N ADICIONAL CON EL FIN DE CUBRIR LAS NECESIDADES DE EMERGENCIA EN LOS SISTEMAS EL\u00c9CTRICOS DE CANARIAS, llevada a cabo por el gobierno de Canarias y en segundo lugar la propuesta de resoluci\u00f3n que nos ocupa, auspiciada por el gobierno de la naci\u00f3n.<\/p>\n\n\n\n<p class=\"wp-block-paragraph\">Resulta cuando menos curioso que la mayor parte de la clase pol\u00edtica del archipi\u00e9lago y una nutrida representaci\u00f3n de la clase empresarial, descubrieran de improviso que una buena parte de nuestra flota de grupos t\u00e9rmicos de generaci\u00f3n tuvieran su vida \u00fatil regulatoria caducada, m\u00e1xime cuando era una informaci\u00f3n p\u00fablica y que era barajada por diversos estudios y trabajos llevados a cabo por distintas administraciones y m\u00e1xime cuando el origen del cero de La Gomera no fue esta caducidad, sino un incendio en la \u00daNICA sala de servicios auxiliares que exist\u00eda en la central del Palmar. Es m\u00e1s, la \u201cinvitaci\u00f3n\u201d mencionada para dotar de grupos de emergencia de manera inmediata, por las carencias detectadas, se refieren a Gran Canaria, Tenerife y Fuerteventura, nunca a la Gomera. Es m\u00e1s, en la propuesta que se est\u00e1 analizando la cantidad de potencia adicional que se solicita para La Gomera es de 2,5 MW, para una potencia instalada de 19 MW, es decir, tan solo el 13%, mientras que en islas como Tenerife o Gran Canaria hablamos de un entorno del 40 o 50%.<\/p>\n\n\n\n<p class=\"wp-block-paragraph\">Por otro lado, conviene recordar que la vida \u00fatil regulatoria y la vida \u00fatil t\u00e9cnica en la que el grupo puede funcionar sin problemas, son dos cosas distintas. La primera tiene mas que ver con cuestiones de subvenciones, amortizaciones y sistemas retributivos, mientras que la segunda tiene que ver con las recomendaciones del fabricante en cuanto al tiempo en que su funcionamiento es viable. As\u00ed por ejemplo en t\u00e9rminos gen\u00e9ricos, la vida \u00fatil regulatoria se suele fijar en 25 a\u00f1os por eso el Diesel 1 de la Central de Las Salinas en Fuerteventura, que fue instalado en 1975, cumpli\u00f3 su vida \u00fatil regulatoria en el a\u00f1o 2000 y seg\u00fan nuestras informaciones, a\u00fan en el 2020, gener\u00f3 electricidad que volc\u00f3 a la red, es decir, \u201c45 A\u00d1OS DESPUES DE SER INSTALADO\u201d.<\/p>\n\n\n\n<p class=\"wp-block-paragraph\">Esta es la raz\u00f3n por la que venimos insistiendo una y otra vez, que antes de tomar cualquier decisi\u00f3n se llevara a cabo una auditor\u00eda externa y profesionalizada, de las instalaciones de generaci\u00f3n de Unelco Generaci\u00f3n SAU y esta petici\u00f3n no es una cuesti\u00f3n balad\u00ed.<\/p>\n\n\n\n<p class=\"wp-block-paragraph\">Todo apunta a que independientemente de cual haya sido el origen del incendio, la raz\u00f3n fundamental, del cero de La Gomera, estriba en que los servicios auxiliares de todos los grupo&nbsp; estaban en una misma ubicaci\u00f3n y adem\u00e1s sin situaci\u00f3n de redundancia, ya que las buenas pr\u00e1cticas de instalaciones vitales, aconsejan que aquellos sistemas cr\u00edticos para el funcionamiento de la instalaci\u00f3n, est\u00e9n al menos por duplicado, de tal manera, que una situaciones sobrevenida que afecte a una instalaci\u00f3n, no repercuta en el funcionamiento del conjunto porque hay otra instalaci\u00f3n de respaldo que cubre la aver\u00eda de la primera.<\/p>\n\n\n\n<p class=\"wp-block-paragraph\">Flaco favor nos har\u00edamos si renovamos todos los grupos, dej\u00e1ndolos en perfecto estado de revista, pero continuamos cometiendo el error de no redundar las instalaciones y los servicios vitales de nuestras centrales.<\/p>\n\n\n\n<p class=\"wp-block-paragraph\">EL GAS NATURAL COMO OBJETIVO<\/p>\n\n\n\n<p class=\"wp-block-paragraph\">Cualquier canario que guste de informarse asiduamente de lo que acontece en las islas a sufrido un bombardeo masivo en los \u00faltimos tiempos sobre la necesidad de la introducci\u00f3n del gas natural en Canarias. Inicialmente era una posici\u00f3n maximalista, con gasificadoras por doquier, gaseoductos costeros y gas ciudad para nuestras principales urbes. Despu\u00e9s de alg\u00fan rev\u00e9s administrativo las posiciones han ido variando y recientemente nos hemos quedado con la necesidad del gas para nuestras centrales el\u00e9ctricas y como combustible para los barcos.<\/p>\n\n\n\n<p class=\"wp-block-paragraph\">Aprovechando la guerra de Ucrania, el gobierno de Espa\u00f1a col\u00f3 una transitoria que autorizaba el uso del gas natural como combustible en canarias, pero lo que llama poderosamente la atenci\u00f3n es que desde hace a\u00f1os, incluso antes de esa aprobaci\u00f3n, exist\u00eda una empresa que viene realizando incluso tramites formales con las distintas administraciones, para ubicar una planta de suministro de gas natural licuado para los buques y una central el\u00e9ctrica con generadores alimentados tambi\u00e9n con GNL, en los puertos de Gran Canaria y Tenerife. Esta empresa no es otra sino TOTISA, cuyas instalaciones proyectadas, en cuanto a las centrales el\u00e9ctricas, encajan como un guante, ante lo que se solicita tanto por parte de la administraci\u00f3n auton\u00f3mica como por parte de la administraci\u00f3n central, por lo que todo parece apuntar a que esta empresa ser\u00e1 una de las agraciadas con ambos procesos.<\/p>\n\n\n\n<p class=\"wp-block-paragraph\">EL GAS NATURAL FRENA LA TRANSICI\u00d3N ECOL\u00d3GICA.<\/p>\n\n\n\n<p class=\"wp-block-paragraph\">No podemos olvidar que el gas natural es un combustible f\u00f3sil y como tal genera cantidades ingentes de gases de efecto invernadero que, si bien, durante su combusti\u00f3n, pueden ser ligeramente inferiores a los de otros combustibles f\u00f3siles, si miramos toda la cadena, desde la extracci\u00f3n, el almacenamiento, el transporte y su utilizaci\u00f3n, el computo total es netamente desfavorable. Si a esto le a\u00f1adimos el tema de la vida \u00fatil regulatoria, durante la cual la instalaci\u00f3n tiene que recibir pingues beneficios, tenemos el caldo de cultivo perfecto para que durante una serie de a\u00f1os la generaci\u00f3n el\u00e9ctrica este copada y por tanto no se necesite generaci\u00f3n adicional por muy renovable que sea.<\/p>\n\n\n\n<p class=\"wp-block-paragraph\">Se nos dice que el gas natural es un combustible de transici\u00f3n, que con grupos peque\u00f1os y de respuesta r\u00e1pida se aumenta la penetraci\u00f3n de renovables, que se obliga a las empresas a utilizar porcentajes de combustibles renovables, pero la realidad es que en el proceso presentado no vemos una vocaci\u00f3n decidida por la transici\u00f3n energ\u00e9tica hacia las renovables.<\/p>\n\n\n\n<p class=\"wp-block-paragraph\">Una vocaci\u00f3n decidida hubiera sido plantear una serie de instalaciones con capturadores de CO2 en todas las chimeneas de salida. Una vocaci\u00f3n decidida hubiera sido plantear que las empresas adjudicatarias tendr\u00edan que utilizar metano renovable, obtenido del hidr\u00f3geno verde y el CO2 capturado, como objetivo en cuanto estuviera disponible localmente. Una vocaci\u00f3n decidida ser\u00eda un plan conjunto para instalar renovables que permitieran la fabricaci\u00f3n a demanda de el hidr\u00f3geno verde para estas instalaciones. Una vocaci\u00f3n decidida ser\u00eda plantear un plan director para organizar un ecosistema integrado que permita coexistir e\u00f3lica (terrestre y marina), fotovoltaica, bombeos y grupos t\u00e9rmicos alimentados con metano renovables, lo que si constituir\u00eda un sistema 100% renovable.<\/p>\n\n\n\n<p class=\"wp-block-paragraph\">Sin embargo, tal y como est\u00e1 planteado el proceso de concurrencia competitiva, renovaremos nuestros grupos, pero le daremos una patada a seguir a nuestra transici\u00f3n a renovables, mientras los intereses gasistas hacen su agosto, porque no olvidemos que est\u00e1n subvencionados por los fondos europeos.<\/p>\n\n\n\n<p class=\"wp-block-paragraph\">NUESTRA VISI\u00d3N<\/p>\n\n\n\n<p class=\"wp-block-paragraph\">Nuestro punto de vista no es nada original, es simplemente aprovechar el magn\u00edfico trabajo de desarrollo del PTCAN llevado a cabo por el Instituto Tecnol\u00f3gico de Canarias y desplegado ampliamente en sus estrategias y que podr\u00edamos resumir en los siguientes aspectos:<\/p>\n\n\n\n<ul class=\"wp-block-list\">\n<li>Penetraci\u00f3n masiva de las renovables m\u00e1s desarrolladas.<ul><li>E\u00f3lica Marina.<\/li><\/ul><ul><li>E\u00f3lica Terrestre.<\/li><\/ul>\n<ul class=\"wp-block-list\">\n<li>Fotovoltaica.<\/li>\n<\/ul>\n<\/li>\n\n\n\n<li>Construcci\u00f3n de centrales hidroel\u00e9ctricas reversibles de bombeo puro en aquellas islas donde es posible.<\/li>\n\n\n\n<li>Instalaciones de respaldo en manos p\u00fablicas con tecnolog\u00eda renovables.<\/li>\n\n\n\n<li>Instalaci\u00f3n de electrolizadores para fabricar hidr\u00f3geno verde con los excedentes de las renovables.<\/li>\n\n\n\n<li>Utilizaci\u00f3n de los e-combustibles obtenidos a ra\u00edz del hidr\u00f3geno verde.<\/li>\n<\/ul>\n\n\n\n<p class=\"wp-block-paragraph\">ACLARACIONES FINALES.<\/p>\n\n\n\n<p class=\"wp-block-paragraph\">En primer lugar, consideramos u error de bulto el haber dejado sin e\u00f3lica marina a todas las islas excepto a Gran Canaria. La e\u00f3lica marina con un factor de capacidad del 60% frente a la terrestre de tan solo el 20%, significa un activo imprescindible para el desarrollo de la transici\u00f3n energ\u00e9tica y es un debe en la cuenta de resultados del gobierno anterior.<\/p>\n\n\n\n<p class=\"wp-block-paragraph\">En segundo lugar, entendemos que las instalaciones de respaldo, para conseguir sistemas 100% renovables, deben de estar por encima de las l\u00f3gicas de los beneficios empresariales, porque se tiene que apostar por desarrollos muy novedosos que solo la administraci\u00f3n p\u00fablica puede acometer. As\u00ed por ejemplo en el caso de Gran Canaria, se podr\u00eda crear una empresa p\u00fablica por el Cabildo, que dispusiera de las instalaciones de respaldo, con tecnolog\u00eda fabricada para el gas natural pero operada con metano renovables, que se obtendr\u00eda de la conjunci\u00f3n del hidr\u00f3geno verde con CO2 capturado de procesos industriales (que bien podr\u00edan ser las propias centrales) y en la que podr\u00eda participar el ITC que ya esta dando los primeros pasos, con su biorrefiner\u00eda, en la producci\u00f3n de hidr\u00f3geno verde y los combustibles sint\u00e9ticos.<\/p>\n\n\n\n<p class=\"wp-block-paragraph\">CONCLUSIONES<\/p>\n\n\n\n<p class=\"wp-block-paragraph\">Creemos que todo el proceso desde que aparece la emergencia energ\u00e9tica hasta que culmina con el de concurrencia competitiva, est\u00e1 viciado por intereses ajenos a la propia transici\u00f3n ecol\u00f3gica y que el porvenir desastroso que se avecina con el cambio clim\u00e1tico no se puede permitir una visi\u00f3n tan corta de miras.<\/p>\n","protected":false},"excerpt":{"rendered":"<p>INTRODUCCI\u00d3N Recientemente hemo sido conocedores de la publicaci\u00f3n por parte de la Secretar\u00eda de Estado de Energ\u00eda perteneciente al Ministerio para la Transici\u00f3n Ecol\u00f3gica y el Reto Demogr\u00e1fico de la denominada \u201cPROPUESTA DE RESOLUCI\u00d3N POR LA QUE SE CONVOCA EL PROCEDIMIENTO DE CONCURRENCIA COMPETITIVA PARA EL OTORGAMIENTO DE LA RESOLUCI\u00d3N FAVORABLE DE COMPATIBILIDAD A EFECTOS [&hellip;]<\/p>\n","protected":false},"author":1,"featured_media":701,"comment_status":"open","ping_status":"open","sticky":false,"template":"","format":"standard","meta":{"footnotes":""},"categories":[58],"tags":[],"class_list":["post-700","post","type-post","status-publish","format-standard","has-post-thumbnail","category-concurrencia-competitiva"],"yoast_head":"<!-- This site is optimized with the Yoast SEO plugin v28.2 - https:\/\/yoast.com\/product\/yoast-seo-wordpress\/ -->\n<title>Posicionamiento acerca del PCC - Salto Ecol\u00f3gico<\/title>\n<meta name=\"robots\" content=\"index, follow, max-snippet:-1, max-image-preview:large, max-video-preview:-1\" \/>\n<link rel=\"canonical\" href=\"https:\/\/saltoecologico.es\/index.php\/2023\/11\/18\/posicionamiento-acerca-del-pcc\/\" \/>\n<meta property=\"og:locale\" content=\"es_ES\" \/>\n<meta property=\"og:type\" content=\"article\" \/>\n<meta property=\"og:title\" content=\"Posicionamiento acerca del PCC - Salto Ecol\u00f3gico\" \/>\n<meta property=\"og:description\" content=\"INTRODUCCI\u00d3N Recientemente hemo sido conocedores de la publicaci\u00f3n por parte de la Secretar\u00eda de Estado de Energ\u00eda perteneciente al Ministerio para la Transici\u00f3n Ecol\u00f3gica y el Reto Demogr\u00e1fico de la denominada \u201cPROPUESTA DE RESOLUCI\u00d3N POR LA QUE SE CONVOCA EL PROCEDIMIENTO DE CONCURRENCIA COMPETITIVA PARA EL OTORGAMIENTO DE LA RESOLUCI\u00d3N FAVORABLE DE COMPATIBILIDAD A EFECTOS [&hellip;]\" \/>\n<meta property=\"og:url\" content=\"https:\/\/saltoecologico.es\/index.php\/2023\/11\/18\/posicionamiento-acerca-del-pcc\/\" \/>\n<meta property=\"og:site_name\" content=\"Salto Ecol\u00f3gico\" \/>\n<meta property=\"article:publisher\" content=\"https:\/\/www.facebook.com\/Saltotransicionecologica\" \/>\n<meta property=\"article:published_time\" content=\"2023-11-18T09:11:00+00:00\" \/>\n<meta property=\"article:modified_time\" content=\"2025-04-18T09:12:21+00:00\" \/>\n<meta property=\"og:image\" content=\"https:\/\/saltoecologico.es\/wp-content\/uploads\/2025\/04\/Fosiles24.jpg\" \/>\n\t<meta property=\"og:image:width\" content=\"1024\" \/>\n\t<meta property=\"og:image:height\" content=\"681\" \/>\n\t<meta property=\"og:image:type\" content=\"image\/jpeg\" \/>\n<meta name=\"author\" content=\"admin\" \/>\n<meta name=\"twitter:card\" content=\"summary_large_image\" \/>\n<meta name=\"twitter:label1\" content=\"Escrito por\" \/>\n\t<meta name=\"twitter:data1\" content=\"admin\" \/>\n\t<meta name=\"twitter:label2\" content=\"Tiempo de lectura\" \/>\n\t<meta name=\"twitter:data2\" content=\"9 minutos\" \/>\n<script type=\"application\/ld+json\" class=\"yoast-schema-graph\">{\"@context\":\"https:\\\/\\\/schema.org\",\"@graph\":[{\"@type\":\"Article\",\"@id\":\"https:\\\/\\\/saltoecologico.es\\\/index.php\\\/2023\\\/11\\\/18\\\/posicionamiento-acerca-del-pcc\\\/#article\",\"isPartOf\":{\"@id\":\"https:\\\/\\\/saltoecologico.es\\\/index.php\\\/2023\\\/11\\\/18\\\/posicionamiento-acerca-del-pcc\\\/\"},\"author\":{\"name\":\"admin\",\"@id\":\"https:\\\/\\\/saltoecologico.es\\\/#\\\/schema\\\/person\\\/7175eec4b3c123d86c675313c3a01a0b\"},\"headline\":\"Posicionamiento acerca del PCC\",\"datePublished\":\"2023-11-18T09:11:00+00:00\",\"dateModified\":\"2025-04-18T09:12:21+00:00\",\"mainEntityOfPage\":{\"@id\":\"https:\\\/\\\/saltoecologico.es\\\/index.php\\\/2023\\\/11\\\/18\\\/posicionamiento-acerca-del-pcc\\\/\"},\"wordCount\":2060,\"commentCount\":0,\"publisher\":{\"@id\":\"https:\\\/\\\/saltoecologico.es\\\/#organization\"},\"image\":{\"@id\":\"https:\\\/\\\/saltoecologico.es\\\/index.php\\\/2023\\\/11\\\/18\\\/posicionamiento-acerca-del-pcc\\\/#primaryimage\"},\"thumbnailUrl\":\"https:\\\/\\\/saltoecologico.es\\\/wp-content\\\/uploads\\\/2025\\\/04\\\/Fosiles24.jpg\",\"articleSection\":[\"Concurrencia competitiva\"],\"inLanguage\":\"es\",\"potentialAction\":[{\"@type\":\"CommentAction\",\"name\":\"Comment\",\"target\":[\"https:\\\/\\\/saltoecologico.es\\\/index.php\\\/2023\\\/11\\\/18\\\/posicionamiento-acerca-del-pcc\\\/#respond\"]}]},{\"@type\":\"WebPage\",\"@id\":\"https:\\\/\\\/saltoecologico.es\\\/index.php\\\/2023\\\/11\\\/18\\\/posicionamiento-acerca-del-pcc\\\/\",\"url\":\"https:\\\/\\\/saltoecologico.es\\\/index.php\\\/2023\\\/11\\\/18\\\/posicionamiento-acerca-del-pcc\\\/\",\"name\":\"Posicionamiento acerca del PCC - Salto Ecol\u00f3gico\",\"isPartOf\":{\"@id\":\"https:\\\/\\\/saltoecologico.es\\\/#website\"},\"primaryImageOfPage\":{\"@id\":\"https:\\\/\\\/saltoecologico.es\\\/index.php\\\/2023\\\/11\\\/18\\\/posicionamiento-acerca-del-pcc\\\/#primaryimage\"},\"image\":{\"@id\":\"https:\\\/\\\/saltoecologico.es\\\/index.php\\\/2023\\\/11\\\/18\\\/posicionamiento-acerca-del-pcc\\\/#primaryimage\"},\"thumbnailUrl\":\"https:\\\/\\\/saltoecologico.es\\\/wp-content\\\/uploads\\\/2025\\\/04\\\/Fosiles24.jpg\",\"datePublished\":\"2023-11-18T09:11:00+00:00\",\"dateModified\":\"2025-04-18T09:12:21+00:00\",\"breadcrumb\":{\"@id\":\"https:\\\/\\\/saltoecologico.es\\\/index.php\\\/2023\\\/11\\\/18\\\/posicionamiento-acerca-del-pcc\\\/#breadcrumb\"},\"inLanguage\":\"es\",\"potentialAction\":[{\"@type\":\"ReadAction\",\"target\":[\"https:\\\/\\\/saltoecologico.es\\\/index.php\\\/2023\\\/11\\\/18\\\/posicionamiento-acerca-del-pcc\\\/\"]}]},{\"@type\":\"ImageObject\",\"inLanguage\":\"es\",\"@id\":\"https:\\\/\\\/saltoecologico.es\\\/index.php\\\/2023\\\/11\\\/18\\\/posicionamiento-acerca-del-pcc\\\/#primaryimage\",\"url\":\"https:\\\/\\\/saltoecologico.es\\\/wp-content\\\/uploads\\\/2025\\\/04\\\/Fosiles24.jpg\",\"contentUrl\":\"https:\\\/\\\/saltoecologico.es\\\/wp-content\\\/uploads\\\/2025\\\/04\\\/Fosiles24.jpg\",\"width\":1024,\"height\":681,\"caption\":\"Germany, Bergheim-Niederaussem, Niederaussem Power Station\"},{\"@type\":\"BreadcrumbList\",\"@id\":\"https:\\\/\\\/saltoecologico.es\\\/index.php\\\/2023\\\/11\\\/18\\\/posicionamiento-acerca-del-pcc\\\/#breadcrumb\",\"itemListElement\":[{\"@type\":\"ListItem\",\"position\":1,\"name\":\"Portada\",\"item\":\"https:\\\/\\\/saltoecologico.es\\\/\"},{\"@type\":\"ListItem\",\"position\":2,\"name\":\"Posicionamiento acerca del PCC\"}]},{\"@type\":\"WebSite\",\"@id\":\"https:\\\/\\\/saltoecologico.es\\\/#website\",\"url\":\"https:\\\/\\\/saltoecologico.es\\\/\",\"name\":\"Salto Ecol\u00f3gico\",\"description\":\"\",\"publisher\":{\"@id\":\"https:\\\/\\\/saltoecologico.es\\\/#organization\"},\"potentialAction\":[{\"@type\":\"SearchAction\",\"target\":{\"@type\":\"EntryPoint\",\"urlTemplate\":\"https:\\\/\\\/saltoecologico.es\\\/?s={search_term_string}\"},\"query-input\":{\"@type\":\"PropertyValueSpecification\",\"valueRequired\":true,\"valueName\":\"search_term_string\"}}],\"inLanguage\":\"es\"},{\"@type\":\"Organization\",\"@id\":\"https:\\\/\\\/saltoecologico.es\\\/#organization\",\"name\":\"Salto a la Transici\u00f3n Ecol\u00f3gica\",\"url\":\"https:\\\/\\\/saltoecologico.es\\\/\",\"logo\":{\"@type\":\"ImageObject\",\"inLanguage\":\"es\",\"@id\":\"https:\\\/\\\/saltoecologico.es\\\/#\\\/schema\\\/logo\\\/image\\\/\",\"url\":\"https:\\\/\\\/saltoecologico.es\\\/wp-content\\\/uploads\\\/2025\\\/04\\\/Logo-STE.jpg\",\"contentUrl\":\"https:\\\/\\\/saltoecologico.es\\\/wp-content\\\/uploads\\\/2025\\\/04\\\/Logo-STE.jpg\",\"width\":435,\"height\":435,\"caption\":\"Salto a la Transici\u00f3n Ecol\u00f3gica\"},\"image\":{\"@id\":\"https:\\\/\\\/saltoecologico.es\\\/#\\\/schema\\\/logo\\\/image\\\/\"},\"sameAs\":[\"https:\\\/\\\/www.facebook.com\\\/Saltotransicionecologica\"]},{\"@type\":\"Person\",\"@id\":\"https:\\\/\\\/saltoecologico.es\\\/#\\\/schema\\\/person\\\/7175eec4b3c123d86c675313c3a01a0b\",\"name\":\"admin\",\"image\":{\"@type\":\"ImageObject\",\"inLanguage\":\"es\",\"@id\":\"https:\\\/\\\/secure.gravatar.com\\\/avatar\\\/4c215dc57bbc7b2f2f470ac9bd197f3f112636a584e575a732d0206a2d9c9806?s=96&d=mm&r=g\",\"url\":\"https:\\\/\\\/secure.gravatar.com\\\/avatar\\\/4c215dc57bbc7b2f2f470ac9bd197f3f112636a584e575a732d0206a2d9c9806?s=96&d=mm&r=g\",\"contentUrl\":\"https:\\\/\\\/secure.gravatar.com\\\/avatar\\\/4c215dc57bbc7b2f2f470ac9bd197f3f112636a584e575a732d0206a2d9c9806?s=96&d=mm&r=g\",\"caption\":\"admin\"},\"sameAs\":[\"https:\\\/\\\/saltoecologico.es\"],\"url\":\"https:\\\/\\\/saltoecologico.es\\\/index.php\\\/author\\\/saltoecologico\\\/\"}]}<\/script>\n<!-- \/ Yoast SEO plugin. -->","yoast_head_json":{"title":"Posicionamiento acerca del PCC - Salto Ecol\u00f3gico","robots":{"index":"index","follow":"follow","max-snippet":"max-snippet:-1","max-image-preview":"max-image-preview:large","max-video-preview":"max-video-preview:-1"},"canonical":"https:\/\/saltoecologico.es\/index.php\/2023\/11\/18\/posicionamiento-acerca-del-pcc\/","og_locale":"es_ES","og_type":"article","og_title":"Posicionamiento acerca del PCC - Salto Ecol\u00f3gico","og_description":"INTRODUCCI\u00d3N Recientemente hemo sido conocedores de la publicaci\u00f3n por parte de la Secretar\u00eda de Estado de Energ\u00eda perteneciente al Ministerio para la Transici\u00f3n Ecol\u00f3gica y el Reto Demogr\u00e1fico de la denominada \u201cPROPUESTA DE RESOLUCI\u00d3N POR LA QUE SE CONVOCA EL PROCEDIMIENTO DE CONCURRENCIA COMPETITIVA PARA EL OTORGAMIENTO DE LA RESOLUCI\u00d3N FAVORABLE DE COMPATIBILIDAD A EFECTOS [&hellip;]","og_url":"https:\/\/saltoecologico.es\/index.php\/2023\/11\/18\/posicionamiento-acerca-del-pcc\/","og_site_name":"Salto Ecol\u00f3gico","article_publisher":"https:\/\/www.facebook.com\/Saltotransicionecologica","article_published_time":"2023-11-18T09:11:00+00:00","article_modified_time":"2025-04-18T09:12:21+00:00","og_image":[{"width":1024,"height":681,"url":"https:\/\/saltoecologico.es\/wp-content\/uploads\/2025\/04\/Fosiles24.jpg","type":"image\/jpeg"}],"author":"admin","twitter_card":"summary_large_image","twitter_misc":{"Escrito por":"admin","Tiempo de lectura":"9 minutos"},"schema":{"@context":"https:\/\/schema.org","@graph":[{"@type":"Article","@id":"https:\/\/saltoecologico.es\/index.php\/2023\/11\/18\/posicionamiento-acerca-del-pcc\/#article","isPartOf":{"@id":"https:\/\/saltoecologico.es\/index.php\/2023\/11\/18\/posicionamiento-acerca-del-pcc\/"},"author":{"name":"admin","@id":"https:\/\/saltoecologico.es\/#\/schema\/person\/7175eec4b3c123d86c675313c3a01a0b"},"headline":"Posicionamiento acerca del PCC","datePublished":"2023-11-18T09:11:00+00:00","dateModified":"2025-04-18T09:12:21+00:00","mainEntityOfPage":{"@id":"https:\/\/saltoecologico.es\/index.php\/2023\/11\/18\/posicionamiento-acerca-del-pcc\/"},"wordCount":2060,"commentCount":0,"publisher":{"@id":"https:\/\/saltoecologico.es\/#organization"},"image":{"@id":"https:\/\/saltoecologico.es\/index.php\/2023\/11\/18\/posicionamiento-acerca-del-pcc\/#primaryimage"},"thumbnailUrl":"https:\/\/saltoecologico.es\/wp-content\/uploads\/2025\/04\/Fosiles24.jpg","articleSection":["Concurrencia competitiva"],"inLanguage":"es","potentialAction":[{"@type":"CommentAction","name":"Comment","target":["https:\/\/saltoecologico.es\/index.php\/2023\/11\/18\/posicionamiento-acerca-del-pcc\/#respond"]}]},{"@type":"WebPage","@id":"https:\/\/saltoecologico.es\/index.php\/2023\/11\/18\/posicionamiento-acerca-del-pcc\/","url":"https:\/\/saltoecologico.es\/index.php\/2023\/11\/18\/posicionamiento-acerca-del-pcc\/","name":"Posicionamiento acerca del PCC - Salto Ecol\u00f3gico","isPartOf":{"@id":"https:\/\/saltoecologico.es\/#website"},"primaryImageOfPage":{"@id":"https:\/\/saltoecologico.es\/index.php\/2023\/11\/18\/posicionamiento-acerca-del-pcc\/#primaryimage"},"image":{"@id":"https:\/\/saltoecologico.es\/index.php\/2023\/11\/18\/posicionamiento-acerca-del-pcc\/#primaryimage"},"thumbnailUrl":"https:\/\/saltoecologico.es\/wp-content\/uploads\/2025\/04\/Fosiles24.jpg","datePublished":"2023-11-18T09:11:00+00:00","dateModified":"2025-04-18T09:12:21+00:00","breadcrumb":{"@id":"https:\/\/saltoecologico.es\/index.php\/2023\/11\/18\/posicionamiento-acerca-del-pcc\/#breadcrumb"},"inLanguage":"es","potentialAction":[{"@type":"ReadAction","target":["https:\/\/saltoecologico.es\/index.php\/2023\/11\/18\/posicionamiento-acerca-del-pcc\/"]}]},{"@type":"ImageObject","inLanguage":"es","@id":"https:\/\/saltoecologico.es\/index.php\/2023\/11\/18\/posicionamiento-acerca-del-pcc\/#primaryimage","url":"https:\/\/saltoecologico.es\/wp-content\/uploads\/2025\/04\/Fosiles24.jpg","contentUrl":"https:\/\/saltoecologico.es\/wp-content\/uploads\/2025\/04\/Fosiles24.jpg","width":1024,"height":681,"caption":"Germany, Bergheim-Niederaussem, Niederaussem Power Station"},{"@type":"BreadcrumbList","@id":"https:\/\/saltoecologico.es\/index.php\/2023\/11\/18\/posicionamiento-acerca-del-pcc\/#breadcrumb","itemListElement":[{"@type":"ListItem","position":1,"name":"Portada","item":"https:\/\/saltoecologico.es\/"},{"@type":"ListItem","position":2,"name":"Posicionamiento acerca del PCC"}]},{"@type":"WebSite","@id":"https:\/\/saltoecologico.es\/#website","url":"https:\/\/saltoecologico.es\/","name":"Salto Ecol\u00f3gico","description":"","publisher":{"@id":"https:\/\/saltoecologico.es\/#organization"},"potentialAction":[{"@type":"SearchAction","target":{"@type":"EntryPoint","urlTemplate":"https:\/\/saltoecologico.es\/?s={search_term_string}"},"query-input":{"@type":"PropertyValueSpecification","valueRequired":true,"valueName":"search_term_string"}}],"inLanguage":"es"},{"@type":"Organization","@id":"https:\/\/saltoecologico.es\/#organization","name":"Salto a la Transici\u00f3n Ecol\u00f3gica","url":"https:\/\/saltoecologico.es\/","logo":{"@type":"ImageObject","inLanguage":"es","@id":"https:\/\/saltoecologico.es\/#\/schema\/logo\/image\/","url":"https:\/\/saltoecologico.es\/wp-content\/uploads\/2025\/04\/Logo-STE.jpg","contentUrl":"https:\/\/saltoecologico.es\/wp-content\/uploads\/2025\/04\/Logo-STE.jpg","width":435,"height":435,"caption":"Salto a la Transici\u00f3n Ecol\u00f3gica"},"image":{"@id":"https:\/\/saltoecologico.es\/#\/schema\/logo\/image\/"},"sameAs":["https:\/\/www.facebook.com\/Saltotransicionecologica"]},{"@type":"Person","@id":"https:\/\/saltoecologico.es\/#\/schema\/person\/7175eec4b3c123d86c675313c3a01a0b","name":"admin","image":{"@type":"ImageObject","inLanguage":"es","@id":"https:\/\/secure.gravatar.com\/avatar\/4c215dc57bbc7b2f2f470ac9bd197f3f112636a584e575a732d0206a2d9c9806?s=96&d=mm&r=g","url":"https:\/\/secure.gravatar.com\/avatar\/4c215dc57bbc7b2f2f470ac9bd197f3f112636a584e575a732d0206a2d9c9806?s=96&d=mm&r=g","contentUrl":"https:\/\/secure.gravatar.com\/avatar\/4c215dc57bbc7b2f2f470ac9bd197f3f112636a584e575a732d0206a2d9c9806?s=96&d=mm&r=g","caption":"admin"},"sameAs":["https:\/\/saltoecologico.es"],"url":"https:\/\/saltoecologico.es\/index.php\/author\/saltoecologico\/"}]}},"_links":{"self":[{"href":"https:\/\/saltoecologico.es\/index.php\/wp-json\/wp\/v2\/posts\/700","targetHints":{"allow":["GET"]}}],"collection":[{"href":"https:\/\/saltoecologico.es\/index.php\/wp-json\/wp\/v2\/posts"}],"about":[{"href":"https:\/\/saltoecologico.es\/index.php\/wp-json\/wp\/v2\/types\/post"}],"author":[{"embeddable":true,"href":"https:\/\/saltoecologico.es\/index.php\/wp-json\/wp\/v2\/users\/1"}],"replies":[{"embeddable":true,"href":"https:\/\/saltoecologico.es\/index.php\/wp-json\/wp\/v2\/comments?post=700"}],"version-history":[{"count":1,"href":"https:\/\/saltoecologico.es\/index.php\/wp-json\/wp\/v2\/posts\/700\/revisions"}],"predecessor-version":[{"id":702,"href":"https:\/\/saltoecologico.es\/index.php\/wp-json\/wp\/v2\/posts\/700\/revisions\/702"}],"wp:featuredmedia":[{"embeddable":true,"href":"https:\/\/saltoecologico.es\/index.php\/wp-json\/wp\/v2\/media\/701"}],"wp:attachment":[{"href":"https:\/\/saltoecologico.es\/index.php\/wp-json\/wp\/v2\/media?parent=700"}],"wp:term":[{"taxonomy":"category","embeddable":true,"href":"https:\/\/saltoecologico.es\/index.php\/wp-json\/wp\/v2\/categories?post=700"},{"taxonomy":"post_tag","embeddable":true,"href":"https:\/\/saltoecologico.es\/index.php\/wp-json\/wp\/v2\/tags?post=700"}],"curies":[{"name":"wp","href":"https:\/\/api.w.org\/{rel}","templated":true}]}}