{"id":703,"date":"2023-11-13T09:13:00","date_gmt":"2023-11-13T09:13:00","guid":{"rendered":"https:\/\/saltoecologico.es\/?p=703"},"modified":"2025-04-18T09:14:14","modified_gmt":"2025-04-18T09:14:14","slug":"emergencia-energetica","status":"publish","type":"post","link":"https:\/\/saltoecologico.es\/index.php\/2023\/11\/13\/emergencia-energetica\/","title":{"rendered":"Emergencia energ\u00e9tica"},"content":{"rendered":"\n<p class=\"wp-block-paragraph\">El 30 de julio de 2023, en torno a las 03:00 de la madrugada se produce un apag\u00f3n en toda la isla de La Gomera que estuvo coleando varios d\u00edas. Seg\u00fan fuentes oficiales este cero el\u00e9ctrico se ocasion\u00f3 debido a un incendio en la sala de servicios auxiliares, que dejo inutilizados una gran parte de la flota de grupos generadores de la \u00fanica central de la isla, la central del Palmar. Contrariamente a lo que cabr\u00eda esperar, los d\u00edas y semanas siguientes no se establece un debate sobre los motivos del incendio, no se discute el porque una central tiene ubicados todos sus servicios auxiliares en el mismo sitio, no se habla de porque no hay sistemas redundantes que ante la aver\u00eda de uno el otro pueda seguir funcionando, ni siquiera se exigen las responsabilidad que Unelco Generaci\u00f3n SAU, filial de Endesa y propietaria de la planta, deber\u00eda asumir, el debate se centra en que existe una cantidad importante de grupos con su vida \u00fatil regulatoria vencida y se desv\u00eda toda la atenci\u00f3n hacia las administraciones y una normativa perniciosa que al parecer, ha impedido la renovaci\u00f3n de estos grupos.<\/p>\n\n\n\n<p class=\"wp-block-paragraph\">Por extensi\u00f3n, la clase pol\u00edtica y empresarial del archipi\u00e9lago descubren que el resto de las islas est\u00e1n en las mismas condiciones, a pesar de que esa informaci\u00f3n era p\u00fablica y accesible a poco que se buscara. Comienza entonces una suerte de paranoia colectiva, de que se van a producir apagones a mansalva y hay que poner remedio urgentemente. En esta histeria no solo participan colectivos que en principio pudieran desconocer el tema tratado, sino el asunto es avalado por alg\u00fan ilustre miembro del colegio de ingenieros.<\/p>\n\n\n\n<p class=\"wp-block-paragraph\">Estando as\u00ed las cosas en un sector elitista de la opini\u00f3n p\u00fablica, el lunes 2 de octubre de 2023 el Gobierno de Canarias se descuelga con toda una Declaraci\u00f3n de Emergencia Energ\u00e9tica en la que urge al gobierno central a resolver la situaci\u00f3n. A penas dos d\u00edas despu\u00e9s, el 4 de octubre, el gobierno de Canarias, a trav\u00e9s de la consejer\u00eda de Transici\u00f3n Ecol\u00f3gica y Energ\u00eda, publica la convocatoria para presentar las propuestas para la instalaci\u00f3n de potencia de generaci\u00f3n adicional para cubrir las necesidades de emergencia energ\u00e9tica.<\/p>\n\n\n\n<p class=\"wp-block-paragraph\">Evidentemente, si el inicio de todo este proceso parte del apag\u00f3n de La Gomera y si la causa fundamental, asimilada de manera general por todos los creadores de opini\u00f3n, se encuentra en la obsolescencia de los grupos de generaci\u00f3n, en esta convocatoria y pensando en buena l\u00f3gica, se habr\u00e1 reservado un lugar importante a la instalaci\u00f3n de nuevos grupos en la isla colombina. Pues no, contrariamente a lo que se pudiera pensar hay potencia adicional para Tenerife, Gran Canaria y Fuerteventura, pero nada para la Gomera.<\/p>\n\n\n\n<p class=\"wp-block-paragraph\">La presentaci\u00f3n de estas propuestas expiraba el 26 de octubre y hasta d\u00eda de hoy no tenemos ninguna noticia de las ofertas presentadas.<\/p>\n\n\n\n<p class=\"wp-block-paragraph\">Por otro lado, y seg\u00fan parece, como respuesta a esta declaraci\u00f3n de emergencia el gobierno de la naci\u00f3n ha sacado en fechas recientes la Propuesta de Resoluci\u00f3n por la que se convoca el procedimiento de concurrencia competitiva para el otorgamiento de la resoluci\u00f3n favorable de compatibilidad a efectos del reconocimiento del r\u00e9gimen retributivo adicional para los sistemas el\u00e9ctricos en territorios no peninsulares. Esta propuesta, que esta publicada para recibir cuantas alegaciones se consideren y que se pueden llevar a cabo hasta el 30 de noviembre de 2023, pretende ser el pistoletazo de salida para la renovaci\u00f3n de todos los grupos que tienen su vida \u00fatil regulatoria vencida en las islas y que te\u00f3ricamente acabar\u00eda con esta te\u00f3rica situaci\u00f3n de precariedad energ\u00e9tica.<\/p>\n\n\n\n<p class=\"wp-block-paragraph\">En cuanto vimos esta publicaci\u00f3n inmediatamente nos enfrascamos en su lectura buscando el apartado de los grupos que se iban a renovar en La Gomera, ya que hab\u00eda sido el detonante de toda esta situaci\u00f3n. Pues bien, a pesar de que en La Gomera hay 7 grupos con su vida \u00fatil regulatoria caducada, lo que suman un total de 7,38 MW, tan solo se pretenden renovar 2,5 MW, por lo que da la impresi\u00f3n de que tan precaria no era la situaci\u00f3n en esta isla.<\/p>\n\n\n\n<p class=\"wp-block-paragraph\">Existe un c\u00e9lebre pensador de nuestro tiempo que mantiene que cuando quieres llevar a cabo alg\u00fan proceso que no es del todo aceptado por la sociedad, lo que hay que hacer es crear un problema importante que cause alarma y proporcionar la soluci\u00f3n a ese problema, integrando el proceso que no era del todo aceptado.<\/p>\n\n\n\n<p class=\"wp-block-paragraph\">La Transici\u00f3n Energ\u00e9tica a las renovables y la descarbonizaci\u00f3n para el 2040 del territorio canario, contenidas en el PTECAN, no ha sido digerida adecuadamente por los sectores poderosos del archipi\u00e9lago. Si a eso le sumamos la insistencia por introducir el gas en el archipi\u00e9lago, tenemos el coctel perfecto, para necesitar unas medidas de choque suficientemente contundentes para que nadie ponga objeciones.<\/p>\n\n\n\n<p class=\"wp-block-paragraph\">El 30 de julio descubrimos que tenemos un caos en la generaci\u00f3n el\u00e9ctrica, debido a una normativa que lastra todos los procesos de renovaci\u00f3n de los grupos generadores de Canarias. El 30 de noviembre, tan solo cuatro meses despu\u00e9s y utilizando esa misma normativa que no dejaba hacer nada, se va a tener la soluci\u00f3n a todos nuestros problemas, con los \u00fanicos efectos colaterales, desgraciadamente, que nos quedamos sin Transici\u00f3n energ\u00e9tica y con el gas natural como combustible estrella de nuestras centrales el\u00e9ctricas.<\/p>\n\n\n\n<p class=\"wp-block-paragraph\">Punto, juego, set y partido de una manera absolutamente genial. Eso hay que reconocerlo.<\/p>\n","protected":false},"excerpt":{"rendered":"<p>El 30 de julio de 2023, en torno a las 03:00 de la madrugada se produce un apag\u00f3n en toda la isla de La Gomera que estuvo coleando varios d\u00edas. Seg\u00fan fuentes oficiales este cero el\u00e9ctrico se ocasion\u00f3 debido a un incendio en la sala de servicios auxiliares, que dejo inutilizados una gran parte de [&hellip;]<\/p>\n","protected":false},"author":1,"featured_media":704,"comment_status":"open","ping_status":"open","sticky":false,"template":"","format":"standard","meta":{"footnotes":""},"categories":[55],"tags":[],"class_list":["post-703","post","type-post","status-publish","format-standard","has-post-thumbnail","category-general"],"yoast_head":"<!-- This site is optimized with the Yoast SEO plugin v28.2 - https:\/\/yoast.com\/product\/yoast-seo-wordpress\/ -->\n<title>Emergencia energ\u00e9tica - Salto Ecol\u00f3gico<\/title>\n<meta name=\"robots\" content=\"index, follow, max-snippet:-1, max-image-preview:large, max-video-preview:-1\" \/>\n<link rel=\"canonical\" href=\"https:\/\/saltoecologico.es\/index.php\/2023\/11\/13\/emergencia-energetica\/\" \/>\n<meta property=\"og:locale\" content=\"es_ES\" \/>\n<meta property=\"og:type\" content=\"article\" \/>\n<meta property=\"og:title\" content=\"Emergencia energ\u00e9tica - Salto Ecol\u00f3gico\" \/>\n<meta property=\"og:description\" content=\"El 30 de julio de 2023, en torno a las 03:00 de la madrugada se produce un apag\u00f3n en toda la isla de La Gomera que estuvo coleando varios d\u00edas. Seg\u00fan fuentes oficiales este cero el\u00e9ctrico se ocasion\u00f3 debido a un incendio en la sala de servicios auxiliares, que dejo inutilizados una gran parte de [&hellip;]\" \/>\n<meta property=\"og:url\" content=\"https:\/\/saltoecologico.es\/index.php\/2023\/11\/13\/emergencia-energetica\/\" \/>\n<meta property=\"og:site_name\" content=\"Salto Ecol\u00f3gico\" \/>\n<meta property=\"article:publisher\" content=\"https:\/\/www.facebook.com\/Saltotransicionecologica\" \/>\n<meta property=\"article:published_time\" content=\"2023-11-13T09:13:00+00:00\" \/>\n<meta property=\"article:modified_time\" content=\"2025-04-18T09:14:14+00:00\" \/>\n<meta property=\"og:image\" content=\"https:\/\/saltoecologico.es\/wp-content\/uploads\/2025\/04\/Fosiles25.jpg\" \/>\n\t<meta property=\"og:image:width\" content=\"1024\" \/>\n\t<meta property=\"og:image:height\" content=\"663\" \/>\n\t<meta property=\"og:image:type\" content=\"image\/jpeg\" \/>\n<meta name=\"author\" content=\"admin\" \/>\n<meta name=\"twitter:card\" content=\"summary_large_image\" \/>\n<meta name=\"twitter:label1\" content=\"Escrito por\" \/>\n\t<meta name=\"twitter:data1\" content=\"admin\" \/>\n\t<meta name=\"twitter:label2\" content=\"Tiempo de lectura\" \/>\n\t<meta name=\"twitter:data2\" content=\"5 minutos\" \/>\n<script type=\"application\/ld+json\" class=\"yoast-schema-graph\">{\"@context\":\"https:\\\/\\\/schema.org\",\"@graph\":[{\"@type\":\"Article\",\"@id\":\"https:\\\/\\\/saltoecologico.es\\\/index.php\\\/2023\\\/11\\\/13\\\/emergencia-energetica\\\/#article\",\"isPartOf\":{\"@id\":\"https:\\\/\\\/saltoecologico.es\\\/index.php\\\/2023\\\/11\\\/13\\\/emergencia-energetica\\\/\"},\"author\":{\"name\":\"admin\",\"@id\":\"https:\\\/\\\/saltoecologico.es\\\/#\\\/schema\\\/person\\\/7175eec4b3c123d86c675313c3a01a0b\"},\"headline\":\"Emergencia energ\u00e9tica\",\"datePublished\":\"2023-11-13T09:13:00+00:00\",\"dateModified\":\"2025-04-18T09:14:14+00:00\",\"mainEntityOfPage\":{\"@id\":\"https:\\\/\\\/saltoecologico.es\\\/index.php\\\/2023\\\/11\\\/13\\\/emergencia-energetica\\\/\"},\"wordCount\":955,\"commentCount\":0,\"publisher\":{\"@id\":\"https:\\\/\\\/saltoecologico.es\\\/#organization\"},\"image\":{\"@id\":\"https:\\\/\\\/saltoecologico.es\\\/index.php\\\/2023\\\/11\\\/13\\\/emergencia-energetica\\\/#primaryimage\"},\"thumbnailUrl\":\"https:\\\/\\\/saltoecologico.es\\\/wp-content\\\/uploads\\\/2025\\\/04\\\/Fosiles25.jpg\",\"articleSection\":[\"General\"],\"inLanguage\":\"es\",\"potentialAction\":[{\"@type\":\"CommentAction\",\"name\":\"Comment\",\"target\":[\"https:\\\/\\\/saltoecologico.es\\\/index.php\\\/2023\\\/11\\\/13\\\/emergencia-energetica\\\/#respond\"]}]},{\"@type\":\"WebPage\",\"@id\":\"https:\\\/\\\/saltoecologico.es\\\/index.php\\\/2023\\\/11\\\/13\\\/emergencia-energetica\\\/\",\"url\":\"https:\\\/\\\/saltoecologico.es\\\/index.php\\\/2023\\\/11\\\/13\\\/emergencia-energetica\\\/\",\"name\":\"Emergencia energ\u00e9tica - Salto Ecol\u00f3gico\",\"isPartOf\":{\"@id\":\"https:\\\/\\\/saltoecologico.es\\\/#website\"},\"primaryImageOfPage\":{\"@id\":\"https:\\\/\\\/saltoecologico.es\\\/index.php\\\/2023\\\/11\\\/13\\\/emergencia-energetica\\\/#primaryimage\"},\"image\":{\"@id\":\"https:\\\/\\\/saltoecologico.es\\\/index.php\\\/2023\\\/11\\\/13\\\/emergencia-energetica\\\/#primaryimage\"},\"thumbnailUrl\":\"https:\\\/\\\/saltoecologico.es\\\/wp-content\\\/uploads\\\/2025\\\/04\\\/Fosiles25.jpg\",\"datePublished\":\"2023-11-13T09:13:00+00:00\",\"dateModified\":\"2025-04-18T09:14:14+00:00\",\"breadcrumb\":{\"@id\":\"https:\\\/\\\/saltoecologico.es\\\/index.php\\\/2023\\\/11\\\/13\\\/emergencia-energetica\\\/#breadcrumb\"},\"inLanguage\":\"es\",\"potentialAction\":[{\"@type\":\"ReadAction\",\"target\":[\"https:\\\/\\\/saltoecologico.es\\\/index.php\\\/2023\\\/11\\\/13\\\/emergencia-energetica\\\/\"]}]},{\"@type\":\"ImageObject\",\"inLanguage\":\"es\",\"@id\":\"https:\\\/\\\/saltoecologico.es\\\/index.php\\\/2023\\\/11\\\/13\\\/emergencia-energetica\\\/#primaryimage\",\"url\":\"https:\\\/\\\/saltoecologico.es\\\/wp-content\\\/uploads\\\/2025\\\/04\\\/Fosiles25.jpg\",\"contentUrl\":\"https:\\\/\\\/saltoecologico.es\\\/wp-content\\\/uploads\\\/2025\\\/04\\\/Fosiles25.jpg\",\"width\":1024,\"height\":663},{\"@type\":\"BreadcrumbList\",\"@id\":\"https:\\\/\\\/saltoecologico.es\\\/index.php\\\/2023\\\/11\\\/13\\\/emergencia-energetica\\\/#breadcrumb\",\"itemListElement\":[{\"@type\":\"ListItem\",\"position\":1,\"name\":\"Portada\",\"item\":\"https:\\\/\\\/saltoecologico.es\\\/\"},{\"@type\":\"ListItem\",\"position\":2,\"name\":\"Emergencia energ\u00e9tica\"}]},{\"@type\":\"WebSite\",\"@id\":\"https:\\\/\\\/saltoecologico.es\\\/#website\",\"url\":\"https:\\\/\\\/saltoecologico.es\\\/\",\"name\":\"Salto Ecol\u00f3gico\",\"description\":\"\",\"publisher\":{\"@id\":\"https:\\\/\\\/saltoecologico.es\\\/#organization\"},\"potentialAction\":[{\"@type\":\"SearchAction\",\"target\":{\"@type\":\"EntryPoint\",\"urlTemplate\":\"https:\\\/\\\/saltoecologico.es\\\/?s={search_term_string}\"},\"query-input\":{\"@type\":\"PropertyValueSpecification\",\"valueRequired\":true,\"valueName\":\"search_term_string\"}}],\"inLanguage\":\"es\"},{\"@type\":\"Organization\",\"@id\":\"https:\\\/\\\/saltoecologico.es\\\/#organization\",\"name\":\"Salto a la Transici\u00f3n Ecol\u00f3gica\",\"url\":\"https:\\\/\\\/saltoecologico.es\\\/\",\"logo\":{\"@type\":\"ImageObject\",\"inLanguage\":\"es\",\"@id\":\"https:\\\/\\\/saltoecologico.es\\\/#\\\/schema\\\/logo\\\/image\\\/\",\"url\":\"https:\\\/\\\/saltoecologico.es\\\/wp-content\\\/uploads\\\/2025\\\/04\\\/Logo-STE.jpg\",\"contentUrl\":\"https:\\\/\\\/saltoecologico.es\\\/wp-content\\\/uploads\\\/2025\\\/04\\\/Logo-STE.jpg\",\"width\":435,\"height\":435,\"caption\":\"Salto a la Transici\u00f3n Ecol\u00f3gica\"},\"image\":{\"@id\":\"https:\\\/\\\/saltoecologico.es\\\/#\\\/schema\\\/logo\\\/image\\\/\"},\"sameAs\":[\"https:\\\/\\\/www.facebook.com\\\/Saltotransicionecologica\"]},{\"@type\":\"Person\",\"@id\":\"https:\\\/\\\/saltoecologico.es\\\/#\\\/schema\\\/person\\\/7175eec4b3c123d86c675313c3a01a0b\",\"name\":\"admin\",\"image\":{\"@type\":\"ImageObject\",\"inLanguage\":\"es\",\"@id\":\"https:\\\/\\\/secure.gravatar.com\\\/avatar\\\/4c215dc57bbc7b2f2f470ac9bd197f3f112636a584e575a732d0206a2d9c9806?s=96&d=mm&r=g\",\"url\":\"https:\\\/\\\/secure.gravatar.com\\\/avatar\\\/4c215dc57bbc7b2f2f470ac9bd197f3f112636a584e575a732d0206a2d9c9806?s=96&d=mm&r=g\",\"contentUrl\":\"https:\\\/\\\/secure.gravatar.com\\\/avatar\\\/4c215dc57bbc7b2f2f470ac9bd197f3f112636a584e575a732d0206a2d9c9806?s=96&d=mm&r=g\",\"caption\":\"admin\"},\"sameAs\":[\"https:\\\/\\\/saltoecologico.es\"],\"url\":\"https:\\\/\\\/saltoecologico.es\\\/index.php\\\/author\\\/saltoecologico\\\/\"}]}<\/script>\n<!-- \/ Yoast SEO plugin. -->","yoast_head_json":{"title":"Emergencia energ\u00e9tica - Salto Ecol\u00f3gico","robots":{"index":"index","follow":"follow","max-snippet":"max-snippet:-1","max-image-preview":"max-image-preview:large","max-video-preview":"max-video-preview:-1"},"canonical":"https:\/\/saltoecologico.es\/index.php\/2023\/11\/13\/emergencia-energetica\/","og_locale":"es_ES","og_type":"article","og_title":"Emergencia energ\u00e9tica - Salto Ecol\u00f3gico","og_description":"El 30 de julio de 2023, en torno a las 03:00 de la madrugada se produce un apag\u00f3n en toda la isla de La Gomera que estuvo coleando varios d\u00edas. Seg\u00fan fuentes oficiales este cero el\u00e9ctrico se ocasion\u00f3 debido a un incendio en la sala de servicios auxiliares, que dejo inutilizados una gran parte de [&hellip;]","og_url":"https:\/\/saltoecologico.es\/index.php\/2023\/11\/13\/emergencia-energetica\/","og_site_name":"Salto Ecol\u00f3gico","article_publisher":"https:\/\/www.facebook.com\/Saltotransicionecologica","article_published_time":"2023-11-13T09:13:00+00:00","article_modified_time":"2025-04-18T09:14:14+00:00","og_image":[{"width":1024,"height":663,"url":"https:\/\/saltoecologico.es\/wp-content\/uploads\/2025\/04\/Fosiles25.jpg","type":"image\/jpeg"}],"author":"admin","twitter_card":"summary_large_image","twitter_misc":{"Escrito por":"admin","Tiempo de lectura":"5 minutos"},"schema":{"@context":"https:\/\/schema.org","@graph":[{"@type":"Article","@id":"https:\/\/saltoecologico.es\/index.php\/2023\/11\/13\/emergencia-energetica\/#article","isPartOf":{"@id":"https:\/\/saltoecologico.es\/index.php\/2023\/11\/13\/emergencia-energetica\/"},"author":{"name":"admin","@id":"https:\/\/saltoecologico.es\/#\/schema\/person\/7175eec4b3c123d86c675313c3a01a0b"},"headline":"Emergencia energ\u00e9tica","datePublished":"2023-11-13T09:13:00+00:00","dateModified":"2025-04-18T09:14:14+00:00","mainEntityOfPage":{"@id":"https:\/\/saltoecologico.es\/index.php\/2023\/11\/13\/emergencia-energetica\/"},"wordCount":955,"commentCount":0,"publisher":{"@id":"https:\/\/saltoecologico.es\/#organization"},"image":{"@id":"https:\/\/saltoecologico.es\/index.php\/2023\/11\/13\/emergencia-energetica\/#primaryimage"},"thumbnailUrl":"https:\/\/saltoecologico.es\/wp-content\/uploads\/2025\/04\/Fosiles25.jpg","articleSection":["General"],"inLanguage":"es","potentialAction":[{"@type":"CommentAction","name":"Comment","target":["https:\/\/saltoecologico.es\/index.php\/2023\/11\/13\/emergencia-energetica\/#respond"]}]},{"@type":"WebPage","@id":"https:\/\/saltoecologico.es\/index.php\/2023\/11\/13\/emergencia-energetica\/","url":"https:\/\/saltoecologico.es\/index.php\/2023\/11\/13\/emergencia-energetica\/","name":"Emergencia energ\u00e9tica - Salto Ecol\u00f3gico","isPartOf":{"@id":"https:\/\/saltoecologico.es\/#website"},"primaryImageOfPage":{"@id":"https:\/\/saltoecologico.es\/index.php\/2023\/11\/13\/emergencia-energetica\/#primaryimage"},"image":{"@id":"https:\/\/saltoecologico.es\/index.php\/2023\/11\/13\/emergencia-energetica\/#primaryimage"},"thumbnailUrl":"https:\/\/saltoecologico.es\/wp-content\/uploads\/2025\/04\/Fosiles25.jpg","datePublished":"2023-11-13T09:13:00+00:00","dateModified":"2025-04-18T09:14:14+00:00","breadcrumb":{"@id":"https:\/\/saltoecologico.es\/index.php\/2023\/11\/13\/emergencia-energetica\/#breadcrumb"},"inLanguage":"es","potentialAction":[{"@type":"ReadAction","target":["https:\/\/saltoecologico.es\/index.php\/2023\/11\/13\/emergencia-energetica\/"]}]},{"@type":"ImageObject","inLanguage":"es","@id":"https:\/\/saltoecologico.es\/index.php\/2023\/11\/13\/emergencia-energetica\/#primaryimage","url":"https:\/\/saltoecologico.es\/wp-content\/uploads\/2025\/04\/Fosiles25.jpg","contentUrl":"https:\/\/saltoecologico.es\/wp-content\/uploads\/2025\/04\/Fosiles25.jpg","width":1024,"height":663},{"@type":"BreadcrumbList","@id":"https:\/\/saltoecologico.es\/index.php\/2023\/11\/13\/emergencia-energetica\/#breadcrumb","itemListElement":[{"@type":"ListItem","position":1,"name":"Portada","item":"https:\/\/saltoecologico.es\/"},{"@type":"ListItem","position":2,"name":"Emergencia energ\u00e9tica"}]},{"@type":"WebSite","@id":"https:\/\/saltoecologico.es\/#website","url":"https:\/\/saltoecologico.es\/","name":"Salto Ecol\u00f3gico","description":"","publisher":{"@id":"https:\/\/saltoecologico.es\/#organization"},"potentialAction":[{"@type":"SearchAction","target":{"@type":"EntryPoint","urlTemplate":"https:\/\/saltoecologico.es\/?s={search_term_string}"},"query-input":{"@type":"PropertyValueSpecification","valueRequired":true,"valueName":"search_term_string"}}],"inLanguage":"es"},{"@type":"Organization","@id":"https:\/\/saltoecologico.es\/#organization","name":"Salto a la Transici\u00f3n Ecol\u00f3gica","url":"https:\/\/saltoecologico.es\/","logo":{"@type":"ImageObject","inLanguage":"es","@id":"https:\/\/saltoecologico.es\/#\/schema\/logo\/image\/","url":"https:\/\/saltoecologico.es\/wp-content\/uploads\/2025\/04\/Logo-STE.jpg","contentUrl":"https:\/\/saltoecologico.es\/wp-content\/uploads\/2025\/04\/Logo-STE.jpg","width":435,"height":435,"caption":"Salto a la Transici\u00f3n Ecol\u00f3gica"},"image":{"@id":"https:\/\/saltoecologico.es\/#\/schema\/logo\/image\/"},"sameAs":["https:\/\/www.facebook.com\/Saltotransicionecologica"]},{"@type":"Person","@id":"https:\/\/saltoecologico.es\/#\/schema\/person\/7175eec4b3c123d86c675313c3a01a0b","name":"admin","image":{"@type":"ImageObject","inLanguage":"es","@id":"https:\/\/secure.gravatar.com\/avatar\/4c215dc57bbc7b2f2f470ac9bd197f3f112636a584e575a732d0206a2d9c9806?s=96&d=mm&r=g","url":"https:\/\/secure.gravatar.com\/avatar\/4c215dc57bbc7b2f2f470ac9bd197f3f112636a584e575a732d0206a2d9c9806?s=96&d=mm&r=g","contentUrl":"https:\/\/secure.gravatar.com\/avatar\/4c215dc57bbc7b2f2f470ac9bd197f3f112636a584e575a732d0206a2d9c9806?s=96&d=mm&r=g","caption":"admin"},"sameAs":["https:\/\/saltoecologico.es"],"url":"https:\/\/saltoecologico.es\/index.php\/author\/saltoecologico\/"}]}},"_links":{"self":[{"href":"https:\/\/saltoecologico.es\/index.php\/wp-json\/wp\/v2\/posts\/703","targetHints":{"allow":["GET"]}}],"collection":[{"href":"https:\/\/saltoecologico.es\/index.php\/wp-json\/wp\/v2\/posts"}],"about":[{"href":"https:\/\/saltoecologico.es\/index.php\/wp-json\/wp\/v2\/types\/post"}],"author":[{"embeddable":true,"href":"https:\/\/saltoecologico.es\/index.php\/wp-json\/wp\/v2\/users\/1"}],"replies":[{"embeddable":true,"href":"https:\/\/saltoecologico.es\/index.php\/wp-json\/wp\/v2\/comments?post=703"}],"version-history":[{"count":1,"href":"https:\/\/saltoecologico.es\/index.php\/wp-json\/wp\/v2\/posts\/703\/revisions"}],"predecessor-version":[{"id":705,"href":"https:\/\/saltoecologico.es\/index.php\/wp-json\/wp\/v2\/posts\/703\/revisions\/705"}],"wp:featuredmedia":[{"embeddable":true,"href":"https:\/\/saltoecologico.es\/index.php\/wp-json\/wp\/v2\/media\/704"}],"wp:attachment":[{"href":"https:\/\/saltoecologico.es\/index.php\/wp-json\/wp\/v2\/media?parent=703"}],"wp:term":[{"taxonomy":"category","embeddable":true,"href":"https:\/\/saltoecologico.es\/index.php\/wp-json\/wp\/v2\/categories?post=703"},{"taxonomy":"post_tag","embeddable":true,"href":"https:\/\/saltoecologico.es\/index.php\/wp-json\/wp\/v2\/tags?post=703"}],"curies":[{"name":"wp","href":"https:\/\/api.w.org\/{rel}","templated":true}]}}