{"id":706,"date":"2023-11-25T09:15:00","date_gmt":"2023-11-25T09:15:00","guid":{"rendered":"https:\/\/saltoecologico.es\/?p=706"},"modified":"2025-04-18T09:16:31","modified_gmt":"2025-04-18T09:16:31","slug":"proceso-viciado","status":"publish","type":"post","link":"https:\/\/saltoecologico.es\/index.php\/2023\/11\/25\/proceso-viciado\/","title":{"rendered":"Proceso viciado"},"content":{"rendered":"\n<p class=\"wp-block-paragraph\">Desde hace breves fechas est\u00e1 colgado para informaci\u00f3n p\u00fablica en la web de la Secretar\u00eda de Estado de Energ\u00eda un documento denominado PROPUESTA DE RESOLUCI\u00d3N POR LA QUE SE CONVOCA EL PROCEDIMIENTO DE CONCURRENCIA COMPETITIVA PARA EL OTORGAMIENTO DE LA RESOLUCI\u00d3N FAVORABLE DE COMPATIBILIDAD A EFECTOS DEL RECONOCIMIENTO DEL R\u00c9GIMEN RETRIBUTIVO ADICIONAL PARA LOS SISTEMAS EL\u00c9CTRICOS DE LOS TERRITORIOS NO PENINSULARES. Con este pomposo nombre se da la se\u00f1al de salida para comenzar a sustituir los grupos de generaci\u00f3n t\u00e9rmica de los territorios no peninsulares y por tanto del archipi\u00e9lago canario.<\/p>\n\n\n\n<p class=\"wp-block-paragraph\">Mas all\u00e1 de atender a una extempor\u00e1nea y fuera de lugar emergencia energ\u00e9tica que el gobierno de Canarias se sac\u00f3 de la manga o el clima de alarma social generado por la misma, este documento lo que viene a significar es que, en un periodo m\u00e1ximo de cinco a\u00f1os, vamos a tener mas de 1.170 MW de nueva hornada, que por supuesto, van a tener una vida \u00fatil regulatoria de 25 a\u00f1os, por lo que tendremos que sufrirlos al menos hasta el 2053.<\/p>\n\n\n\n<p class=\"wp-block-paragraph\">Distribuidos por islas ser\u00edan:<\/p>\n\n\n\n<ul class=\"wp-block-list\">\n<li>Gran Canaria\u00a0\u00a0\u00a0\u00a0\u00a0\u00a0\u00a0\u00a0\u00a0\u00a0\u00a0\u00a0\u00a0\u00a0\u00a0\u00a0\u00a0\u00a0\u00a0 360 MW\u00a0\u00a0\u00a0\u00a0\u00a0\u00a0\u00a0\u00a0\u00a0\u00a0\u00a0\u00a0\u00a0\u00a0\u00a0\u00a0\u00a0\u00a0\u00a0\u00a0\u00a0\u00a0\u00a0\u00a0\u00a0\u00a0\u00a0\u00a0 hasta 24 grupos<\/li>\n\n\n\n<li>Tenerife\u00a0\u00a0\u00a0\u00a0\u00a0\u00a0\u00a0\u00a0\u00a0\u00a0\u00a0\u00a0\u00a0\u00a0\u00a0\u00a0\u00a0\u00a0\u00a0\u00a0\u00a0\u00a0\u00a0\u00a0\u00a0\u00a0\u00a0\u00a0\u00a0 500 MW\u00a0\u00a0\u00a0\u00a0\u00a0\u00a0\u00a0\u00a0\u00a0\u00a0\u00a0\u00a0\u00a0\u00a0\u00a0\u00a0\u00a0\u00a0\u00a0\u00a0\u00a0\u00a0\u00a0\u00a0\u00a0\u00a0\u00a0\u00a0 hasta 33 grupos<\/li>\n\n\n\n<li>Lanzarote\u00a0\u00a0\u00a0\u00a0\u00a0\u00a0\u00a0\u00a0\u00a0\u00a0\u00a0\u00a0\u00a0\u00a0\u00a0\u00a0\u00a0\u00a0\u00a0\u00a0\u00a0\u00a0\u00a0\u00a0\u00a0 80 MW\u00a0\u00a0\u00a0\u00a0\u00a0\u00a0\u00a0\u00a0\u00a0\u00a0\u00a0\u00a0\u00a0\u00a0\u00a0\u00a0\u00a0\u00a0\u00a0\u00a0\u00a0\u00a0\u00a0\u00a0\u00a0\u00a0\u00a0\u00a0\u00a0\u00a0 hasta 16 grupos<\/li>\n\n\n\n<li>Fuerteventura\u00a0\u00a0\u00a0\u00a0\u00a0\u00a0\u00a0\u00a0\u00a0\u00a0\u00a0\u00a0\u00a0\u00a0\u00a0\u00a0\u00a0 90 MW\u00a0\u00a0\u00a0\u00a0\u00a0\u00a0\u00a0\u00a0\u00a0\u00a0\u00a0\u00a0\u00a0\u00a0\u00a0\u00a0\u00a0\u00a0\u00a0\u00a0\u00a0\u00a0\u00a0\u00a0\u00a0\u00a0\u00a0\u00a0\u00a0\u00a0 hasta 18 grupos<\/li>\n\n\n\n<li>La Palma\u00a0\u00a0\u00a0\u00a0\u00a0\u00a0\u00a0\u00a0\u00a0\u00a0\u00a0\u00a0\u00a0\u00a0\u00a0\u00a0\u00a0\u00a0\u00a0\u00a0\u00a0\u00a0\u00a0\u00a0\u00a0\u00a0\u00a0 52 MW\u00a0\u00a0\u00a0\u00a0\u00a0\u00a0\u00a0\u00a0\u00a0\u00a0\u00a0\u00a0\u00a0\u00a0\u00a0\u00a0\u00a0\u00a0\u00a0\u00a0\u00a0\u00a0\u00a0\u00a0\u00a0\u00a0\u00a0\u00a0\u00a0\u00a0 hasta 21 grupos<\/li>\n\n\n\n<li>La Gomera\u00a0\u00a0\u00a0\u00a0\u00a0\u00a0\u00a0\u00a0\u00a0\u00a0\u00a0\u00a0\u00a0\u00a0\u00a0\u00a0\u00a0\u00a0\u00a0\u00a0\u00a0\u00a0\u00a0 2,5 MW\u00a0\u00a0\u00a0\u00a0\u00a0\u00a0\u00a0\u00a0\u00a0\u00a0\u00a0\u00a0\u00a0\u00a0\u00a0\u00a0\u00a0\u00a0\u00a0\u00a0\u00a0\u00a0\u00a0\u00a0\u00a0\u00a0\u00a0\u00a0\u00a0 hasta 2 grupos<\/li>\n\n\n\n<li>El hierro\u00a0\u00a0\u00a0\u00a0\u00a0\u00a0\u00a0\u00a0\u00a0\u00a0\u00a0\u00a0\u00a0\u00a0\u00a0\u00a0\u00a0\u00a0\u00a0\u00a0\u00a0\u00a0\u00a0\u00a0\u00a0\u00a0\u00a0\u00a0 9 MW\u00a0\u00a0\u00a0\u00a0\u00a0\u00a0\u00a0\u00a0\u00a0\u00a0\u00a0\u00a0\u00a0\u00a0\u00a0\u00a0\u00a0\u00a0\u00a0\u00a0\u00a0\u00a0\u00a0\u00a0\u00a0\u00a0\u00a0\u00a0\u00a0\u00a0\u00a0\u00a0 hasta 9 grupos<\/li>\n<\/ul>\n\n\n\n<p class=\"wp-block-paragraph\">Lo que hace un total de 123 grupos de diferentes potencias nominales, consumiendo, todo parece indicar, gas natural y por tanto contaminando nuestra atmosfera, al menos hasta el a\u00f1o 2053.<\/p>\n\n\n\n<p class=\"wp-block-paragraph\">A poco que se haya seguido los \u00faltimos avatares de la pol\u00edtica energ\u00e9tica canaria, se puede apreciar a todas luces, que todo este planteamiento atenta contra todo lo planificado y legislado hasta el momento, ya que por de pronto el objetivo de la descarbonizaci\u00f3n para el a\u00f1o 2040 del archipi\u00e9lago, ha sido borrado de un plumazo.<\/p>\n\n\n\n<p class=\"wp-block-paragraph\">Pero no solo se contradice lo planificado y legislado en Canarias, sino tambi\u00e9n lo legislado a nivel nacional ya que en el Real Decreto 738\/2015, de 31 de julio, por el que se regula la actividad de producci\u00f3n de energ\u00eda el\u00e9ctrica y el procedimiento de despacho en los sistemas el\u00e9ctricos de los territorios no peninsulares, se especifica taxativamente lo siguiente: \u201cSe desarrolla un procedimiento de concurrencia competitiva para la concesi\u00f3n de la resoluci\u00f3n de compatibilidad prevista en la Ley 17\/2013, de 29 de octubre, que ser\u00e1 concedida teniendo en cuenta las necesidades de potencia puestas de manifiesto por el operador del sistema, las caracter\u00edsticas t\u00e9cnicas que sean m\u00e1s apropiadas para estos sistemas y la opci\u00f3n econ\u00f3micamente m\u00e1s ventajosa para el conjunto del sistema\u201d.<\/p>\n\n\n\n<p class=\"wp-block-paragraph\">Se ha seguido a pies juntillas lo expuesto por el operador del sistema, pero los otros dos condicionantes no se han cumplido. En primer lugar, parece obvio que, si existe un estudio concienzudo en el que se basa el PTECAN y desarrollado por el Instituto Tecnol\u00f3gico de Canarias, se deber\u00eda haber tenido en cuenta para determinar cu\u00e1les son \u201clas caracter\u00edsticas t\u00e9cnicas que sean m\u00e1s apropiadas para estos sistemas\u201d y ni uno selo de sus postulados se han considerado. Por otro lado, dado la espiral de precios protagonizada en recientes fechas por el gas natural, los problemas geoestrat\u00e9gicos que ha causado este combustible del calibre a los sufridos por ejemplo por Alemania y la dependencia que crea en nuestro archipi\u00e9lago, no parece que se cumpla el condicionante de \u201cla opci\u00f3n econ\u00f3micamente m\u00e1s ventajosa para el conjunto del sistema\u201d.<\/p>\n\n\n\n<p class=\"wp-block-paragraph\">En definitiva un proceso viciado desde el primer momento y contra el que se deber\u00edan llevar a cabo todas las alegaciones posibles (hay fecha hasta el 30 de noviembre), porque entendemos que no es de recibo que se nos pretenda colar por la puerta de atr\u00e1s, el perpetuar los combustibles f\u00f3siles en la generaci\u00f3n el\u00e9ctrica del archipi\u00e9lago.<\/p>\n","protected":false},"excerpt":{"rendered":"<p>Desde hace breves fechas est\u00e1 colgado para informaci\u00f3n p\u00fablica en la web de la Secretar\u00eda de Estado de Energ\u00eda un documento denominado PROPUESTA DE RESOLUCI\u00d3N POR LA QUE SE CONVOCA EL PROCEDIMIENTO DE CONCURRENCIA COMPETITIVA PARA EL OTORGAMIENTO DE LA RESOLUCI\u00d3N FAVORABLE DE COMPATIBILIDAD A EFECTOS DEL RECONOCIMIENTO DEL R\u00c9GIMEN RETRIBUTIVO ADICIONAL PARA LOS SISTEMAS [&hellip;]<\/p>\n","protected":false},"author":1,"featured_media":707,"comment_status":"open","ping_status":"open","sticky":false,"template":"","format":"standard","meta":{"footnotes":""},"categories":[58],"tags":[],"class_list":["post-706","post","type-post","status-publish","format-standard","has-post-thumbnail","category-concurrencia-competitiva"],"yoast_head":"<!-- This site is optimized with the Yoast SEO plugin v28.2 - https:\/\/yoast.com\/product\/yoast-seo-wordpress\/ -->\n<title>Proceso viciado - Salto Ecol\u00f3gico<\/title>\n<meta name=\"robots\" content=\"index, follow, max-snippet:-1, max-image-preview:large, max-video-preview:-1\" \/>\n<link rel=\"canonical\" href=\"https:\/\/saltoecologico.es\/index.php\/2023\/11\/25\/proceso-viciado\/\" \/>\n<meta property=\"og:locale\" content=\"es_ES\" \/>\n<meta property=\"og:type\" content=\"article\" \/>\n<meta property=\"og:title\" content=\"Proceso viciado - Salto Ecol\u00f3gico\" \/>\n<meta property=\"og:description\" content=\"Desde hace breves fechas est\u00e1 colgado para informaci\u00f3n p\u00fablica en la web de la Secretar\u00eda de Estado de Energ\u00eda un documento denominado PROPUESTA DE RESOLUCI\u00d3N POR LA QUE SE CONVOCA EL PROCEDIMIENTO DE CONCURRENCIA COMPETITIVA PARA EL OTORGAMIENTO DE LA RESOLUCI\u00d3N FAVORABLE DE COMPATIBILIDAD A EFECTOS DEL RECONOCIMIENTO DEL R\u00c9GIMEN RETRIBUTIVO ADICIONAL PARA LOS SISTEMAS [&hellip;]\" \/>\n<meta property=\"og:url\" content=\"https:\/\/saltoecologico.es\/index.php\/2023\/11\/25\/proceso-viciado\/\" \/>\n<meta property=\"og:site_name\" content=\"Salto Ecol\u00f3gico\" \/>\n<meta property=\"article:publisher\" content=\"https:\/\/www.facebook.com\/Saltotransicionecologica\" \/>\n<meta property=\"article:published_time\" content=\"2023-11-25T09:15:00+00:00\" \/>\n<meta property=\"article:modified_time\" content=\"2025-04-18T09:16:31+00:00\" \/>\n<meta property=\"og:image\" content=\"https:\/\/saltoecologico.es\/wp-content\/uploads\/2025\/04\/Fosiles26.jpg\" \/>\n\t<meta property=\"og:image:width\" content=\"1024\" \/>\n\t<meta property=\"og:image:height\" content=\"682\" \/>\n\t<meta property=\"og:image:type\" content=\"image\/jpeg\" \/>\n<meta name=\"author\" content=\"admin\" \/>\n<meta name=\"twitter:card\" content=\"summary_large_image\" \/>\n<meta name=\"twitter:label1\" content=\"Escrito por\" \/>\n\t<meta name=\"twitter:data1\" content=\"admin\" \/>\n\t<meta name=\"twitter:label2\" content=\"Tiempo de lectura\" \/>\n\t<meta name=\"twitter:data2\" content=\"4 minutos\" \/>\n<script type=\"application\/ld+json\" class=\"yoast-schema-graph\">{\"@context\":\"https:\\\/\\\/schema.org\",\"@graph\":[{\"@type\":\"Article\",\"@id\":\"https:\\\/\\\/saltoecologico.es\\\/index.php\\\/2023\\\/11\\\/25\\\/proceso-viciado\\\/#article\",\"isPartOf\":{\"@id\":\"https:\\\/\\\/saltoecologico.es\\\/index.php\\\/2023\\\/11\\\/25\\\/proceso-viciado\\\/\"},\"author\":{\"name\":\"admin\",\"@id\":\"https:\\\/\\\/saltoecologico.es\\\/#\\\/schema\\\/person\\\/7175eec4b3c123d86c675313c3a01a0b\"},\"headline\":\"Proceso viciado\",\"datePublished\":\"2023-11-25T09:15:00+00:00\",\"dateModified\":\"2025-04-18T09:16:31+00:00\",\"mainEntityOfPage\":{\"@id\":\"https:\\\/\\\/saltoecologico.es\\\/index.php\\\/2023\\\/11\\\/25\\\/proceso-viciado\\\/\"},\"wordCount\":658,\"commentCount\":0,\"publisher\":{\"@id\":\"https:\\\/\\\/saltoecologico.es\\\/#organization\"},\"image\":{\"@id\":\"https:\\\/\\\/saltoecologico.es\\\/index.php\\\/2023\\\/11\\\/25\\\/proceso-viciado\\\/#primaryimage\"},\"thumbnailUrl\":\"https:\\\/\\\/saltoecologico.es\\\/wp-content\\\/uploads\\\/2025\\\/04\\\/Fosiles26.jpg\",\"articleSection\":[\"Concurrencia competitiva\"],\"inLanguage\":\"es\",\"potentialAction\":[{\"@type\":\"CommentAction\",\"name\":\"Comment\",\"target\":[\"https:\\\/\\\/saltoecologico.es\\\/index.php\\\/2023\\\/11\\\/25\\\/proceso-viciado\\\/#respond\"]}]},{\"@type\":\"WebPage\",\"@id\":\"https:\\\/\\\/saltoecologico.es\\\/index.php\\\/2023\\\/11\\\/25\\\/proceso-viciado\\\/\",\"url\":\"https:\\\/\\\/saltoecologico.es\\\/index.php\\\/2023\\\/11\\\/25\\\/proceso-viciado\\\/\",\"name\":\"Proceso viciado - Salto Ecol\u00f3gico\",\"isPartOf\":{\"@id\":\"https:\\\/\\\/saltoecologico.es\\\/#website\"},\"primaryImageOfPage\":{\"@id\":\"https:\\\/\\\/saltoecologico.es\\\/index.php\\\/2023\\\/11\\\/25\\\/proceso-viciado\\\/#primaryimage\"},\"image\":{\"@id\":\"https:\\\/\\\/saltoecologico.es\\\/index.php\\\/2023\\\/11\\\/25\\\/proceso-viciado\\\/#primaryimage\"},\"thumbnailUrl\":\"https:\\\/\\\/saltoecologico.es\\\/wp-content\\\/uploads\\\/2025\\\/04\\\/Fosiles26.jpg\",\"datePublished\":\"2023-11-25T09:15:00+00:00\",\"dateModified\":\"2025-04-18T09:16:31+00:00\",\"breadcrumb\":{\"@id\":\"https:\\\/\\\/saltoecologico.es\\\/index.php\\\/2023\\\/11\\\/25\\\/proceso-viciado\\\/#breadcrumb\"},\"inLanguage\":\"es\",\"potentialAction\":[{\"@type\":\"ReadAction\",\"target\":[\"https:\\\/\\\/saltoecologico.es\\\/index.php\\\/2023\\\/11\\\/25\\\/proceso-viciado\\\/\"]}]},{\"@type\":\"ImageObject\",\"inLanguage\":\"es\",\"@id\":\"https:\\\/\\\/saltoecologico.es\\\/index.php\\\/2023\\\/11\\\/25\\\/proceso-viciado\\\/#primaryimage\",\"url\":\"https:\\\/\\\/saltoecologico.es\\\/wp-content\\\/uploads\\\/2025\\\/04\\\/Fosiles26.jpg\",\"contentUrl\":\"https:\\\/\\\/saltoecologico.es\\\/wp-content\\\/uploads\\\/2025\\\/04\\\/Fosiles26.jpg\",\"width\":1024,\"height\":682,\"caption\":\"Aerial view of cement factory tower with high concrete plant structure at industrial production area at sunset. Manufacturing and global industry concept.\"},{\"@type\":\"BreadcrumbList\",\"@id\":\"https:\\\/\\\/saltoecologico.es\\\/index.php\\\/2023\\\/11\\\/25\\\/proceso-viciado\\\/#breadcrumb\",\"itemListElement\":[{\"@type\":\"ListItem\",\"position\":1,\"name\":\"Portada\",\"item\":\"https:\\\/\\\/saltoecologico.es\\\/\"},{\"@type\":\"ListItem\",\"position\":2,\"name\":\"Proceso viciado\"}]},{\"@type\":\"WebSite\",\"@id\":\"https:\\\/\\\/saltoecologico.es\\\/#website\",\"url\":\"https:\\\/\\\/saltoecologico.es\\\/\",\"name\":\"Salto Ecol\u00f3gico\",\"description\":\"\",\"publisher\":{\"@id\":\"https:\\\/\\\/saltoecologico.es\\\/#organization\"},\"potentialAction\":[{\"@type\":\"SearchAction\",\"target\":{\"@type\":\"EntryPoint\",\"urlTemplate\":\"https:\\\/\\\/saltoecologico.es\\\/?s={search_term_string}\"},\"query-input\":{\"@type\":\"PropertyValueSpecification\",\"valueRequired\":true,\"valueName\":\"search_term_string\"}}],\"inLanguage\":\"es\"},{\"@type\":\"Organization\",\"@id\":\"https:\\\/\\\/saltoecologico.es\\\/#organization\",\"name\":\"Salto a la Transici\u00f3n Ecol\u00f3gica\",\"url\":\"https:\\\/\\\/saltoecologico.es\\\/\",\"logo\":{\"@type\":\"ImageObject\",\"inLanguage\":\"es\",\"@id\":\"https:\\\/\\\/saltoecologico.es\\\/#\\\/schema\\\/logo\\\/image\\\/\",\"url\":\"https:\\\/\\\/saltoecologico.es\\\/wp-content\\\/uploads\\\/2025\\\/04\\\/Logo-STE.jpg\",\"contentUrl\":\"https:\\\/\\\/saltoecologico.es\\\/wp-content\\\/uploads\\\/2025\\\/04\\\/Logo-STE.jpg\",\"width\":435,\"height\":435,\"caption\":\"Salto a la Transici\u00f3n Ecol\u00f3gica\"},\"image\":{\"@id\":\"https:\\\/\\\/saltoecologico.es\\\/#\\\/schema\\\/logo\\\/image\\\/\"},\"sameAs\":[\"https:\\\/\\\/www.facebook.com\\\/Saltotransicionecologica\"]},{\"@type\":\"Person\",\"@id\":\"https:\\\/\\\/saltoecologico.es\\\/#\\\/schema\\\/person\\\/7175eec4b3c123d86c675313c3a01a0b\",\"name\":\"admin\",\"image\":{\"@type\":\"ImageObject\",\"inLanguage\":\"es\",\"@id\":\"https:\\\/\\\/secure.gravatar.com\\\/avatar\\\/4c215dc57bbc7b2f2f470ac9bd197f3f112636a584e575a732d0206a2d9c9806?s=96&d=mm&r=g\",\"url\":\"https:\\\/\\\/secure.gravatar.com\\\/avatar\\\/4c215dc57bbc7b2f2f470ac9bd197f3f112636a584e575a732d0206a2d9c9806?s=96&d=mm&r=g\",\"contentUrl\":\"https:\\\/\\\/secure.gravatar.com\\\/avatar\\\/4c215dc57bbc7b2f2f470ac9bd197f3f112636a584e575a732d0206a2d9c9806?s=96&d=mm&r=g\",\"caption\":\"admin\"},\"sameAs\":[\"https:\\\/\\\/saltoecologico.es\"],\"url\":\"https:\\\/\\\/saltoecologico.es\\\/index.php\\\/author\\\/saltoecologico\\\/\"}]}<\/script>\n<!-- \/ Yoast SEO plugin. -->","yoast_head_json":{"title":"Proceso viciado - Salto Ecol\u00f3gico","robots":{"index":"index","follow":"follow","max-snippet":"max-snippet:-1","max-image-preview":"max-image-preview:large","max-video-preview":"max-video-preview:-1"},"canonical":"https:\/\/saltoecologico.es\/index.php\/2023\/11\/25\/proceso-viciado\/","og_locale":"es_ES","og_type":"article","og_title":"Proceso viciado - Salto Ecol\u00f3gico","og_description":"Desde hace breves fechas est\u00e1 colgado para informaci\u00f3n p\u00fablica en la web de la Secretar\u00eda de Estado de Energ\u00eda un documento denominado PROPUESTA DE RESOLUCI\u00d3N POR LA QUE SE CONVOCA EL PROCEDIMIENTO DE CONCURRENCIA COMPETITIVA PARA EL OTORGAMIENTO DE LA RESOLUCI\u00d3N FAVORABLE DE COMPATIBILIDAD A EFECTOS DEL RECONOCIMIENTO DEL R\u00c9GIMEN RETRIBUTIVO ADICIONAL PARA LOS SISTEMAS [&hellip;]","og_url":"https:\/\/saltoecologico.es\/index.php\/2023\/11\/25\/proceso-viciado\/","og_site_name":"Salto Ecol\u00f3gico","article_publisher":"https:\/\/www.facebook.com\/Saltotransicionecologica","article_published_time":"2023-11-25T09:15:00+00:00","article_modified_time":"2025-04-18T09:16:31+00:00","og_image":[{"width":1024,"height":682,"url":"https:\/\/saltoecologico.es\/wp-content\/uploads\/2025\/04\/Fosiles26.jpg","type":"image\/jpeg"}],"author":"admin","twitter_card":"summary_large_image","twitter_misc":{"Escrito por":"admin","Tiempo de lectura":"4 minutos"},"schema":{"@context":"https:\/\/schema.org","@graph":[{"@type":"Article","@id":"https:\/\/saltoecologico.es\/index.php\/2023\/11\/25\/proceso-viciado\/#article","isPartOf":{"@id":"https:\/\/saltoecologico.es\/index.php\/2023\/11\/25\/proceso-viciado\/"},"author":{"name":"admin","@id":"https:\/\/saltoecologico.es\/#\/schema\/person\/7175eec4b3c123d86c675313c3a01a0b"},"headline":"Proceso viciado","datePublished":"2023-11-25T09:15:00+00:00","dateModified":"2025-04-18T09:16:31+00:00","mainEntityOfPage":{"@id":"https:\/\/saltoecologico.es\/index.php\/2023\/11\/25\/proceso-viciado\/"},"wordCount":658,"commentCount":0,"publisher":{"@id":"https:\/\/saltoecologico.es\/#organization"},"image":{"@id":"https:\/\/saltoecologico.es\/index.php\/2023\/11\/25\/proceso-viciado\/#primaryimage"},"thumbnailUrl":"https:\/\/saltoecologico.es\/wp-content\/uploads\/2025\/04\/Fosiles26.jpg","articleSection":["Concurrencia competitiva"],"inLanguage":"es","potentialAction":[{"@type":"CommentAction","name":"Comment","target":["https:\/\/saltoecologico.es\/index.php\/2023\/11\/25\/proceso-viciado\/#respond"]}]},{"@type":"WebPage","@id":"https:\/\/saltoecologico.es\/index.php\/2023\/11\/25\/proceso-viciado\/","url":"https:\/\/saltoecologico.es\/index.php\/2023\/11\/25\/proceso-viciado\/","name":"Proceso viciado - Salto Ecol\u00f3gico","isPartOf":{"@id":"https:\/\/saltoecologico.es\/#website"},"primaryImageOfPage":{"@id":"https:\/\/saltoecologico.es\/index.php\/2023\/11\/25\/proceso-viciado\/#primaryimage"},"image":{"@id":"https:\/\/saltoecologico.es\/index.php\/2023\/11\/25\/proceso-viciado\/#primaryimage"},"thumbnailUrl":"https:\/\/saltoecologico.es\/wp-content\/uploads\/2025\/04\/Fosiles26.jpg","datePublished":"2023-11-25T09:15:00+00:00","dateModified":"2025-04-18T09:16:31+00:00","breadcrumb":{"@id":"https:\/\/saltoecologico.es\/index.php\/2023\/11\/25\/proceso-viciado\/#breadcrumb"},"inLanguage":"es","potentialAction":[{"@type":"ReadAction","target":["https:\/\/saltoecologico.es\/index.php\/2023\/11\/25\/proceso-viciado\/"]}]},{"@type":"ImageObject","inLanguage":"es","@id":"https:\/\/saltoecologico.es\/index.php\/2023\/11\/25\/proceso-viciado\/#primaryimage","url":"https:\/\/saltoecologico.es\/wp-content\/uploads\/2025\/04\/Fosiles26.jpg","contentUrl":"https:\/\/saltoecologico.es\/wp-content\/uploads\/2025\/04\/Fosiles26.jpg","width":1024,"height":682,"caption":"Aerial view of cement factory tower with high concrete plant structure at industrial production area at sunset. Manufacturing and global industry concept."},{"@type":"BreadcrumbList","@id":"https:\/\/saltoecologico.es\/index.php\/2023\/11\/25\/proceso-viciado\/#breadcrumb","itemListElement":[{"@type":"ListItem","position":1,"name":"Portada","item":"https:\/\/saltoecologico.es\/"},{"@type":"ListItem","position":2,"name":"Proceso viciado"}]},{"@type":"WebSite","@id":"https:\/\/saltoecologico.es\/#website","url":"https:\/\/saltoecologico.es\/","name":"Salto Ecol\u00f3gico","description":"","publisher":{"@id":"https:\/\/saltoecologico.es\/#organization"},"potentialAction":[{"@type":"SearchAction","target":{"@type":"EntryPoint","urlTemplate":"https:\/\/saltoecologico.es\/?s={search_term_string}"},"query-input":{"@type":"PropertyValueSpecification","valueRequired":true,"valueName":"search_term_string"}}],"inLanguage":"es"},{"@type":"Organization","@id":"https:\/\/saltoecologico.es\/#organization","name":"Salto a la Transici\u00f3n Ecol\u00f3gica","url":"https:\/\/saltoecologico.es\/","logo":{"@type":"ImageObject","inLanguage":"es","@id":"https:\/\/saltoecologico.es\/#\/schema\/logo\/image\/","url":"https:\/\/saltoecologico.es\/wp-content\/uploads\/2025\/04\/Logo-STE.jpg","contentUrl":"https:\/\/saltoecologico.es\/wp-content\/uploads\/2025\/04\/Logo-STE.jpg","width":435,"height":435,"caption":"Salto a la Transici\u00f3n Ecol\u00f3gica"},"image":{"@id":"https:\/\/saltoecologico.es\/#\/schema\/logo\/image\/"},"sameAs":["https:\/\/www.facebook.com\/Saltotransicionecologica"]},{"@type":"Person","@id":"https:\/\/saltoecologico.es\/#\/schema\/person\/7175eec4b3c123d86c675313c3a01a0b","name":"admin","image":{"@type":"ImageObject","inLanguage":"es","@id":"https:\/\/secure.gravatar.com\/avatar\/4c215dc57bbc7b2f2f470ac9bd197f3f112636a584e575a732d0206a2d9c9806?s=96&d=mm&r=g","url":"https:\/\/secure.gravatar.com\/avatar\/4c215dc57bbc7b2f2f470ac9bd197f3f112636a584e575a732d0206a2d9c9806?s=96&d=mm&r=g","contentUrl":"https:\/\/secure.gravatar.com\/avatar\/4c215dc57bbc7b2f2f470ac9bd197f3f112636a584e575a732d0206a2d9c9806?s=96&d=mm&r=g","caption":"admin"},"sameAs":["https:\/\/saltoecologico.es"],"url":"https:\/\/saltoecologico.es\/index.php\/author\/saltoecologico\/"}]}},"_links":{"self":[{"href":"https:\/\/saltoecologico.es\/index.php\/wp-json\/wp\/v2\/posts\/706","targetHints":{"allow":["GET"]}}],"collection":[{"href":"https:\/\/saltoecologico.es\/index.php\/wp-json\/wp\/v2\/posts"}],"about":[{"href":"https:\/\/saltoecologico.es\/index.php\/wp-json\/wp\/v2\/types\/post"}],"author":[{"embeddable":true,"href":"https:\/\/saltoecologico.es\/index.php\/wp-json\/wp\/v2\/users\/1"}],"replies":[{"embeddable":true,"href":"https:\/\/saltoecologico.es\/index.php\/wp-json\/wp\/v2\/comments?post=706"}],"version-history":[{"count":1,"href":"https:\/\/saltoecologico.es\/index.php\/wp-json\/wp\/v2\/posts\/706\/revisions"}],"predecessor-version":[{"id":708,"href":"https:\/\/saltoecologico.es\/index.php\/wp-json\/wp\/v2\/posts\/706\/revisions\/708"}],"wp:featuredmedia":[{"embeddable":true,"href":"https:\/\/saltoecologico.es\/index.php\/wp-json\/wp\/v2\/media\/707"}],"wp:attachment":[{"href":"https:\/\/saltoecologico.es\/index.php\/wp-json\/wp\/v2\/media?parent=706"}],"wp:term":[{"taxonomy":"category","embeddable":true,"href":"https:\/\/saltoecologico.es\/index.php\/wp-json\/wp\/v2\/categories?post=706"},{"taxonomy":"post_tag","embeddable":true,"href":"https:\/\/saltoecologico.es\/index.php\/wp-json\/wp\/v2\/tags?post=706"}],"curies":[{"name":"wp","href":"https:\/\/api.w.org\/{rel}","templated":true}]}}