{"id":709,"date":"2023-12-01T09:17:00","date_gmt":"2023-12-01T09:17:00","guid":{"rendered":"https:\/\/saltoecologico.es\/?p=709"},"modified":"2025-04-18T09:18:23","modified_gmt":"2025-04-18T09:18:23","slug":"negacionismo-de-facto","status":"publish","type":"post","link":"https:\/\/saltoecologico.es\/index.php\/2023\/12\/01\/negacionismo-de-facto\/","title":{"rendered":"Negacionismo de facto"},"content":{"rendered":"\n<p class=\"wp-block-paragraph\">Definitivamente la lucha contra el cambio clim\u00e1tico antropog\u00e9nico la estamos perdiendo y lo hacemos por la posici\u00f3n negacionistas de facto en la que hemos entrado. Se ha instalado en el parecer colectivo la idea de que el cambio clim\u00e1tico provocado por la acci\u00f3n humana, si bien es cierto y real, tampoco es tan dram\u00e1tico ni urgente. El hecho de que la \u00fanica posibilidad que tenemos, ya no de revertir sus efectos, sino simplemente de paliarlos adecuadamente, mediante la disminuci\u00f3n del consumo de combustible f\u00f3siles, se ha convertido en un objetivo, pero a m\u00e1s largo plazo.<\/p>\n\n\n\n<p class=\"wp-block-paragraph\">Evidentemente los poderosos lobbies en torno a la producci\u00f3n de estos combustibles han hecho muy bien sus deberes y han conseguido transmitir la idea err\u00f3nea, de que la mejor transici\u00f3n hacia las renovables son los propios combustibles f\u00f3siles, porque estas a\u00fan no est\u00e1n lo suficientemente maduras, son muy costosas, no hay suficientes materiales y adem\u00e1s producen un impacto visual inadmisible.<\/p>\n\n\n\n<p class=\"wp-block-paragraph\">La prueba m\u00e1s evidente de lo que decimos es la COP28 que como \u00faltima edici\u00f3n de la Conferencia de la ONU sobre Cambio Clim\u00e1tico, deber\u00eda ser el \u201csanto sanct\u00f3rum\u201d de la lucha contra los combustibles f\u00f3siles y sin embargo se celebra en un pa\u00eds, Emiratos \u00c1rabes Unidos, que es unos de los principales productores de petr\u00f3leo del mundo, est\u00e1 presidida por el Sult\u00e1n Ahmed Al-Jaber, director general de la compa\u00f1\u00eda petrolera estatal emirat\u00ed y seg\u00fan la BBC pretend\u00eda llegar a acuerdos secretos de gas y petr\u00f3leo con 15 pa\u00edses.<\/p>\n\n\n\n<p class=\"wp-block-paragraph\">Pero esto, aunque tremendamente significativo, no es un hecho aislado ni circunscrito a determinadas zonas del mundo. Aqu\u00ed mismo, en Canarias, nos encontramos con un proceso abierto para renovar una buena cantidad de grupos de combustibles f\u00f3siles de nuestras centrales el\u00e9ctricas, concretamente alrededor de 1.000 MW, que se pueden convertir en mas de 120 grupos, dependiendo de su tama\u00f1o, sin que el movimiento ecologista, en su inmensa mayor\u00eda, haya movido un solo dedo. Al parecer se asume la imposibilidad de conseguir sistemas 100% renovables y se da por buena la introducci\u00f3n del gas natural en nuestras centrales t\u00e9rmicas.<\/p>\n\n\n\n<p class=\"wp-block-paragraph\">Por otro lado, uno de los pilares de la descarbonizaci\u00f3n es el hidr\u00f3geno, pero no cualquier hidr\u00f3geno, sino el hidrogeno con el apelativo de \u201cverde\u201d que es aquel que se obtiene de la electr\u00f3lisis del agua mediante la aplicaci\u00f3n de energ\u00eda el\u00e9ctrica obtenida de renovables. Este hidr\u00f3geno tiene multitud de aplicaciones tales como el almacenamiento de energ\u00eda o servir de base para la producci\u00f3n de todos los combustibles sint\u00e9ticos, vitales para descarbonizar aspectos como el transporte mar\u00edtimo o el a\u00e9reo. El problema estriba en que este proceso es altamente deficiente y solo tiene sentido si se utiliza la energ\u00eda el\u00e9ctrica procedente de vertidos, es decir, aquella energ\u00eda que iba a ser desperdiciada por no poder ser absorbida por el sistema. Pero para conseguir esto en las proporciones adecuadas, se tiene que llevar a cabo una penetraci\u00f3n renovable bastante importante, tanto en parques e\u00f3licos (terrestres y marinos) como en fotovoltaica. Pero he aqu\u00ed que se vuelve a manifestar ese negacionismo de facto, al preferir que no se instale absolutamente nada, sino no responde a unos c\u00e1nones de una falsamente denominada \u201cdemocratizaci\u00f3n energ\u00e9tica\u201d, que adem\u00e1s no consuma territorio y que adem\u00e1s no tenga ning\u00fan impacto visual.<\/p>\n\n\n\n<p class=\"wp-block-paragraph\">Con todas estas par\u00e1lisis en la transici\u00f3n energ\u00e9tica mundial, lo que se est\u00e1 consiguiendo es que no disminuyamos un \u00e1pice la emisi\u00f3n de gases de efecto invernadero, debido a que no se reduce la quema de combustibles f\u00f3siles y por tanto el planeta se sigue calentando y el cambio clim\u00e1tico sigue inexorablemente su camino hacia nuestra fat\u00eddica extinci\u00f3n.<\/p>\n","protected":false},"excerpt":{"rendered":"<p>Definitivamente la lucha contra el cambio clim\u00e1tico antropog\u00e9nico la estamos perdiendo y lo hacemos por la posici\u00f3n negacionistas de facto en la que hemos entrado. Se ha instalado en el parecer colectivo la idea de que el cambio clim\u00e1tico provocado por la acci\u00f3n humana, si bien es cierto y real, tampoco es tan dram\u00e1tico ni [&hellip;]<\/p>\n","protected":false},"author":1,"featured_media":710,"comment_status":"open","ping_status":"open","sticky":false,"template":"","format":"standard","meta":{"footnotes":""},"categories":[55],"tags":[],"class_list":["post-709","post","type-post","status-publish","format-standard","has-post-thumbnail","category-general"],"yoast_head":"<!-- This site is optimized with the Yoast SEO plugin v28.2 - https:\/\/yoast.com\/product\/yoast-seo-wordpress\/ -->\n<title>Negacionismo de facto - Salto Ecol\u00f3gico<\/title>\n<meta name=\"robots\" content=\"index, follow, max-snippet:-1, max-image-preview:large, max-video-preview:-1\" \/>\n<link rel=\"canonical\" href=\"https:\/\/saltoecologico.es\/index.php\/2023\/12\/01\/negacionismo-de-facto\/\" \/>\n<meta property=\"og:locale\" content=\"es_ES\" \/>\n<meta property=\"og:type\" content=\"article\" \/>\n<meta property=\"og:title\" content=\"Negacionismo de facto - Salto Ecol\u00f3gico\" \/>\n<meta property=\"og:description\" content=\"Definitivamente la lucha contra el cambio clim\u00e1tico antropog\u00e9nico la estamos perdiendo y lo hacemos por la posici\u00f3n negacionistas de facto en la que hemos entrado. Se ha instalado en el parecer colectivo la idea de que el cambio clim\u00e1tico provocado por la acci\u00f3n humana, si bien es cierto y real, tampoco es tan dram\u00e1tico ni [&hellip;]\" \/>\n<meta property=\"og:url\" content=\"https:\/\/saltoecologico.es\/index.php\/2023\/12\/01\/negacionismo-de-facto\/\" \/>\n<meta property=\"og:site_name\" content=\"Salto Ecol\u00f3gico\" \/>\n<meta property=\"article:publisher\" content=\"https:\/\/www.facebook.com\/Saltotransicionecologica\" \/>\n<meta property=\"article:published_time\" content=\"2023-12-01T09:17:00+00:00\" \/>\n<meta property=\"article:modified_time\" content=\"2025-04-18T09:18:23+00:00\" \/>\n<meta property=\"og:image\" content=\"https:\/\/saltoecologico.es\/wp-content\/uploads\/2025\/04\/Fosiles27.jpg\" \/>\n\t<meta property=\"og:image:width\" content=\"1024\" \/>\n\t<meta property=\"og:image:height\" content=\"683\" \/>\n\t<meta property=\"og:image:type\" content=\"image\/jpeg\" \/>\n<meta name=\"author\" content=\"admin\" \/>\n<meta name=\"twitter:card\" content=\"summary_large_image\" \/>\n<meta name=\"twitter:label1\" content=\"Escrito por\" \/>\n\t<meta name=\"twitter:data1\" content=\"admin\" \/>\n\t<meta name=\"twitter:label2\" content=\"Tiempo de lectura\" \/>\n\t<meta name=\"twitter:data2\" content=\"3 minutos\" \/>\n<script type=\"application\/ld+json\" class=\"yoast-schema-graph\">{\"@context\":\"https:\\\/\\\/schema.org\",\"@graph\":[{\"@type\":\"Article\",\"@id\":\"https:\\\/\\\/saltoecologico.es\\\/index.php\\\/2023\\\/12\\\/01\\\/negacionismo-de-facto\\\/#article\",\"isPartOf\":{\"@id\":\"https:\\\/\\\/saltoecologico.es\\\/index.php\\\/2023\\\/12\\\/01\\\/negacionismo-de-facto\\\/\"},\"author\":{\"name\":\"admin\",\"@id\":\"https:\\\/\\\/saltoecologico.es\\\/#\\\/schema\\\/person\\\/7175eec4b3c123d86c675313c3a01a0b\"},\"headline\":\"Negacionismo de facto\",\"datePublished\":\"2023-12-01T09:17:00+00:00\",\"dateModified\":\"2025-04-18T09:18:23+00:00\",\"mainEntityOfPage\":{\"@id\":\"https:\\\/\\\/saltoecologico.es\\\/index.php\\\/2023\\\/12\\\/01\\\/negacionismo-de-facto\\\/\"},\"wordCount\":661,\"commentCount\":0,\"publisher\":{\"@id\":\"https:\\\/\\\/saltoecologico.es\\\/#organization\"},\"image\":{\"@id\":\"https:\\\/\\\/saltoecologico.es\\\/index.php\\\/2023\\\/12\\\/01\\\/negacionismo-de-facto\\\/#primaryimage\"},\"thumbnailUrl\":\"https:\\\/\\\/saltoecologico.es\\\/wp-content\\\/uploads\\\/2025\\\/04\\\/Fosiles27.jpg\",\"articleSection\":[\"General\"],\"inLanguage\":\"es\",\"potentialAction\":[{\"@type\":\"CommentAction\",\"name\":\"Comment\",\"target\":[\"https:\\\/\\\/saltoecologico.es\\\/index.php\\\/2023\\\/12\\\/01\\\/negacionismo-de-facto\\\/#respond\"]}]},{\"@type\":\"WebPage\",\"@id\":\"https:\\\/\\\/saltoecologico.es\\\/index.php\\\/2023\\\/12\\\/01\\\/negacionismo-de-facto\\\/\",\"url\":\"https:\\\/\\\/saltoecologico.es\\\/index.php\\\/2023\\\/12\\\/01\\\/negacionismo-de-facto\\\/\",\"name\":\"Negacionismo de facto - Salto Ecol\u00f3gico\",\"isPartOf\":{\"@id\":\"https:\\\/\\\/saltoecologico.es\\\/#website\"},\"primaryImageOfPage\":{\"@id\":\"https:\\\/\\\/saltoecologico.es\\\/index.php\\\/2023\\\/12\\\/01\\\/negacionismo-de-facto\\\/#primaryimage\"},\"image\":{\"@id\":\"https:\\\/\\\/saltoecologico.es\\\/index.php\\\/2023\\\/12\\\/01\\\/negacionismo-de-facto\\\/#primaryimage\"},\"thumbnailUrl\":\"https:\\\/\\\/saltoecologico.es\\\/wp-content\\\/uploads\\\/2025\\\/04\\\/Fosiles27.jpg\",\"datePublished\":\"2023-12-01T09:17:00+00:00\",\"dateModified\":\"2025-04-18T09:18:23+00:00\",\"breadcrumb\":{\"@id\":\"https:\\\/\\\/saltoecologico.es\\\/index.php\\\/2023\\\/12\\\/01\\\/negacionismo-de-facto\\\/#breadcrumb\"},\"inLanguage\":\"es\",\"potentialAction\":[{\"@type\":\"ReadAction\",\"target\":[\"https:\\\/\\\/saltoecologico.es\\\/index.php\\\/2023\\\/12\\\/01\\\/negacionismo-de-facto\\\/\"]}]},{\"@type\":\"ImageObject\",\"inLanguage\":\"es\",\"@id\":\"https:\\\/\\\/saltoecologico.es\\\/index.php\\\/2023\\\/12\\\/01\\\/negacionismo-de-facto\\\/#primaryimage\",\"url\":\"https:\\\/\\\/saltoecologico.es\\\/wp-content\\\/uploads\\\/2025\\\/04\\\/Fosiles27.jpg\",\"contentUrl\":\"https:\\\/\\\/saltoecologico.es\\\/wp-content\\\/uploads\\\/2025\\\/04\\\/Fosiles27.jpg\",\"width\":1024,\"height\":683,\"caption\":\"A chimney chemical plant in the discharge of pollutants\"},{\"@type\":\"BreadcrumbList\",\"@id\":\"https:\\\/\\\/saltoecologico.es\\\/index.php\\\/2023\\\/12\\\/01\\\/negacionismo-de-facto\\\/#breadcrumb\",\"itemListElement\":[{\"@type\":\"ListItem\",\"position\":1,\"name\":\"Portada\",\"item\":\"https:\\\/\\\/saltoecologico.es\\\/\"},{\"@type\":\"ListItem\",\"position\":2,\"name\":\"Negacionismo de facto\"}]},{\"@type\":\"WebSite\",\"@id\":\"https:\\\/\\\/saltoecologico.es\\\/#website\",\"url\":\"https:\\\/\\\/saltoecologico.es\\\/\",\"name\":\"Salto Ecol\u00f3gico\",\"description\":\"\",\"publisher\":{\"@id\":\"https:\\\/\\\/saltoecologico.es\\\/#organization\"},\"potentialAction\":[{\"@type\":\"SearchAction\",\"target\":{\"@type\":\"EntryPoint\",\"urlTemplate\":\"https:\\\/\\\/saltoecologico.es\\\/?s={search_term_string}\"},\"query-input\":{\"@type\":\"PropertyValueSpecification\",\"valueRequired\":true,\"valueName\":\"search_term_string\"}}],\"inLanguage\":\"es\"},{\"@type\":\"Organization\",\"@id\":\"https:\\\/\\\/saltoecologico.es\\\/#organization\",\"name\":\"Salto a la Transici\u00f3n Ecol\u00f3gica\",\"url\":\"https:\\\/\\\/saltoecologico.es\\\/\",\"logo\":{\"@type\":\"ImageObject\",\"inLanguage\":\"es\",\"@id\":\"https:\\\/\\\/saltoecologico.es\\\/#\\\/schema\\\/logo\\\/image\\\/\",\"url\":\"https:\\\/\\\/saltoecologico.es\\\/wp-content\\\/uploads\\\/2025\\\/04\\\/Logo-STE.jpg\",\"contentUrl\":\"https:\\\/\\\/saltoecologico.es\\\/wp-content\\\/uploads\\\/2025\\\/04\\\/Logo-STE.jpg\",\"width\":435,\"height\":435,\"caption\":\"Salto a la Transici\u00f3n Ecol\u00f3gica\"},\"image\":{\"@id\":\"https:\\\/\\\/saltoecologico.es\\\/#\\\/schema\\\/logo\\\/image\\\/\"},\"sameAs\":[\"https:\\\/\\\/www.facebook.com\\\/Saltotransicionecologica\"]},{\"@type\":\"Person\",\"@id\":\"https:\\\/\\\/saltoecologico.es\\\/#\\\/schema\\\/person\\\/7175eec4b3c123d86c675313c3a01a0b\",\"name\":\"admin\",\"image\":{\"@type\":\"ImageObject\",\"inLanguage\":\"es\",\"@id\":\"https:\\\/\\\/secure.gravatar.com\\\/avatar\\\/4c215dc57bbc7b2f2f470ac9bd197f3f112636a584e575a732d0206a2d9c9806?s=96&d=mm&r=g\",\"url\":\"https:\\\/\\\/secure.gravatar.com\\\/avatar\\\/4c215dc57bbc7b2f2f470ac9bd197f3f112636a584e575a732d0206a2d9c9806?s=96&d=mm&r=g\",\"contentUrl\":\"https:\\\/\\\/secure.gravatar.com\\\/avatar\\\/4c215dc57bbc7b2f2f470ac9bd197f3f112636a584e575a732d0206a2d9c9806?s=96&d=mm&r=g\",\"caption\":\"admin\"},\"sameAs\":[\"https:\\\/\\\/saltoecologico.es\"],\"url\":\"https:\\\/\\\/saltoecologico.es\\\/index.php\\\/author\\\/saltoecologico\\\/\"}]}<\/script>\n<!-- \/ Yoast SEO plugin. -->","yoast_head_json":{"title":"Negacionismo de facto - Salto Ecol\u00f3gico","robots":{"index":"index","follow":"follow","max-snippet":"max-snippet:-1","max-image-preview":"max-image-preview:large","max-video-preview":"max-video-preview:-1"},"canonical":"https:\/\/saltoecologico.es\/index.php\/2023\/12\/01\/negacionismo-de-facto\/","og_locale":"es_ES","og_type":"article","og_title":"Negacionismo de facto - Salto Ecol\u00f3gico","og_description":"Definitivamente la lucha contra el cambio clim\u00e1tico antropog\u00e9nico la estamos perdiendo y lo hacemos por la posici\u00f3n negacionistas de facto en la que hemos entrado. Se ha instalado en el parecer colectivo la idea de que el cambio clim\u00e1tico provocado por la acci\u00f3n humana, si bien es cierto y real, tampoco es tan dram\u00e1tico ni [&hellip;]","og_url":"https:\/\/saltoecologico.es\/index.php\/2023\/12\/01\/negacionismo-de-facto\/","og_site_name":"Salto Ecol\u00f3gico","article_publisher":"https:\/\/www.facebook.com\/Saltotransicionecologica","article_published_time":"2023-12-01T09:17:00+00:00","article_modified_time":"2025-04-18T09:18:23+00:00","og_image":[{"width":1024,"height":683,"url":"https:\/\/saltoecologico.es\/wp-content\/uploads\/2025\/04\/Fosiles27.jpg","type":"image\/jpeg"}],"author":"admin","twitter_card":"summary_large_image","twitter_misc":{"Escrito por":"admin","Tiempo de lectura":"3 minutos"},"schema":{"@context":"https:\/\/schema.org","@graph":[{"@type":"Article","@id":"https:\/\/saltoecologico.es\/index.php\/2023\/12\/01\/negacionismo-de-facto\/#article","isPartOf":{"@id":"https:\/\/saltoecologico.es\/index.php\/2023\/12\/01\/negacionismo-de-facto\/"},"author":{"name":"admin","@id":"https:\/\/saltoecologico.es\/#\/schema\/person\/7175eec4b3c123d86c675313c3a01a0b"},"headline":"Negacionismo de facto","datePublished":"2023-12-01T09:17:00+00:00","dateModified":"2025-04-18T09:18:23+00:00","mainEntityOfPage":{"@id":"https:\/\/saltoecologico.es\/index.php\/2023\/12\/01\/negacionismo-de-facto\/"},"wordCount":661,"commentCount":0,"publisher":{"@id":"https:\/\/saltoecologico.es\/#organization"},"image":{"@id":"https:\/\/saltoecologico.es\/index.php\/2023\/12\/01\/negacionismo-de-facto\/#primaryimage"},"thumbnailUrl":"https:\/\/saltoecologico.es\/wp-content\/uploads\/2025\/04\/Fosiles27.jpg","articleSection":["General"],"inLanguage":"es","potentialAction":[{"@type":"CommentAction","name":"Comment","target":["https:\/\/saltoecologico.es\/index.php\/2023\/12\/01\/negacionismo-de-facto\/#respond"]}]},{"@type":"WebPage","@id":"https:\/\/saltoecologico.es\/index.php\/2023\/12\/01\/negacionismo-de-facto\/","url":"https:\/\/saltoecologico.es\/index.php\/2023\/12\/01\/negacionismo-de-facto\/","name":"Negacionismo de facto - Salto Ecol\u00f3gico","isPartOf":{"@id":"https:\/\/saltoecologico.es\/#website"},"primaryImageOfPage":{"@id":"https:\/\/saltoecologico.es\/index.php\/2023\/12\/01\/negacionismo-de-facto\/#primaryimage"},"image":{"@id":"https:\/\/saltoecologico.es\/index.php\/2023\/12\/01\/negacionismo-de-facto\/#primaryimage"},"thumbnailUrl":"https:\/\/saltoecologico.es\/wp-content\/uploads\/2025\/04\/Fosiles27.jpg","datePublished":"2023-12-01T09:17:00+00:00","dateModified":"2025-04-18T09:18:23+00:00","breadcrumb":{"@id":"https:\/\/saltoecologico.es\/index.php\/2023\/12\/01\/negacionismo-de-facto\/#breadcrumb"},"inLanguage":"es","potentialAction":[{"@type":"ReadAction","target":["https:\/\/saltoecologico.es\/index.php\/2023\/12\/01\/negacionismo-de-facto\/"]}]},{"@type":"ImageObject","inLanguage":"es","@id":"https:\/\/saltoecologico.es\/index.php\/2023\/12\/01\/negacionismo-de-facto\/#primaryimage","url":"https:\/\/saltoecologico.es\/wp-content\/uploads\/2025\/04\/Fosiles27.jpg","contentUrl":"https:\/\/saltoecologico.es\/wp-content\/uploads\/2025\/04\/Fosiles27.jpg","width":1024,"height":683,"caption":"A chimney chemical plant in the discharge of pollutants"},{"@type":"BreadcrumbList","@id":"https:\/\/saltoecologico.es\/index.php\/2023\/12\/01\/negacionismo-de-facto\/#breadcrumb","itemListElement":[{"@type":"ListItem","position":1,"name":"Portada","item":"https:\/\/saltoecologico.es\/"},{"@type":"ListItem","position":2,"name":"Negacionismo de facto"}]},{"@type":"WebSite","@id":"https:\/\/saltoecologico.es\/#website","url":"https:\/\/saltoecologico.es\/","name":"Salto Ecol\u00f3gico","description":"","publisher":{"@id":"https:\/\/saltoecologico.es\/#organization"},"potentialAction":[{"@type":"SearchAction","target":{"@type":"EntryPoint","urlTemplate":"https:\/\/saltoecologico.es\/?s={search_term_string}"},"query-input":{"@type":"PropertyValueSpecification","valueRequired":true,"valueName":"search_term_string"}}],"inLanguage":"es"},{"@type":"Organization","@id":"https:\/\/saltoecologico.es\/#organization","name":"Salto a la Transici\u00f3n Ecol\u00f3gica","url":"https:\/\/saltoecologico.es\/","logo":{"@type":"ImageObject","inLanguage":"es","@id":"https:\/\/saltoecologico.es\/#\/schema\/logo\/image\/","url":"https:\/\/saltoecologico.es\/wp-content\/uploads\/2025\/04\/Logo-STE.jpg","contentUrl":"https:\/\/saltoecologico.es\/wp-content\/uploads\/2025\/04\/Logo-STE.jpg","width":435,"height":435,"caption":"Salto a la Transici\u00f3n Ecol\u00f3gica"},"image":{"@id":"https:\/\/saltoecologico.es\/#\/schema\/logo\/image\/"},"sameAs":["https:\/\/www.facebook.com\/Saltotransicionecologica"]},{"@type":"Person","@id":"https:\/\/saltoecologico.es\/#\/schema\/person\/7175eec4b3c123d86c675313c3a01a0b","name":"admin","image":{"@type":"ImageObject","inLanguage":"es","@id":"https:\/\/secure.gravatar.com\/avatar\/4c215dc57bbc7b2f2f470ac9bd197f3f112636a584e575a732d0206a2d9c9806?s=96&d=mm&r=g","url":"https:\/\/secure.gravatar.com\/avatar\/4c215dc57bbc7b2f2f470ac9bd197f3f112636a584e575a732d0206a2d9c9806?s=96&d=mm&r=g","contentUrl":"https:\/\/secure.gravatar.com\/avatar\/4c215dc57bbc7b2f2f470ac9bd197f3f112636a584e575a732d0206a2d9c9806?s=96&d=mm&r=g","caption":"admin"},"sameAs":["https:\/\/saltoecologico.es"],"url":"https:\/\/saltoecologico.es\/index.php\/author\/saltoecologico\/"}]}},"_links":{"self":[{"href":"https:\/\/saltoecologico.es\/index.php\/wp-json\/wp\/v2\/posts\/709","targetHints":{"allow":["GET"]}}],"collection":[{"href":"https:\/\/saltoecologico.es\/index.php\/wp-json\/wp\/v2\/posts"}],"about":[{"href":"https:\/\/saltoecologico.es\/index.php\/wp-json\/wp\/v2\/types\/post"}],"author":[{"embeddable":true,"href":"https:\/\/saltoecologico.es\/index.php\/wp-json\/wp\/v2\/users\/1"}],"replies":[{"embeddable":true,"href":"https:\/\/saltoecologico.es\/index.php\/wp-json\/wp\/v2\/comments?post=709"}],"version-history":[{"count":1,"href":"https:\/\/saltoecologico.es\/index.php\/wp-json\/wp\/v2\/posts\/709\/revisions"}],"predecessor-version":[{"id":711,"href":"https:\/\/saltoecologico.es\/index.php\/wp-json\/wp\/v2\/posts\/709\/revisions\/711"}],"wp:featuredmedia":[{"embeddable":true,"href":"https:\/\/saltoecologico.es\/index.php\/wp-json\/wp\/v2\/media\/710"}],"wp:attachment":[{"href":"https:\/\/saltoecologico.es\/index.php\/wp-json\/wp\/v2\/media?parent=709"}],"wp:term":[{"taxonomy":"category","embeddable":true,"href":"https:\/\/saltoecologico.es\/index.php\/wp-json\/wp\/v2\/categories?post=709"},{"taxonomy":"post_tag","embeddable":true,"href":"https:\/\/saltoecologico.es\/index.php\/wp-json\/wp\/v2\/tags?post=709"}],"curies":[{"name":"wp","href":"https:\/\/api.w.org\/{rel}","templated":true}]}}