{"id":712,"date":"2023-12-03T09:19:00","date_gmt":"2023-12-03T09:19:00","guid":{"rendered":"https:\/\/saltoecologico.es\/?p=712"},"modified":"2025-04-18T09:20:19","modified_gmt":"2025-04-18T09:20:19","slug":"pregunta-pertinente","status":"publish","type":"post","link":"https:\/\/saltoecologico.es\/index.php\/2023\/12\/03\/pregunta-pertinente\/","title":{"rendered":"Pregunta pertinente"},"content":{"rendered":"\n<p class=\"wp-block-paragraph\">En la Comisi\u00f3n de Transici\u00f3n Ecol\u00f3gica del Parlamento de Canarias de 1 de diciembre de 2023 se formul\u00f3 una pregunta muy pertinente por parte de la diputada Do\u00f1a Alicia Vanoostende del grupo socialista y que textualmente dec\u00eda: \u201c\u00bfPor qu\u00e9 si el apag\u00f3n de la Gomera da lugar a esta emergencia energ\u00e9tica no aparece La Gomera en la licitaci\u00f3n?. La respuesta del se\u00f1or consejero, Don Mariano Hern\u00e1ndez Zapata fue altamente esclarecedora: \u201cPorque la Ley de energ\u00eda no lo permite\u201d.<\/p>\n\n\n\n<p class=\"wp-block-paragraph\">Dejando a un lado el hecho de que \u201cLa Ley de Energ\u00eda\u201d no existe en el ordenamiento legislativo espa\u00f1ol, el se\u00f1or consejero se refiere al Real Decreto 738\/2015, de 31 de julio, por el que se regula la actividad de producci\u00f3n de energ\u00eda el\u00e9ctrica y el procedimiento de despacho en los sistemas el\u00e9ctricos de los territorios no peninsulares, que en el art\u00edculo 59 establece que en los casos en los que el Operador de Sistema ponga de manifiesto riesgos de cobertura de la demanda en el CORTO PLAZO, la comunidad aut\u00f3noma afectada podr\u00e1 adoptar medidas para la garant\u00eda del suministro.<\/p>\n\n\n\n<p class=\"wp-block-paragraph\">La cuesti\u00f3n est\u00e1 en que el operador del sistema solo ha puesto de manifiesto que existe riesgo a CORTO PLAZO en las islas de Tenerife, Gran Canaria y Fuerteventura y por lo tanto siendo rigurosos, tan solo se podr\u00eda hablar de \u201cemergencia energ\u00e9tica\u201d en estas tres islas y no en todo el archipi\u00e9lago.<\/p>\n\n\n\n<p class=\"wp-block-paragraph\">Por tanto se pone de manifiesto, una vez m\u00e1s, la tesis que se viene manteniendo desde Salto a la Transici\u00f3n Ecol\u00f3gica de que aprovechar el cero de la Gomera para ser el detonante de la justificaci\u00f3n de una extempor\u00e1nea y fuera de lugar declaraci\u00f3n de emergencia energ\u00e9tica, carece de total fundamento y que deja a las claras el no querer afrontar las verdaderas causas de este cero pidiendo explicaciones al \u00fanico responsable de toda la cuesti\u00f3n que no es otro sino la empresa propietaria de la central implicada.<\/p>\n\n\n\n<p class=\"wp-block-paragraph\">Pero es que, adem\u00e1s, \u201caprovechando que el Pisuerga pasa por Valladolid\u201d podemos generar una alarma social infundada con la obsolescencia de los grupos de generaci\u00f3n que nos permita tomar una serie de medidas, que de otra forma ser\u00eda muy complicado de aceptar por la ciudadan\u00eda, como por ejemplo la introducci\u00f3n del gas en la generaci\u00f3n el\u00e9ctrica de Canarias.<\/p>\n\n\n\n<p class=\"wp-block-paragraph\">Lo de la alarma infundada lo evidencia los informes del Operador del Sistema que no considera que a CORTO PLAZO haya riesgo en las islas de Lanzarote, La Palma, La Gomera y el Hierro, a pesar de que estas islas tambi\u00e9n tienen entre sus instalaciones de generaci\u00f3n el\u00e9ctrica unidades con su vida \u00fatil regulatoria vencida. As\u00ed por ejemplo Lanzarote tiene 7 de los 13 grupos vencidos, La Palma 6 de los 11, La Gomera 5 de los 9 y el Hierro 6 grupos de los 11 existentes con su vida \u00fatil regulatoria caducada.<\/p>\n\n\n\n<p class=\"wp-block-paragraph\">La cuesti\u00f3n estriba en que la vida \u00fatil regulatoria se fija por ley en 25 a\u00f1os, tiempo durante el cual la unidad puede recibir bonificaciones, subvenciones o retribuciones adicionales, pero que no tiene nada que ver con la vida \u00fatil real que el fabricante recomienda para ese grupo. Tanto es as\u00ed, que, en la misma isla del apag\u00f3n, La Gomera, el Diesel 13 finaliz\u00f3 su vida \u00fatil regulatoria en el 2012 y en el listado de 2019 a\u00fan segu\u00eda estando operativo y produciendo energ\u00eda.<\/p>\n\n\n\n<p class=\"wp-block-paragraph\">Una vez m\u00e1s se pone de manifiesto como se utiliza la confusi\u00f3n y las medias verdades para manipular el sentir de la ciudadan\u00eda para inducirlos a aceptar medidas que van en contra de sus propios intereses y en este caso, en contra de su propia existencia, porque todo lo que sea renovar instalaciones basadas en combustibles f\u00f3siles, supone un retroceso en la consecuci\u00f3n de sistemas cien por cien renovables.<\/p>\n","protected":false},"excerpt":{"rendered":"<p>En la Comisi\u00f3n de Transici\u00f3n Ecol\u00f3gica del Parlamento de Canarias de 1 de diciembre de 2023 se formul\u00f3 una pregunta muy pertinente por parte de la diputada Do\u00f1a Alicia Vanoostende del grupo socialista y que textualmente dec\u00eda: \u201c\u00bfPor qu\u00e9 si el apag\u00f3n de la Gomera da lugar a esta emergencia energ\u00e9tica no aparece La Gomera [&hellip;]<\/p>\n","protected":false},"author":1,"featured_media":713,"comment_status":"open","ping_status":"open","sticky":false,"template":"","format":"standard","meta":{"footnotes":""},"categories":[55],"tags":[],"class_list":["post-712","post","type-post","status-publish","format-standard","has-post-thumbnail","category-general"],"yoast_head":"<!-- This site is optimized with the Yoast SEO plugin v28.2 - https:\/\/yoast.com\/product\/yoast-seo-wordpress\/ -->\n<title>Pregunta pertinente - Salto Ecol\u00f3gico<\/title>\n<meta name=\"robots\" content=\"index, follow, max-snippet:-1, max-image-preview:large, max-video-preview:-1\" \/>\n<link rel=\"canonical\" href=\"https:\/\/saltoecologico.es\/index.php\/2023\/12\/03\/pregunta-pertinente\/\" \/>\n<meta property=\"og:locale\" content=\"es_ES\" \/>\n<meta property=\"og:type\" content=\"article\" \/>\n<meta property=\"og:title\" content=\"Pregunta pertinente - Salto Ecol\u00f3gico\" \/>\n<meta property=\"og:description\" content=\"En la Comisi\u00f3n de Transici\u00f3n Ecol\u00f3gica del Parlamento de Canarias de 1 de diciembre de 2023 se formul\u00f3 una pregunta muy pertinente por parte de la diputada Do\u00f1a Alicia Vanoostende del grupo socialista y que textualmente dec\u00eda: \u201c\u00bfPor qu\u00e9 si el apag\u00f3n de la Gomera da lugar a esta emergencia energ\u00e9tica no aparece La Gomera [&hellip;]\" \/>\n<meta property=\"og:url\" content=\"https:\/\/saltoecologico.es\/index.php\/2023\/12\/03\/pregunta-pertinente\/\" \/>\n<meta property=\"og:site_name\" content=\"Salto Ecol\u00f3gico\" \/>\n<meta property=\"article:publisher\" content=\"https:\/\/www.facebook.com\/Saltotransicionecologica\" \/>\n<meta property=\"article:published_time\" content=\"2023-12-03T09:19:00+00:00\" \/>\n<meta property=\"article:modified_time\" content=\"2025-04-18T09:20:19+00:00\" \/>\n<meta property=\"og:image\" content=\"https:\/\/saltoecologico.es\/wp-content\/uploads\/2025\/04\/Fosiles28.jpg\" \/>\n\t<meta property=\"og:image:width\" content=\"1024\" \/>\n\t<meta property=\"og:image:height\" content=\"683\" \/>\n\t<meta property=\"og:image:type\" content=\"image\/jpeg\" \/>\n<meta name=\"author\" content=\"admin\" \/>\n<meta name=\"twitter:card\" content=\"summary_large_image\" \/>\n<meta name=\"twitter:label1\" content=\"Escrito por\" \/>\n\t<meta name=\"twitter:data1\" content=\"admin\" \/>\n\t<meta name=\"twitter:label2\" content=\"Tiempo de lectura\" \/>\n\t<meta name=\"twitter:data2\" content=\"4 minutos\" \/>\n<script type=\"application\/ld+json\" class=\"yoast-schema-graph\">{\"@context\":\"https:\\\/\\\/schema.org\",\"@graph\":[{\"@type\":\"Article\",\"@id\":\"https:\\\/\\\/saltoecologico.es\\\/index.php\\\/2023\\\/12\\\/03\\\/pregunta-pertinente\\\/#article\",\"isPartOf\":{\"@id\":\"https:\\\/\\\/saltoecologico.es\\\/index.php\\\/2023\\\/12\\\/03\\\/pregunta-pertinente\\\/\"},\"author\":{\"name\":\"admin\",\"@id\":\"https:\\\/\\\/saltoecologico.es\\\/#\\\/schema\\\/person\\\/7175eec4b3c123d86c675313c3a01a0b\"},\"headline\":\"Pregunta pertinente\",\"datePublished\":\"2023-12-03T09:19:00+00:00\",\"dateModified\":\"2025-04-18T09:20:19+00:00\",\"mainEntityOfPage\":{\"@id\":\"https:\\\/\\\/saltoecologico.es\\\/index.php\\\/2023\\\/12\\\/03\\\/pregunta-pertinente\\\/\"},\"wordCount\":662,\"commentCount\":0,\"publisher\":{\"@id\":\"https:\\\/\\\/saltoecologico.es\\\/#organization\"},\"image\":{\"@id\":\"https:\\\/\\\/saltoecologico.es\\\/index.php\\\/2023\\\/12\\\/03\\\/pregunta-pertinente\\\/#primaryimage\"},\"thumbnailUrl\":\"https:\\\/\\\/saltoecologico.es\\\/wp-content\\\/uploads\\\/2025\\\/04\\\/Fosiles28.jpg\",\"articleSection\":[\"General\"],\"inLanguage\":\"es\",\"potentialAction\":[{\"@type\":\"CommentAction\",\"name\":\"Comment\",\"target\":[\"https:\\\/\\\/saltoecologico.es\\\/index.php\\\/2023\\\/12\\\/03\\\/pregunta-pertinente\\\/#respond\"]}]},{\"@type\":\"WebPage\",\"@id\":\"https:\\\/\\\/saltoecologico.es\\\/index.php\\\/2023\\\/12\\\/03\\\/pregunta-pertinente\\\/\",\"url\":\"https:\\\/\\\/saltoecologico.es\\\/index.php\\\/2023\\\/12\\\/03\\\/pregunta-pertinente\\\/\",\"name\":\"Pregunta pertinente - Salto Ecol\u00f3gico\",\"isPartOf\":{\"@id\":\"https:\\\/\\\/saltoecologico.es\\\/#website\"},\"primaryImageOfPage\":{\"@id\":\"https:\\\/\\\/saltoecologico.es\\\/index.php\\\/2023\\\/12\\\/03\\\/pregunta-pertinente\\\/#primaryimage\"},\"image\":{\"@id\":\"https:\\\/\\\/saltoecologico.es\\\/index.php\\\/2023\\\/12\\\/03\\\/pregunta-pertinente\\\/#primaryimage\"},\"thumbnailUrl\":\"https:\\\/\\\/saltoecologico.es\\\/wp-content\\\/uploads\\\/2025\\\/04\\\/Fosiles28.jpg\",\"datePublished\":\"2023-12-03T09:19:00+00:00\",\"dateModified\":\"2025-04-18T09:20:19+00:00\",\"breadcrumb\":{\"@id\":\"https:\\\/\\\/saltoecologico.es\\\/index.php\\\/2023\\\/12\\\/03\\\/pregunta-pertinente\\\/#breadcrumb\"},\"inLanguage\":\"es\",\"potentialAction\":[{\"@type\":\"ReadAction\",\"target\":[\"https:\\\/\\\/saltoecologico.es\\\/index.php\\\/2023\\\/12\\\/03\\\/pregunta-pertinente\\\/\"]}]},{\"@type\":\"ImageObject\",\"inLanguage\":\"es\",\"@id\":\"https:\\\/\\\/saltoecologico.es\\\/index.php\\\/2023\\\/12\\\/03\\\/pregunta-pertinente\\\/#primaryimage\",\"url\":\"https:\\\/\\\/saltoecologico.es\\\/wp-content\\\/uploads\\\/2025\\\/04\\\/Fosiles28.jpg\",\"contentUrl\":\"https:\\\/\\\/saltoecologico.es\\\/wp-content\\\/uploads\\\/2025\\\/04\\\/Fosiles28.jpg\",\"width\":1024,\"height\":683,\"caption\":\"Aerial view of coal power plant high pipes with black smoke moving up polluting atmosphere at sunset.\"},{\"@type\":\"BreadcrumbList\",\"@id\":\"https:\\\/\\\/saltoecologico.es\\\/index.php\\\/2023\\\/12\\\/03\\\/pregunta-pertinente\\\/#breadcrumb\",\"itemListElement\":[{\"@type\":\"ListItem\",\"position\":1,\"name\":\"Portada\",\"item\":\"https:\\\/\\\/saltoecologico.es\\\/\"},{\"@type\":\"ListItem\",\"position\":2,\"name\":\"Pregunta pertinente\"}]},{\"@type\":\"WebSite\",\"@id\":\"https:\\\/\\\/saltoecologico.es\\\/#website\",\"url\":\"https:\\\/\\\/saltoecologico.es\\\/\",\"name\":\"Salto Ecol\u00f3gico\",\"description\":\"\",\"publisher\":{\"@id\":\"https:\\\/\\\/saltoecologico.es\\\/#organization\"},\"potentialAction\":[{\"@type\":\"SearchAction\",\"target\":{\"@type\":\"EntryPoint\",\"urlTemplate\":\"https:\\\/\\\/saltoecologico.es\\\/?s={search_term_string}\"},\"query-input\":{\"@type\":\"PropertyValueSpecification\",\"valueRequired\":true,\"valueName\":\"search_term_string\"}}],\"inLanguage\":\"es\"},{\"@type\":\"Organization\",\"@id\":\"https:\\\/\\\/saltoecologico.es\\\/#organization\",\"name\":\"Salto a la Transici\u00f3n Ecol\u00f3gica\",\"url\":\"https:\\\/\\\/saltoecologico.es\\\/\",\"logo\":{\"@type\":\"ImageObject\",\"inLanguage\":\"es\",\"@id\":\"https:\\\/\\\/saltoecologico.es\\\/#\\\/schema\\\/logo\\\/image\\\/\",\"url\":\"https:\\\/\\\/saltoecologico.es\\\/wp-content\\\/uploads\\\/2025\\\/04\\\/Logo-STE.jpg\",\"contentUrl\":\"https:\\\/\\\/saltoecologico.es\\\/wp-content\\\/uploads\\\/2025\\\/04\\\/Logo-STE.jpg\",\"width\":435,\"height\":435,\"caption\":\"Salto a la Transici\u00f3n Ecol\u00f3gica\"},\"image\":{\"@id\":\"https:\\\/\\\/saltoecologico.es\\\/#\\\/schema\\\/logo\\\/image\\\/\"},\"sameAs\":[\"https:\\\/\\\/www.facebook.com\\\/Saltotransicionecologica\"]},{\"@type\":\"Person\",\"@id\":\"https:\\\/\\\/saltoecologico.es\\\/#\\\/schema\\\/person\\\/7175eec4b3c123d86c675313c3a01a0b\",\"name\":\"admin\",\"image\":{\"@type\":\"ImageObject\",\"inLanguage\":\"es\",\"@id\":\"https:\\\/\\\/secure.gravatar.com\\\/avatar\\\/4c215dc57bbc7b2f2f470ac9bd197f3f112636a584e575a732d0206a2d9c9806?s=96&d=mm&r=g\",\"url\":\"https:\\\/\\\/secure.gravatar.com\\\/avatar\\\/4c215dc57bbc7b2f2f470ac9bd197f3f112636a584e575a732d0206a2d9c9806?s=96&d=mm&r=g\",\"contentUrl\":\"https:\\\/\\\/secure.gravatar.com\\\/avatar\\\/4c215dc57bbc7b2f2f470ac9bd197f3f112636a584e575a732d0206a2d9c9806?s=96&d=mm&r=g\",\"caption\":\"admin\"},\"sameAs\":[\"https:\\\/\\\/saltoecologico.es\"],\"url\":\"https:\\\/\\\/saltoecologico.es\\\/index.php\\\/author\\\/saltoecologico\\\/\"}]}<\/script>\n<!-- \/ Yoast SEO plugin. -->","yoast_head_json":{"title":"Pregunta pertinente - Salto Ecol\u00f3gico","robots":{"index":"index","follow":"follow","max-snippet":"max-snippet:-1","max-image-preview":"max-image-preview:large","max-video-preview":"max-video-preview:-1"},"canonical":"https:\/\/saltoecologico.es\/index.php\/2023\/12\/03\/pregunta-pertinente\/","og_locale":"es_ES","og_type":"article","og_title":"Pregunta pertinente - Salto Ecol\u00f3gico","og_description":"En la Comisi\u00f3n de Transici\u00f3n Ecol\u00f3gica del Parlamento de Canarias de 1 de diciembre de 2023 se formul\u00f3 una pregunta muy pertinente por parte de la diputada Do\u00f1a Alicia Vanoostende del grupo socialista y que textualmente dec\u00eda: \u201c\u00bfPor qu\u00e9 si el apag\u00f3n de la Gomera da lugar a esta emergencia energ\u00e9tica no aparece La Gomera [&hellip;]","og_url":"https:\/\/saltoecologico.es\/index.php\/2023\/12\/03\/pregunta-pertinente\/","og_site_name":"Salto Ecol\u00f3gico","article_publisher":"https:\/\/www.facebook.com\/Saltotransicionecologica","article_published_time":"2023-12-03T09:19:00+00:00","article_modified_time":"2025-04-18T09:20:19+00:00","og_image":[{"width":1024,"height":683,"url":"https:\/\/saltoecologico.es\/wp-content\/uploads\/2025\/04\/Fosiles28.jpg","type":"image\/jpeg"}],"author":"admin","twitter_card":"summary_large_image","twitter_misc":{"Escrito por":"admin","Tiempo de lectura":"4 minutos"},"schema":{"@context":"https:\/\/schema.org","@graph":[{"@type":"Article","@id":"https:\/\/saltoecologico.es\/index.php\/2023\/12\/03\/pregunta-pertinente\/#article","isPartOf":{"@id":"https:\/\/saltoecologico.es\/index.php\/2023\/12\/03\/pregunta-pertinente\/"},"author":{"name":"admin","@id":"https:\/\/saltoecologico.es\/#\/schema\/person\/7175eec4b3c123d86c675313c3a01a0b"},"headline":"Pregunta pertinente","datePublished":"2023-12-03T09:19:00+00:00","dateModified":"2025-04-18T09:20:19+00:00","mainEntityOfPage":{"@id":"https:\/\/saltoecologico.es\/index.php\/2023\/12\/03\/pregunta-pertinente\/"},"wordCount":662,"commentCount":0,"publisher":{"@id":"https:\/\/saltoecologico.es\/#organization"},"image":{"@id":"https:\/\/saltoecologico.es\/index.php\/2023\/12\/03\/pregunta-pertinente\/#primaryimage"},"thumbnailUrl":"https:\/\/saltoecologico.es\/wp-content\/uploads\/2025\/04\/Fosiles28.jpg","articleSection":["General"],"inLanguage":"es","potentialAction":[{"@type":"CommentAction","name":"Comment","target":["https:\/\/saltoecologico.es\/index.php\/2023\/12\/03\/pregunta-pertinente\/#respond"]}]},{"@type":"WebPage","@id":"https:\/\/saltoecologico.es\/index.php\/2023\/12\/03\/pregunta-pertinente\/","url":"https:\/\/saltoecologico.es\/index.php\/2023\/12\/03\/pregunta-pertinente\/","name":"Pregunta pertinente - Salto Ecol\u00f3gico","isPartOf":{"@id":"https:\/\/saltoecologico.es\/#website"},"primaryImageOfPage":{"@id":"https:\/\/saltoecologico.es\/index.php\/2023\/12\/03\/pregunta-pertinente\/#primaryimage"},"image":{"@id":"https:\/\/saltoecologico.es\/index.php\/2023\/12\/03\/pregunta-pertinente\/#primaryimage"},"thumbnailUrl":"https:\/\/saltoecologico.es\/wp-content\/uploads\/2025\/04\/Fosiles28.jpg","datePublished":"2023-12-03T09:19:00+00:00","dateModified":"2025-04-18T09:20:19+00:00","breadcrumb":{"@id":"https:\/\/saltoecologico.es\/index.php\/2023\/12\/03\/pregunta-pertinente\/#breadcrumb"},"inLanguage":"es","potentialAction":[{"@type":"ReadAction","target":["https:\/\/saltoecologico.es\/index.php\/2023\/12\/03\/pregunta-pertinente\/"]}]},{"@type":"ImageObject","inLanguage":"es","@id":"https:\/\/saltoecologico.es\/index.php\/2023\/12\/03\/pregunta-pertinente\/#primaryimage","url":"https:\/\/saltoecologico.es\/wp-content\/uploads\/2025\/04\/Fosiles28.jpg","contentUrl":"https:\/\/saltoecologico.es\/wp-content\/uploads\/2025\/04\/Fosiles28.jpg","width":1024,"height":683,"caption":"Aerial view of coal power plant high pipes with black smoke moving up polluting atmosphere at sunset."},{"@type":"BreadcrumbList","@id":"https:\/\/saltoecologico.es\/index.php\/2023\/12\/03\/pregunta-pertinente\/#breadcrumb","itemListElement":[{"@type":"ListItem","position":1,"name":"Portada","item":"https:\/\/saltoecologico.es\/"},{"@type":"ListItem","position":2,"name":"Pregunta pertinente"}]},{"@type":"WebSite","@id":"https:\/\/saltoecologico.es\/#website","url":"https:\/\/saltoecologico.es\/","name":"Salto Ecol\u00f3gico","description":"","publisher":{"@id":"https:\/\/saltoecologico.es\/#organization"},"potentialAction":[{"@type":"SearchAction","target":{"@type":"EntryPoint","urlTemplate":"https:\/\/saltoecologico.es\/?s={search_term_string}"},"query-input":{"@type":"PropertyValueSpecification","valueRequired":true,"valueName":"search_term_string"}}],"inLanguage":"es"},{"@type":"Organization","@id":"https:\/\/saltoecologico.es\/#organization","name":"Salto a la Transici\u00f3n Ecol\u00f3gica","url":"https:\/\/saltoecologico.es\/","logo":{"@type":"ImageObject","inLanguage":"es","@id":"https:\/\/saltoecologico.es\/#\/schema\/logo\/image\/","url":"https:\/\/saltoecologico.es\/wp-content\/uploads\/2025\/04\/Logo-STE.jpg","contentUrl":"https:\/\/saltoecologico.es\/wp-content\/uploads\/2025\/04\/Logo-STE.jpg","width":435,"height":435,"caption":"Salto a la Transici\u00f3n Ecol\u00f3gica"},"image":{"@id":"https:\/\/saltoecologico.es\/#\/schema\/logo\/image\/"},"sameAs":["https:\/\/www.facebook.com\/Saltotransicionecologica"]},{"@type":"Person","@id":"https:\/\/saltoecologico.es\/#\/schema\/person\/7175eec4b3c123d86c675313c3a01a0b","name":"admin","image":{"@type":"ImageObject","inLanguage":"es","@id":"https:\/\/secure.gravatar.com\/avatar\/4c215dc57bbc7b2f2f470ac9bd197f3f112636a584e575a732d0206a2d9c9806?s=96&d=mm&r=g","url":"https:\/\/secure.gravatar.com\/avatar\/4c215dc57bbc7b2f2f470ac9bd197f3f112636a584e575a732d0206a2d9c9806?s=96&d=mm&r=g","contentUrl":"https:\/\/secure.gravatar.com\/avatar\/4c215dc57bbc7b2f2f470ac9bd197f3f112636a584e575a732d0206a2d9c9806?s=96&d=mm&r=g","caption":"admin"},"sameAs":["https:\/\/saltoecologico.es"],"url":"https:\/\/saltoecologico.es\/index.php\/author\/saltoecologico\/"}]}},"_links":{"self":[{"href":"https:\/\/saltoecologico.es\/index.php\/wp-json\/wp\/v2\/posts\/712","targetHints":{"allow":["GET"]}}],"collection":[{"href":"https:\/\/saltoecologico.es\/index.php\/wp-json\/wp\/v2\/posts"}],"about":[{"href":"https:\/\/saltoecologico.es\/index.php\/wp-json\/wp\/v2\/types\/post"}],"author":[{"embeddable":true,"href":"https:\/\/saltoecologico.es\/index.php\/wp-json\/wp\/v2\/users\/1"}],"replies":[{"embeddable":true,"href":"https:\/\/saltoecologico.es\/index.php\/wp-json\/wp\/v2\/comments?post=712"}],"version-history":[{"count":1,"href":"https:\/\/saltoecologico.es\/index.php\/wp-json\/wp\/v2\/posts\/712\/revisions"}],"predecessor-version":[{"id":714,"href":"https:\/\/saltoecologico.es\/index.php\/wp-json\/wp\/v2\/posts\/712\/revisions\/714"}],"wp:featuredmedia":[{"embeddable":true,"href":"https:\/\/saltoecologico.es\/index.php\/wp-json\/wp\/v2\/media\/713"}],"wp:attachment":[{"href":"https:\/\/saltoecologico.es\/index.php\/wp-json\/wp\/v2\/media?parent=712"}],"wp:term":[{"taxonomy":"category","embeddable":true,"href":"https:\/\/saltoecologico.es\/index.php\/wp-json\/wp\/v2\/categories?post=712"},{"taxonomy":"post_tag","embeddable":true,"href":"https:\/\/saltoecologico.es\/index.php\/wp-json\/wp\/v2\/tags?post=712"}],"curies":[{"name":"wp","href":"https:\/\/api.w.org\/{rel}","templated":true}]}}