{"id":715,"date":"2023-12-06T09:21:00","date_gmt":"2023-12-06T09:21:00","guid":{"rendered":"https:\/\/saltoecologico.es\/?p=715"},"modified":"2025-04-18T09:22:26","modified_gmt":"2025-04-18T09:22:26","slug":"1-000-millones","status":"publish","type":"post","link":"https:\/\/saltoecologico.es\/index.php\/2023\/12\/06\/1-000-millones\/","title":{"rendered":"1.000 millones"},"content":{"rendered":"\n<p class=\"wp-block-paragraph\">El 8 de junio de 2023 la Comisi\u00f3n Nacional de los Mercados y la Competencia publica el Informe sobre Reconocimiento de los Costes Definitivos de las Instalaciones de Generaci\u00f3n en los Territorios no Peninsulares de ENDESA S.A. correspondientes al ejercicio 2020. De este informe se obtiene que los costes generales, seg\u00fan el Operador del Sistema, en la generaci\u00f3n el\u00e9ctrica en Canarias ascendieron a 974.794.038,49\u20ac. Estos costes generales, referidos a los costes de generaci\u00f3n reconocidos a las instalaciones categor\u00eda A (todas las centrales de ENDESA), se definen como la suma de los siguientes dos t\u00e9rminos:<\/p>\n\n\n\n<ul class=\"wp-block-list\">\n<li>Costes fijos: contemplan los costes de inversi\u00f3n y los costes fijos de operaci\u00f3n y mantenimiento, los cuales comprenden a su vez los costes de personal, costes de mantenimiento y conservaci\u00f3n, seguros, alquileres, costes de naturaleza recurrente, inversiones por modificaciones no sustanciales de la central y otros gastos de explotaci\u00f3n.<\/li>\n\n\n\n<li>Costes variables: contemplan los costes de combustible (costes variables de funcionamiento, costes de arranque asociados al combustible, costes de banda de regulaci\u00f3n), y otros costes variables de operaci\u00f3n y mantenimiento, los cuales comprenden a su vez los debidos al arranque y otros costes operativos de la central, as\u00ed como los derechos de emisi\u00f3n.<\/li>\n<\/ul>\n\n\n\n<p class=\"wp-block-paragraph\">Pues bien, de los casi 1.000 millones del montante total, 217.458.536,31\u20ac corresponde a costes fijos y 757.335.502,18\u20ac corresponden a costes variables.<\/p>\n\n\n\n<p class=\"wp-block-paragraph\">Si ahora acudimos al Anuario Energ\u00e9tico de Canarias 2020 podemos obtener los siguientes consumos de combustibles a nivel del archipi\u00e9lago para ese a\u00f1o:<\/p>\n\n\n\n<ul class=\"wp-block-list\">\n<li>Gasoil\u00a0\u00a0\u00a0\u00a0\u00a0\u00a0\u00a0\u00a0\u00a0\u00a0\u00a0\u00a0\u00a0\u00a0\u00a0\u00a0\u00a0 750.856 Tm\u00a0\u00a0\u00a0\u00a0\u00a0\u00a0\u00a0\u00a0\u00a0\u00a0\u00a0\u00a0\u00a0\u00a0\u00a0\u00a0\u00a0\u00a0\u00a0\u00a0\u00a0\u00a0 480\u20ac\/Tm\u00a0\u00a0\u00a0\u00a0\u00a0\u00a0\u00a0\u00a0\u00a0\u00a0\u00a0\u00a0 360.410.880\u20ac<\/li>\n\n\n\n<li>Diesel O\u00edl\u00a0\u00a0\u00a0\u00a0\u00a0\u00a0\u00a0\u00a0\u00a0\u00a0\u00a0 \u00a0 22.021 Tm\u00a0\u00a0\u00a0\u00a0\u00a0\u00a0\u00a0\u00a0\u00a0\u00a0\u00a0\u00a0\u00a0\u00a0\u00a0\u00a0\u00a0\u00a0\u00a0\u00a0\u00a0\u00a0 450\u20ac\/Tm\u00a0\u00a0\u00a0\u00a0\u00a0\u00a0\u00a0\u00a0\u00a0\u00a0\u00a0\u00a0 \u00a0\u00a0\u00a0 9.909.450\u20ac<\/li>\n\n\n\n<li>Fuel O\u00edl\u00a0\u00a0\u00a0\u00a0\u00a0\u00a0\u00a0\u00a0\u00a0\u00a0\u00a0\u00a0\u00a0\u00a0 701.525 Tm\u00a0\u00a0\u00a0\u00a0\u00a0\u00a0\u00a0\u00a0\u00a0\u00a0\u00a0\u00a0\u00a0\u00a0\u00a0\u00a0\u00a0\u00a0\u00a0\u00a0\u00a0\u00a0 350 \u20ac\/Tm\u00a0\u00a0\u00a0\u00a0\u00a0\u00a0\u00a0\u00a0\u00a0\u00a0\u00a0 245.533.750\u20ac<\/li>\n<\/ul>\n\n\n\n<p class=\"wp-block-paragraph\">Lo que supone un montante total de 615.854.080\u20ac.<\/p>\n\n\n\n<p class=\"wp-block-paragraph\">En otras palabras, si nosotros consigui\u00e9ramos un sistema de generaci\u00f3n el\u00e9ctrica que no consumiera combustibles f\u00f3siles pasar\u00edamos de pagar casi 1.000 millones de euros a pagar algo m\u00e1s de 350 millones de euros.<\/p>\n\n\n\n<p class=\"wp-block-paragraph\">Lo c\u00f3mico de la cuesti\u00f3n estriba en que ese sistema existe y es posible y est\u00e1 perfectamente dise\u00f1ado, dimensionado y distribuido en el tiempo en las estrategias del Instituto Tecnol\u00f3gico de Canarias, desarrolladas para el PTECAN. Pero no es solo que sea posible t\u00e9cnicamente o que sea deseable econ\u00f3micamente, es que es imprescindible desde el punto de vista medioambiental y vital para la existencia futura del ser humano y su lucha contra el Cambio Clim\u00e1tico antropog\u00e9nico.<\/p>\n\n\n\n<p class=\"wp-block-paragraph\">Y si esto es as\u00ed, \u00bfPor qu\u00e9 demoramos su puesta en pr\u00e1ctica?. Pues sencillamente porque esos 615 millones de euros que alguna empresa va a dejar de ingresar, son muchos millones y con ellos se pueden amoldar ciertas voluntades de la sociedad, tanto a nivel pol\u00edtico, como a nivel del ecologismo o de la sociedad en general, que si bien, no muestran una posici\u00f3n frontal al cambio, si ponen palos en las ruedas para que este se demore lo m\u00e1s posible.<\/p>\n","protected":false},"excerpt":{"rendered":"<p>El 8 de junio de 2023 la Comisi\u00f3n Nacional de los Mercados y la Competencia publica el Informe sobre Reconocimiento de los Costes Definitivos de las Instalaciones de Generaci\u00f3n en los Territorios no Peninsulares de ENDESA S.A. correspondientes al ejercicio 2020. De este informe se obtiene que los costes generales, seg\u00fan el Operador del Sistema, [&hellip;]<\/p>\n","protected":false},"author":1,"featured_media":716,"comment_status":"open","ping_status":"open","sticky":false,"template":"","format":"standard","meta":{"footnotes":""},"categories":[55],"tags":[],"class_list":["post-715","post","type-post","status-publish","format-standard","has-post-thumbnail","category-general"],"yoast_head":"<!-- This site is optimized with the Yoast SEO plugin v28.2 - https:\/\/yoast.com\/product\/yoast-seo-wordpress\/ -->\n<title>1.000 millones - Salto Ecol\u00f3gico<\/title>\n<meta name=\"robots\" content=\"index, follow, max-snippet:-1, max-image-preview:large, max-video-preview:-1\" \/>\n<link rel=\"canonical\" href=\"https:\/\/saltoecologico.es\/index.php\/2023\/12\/06\/1-000-millones\/\" \/>\n<meta property=\"og:locale\" content=\"es_ES\" \/>\n<meta property=\"og:type\" content=\"article\" \/>\n<meta property=\"og:title\" content=\"1.000 millones - Salto Ecol\u00f3gico\" \/>\n<meta property=\"og:description\" content=\"El 8 de junio de 2023 la Comisi\u00f3n Nacional de los Mercados y la Competencia publica el Informe sobre Reconocimiento de los Costes Definitivos de las Instalaciones de Generaci\u00f3n en los Territorios no Peninsulares de ENDESA S.A. correspondientes al ejercicio 2020. De este informe se obtiene que los costes generales, seg\u00fan el Operador del Sistema, [&hellip;]\" \/>\n<meta property=\"og:url\" content=\"https:\/\/saltoecologico.es\/index.php\/2023\/12\/06\/1-000-millones\/\" \/>\n<meta property=\"og:site_name\" content=\"Salto Ecol\u00f3gico\" \/>\n<meta property=\"article:publisher\" content=\"https:\/\/www.facebook.com\/Saltotransicionecologica\" \/>\n<meta property=\"article:published_time\" content=\"2023-12-06T09:21:00+00:00\" \/>\n<meta property=\"article:modified_time\" content=\"2025-04-18T09:22:26+00:00\" \/>\n<meta property=\"og:image\" content=\"https:\/\/saltoecologico.es\/wp-content\/uploads\/2025\/04\/Fosiles29.jpg\" \/>\n\t<meta property=\"og:image:width\" content=\"1024\" \/>\n\t<meta property=\"og:image:height\" content=\"574\" \/>\n\t<meta property=\"og:image:type\" content=\"image\/jpeg\" \/>\n<meta name=\"author\" content=\"admin\" \/>\n<meta name=\"twitter:card\" content=\"summary_large_image\" \/>\n<meta name=\"twitter:label1\" content=\"Escrito por\" \/>\n\t<meta name=\"twitter:data1\" content=\"admin\" \/>\n\t<meta name=\"twitter:label2\" content=\"Tiempo de lectura\" \/>\n\t<meta name=\"twitter:data2\" content=\"3 minutos\" \/>\n<script type=\"application\/ld+json\" class=\"yoast-schema-graph\">{\"@context\":\"https:\\\/\\\/schema.org\",\"@graph\":[{\"@type\":\"Article\",\"@id\":\"https:\\\/\\\/saltoecologico.es\\\/index.php\\\/2023\\\/12\\\/06\\\/1-000-millones\\\/#article\",\"isPartOf\":{\"@id\":\"https:\\\/\\\/saltoecologico.es\\\/index.php\\\/2023\\\/12\\\/06\\\/1-000-millones\\\/\"},\"author\":{\"name\":\"admin\",\"@id\":\"https:\\\/\\\/saltoecologico.es\\\/#\\\/schema\\\/person\\\/7175eec4b3c123d86c675313c3a01a0b\"},\"headline\":\"1.000 millones\",\"datePublished\":\"2023-12-06T09:21:00+00:00\",\"dateModified\":\"2025-04-18T09:22:26+00:00\",\"mainEntityOfPage\":{\"@id\":\"https:\\\/\\\/saltoecologico.es\\\/index.php\\\/2023\\\/12\\\/06\\\/1-000-millones\\\/\"},\"wordCount\":477,\"commentCount\":0,\"publisher\":{\"@id\":\"https:\\\/\\\/saltoecologico.es\\\/#organization\"},\"image\":{\"@id\":\"https:\\\/\\\/saltoecologico.es\\\/index.php\\\/2023\\\/12\\\/06\\\/1-000-millones\\\/#primaryimage\"},\"thumbnailUrl\":\"https:\\\/\\\/saltoecologico.es\\\/wp-content\\\/uploads\\\/2025\\\/04\\\/Fosiles29.jpg\",\"articleSection\":[\"General\"],\"inLanguage\":\"es\",\"potentialAction\":[{\"@type\":\"CommentAction\",\"name\":\"Comment\",\"target\":[\"https:\\\/\\\/saltoecologico.es\\\/index.php\\\/2023\\\/12\\\/06\\\/1-000-millones\\\/#respond\"]}]},{\"@type\":\"WebPage\",\"@id\":\"https:\\\/\\\/saltoecologico.es\\\/index.php\\\/2023\\\/12\\\/06\\\/1-000-millones\\\/\",\"url\":\"https:\\\/\\\/saltoecologico.es\\\/index.php\\\/2023\\\/12\\\/06\\\/1-000-millones\\\/\",\"name\":\"1.000 millones - Salto Ecol\u00f3gico\",\"isPartOf\":{\"@id\":\"https:\\\/\\\/saltoecologico.es\\\/#website\"},\"primaryImageOfPage\":{\"@id\":\"https:\\\/\\\/saltoecologico.es\\\/index.php\\\/2023\\\/12\\\/06\\\/1-000-millones\\\/#primaryimage\"},\"image\":{\"@id\":\"https:\\\/\\\/saltoecologico.es\\\/index.php\\\/2023\\\/12\\\/06\\\/1-000-millones\\\/#primaryimage\"},\"thumbnailUrl\":\"https:\\\/\\\/saltoecologico.es\\\/wp-content\\\/uploads\\\/2025\\\/04\\\/Fosiles29.jpg\",\"datePublished\":\"2023-12-06T09:21:00+00:00\",\"dateModified\":\"2025-04-18T09:22:26+00:00\",\"breadcrumb\":{\"@id\":\"https:\\\/\\\/saltoecologico.es\\\/index.php\\\/2023\\\/12\\\/06\\\/1-000-millones\\\/#breadcrumb\"},\"inLanguage\":\"es\",\"potentialAction\":[{\"@type\":\"ReadAction\",\"target\":[\"https:\\\/\\\/saltoecologico.es\\\/index.php\\\/2023\\\/12\\\/06\\\/1-000-millones\\\/\"]}]},{\"@type\":\"ImageObject\",\"inLanguage\":\"es\",\"@id\":\"https:\\\/\\\/saltoecologico.es\\\/index.php\\\/2023\\\/12\\\/06\\\/1-000-millones\\\/#primaryimage\",\"url\":\"https:\\\/\\\/saltoecologico.es\\\/wp-content\\\/uploads\\\/2025\\\/04\\\/Fosiles29.jpg\",\"contentUrl\":\"https:\\\/\\\/saltoecologico.es\\\/wp-content\\\/uploads\\\/2025\\\/04\\\/Fosiles29.jpg\",\"width\":1024,\"height\":574,\"caption\":\"AI art contrasting a wind farm with a coal plant.\"},{\"@type\":\"BreadcrumbList\",\"@id\":\"https:\\\/\\\/saltoecologico.es\\\/index.php\\\/2023\\\/12\\\/06\\\/1-000-millones\\\/#breadcrumb\",\"itemListElement\":[{\"@type\":\"ListItem\",\"position\":1,\"name\":\"Portada\",\"item\":\"https:\\\/\\\/saltoecologico.es\\\/\"},{\"@type\":\"ListItem\",\"position\":2,\"name\":\"1.000 millones\"}]},{\"@type\":\"WebSite\",\"@id\":\"https:\\\/\\\/saltoecologico.es\\\/#website\",\"url\":\"https:\\\/\\\/saltoecologico.es\\\/\",\"name\":\"Salto Ecol\u00f3gico\",\"description\":\"\",\"publisher\":{\"@id\":\"https:\\\/\\\/saltoecologico.es\\\/#organization\"},\"potentialAction\":[{\"@type\":\"SearchAction\",\"target\":{\"@type\":\"EntryPoint\",\"urlTemplate\":\"https:\\\/\\\/saltoecologico.es\\\/?s={search_term_string}\"},\"query-input\":{\"@type\":\"PropertyValueSpecification\",\"valueRequired\":true,\"valueName\":\"search_term_string\"}}],\"inLanguage\":\"es\"},{\"@type\":\"Organization\",\"@id\":\"https:\\\/\\\/saltoecologico.es\\\/#organization\",\"name\":\"Salto a la Transici\u00f3n Ecol\u00f3gica\",\"url\":\"https:\\\/\\\/saltoecologico.es\\\/\",\"logo\":{\"@type\":\"ImageObject\",\"inLanguage\":\"es\",\"@id\":\"https:\\\/\\\/saltoecologico.es\\\/#\\\/schema\\\/logo\\\/image\\\/\",\"url\":\"https:\\\/\\\/saltoecologico.es\\\/wp-content\\\/uploads\\\/2025\\\/04\\\/Logo-STE.jpg\",\"contentUrl\":\"https:\\\/\\\/saltoecologico.es\\\/wp-content\\\/uploads\\\/2025\\\/04\\\/Logo-STE.jpg\",\"width\":435,\"height\":435,\"caption\":\"Salto a la Transici\u00f3n Ecol\u00f3gica\"},\"image\":{\"@id\":\"https:\\\/\\\/saltoecologico.es\\\/#\\\/schema\\\/logo\\\/image\\\/\"},\"sameAs\":[\"https:\\\/\\\/www.facebook.com\\\/Saltotransicionecologica\"]},{\"@type\":\"Person\",\"@id\":\"https:\\\/\\\/saltoecologico.es\\\/#\\\/schema\\\/person\\\/7175eec4b3c123d86c675313c3a01a0b\",\"name\":\"admin\",\"image\":{\"@type\":\"ImageObject\",\"inLanguage\":\"es\",\"@id\":\"https:\\\/\\\/secure.gravatar.com\\\/avatar\\\/4c215dc57bbc7b2f2f470ac9bd197f3f112636a584e575a732d0206a2d9c9806?s=96&d=mm&r=g\",\"url\":\"https:\\\/\\\/secure.gravatar.com\\\/avatar\\\/4c215dc57bbc7b2f2f470ac9bd197f3f112636a584e575a732d0206a2d9c9806?s=96&d=mm&r=g\",\"contentUrl\":\"https:\\\/\\\/secure.gravatar.com\\\/avatar\\\/4c215dc57bbc7b2f2f470ac9bd197f3f112636a584e575a732d0206a2d9c9806?s=96&d=mm&r=g\",\"caption\":\"admin\"},\"sameAs\":[\"https:\\\/\\\/saltoecologico.es\"],\"url\":\"https:\\\/\\\/saltoecologico.es\\\/index.php\\\/author\\\/saltoecologico\\\/\"}]}<\/script>\n<!-- \/ Yoast SEO plugin. -->","yoast_head_json":{"title":"1.000 millones - Salto Ecol\u00f3gico","robots":{"index":"index","follow":"follow","max-snippet":"max-snippet:-1","max-image-preview":"max-image-preview:large","max-video-preview":"max-video-preview:-1"},"canonical":"https:\/\/saltoecologico.es\/index.php\/2023\/12\/06\/1-000-millones\/","og_locale":"es_ES","og_type":"article","og_title":"1.000 millones - Salto Ecol\u00f3gico","og_description":"El 8 de junio de 2023 la Comisi\u00f3n Nacional de los Mercados y la Competencia publica el Informe sobre Reconocimiento de los Costes Definitivos de las Instalaciones de Generaci\u00f3n en los Territorios no Peninsulares de ENDESA S.A. correspondientes al ejercicio 2020. De este informe se obtiene que los costes generales, seg\u00fan el Operador del Sistema, [&hellip;]","og_url":"https:\/\/saltoecologico.es\/index.php\/2023\/12\/06\/1-000-millones\/","og_site_name":"Salto Ecol\u00f3gico","article_publisher":"https:\/\/www.facebook.com\/Saltotransicionecologica","article_published_time":"2023-12-06T09:21:00+00:00","article_modified_time":"2025-04-18T09:22:26+00:00","og_image":[{"width":1024,"height":574,"url":"https:\/\/saltoecologico.es\/wp-content\/uploads\/2025\/04\/Fosiles29.jpg","type":"image\/jpeg"}],"author":"admin","twitter_card":"summary_large_image","twitter_misc":{"Escrito por":"admin","Tiempo de lectura":"3 minutos"},"schema":{"@context":"https:\/\/schema.org","@graph":[{"@type":"Article","@id":"https:\/\/saltoecologico.es\/index.php\/2023\/12\/06\/1-000-millones\/#article","isPartOf":{"@id":"https:\/\/saltoecologico.es\/index.php\/2023\/12\/06\/1-000-millones\/"},"author":{"name":"admin","@id":"https:\/\/saltoecologico.es\/#\/schema\/person\/7175eec4b3c123d86c675313c3a01a0b"},"headline":"1.000 millones","datePublished":"2023-12-06T09:21:00+00:00","dateModified":"2025-04-18T09:22:26+00:00","mainEntityOfPage":{"@id":"https:\/\/saltoecologico.es\/index.php\/2023\/12\/06\/1-000-millones\/"},"wordCount":477,"commentCount":0,"publisher":{"@id":"https:\/\/saltoecologico.es\/#organization"},"image":{"@id":"https:\/\/saltoecologico.es\/index.php\/2023\/12\/06\/1-000-millones\/#primaryimage"},"thumbnailUrl":"https:\/\/saltoecologico.es\/wp-content\/uploads\/2025\/04\/Fosiles29.jpg","articleSection":["General"],"inLanguage":"es","potentialAction":[{"@type":"CommentAction","name":"Comment","target":["https:\/\/saltoecologico.es\/index.php\/2023\/12\/06\/1-000-millones\/#respond"]}]},{"@type":"WebPage","@id":"https:\/\/saltoecologico.es\/index.php\/2023\/12\/06\/1-000-millones\/","url":"https:\/\/saltoecologico.es\/index.php\/2023\/12\/06\/1-000-millones\/","name":"1.000 millones - Salto Ecol\u00f3gico","isPartOf":{"@id":"https:\/\/saltoecologico.es\/#website"},"primaryImageOfPage":{"@id":"https:\/\/saltoecologico.es\/index.php\/2023\/12\/06\/1-000-millones\/#primaryimage"},"image":{"@id":"https:\/\/saltoecologico.es\/index.php\/2023\/12\/06\/1-000-millones\/#primaryimage"},"thumbnailUrl":"https:\/\/saltoecologico.es\/wp-content\/uploads\/2025\/04\/Fosiles29.jpg","datePublished":"2023-12-06T09:21:00+00:00","dateModified":"2025-04-18T09:22:26+00:00","breadcrumb":{"@id":"https:\/\/saltoecologico.es\/index.php\/2023\/12\/06\/1-000-millones\/#breadcrumb"},"inLanguage":"es","potentialAction":[{"@type":"ReadAction","target":["https:\/\/saltoecologico.es\/index.php\/2023\/12\/06\/1-000-millones\/"]}]},{"@type":"ImageObject","inLanguage":"es","@id":"https:\/\/saltoecologico.es\/index.php\/2023\/12\/06\/1-000-millones\/#primaryimage","url":"https:\/\/saltoecologico.es\/wp-content\/uploads\/2025\/04\/Fosiles29.jpg","contentUrl":"https:\/\/saltoecologico.es\/wp-content\/uploads\/2025\/04\/Fosiles29.jpg","width":1024,"height":574,"caption":"AI art contrasting a wind farm with a coal plant."},{"@type":"BreadcrumbList","@id":"https:\/\/saltoecologico.es\/index.php\/2023\/12\/06\/1-000-millones\/#breadcrumb","itemListElement":[{"@type":"ListItem","position":1,"name":"Portada","item":"https:\/\/saltoecologico.es\/"},{"@type":"ListItem","position":2,"name":"1.000 millones"}]},{"@type":"WebSite","@id":"https:\/\/saltoecologico.es\/#website","url":"https:\/\/saltoecologico.es\/","name":"Salto Ecol\u00f3gico","description":"","publisher":{"@id":"https:\/\/saltoecologico.es\/#organization"},"potentialAction":[{"@type":"SearchAction","target":{"@type":"EntryPoint","urlTemplate":"https:\/\/saltoecologico.es\/?s={search_term_string}"},"query-input":{"@type":"PropertyValueSpecification","valueRequired":true,"valueName":"search_term_string"}}],"inLanguage":"es"},{"@type":"Organization","@id":"https:\/\/saltoecologico.es\/#organization","name":"Salto a la Transici\u00f3n Ecol\u00f3gica","url":"https:\/\/saltoecologico.es\/","logo":{"@type":"ImageObject","inLanguage":"es","@id":"https:\/\/saltoecologico.es\/#\/schema\/logo\/image\/","url":"https:\/\/saltoecologico.es\/wp-content\/uploads\/2025\/04\/Logo-STE.jpg","contentUrl":"https:\/\/saltoecologico.es\/wp-content\/uploads\/2025\/04\/Logo-STE.jpg","width":435,"height":435,"caption":"Salto a la Transici\u00f3n Ecol\u00f3gica"},"image":{"@id":"https:\/\/saltoecologico.es\/#\/schema\/logo\/image\/"},"sameAs":["https:\/\/www.facebook.com\/Saltotransicionecologica"]},{"@type":"Person","@id":"https:\/\/saltoecologico.es\/#\/schema\/person\/7175eec4b3c123d86c675313c3a01a0b","name":"admin","image":{"@type":"ImageObject","inLanguage":"es","@id":"https:\/\/secure.gravatar.com\/avatar\/4c215dc57bbc7b2f2f470ac9bd197f3f112636a584e575a732d0206a2d9c9806?s=96&d=mm&r=g","url":"https:\/\/secure.gravatar.com\/avatar\/4c215dc57bbc7b2f2f470ac9bd197f3f112636a584e575a732d0206a2d9c9806?s=96&d=mm&r=g","contentUrl":"https:\/\/secure.gravatar.com\/avatar\/4c215dc57bbc7b2f2f470ac9bd197f3f112636a584e575a732d0206a2d9c9806?s=96&d=mm&r=g","caption":"admin"},"sameAs":["https:\/\/saltoecologico.es"],"url":"https:\/\/saltoecologico.es\/index.php\/author\/saltoecologico\/"}]}},"_links":{"self":[{"href":"https:\/\/saltoecologico.es\/index.php\/wp-json\/wp\/v2\/posts\/715","targetHints":{"allow":["GET"]}}],"collection":[{"href":"https:\/\/saltoecologico.es\/index.php\/wp-json\/wp\/v2\/posts"}],"about":[{"href":"https:\/\/saltoecologico.es\/index.php\/wp-json\/wp\/v2\/types\/post"}],"author":[{"embeddable":true,"href":"https:\/\/saltoecologico.es\/index.php\/wp-json\/wp\/v2\/users\/1"}],"replies":[{"embeddable":true,"href":"https:\/\/saltoecologico.es\/index.php\/wp-json\/wp\/v2\/comments?post=715"}],"version-history":[{"count":1,"href":"https:\/\/saltoecologico.es\/index.php\/wp-json\/wp\/v2\/posts\/715\/revisions"}],"predecessor-version":[{"id":717,"href":"https:\/\/saltoecologico.es\/index.php\/wp-json\/wp\/v2\/posts\/715\/revisions\/717"}],"wp:featuredmedia":[{"embeddable":true,"href":"https:\/\/saltoecologico.es\/index.php\/wp-json\/wp\/v2\/media\/716"}],"wp:attachment":[{"href":"https:\/\/saltoecologico.es\/index.php\/wp-json\/wp\/v2\/media?parent=715"}],"wp:term":[{"taxonomy":"category","embeddable":true,"href":"https:\/\/saltoecologico.es\/index.php\/wp-json\/wp\/v2\/categories?post=715"},{"taxonomy":"post_tag","embeddable":true,"href":"https:\/\/saltoecologico.es\/index.php\/wp-json\/wp\/v2\/tags?post=715"}],"curies":[{"name":"wp","href":"https:\/\/api.w.org\/{rel}","templated":true}]}}