{"id":718,"date":"2024-01-18T09:27:00","date_gmt":"2024-01-18T09:27:00","guid":{"rendered":"https:\/\/saltoecologico.es\/?p=718"},"modified":"2025-04-18T09:27:44","modified_gmt":"2025-04-18T09:27:44","slug":"ratificacion-europea","status":"publish","type":"post","link":"https:\/\/saltoecologico.es\/index.php\/2024\/01\/18\/ratificacion-europea\/","title":{"rendered":"Ratificaci\u00f3n europea"},"content":{"rendered":"\n<p class=\"wp-block-paragraph\">Como no pod\u00eda ser de otra manera, la Comisi\u00f3n Europea avala la petici\u00f3n del Gobierno Espa\u00f1ol en favor de que las instalaciones de almacenamiento hidr\u00e1ulico en Canarias sean del Gestor de la Red de Transporte, Red El\u00e9ctrica de Espa\u00f1a, cuando estas instalaciones est\u00e1n destinadas a aumentar la seguridad del suministro y la integraci\u00f3n de las energ\u00edas renovables. En definitiva, El Salto de Chira y las que puedan venir en el futuro, tienen todos los parabienes legales para ser de titularidad de REE.<\/p>\n\n\n\n<p class=\"wp-block-paragraph\">Cualquiera que se haya aproximado con unos conocimientos t\u00e9cnicos m\u00ednimos sobre gesti\u00f3n de redes el\u00e9ctricas, a esta cuesti\u00f3n, habr\u00e1 podido entender que no pod\u00eda ser de otra manera.<\/p>\n\n\n\n<p class=\"wp-block-paragraph\">El negocio tradicional de una central hidroel\u00e9ctrica de bombeo puro siempre ha consistido en bombear agua cuando la tarifa es m\u00e1s barata para luego turbinarla cuando es m\u00e1s cara, obteniendo evidentemente el beneficio econ\u00f3mico en ese diferencial. Obviamente si ya el funcionamiento no est\u00e1 orientado hacia este aspecto, sino a la seguridad del suministro y a la integraci\u00f3n de renovables, se da la circunstancia que pierde atractivo econ\u00f3mico porque en muchas ocasiones se tendr\u00e1 que bombear con tarifas altas y turbinar con tarifas bajas, porque ya los objetivos no ser\u00e1n el beneficio econ\u00f3mico directo, sino un fin mucho mayor en cuanto al sistema el\u00e9ctrico en general.<\/p>\n\n\n\n<p class=\"wp-block-paragraph\">Del texto emitido por la Comisi\u00f3n Europea y denominado: \u201cDECISI\u00d3N DE LA COMISI\u00d3N de 8.12.2023 por la que se concede al Reino de Espa\u00f1a una excepci\u00f3n con respecto a determinadas disposiciones del Reglamento (UE) 2019\/943 del Parlamento Europeo y del Consejo y de la Directiva (UE) 2019\/944 del Parlamento Europeo y del Consejo en relaci\u00f3n con Canarias\u201d, conviene resaltar lo siguiente:<\/p>\n\n\n\n<p class=\"wp-block-paragraph\"><em>\u201cSin embargo, teniendo en cuenta la condici\u00f3n de regi\u00f3n ultraperif\u00e9rica y la orograf\u00eda de Canarias, con limitadas opciones de conexi\u00f3n entre las distintas islas, la Comisi\u00f3n considera que est\u00e1 justificada una excepci\u00f3n con respecto al art\u00edculo 54, apartado 1, de la Directiva (UE) 2019\/944, con arreglo al art\u00edculo 66 de la Directiva, limitada a las instalaciones hidr\u00e1ulicas de bombeo.\u201d<\/em><\/p>\n\n\n\n<p class=\"wp-block-paragraph\">Pero tambi\u00e9n hay otras cuestiones colaterales como por ejemplo con respecto a aquellos que ponen en duda la eficacia de los bombeos, a pesar de ser el 90% de las instalaciones de almacenamiento de los sistemas el\u00e9ctricos, con una sutil colocaci\u00f3n entre comillas tal y como sigue: <em>\u201cSe refirieron a \u201cexpertos consultados\u201d, seg\u00fan los cuales la energ\u00eda almacenada ser\u00e1 principalmente energ\u00eda procedente de combustibles f\u00f3siles producida por antiguas instalaciones t\u00e9rmicas existentes que no pueden cerrarse por la noche\u201d<\/em>. Evidentemente este aspecto se zanja de una manera absoluta con un enunciado afirmativo en el siguiente sentido:<\/p>\n\n\n\n<p class=\"wp-block-paragraph\">\u201c<em>Las instalaciones hidr\u00e1ulicas de bombeo permiten aumentar la seguridad del suministro y la integraci\u00f3n de las energ\u00edas renovables proporcionando una fuente de flexibilidad renovable al sistema el\u00e9ctrico, lo que contribuye a equilibrar el exceso de oferta y a evitar restricciones. Esta tecnolog\u00eda se considera fundamental para una integraci\u00f3n \u00f3ptima de las fuentes renovables intermitentes (por ejemplo, e\u00f3lica y solar<\/em>\u201d.<\/p>\n\n\n\n<p class=\"wp-block-paragraph\">En definitiva, una gran noticia para los que abogamos por la descarbonizaci\u00f3n de Canarias en general y Gran Canaria en particular, en tiempo y forma, de tal manera que pueda significar el pistoletazo de salida de futuros enclaves en esta y otras islas que nos permitan cumplir con el PTECAN, en su forma actual y conseguir un territorio sin emisiones netas de CO2 antes del 2040.<\/p>\n","protected":false},"excerpt":{"rendered":"<p>Como no pod\u00eda ser de otra manera, la Comisi\u00f3n Europea avala la petici\u00f3n del Gobierno Espa\u00f1ol en favor de que las instalaciones de almacenamiento hidr\u00e1ulico en Canarias sean del Gestor de la Red de Transporte, Red El\u00e9ctrica de Espa\u00f1a, cuando estas instalaciones est\u00e1n destinadas a aumentar la seguridad del suministro y la integraci\u00f3n de las [&hellip;]<\/p>\n","protected":false},"author":1,"featured_media":719,"comment_status":"open","ping_status":"open","sticky":false,"template":"","format":"standard","meta":{"footnotes":""},"categories":[56,31],"tags":[],"class_list":["post-718","post","type-post","status-publish","format-standard","has-post-thumbnail","category-b_salto-de-chira","category-bombeos"],"yoast_head":"<!-- This site is optimized with the Yoast SEO plugin v28.2 - https:\/\/yoast.com\/product\/yoast-seo-wordpress\/ -->\n<title>Ratificaci\u00f3n europea - Salto Ecol\u00f3gico<\/title>\n<meta name=\"robots\" content=\"index, follow, max-snippet:-1, max-image-preview:large, max-video-preview:-1\" \/>\n<link rel=\"canonical\" href=\"https:\/\/saltoecologico.es\/index.php\/2024\/01\/18\/ratificacion-europea\/\" \/>\n<meta property=\"og:locale\" content=\"es_ES\" \/>\n<meta property=\"og:type\" content=\"article\" \/>\n<meta property=\"og:title\" content=\"Ratificaci\u00f3n europea - Salto Ecol\u00f3gico\" \/>\n<meta property=\"og:description\" content=\"Como no pod\u00eda ser de otra manera, la Comisi\u00f3n Europea avala la petici\u00f3n del Gobierno Espa\u00f1ol en favor de que las instalaciones de almacenamiento hidr\u00e1ulico en Canarias sean del Gestor de la Red de Transporte, Red El\u00e9ctrica de Espa\u00f1a, cuando estas instalaciones est\u00e1n destinadas a aumentar la seguridad del suministro y la integraci\u00f3n de las [&hellip;]\" \/>\n<meta property=\"og:url\" content=\"https:\/\/saltoecologico.es\/index.php\/2024\/01\/18\/ratificacion-europea\/\" \/>\n<meta property=\"og:site_name\" content=\"Salto Ecol\u00f3gico\" \/>\n<meta property=\"article:publisher\" content=\"https:\/\/www.facebook.com\/Saltotransicionecologica\" \/>\n<meta property=\"article:published_time\" content=\"2024-01-18T09:27:00+00:00\" \/>\n<meta property=\"article:modified_time\" content=\"2025-04-18T09:27:44+00:00\" \/>\n<meta property=\"og:image\" content=\"https:\/\/saltoecologico.es\/wp-content\/uploads\/2025\/04\/Salto-17.jpg\" \/>\n\t<meta property=\"og:image:width\" content=\"1024\" \/>\n\t<meta property=\"og:image:height\" content=\"660\" \/>\n\t<meta property=\"og:image:type\" content=\"image\/jpeg\" \/>\n<meta name=\"author\" content=\"admin\" \/>\n<meta name=\"twitter:card\" content=\"summary_large_image\" \/>\n<meta name=\"twitter:label1\" content=\"Escrito por\" \/>\n\t<meta name=\"twitter:data1\" content=\"admin\" \/>\n\t<meta name=\"twitter:label2\" content=\"Tiempo de lectura\" \/>\n\t<meta name=\"twitter:data2\" content=\"3 minutos\" \/>\n<script type=\"application\/ld+json\" class=\"yoast-schema-graph\">{\"@context\":\"https:\\\/\\\/schema.org\",\"@graph\":[{\"@type\":\"Article\",\"@id\":\"https:\\\/\\\/saltoecologico.es\\\/index.php\\\/2024\\\/01\\\/18\\\/ratificacion-europea\\\/#article\",\"isPartOf\":{\"@id\":\"https:\\\/\\\/saltoecologico.es\\\/index.php\\\/2024\\\/01\\\/18\\\/ratificacion-europea\\\/\"},\"author\":{\"name\":\"admin\",\"@id\":\"https:\\\/\\\/saltoecologico.es\\\/#\\\/schema\\\/person\\\/7175eec4b3c123d86c675313c3a01a0b\"},\"headline\":\"Ratificaci\u00f3n europea\",\"datePublished\":\"2024-01-18T09:27:00+00:00\",\"dateModified\":\"2025-04-18T09:27:44+00:00\",\"mainEntityOfPage\":{\"@id\":\"https:\\\/\\\/saltoecologico.es\\\/index.php\\\/2024\\\/01\\\/18\\\/ratificacion-europea\\\/\"},\"wordCount\":607,\"commentCount\":0,\"publisher\":{\"@id\":\"https:\\\/\\\/saltoecologico.es\\\/#organization\"},\"image\":{\"@id\":\"https:\\\/\\\/saltoecologico.es\\\/index.php\\\/2024\\\/01\\\/18\\\/ratificacion-europea\\\/#primaryimage\"},\"thumbnailUrl\":\"https:\\\/\\\/saltoecologico.es\\\/wp-content\\\/uploads\\\/2025\\\/04\\\/Salto-17.jpg\",\"articleSection\":[\"B_Salto de Chira\",\"Bombeos\"],\"inLanguage\":\"es\",\"potentialAction\":[{\"@type\":\"CommentAction\",\"name\":\"Comment\",\"target\":[\"https:\\\/\\\/saltoecologico.es\\\/index.php\\\/2024\\\/01\\\/18\\\/ratificacion-europea\\\/#respond\"]}]},{\"@type\":\"WebPage\",\"@id\":\"https:\\\/\\\/saltoecologico.es\\\/index.php\\\/2024\\\/01\\\/18\\\/ratificacion-europea\\\/\",\"url\":\"https:\\\/\\\/saltoecologico.es\\\/index.php\\\/2024\\\/01\\\/18\\\/ratificacion-europea\\\/\",\"name\":\"Ratificaci\u00f3n europea - Salto Ecol\u00f3gico\",\"isPartOf\":{\"@id\":\"https:\\\/\\\/saltoecologico.es\\\/#website\"},\"primaryImageOfPage\":{\"@id\":\"https:\\\/\\\/saltoecologico.es\\\/index.php\\\/2024\\\/01\\\/18\\\/ratificacion-europea\\\/#primaryimage\"},\"image\":{\"@id\":\"https:\\\/\\\/saltoecologico.es\\\/index.php\\\/2024\\\/01\\\/18\\\/ratificacion-europea\\\/#primaryimage\"},\"thumbnailUrl\":\"https:\\\/\\\/saltoecologico.es\\\/wp-content\\\/uploads\\\/2025\\\/04\\\/Salto-17.jpg\",\"datePublished\":\"2024-01-18T09:27:00+00:00\",\"dateModified\":\"2025-04-18T09:27:44+00:00\",\"breadcrumb\":{\"@id\":\"https:\\\/\\\/saltoecologico.es\\\/index.php\\\/2024\\\/01\\\/18\\\/ratificacion-europea\\\/#breadcrumb\"},\"inLanguage\":\"es\",\"potentialAction\":[{\"@type\":\"ReadAction\",\"target\":[\"https:\\\/\\\/saltoecologico.es\\\/index.php\\\/2024\\\/01\\\/18\\\/ratificacion-europea\\\/\"]}]},{\"@type\":\"ImageObject\",\"inLanguage\":\"es\",\"@id\":\"https:\\\/\\\/saltoecologico.es\\\/index.php\\\/2024\\\/01\\\/18\\\/ratificacion-europea\\\/#primaryimage\",\"url\":\"https:\\\/\\\/saltoecologico.es\\\/wp-content\\\/uploads\\\/2025\\\/04\\\/Salto-17.jpg\",\"contentUrl\":\"https:\\\/\\\/saltoecologico.es\\\/wp-content\\\/uploads\\\/2025\\\/04\\\/Salto-17.jpg\",\"width\":1024,\"height\":660,\"caption\":\"Aerial view of Dam in tropical rainforest with hydro power plant in national park at Kanchanaburi, Thailand\"},{\"@type\":\"BreadcrumbList\",\"@id\":\"https:\\\/\\\/saltoecologico.es\\\/index.php\\\/2024\\\/01\\\/18\\\/ratificacion-europea\\\/#breadcrumb\",\"itemListElement\":[{\"@type\":\"ListItem\",\"position\":1,\"name\":\"Portada\",\"item\":\"https:\\\/\\\/saltoecologico.es\\\/\"},{\"@type\":\"ListItem\",\"position\":2,\"name\":\"Ratificaci\u00f3n europea\"}]},{\"@type\":\"WebSite\",\"@id\":\"https:\\\/\\\/saltoecologico.es\\\/#website\",\"url\":\"https:\\\/\\\/saltoecologico.es\\\/\",\"name\":\"Salto Ecol\u00f3gico\",\"description\":\"\",\"publisher\":{\"@id\":\"https:\\\/\\\/saltoecologico.es\\\/#organization\"},\"potentialAction\":[{\"@type\":\"SearchAction\",\"target\":{\"@type\":\"EntryPoint\",\"urlTemplate\":\"https:\\\/\\\/saltoecologico.es\\\/?s={search_term_string}\"},\"query-input\":{\"@type\":\"PropertyValueSpecification\",\"valueRequired\":true,\"valueName\":\"search_term_string\"}}],\"inLanguage\":\"es\"},{\"@type\":\"Organization\",\"@id\":\"https:\\\/\\\/saltoecologico.es\\\/#organization\",\"name\":\"Salto a la Transici\u00f3n Ecol\u00f3gica\",\"url\":\"https:\\\/\\\/saltoecologico.es\\\/\",\"logo\":{\"@type\":\"ImageObject\",\"inLanguage\":\"es\",\"@id\":\"https:\\\/\\\/saltoecologico.es\\\/#\\\/schema\\\/logo\\\/image\\\/\",\"url\":\"https:\\\/\\\/saltoecologico.es\\\/wp-content\\\/uploads\\\/2025\\\/04\\\/Logo-STE.jpg\",\"contentUrl\":\"https:\\\/\\\/saltoecologico.es\\\/wp-content\\\/uploads\\\/2025\\\/04\\\/Logo-STE.jpg\",\"width\":435,\"height\":435,\"caption\":\"Salto a la Transici\u00f3n Ecol\u00f3gica\"},\"image\":{\"@id\":\"https:\\\/\\\/saltoecologico.es\\\/#\\\/schema\\\/logo\\\/image\\\/\"},\"sameAs\":[\"https:\\\/\\\/www.facebook.com\\\/Saltotransicionecologica\"]},{\"@type\":\"Person\",\"@id\":\"https:\\\/\\\/saltoecologico.es\\\/#\\\/schema\\\/person\\\/7175eec4b3c123d86c675313c3a01a0b\",\"name\":\"admin\",\"image\":{\"@type\":\"ImageObject\",\"inLanguage\":\"es\",\"@id\":\"https:\\\/\\\/secure.gravatar.com\\\/avatar\\\/4c215dc57bbc7b2f2f470ac9bd197f3f112636a584e575a732d0206a2d9c9806?s=96&d=mm&r=g\",\"url\":\"https:\\\/\\\/secure.gravatar.com\\\/avatar\\\/4c215dc57bbc7b2f2f470ac9bd197f3f112636a584e575a732d0206a2d9c9806?s=96&d=mm&r=g\",\"contentUrl\":\"https:\\\/\\\/secure.gravatar.com\\\/avatar\\\/4c215dc57bbc7b2f2f470ac9bd197f3f112636a584e575a732d0206a2d9c9806?s=96&d=mm&r=g\",\"caption\":\"admin\"},\"sameAs\":[\"https:\\\/\\\/saltoecologico.es\"],\"url\":\"https:\\\/\\\/saltoecologico.es\\\/index.php\\\/author\\\/saltoecologico\\\/\"}]}<\/script>\n<!-- \/ Yoast SEO plugin. -->","yoast_head_json":{"title":"Ratificaci\u00f3n europea - Salto Ecol\u00f3gico","robots":{"index":"index","follow":"follow","max-snippet":"max-snippet:-1","max-image-preview":"max-image-preview:large","max-video-preview":"max-video-preview:-1"},"canonical":"https:\/\/saltoecologico.es\/index.php\/2024\/01\/18\/ratificacion-europea\/","og_locale":"es_ES","og_type":"article","og_title":"Ratificaci\u00f3n europea - Salto Ecol\u00f3gico","og_description":"Como no pod\u00eda ser de otra manera, la Comisi\u00f3n Europea avala la petici\u00f3n del Gobierno Espa\u00f1ol en favor de que las instalaciones de almacenamiento hidr\u00e1ulico en Canarias sean del Gestor de la Red de Transporte, Red El\u00e9ctrica de Espa\u00f1a, cuando estas instalaciones est\u00e1n destinadas a aumentar la seguridad del suministro y la integraci\u00f3n de las [&hellip;]","og_url":"https:\/\/saltoecologico.es\/index.php\/2024\/01\/18\/ratificacion-europea\/","og_site_name":"Salto Ecol\u00f3gico","article_publisher":"https:\/\/www.facebook.com\/Saltotransicionecologica","article_published_time":"2024-01-18T09:27:00+00:00","article_modified_time":"2025-04-18T09:27:44+00:00","og_image":[{"width":1024,"height":660,"url":"https:\/\/saltoecologico.es\/wp-content\/uploads\/2025\/04\/Salto-17.jpg","type":"image\/jpeg"}],"author":"admin","twitter_card":"summary_large_image","twitter_misc":{"Escrito por":"admin","Tiempo de lectura":"3 minutos"},"schema":{"@context":"https:\/\/schema.org","@graph":[{"@type":"Article","@id":"https:\/\/saltoecologico.es\/index.php\/2024\/01\/18\/ratificacion-europea\/#article","isPartOf":{"@id":"https:\/\/saltoecologico.es\/index.php\/2024\/01\/18\/ratificacion-europea\/"},"author":{"name":"admin","@id":"https:\/\/saltoecologico.es\/#\/schema\/person\/7175eec4b3c123d86c675313c3a01a0b"},"headline":"Ratificaci\u00f3n europea","datePublished":"2024-01-18T09:27:00+00:00","dateModified":"2025-04-18T09:27:44+00:00","mainEntityOfPage":{"@id":"https:\/\/saltoecologico.es\/index.php\/2024\/01\/18\/ratificacion-europea\/"},"wordCount":607,"commentCount":0,"publisher":{"@id":"https:\/\/saltoecologico.es\/#organization"},"image":{"@id":"https:\/\/saltoecologico.es\/index.php\/2024\/01\/18\/ratificacion-europea\/#primaryimage"},"thumbnailUrl":"https:\/\/saltoecologico.es\/wp-content\/uploads\/2025\/04\/Salto-17.jpg","articleSection":["B_Salto de Chira","Bombeos"],"inLanguage":"es","potentialAction":[{"@type":"CommentAction","name":"Comment","target":["https:\/\/saltoecologico.es\/index.php\/2024\/01\/18\/ratificacion-europea\/#respond"]}]},{"@type":"WebPage","@id":"https:\/\/saltoecologico.es\/index.php\/2024\/01\/18\/ratificacion-europea\/","url":"https:\/\/saltoecologico.es\/index.php\/2024\/01\/18\/ratificacion-europea\/","name":"Ratificaci\u00f3n europea - Salto Ecol\u00f3gico","isPartOf":{"@id":"https:\/\/saltoecologico.es\/#website"},"primaryImageOfPage":{"@id":"https:\/\/saltoecologico.es\/index.php\/2024\/01\/18\/ratificacion-europea\/#primaryimage"},"image":{"@id":"https:\/\/saltoecologico.es\/index.php\/2024\/01\/18\/ratificacion-europea\/#primaryimage"},"thumbnailUrl":"https:\/\/saltoecologico.es\/wp-content\/uploads\/2025\/04\/Salto-17.jpg","datePublished":"2024-01-18T09:27:00+00:00","dateModified":"2025-04-18T09:27:44+00:00","breadcrumb":{"@id":"https:\/\/saltoecologico.es\/index.php\/2024\/01\/18\/ratificacion-europea\/#breadcrumb"},"inLanguage":"es","potentialAction":[{"@type":"ReadAction","target":["https:\/\/saltoecologico.es\/index.php\/2024\/01\/18\/ratificacion-europea\/"]}]},{"@type":"ImageObject","inLanguage":"es","@id":"https:\/\/saltoecologico.es\/index.php\/2024\/01\/18\/ratificacion-europea\/#primaryimage","url":"https:\/\/saltoecologico.es\/wp-content\/uploads\/2025\/04\/Salto-17.jpg","contentUrl":"https:\/\/saltoecologico.es\/wp-content\/uploads\/2025\/04\/Salto-17.jpg","width":1024,"height":660,"caption":"Aerial view of Dam in tropical rainforest with hydro power plant in national park at Kanchanaburi, Thailand"},{"@type":"BreadcrumbList","@id":"https:\/\/saltoecologico.es\/index.php\/2024\/01\/18\/ratificacion-europea\/#breadcrumb","itemListElement":[{"@type":"ListItem","position":1,"name":"Portada","item":"https:\/\/saltoecologico.es\/"},{"@type":"ListItem","position":2,"name":"Ratificaci\u00f3n europea"}]},{"@type":"WebSite","@id":"https:\/\/saltoecologico.es\/#website","url":"https:\/\/saltoecologico.es\/","name":"Salto Ecol\u00f3gico","description":"","publisher":{"@id":"https:\/\/saltoecologico.es\/#organization"},"potentialAction":[{"@type":"SearchAction","target":{"@type":"EntryPoint","urlTemplate":"https:\/\/saltoecologico.es\/?s={search_term_string}"},"query-input":{"@type":"PropertyValueSpecification","valueRequired":true,"valueName":"search_term_string"}}],"inLanguage":"es"},{"@type":"Organization","@id":"https:\/\/saltoecologico.es\/#organization","name":"Salto a la Transici\u00f3n Ecol\u00f3gica","url":"https:\/\/saltoecologico.es\/","logo":{"@type":"ImageObject","inLanguage":"es","@id":"https:\/\/saltoecologico.es\/#\/schema\/logo\/image\/","url":"https:\/\/saltoecologico.es\/wp-content\/uploads\/2025\/04\/Logo-STE.jpg","contentUrl":"https:\/\/saltoecologico.es\/wp-content\/uploads\/2025\/04\/Logo-STE.jpg","width":435,"height":435,"caption":"Salto a la Transici\u00f3n Ecol\u00f3gica"},"image":{"@id":"https:\/\/saltoecologico.es\/#\/schema\/logo\/image\/"},"sameAs":["https:\/\/www.facebook.com\/Saltotransicionecologica"]},{"@type":"Person","@id":"https:\/\/saltoecologico.es\/#\/schema\/person\/7175eec4b3c123d86c675313c3a01a0b","name":"admin","image":{"@type":"ImageObject","inLanguage":"es","@id":"https:\/\/secure.gravatar.com\/avatar\/4c215dc57bbc7b2f2f470ac9bd197f3f112636a584e575a732d0206a2d9c9806?s=96&d=mm&r=g","url":"https:\/\/secure.gravatar.com\/avatar\/4c215dc57bbc7b2f2f470ac9bd197f3f112636a584e575a732d0206a2d9c9806?s=96&d=mm&r=g","contentUrl":"https:\/\/secure.gravatar.com\/avatar\/4c215dc57bbc7b2f2f470ac9bd197f3f112636a584e575a732d0206a2d9c9806?s=96&d=mm&r=g","caption":"admin"},"sameAs":["https:\/\/saltoecologico.es"],"url":"https:\/\/saltoecologico.es\/index.php\/author\/saltoecologico\/"}]}},"_links":{"self":[{"href":"https:\/\/saltoecologico.es\/index.php\/wp-json\/wp\/v2\/posts\/718","targetHints":{"allow":["GET"]}}],"collection":[{"href":"https:\/\/saltoecologico.es\/index.php\/wp-json\/wp\/v2\/posts"}],"about":[{"href":"https:\/\/saltoecologico.es\/index.php\/wp-json\/wp\/v2\/types\/post"}],"author":[{"embeddable":true,"href":"https:\/\/saltoecologico.es\/index.php\/wp-json\/wp\/v2\/users\/1"}],"replies":[{"embeddable":true,"href":"https:\/\/saltoecologico.es\/index.php\/wp-json\/wp\/v2\/comments?post=718"}],"version-history":[{"count":1,"href":"https:\/\/saltoecologico.es\/index.php\/wp-json\/wp\/v2\/posts\/718\/revisions"}],"predecessor-version":[{"id":720,"href":"https:\/\/saltoecologico.es\/index.php\/wp-json\/wp\/v2\/posts\/718\/revisions\/720"}],"wp:featuredmedia":[{"embeddable":true,"href":"https:\/\/saltoecologico.es\/index.php\/wp-json\/wp\/v2\/media\/719"}],"wp:attachment":[{"href":"https:\/\/saltoecologico.es\/index.php\/wp-json\/wp\/v2\/media?parent=718"}],"wp:term":[{"taxonomy":"category","embeddable":true,"href":"https:\/\/saltoecologico.es\/index.php\/wp-json\/wp\/v2\/categories?post=718"},{"taxonomy":"post_tag","embeddable":true,"href":"https:\/\/saltoecologico.es\/index.php\/wp-json\/wp\/v2\/tags?post=718"}],"curies":[{"name":"wp","href":"https:\/\/api.w.org\/{rel}","templated":true}]}}