{"id":721,"date":"2024-01-19T09:29:00","date_gmt":"2024-01-19T09:29:00","guid":{"rendered":"https:\/\/saltoecologico.es\/?p=721"},"modified":"2025-04-18T09:30:17","modified_gmt":"2025-04-18T09:30:17","slug":"extranos-companeros","status":"publish","type":"post","link":"https:\/\/saltoecologico.es\/index.php\/2024\/01\/19\/extranos-companeros\/","title":{"rendered":"Extra\u00f1os compa\u00f1eros"},"content":{"rendered":"\n<p class=\"wp-block-paragraph\">Es muy complicado discernir adecuadamente el porqu\u00e9 ciertos caminos hacen tan extra\u00f1os compa\u00f1eros de viaje, que hacen que se tenga que cabalgar constantemente contradicciones que en otras situaciones tendr\u00edan que ser inasumibles.<\/p>\n\n\n\n<p class=\"wp-block-paragraph\">En la d\u00e9cada de los 70 y los 80 tiene lugar el resurgimiento de unas teor\u00edas econ\u00f3micas que tienen su base fundamental en el libre mercado, en las privatizaciones y las desregulaciones, con el fin de reducir al estado a su m\u00ednima expresi\u00f3n, nos estamos refiriendo al neoliberalismo. Milton Friedman y sus Chicagos Boys comienzan sus experimentos, incluida la doctrina del shock, en la dictadura chilena de Pinochet, a la que posteriormente se sumarian democracias tan consolidadas como la Inglaterra de Margaret Thatcher o el propio Estados Unidos de Ronal Reagan. Esta forma de ver la econom\u00eda se lleg\u00f3 a implantar de una manera tan generalizada en occidente, que las anteriores teor\u00edas keynesianas pasaron a un oscuro segundo t\u00e9rmino y los sacrosantos mercados, se apoderaron de todo el ecosistema financiero, administrativo y gubernamental, alcanzando su grado m\u00e1ximo con las famosas pol\u00edticas de recortes y austericidios econ\u00f3micos que imperaron en Europa durante una buena parte del siglo pasado y la mayor parte de lo que va del actual.<\/p>\n\n\n\n<p class=\"wp-block-paragraph\">En Espa\u00f1a esta corriente no pas\u00f3 desapercibida e influyo notablemente en el felipismo tard\u00edo y en toda la \u00e9poca aznarista, que culminar\u00eda con las m\u00e1s importantes empresas p\u00fablicas de nuestro pa\u00eds privatizadas sin contemplaciones, incluyendo la joya de la corona, que era Endesa, que, por arte de la geopol\u00edtica internacional y la mala gesti\u00f3n de nuestros gobernantes, pasa del estar en manos del estado espa\u00f1ol a quedar en manos del estado italiano. Porque a pesar de que el neoliberalismo se impone en todos los pa\u00edses hubo algunos que antepusieron los intereses nacionales por delante de modas en la teor\u00eda econ\u00f3mica. De esta forma E\u00f3n en Alemania, EDF en Francia y Enel en Italia siguieron estando controladas por sus respectivos gobiernos nacionales. De aquel fest\u00edn privatizador tan solo se salv\u00f3 una empresa en los sectores estrat\u00e9gicos del pa\u00eds y que fue Red El\u00e9ctrica de Espa\u00f1a, que con el 20% del accionariado en manos de la SEPI y una pol\u00edtica restrictiva en cuanto a los titulares de las acciones, hacen que esta empresa est\u00e9 controlada completamente por el gobierno de turno.<\/p>\n\n\n\n<p class=\"wp-block-paragraph\">Una de las m\u00e1ximas que abrazan todos los seguidores de esta corriente econ\u00f3mica es la de poner en tela de juicio el Cambio Clim\u00e1tico Antropog\u00e9nico y lo hacen por una cuesti\u00f3n de fondo principalmente, porque si es verdad que este Cambio Clim\u00e1tico existe, tienen el grave problema de que el sacrosanto mercado no es capaz de darle respuesta, sino en cambio, esta respuesta solo puede proceder desde un ente gubernamental fuerte y dotado de m\u00fasculo econ\u00f3mico, que anteponga el inter\u00e9s de la ciudadan\u00eda al inter\u00e9s de dicho mercado.<\/p>\n\n\n\n<p class=\"wp-block-paragraph\">En este contexto es en el que se desarrolla y aprueba la DIRECTIVA (UE) 2019\/944 DEL PARLAMENTO EUROPEO Y DEL CONSEJO de 5 de junio de 2019 sobre normas comunes para el mercado interior de la electricidad y por la que se modifica la Directiva 2012\/27\/UEy que mediante una frase lapidaria en su art\u00edculo 5 hace toda una declaraci\u00f3n de intenciones: \u201c<em>Los suministradores podr\u00e1n determinar libremente el precio al que suministran electricidad a los clientes. Los Estados miembros adoptar\u00e1n las medidas adecuadas para garantizar una competencia efectiva entre suministradores<\/em>\u201d.<\/p>\n\n\n\n<p class=\"wp-block-paragraph\">Pues bien, con el tema del Salto de Chira se da la circunstancia, que sus detractores, que dicen defender el medio ambiente y luchar contra el cambio clim\u00e1tico, abrazaron esta directiva neoliberal como la piedra de salvaci\u00f3n definitiva sobre su cruzada ideol\u00f3gica en contra de la central de bombeo, no d\u00e1ndose cuenta de que a\u00fan si le hubieran dado la raz\u00f3n, no hubiesen parado la construcci\u00f3n de la central sino que simplemente hubiese pasado a otras manos, posiblemente a manos de Endesa y entonces, en vez de tener una obra crucial en manos del gobierno espa\u00f1ol, hubiese quedado en manos del gobierno italiano.<\/p>\n\n\n\n<p class=\"wp-block-paragraph\">Es una lastima que a veces los \u00e1rboles impidan ver el bosque y este colectivo no cae en la cuenta en que la decisi\u00f3n de la Comisi\u00f3n en favor de que el Salto de Chira pueda ser explotado por REE, es el reconocimiento t\u00e1cito de que hay ocasiones en que los mercados no pueden asumir las soluciones necesarias para todas las cuestiones y se hace necesario la existencia de un estado que ofrezca esa soluci\u00f3n. El hecho de que el Salto de Chira sea gestionado por REE y que toda la cuesti\u00f3n de la retribuci\u00f3n adicional del mercado el\u00e9ctrico canario permanezca intacto, es poner en solfa estas teor\u00edas neoliberales tan da\u00f1inas, cuando son aplicadas inexorablemente y de una forma integrista, como se puede ver en la actual Argentina.<\/p>\n\n\n\n<p class=\"wp-block-paragraph\">Hay dos cuestiones fundamentales que este colectivo no comprende. En primer lugar, no comprenden el funcionamiento de una central de bombeo puro sin aportaciones fluyentes, que, en su vertiente m\u00e1s simple, significa que si yo tengo una aportaci\u00f3n de 800 MW de renovables y solo puedo utilizar 500 MW los otros 300 MW los tengo que tirar. En cambio, si yo tengo donde guardarlos para utilizarlos a posterioridad, puedo aprovechar los 800 MW. En segundo lugar, no entienden que REE no es una multinacional al uso y que por eso es fundamental que esta instalaci\u00f3n est\u00e9 en sus manos. Una multinacional al uso, por ejemplo, Endesa, solo buscar\u00eda el beneficio y por lo tanto ir\u00eda a bombear en horas valle, m\u00e1s baratas y turbinar en horas pico, mas caras. Pero eso no es lo que se necesita para alcanzar la seguridad del suministro y la integraci\u00f3n de fuentes renovables, se necesita bombear y turbinar cuando los valores el\u00e9ctricos y no los financieros, lo exijan. Por tanto, volvemos a la misma cuesti\u00f3n, \u00bfQu\u00e9 entidad pone los intereses generales por delante del mercado?, pues sencillamente una que este controlada por el estado y negar que REE es lo m\u00e1s parecido que existe en el sector el\u00e9ctrico a una empresa estatal, es simplemente negar lo evidente.<\/p>\n\n\n\n<p class=\"wp-block-paragraph\">Este colectivo se lo deber\u00eda hacer mirar, porque a todas las instancias que ha recurrido con sus particulares teor\u00edas, ha recibido la misma respuesta y no parece muy l\u00f3gico, que ayuntamientos, Cabildo, Gobierno de Canarias, Gobierno de Espa\u00f1a, Comunidad Econ\u00f3mica Europea, jueces y dem\u00e1s, todos, est\u00e9 equivocados. Si se nos permite el chascarrillo es como aquel que va en direcci\u00f3n prohibida y oye en la radio: \u201catenci\u00f3n a un loco en direcci\u00f3n contraria\u201d y nuestro protagonista grita: \u201cuno no, miles\u2026\u2026.., miles\u2026\u2026..\u201d.<\/p>\n","protected":false},"excerpt":{"rendered":"<p>Es muy complicado discernir adecuadamente el porqu\u00e9 ciertos caminos hacen tan extra\u00f1os compa\u00f1eros de viaje, que hacen que se tenga que cabalgar constantemente contradicciones que en otras situaciones tendr\u00edan que ser inasumibles. En la d\u00e9cada de los 70 y los 80 tiene lugar el resurgimiento de unas teor\u00edas econ\u00f3micas que tienen su base fundamental en [&hellip;]<\/p>\n","protected":false},"author":1,"featured_media":722,"comment_status":"open","ping_status":"open","sticky":false,"template":"","format":"standard","meta":{"footnotes":""},"categories":[56,31],"tags":[],"class_list":["post-721","post","type-post","status-publish","format-standard","has-post-thumbnail","category-b_salto-de-chira","category-bombeos"],"yoast_head":"<!-- This site is optimized with the Yoast SEO plugin v28.2 - https:\/\/yoast.com\/product\/yoast-seo-wordpress\/ -->\n<title>Extra\u00f1os compa\u00f1eros - Salto Ecol\u00f3gico<\/title>\n<meta name=\"robots\" content=\"index, follow, max-snippet:-1, max-image-preview:large, max-video-preview:-1\" \/>\n<link rel=\"canonical\" href=\"https:\/\/saltoecologico.es\/index.php\/2024\/01\/19\/extranos-companeros\/\" \/>\n<meta property=\"og:locale\" content=\"es_ES\" \/>\n<meta property=\"og:type\" content=\"article\" \/>\n<meta property=\"og:title\" content=\"Extra\u00f1os compa\u00f1eros - Salto Ecol\u00f3gico\" \/>\n<meta property=\"og:description\" content=\"Es muy complicado discernir adecuadamente el porqu\u00e9 ciertos caminos hacen tan extra\u00f1os compa\u00f1eros de viaje, que hacen que se tenga que cabalgar constantemente contradicciones que en otras situaciones tendr\u00edan que ser inasumibles. En la d\u00e9cada de los 70 y los 80 tiene lugar el resurgimiento de unas teor\u00edas econ\u00f3micas que tienen su base fundamental en [&hellip;]\" \/>\n<meta property=\"og:url\" content=\"https:\/\/saltoecologico.es\/index.php\/2024\/01\/19\/extranos-companeros\/\" \/>\n<meta property=\"og:site_name\" content=\"Salto Ecol\u00f3gico\" \/>\n<meta property=\"article:publisher\" content=\"https:\/\/www.facebook.com\/Saltotransicionecologica\" \/>\n<meta property=\"article:published_time\" content=\"2024-01-19T09:29:00+00:00\" \/>\n<meta property=\"article:modified_time\" content=\"2025-04-18T09:30:17+00:00\" \/>\n<meta property=\"og:image\" content=\"https:\/\/saltoecologico.es\/wp-content\/uploads\/2025\/04\/Salto-18.jpg\" \/>\n\t<meta property=\"og:image:width\" content=\"1024\" \/>\n\t<meta property=\"og:image:height\" content=\"684\" \/>\n\t<meta property=\"og:image:type\" content=\"image\/jpeg\" \/>\n<meta name=\"author\" content=\"admin\" \/>\n<meta name=\"twitter:card\" content=\"summary_large_image\" \/>\n<meta name=\"twitter:label1\" content=\"Escrito por\" \/>\n\t<meta name=\"twitter:data1\" content=\"admin\" \/>\n\t<meta name=\"twitter:label2\" content=\"Tiempo de lectura\" \/>\n\t<meta name=\"twitter:data2\" content=\"6 minutos\" \/>\n<script type=\"application\/ld+json\" class=\"yoast-schema-graph\">{\"@context\":\"https:\\\/\\\/schema.org\",\"@graph\":[{\"@type\":\"Article\",\"@id\":\"https:\\\/\\\/saltoecologico.es\\\/index.php\\\/2024\\\/01\\\/19\\\/extranos-companeros\\\/#article\",\"isPartOf\":{\"@id\":\"https:\\\/\\\/saltoecologico.es\\\/index.php\\\/2024\\\/01\\\/19\\\/extranos-companeros\\\/\"},\"author\":{\"name\":\"admin\",\"@id\":\"https:\\\/\\\/saltoecologico.es\\\/#\\\/schema\\\/person\\\/7175eec4b3c123d86c675313c3a01a0b\"},\"headline\":\"Extra\u00f1os compa\u00f1eros\",\"datePublished\":\"2024-01-19T09:29:00+00:00\",\"dateModified\":\"2025-04-18T09:30:17+00:00\",\"mainEntityOfPage\":{\"@id\":\"https:\\\/\\\/saltoecologico.es\\\/index.php\\\/2024\\\/01\\\/19\\\/extranos-companeros\\\/\"},\"wordCount\":1158,\"commentCount\":0,\"publisher\":{\"@id\":\"https:\\\/\\\/saltoecologico.es\\\/#organization\"},\"image\":{\"@id\":\"https:\\\/\\\/saltoecologico.es\\\/index.php\\\/2024\\\/01\\\/19\\\/extranos-companeros\\\/#primaryimage\"},\"thumbnailUrl\":\"https:\\\/\\\/saltoecologico.es\\\/wp-content\\\/uploads\\\/2025\\\/04\\\/Salto-18.jpg\",\"articleSection\":[\"B_Salto de Chira\",\"Bombeos\"],\"inLanguage\":\"es\",\"potentialAction\":[{\"@type\":\"CommentAction\",\"name\":\"Comment\",\"target\":[\"https:\\\/\\\/saltoecologico.es\\\/index.php\\\/2024\\\/01\\\/19\\\/extranos-companeros\\\/#respond\"]}]},{\"@type\":\"WebPage\",\"@id\":\"https:\\\/\\\/saltoecologico.es\\\/index.php\\\/2024\\\/01\\\/19\\\/extranos-companeros\\\/\",\"url\":\"https:\\\/\\\/saltoecologico.es\\\/index.php\\\/2024\\\/01\\\/19\\\/extranos-companeros\\\/\",\"name\":\"Extra\u00f1os compa\u00f1eros - Salto Ecol\u00f3gico\",\"isPartOf\":{\"@id\":\"https:\\\/\\\/saltoecologico.es\\\/#website\"},\"primaryImageOfPage\":{\"@id\":\"https:\\\/\\\/saltoecologico.es\\\/index.php\\\/2024\\\/01\\\/19\\\/extranos-companeros\\\/#primaryimage\"},\"image\":{\"@id\":\"https:\\\/\\\/saltoecologico.es\\\/index.php\\\/2024\\\/01\\\/19\\\/extranos-companeros\\\/#primaryimage\"},\"thumbnailUrl\":\"https:\\\/\\\/saltoecologico.es\\\/wp-content\\\/uploads\\\/2025\\\/04\\\/Salto-18.jpg\",\"datePublished\":\"2024-01-19T09:29:00+00:00\",\"dateModified\":\"2025-04-18T09:30:17+00:00\",\"breadcrumb\":{\"@id\":\"https:\\\/\\\/saltoecologico.es\\\/index.php\\\/2024\\\/01\\\/19\\\/extranos-companeros\\\/#breadcrumb\"},\"inLanguage\":\"es\",\"potentialAction\":[{\"@type\":\"ReadAction\",\"target\":[\"https:\\\/\\\/saltoecologico.es\\\/index.php\\\/2024\\\/01\\\/19\\\/extranos-companeros\\\/\"]}]},{\"@type\":\"ImageObject\",\"inLanguage\":\"es\",\"@id\":\"https:\\\/\\\/saltoecologico.es\\\/index.php\\\/2024\\\/01\\\/19\\\/extranos-companeros\\\/#primaryimage\",\"url\":\"https:\\\/\\\/saltoecologico.es\\\/wp-content\\\/uploads\\\/2025\\\/04\\\/Salto-18.jpg\",\"contentUrl\":\"https:\\\/\\\/saltoecologico.es\\\/wp-content\\\/uploads\\\/2025\\\/04\\\/Salto-18.jpg\",\"width\":1024,\"height\":684,\"caption\":\"Contemporary hydroelectric power station in landscape\"},{\"@type\":\"BreadcrumbList\",\"@id\":\"https:\\\/\\\/saltoecologico.es\\\/index.php\\\/2024\\\/01\\\/19\\\/extranos-companeros\\\/#breadcrumb\",\"itemListElement\":[{\"@type\":\"ListItem\",\"position\":1,\"name\":\"Portada\",\"item\":\"https:\\\/\\\/saltoecologico.es\\\/\"},{\"@type\":\"ListItem\",\"position\":2,\"name\":\"Extra\u00f1os compa\u00f1eros\"}]},{\"@type\":\"WebSite\",\"@id\":\"https:\\\/\\\/saltoecologico.es\\\/#website\",\"url\":\"https:\\\/\\\/saltoecologico.es\\\/\",\"name\":\"Salto Ecol\u00f3gico\",\"description\":\"\",\"publisher\":{\"@id\":\"https:\\\/\\\/saltoecologico.es\\\/#organization\"},\"potentialAction\":[{\"@type\":\"SearchAction\",\"target\":{\"@type\":\"EntryPoint\",\"urlTemplate\":\"https:\\\/\\\/saltoecologico.es\\\/?s={search_term_string}\"},\"query-input\":{\"@type\":\"PropertyValueSpecification\",\"valueRequired\":true,\"valueName\":\"search_term_string\"}}],\"inLanguage\":\"es\"},{\"@type\":\"Organization\",\"@id\":\"https:\\\/\\\/saltoecologico.es\\\/#organization\",\"name\":\"Salto a la Transici\u00f3n Ecol\u00f3gica\",\"url\":\"https:\\\/\\\/saltoecologico.es\\\/\",\"logo\":{\"@type\":\"ImageObject\",\"inLanguage\":\"es\",\"@id\":\"https:\\\/\\\/saltoecologico.es\\\/#\\\/schema\\\/logo\\\/image\\\/\",\"url\":\"https:\\\/\\\/saltoecologico.es\\\/wp-content\\\/uploads\\\/2025\\\/04\\\/Logo-STE.jpg\",\"contentUrl\":\"https:\\\/\\\/saltoecologico.es\\\/wp-content\\\/uploads\\\/2025\\\/04\\\/Logo-STE.jpg\",\"width\":435,\"height\":435,\"caption\":\"Salto a la Transici\u00f3n Ecol\u00f3gica\"},\"image\":{\"@id\":\"https:\\\/\\\/saltoecologico.es\\\/#\\\/schema\\\/logo\\\/image\\\/\"},\"sameAs\":[\"https:\\\/\\\/www.facebook.com\\\/Saltotransicionecologica\"]},{\"@type\":\"Person\",\"@id\":\"https:\\\/\\\/saltoecologico.es\\\/#\\\/schema\\\/person\\\/7175eec4b3c123d86c675313c3a01a0b\",\"name\":\"admin\",\"image\":{\"@type\":\"ImageObject\",\"inLanguage\":\"es\",\"@id\":\"https:\\\/\\\/secure.gravatar.com\\\/avatar\\\/4c215dc57bbc7b2f2f470ac9bd197f3f112636a584e575a732d0206a2d9c9806?s=96&d=mm&r=g\",\"url\":\"https:\\\/\\\/secure.gravatar.com\\\/avatar\\\/4c215dc57bbc7b2f2f470ac9bd197f3f112636a584e575a732d0206a2d9c9806?s=96&d=mm&r=g\",\"contentUrl\":\"https:\\\/\\\/secure.gravatar.com\\\/avatar\\\/4c215dc57bbc7b2f2f470ac9bd197f3f112636a584e575a732d0206a2d9c9806?s=96&d=mm&r=g\",\"caption\":\"admin\"},\"sameAs\":[\"https:\\\/\\\/saltoecologico.es\"],\"url\":\"https:\\\/\\\/saltoecologico.es\\\/index.php\\\/author\\\/saltoecologico\\\/\"}]}<\/script>\n<!-- \/ Yoast SEO plugin. -->","yoast_head_json":{"title":"Extra\u00f1os compa\u00f1eros - Salto Ecol\u00f3gico","robots":{"index":"index","follow":"follow","max-snippet":"max-snippet:-1","max-image-preview":"max-image-preview:large","max-video-preview":"max-video-preview:-1"},"canonical":"https:\/\/saltoecologico.es\/index.php\/2024\/01\/19\/extranos-companeros\/","og_locale":"es_ES","og_type":"article","og_title":"Extra\u00f1os compa\u00f1eros - Salto Ecol\u00f3gico","og_description":"Es muy complicado discernir adecuadamente el porqu\u00e9 ciertos caminos hacen tan extra\u00f1os compa\u00f1eros de viaje, que hacen que se tenga que cabalgar constantemente contradicciones que en otras situaciones tendr\u00edan que ser inasumibles. En la d\u00e9cada de los 70 y los 80 tiene lugar el resurgimiento de unas teor\u00edas econ\u00f3micas que tienen su base fundamental en [&hellip;]","og_url":"https:\/\/saltoecologico.es\/index.php\/2024\/01\/19\/extranos-companeros\/","og_site_name":"Salto Ecol\u00f3gico","article_publisher":"https:\/\/www.facebook.com\/Saltotransicionecologica","article_published_time":"2024-01-19T09:29:00+00:00","article_modified_time":"2025-04-18T09:30:17+00:00","og_image":[{"width":1024,"height":684,"url":"https:\/\/saltoecologico.es\/wp-content\/uploads\/2025\/04\/Salto-18.jpg","type":"image\/jpeg"}],"author":"admin","twitter_card":"summary_large_image","twitter_misc":{"Escrito por":"admin","Tiempo de lectura":"6 minutos"},"schema":{"@context":"https:\/\/schema.org","@graph":[{"@type":"Article","@id":"https:\/\/saltoecologico.es\/index.php\/2024\/01\/19\/extranos-companeros\/#article","isPartOf":{"@id":"https:\/\/saltoecologico.es\/index.php\/2024\/01\/19\/extranos-companeros\/"},"author":{"name":"admin","@id":"https:\/\/saltoecologico.es\/#\/schema\/person\/7175eec4b3c123d86c675313c3a01a0b"},"headline":"Extra\u00f1os compa\u00f1eros","datePublished":"2024-01-19T09:29:00+00:00","dateModified":"2025-04-18T09:30:17+00:00","mainEntityOfPage":{"@id":"https:\/\/saltoecologico.es\/index.php\/2024\/01\/19\/extranos-companeros\/"},"wordCount":1158,"commentCount":0,"publisher":{"@id":"https:\/\/saltoecologico.es\/#organization"},"image":{"@id":"https:\/\/saltoecologico.es\/index.php\/2024\/01\/19\/extranos-companeros\/#primaryimage"},"thumbnailUrl":"https:\/\/saltoecologico.es\/wp-content\/uploads\/2025\/04\/Salto-18.jpg","articleSection":["B_Salto de Chira","Bombeos"],"inLanguage":"es","potentialAction":[{"@type":"CommentAction","name":"Comment","target":["https:\/\/saltoecologico.es\/index.php\/2024\/01\/19\/extranos-companeros\/#respond"]}]},{"@type":"WebPage","@id":"https:\/\/saltoecologico.es\/index.php\/2024\/01\/19\/extranos-companeros\/","url":"https:\/\/saltoecologico.es\/index.php\/2024\/01\/19\/extranos-companeros\/","name":"Extra\u00f1os compa\u00f1eros - Salto Ecol\u00f3gico","isPartOf":{"@id":"https:\/\/saltoecologico.es\/#website"},"primaryImageOfPage":{"@id":"https:\/\/saltoecologico.es\/index.php\/2024\/01\/19\/extranos-companeros\/#primaryimage"},"image":{"@id":"https:\/\/saltoecologico.es\/index.php\/2024\/01\/19\/extranos-companeros\/#primaryimage"},"thumbnailUrl":"https:\/\/saltoecologico.es\/wp-content\/uploads\/2025\/04\/Salto-18.jpg","datePublished":"2024-01-19T09:29:00+00:00","dateModified":"2025-04-18T09:30:17+00:00","breadcrumb":{"@id":"https:\/\/saltoecologico.es\/index.php\/2024\/01\/19\/extranos-companeros\/#breadcrumb"},"inLanguage":"es","potentialAction":[{"@type":"ReadAction","target":["https:\/\/saltoecologico.es\/index.php\/2024\/01\/19\/extranos-companeros\/"]}]},{"@type":"ImageObject","inLanguage":"es","@id":"https:\/\/saltoecologico.es\/index.php\/2024\/01\/19\/extranos-companeros\/#primaryimage","url":"https:\/\/saltoecologico.es\/wp-content\/uploads\/2025\/04\/Salto-18.jpg","contentUrl":"https:\/\/saltoecologico.es\/wp-content\/uploads\/2025\/04\/Salto-18.jpg","width":1024,"height":684,"caption":"Contemporary hydroelectric power station in landscape"},{"@type":"BreadcrumbList","@id":"https:\/\/saltoecologico.es\/index.php\/2024\/01\/19\/extranos-companeros\/#breadcrumb","itemListElement":[{"@type":"ListItem","position":1,"name":"Portada","item":"https:\/\/saltoecologico.es\/"},{"@type":"ListItem","position":2,"name":"Extra\u00f1os compa\u00f1eros"}]},{"@type":"WebSite","@id":"https:\/\/saltoecologico.es\/#website","url":"https:\/\/saltoecologico.es\/","name":"Salto Ecol\u00f3gico","description":"","publisher":{"@id":"https:\/\/saltoecologico.es\/#organization"},"potentialAction":[{"@type":"SearchAction","target":{"@type":"EntryPoint","urlTemplate":"https:\/\/saltoecologico.es\/?s={search_term_string}"},"query-input":{"@type":"PropertyValueSpecification","valueRequired":true,"valueName":"search_term_string"}}],"inLanguage":"es"},{"@type":"Organization","@id":"https:\/\/saltoecologico.es\/#organization","name":"Salto a la Transici\u00f3n Ecol\u00f3gica","url":"https:\/\/saltoecologico.es\/","logo":{"@type":"ImageObject","inLanguage":"es","@id":"https:\/\/saltoecologico.es\/#\/schema\/logo\/image\/","url":"https:\/\/saltoecologico.es\/wp-content\/uploads\/2025\/04\/Logo-STE.jpg","contentUrl":"https:\/\/saltoecologico.es\/wp-content\/uploads\/2025\/04\/Logo-STE.jpg","width":435,"height":435,"caption":"Salto a la Transici\u00f3n Ecol\u00f3gica"},"image":{"@id":"https:\/\/saltoecologico.es\/#\/schema\/logo\/image\/"},"sameAs":["https:\/\/www.facebook.com\/Saltotransicionecologica"]},{"@type":"Person","@id":"https:\/\/saltoecologico.es\/#\/schema\/person\/7175eec4b3c123d86c675313c3a01a0b","name":"admin","image":{"@type":"ImageObject","inLanguage":"es","@id":"https:\/\/secure.gravatar.com\/avatar\/4c215dc57bbc7b2f2f470ac9bd197f3f112636a584e575a732d0206a2d9c9806?s=96&d=mm&r=g","url":"https:\/\/secure.gravatar.com\/avatar\/4c215dc57bbc7b2f2f470ac9bd197f3f112636a584e575a732d0206a2d9c9806?s=96&d=mm&r=g","contentUrl":"https:\/\/secure.gravatar.com\/avatar\/4c215dc57bbc7b2f2f470ac9bd197f3f112636a584e575a732d0206a2d9c9806?s=96&d=mm&r=g","caption":"admin"},"sameAs":["https:\/\/saltoecologico.es"],"url":"https:\/\/saltoecologico.es\/index.php\/author\/saltoecologico\/"}]}},"_links":{"self":[{"href":"https:\/\/saltoecologico.es\/index.php\/wp-json\/wp\/v2\/posts\/721","targetHints":{"allow":["GET"]}}],"collection":[{"href":"https:\/\/saltoecologico.es\/index.php\/wp-json\/wp\/v2\/posts"}],"about":[{"href":"https:\/\/saltoecologico.es\/index.php\/wp-json\/wp\/v2\/types\/post"}],"author":[{"embeddable":true,"href":"https:\/\/saltoecologico.es\/index.php\/wp-json\/wp\/v2\/users\/1"}],"replies":[{"embeddable":true,"href":"https:\/\/saltoecologico.es\/index.php\/wp-json\/wp\/v2\/comments?post=721"}],"version-history":[{"count":1,"href":"https:\/\/saltoecologico.es\/index.php\/wp-json\/wp\/v2\/posts\/721\/revisions"}],"predecessor-version":[{"id":723,"href":"https:\/\/saltoecologico.es\/index.php\/wp-json\/wp\/v2\/posts\/721\/revisions\/723"}],"wp:featuredmedia":[{"embeddable":true,"href":"https:\/\/saltoecologico.es\/index.php\/wp-json\/wp\/v2\/media\/722"}],"wp:attachment":[{"href":"https:\/\/saltoecologico.es\/index.php\/wp-json\/wp\/v2\/media?parent=721"}],"wp:term":[{"taxonomy":"category","embeddable":true,"href":"https:\/\/saltoecologico.es\/index.php\/wp-json\/wp\/v2\/categories?post=721"},{"taxonomy":"post_tag","embeddable":true,"href":"https:\/\/saltoecologico.es\/index.php\/wp-json\/wp\/v2\/tags?post=721"}],"curies":[{"name":"wp","href":"https:\/\/api.w.org\/{rel}","templated":true}]}}