{"id":724,"date":"2024-02-12T09:32:00","date_gmt":"2024-02-12T09:32:00","guid":{"rendered":"https:\/\/saltoecologico.es\/?p=724"},"modified":"2025-04-18T09:33:58","modified_gmt":"2025-04-18T09:33:58","slug":"dos-direcciones","status":"publish","type":"post","link":"https:\/\/saltoecologico.es\/index.php\/2024\/02\/12\/dos-direcciones\/","title":{"rendered":"Dos direcciones"},"content":{"rendered":"\n<p class=\"wp-block-paragraph\">La instalaci\u00f3n de renovables y a toda prisa es uno de los imperativos categ\u00f3ricos en esta \u00e9poca de calentamiento global y esto a algunos, como la Corporaci\u00f3n Municipal de Puerto del Rosario, los ha cogido con el paso cambiado.<\/p>\n\n\n\n<p class=\"wp-block-paragraph\">El 2 de noviembre pasado este ayuntamiento aprob\u00f3 una moci\u00f3n institucional donde se instaba al Ministerio para la Transici\u00f3n Ecol\u00f3gica y Reto Demogr\u00e1fico a limitar la incorporaci\u00f3n de nuevos grupos energ\u00e9ticos en la Central T\u00e9rmica de El Charco, por su afecci\u00f3n a los vecinos de este enclave. Obviamente el argumento se queda corto ya que la contaminaci\u00f3n afecta a todos los vecinos del n\u00facleo urbano por la direcci\u00f3n habitual de los vientos.<\/p>\n\n\n\n<p class=\"wp-block-paragraph\">Proponer, como hace la moci\u00f3n, los Llanos Pelados como alternativa no tiene un pase ni t\u00e9cnicamente, ni pol\u00edticamente. T\u00e9cnicamente por ser una zona de interior con los consiguientes problemas log\u00edsticos de toda \u00edndole. Pol\u00edticamente porque se ver\u00edan afectados otros n\u00facleos poblacionales del interior del municipio.<\/p>\n\n\n\n<p class=\"wp-block-paragraph\">Por otro lado, no son tiempos de plantearse abrir nuevos asentamientos para centrales t\u00e9rmicas de combustibles f\u00f3siles sino de apostar decididamente por la instalaci\u00f3n de renovables en cuant\u00eda suficiente que garantice el suministro el\u00e9ctrico, as\u00ed como la producci\u00f3n del hidr\u00f3geno verde necesario para descarbonizar la econom\u00eda.<\/p>\n\n\n\n<p class=\"wp-block-paragraph\">El Consistorio no lo entiende as\u00ed, y el 1 de febrero pide al Gobierno de Canarias que se suspenda la implantaci\u00f3n de instalaciones e\u00f3licas y fotovoltaicas en los alrededores del n\u00facleo urbano porque considera que impiden el crecimiento futuro del mismo.<\/p>\n\n\n\n<p class=\"wp-block-paragraph\">Consideramos que las renovables previstas, adem\u00e1s de favorecer el desmantelamiento de la central del Charco, ofrecen la oportunidad de rectificar el crecimiento desordenado que caracteriza a esta capital. La forma de crecer dispersa que caracteriza a Puerto del Rosario es el principal factor que explica la mala calidad de sus servicios p\u00fablicos y el uso intensivo del coche hasta para las cuestiones m\u00e1s elementales, que aleja cada vez m\u00e1s el ideal de ciudad donde todo lo que se necesita se encuentra a menos de quince minutos andando. Tampoco ayuda la falta de promoci\u00f3n de la Corporaci\u00f3n al uso de la bicicleta y patineta, as\u00ed como la presencia de una sola guagua urbana.<\/p>\n\n\n\n<p class=\"wp-block-paragraph\">Puerto del Rosario necesita un urbanismo m\u00e1s integrador que densifique el \u00e1rea actualmente disponible y para ello hay espacio de sobra sin necesidad de ocupar nuevo suelo hasta dentro de muchos a\u00f1os, adem\u00e1s se puede considerar que estas instalaciones de renovables son una reserva de suelo de cara al futuro. A diferencia de otros usos m\u00e1s agresivos, las instalaciones de renovables no modifican sustancialmente el territorio.<\/p>\n\n\n\n<p class=\"wp-block-paragraph\">Tampoco se entiende que sea ahora precisamente cuando se cuestione una autopista a todas luces sobredimensionada que cerca a la capital, esta obra s\u00ed que est\u00e1 injusficada, y va contra el esp\u00edritu del PIOT aun en vigor, y meterla en el mismo saco que las renovables es confundir al personal.<\/p>\n","protected":false},"excerpt":{"rendered":"<p>La instalaci\u00f3n de renovables y a toda prisa es uno de los imperativos categ\u00f3ricos en esta \u00e9poca de calentamiento global y esto a algunos, como la Corporaci\u00f3n Municipal de Puerto del Rosario, los ha cogido con el paso cambiado. El 2 de noviembre pasado este ayuntamiento aprob\u00f3 una moci\u00f3n institucional donde se instaba al Ministerio [&hellip;]<\/p>\n","protected":false},"author":1,"featured_media":725,"comment_status":"open","ping_status":"open","sticky":false,"template":"","format":"standard","meta":{"footnotes":""},"categories":[55],"tags":[],"class_list":["post-724","post","type-post","status-publish","format-standard","has-post-thumbnail","category-general"],"yoast_head":"<!-- This site is optimized with the Yoast SEO plugin v28.2 - https:\/\/yoast.com\/product\/yoast-seo-wordpress\/ -->\n<title>Dos direcciones - Salto Ecol\u00f3gico<\/title>\n<meta name=\"robots\" content=\"index, follow, max-snippet:-1, max-image-preview:large, max-video-preview:-1\" \/>\n<link rel=\"canonical\" href=\"https:\/\/saltoecologico.es\/index.php\/2024\/02\/12\/dos-direcciones\/\" \/>\n<meta property=\"og:locale\" content=\"es_ES\" \/>\n<meta property=\"og:type\" content=\"article\" \/>\n<meta property=\"og:title\" content=\"Dos direcciones - Salto Ecol\u00f3gico\" \/>\n<meta property=\"og:description\" content=\"La instalaci\u00f3n de renovables y a toda prisa es uno de los imperativos categ\u00f3ricos en esta \u00e9poca de calentamiento global y esto a algunos, como la Corporaci\u00f3n Municipal de Puerto del Rosario, los ha cogido con el paso cambiado. El 2 de noviembre pasado este ayuntamiento aprob\u00f3 una moci\u00f3n institucional donde se instaba al Ministerio [&hellip;]\" \/>\n<meta property=\"og:url\" content=\"https:\/\/saltoecologico.es\/index.php\/2024\/02\/12\/dos-direcciones\/\" \/>\n<meta property=\"og:site_name\" content=\"Salto Ecol\u00f3gico\" \/>\n<meta property=\"article:publisher\" content=\"https:\/\/www.facebook.com\/Saltotransicionecologica\" \/>\n<meta property=\"article:published_time\" content=\"2024-02-12T09:32:00+00:00\" \/>\n<meta property=\"article:modified_time\" content=\"2025-04-18T09:33:58+00:00\" \/>\n<meta property=\"og:image\" content=\"https:\/\/saltoecologico.es\/wp-content\/uploads\/2025\/04\/Fotovoltaica-13.jpg\" \/>\n\t<meta property=\"og:image:width\" content=\"1024\" \/>\n\t<meta property=\"og:image:height\" content=\"683\" \/>\n\t<meta property=\"og:image:type\" content=\"image\/jpeg\" \/>\n<meta name=\"author\" content=\"admin\" \/>\n<meta name=\"twitter:card\" content=\"summary_large_image\" \/>\n<meta name=\"twitter:label1\" content=\"Escrito por\" \/>\n\t<meta name=\"twitter:data1\" content=\"admin\" \/>\n\t<meta name=\"twitter:label2\" content=\"Tiempo de lectura\" \/>\n\t<meta name=\"twitter:data2\" content=\"3 minutos\" \/>\n<script type=\"application\/ld+json\" class=\"yoast-schema-graph\">{\"@context\":\"https:\\\/\\\/schema.org\",\"@graph\":[{\"@type\":\"Article\",\"@id\":\"https:\\\/\\\/saltoecologico.es\\\/index.php\\\/2024\\\/02\\\/12\\\/dos-direcciones\\\/#article\",\"isPartOf\":{\"@id\":\"https:\\\/\\\/saltoecologico.es\\\/index.php\\\/2024\\\/02\\\/12\\\/dos-direcciones\\\/\"},\"author\":{\"name\":\"admin\",\"@id\":\"https:\\\/\\\/saltoecologico.es\\\/#\\\/schema\\\/person\\\/7175eec4b3c123d86c675313c3a01a0b\"},\"headline\":\"Dos direcciones\",\"datePublished\":\"2024-02-12T09:32:00+00:00\",\"dateModified\":\"2025-04-18T09:33:58+00:00\",\"mainEntityOfPage\":{\"@id\":\"https:\\\/\\\/saltoecologico.es\\\/index.php\\\/2024\\\/02\\\/12\\\/dos-direcciones\\\/\"},\"wordCount\":515,\"commentCount\":0,\"publisher\":{\"@id\":\"https:\\\/\\\/saltoecologico.es\\\/#organization\"},\"image\":{\"@id\":\"https:\\\/\\\/saltoecologico.es\\\/index.php\\\/2024\\\/02\\\/12\\\/dos-direcciones\\\/#primaryimage\"},\"thumbnailUrl\":\"https:\\\/\\\/saltoecologico.es\\\/wp-content\\\/uploads\\\/2025\\\/04\\\/Fotovoltaica-13.jpg\",\"articleSection\":[\"General\"],\"inLanguage\":\"es\",\"potentialAction\":[{\"@type\":\"CommentAction\",\"name\":\"Comment\",\"target\":[\"https:\\\/\\\/saltoecologico.es\\\/index.php\\\/2024\\\/02\\\/12\\\/dos-direcciones\\\/#respond\"]}]},{\"@type\":\"WebPage\",\"@id\":\"https:\\\/\\\/saltoecologico.es\\\/index.php\\\/2024\\\/02\\\/12\\\/dos-direcciones\\\/\",\"url\":\"https:\\\/\\\/saltoecologico.es\\\/index.php\\\/2024\\\/02\\\/12\\\/dos-direcciones\\\/\",\"name\":\"Dos direcciones - Salto Ecol\u00f3gico\",\"isPartOf\":{\"@id\":\"https:\\\/\\\/saltoecologico.es\\\/#website\"},\"primaryImageOfPage\":{\"@id\":\"https:\\\/\\\/saltoecologico.es\\\/index.php\\\/2024\\\/02\\\/12\\\/dos-direcciones\\\/#primaryimage\"},\"image\":{\"@id\":\"https:\\\/\\\/saltoecologico.es\\\/index.php\\\/2024\\\/02\\\/12\\\/dos-direcciones\\\/#primaryimage\"},\"thumbnailUrl\":\"https:\\\/\\\/saltoecologico.es\\\/wp-content\\\/uploads\\\/2025\\\/04\\\/Fotovoltaica-13.jpg\",\"datePublished\":\"2024-02-12T09:32:00+00:00\",\"dateModified\":\"2025-04-18T09:33:58+00:00\",\"breadcrumb\":{\"@id\":\"https:\\\/\\\/saltoecologico.es\\\/index.php\\\/2024\\\/02\\\/12\\\/dos-direcciones\\\/#breadcrumb\"},\"inLanguage\":\"es\",\"potentialAction\":[{\"@type\":\"ReadAction\",\"target\":[\"https:\\\/\\\/saltoecologico.es\\\/index.php\\\/2024\\\/02\\\/12\\\/dos-direcciones\\\/\"]}]},{\"@type\":\"ImageObject\",\"inLanguage\":\"es\",\"@id\":\"https:\\\/\\\/saltoecologico.es\\\/index.php\\\/2024\\\/02\\\/12\\\/dos-direcciones\\\/#primaryimage\",\"url\":\"https:\\\/\\\/saltoecologico.es\\\/wp-content\\\/uploads\\\/2025\\\/04\\\/Fotovoltaica-13.jpg\",\"contentUrl\":\"https:\\\/\\\/saltoecologico.es\\\/wp-content\\\/uploads\\\/2025\\\/04\\\/Fotovoltaica-13.jpg\",\"width\":1024,\"height\":683,\"caption\":\"Electrical engineers are examining the working conditions of many solar panels to enable continuous power generation from solar energy.\"},{\"@type\":\"BreadcrumbList\",\"@id\":\"https:\\\/\\\/saltoecologico.es\\\/index.php\\\/2024\\\/02\\\/12\\\/dos-direcciones\\\/#breadcrumb\",\"itemListElement\":[{\"@type\":\"ListItem\",\"position\":1,\"name\":\"Portada\",\"item\":\"https:\\\/\\\/saltoecologico.es\\\/\"},{\"@type\":\"ListItem\",\"position\":2,\"name\":\"Dos direcciones\"}]},{\"@type\":\"WebSite\",\"@id\":\"https:\\\/\\\/saltoecologico.es\\\/#website\",\"url\":\"https:\\\/\\\/saltoecologico.es\\\/\",\"name\":\"Salto Ecol\u00f3gico\",\"description\":\"\",\"publisher\":{\"@id\":\"https:\\\/\\\/saltoecologico.es\\\/#organization\"},\"potentialAction\":[{\"@type\":\"SearchAction\",\"target\":{\"@type\":\"EntryPoint\",\"urlTemplate\":\"https:\\\/\\\/saltoecologico.es\\\/?s={search_term_string}\"},\"query-input\":{\"@type\":\"PropertyValueSpecification\",\"valueRequired\":true,\"valueName\":\"search_term_string\"}}],\"inLanguage\":\"es\"},{\"@type\":\"Organization\",\"@id\":\"https:\\\/\\\/saltoecologico.es\\\/#organization\",\"name\":\"Salto a la Transici\u00f3n Ecol\u00f3gica\",\"url\":\"https:\\\/\\\/saltoecologico.es\\\/\",\"logo\":{\"@type\":\"ImageObject\",\"inLanguage\":\"es\",\"@id\":\"https:\\\/\\\/saltoecologico.es\\\/#\\\/schema\\\/logo\\\/image\\\/\",\"url\":\"https:\\\/\\\/saltoecologico.es\\\/wp-content\\\/uploads\\\/2025\\\/04\\\/Logo-STE.jpg\",\"contentUrl\":\"https:\\\/\\\/saltoecologico.es\\\/wp-content\\\/uploads\\\/2025\\\/04\\\/Logo-STE.jpg\",\"width\":435,\"height\":435,\"caption\":\"Salto a la Transici\u00f3n Ecol\u00f3gica\"},\"image\":{\"@id\":\"https:\\\/\\\/saltoecologico.es\\\/#\\\/schema\\\/logo\\\/image\\\/\"},\"sameAs\":[\"https:\\\/\\\/www.facebook.com\\\/Saltotransicionecologica\"]},{\"@type\":\"Person\",\"@id\":\"https:\\\/\\\/saltoecologico.es\\\/#\\\/schema\\\/person\\\/7175eec4b3c123d86c675313c3a01a0b\",\"name\":\"admin\",\"image\":{\"@type\":\"ImageObject\",\"inLanguage\":\"es\",\"@id\":\"https:\\\/\\\/secure.gravatar.com\\\/avatar\\\/4c215dc57bbc7b2f2f470ac9bd197f3f112636a584e575a732d0206a2d9c9806?s=96&d=mm&r=g\",\"url\":\"https:\\\/\\\/secure.gravatar.com\\\/avatar\\\/4c215dc57bbc7b2f2f470ac9bd197f3f112636a584e575a732d0206a2d9c9806?s=96&d=mm&r=g\",\"contentUrl\":\"https:\\\/\\\/secure.gravatar.com\\\/avatar\\\/4c215dc57bbc7b2f2f470ac9bd197f3f112636a584e575a732d0206a2d9c9806?s=96&d=mm&r=g\",\"caption\":\"admin\"},\"sameAs\":[\"https:\\\/\\\/saltoecologico.es\"],\"url\":\"https:\\\/\\\/saltoecologico.es\\\/index.php\\\/author\\\/saltoecologico\\\/\"}]}<\/script>\n<!-- \/ Yoast SEO plugin. -->","yoast_head_json":{"title":"Dos direcciones - Salto Ecol\u00f3gico","robots":{"index":"index","follow":"follow","max-snippet":"max-snippet:-1","max-image-preview":"max-image-preview:large","max-video-preview":"max-video-preview:-1"},"canonical":"https:\/\/saltoecologico.es\/index.php\/2024\/02\/12\/dos-direcciones\/","og_locale":"es_ES","og_type":"article","og_title":"Dos direcciones - Salto Ecol\u00f3gico","og_description":"La instalaci\u00f3n de renovables y a toda prisa es uno de los imperativos categ\u00f3ricos en esta \u00e9poca de calentamiento global y esto a algunos, como la Corporaci\u00f3n Municipal de Puerto del Rosario, los ha cogido con el paso cambiado. El 2 de noviembre pasado este ayuntamiento aprob\u00f3 una moci\u00f3n institucional donde se instaba al Ministerio [&hellip;]","og_url":"https:\/\/saltoecologico.es\/index.php\/2024\/02\/12\/dos-direcciones\/","og_site_name":"Salto Ecol\u00f3gico","article_publisher":"https:\/\/www.facebook.com\/Saltotransicionecologica","article_published_time":"2024-02-12T09:32:00+00:00","article_modified_time":"2025-04-18T09:33:58+00:00","og_image":[{"width":1024,"height":683,"url":"https:\/\/saltoecologico.es\/wp-content\/uploads\/2025\/04\/Fotovoltaica-13.jpg","type":"image\/jpeg"}],"author":"admin","twitter_card":"summary_large_image","twitter_misc":{"Escrito por":"admin","Tiempo de lectura":"3 minutos"},"schema":{"@context":"https:\/\/schema.org","@graph":[{"@type":"Article","@id":"https:\/\/saltoecologico.es\/index.php\/2024\/02\/12\/dos-direcciones\/#article","isPartOf":{"@id":"https:\/\/saltoecologico.es\/index.php\/2024\/02\/12\/dos-direcciones\/"},"author":{"name":"admin","@id":"https:\/\/saltoecologico.es\/#\/schema\/person\/7175eec4b3c123d86c675313c3a01a0b"},"headline":"Dos direcciones","datePublished":"2024-02-12T09:32:00+00:00","dateModified":"2025-04-18T09:33:58+00:00","mainEntityOfPage":{"@id":"https:\/\/saltoecologico.es\/index.php\/2024\/02\/12\/dos-direcciones\/"},"wordCount":515,"commentCount":0,"publisher":{"@id":"https:\/\/saltoecologico.es\/#organization"},"image":{"@id":"https:\/\/saltoecologico.es\/index.php\/2024\/02\/12\/dos-direcciones\/#primaryimage"},"thumbnailUrl":"https:\/\/saltoecologico.es\/wp-content\/uploads\/2025\/04\/Fotovoltaica-13.jpg","articleSection":["General"],"inLanguage":"es","potentialAction":[{"@type":"CommentAction","name":"Comment","target":["https:\/\/saltoecologico.es\/index.php\/2024\/02\/12\/dos-direcciones\/#respond"]}]},{"@type":"WebPage","@id":"https:\/\/saltoecologico.es\/index.php\/2024\/02\/12\/dos-direcciones\/","url":"https:\/\/saltoecologico.es\/index.php\/2024\/02\/12\/dos-direcciones\/","name":"Dos direcciones - Salto Ecol\u00f3gico","isPartOf":{"@id":"https:\/\/saltoecologico.es\/#website"},"primaryImageOfPage":{"@id":"https:\/\/saltoecologico.es\/index.php\/2024\/02\/12\/dos-direcciones\/#primaryimage"},"image":{"@id":"https:\/\/saltoecologico.es\/index.php\/2024\/02\/12\/dos-direcciones\/#primaryimage"},"thumbnailUrl":"https:\/\/saltoecologico.es\/wp-content\/uploads\/2025\/04\/Fotovoltaica-13.jpg","datePublished":"2024-02-12T09:32:00+00:00","dateModified":"2025-04-18T09:33:58+00:00","breadcrumb":{"@id":"https:\/\/saltoecologico.es\/index.php\/2024\/02\/12\/dos-direcciones\/#breadcrumb"},"inLanguage":"es","potentialAction":[{"@type":"ReadAction","target":["https:\/\/saltoecologico.es\/index.php\/2024\/02\/12\/dos-direcciones\/"]}]},{"@type":"ImageObject","inLanguage":"es","@id":"https:\/\/saltoecologico.es\/index.php\/2024\/02\/12\/dos-direcciones\/#primaryimage","url":"https:\/\/saltoecologico.es\/wp-content\/uploads\/2025\/04\/Fotovoltaica-13.jpg","contentUrl":"https:\/\/saltoecologico.es\/wp-content\/uploads\/2025\/04\/Fotovoltaica-13.jpg","width":1024,"height":683,"caption":"Electrical engineers are examining the working conditions of many solar panels to enable continuous power generation from solar energy."},{"@type":"BreadcrumbList","@id":"https:\/\/saltoecologico.es\/index.php\/2024\/02\/12\/dos-direcciones\/#breadcrumb","itemListElement":[{"@type":"ListItem","position":1,"name":"Portada","item":"https:\/\/saltoecologico.es\/"},{"@type":"ListItem","position":2,"name":"Dos direcciones"}]},{"@type":"WebSite","@id":"https:\/\/saltoecologico.es\/#website","url":"https:\/\/saltoecologico.es\/","name":"Salto Ecol\u00f3gico","description":"","publisher":{"@id":"https:\/\/saltoecologico.es\/#organization"},"potentialAction":[{"@type":"SearchAction","target":{"@type":"EntryPoint","urlTemplate":"https:\/\/saltoecologico.es\/?s={search_term_string}"},"query-input":{"@type":"PropertyValueSpecification","valueRequired":true,"valueName":"search_term_string"}}],"inLanguage":"es"},{"@type":"Organization","@id":"https:\/\/saltoecologico.es\/#organization","name":"Salto a la Transici\u00f3n Ecol\u00f3gica","url":"https:\/\/saltoecologico.es\/","logo":{"@type":"ImageObject","inLanguage":"es","@id":"https:\/\/saltoecologico.es\/#\/schema\/logo\/image\/","url":"https:\/\/saltoecologico.es\/wp-content\/uploads\/2025\/04\/Logo-STE.jpg","contentUrl":"https:\/\/saltoecologico.es\/wp-content\/uploads\/2025\/04\/Logo-STE.jpg","width":435,"height":435,"caption":"Salto a la Transici\u00f3n Ecol\u00f3gica"},"image":{"@id":"https:\/\/saltoecologico.es\/#\/schema\/logo\/image\/"},"sameAs":["https:\/\/www.facebook.com\/Saltotransicionecologica"]},{"@type":"Person","@id":"https:\/\/saltoecologico.es\/#\/schema\/person\/7175eec4b3c123d86c675313c3a01a0b","name":"admin","image":{"@type":"ImageObject","inLanguage":"es","@id":"https:\/\/secure.gravatar.com\/avatar\/4c215dc57bbc7b2f2f470ac9bd197f3f112636a584e575a732d0206a2d9c9806?s=96&d=mm&r=g","url":"https:\/\/secure.gravatar.com\/avatar\/4c215dc57bbc7b2f2f470ac9bd197f3f112636a584e575a732d0206a2d9c9806?s=96&d=mm&r=g","contentUrl":"https:\/\/secure.gravatar.com\/avatar\/4c215dc57bbc7b2f2f470ac9bd197f3f112636a584e575a732d0206a2d9c9806?s=96&d=mm&r=g","caption":"admin"},"sameAs":["https:\/\/saltoecologico.es"],"url":"https:\/\/saltoecologico.es\/index.php\/author\/saltoecologico\/"}]}},"_links":{"self":[{"href":"https:\/\/saltoecologico.es\/index.php\/wp-json\/wp\/v2\/posts\/724","targetHints":{"allow":["GET"]}}],"collection":[{"href":"https:\/\/saltoecologico.es\/index.php\/wp-json\/wp\/v2\/posts"}],"about":[{"href":"https:\/\/saltoecologico.es\/index.php\/wp-json\/wp\/v2\/types\/post"}],"author":[{"embeddable":true,"href":"https:\/\/saltoecologico.es\/index.php\/wp-json\/wp\/v2\/users\/1"}],"replies":[{"embeddable":true,"href":"https:\/\/saltoecologico.es\/index.php\/wp-json\/wp\/v2\/comments?post=724"}],"version-history":[{"count":1,"href":"https:\/\/saltoecologico.es\/index.php\/wp-json\/wp\/v2\/posts\/724\/revisions"}],"predecessor-version":[{"id":726,"href":"https:\/\/saltoecologico.es\/index.php\/wp-json\/wp\/v2\/posts\/724\/revisions\/726"}],"wp:featuredmedia":[{"embeddable":true,"href":"https:\/\/saltoecologico.es\/index.php\/wp-json\/wp\/v2\/media\/725"}],"wp:attachment":[{"href":"https:\/\/saltoecologico.es\/index.php\/wp-json\/wp\/v2\/media?parent=724"}],"wp:term":[{"taxonomy":"category","embeddable":true,"href":"https:\/\/saltoecologico.es\/index.php\/wp-json\/wp\/v2\/categories?post=724"},{"taxonomy":"post_tag","embeddable":true,"href":"https:\/\/saltoecologico.es\/index.php\/wp-json\/wp\/v2\/tags?post=724"}],"curies":[{"name":"wp","href":"https:\/\/api.w.org\/{rel}","templated":true}]}}