{"id":727,"date":"2024-02-24T16:41:00","date_gmt":"2024-02-24T16:41:00","guid":{"rendered":"https:\/\/saltoecologico.es\/?p=727"},"modified":"2025-04-19T16:41:58","modified_gmt":"2025-04-19T16:41:58","slug":"industrializacion-del-barranco","status":"publish","type":"post","link":"https:\/\/saltoecologico.es\/index.php\/2024\/02\/24\/industrializacion-del-barranco\/","title":{"rendered":"Industrializaci\u00f3n del barranco"},"content":{"rendered":"\n<p class=\"wp-block-paragraph\">No cabe duda de que el relato adquieres tintes cruciales en cualquier exposici\u00f3n o divulgaci\u00f3n que se quiera realizar. Muchas veces figuras literarias como la met\u00e1fora, la hip\u00e9rbole, la metonimia, el ep\u00edteto o la alegor\u00eda son usados para resaltar aquel o aquellos aspectos que interesan comunicar, dot\u00e1ndolos de un impacto mayor que al utilizar un lenguaje sencillo. Eso es lo que ocurre en el caso de determinados ecologistas cuando se refieren al Salto de Chira y el Barranco de Arguinegu\u00edn donde va a estar situado.<\/p>\n\n\n\n<p class=\"wp-block-paragraph\">Seg\u00fan el relato construido, pareciera que dicho paraje es una zona virgen, donde el ser humano no ha puesto su mano y que se ha mantenido inmaculado a lo largo de los eones. Seg\u00fan parece todas las especies vegetales y animales son \u00fanicas en el universo y hasta pudiera pensarse que se podr\u00edan hacer estudios que se remontar\u00edan hasta el paleol\u00edtico o al mesol\u00edtico de las mismas.<\/p>\n\n\n\n<p class=\"wp-block-paragraph\">Por otro lado, y seg\u00fan las mismas fuentes, despu\u00e9s de la construcci\u00f3n del sistema de bombeo, el Barranco de Arguinegu\u00edn va a quedar totalmente destrozado. Surgir\u00e1n ingentes cantidades de chimeneas con sus emisiones pestilentes, habr\u00e1 incontables efluentes de aguas f\u00e9tidas, habr\u00e1 un continuo ir y venir de maquinarias y personas de todo tipo, poco menos que ser\u00e1 un aut\u00e9ntico pol\u00edgono industrial. Tanto es as\u00ed que ya han acu\u00f1ado el termino de \u201cindustrializaci\u00f3n del Barranco de Arguinegu\u00edn\u201d.<\/p>\n\n\n\n<p class=\"wp-block-paragraph\">Con estos antecedentes y la utilizaci\u00f3n torticera del relato se consigue una distorsi\u00f3n de la realidad que, a quien primero perjudica, es a sus propios autores, al perder toda credibilidad acerca de lo que se cuenta.<\/p>\n\n\n\n<p class=\"wp-block-paragraph\">Con respecto a la primera parte hay que decir que la principal acci\u00f3n antropog\u00e9nica que se puede realizar en un barranco es la construcci\u00f3n de una presa. Efectivamente, cuando se construyen las presas de Chira y de Soria, el hombre transforma irreversiblemente el curso normal de la naturaleza, produci\u00e9ndose un cambio radical desde el punto de vista animal o vegetal. Obviamente desde el punto de vista del paisaje o de la erosi\u00f3n de los parajes el cambio es absoluto. Por otro lado, tenemos los diversos asentamientos poblacionales, desde unas pocas personas hasta ciento de ellas. As\u00ed asentamientos como Cercado de Espinos, Calder\u00edn, Patalavaca, Los Caideros-Balito entre otros llegan a contabilizar alrededor de 25 n\u00facleos, a lo largo del barranco y que suman unas 14.000 personas. Obviamente todos estos asentamientos necesitan sus respectivas carreteras o pistas para acceder, tienen sus explotaciones agr\u00edcolas y ganaderas, necesitan deshacerse de desechos y material inservible y llevan a cabo todas las actividades invasivas que hacemos los seres humanos en cualquier paraje natural. En otras palabras, del paisaje id\u00edlico e idealizado que se nos quiere mostrar a la realidad va un largo trecho.<\/p>\n\n\n\n<p class=\"wp-block-paragraph\">Con respecto a lo que ocurrir\u00e1 una vez que se acaben las obras y comienza su funcionamiento, nada m\u00e1s lejos de lo que algunos anuncian. Hay que pensar que es una central hidroel\u00e9ctrica reversible de bombeo puro cuyas instalaciones, en su inmensa mayor\u00eda van a estar bajo tierra, por lo que eso significa que no habr\u00e1 contaminaci\u00f3n de ning\u00fan tipo. Ni chimeneas soltando pestilentes humaredas, ni riachuelos de aguas f\u00e9tidas, ni ruidos estridentes de motores. Por otro lado, al ser un proceso telemandado y telecontrolado no ser\u00e1 necesaria la existencia de personal para su funcionamiento, salvo para tareas de mantenimiento o reparaciones. Por tanto, el tr\u00e1nsito de veh\u00edculos se reducir\u00e1 a cuando sea necesario realizar las tareas mencionadas.<\/p>\n\n\n\n<p class=\"wp-block-paragraph\">Tal y como se recoge en el Estudio de Impacto Ambiental existe un sinf\u00edn de acciones que se llevar\u00e1n a cabo en la fase de construcci\u00f3n y una vez acabada esta, se llevar\u00e1 a cabo un proceso de restauraci\u00f3n muy importante y es precisamente aqu\u00ed donde todos deber\u00edamos poner el \u00e9nfasis de esta obra, para que el paraje en discusi\u00f3n quede de la manera m\u00e1s optimizada que la exigencias del pueblo de Gran Canaria con sus autoridades a la cabeza, pueda demandar.<\/p>\n\n\n\n<p class=\"wp-block-paragraph\">En definitiva, pasados unos a\u00f1os desde la puesta en marcha, cualquier persona que visite el barranco y que desconozca su historia, solo vera un paraje, tranquilo y sosegado, tal y como se percibe en la actualidad, que para nada denotar\u00e1 la inmensa obra que atesora en sus entra\u00f1as y que tantas cosas positivas deparar\u00e1 para el sistema energ\u00e9tico de Gran Canaria.<\/p>\n","protected":false},"excerpt":{"rendered":"<p>No cabe duda de que el relato adquieres tintes cruciales en cualquier exposici\u00f3n o divulgaci\u00f3n que se quiera realizar. Muchas veces figuras literarias como la met\u00e1fora, la hip\u00e9rbole, la metonimia, el ep\u00edteto o la alegor\u00eda son usados para resaltar aquel o aquellos aspectos que interesan comunicar, dot\u00e1ndolos de un impacto mayor que al utilizar un [&hellip;]<\/p>\n","protected":false},"author":1,"featured_media":728,"comment_status":"open","ping_status":"open","sticky":false,"template":"","format":"standard","meta":{"footnotes":""},"categories":[56,31],"tags":[],"class_list":["post-727","post","type-post","status-publish","format-standard","has-post-thumbnail","category-b_salto-de-chira","category-bombeos"],"yoast_head":"<!-- This site is optimized with the Yoast SEO plugin v28.2 - https:\/\/yoast.com\/product\/yoast-seo-wordpress\/ -->\n<title>Industrializaci\u00f3n del barranco - Salto Ecol\u00f3gico<\/title>\n<meta name=\"robots\" content=\"index, follow, max-snippet:-1, max-image-preview:large, max-video-preview:-1\" \/>\n<link rel=\"canonical\" href=\"https:\/\/saltoecologico.es\/index.php\/2024\/02\/24\/industrializacion-del-barranco\/\" \/>\n<meta property=\"og:locale\" content=\"es_ES\" \/>\n<meta property=\"og:type\" content=\"article\" \/>\n<meta property=\"og:title\" content=\"Industrializaci\u00f3n del barranco - Salto Ecol\u00f3gico\" \/>\n<meta property=\"og:description\" content=\"No cabe duda de que el relato adquieres tintes cruciales en cualquier exposici\u00f3n o divulgaci\u00f3n que se quiera realizar. Muchas veces figuras literarias como la met\u00e1fora, la hip\u00e9rbole, la metonimia, el ep\u00edteto o la alegor\u00eda son usados para resaltar aquel o aquellos aspectos que interesan comunicar, dot\u00e1ndolos de un impacto mayor que al utilizar un [&hellip;]\" \/>\n<meta property=\"og:url\" content=\"https:\/\/saltoecologico.es\/index.php\/2024\/02\/24\/industrializacion-del-barranco\/\" \/>\n<meta property=\"og:site_name\" content=\"Salto Ecol\u00f3gico\" \/>\n<meta property=\"article:publisher\" content=\"https:\/\/www.facebook.com\/Saltotransicionecologica\" \/>\n<meta property=\"article:published_time\" content=\"2024-02-24T16:41:00+00:00\" \/>\n<meta property=\"article:modified_time\" content=\"2025-04-19T16:41:58+00:00\" \/>\n<meta property=\"og:image\" content=\"https:\/\/saltoecologico.es\/wp-content\/uploads\/2025\/04\/Salto-19.jpg\" \/>\n\t<meta property=\"og:image:width\" content=\"1024\" \/>\n\t<meta property=\"og:image:height\" content=\"682\" \/>\n\t<meta property=\"og:image:type\" content=\"image\/jpeg\" \/>\n<meta name=\"author\" content=\"admin\" \/>\n<meta name=\"twitter:card\" content=\"summary_large_image\" \/>\n<meta name=\"twitter:label1\" content=\"Escrito por\" \/>\n\t<meta name=\"twitter:data1\" content=\"admin\" \/>\n\t<meta name=\"twitter:label2\" content=\"Tiempo de lectura\" \/>\n\t<meta name=\"twitter:data2\" content=\"4 minutos\" \/>\n<script type=\"application\/ld+json\" class=\"yoast-schema-graph\">{\"@context\":\"https:\\\/\\\/schema.org\",\"@graph\":[{\"@type\":\"Article\",\"@id\":\"https:\\\/\\\/saltoecologico.es\\\/index.php\\\/2024\\\/02\\\/24\\\/industrializacion-del-barranco\\\/#article\",\"isPartOf\":{\"@id\":\"https:\\\/\\\/saltoecologico.es\\\/index.php\\\/2024\\\/02\\\/24\\\/industrializacion-del-barranco\\\/\"},\"author\":{\"name\":\"admin\",\"@id\":\"https:\\\/\\\/saltoecologico.es\\\/#\\\/schema\\\/person\\\/7175eec4b3c123d86c675313c3a01a0b\"},\"headline\":\"Industrializaci\u00f3n del barranco\",\"datePublished\":\"2024-02-24T16:41:00+00:00\",\"dateModified\":\"2025-04-19T16:41:58+00:00\",\"mainEntityOfPage\":{\"@id\":\"https:\\\/\\\/saltoecologico.es\\\/index.php\\\/2024\\\/02\\\/24\\\/industrializacion-del-barranco\\\/\"},\"wordCount\":768,\"commentCount\":0,\"publisher\":{\"@id\":\"https:\\\/\\\/saltoecologico.es\\\/#organization\"},\"image\":{\"@id\":\"https:\\\/\\\/saltoecologico.es\\\/index.php\\\/2024\\\/02\\\/24\\\/industrializacion-del-barranco\\\/#primaryimage\"},\"thumbnailUrl\":\"https:\\\/\\\/saltoecologico.es\\\/wp-content\\\/uploads\\\/2025\\\/04\\\/Salto-19.jpg\",\"articleSection\":[\"B_Salto de Chira\",\"Bombeos\"],\"inLanguage\":\"es\",\"potentialAction\":[{\"@type\":\"CommentAction\",\"name\":\"Comment\",\"target\":[\"https:\\\/\\\/saltoecologico.es\\\/index.php\\\/2024\\\/02\\\/24\\\/industrializacion-del-barranco\\\/#respond\"]}]},{\"@type\":\"WebPage\",\"@id\":\"https:\\\/\\\/saltoecologico.es\\\/index.php\\\/2024\\\/02\\\/24\\\/industrializacion-del-barranco\\\/\",\"url\":\"https:\\\/\\\/saltoecologico.es\\\/index.php\\\/2024\\\/02\\\/24\\\/industrializacion-del-barranco\\\/\",\"name\":\"Industrializaci\u00f3n del barranco - Salto Ecol\u00f3gico\",\"isPartOf\":{\"@id\":\"https:\\\/\\\/saltoecologico.es\\\/#website\"},\"primaryImageOfPage\":{\"@id\":\"https:\\\/\\\/saltoecologico.es\\\/index.php\\\/2024\\\/02\\\/24\\\/industrializacion-del-barranco\\\/#primaryimage\"},\"image\":{\"@id\":\"https:\\\/\\\/saltoecologico.es\\\/index.php\\\/2024\\\/02\\\/24\\\/industrializacion-del-barranco\\\/#primaryimage\"},\"thumbnailUrl\":\"https:\\\/\\\/saltoecologico.es\\\/wp-content\\\/uploads\\\/2025\\\/04\\\/Salto-19.jpg\",\"datePublished\":\"2024-02-24T16:41:00+00:00\",\"dateModified\":\"2025-04-19T16:41:58+00:00\",\"breadcrumb\":{\"@id\":\"https:\\\/\\\/saltoecologico.es\\\/index.php\\\/2024\\\/02\\\/24\\\/industrializacion-del-barranco\\\/#breadcrumb\"},\"inLanguage\":\"es\",\"potentialAction\":[{\"@type\":\"ReadAction\",\"target\":[\"https:\\\/\\\/saltoecologico.es\\\/index.php\\\/2024\\\/02\\\/24\\\/industrializacion-del-barranco\\\/\"]}]},{\"@type\":\"ImageObject\",\"inLanguage\":\"es\",\"@id\":\"https:\\\/\\\/saltoecologico.es\\\/index.php\\\/2024\\\/02\\\/24\\\/industrializacion-del-barranco\\\/#primaryimage\",\"url\":\"https:\\\/\\\/saltoecologico.es\\\/wp-content\\\/uploads\\\/2025\\\/04\\\/Salto-19.jpg\",\"contentUrl\":\"https:\\\/\\\/saltoecologico.es\\\/wp-content\\\/uploads\\\/2025\\\/04\\\/Salto-19.jpg\",\"width\":1024,\"height\":682,\"caption\":\"Largest hydroelectric power station on the Dnieper River in Zaporozhye.\"},{\"@type\":\"BreadcrumbList\",\"@id\":\"https:\\\/\\\/saltoecologico.es\\\/index.php\\\/2024\\\/02\\\/24\\\/industrializacion-del-barranco\\\/#breadcrumb\",\"itemListElement\":[{\"@type\":\"ListItem\",\"position\":1,\"name\":\"Portada\",\"item\":\"https:\\\/\\\/saltoecologico.es\\\/\"},{\"@type\":\"ListItem\",\"position\":2,\"name\":\"Industrializaci\u00f3n del barranco\"}]},{\"@type\":\"WebSite\",\"@id\":\"https:\\\/\\\/saltoecologico.es\\\/#website\",\"url\":\"https:\\\/\\\/saltoecologico.es\\\/\",\"name\":\"Salto Ecol\u00f3gico\",\"description\":\"\",\"publisher\":{\"@id\":\"https:\\\/\\\/saltoecologico.es\\\/#organization\"},\"potentialAction\":[{\"@type\":\"SearchAction\",\"target\":{\"@type\":\"EntryPoint\",\"urlTemplate\":\"https:\\\/\\\/saltoecologico.es\\\/?s={search_term_string}\"},\"query-input\":{\"@type\":\"PropertyValueSpecification\",\"valueRequired\":true,\"valueName\":\"search_term_string\"}}],\"inLanguage\":\"es\"},{\"@type\":\"Organization\",\"@id\":\"https:\\\/\\\/saltoecologico.es\\\/#organization\",\"name\":\"Salto a la Transici\u00f3n Ecol\u00f3gica\",\"url\":\"https:\\\/\\\/saltoecologico.es\\\/\",\"logo\":{\"@type\":\"ImageObject\",\"inLanguage\":\"es\",\"@id\":\"https:\\\/\\\/saltoecologico.es\\\/#\\\/schema\\\/logo\\\/image\\\/\",\"url\":\"https:\\\/\\\/saltoecologico.es\\\/wp-content\\\/uploads\\\/2025\\\/04\\\/Logo-STE.jpg\",\"contentUrl\":\"https:\\\/\\\/saltoecologico.es\\\/wp-content\\\/uploads\\\/2025\\\/04\\\/Logo-STE.jpg\",\"width\":435,\"height\":435,\"caption\":\"Salto a la Transici\u00f3n Ecol\u00f3gica\"},\"image\":{\"@id\":\"https:\\\/\\\/saltoecologico.es\\\/#\\\/schema\\\/logo\\\/image\\\/\"},\"sameAs\":[\"https:\\\/\\\/www.facebook.com\\\/Saltotransicionecologica\"]},{\"@type\":\"Person\",\"@id\":\"https:\\\/\\\/saltoecologico.es\\\/#\\\/schema\\\/person\\\/7175eec4b3c123d86c675313c3a01a0b\",\"name\":\"admin\",\"image\":{\"@type\":\"ImageObject\",\"inLanguage\":\"es\",\"@id\":\"https:\\\/\\\/secure.gravatar.com\\\/avatar\\\/4c215dc57bbc7b2f2f470ac9bd197f3f112636a584e575a732d0206a2d9c9806?s=96&d=mm&r=g\",\"url\":\"https:\\\/\\\/secure.gravatar.com\\\/avatar\\\/4c215dc57bbc7b2f2f470ac9bd197f3f112636a584e575a732d0206a2d9c9806?s=96&d=mm&r=g\",\"contentUrl\":\"https:\\\/\\\/secure.gravatar.com\\\/avatar\\\/4c215dc57bbc7b2f2f470ac9bd197f3f112636a584e575a732d0206a2d9c9806?s=96&d=mm&r=g\",\"caption\":\"admin\"},\"sameAs\":[\"https:\\\/\\\/saltoecologico.es\"],\"url\":\"https:\\\/\\\/saltoecologico.es\\\/index.php\\\/author\\\/saltoecologico\\\/\"}]}<\/script>\n<!-- \/ Yoast SEO plugin. -->","yoast_head_json":{"title":"Industrializaci\u00f3n del barranco - Salto Ecol\u00f3gico","robots":{"index":"index","follow":"follow","max-snippet":"max-snippet:-1","max-image-preview":"max-image-preview:large","max-video-preview":"max-video-preview:-1"},"canonical":"https:\/\/saltoecologico.es\/index.php\/2024\/02\/24\/industrializacion-del-barranco\/","og_locale":"es_ES","og_type":"article","og_title":"Industrializaci\u00f3n del barranco - Salto Ecol\u00f3gico","og_description":"No cabe duda de que el relato adquieres tintes cruciales en cualquier exposici\u00f3n o divulgaci\u00f3n que se quiera realizar. Muchas veces figuras literarias como la met\u00e1fora, la hip\u00e9rbole, la metonimia, el ep\u00edteto o la alegor\u00eda son usados para resaltar aquel o aquellos aspectos que interesan comunicar, dot\u00e1ndolos de un impacto mayor que al utilizar un [&hellip;]","og_url":"https:\/\/saltoecologico.es\/index.php\/2024\/02\/24\/industrializacion-del-barranco\/","og_site_name":"Salto Ecol\u00f3gico","article_publisher":"https:\/\/www.facebook.com\/Saltotransicionecologica","article_published_time":"2024-02-24T16:41:00+00:00","article_modified_time":"2025-04-19T16:41:58+00:00","og_image":[{"width":1024,"height":682,"url":"https:\/\/saltoecologico.es\/wp-content\/uploads\/2025\/04\/Salto-19.jpg","type":"image\/jpeg"}],"author":"admin","twitter_card":"summary_large_image","twitter_misc":{"Escrito por":"admin","Tiempo de lectura":"4 minutos"},"schema":{"@context":"https:\/\/schema.org","@graph":[{"@type":"Article","@id":"https:\/\/saltoecologico.es\/index.php\/2024\/02\/24\/industrializacion-del-barranco\/#article","isPartOf":{"@id":"https:\/\/saltoecologico.es\/index.php\/2024\/02\/24\/industrializacion-del-barranco\/"},"author":{"name":"admin","@id":"https:\/\/saltoecologico.es\/#\/schema\/person\/7175eec4b3c123d86c675313c3a01a0b"},"headline":"Industrializaci\u00f3n del barranco","datePublished":"2024-02-24T16:41:00+00:00","dateModified":"2025-04-19T16:41:58+00:00","mainEntityOfPage":{"@id":"https:\/\/saltoecologico.es\/index.php\/2024\/02\/24\/industrializacion-del-barranco\/"},"wordCount":768,"commentCount":0,"publisher":{"@id":"https:\/\/saltoecologico.es\/#organization"},"image":{"@id":"https:\/\/saltoecologico.es\/index.php\/2024\/02\/24\/industrializacion-del-barranco\/#primaryimage"},"thumbnailUrl":"https:\/\/saltoecologico.es\/wp-content\/uploads\/2025\/04\/Salto-19.jpg","articleSection":["B_Salto de Chira","Bombeos"],"inLanguage":"es","potentialAction":[{"@type":"CommentAction","name":"Comment","target":["https:\/\/saltoecologico.es\/index.php\/2024\/02\/24\/industrializacion-del-barranco\/#respond"]}]},{"@type":"WebPage","@id":"https:\/\/saltoecologico.es\/index.php\/2024\/02\/24\/industrializacion-del-barranco\/","url":"https:\/\/saltoecologico.es\/index.php\/2024\/02\/24\/industrializacion-del-barranco\/","name":"Industrializaci\u00f3n del barranco - Salto Ecol\u00f3gico","isPartOf":{"@id":"https:\/\/saltoecologico.es\/#website"},"primaryImageOfPage":{"@id":"https:\/\/saltoecologico.es\/index.php\/2024\/02\/24\/industrializacion-del-barranco\/#primaryimage"},"image":{"@id":"https:\/\/saltoecologico.es\/index.php\/2024\/02\/24\/industrializacion-del-barranco\/#primaryimage"},"thumbnailUrl":"https:\/\/saltoecologico.es\/wp-content\/uploads\/2025\/04\/Salto-19.jpg","datePublished":"2024-02-24T16:41:00+00:00","dateModified":"2025-04-19T16:41:58+00:00","breadcrumb":{"@id":"https:\/\/saltoecologico.es\/index.php\/2024\/02\/24\/industrializacion-del-barranco\/#breadcrumb"},"inLanguage":"es","potentialAction":[{"@type":"ReadAction","target":["https:\/\/saltoecologico.es\/index.php\/2024\/02\/24\/industrializacion-del-barranco\/"]}]},{"@type":"ImageObject","inLanguage":"es","@id":"https:\/\/saltoecologico.es\/index.php\/2024\/02\/24\/industrializacion-del-barranco\/#primaryimage","url":"https:\/\/saltoecologico.es\/wp-content\/uploads\/2025\/04\/Salto-19.jpg","contentUrl":"https:\/\/saltoecologico.es\/wp-content\/uploads\/2025\/04\/Salto-19.jpg","width":1024,"height":682,"caption":"Largest hydroelectric power station on the Dnieper River in Zaporozhye."},{"@type":"BreadcrumbList","@id":"https:\/\/saltoecologico.es\/index.php\/2024\/02\/24\/industrializacion-del-barranco\/#breadcrumb","itemListElement":[{"@type":"ListItem","position":1,"name":"Portada","item":"https:\/\/saltoecologico.es\/"},{"@type":"ListItem","position":2,"name":"Industrializaci\u00f3n del barranco"}]},{"@type":"WebSite","@id":"https:\/\/saltoecologico.es\/#website","url":"https:\/\/saltoecologico.es\/","name":"Salto Ecol\u00f3gico","description":"","publisher":{"@id":"https:\/\/saltoecologico.es\/#organization"},"potentialAction":[{"@type":"SearchAction","target":{"@type":"EntryPoint","urlTemplate":"https:\/\/saltoecologico.es\/?s={search_term_string}"},"query-input":{"@type":"PropertyValueSpecification","valueRequired":true,"valueName":"search_term_string"}}],"inLanguage":"es"},{"@type":"Organization","@id":"https:\/\/saltoecologico.es\/#organization","name":"Salto a la Transici\u00f3n Ecol\u00f3gica","url":"https:\/\/saltoecologico.es\/","logo":{"@type":"ImageObject","inLanguage":"es","@id":"https:\/\/saltoecologico.es\/#\/schema\/logo\/image\/","url":"https:\/\/saltoecologico.es\/wp-content\/uploads\/2025\/04\/Logo-STE.jpg","contentUrl":"https:\/\/saltoecologico.es\/wp-content\/uploads\/2025\/04\/Logo-STE.jpg","width":435,"height":435,"caption":"Salto a la Transici\u00f3n Ecol\u00f3gica"},"image":{"@id":"https:\/\/saltoecologico.es\/#\/schema\/logo\/image\/"},"sameAs":["https:\/\/www.facebook.com\/Saltotransicionecologica"]},{"@type":"Person","@id":"https:\/\/saltoecologico.es\/#\/schema\/person\/7175eec4b3c123d86c675313c3a01a0b","name":"admin","image":{"@type":"ImageObject","inLanguage":"es","@id":"https:\/\/secure.gravatar.com\/avatar\/4c215dc57bbc7b2f2f470ac9bd197f3f112636a584e575a732d0206a2d9c9806?s=96&d=mm&r=g","url":"https:\/\/secure.gravatar.com\/avatar\/4c215dc57bbc7b2f2f470ac9bd197f3f112636a584e575a732d0206a2d9c9806?s=96&d=mm&r=g","contentUrl":"https:\/\/secure.gravatar.com\/avatar\/4c215dc57bbc7b2f2f470ac9bd197f3f112636a584e575a732d0206a2d9c9806?s=96&d=mm&r=g","caption":"admin"},"sameAs":["https:\/\/saltoecologico.es"],"url":"https:\/\/saltoecologico.es\/index.php\/author\/saltoecologico\/"}]}},"_links":{"self":[{"href":"https:\/\/saltoecologico.es\/index.php\/wp-json\/wp\/v2\/posts\/727","targetHints":{"allow":["GET"]}}],"collection":[{"href":"https:\/\/saltoecologico.es\/index.php\/wp-json\/wp\/v2\/posts"}],"about":[{"href":"https:\/\/saltoecologico.es\/index.php\/wp-json\/wp\/v2\/types\/post"}],"author":[{"embeddable":true,"href":"https:\/\/saltoecologico.es\/index.php\/wp-json\/wp\/v2\/users\/1"}],"replies":[{"embeddable":true,"href":"https:\/\/saltoecologico.es\/index.php\/wp-json\/wp\/v2\/comments?post=727"}],"version-history":[{"count":1,"href":"https:\/\/saltoecologico.es\/index.php\/wp-json\/wp\/v2\/posts\/727\/revisions"}],"predecessor-version":[{"id":729,"href":"https:\/\/saltoecologico.es\/index.php\/wp-json\/wp\/v2\/posts\/727\/revisions\/729"}],"wp:featuredmedia":[{"embeddable":true,"href":"https:\/\/saltoecologico.es\/index.php\/wp-json\/wp\/v2\/media\/728"}],"wp:attachment":[{"href":"https:\/\/saltoecologico.es\/index.php\/wp-json\/wp\/v2\/media?parent=727"}],"wp:term":[{"taxonomy":"category","embeddable":true,"href":"https:\/\/saltoecologico.es\/index.php\/wp-json\/wp\/v2\/categories?post=727"},{"taxonomy":"post_tag","embeddable":true,"href":"https:\/\/saltoecologico.es\/index.php\/wp-json\/wp\/v2\/tags?post=727"}],"curies":[{"name":"wp","href":"https:\/\/api.w.org\/{rel}","templated":true}]}}