{"id":733,"date":"2024-06-02T16:46:00","date_gmt":"2024-06-02T16:46:00","guid":{"rendered":"https:\/\/saltoecologico.es\/?p=733"},"modified":"2025-04-19T16:47:22","modified_gmt":"2025-04-19T16:47:22","slug":"el-negacionismo","status":"publish","type":"post","link":"https:\/\/saltoecologico.es\/index.php\/2024\/06\/02\/el-negacionismo\/","title":{"rendered":"El negacionismo"},"content":{"rendered":"\n<p class=\"wp-block-paragraph\">A pesar de los posicionamientos pasados en contra de las pol\u00edticas mitigadoras del cambio clim\u00e1tico antropog\u00e9nico, as\u00ed como de la misma existencia de este fen\u00f3meno, desde Salto a la Transici\u00f3n Ecol\u00f3gica decidimos darle un voto de confianza al actual gobierno de Coalici\u00f3n Canaria y el Partido Popular, entendiendo que las personas y las organizaciones tienen derecho a rectificar y demostrar con sus actos la buena fe de su pensamiento.<\/p>\n\n\n\n<p class=\"wp-block-paragraph\">Pero he aqu\u00ed que estas organizaciones contin\u00faan con r\u00e9moras del pasado que no hacen sino evidenciar que son unos convencidos del negacionismo clim\u00e1tico y que por m\u00e1s que se les de el beneficio de la duda, una y otra vez confirman que, para ellos luchar contra el Cambio Clim\u00e1tico causado por el hombre, es un tema secundario, porque en el fondo, siguen pensando que, si hay modificaciones clim\u00e1ticas, el ser humano no tiene nada que ver.<\/p>\n\n\n\n<p class=\"wp-block-paragraph\">Comenzaron con la intensi\u00f3n de modificar la Ley 6\/2022, de 27 de diciembre, de cambio clim\u00e1tico y transici\u00f3n energ\u00e9tica de Canarias, en el sentido de minorar sus objetivos. Continuaron declarando una emergencia energ\u00e9tica, utilizando como excusa el \u201ccero\u201d en La Gomera, para colarnos por la puerta de atr\u00e1s, la instalaci\u00f3n de nuevos grupos de combustibles f\u00f3siles, con el adjetivo de \u201cemergencia\u201d, de los cuales, curiosamente, ninguno va para La Gomera. Presionaron al gobierno central para sacar un proceso de concurrencia competitiva que terminar\u00e1 con la renovaci\u00f3n de la flota de grupos de generaci\u00f3n f\u00f3sil, lo que a la postre significar\u00e1 que tendremos Centrales T\u00e9rmicas alimentadas por combustibles altamente contaminantes, por unos 25 a\u00f1os m\u00e1s, que es la vida \u00fatil de estos equipos.<\/p>\n\n\n\n<p class=\"wp-block-paragraph\">Sin embargo, hasta ahora todo esto, se hac\u00eda, seg\u00fan ellos, con el fin de asegurar la transici\u00f3n energ\u00e9tica para el 2040, hasta que llega un momento que el verdadero talante sale a la luz en forma de declaraci\u00f3n de uno de los m\u00e1ximos responsables de la consejer\u00eda del ramo, que nos viene a aseverar lo siguiente: \u201cLograr la descarbonizaci\u00f3n del archipi\u00e9lago en 2040, como plantea la Ley del Cambio Clim\u00e1tico y Transici\u00f3n Energ\u00e9tica, ser\u00e1 pr\u00e1cticamente imposible de cumplir\u201d. Quien as\u00ed se expresa es \u00c1ngel Pablo Monta\u00f1\u00e9s R\u00edos, a la saz\u00f3n director general de Transici\u00f3n Ecol\u00f3gica y de Lucha Contra el Cambio Clim\u00e1tico.<\/p>\n\n\n\n<p class=\"wp-block-paragraph\">La gravedad de esta afirmaci\u00f3n no radica ya, en si se quiere o no activar la lucha contra el cambio clim\u00e1tico, la gravedad de la afirmaci\u00f3n se encuentra en que liza y llanamente se dice que se va a incumplir la ley.<\/p>\n\n\n\n<p class=\"wp-block-paragraph\">Efectivamente, la Ley 6\/2022, de 27 de diciembre, de cambio clim\u00e1tico y transici\u00f3n energ\u00e9tica de Canarias en el art\u00edculo 34, punto 4, recoge el siguiente literal: \u201cEl Plan de Transici\u00f3n Energ\u00e9tica de Canarias promover\u00e1 el desarrollo de un modelo energ\u00e9tico sostenible, basado en la eficiencia energ\u00e9tica y las energ\u00edas renovables e impulsado por la innovaci\u00f3n, investigaci\u00f3n y desarrollo a nivel local, identificando las acciones que contribuir\u00e1n a la descarbonizaci\u00f3n de la econom\u00eda con horizonte 2040\u201d.<\/p>\n\n\n\n<p class=\"wp-block-paragraph\">Las leyes se tienen que cumplir o cambiar, pero en ning\u00fan caso obviarlas y eso es lo que ha hecho este se\u00f1or.<\/p>\n\n\n\n<p class=\"wp-block-paragraph\">Por todo ello y teniendo en cuenta que el capit\u00e1n de un barco que va hacia un destino determinado no puede ser alguien que no cree que se alcance ese destino, desde Salto a la Transici\u00f3n Energ\u00e9tica solicitamos encarecidamente que este se\u00f1or deje su cargo y sea sustituido de manera inminente por alguien que si est\u00e9 comprometido con la normativa en vigor y sobre todo, con los loables objetivos que esa normativa marca.<\/p>\n","protected":false},"excerpt":{"rendered":"<p>A pesar de los posicionamientos pasados en contra de las pol\u00edticas mitigadoras del cambio clim\u00e1tico antropog\u00e9nico, as\u00ed como de la misma existencia de este fen\u00f3meno, desde Salto a la Transici\u00f3n Ecol\u00f3gica decidimos darle un voto de confianza al actual gobierno de Coalici\u00f3n Canaria y el Partido Popular, entendiendo que las personas y las organizaciones tienen [&hellip;]<\/p>\n","protected":false},"author":1,"featured_media":734,"comment_status":"open","ping_status":"open","sticky":false,"template":"","format":"standard","meta":{"footnotes":""},"categories":[55],"tags":[],"class_list":["post-733","post","type-post","status-publish","format-standard","has-post-thumbnail","category-general"],"yoast_head":"<!-- This site is optimized with the Yoast SEO plugin v28.2 - https:\/\/yoast.com\/product\/yoast-seo-wordpress\/ -->\n<title>El negacionismo - Salto Ecol\u00f3gico<\/title>\n<meta name=\"robots\" content=\"index, follow, max-snippet:-1, max-image-preview:large, max-video-preview:-1\" \/>\n<link rel=\"canonical\" href=\"https:\/\/saltoecologico.es\/index.php\/2024\/06\/02\/el-negacionismo\/\" \/>\n<meta property=\"og:locale\" content=\"es_ES\" \/>\n<meta property=\"og:type\" content=\"article\" \/>\n<meta property=\"og:title\" content=\"El negacionismo - Salto Ecol\u00f3gico\" \/>\n<meta property=\"og:description\" content=\"A pesar de los posicionamientos pasados en contra de las pol\u00edticas mitigadoras del cambio clim\u00e1tico antropog\u00e9nico, as\u00ed como de la misma existencia de este fen\u00f3meno, desde Salto a la Transici\u00f3n Ecol\u00f3gica decidimos darle un voto de confianza al actual gobierno de Coalici\u00f3n Canaria y el Partido Popular, entendiendo que las personas y las organizaciones tienen [&hellip;]\" \/>\n<meta property=\"og:url\" content=\"https:\/\/saltoecologico.es\/index.php\/2024\/06\/02\/el-negacionismo\/\" \/>\n<meta property=\"og:site_name\" content=\"Salto Ecol\u00f3gico\" \/>\n<meta property=\"article:publisher\" content=\"https:\/\/www.facebook.com\/Saltotransicionecologica\" \/>\n<meta property=\"article:published_time\" content=\"2024-06-02T16:46:00+00:00\" \/>\n<meta property=\"article:modified_time\" content=\"2025-04-19T16:47:22+00:00\" \/>\n<meta property=\"og:image\" content=\"https:\/\/saltoecologico.es\/wp-content\/uploads\/2025\/04\/Fotovoltaica-14.jpg\" \/>\n\t<meta property=\"og:image:width\" content=\"1024\" \/>\n\t<meta property=\"og:image:height\" content=\"683\" \/>\n\t<meta property=\"og:image:type\" content=\"image\/jpeg\" \/>\n<meta name=\"author\" content=\"admin\" \/>\n<meta name=\"twitter:card\" content=\"summary_large_image\" \/>\n<meta name=\"twitter:label1\" content=\"Escrito por\" \/>\n\t<meta name=\"twitter:data1\" content=\"admin\" \/>\n\t<meta name=\"twitter:label2\" content=\"Tiempo de lectura\" \/>\n\t<meta name=\"twitter:data2\" content=\"3 minutos\" \/>\n<script type=\"application\/ld+json\" class=\"yoast-schema-graph\">{\"@context\":\"https:\\\/\\\/schema.org\",\"@graph\":[{\"@type\":\"Article\",\"@id\":\"https:\\\/\\\/saltoecologico.es\\\/index.php\\\/2024\\\/06\\\/02\\\/el-negacionismo\\\/#article\",\"isPartOf\":{\"@id\":\"https:\\\/\\\/saltoecologico.es\\\/index.php\\\/2024\\\/06\\\/02\\\/el-negacionismo\\\/\"},\"author\":{\"name\":\"admin\",\"@id\":\"https:\\\/\\\/saltoecologico.es\\\/#\\\/schema\\\/person\\\/7175eec4b3c123d86c675313c3a01a0b\"},\"headline\":\"El negacionismo\",\"datePublished\":\"2024-06-02T16:46:00+00:00\",\"dateModified\":\"2025-04-19T16:47:22+00:00\",\"mainEntityOfPage\":{\"@id\":\"https:\\\/\\\/saltoecologico.es\\\/index.php\\\/2024\\\/06\\\/02\\\/el-negacionismo\\\/\"},\"wordCount\":642,\"commentCount\":0,\"publisher\":{\"@id\":\"https:\\\/\\\/saltoecologico.es\\\/#organization\"},\"image\":{\"@id\":\"https:\\\/\\\/saltoecologico.es\\\/index.php\\\/2024\\\/06\\\/02\\\/el-negacionismo\\\/#primaryimage\"},\"thumbnailUrl\":\"https:\\\/\\\/saltoecologico.es\\\/wp-content\\\/uploads\\\/2025\\\/04\\\/Fotovoltaica-14.jpg\",\"articleSection\":[\"General\"],\"inLanguage\":\"es\",\"potentialAction\":[{\"@type\":\"CommentAction\",\"name\":\"Comment\",\"target\":[\"https:\\\/\\\/saltoecologico.es\\\/index.php\\\/2024\\\/06\\\/02\\\/el-negacionismo\\\/#respond\"]}]},{\"@type\":\"WebPage\",\"@id\":\"https:\\\/\\\/saltoecologico.es\\\/index.php\\\/2024\\\/06\\\/02\\\/el-negacionismo\\\/\",\"url\":\"https:\\\/\\\/saltoecologico.es\\\/index.php\\\/2024\\\/06\\\/02\\\/el-negacionismo\\\/\",\"name\":\"El negacionismo - Salto Ecol\u00f3gico\",\"isPartOf\":{\"@id\":\"https:\\\/\\\/saltoecologico.es\\\/#website\"},\"primaryImageOfPage\":{\"@id\":\"https:\\\/\\\/saltoecologico.es\\\/index.php\\\/2024\\\/06\\\/02\\\/el-negacionismo\\\/#primaryimage\"},\"image\":{\"@id\":\"https:\\\/\\\/saltoecologico.es\\\/index.php\\\/2024\\\/06\\\/02\\\/el-negacionismo\\\/#primaryimage\"},\"thumbnailUrl\":\"https:\\\/\\\/saltoecologico.es\\\/wp-content\\\/uploads\\\/2025\\\/04\\\/Fotovoltaica-14.jpg\",\"datePublished\":\"2024-06-02T16:46:00+00:00\",\"dateModified\":\"2025-04-19T16:47:22+00:00\",\"breadcrumb\":{\"@id\":\"https:\\\/\\\/saltoecologico.es\\\/index.php\\\/2024\\\/06\\\/02\\\/el-negacionismo\\\/#breadcrumb\"},\"inLanguage\":\"es\",\"potentialAction\":[{\"@type\":\"ReadAction\",\"target\":[\"https:\\\/\\\/saltoecologico.es\\\/index.php\\\/2024\\\/06\\\/02\\\/el-negacionismo\\\/\"]}]},{\"@type\":\"ImageObject\",\"inLanguage\":\"es\",\"@id\":\"https:\\\/\\\/saltoecologico.es\\\/index.php\\\/2024\\\/06\\\/02\\\/el-negacionismo\\\/#primaryimage\",\"url\":\"https:\\\/\\\/saltoecologico.es\\\/wp-content\\\/uploads\\\/2025\\\/04\\\/Fotovoltaica-14.jpg\",\"contentUrl\":\"https:\\\/\\\/saltoecologico.es\\\/wp-content\\\/uploads\\\/2025\\\/04\\\/Fotovoltaica-14.jpg\",\"width\":1024,\"height\":683,\"caption\":\"Low angle portrait of female worker carrying solar panel at indoor warehouse, copy space\"},{\"@type\":\"BreadcrumbList\",\"@id\":\"https:\\\/\\\/saltoecologico.es\\\/index.php\\\/2024\\\/06\\\/02\\\/el-negacionismo\\\/#breadcrumb\",\"itemListElement\":[{\"@type\":\"ListItem\",\"position\":1,\"name\":\"Portada\",\"item\":\"https:\\\/\\\/saltoecologico.es\\\/\"},{\"@type\":\"ListItem\",\"position\":2,\"name\":\"El negacionismo\"}]},{\"@type\":\"WebSite\",\"@id\":\"https:\\\/\\\/saltoecologico.es\\\/#website\",\"url\":\"https:\\\/\\\/saltoecologico.es\\\/\",\"name\":\"Salto Ecol\u00f3gico\",\"description\":\"\",\"publisher\":{\"@id\":\"https:\\\/\\\/saltoecologico.es\\\/#organization\"},\"potentialAction\":[{\"@type\":\"SearchAction\",\"target\":{\"@type\":\"EntryPoint\",\"urlTemplate\":\"https:\\\/\\\/saltoecologico.es\\\/?s={search_term_string}\"},\"query-input\":{\"@type\":\"PropertyValueSpecification\",\"valueRequired\":true,\"valueName\":\"search_term_string\"}}],\"inLanguage\":\"es\"},{\"@type\":\"Organization\",\"@id\":\"https:\\\/\\\/saltoecologico.es\\\/#organization\",\"name\":\"Salto a la Transici\u00f3n Ecol\u00f3gica\",\"url\":\"https:\\\/\\\/saltoecologico.es\\\/\",\"logo\":{\"@type\":\"ImageObject\",\"inLanguage\":\"es\",\"@id\":\"https:\\\/\\\/saltoecologico.es\\\/#\\\/schema\\\/logo\\\/image\\\/\",\"url\":\"https:\\\/\\\/saltoecologico.es\\\/wp-content\\\/uploads\\\/2025\\\/04\\\/Logo-STE.jpg\",\"contentUrl\":\"https:\\\/\\\/saltoecologico.es\\\/wp-content\\\/uploads\\\/2025\\\/04\\\/Logo-STE.jpg\",\"width\":435,\"height\":435,\"caption\":\"Salto a la Transici\u00f3n Ecol\u00f3gica\"},\"image\":{\"@id\":\"https:\\\/\\\/saltoecologico.es\\\/#\\\/schema\\\/logo\\\/image\\\/\"},\"sameAs\":[\"https:\\\/\\\/www.facebook.com\\\/Saltotransicionecologica\"]},{\"@type\":\"Person\",\"@id\":\"https:\\\/\\\/saltoecologico.es\\\/#\\\/schema\\\/person\\\/7175eec4b3c123d86c675313c3a01a0b\",\"name\":\"admin\",\"image\":{\"@type\":\"ImageObject\",\"inLanguage\":\"es\",\"@id\":\"https:\\\/\\\/secure.gravatar.com\\\/avatar\\\/4c215dc57bbc7b2f2f470ac9bd197f3f112636a584e575a732d0206a2d9c9806?s=96&d=mm&r=g\",\"url\":\"https:\\\/\\\/secure.gravatar.com\\\/avatar\\\/4c215dc57bbc7b2f2f470ac9bd197f3f112636a584e575a732d0206a2d9c9806?s=96&d=mm&r=g\",\"contentUrl\":\"https:\\\/\\\/secure.gravatar.com\\\/avatar\\\/4c215dc57bbc7b2f2f470ac9bd197f3f112636a584e575a732d0206a2d9c9806?s=96&d=mm&r=g\",\"caption\":\"admin\"},\"sameAs\":[\"https:\\\/\\\/saltoecologico.es\"],\"url\":\"https:\\\/\\\/saltoecologico.es\\\/index.php\\\/author\\\/saltoecologico\\\/\"}]}<\/script>\n<!-- \/ Yoast SEO plugin. -->","yoast_head_json":{"title":"El negacionismo - Salto Ecol\u00f3gico","robots":{"index":"index","follow":"follow","max-snippet":"max-snippet:-1","max-image-preview":"max-image-preview:large","max-video-preview":"max-video-preview:-1"},"canonical":"https:\/\/saltoecologico.es\/index.php\/2024\/06\/02\/el-negacionismo\/","og_locale":"es_ES","og_type":"article","og_title":"El negacionismo - Salto Ecol\u00f3gico","og_description":"A pesar de los posicionamientos pasados en contra de las pol\u00edticas mitigadoras del cambio clim\u00e1tico antropog\u00e9nico, as\u00ed como de la misma existencia de este fen\u00f3meno, desde Salto a la Transici\u00f3n Ecol\u00f3gica decidimos darle un voto de confianza al actual gobierno de Coalici\u00f3n Canaria y el Partido Popular, entendiendo que las personas y las organizaciones tienen [&hellip;]","og_url":"https:\/\/saltoecologico.es\/index.php\/2024\/06\/02\/el-negacionismo\/","og_site_name":"Salto Ecol\u00f3gico","article_publisher":"https:\/\/www.facebook.com\/Saltotransicionecologica","article_published_time":"2024-06-02T16:46:00+00:00","article_modified_time":"2025-04-19T16:47:22+00:00","og_image":[{"width":1024,"height":683,"url":"https:\/\/saltoecologico.es\/wp-content\/uploads\/2025\/04\/Fotovoltaica-14.jpg","type":"image\/jpeg"}],"author":"admin","twitter_card":"summary_large_image","twitter_misc":{"Escrito por":"admin","Tiempo de lectura":"3 minutos"},"schema":{"@context":"https:\/\/schema.org","@graph":[{"@type":"Article","@id":"https:\/\/saltoecologico.es\/index.php\/2024\/06\/02\/el-negacionismo\/#article","isPartOf":{"@id":"https:\/\/saltoecologico.es\/index.php\/2024\/06\/02\/el-negacionismo\/"},"author":{"name":"admin","@id":"https:\/\/saltoecologico.es\/#\/schema\/person\/7175eec4b3c123d86c675313c3a01a0b"},"headline":"El negacionismo","datePublished":"2024-06-02T16:46:00+00:00","dateModified":"2025-04-19T16:47:22+00:00","mainEntityOfPage":{"@id":"https:\/\/saltoecologico.es\/index.php\/2024\/06\/02\/el-negacionismo\/"},"wordCount":642,"commentCount":0,"publisher":{"@id":"https:\/\/saltoecologico.es\/#organization"},"image":{"@id":"https:\/\/saltoecologico.es\/index.php\/2024\/06\/02\/el-negacionismo\/#primaryimage"},"thumbnailUrl":"https:\/\/saltoecologico.es\/wp-content\/uploads\/2025\/04\/Fotovoltaica-14.jpg","articleSection":["General"],"inLanguage":"es","potentialAction":[{"@type":"CommentAction","name":"Comment","target":["https:\/\/saltoecologico.es\/index.php\/2024\/06\/02\/el-negacionismo\/#respond"]}]},{"@type":"WebPage","@id":"https:\/\/saltoecologico.es\/index.php\/2024\/06\/02\/el-negacionismo\/","url":"https:\/\/saltoecologico.es\/index.php\/2024\/06\/02\/el-negacionismo\/","name":"El negacionismo - Salto Ecol\u00f3gico","isPartOf":{"@id":"https:\/\/saltoecologico.es\/#website"},"primaryImageOfPage":{"@id":"https:\/\/saltoecologico.es\/index.php\/2024\/06\/02\/el-negacionismo\/#primaryimage"},"image":{"@id":"https:\/\/saltoecologico.es\/index.php\/2024\/06\/02\/el-negacionismo\/#primaryimage"},"thumbnailUrl":"https:\/\/saltoecologico.es\/wp-content\/uploads\/2025\/04\/Fotovoltaica-14.jpg","datePublished":"2024-06-02T16:46:00+00:00","dateModified":"2025-04-19T16:47:22+00:00","breadcrumb":{"@id":"https:\/\/saltoecologico.es\/index.php\/2024\/06\/02\/el-negacionismo\/#breadcrumb"},"inLanguage":"es","potentialAction":[{"@type":"ReadAction","target":["https:\/\/saltoecologico.es\/index.php\/2024\/06\/02\/el-negacionismo\/"]}]},{"@type":"ImageObject","inLanguage":"es","@id":"https:\/\/saltoecologico.es\/index.php\/2024\/06\/02\/el-negacionismo\/#primaryimage","url":"https:\/\/saltoecologico.es\/wp-content\/uploads\/2025\/04\/Fotovoltaica-14.jpg","contentUrl":"https:\/\/saltoecologico.es\/wp-content\/uploads\/2025\/04\/Fotovoltaica-14.jpg","width":1024,"height":683,"caption":"Low angle portrait of female worker carrying solar panel at indoor warehouse, copy space"},{"@type":"BreadcrumbList","@id":"https:\/\/saltoecologico.es\/index.php\/2024\/06\/02\/el-negacionismo\/#breadcrumb","itemListElement":[{"@type":"ListItem","position":1,"name":"Portada","item":"https:\/\/saltoecologico.es\/"},{"@type":"ListItem","position":2,"name":"El negacionismo"}]},{"@type":"WebSite","@id":"https:\/\/saltoecologico.es\/#website","url":"https:\/\/saltoecologico.es\/","name":"Salto Ecol\u00f3gico","description":"","publisher":{"@id":"https:\/\/saltoecologico.es\/#organization"},"potentialAction":[{"@type":"SearchAction","target":{"@type":"EntryPoint","urlTemplate":"https:\/\/saltoecologico.es\/?s={search_term_string}"},"query-input":{"@type":"PropertyValueSpecification","valueRequired":true,"valueName":"search_term_string"}}],"inLanguage":"es"},{"@type":"Organization","@id":"https:\/\/saltoecologico.es\/#organization","name":"Salto a la Transici\u00f3n Ecol\u00f3gica","url":"https:\/\/saltoecologico.es\/","logo":{"@type":"ImageObject","inLanguage":"es","@id":"https:\/\/saltoecologico.es\/#\/schema\/logo\/image\/","url":"https:\/\/saltoecologico.es\/wp-content\/uploads\/2025\/04\/Logo-STE.jpg","contentUrl":"https:\/\/saltoecologico.es\/wp-content\/uploads\/2025\/04\/Logo-STE.jpg","width":435,"height":435,"caption":"Salto a la Transici\u00f3n Ecol\u00f3gica"},"image":{"@id":"https:\/\/saltoecologico.es\/#\/schema\/logo\/image\/"},"sameAs":["https:\/\/www.facebook.com\/Saltotransicionecologica"]},{"@type":"Person","@id":"https:\/\/saltoecologico.es\/#\/schema\/person\/7175eec4b3c123d86c675313c3a01a0b","name":"admin","image":{"@type":"ImageObject","inLanguage":"es","@id":"https:\/\/secure.gravatar.com\/avatar\/4c215dc57bbc7b2f2f470ac9bd197f3f112636a584e575a732d0206a2d9c9806?s=96&d=mm&r=g","url":"https:\/\/secure.gravatar.com\/avatar\/4c215dc57bbc7b2f2f470ac9bd197f3f112636a584e575a732d0206a2d9c9806?s=96&d=mm&r=g","contentUrl":"https:\/\/secure.gravatar.com\/avatar\/4c215dc57bbc7b2f2f470ac9bd197f3f112636a584e575a732d0206a2d9c9806?s=96&d=mm&r=g","caption":"admin"},"sameAs":["https:\/\/saltoecologico.es"],"url":"https:\/\/saltoecologico.es\/index.php\/author\/saltoecologico\/"}]}},"_links":{"self":[{"href":"https:\/\/saltoecologico.es\/index.php\/wp-json\/wp\/v2\/posts\/733","targetHints":{"allow":["GET"]}}],"collection":[{"href":"https:\/\/saltoecologico.es\/index.php\/wp-json\/wp\/v2\/posts"}],"about":[{"href":"https:\/\/saltoecologico.es\/index.php\/wp-json\/wp\/v2\/types\/post"}],"author":[{"embeddable":true,"href":"https:\/\/saltoecologico.es\/index.php\/wp-json\/wp\/v2\/users\/1"}],"replies":[{"embeddable":true,"href":"https:\/\/saltoecologico.es\/index.php\/wp-json\/wp\/v2\/comments?post=733"}],"version-history":[{"count":1,"href":"https:\/\/saltoecologico.es\/index.php\/wp-json\/wp\/v2\/posts\/733\/revisions"}],"predecessor-version":[{"id":735,"href":"https:\/\/saltoecologico.es\/index.php\/wp-json\/wp\/v2\/posts\/733\/revisions\/735"}],"wp:featuredmedia":[{"embeddable":true,"href":"https:\/\/saltoecologico.es\/index.php\/wp-json\/wp\/v2\/media\/734"}],"wp:attachment":[{"href":"https:\/\/saltoecologico.es\/index.php\/wp-json\/wp\/v2\/media?parent=733"}],"wp:term":[{"taxonomy":"category","embeddable":true,"href":"https:\/\/saltoecologico.es\/index.php\/wp-json\/wp\/v2\/categories?post=733"},{"taxonomy":"post_tag","embeddable":true,"href":"https:\/\/saltoecologico.es\/index.php\/wp-json\/wp\/v2\/tags?post=733"}],"curies":[{"name":"wp","href":"https:\/\/api.w.org\/{rel}","templated":true}]}}