{"id":736,"date":"2024-06-10T16:50:00","date_gmt":"2024-06-10T16:50:00","guid":{"rendered":"https:\/\/saltoecologico.es\/?p=736"},"modified":"2025-04-19T16:50:39","modified_gmt":"2025-04-19T16:50:39","slug":"gorona-del-viento","status":"publish","type":"post","link":"https:\/\/saltoecologico.es\/index.php\/2024\/06\/10\/gorona-del-viento\/","title":{"rendered":"Gorona del viento"},"content":{"rendered":"\n<p class=\"wp-block-paragraph\">Cada vez que vemos una publicaci\u00f3n de los se\u00f1ores de la plataforma \u201cSalvar Chira-Soria\u201d, m\u00e1s nos convencemos de que el principal problema que tienen es que desconocen profundamente los temas que tratan. Concretamente desconocen profundamente cual es el funcionamiento de una central hidroel\u00e9ctrica reversible de bombeo puro, cual es su finalidad y cu\u00e1l es su prop\u00f3sito.<\/p>\n\n\n\n<p class=\"wp-block-paragraph\">En esta ocasi\u00f3n nos toca salir al paso a un pseudov\u00eddeo, supuestamente explicativo del \u201cfraude\u201d que supone Gorona del Viento en el Hierro.<\/p>\n\n\n\n<p class=\"wp-block-paragraph\">En primer lugar, no se tiene claro ni la instalaci\u00f3n de la que se habla. Gorona del Viento no denomina a dos dep\u00f3sitos de agua unidos por una tuber\u00eda. Si tuvi\u00e9ramos la delicadeza de entrar en su web ver\u00edamos que al complejo se denomina \u201cCentral Hidroe\u00f3lica Gorona del Viento\u201d, ya que efectivamente Gorona del viento es una instalaci\u00f3n que est\u00e1 compuesta por cinco aerogeneradores, m\u00e1s una central hidroel\u00e9ctrica reversible de bombeo puro, formada por dos recipientes a distinta cota y una tuber\u00eda que los une. Es el conjunto lo que se denomina de esa forma.<\/p>\n\n\n\n<p class=\"wp-block-paragraph\">Por si hubiera duda la Orden IET\/1711\/2013, de 23 de septiembre, por la que se establece el m\u00e9todo de c\u00e1lculo de los costes fijos y variables de la instalaci\u00f3n de producci\u00f3n el\u00e9ctrica hidroe\u00f3lica de Gorona del Viento, recoge en su pre\u00e1mbulo el siguiente literal: \u201cEl proyecto hidroe\u00f3lico integra un parque e\u00f3lico, un grupo de bombeo y una central hidroel\u00e9ctrica\u201d. Por otro lado, en el art\u00edculo 1 se puede leer: \u201cA los efectos de esta orden, la Central de Gorona del Viento se considera una \u00fanica instalaci\u00f3n de tecnolog\u00eda hidroe\u00f3lica. La energ\u00eda generada a efectos retributivos ser\u00e1 la energ\u00eda medida en el punto frontera\u201d.<\/p>\n\n\n\n<p class=\"wp-block-paragraph\">En definitiva, a efectos pr\u00e1cticos, t\u00e9cnicos y jur\u00eddicos, los cinco generadores e\u00f3licos, la central hidroel\u00e9ctrica y los grupos de bombeos son considerados un todo que a efectos de retribuci\u00f3n es como una caja negra, de donde salen megavatios, independientemente de su procedencia.<\/p>\n\n\n\n<p class=\"wp-block-paragraph\">En segundo lugar, hay que entender de lo que se habla cuando se dice 100% renovables y no se acota a un intervalo temporal concreto. Si nosotros decimos que el Hierro ha sido 100% renovable en determinados d\u00edas, estaremos en lo cierto. Concretamente el r\u00e9cord de d\u00edas consecutivos siendo 100% renovables ha quedado establecido en 25 d\u00edas. Durante estos 25 d\u00edas el Hierro ha sido abastecido completamente de energ\u00eda el\u00e9ctrica por el complejo de Gorona del Viento, sin gastar un solo litro de combustible. Obviamente para ser 100% renovable todo el a\u00f1o, a\u00fan le falta al Hierro, aumentar su parque de renovables para conseguirlo.<\/p>\n\n\n\n<p class=\"wp-block-paragraph\">En tercer lugar, en cuanto a los datos manejados, supuestamente proporcionados por Endesa y suponiendo que estos datos sean ciertos, conviene aclarar varias cosas. El parque e\u00f3lico de Gorona del Viento son 5 aerogeneradores de 2,3 MW cada uno, lo que supone 11,5 MW. Por otro lado, la demanda del Hierro el 11 de junio de 2024 oscila entre 5 MW y 7,1 MW. Si solo tuvi\u00e9ramos el parque e\u00f3lico y teniendo en cuenta que la cantidad de energ\u00eda no gestionable que puede entrar en el sistema es del 50% (se ha experimentado con el 60%), esto quiere decir que solo podr\u00edamos usar, de los 11 MW de e\u00f3lico, entre 2,5 y 3,6 MW y el resto habr\u00eda que desaprovecharlo, parando molinos. En cambio, si se tiene la posibilidad de direccionar los excedentes de los e\u00f3licos a elevar agua, esos excedentes se pueden aprovechar, de tal forma que se recuperaran turbinando esa agua subida cuando no haya viento.<\/p>\n\n\n\n<p class=\"wp-block-paragraph\">El funcionamiento anterior es el m\u00e1s sencillo que se le puede dar al sistema en el que en la red hay un 50% de energ\u00eda e\u00f3lica, un 50% de generaci\u00f3n con combustibles f\u00f3siles y determinados excedentes destinados a subir agua. En este caso el sistema ser\u00eda 50% renovable. Pero ahora supongamos que hay suficiente viento como para que los e\u00f3licos produzcan lo necesario para mandar el 50% de la demanda a la red y los excedentes se dedican a subir el agua que es turbinada inmediatamente, proporcion\u00e1ndonos, de esa forma, el otro 50% gestionable que necesitamos para completar la demanda del sistema en condiciones adecuadas de seguridad y estabilidad. En este caso tendr\u00edamos un sistema 100% renovable que podr\u00eda continuar eternamente si el viento perdurase.<\/p>\n\n\n\n<p class=\"wp-block-paragraph\">Analizando los datos (suponiendo que sean ciertos) en el a\u00f1o 2013 el Hierro tuvo una penetraci\u00f3n de renovables del 35% proveniente de los aerogeneradores, pero gracias al sistema de bombeo y turbinado. Es este mismo sistema, el que permite que en julio la penetraci\u00f3n de renovables fuera del 62% o en agosto el 58% o en enero el 47%.<\/p>\n\n\n\n<p class=\"wp-block-paragraph\">En absoluto Gorona del Viento es un fraude, es sin lugar a duda, el mejor exponente de por donde debe transcurrir la evoluci\u00f3n de los sistemas aislados, para conseguir generaci\u00f3n el\u00e9ctrica 100% renovables. De hecho, toda la experiencia que se ha cogido con el funcionamiento y operaci\u00f3n de este complejo hidroe\u00f3lico, a servido para plasmarlo en un proyecto completamente original y novedoso como es el Salto de Chira, que est\u00e1 poniendo en la vanguardia de la descarbonizaci\u00f3n de sistemas el\u00e9ctricos aislados, a la isla de Gran Canaria y que ha sido respaldado y avalado por las instituciones europeas.<\/p>\n","protected":false},"excerpt":{"rendered":"<p>Cada vez que vemos una publicaci\u00f3n de los se\u00f1ores de la plataforma \u201cSalvar Chira-Soria\u201d, m\u00e1s nos convencemos de que el principal problema que tienen es que desconocen profundamente los temas que tratan. Concretamente desconocen profundamente cual es el funcionamiento de una central hidroel\u00e9ctrica reversible de bombeo puro, cual es su finalidad y cu\u00e1l es su [&hellip;]<\/p>\n","protected":false},"author":1,"featured_media":737,"comment_status":"open","ping_status":"open","sticky":false,"template":"","format":"standard","meta":{"footnotes":""},"categories":[61],"tags":[],"class_list":["post-736","post","type-post","status-publish","format-standard","has-post-thumbnail","category-gorona-del-viento"],"yoast_head":"<!-- This site is optimized with the Yoast SEO plugin v28.2 - https:\/\/yoast.com\/product\/yoast-seo-wordpress\/ -->\n<title>Gorona del viento - Salto Ecol\u00f3gico<\/title>\n<meta name=\"robots\" content=\"index, follow, max-snippet:-1, max-image-preview:large, max-video-preview:-1\" \/>\n<link rel=\"canonical\" href=\"https:\/\/saltoecologico.es\/index.php\/2024\/06\/10\/gorona-del-viento\/\" \/>\n<meta property=\"og:locale\" content=\"es_ES\" \/>\n<meta property=\"og:type\" content=\"article\" \/>\n<meta property=\"og:title\" content=\"Gorona del viento - Salto Ecol\u00f3gico\" \/>\n<meta property=\"og:description\" content=\"Cada vez que vemos una publicaci\u00f3n de los se\u00f1ores de la plataforma \u201cSalvar Chira-Soria\u201d, m\u00e1s nos convencemos de que el principal problema que tienen es que desconocen profundamente los temas que tratan. Concretamente desconocen profundamente cual es el funcionamiento de una central hidroel\u00e9ctrica reversible de bombeo puro, cual es su finalidad y cu\u00e1l es su [&hellip;]\" \/>\n<meta property=\"og:url\" content=\"https:\/\/saltoecologico.es\/index.php\/2024\/06\/10\/gorona-del-viento\/\" \/>\n<meta property=\"og:site_name\" content=\"Salto Ecol\u00f3gico\" \/>\n<meta property=\"article:publisher\" content=\"https:\/\/www.facebook.com\/Saltotransicionecologica\" \/>\n<meta property=\"article:published_time\" content=\"2024-06-10T16:50:00+00:00\" \/>\n<meta property=\"article:modified_time\" content=\"2025-04-19T16:50:39+00:00\" \/>\n<meta property=\"og:image\" content=\"https:\/\/saltoecologico.es\/wp-content\/uploads\/2025\/04\/Eolico-11.jpg\" \/>\n\t<meta property=\"og:image:width\" content=\"1024\" \/>\n\t<meta property=\"og:image:height\" content=\"683\" \/>\n\t<meta property=\"og:image:type\" content=\"image\/jpeg\" \/>\n<meta name=\"author\" content=\"admin\" \/>\n<meta name=\"twitter:card\" content=\"summary_large_image\" \/>\n<meta name=\"twitter:label1\" content=\"Escrito por\" \/>\n\t<meta name=\"twitter:data1\" content=\"admin\" \/>\n\t<meta name=\"twitter:label2\" content=\"Tiempo de lectura\" \/>\n\t<meta name=\"twitter:data2\" content=\"5 minutos\" \/>\n<script type=\"application\/ld+json\" class=\"yoast-schema-graph\">{\"@context\":\"https:\\\/\\\/schema.org\",\"@graph\":[{\"@type\":\"Article\",\"@id\":\"https:\\\/\\\/saltoecologico.es\\\/index.php\\\/2024\\\/06\\\/10\\\/gorona-del-viento\\\/#article\",\"isPartOf\":{\"@id\":\"https:\\\/\\\/saltoecologico.es\\\/index.php\\\/2024\\\/06\\\/10\\\/gorona-del-viento\\\/\"},\"author\":{\"name\":\"admin\",\"@id\":\"https:\\\/\\\/saltoecologico.es\\\/#\\\/schema\\\/person\\\/7175eec4b3c123d86c675313c3a01a0b\"},\"headline\":\"Gorona del viento\",\"datePublished\":\"2024-06-10T16:50:00+00:00\",\"dateModified\":\"2025-04-19T16:50:39+00:00\",\"mainEntityOfPage\":{\"@id\":\"https:\\\/\\\/saltoecologico.es\\\/index.php\\\/2024\\\/06\\\/10\\\/gorona-del-viento\\\/\"},\"wordCount\":911,\"commentCount\":0,\"publisher\":{\"@id\":\"https:\\\/\\\/saltoecologico.es\\\/#organization\"},\"image\":{\"@id\":\"https:\\\/\\\/saltoecologico.es\\\/index.php\\\/2024\\\/06\\\/10\\\/gorona-del-viento\\\/#primaryimage\"},\"thumbnailUrl\":\"https:\\\/\\\/saltoecologico.es\\\/wp-content\\\/uploads\\\/2025\\\/04\\\/Eolico-11.jpg\",\"articleSection\":[\"Gorona del viento\"],\"inLanguage\":\"es\",\"potentialAction\":[{\"@type\":\"CommentAction\",\"name\":\"Comment\",\"target\":[\"https:\\\/\\\/saltoecologico.es\\\/index.php\\\/2024\\\/06\\\/10\\\/gorona-del-viento\\\/#respond\"]}]},{\"@type\":\"WebPage\",\"@id\":\"https:\\\/\\\/saltoecologico.es\\\/index.php\\\/2024\\\/06\\\/10\\\/gorona-del-viento\\\/\",\"url\":\"https:\\\/\\\/saltoecologico.es\\\/index.php\\\/2024\\\/06\\\/10\\\/gorona-del-viento\\\/\",\"name\":\"Gorona del viento - Salto Ecol\u00f3gico\",\"isPartOf\":{\"@id\":\"https:\\\/\\\/saltoecologico.es\\\/#website\"},\"primaryImageOfPage\":{\"@id\":\"https:\\\/\\\/saltoecologico.es\\\/index.php\\\/2024\\\/06\\\/10\\\/gorona-del-viento\\\/#primaryimage\"},\"image\":{\"@id\":\"https:\\\/\\\/saltoecologico.es\\\/index.php\\\/2024\\\/06\\\/10\\\/gorona-del-viento\\\/#primaryimage\"},\"thumbnailUrl\":\"https:\\\/\\\/saltoecologico.es\\\/wp-content\\\/uploads\\\/2025\\\/04\\\/Eolico-11.jpg\",\"datePublished\":\"2024-06-10T16:50:00+00:00\",\"dateModified\":\"2025-04-19T16:50:39+00:00\",\"breadcrumb\":{\"@id\":\"https:\\\/\\\/saltoecologico.es\\\/index.php\\\/2024\\\/06\\\/10\\\/gorona-del-viento\\\/#breadcrumb\"},\"inLanguage\":\"es\",\"potentialAction\":[{\"@type\":\"ReadAction\",\"target\":[\"https:\\\/\\\/saltoecologico.es\\\/index.php\\\/2024\\\/06\\\/10\\\/gorona-del-viento\\\/\"]}]},{\"@type\":\"ImageObject\",\"inLanguage\":\"es\",\"@id\":\"https:\\\/\\\/saltoecologico.es\\\/index.php\\\/2024\\\/06\\\/10\\\/gorona-del-viento\\\/#primaryimage\",\"url\":\"https:\\\/\\\/saltoecologico.es\\\/wp-content\\\/uploads\\\/2025\\\/04\\\/Eolico-11.jpg\",\"contentUrl\":\"https:\\\/\\\/saltoecologico.es\\\/wp-content\\\/uploads\\\/2025\\\/04\\\/Eolico-11.jpg\",\"width\":1024,\"height\":683,\"caption\":\"Typical windmill or aerogenerator of aeolian energy\"},{\"@type\":\"BreadcrumbList\",\"@id\":\"https:\\\/\\\/saltoecologico.es\\\/index.php\\\/2024\\\/06\\\/10\\\/gorona-del-viento\\\/#breadcrumb\",\"itemListElement\":[{\"@type\":\"ListItem\",\"position\":1,\"name\":\"Portada\",\"item\":\"https:\\\/\\\/saltoecologico.es\\\/\"},{\"@type\":\"ListItem\",\"position\":2,\"name\":\"Gorona del viento\"}]},{\"@type\":\"WebSite\",\"@id\":\"https:\\\/\\\/saltoecologico.es\\\/#website\",\"url\":\"https:\\\/\\\/saltoecologico.es\\\/\",\"name\":\"Salto Ecol\u00f3gico\",\"description\":\"\",\"publisher\":{\"@id\":\"https:\\\/\\\/saltoecologico.es\\\/#organization\"},\"potentialAction\":[{\"@type\":\"SearchAction\",\"target\":{\"@type\":\"EntryPoint\",\"urlTemplate\":\"https:\\\/\\\/saltoecologico.es\\\/?s={search_term_string}\"},\"query-input\":{\"@type\":\"PropertyValueSpecification\",\"valueRequired\":true,\"valueName\":\"search_term_string\"}}],\"inLanguage\":\"es\"},{\"@type\":\"Organization\",\"@id\":\"https:\\\/\\\/saltoecologico.es\\\/#organization\",\"name\":\"Salto a la Transici\u00f3n Ecol\u00f3gica\",\"url\":\"https:\\\/\\\/saltoecologico.es\\\/\",\"logo\":{\"@type\":\"ImageObject\",\"inLanguage\":\"es\",\"@id\":\"https:\\\/\\\/saltoecologico.es\\\/#\\\/schema\\\/logo\\\/image\\\/\",\"url\":\"https:\\\/\\\/saltoecologico.es\\\/wp-content\\\/uploads\\\/2025\\\/04\\\/Logo-STE.jpg\",\"contentUrl\":\"https:\\\/\\\/saltoecologico.es\\\/wp-content\\\/uploads\\\/2025\\\/04\\\/Logo-STE.jpg\",\"width\":435,\"height\":435,\"caption\":\"Salto a la Transici\u00f3n Ecol\u00f3gica\"},\"image\":{\"@id\":\"https:\\\/\\\/saltoecologico.es\\\/#\\\/schema\\\/logo\\\/image\\\/\"},\"sameAs\":[\"https:\\\/\\\/www.facebook.com\\\/Saltotransicionecologica\"]},{\"@type\":\"Person\",\"@id\":\"https:\\\/\\\/saltoecologico.es\\\/#\\\/schema\\\/person\\\/7175eec4b3c123d86c675313c3a01a0b\",\"name\":\"admin\",\"image\":{\"@type\":\"ImageObject\",\"inLanguage\":\"es\",\"@id\":\"https:\\\/\\\/secure.gravatar.com\\\/avatar\\\/4c215dc57bbc7b2f2f470ac9bd197f3f112636a584e575a732d0206a2d9c9806?s=96&d=mm&r=g\",\"url\":\"https:\\\/\\\/secure.gravatar.com\\\/avatar\\\/4c215dc57bbc7b2f2f470ac9bd197f3f112636a584e575a732d0206a2d9c9806?s=96&d=mm&r=g\",\"contentUrl\":\"https:\\\/\\\/secure.gravatar.com\\\/avatar\\\/4c215dc57bbc7b2f2f470ac9bd197f3f112636a584e575a732d0206a2d9c9806?s=96&d=mm&r=g\",\"caption\":\"admin\"},\"sameAs\":[\"https:\\\/\\\/saltoecologico.es\"],\"url\":\"https:\\\/\\\/saltoecologico.es\\\/index.php\\\/author\\\/saltoecologico\\\/\"}]}<\/script>\n<!-- \/ Yoast SEO plugin. -->","yoast_head_json":{"title":"Gorona del viento - Salto Ecol\u00f3gico","robots":{"index":"index","follow":"follow","max-snippet":"max-snippet:-1","max-image-preview":"max-image-preview:large","max-video-preview":"max-video-preview:-1"},"canonical":"https:\/\/saltoecologico.es\/index.php\/2024\/06\/10\/gorona-del-viento\/","og_locale":"es_ES","og_type":"article","og_title":"Gorona del viento - Salto Ecol\u00f3gico","og_description":"Cada vez que vemos una publicaci\u00f3n de los se\u00f1ores de la plataforma \u201cSalvar Chira-Soria\u201d, m\u00e1s nos convencemos de que el principal problema que tienen es que desconocen profundamente los temas que tratan. Concretamente desconocen profundamente cual es el funcionamiento de una central hidroel\u00e9ctrica reversible de bombeo puro, cual es su finalidad y cu\u00e1l es su [&hellip;]","og_url":"https:\/\/saltoecologico.es\/index.php\/2024\/06\/10\/gorona-del-viento\/","og_site_name":"Salto Ecol\u00f3gico","article_publisher":"https:\/\/www.facebook.com\/Saltotransicionecologica","article_published_time":"2024-06-10T16:50:00+00:00","article_modified_time":"2025-04-19T16:50:39+00:00","og_image":[{"width":1024,"height":683,"url":"https:\/\/saltoecologico.es\/wp-content\/uploads\/2025\/04\/Eolico-11.jpg","type":"image\/jpeg"}],"author":"admin","twitter_card":"summary_large_image","twitter_misc":{"Escrito por":"admin","Tiempo de lectura":"5 minutos"},"schema":{"@context":"https:\/\/schema.org","@graph":[{"@type":"Article","@id":"https:\/\/saltoecologico.es\/index.php\/2024\/06\/10\/gorona-del-viento\/#article","isPartOf":{"@id":"https:\/\/saltoecologico.es\/index.php\/2024\/06\/10\/gorona-del-viento\/"},"author":{"name":"admin","@id":"https:\/\/saltoecologico.es\/#\/schema\/person\/7175eec4b3c123d86c675313c3a01a0b"},"headline":"Gorona del viento","datePublished":"2024-06-10T16:50:00+00:00","dateModified":"2025-04-19T16:50:39+00:00","mainEntityOfPage":{"@id":"https:\/\/saltoecologico.es\/index.php\/2024\/06\/10\/gorona-del-viento\/"},"wordCount":911,"commentCount":0,"publisher":{"@id":"https:\/\/saltoecologico.es\/#organization"},"image":{"@id":"https:\/\/saltoecologico.es\/index.php\/2024\/06\/10\/gorona-del-viento\/#primaryimage"},"thumbnailUrl":"https:\/\/saltoecologico.es\/wp-content\/uploads\/2025\/04\/Eolico-11.jpg","articleSection":["Gorona del viento"],"inLanguage":"es","potentialAction":[{"@type":"CommentAction","name":"Comment","target":["https:\/\/saltoecologico.es\/index.php\/2024\/06\/10\/gorona-del-viento\/#respond"]}]},{"@type":"WebPage","@id":"https:\/\/saltoecologico.es\/index.php\/2024\/06\/10\/gorona-del-viento\/","url":"https:\/\/saltoecologico.es\/index.php\/2024\/06\/10\/gorona-del-viento\/","name":"Gorona del viento - Salto Ecol\u00f3gico","isPartOf":{"@id":"https:\/\/saltoecologico.es\/#website"},"primaryImageOfPage":{"@id":"https:\/\/saltoecologico.es\/index.php\/2024\/06\/10\/gorona-del-viento\/#primaryimage"},"image":{"@id":"https:\/\/saltoecologico.es\/index.php\/2024\/06\/10\/gorona-del-viento\/#primaryimage"},"thumbnailUrl":"https:\/\/saltoecologico.es\/wp-content\/uploads\/2025\/04\/Eolico-11.jpg","datePublished":"2024-06-10T16:50:00+00:00","dateModified":"2025-04-19T16:50:39+00:00","breadcrumb":{"@id":"https:\/\/saltoecologico.es\/index.php\/2024\/06\/10\/gorona-del-viento\/#breadcrumb"},"inLanguage":"es","potentialAction":[{"@type":"ReadAction","target":["https:\/\/saltoecologico.es\/index.php\/2024\/06\/10\/gorona-del-viento\/"]}]},{"@type":"ImageObject","inLanguage":"es","@id":"https:\/\/saltoecologico.es\/index.php\/2024\/06\/10\/gorona-del-viento\/#primaryimage","url":"https:\/\/saltoecologico.es\/wp-content\/uploads\/2025\/04\/Eolico-11.jpg","contentUrl":"https:\/\/saltoecologico.es\/wp-content\/uploads\/2025\/04\/Eolico-11.jpg","width":1024,"height":683,"caption":"Typical windmill or aerogenerator of aeolian energy"},{"@type":"BreadcrumbList","@id":"https:\/\/saltoecologico.es\/index.php\/2024\/06\/10\/gorona-del-viento\/#breadcrumb","itemListElement":[{"@type":"ListItem","position":1,"name":"Portada","item":"https:\/\/saltoecologico.es\/"},{"@type":"ListItem","position":2,"name":"Gorona del viento"}]},{"@type":"WebSite","@id":"https:\/\/saltoecologico.es\/#website","url":"https:\/\/saltoecologico.es\/","name":"Salto Ecol\u00f3gico","description":"","publisher":{"@id":"https:\/\/saltoecologico.es\/#organization"},"potentialAction":[{"@type":"SearchAction","target":{"@type":"EntryPoint","urlTemplate":"https:\/\/saltoecologico.es\/?s={search_term_string}"},"query-input":{"@type":"PropertyValueSpecification","valueRequired":true,"valueName":"search_term_string"}}],"inLanguage":"es"},{"@type":"Organization","@id":"https:\/\/saltoecologico.es\/#organization","name":"Salto a la Transici\u00f3n Ecol\u00f3gica","url":"https:\/\/saltoecologico.es\/","logo":{"@type":"ImageObject","inLanguage":"es","@id":"https:\/\/saltoecologico.es\/#\/schema\/logo\/image\/","url":"https:\/\/saltoecologico.es\/wp-content\/uploads\/2025\/04\/Logo-STE.jpg","contentUrl":"https:\/\/saltoecologico.es\/wp-content\/uploads\/2025\/04\/Logo-STE.jpg","width":435,"height":435,"caption":"Salto a la Transici\u00f3n Ecol\u00f3gica"},"image":{"@id":"https:\/\/saltoecologico.es\/#\/schema\/logo\/image\/"},"sameAs":["https:\/\/www.facebook.com\/Saltotransicionecologica"]},{"@type":"Person","@id":"https:\/\/saltoecologico.es\/#\/schema\/person\/7175eec4b3c123d86c675313c3a01a0b","name":"admin","image":{"@type":"ImageObject","inLanguage":"es","@id":"https:\/\/secure.gravatar.com\/avatar\/4c215dc57bbc7b2f2f470ac9bd197f3f112636a584e575a732d0206a2d9c9806?s=96&d=mm&r=g","url":"https:\/\/secure.gravatar.com\/avatar\/4c215dc57bbc7b2f2f470ac9bd197f3f112636a584e575a732d0206a2d9c9806?s=96&d=mm&r=g","contentUrl":"https:\/\/secure.gravatar.com\/avatar\/4c215dc57bbc7b2f2f470ac9bd197f3f112636a584e575a732d0206a2d9c9806?s=96&d=mm&r=g","caption":"admin"},"sameAs":["https:\/\/saltoecologico.es"],"url":"https:\/\/saltoecologico.es\/index.php\/author\/saltoecologico\/"}]}},"_links":{"self":[{"href":"https:\/\/saltoecologico.es\/index.php\/wp-json\/wp\/v2\/posts\/736","targetHints":{"allow":["GET"]}}],"collection":[{"href":"https:\/\/saltoecologico.es\/index.php\/wp-json\/wp\/v2\/posts"}],"about":[{"href":"https:\/\/saltoecologico.es\/index.php\/wp-json\/wp\/v2\/types\/post"}],"author":[{"embeddable":true,"href":"https:\/\/saltoecologico.es\/index.php\/wp-json\/wp\/v2\/users\/1"}],"replies":[{"embeddable":true,"href":"https:\/\/saltoecologico.es\/index.php\/wp-json\/wp\/v2\/comments?post=736"}],"version-history":[{"count":1,"href":"https:\/\/saltoecologico.es\/index.php\/wp-json\/wp\/v2\/posts\/736\/revisions"}],"predecessor-version":[{"id":738,"href":"https:\/\/saltoecologico.es\/index.php\/wp-json\/wp\/v2\/posts\/736\/revisions\/738"}],"wp:featuredmedia":[{"embeddable":true,"href":"https:\/\/saltoecologico.es\/index.php\/wp-json\/wp\/v2\/media\/737"}],"wp:attachment":[{"href":"https:\/\/saltoecologico.es\/index.php\/wp-json\/wp\/v2\/media?parent=736"}],"wp:term":[{"taxonomy":"category","embeddable":true,"href":"https:\/\/saltoecologico.es\/index.php\/wp-json\/wp\/v2\/categories?post=736"},{"taxonomy":"post_tag","embeddable":true,"href":"https:\/\/saltoecologico.es\/index.php\/wp-json\/wp\/v2\/tags?post=736"}],"curies":[{"name":"wp","href":"https:\/\/api.w.org\/{rel}","templated":true}]}}