{"id":739,"date":"2024-06-27T16:53:00","date_gmt":"2024-06-27T16:53:00","guid":{"rendered":"https:\/\/saltoecologico.es\/?p=739"},"modified":"2025-04-19T16:54:21","modified_gmt":"2025-04-19T16:54:21","slug":"vision-miope","status":"publish","type":"post","link":"https:\/\/saltoecologico.es\/index.php\/2024\/06\/27\/vision-miope\/","title":{"rendered":"Visi\u00f3n miope"},"content":{"rendered":"\n<p class=\"wp-block-paragraph\">En los \u00faltimos a\u00f1os, el Operador del Sistema (Red El\u00e9ctrica de Espa\u00f1a) ha venido evacuando informes sucesivos, como le obliga la ley, en los que se viene reiterando la necesidad de potencia adicional t\u00e9rmica, para los sistemas el\u00e9ctricos de Canarias, con el fin de garantizar el suministro y evitar interrupciones del servicio, que tan nefastas repercusiones tiene para el funcionamiento de la sociedad del archipi\u00e9lago.<\/p>\n\n\n\n<p class=\"wp-block-paragraph\">Por otro lado, se es conocedor de que tanto esta potencia adicional t\u00e9rmica que se pretende instalar como la ya instalada son las responsables del 40% de las emisiones de gases de efecto invernadero, que, junto con el transporte, suponen el 88% de las emisiones de estos gases en Canarias, que son los causantes del Cambio Clim\u00e1tico que se est\u00e1 produciendo en el planeta y que traer\u00e1 consecuencias tan dram\u00e1ticas, para determinados enclaves, como pueden ser nuestras islas.<\/p>\n\n\n\n<p class=\"wp-block-paragraph\">Ante esta situaci\u00f3n tan perniciosa, cabr\u00eda esperar que nuestros mandatarios perge\u00f1aran un plan estrat\u00e9gico que permitiera, solventar algunos de los males end\u00e9micos que arrastra nuestro sistema energ\u00e9tico en general.<\/p>\n\n\n\n<p class=\"wp-block-paragraph\">En primer lugar, parecer\u00eda obvio que es urgente y prioritario plantearnos la eliminaci\u00f3n de los gases de efecto invernadero que producimos en las islas, comenzando por la generaci\u00f3n el\u00e9ctrica y el transporte, con el fin de aportar nuestra decidida contribuci\u00f3n a la lucha contra el Cambio Clim\u00e1tico. En segundo lugar, parecer\u00eda l\u00f3gico que si utilizamos fuentes de energ\u00eda aut\u00f3ctona contribuiremos a disminuir el transporte de combustible y los gases que de el emanan, pero aparte de ello, conseguir\u00edamos una independencia estrat\u00e9gica vital de terceros pa\u00edses, en cuanto a la energ\u00eda que mueve nuestra econom\u00eda. Por \u00faltimo, deber\u00edamos hacer todo lo posible para tener un sistema energ\u00e9tico que sea sostenible en el tiempo desde un punto de vista econ\u00f3mico, porque de esta manera no estaremos sometidos al albur de los recortes en \u00e9pocas de crisis econ\u00f3mica.<\/p>\n\n\n\n<p class=\"wp-block-paragraph\">Pues bien, todo esto ya es posible con la tecnolog\u00eda actual. Efectivamente, en Canarias andamos sobrados de dos recursos fundamentales y renovables como son el sol y el viento. Las tecnolog\u00edas fotovoltaicas y e\u00f3licas han alcanzado la madurez suficiente para constituirse en la base de nuestro sistema energ\u00e9tico, aunque tengamos un problema de gestionabilidad. Problema que no es insalvable porque afortunadamente tenemos a nuestro alcance dispositivos de regulaci\u00f3n como son las centrales hidroel\u00e9ctricas reversibles de bombeo puro, que a la vez que proporcionan esa gestionabilidad, se convierte en piezas claves para aumentar la penetraci\u00f3n de estas renovables. Con una penetraci\u00f3n muy alta de renovables, podemos plantearnos la electrificaci\u00f3n de la econom\u00eda, porque aquella parte de la generaci\u00f3n renovable que no pueda ir al sistema el\u00e9ctrico, la podemos redireccionar hacia electrolizadores que produzcan hidr\u00f3geno verde, vector energ\u00e9tico fundamental, que nos abre la puerta a un nuevo almacenamiento de la energ\u00eda y a toda la pl\u00e9yade de combustibles sint\u00e9ticos, que podr\u00edan abastecer tanto el trasporte como a otros subsectores de nuestra econom\u00eda.<\/p>\n\n\n\n<p class=\"wp-block-paragraph\">Este planteamiento, que a priori podr\u00eda parecer una quimera, no es nada original, porque es ni m\u00e1s ni menos que el planteamiento recogido en las estrategias desarrolladas por el Instituto Tecnol\u00f3gico de Canarias, para la confecci\u00f3n del PTECan y que planteaba la descarbonizaci\u00f3n de la econom\u00eda de Canarias para el 2040. Estas estrategias respond\u00edan a las alertas del operador del sistema con un planteamiento compacto y robusto, para no solo potenciar el sistema el\u00e9ctrico sino el sistema energ\u00e9tico del archipi\u00e9lago en su conjunto. Este planteamiento pretend\u00eda sustituir los grupos t\u00e9rmicos de combustibles f\u00f3siles a medida que fueran cumpliendo su vida \u00fatil regulatoria, por un complejo sistema basado en renovables, bombeos y la tecnolog\u00eda del hidr\u00f3geno verde al servicio de la generaci\u00f3n el\u00e9ctrica.<\/p>\n\n\n\n<p class=\"wp-block-paragraph\">Pero lamentablemente el equipo de gobierno actual a tirado todo este desarrollo al traste y con una declaraci\u00f3n de emergencia energ\u00e9tica extempor\u00e1nea y fuera de lugar, a precipitado una serie de actos que ha culminado con la aplicaci\u00f3n de lo previsto en el Cap\u00edtulo IV y en la disposici\u00f3n transitoria primera del Real Decreto 738\/2015, de 31 de julio, la Secretar\u00eda de Estado de Energ\u00eda perteneciente al Ministerio para la Transici\u00f3n Ecol\u00f3gica y el Reto Demogr\u00e1fico ha firmado, con fecha 21 de junio de 2024, una resoluci\u00f3n que aprueba la convocatoria de un procedimiento de concurrencia competitiva para el otorgamiento de resoluci\u00f3n favorable de compatibilidad a los efectos de reconocimiento del r\u00e9gimen retributivo adicional para instalaciones de producci\u00f3n de energ\u00eda el\u00e9ctrica de categor\u00eda A, localizadas en los sistemas el\u00e9ctricos aislados de Islas Baleares, Gran Canaria, Tenerife, Lanzarote-Fuerteventura, La Palma, La Gomera, El Hierro, Ceuta y Melilla.<\/p>\n\n\n\n<p class=\"wp-block-paragraph\">En otras palabras, se da el visto bueno para que los promotores de m\u00e1s de los 970 MW (m\u00e1s de 50 grupos) de potencia adicional, que a partir de ahora se podr\u00e1n instalar en las islas, puedan percibir los cuantiosos emolumentos que la retribuci\u00f3n adicional les proporciona. El problema no es la inmediatez de la instalaci\u00f3n de estos grupos, el problema es que todos los espa\u00f1oles los tendremos que estar pagando, al menos, durante 25 a\u00f1os y, por lo tanto, el frenazo que se va a provocar a la instalaci\u00f3n de renovables ser\u00e1 may\u00fasculo.<\/p>\n\n\n\n<p class=\"wp-block-paragraph\">Esta claro que el ejecutivo actual, que es quien tiene la potestad de autorizar los nuevos grupos por ser menores de 50 MW, ha decidido una apuesta continuista, por la emisi\u00f3n de gases de efecto invernadero, por la dependencia energ\u00e9tica del exterior y por un sistema el\u00e9ctrico despilfarrador y subvencionado, que para nada responde a las necesidades de la inmensa mayor\u00eda de los canarios.<\/p>\n\n\n\n<p class=\"wp-block-paragraph\">Somos la primera generaci\u00f3n en ser consciente (al menos la mayor\u00eda) del abismo al que nos lleva el Cambio Clim\u00e1tico antropog\u00e9nico y posiblemente seamos la \u00faltima en tener en nuestras manos el poder hacer algo para remediarlo y por eso, cuando vemos ciertas decisiones y actuaciones, se nos cae el alma al suelo, al pensar en c\u00f3mo se puede actuar de determinadas maneras.<\/p>\n","protected":false},"excerpt":{"rendered":"<p>En los \u00faltimos a\u00f1os, el Operador del Sistema (Red El\u00e9ctrica de Espa\u00f1a) ha venido evacuando informes sucesivos, como le obliga la ley, en los que se viene reiterando la necesidad de potencia adicional t\u00e9rmica, para los sistemas el\u00e9ctricos de Canarias, con el fin de garantizar el suministro y evitar interrupciones del servicio, que tan nefastas [&hellip;]<\/p>\n","protected":false},"author":1,"featured_media":740,"comment_status":"open","ping_status":"open","sticky":false,"template":"","format":"standard","meta":{"footnotes":""},"categories":[58],"tags":[],"class_list":["post-739","post","type-post","status-publish","format-standard","has-post-thumbnail","category-concurrencia-competitiva"],"yoast_head":"<!-- This site is optimized with the Yoast SEO plugin v28.2 - https:\/\/yoast.com\/product\/yoast-seo-wordpress\/ -->\n<title>Visi\u00f3n miope - Salto Ecol\u00f3gico<\/title>\n<meta name=\"robots\" content=\"index, follow, max-snippet:-1, max-image-preview:large, max-video-preview:-1\" \/>\n<link rel=\"canonical\" href=\"https:\/\/saltoecologico.es\/index.php\/2024\/06\/27\/vision-miope\/\" \/>\n<meta property=\"og:locale\" content=\"es_ES\" \/>\n<meta property=\"og:type\" content=\"article\" \/>\n<meta property=\"og:title\" content=\"Visi\u00f3n miope - Salto Ecol\u00f3gico\" \/>\n<meta property=\"og:description\" content=\"En los \u00faltimos a\u00f1os, el Operador del Sistema (Red El\u00e9ctrica de Espa\u00f1a) ha venido evacuando informes sucesivos, como le obliga la ley, en los que se viene reiterando la necesidad de potencia adicional t\u00e9rmica, para los sistemas el\u00e9ctricos de Canarias, con el fin de garantizar el suministro y evitar interrupciones del servicio, que tan nefastas [&hellip;]\" \/>\n<meta property=\"og:url\" content=\"https:\/\/saltoecologico.es\/index.php\/2024\/06\/27\/vision-miope\/\" \/>\n<meta property=\"og:site_name\" content=\"Salto Ecol\u00f3gico\" \/>\n<meta property=\"article:publisher\" content=\"https:\/\/www.facebook.com\/Saltotransicionecologica\" \/>\n<meta property=\"article:published_time\" content=\"2024-06-27T16:53:00+00:00\" \/>\n<meta property=\"article:modified_time\" content=\"2025-04-19T16:54:21+00:00\" \/>\n<meta property=\"og:image\" content=\"https:\/\/saltoecologico.es\/wp-content\/uploads\/2025\/04\/Fosiles30.jpg\" \/>\n\t<meta property=\"og:image:width\" content=\"1024\" \/>\n\t<meta property=\"og:image:height\" content=\"683\" \/>\n\t<meta property=\"og:image:type\" content=\"image\/jpeg\" \/>\n<meta name=\"author\" content=\"admin\" \/>\n<meta name=\"twitter:card\" content=\"summary_large_image\" \/>\n<meta name=\"twitter:label1\" content=\"Escrito por\" \/>\n\t<meta name=\"twitter:data1\" content=\"admin\" \/>\n\t<meta name=\"twitter:label2\" content=\"Tiempo de lectura\" \/>\n\t<meta name=\"twitter:data2\" content=\"5 minutos\" \/>\n<script type=\"application\/ld+json\" class=\"yoast-schema-graph\">{\"@context\":\"https:\\\/\\\/schema.org\",\"@graph\":[{\"@type\":\"Article\",\"@id\":\"https:\\\/\\\/saltoecologico.es\\\/index.php\\\/2024\\\/06\\\/27\\\/vision-miope\\\/#article\",\"isPartOf\":{\"@id\":\"https:\\\/\\\/saltoecologico.es\\\/index.php\\\/2024\\\/06\\\/27\\\/vision-miope\\\/\"},\"author\":{\"name\":\"admin\",\"@id\":\"https:\\\/\\\/saltoecologico.es\\\/#\\\/schema\\\/person\\\/7175eec4b3c123d86c675313c3a01a0b\"},\"headline\":\"Visi\u00f3n miope\",\"datePublished\":\"2024-06-27T16:53:00+00:00\",\"dateModified\":\"2025-04-19T16:54:21+00:00\",\"mainEntityOfPage\":{\"@id\":\"https:\\\/\\\/saltoecologico.es\\\/index.php\\\/2024\\\/06\\\/27\\\/vision-miope\\\/\"},\"wordCount\":1065,\"commentCount\":0,\"publisher\":{\"@id\":\"https:\\\/\\\/saltoecologico.es\\\/#organization\"},\"image\":{\"@id\":\"https:\\\/\\\/saltoecologico.es\\\/index.php\\\/2024\\\/06\\\/27\\\/vision-miope\\\/#primaryimage\"},\"thumbnailUrl\":\"https:\\\/\\\/saltoecologico.es\\\/wp-content\\\/uploads\\\/2025\\\/04\\\/Fosiles30.jpg\",\"articleSection\":[\"Concurrencia competitiva\"],\"inLanguage\":\"es\",\"potentialAction\":[{\"@type\":\"CommentAction\",\"name\":\"Comment\",\"target\":[\"https:\\\/\\\/saltoecologico.es\\\/index.php\\\/2024\\\/06\\\/27\\\/vision-miope\\\/#respond\"]}]},{\"@type\":\"WebPage\",\"@id\":\"https:\\\/\\\/saltoecologico.es\\\/index.php\\\/2024\\\/06\\\/27\\\/vision-miope\\\/\",\"url\":\"https:\\\/\\\/saltoecologico.es\\\/index.php\\\/2024\\\/06\\\/27\\\/vision-miope\\\/\",\"name\":\"Visi\u00f3n miope - Salto Ecol\u00f3gico\",\"isPartOf\":{\"@id\":\"https:\\\/\\\/saltoecologico.es\\\/#website\"},\"primaryImageOfPage\":{\"@id\":\"https:\\\/\\\/saltoecologico.es\\\/index.php\\\/2024\\\/06\\\/27\\\/vision-miope\\\/#primaryimage\"},\"image\":{\"@id\":\"https:\\\/\\\/saltoecologico.es\\\/index.php\\\/2024\\\/06\\\/27\\\/vision-miope\\\/#primaryimage\"},\"thumbnailUrl\":\"https:\\\/\\\/saltoecologico.es\\\/wp-content\\\/uploads\\\/2025\\\/04\\\/Fosiles30.jpg\",\"datePublished\":\"2024-06-27T16:53:00+00:00\",\"dateModified\":\"2025-04-19T16:54:21+00:00\",\"breadcrumb\":{\"@id\":\"https:\\\/\\\/saltoecologico.es\\\/index.php\\\/2024\\\/06\\\/27\\\/vision-miope\\\/#breadcrumb\"},\"inLanguage\":\"es\",\"potentialAction\":[{\"@type\":\"ReadAction\",\"target\":[\"https:\\\/\\\/saltoecologico.es\\\/index.php\\\/2024\\\/06\\\/27\\\/vision-miope\\\/\"]}]},{\"@type\":\"ImageObject\",\"inLanguage\":\"es\",\"@id\":\"https:\\\/\\\/saltoecologico.es\\\/index.php\\\/2024\\\/06\\\/27\\\/vision-miope\\\/#primaryimage\",\"url\":\"https:\\\/\\\/saltoecologico.es\\\/wp-content\\\/uploads\\\/2025\\\/04\\\/Fosiles30.jpg\",\"contentUrl\":\"https:\\\/\\\/saltoecologico.es\\\/wp-content\\\/uploads\\\/2025\\\/04\\\/Fosiles30.jpg\",\"width\":1024,\"height\":683,\"caption\":\"Chemical factory chimneys with raising smoke against red sunset sky in winter city during strong frost. View from afar of thermal power plant pipes emitting hazardous toxic pollutants into atmosphere\"},{\"@type\":\"BreadcrumbList\",\"@id\":\"https:\\\/\\\/saltoecologico.es\\\/index.php\\\/2024\\\/06\\\/27\\\/vision-miope\\\/#breadcrumb\",\"itemListElement\":[{\"@type\":\"ListItem\",\"position\":1,\"name\":\"Portada\",\"item\":\"https:\\\/\\\/saltoecologico.es\\\/\"},{\"@type\":\"ListItem\",\"position\":2,\"name\":\"Visi\u00f3n miope\"}]},{\"@type\":\"WebSite\",\"@id\":\"https:\\\/\\\/saltoecologico.es\\\/#website\",\"url\":\"https:\\\/\\\/saltoecologico.es\\\/\",\"name\":\"Salto Ecol\u00f3gico\",\"description\":\"\",\"publisher\":{\"@id\":\"https:\\\/\\\/saltoecologico.es\\\/#organization\"},\"potentialAction\":[{\"@type\":\"SearchAction\",\"target\":{\"@type\":\"EntryPoint\",\"urlTemplate\":\"https:\\\/\\\/saltoecologico.es\\\/?s={search_term_string}\"},\"query-input\":{\"@type\":\"PropertyValueSpecification\",\"valueRequired\":true,\"valueName\":\"search_term_string\"}}],\"inLanguage\":\"es\"},{\"@type\":\"Organization\",\"@id\":\"https:\\\/\\\/saltoecologico.es\\\/#organization\",\"name\":\"Salto a la Transici\u00f3n Ecol\u00f3gica\",\"url\":\"https:\\\/\\\/saltoecologico.es\\\/\",\"logo\":{\"@type\":\"ImageObject\",\"inLanguage\":\"es\",\"@id\":\"https:\\\/\\\/saltoecologico.es\\\/#\\\/schema\\\/logo\\\/image\\\/\",\"url\":\"https:\\\/\\\/saltoecologico.es\\\/wp-content\\\/uploads\\\/2025\\\/04\\\/Logo-STE.jpg\",\"contentUrl\":\"https:\\\/\\\/saltoecologico.es\\\/wp-content\\\/uploads\\\/2025\\\/04\\\/Logo-STE.jpg\",\"width\":435,\"height\":435,\"caption\":\"Salto a la Transici\u00f3n Ecol\u00f3gica\"},\"image\":{\"@id\":\"https:\\\/\\\/saltoecologico.es\\\/#\\\/schema\\\/logo\\\/image\\\/\"},\"sameAs\":[\"https:\\\/\\\/www.facebook.com\\\/Saltotransicionecologica\"]},{\"@type\":\"Person\",\"@id\":\"https:\\\/\\\/saltoecologico.es\\\/#\\\/schema\\\/person\\\/7175eec4b3c123d86c675313c3a01a0b\",\"name\":\"admin\",\"image\":{\"@type\":\"ImageObject\",\"inLanguage\":\"es\",\"@id\":\"https:\\\/\\\/secure.gravatar.com\\\/avatar\\\/4c215dc57bbc7b2f2f470ac9bd197f3f112636a584e575a732d0206a2d9c9806?s=96&d=mm&r=g\",\"url\":\"https:\\\/\\\/secure.gravatar.com\\\/avatar\\\/4c215dc57bbc7b2f2f470ac9bd197f3f112636a584e575a732d0206a2d9c9806?s=96&d=mm&r=g\",\"contentUrl\":\"https:\\\/\\\/secure.gravatar.com\\\/avatar\\\/4c215dc57bbc7b2f2f470ac9bd197f3f112636a584e575a732d0206a2d9c9806?s=96&d=mm&r=g\",\"caption\":\"admin\"},\"sameAs\":[\"https:\\\/\\\/saltoecologico.es\"],\"url\":\"https:\\\/\\\/saltoecologico.es\\\/index.php\\\/author\\\/saltoecologico\\\/\"}]}<\/script>\n<!-- \/ Yoast SEO plugin. -->","yoast_head_json":{"title":"Visi\u00f3n miope - Salto Ecol\u00f3gico","robots":{"index":"index","follow":"follow","max-snippet":"max-snippet:-1","max-image-preview":"max-image-preview:large","max-video-preview":"max-video-preview:-1"},"canonical":"https:\/\/saltoecologico.es\/index.php\/2024\/06\/27\/vision-miope\/","og_locale":"es_ES","og_type":"article","og_title":"Visi\u00f3n miope - Salto Ecol\u00f3gico","og_description":"En los \u00faltimos a\u00f1os, el Operador del Sistema (Red El\u00e9ctrica de Espa\u00f1a) ha venido evacuando informes sucesivos, como le obliga la ley, en los que se viene reiterando la necesidad de potencia adicional t\u00e9rmica, para los sistemas el\u00e9ctricos de Canarias, con el fin de garantizar el suministro y evitar interrupciones del servicio, que tan nefastas [&hellip;]","og_url":"https:\/\/saltoecologico.es\/index.php\/2024\/06\/27\/vision-miope\/","og_site_name":"Salto Ecol\u00f3gico","article_publisher":"https:\/\/www.facebook.com\/Saltotransicionecologica","article_published_time":"2024-06-27T16:53:00+00:00","article_modified_time":"2025-04-19T16:54:21+00:00","og_image":[{"width":1024,"height":683,"url":"https:\/\/saltoecologico.es\/wp-content\/uploads\/2025\/04\/Fosiles30.jpg","type":"image\/jpeg"}],"author":"admin","twitter_card":"summary_large_image","twitter_misc":{"Escrito por":"admin","Tiempo de lectura":"5 minutos"},"schema":{"@context":"https:\/\/schema.org","@graph":[{"@type":"Article","@id":"https:\/\/saltoecologico.es\/index.php\/2024\/06\/27\/vision-miope\/#article","isPartOf":{"@id":"https:\/\/saltoecologico.es\/index.php\/2024\/06\/27\/vision-miope\/"},"author":{"name":"admin","@id":"https:\/\/saltoecologico.es\/#\/schema\/person\/7175eec4b3c123d86c675313c3a01a0b"},"headline":"Visi\u00f3n miope","datePublished":"2024-06-27T16:53:00+00:00","dateModified":"2025-04-19T16:54:21+00:00","mainEntityOfPage":{"@id":"https:\/\/saltoecologico.es\/index.php\/2024\/06\/27\/vision-miope\/"},"wordCount":1065,"commentCount":0,"publisher":{"@id":"https:\/\/saltoecologico.es\/#organization"},"image":{"@id":"https:\/\/saltoecologico.es\/index.php\/2024\/06\/27\/vision-miope\/#primaryimage"},"thumbnailUrl":"https:\/\/saltoecologico.es\/wp-content\/uploads\/2025\/04\/Fosiles30.jpg","articleSection":["Concurrencia competitiva"],"inLanguage":"es","potentialAction":[{"@type":"CommentAction","name":"Comment","target":["https:\/\/saltoecologico.es\/index.php\/2024\/06\/27\/vision-miope\/#respond"]}]},{"@type":"WebPage","@id":"https:\/\/saltoecologico.es\/index.php\/2024\/06\/27\/vision-miope\/","url":"https:\/\/saltoecologico.es\/index.php\/2024\/06\/27\/vision-miope\/","name":"Visi\u00f3n miope - Salto Ecol\u00f3gico","isPartOf":{"@id":"https:\/\/saltoecologico.es\/#website"},"primaryImageOfPage":{"@id":"https:\/\/saltoecologico.es\/index.php\/2024\/06\/27\/vision-miope\/#primaryimage"},"image":{"@id":"https:\/\/saltoecologico.es\/index.php\/2024\/06\/27\/vision-miope\/#primaryimage"},"thumbnailUrl":"https:\/\/saltoecologico.es\/wp-content\/uploads\/2025\/04\/Fosiles30.jpg","datePublished":"2024-06-27T16:53:00+00:00","dateModified":"2025-04-19T16:54:21+00:00","breadcrumb":{"@id":"https:\/\/saltoecologico.es\/index.php\/2024\/06\/27\/vision-miope\/#breadcrumb"},"inLanguage":"es","potentialAction":[{"@type":"ReadAction","target":["https:\/\/saltoecologico.es\/index.php\/2024\/06\/27\/vision-miope\/"]}]},{"@type":"ImageObject","inLanguage":"es","@id":"https:\/\/saltoecologico.es\/index.php\/2024\/06\/27\/vision-miope\/#primaryimage","url":"https:\/\/saltoecologico.es\/wp-content\/uploads\/2025\/04\/Fosiles30.jpg","contentUrl":"https:\/\/saltoecologico.es\/wp-content\/uploads\/2025\/04\/Fosiles30.jpg","width":1024,"height":683,"caption":"Chemical factory chimneys with raising smoke against red sunset sky in winter city during strong frost. View from afar of thermal power plant pipes emitting hazardous toxic pollutants into atmosphere"},{"@type":"BreadcrumbList","@id":"https:\/\/saltoecologico.es\/index.php\/2024\/06\/27\/vision-miope\/#breadcrumb","itemListElement":[{"@type":"ListItem","position":1,"name":"Portada","item":"https:\/\/saltoecologico.es\/"},{"@type":"ListItem","position":2,"name":"Visi\u00f3n miope"}]},{"@type":"WebSite","@id":"https:\/\/saltoecologico.es\/#website","url":"https:\/\/saltoecologico.es\/","name":"Salto Ecol\u00f3gico","description":"","publisher":{"@id":"https:\/\/saltoecologico.es\/#organization"},"potentialAction":[{"@type":"SearchAction","target":{"@type":"EntryPoint","urlTemplate":"https:\/\/saltoecologico.es\/?s={search_term_string}"},"query-input":{"@type":"PropertyValueSpecification","valueRequired":true,"valueName":"search_term_string"}}],"inLanguage":"es"},{"@type":"Organization","@id":"https:\/\/saltoecologico.es\/#organization","name":"Salto a la Transici\u00f3n Ecol\u00f3gica","url":"https:\/\/saltoecologico.es\/","logo":{"@type":"ImageObject","inLanguage":"es","@id":"https:\/\/saltoecologico.es\/#\/schema\/logo\/image\/","url":"https:\/\/saltoecologico.es\/wp-content\/uploads\/2025\/04\/Logo-STE.jpg","contentUrl":"https:\/\/saltoecologico.es\/wp-content\/uploads\/2025\/04\/Logo-STE.jpg","width":435,"height":435,"caption":"Salto a la Transici\u00f3n Ecol\u00f3gica"},"image":{"@id":"https:\/\/saltoecologico.es\/#\/schema\/logo\/image\/"},"sameAs":["https:\/\/www.facebook.com\/Saltotransicionecologica"]},{"@type":"Person","@id":"https:\/\/saltoecologico.es\/#\/schema\/person\/7175eec4b3c123d86c675313c3a01a0b","name":"admin","image":{"@type":"ImageObject","inLanguage":"es","@id":"https:\/\/secure.gravatar.com\/avatar\/4c215dc57bbc7b2f2f470ac9bd197f3f112636a584e575a732d0206a2d9c9806?s=96&d=mm&r=g","url":"https:\/\/secure.gravatar.com\/avatar\/4c215dc57bbc7b2f2f470ac9bd197f3f112636a584e575a732d0206a2d9c9806?s=96&d=mm&r=g","contentUrl":"https:\/\/secure.gravatar.com\/avatar\/4c215dc57bbc7b2f2f470ac9bd197f3f112636a584e575a732d0206a2d9c9806?s=96&d=mm&r=g","caption":"admin"},"sameAs":["https:\/\/saltoecologico.es"],"url":"https:\/\/saltoecologico.es\/index.php\/author\/saltoecologico\/"}]}},"_links":{"self":[{"href":"https:\/\/saltoecologico.es\/index.php\/wp-json\/wp\/v2\/posts\/739","targetHints":{"allow":["GET"]}}],"collection":[{"href":"https:\/\/saltoecologico.es\/index.php\/wp-json\/wp\/v2\/posts"}],"about":[{"href":"https:\/\/saltoecologico.es\/index.php\/wp-json\/wp\/v2\/types\/post"}],"author":[{"embeddable":true,"href":"https:\/\/saltoecologico.es\/index.php\/wp-json\/wp\/v2\/users\/1"}],"replies":[{"embeddable":true,"href":"https:\/\/saltoecologico.es\/index.php\/wp-json\/wp\/v2\/comments?post=739"}],"version-history":[{"count":1,"href":"https:\/\/saltoecologico.es\/index.php\/wp-json\/wp\/v2\/posts\/739\/revisions"}],"predecessor-version":[{"id":741,"href":"https:\/\/saltoecologico.es\/index.php\/wp-json\/wp\/v2\/posts\/739\/revisions\/741"}],"wp:featuredmedia":[{"embeddable":true,"href":"https:\/\/saltoecologico.es\/index.php\/wp-json\/wp\/v2\/media\/740"}],"wp:attachment":[{"href":"https:\/\/saltoecologico.es\/index.php\/wp-json\/wp\/v2\/media?parent=739"}],"wp:term":[{"taxonomy":"category","embeddable":true,"href":"https:\/\/saltoecologico.es\/index.php\/wp-json\/wp\/v2\/categories?post=739"},{"taxonomy":"post_tag","embeddable":true,"href":"https:\/\/saltoecologico.es\/index.php\/wp-json\/wp\/v2\/tags?post=739"}],"curies":[{"name":"wp","href":"https:\/\/api.w.org\/{rel}","templated":true}]}}