{"id":742,"date":"2024-06-29T16:57:00","date_gmt":"2024-06-29T16:57:00","guid":{"rendered":"https:\/\/saltoecologico.es\/?p=742"},"modified":"2025-04-19T16:57:36","modified_gmt":"2025-04-19T16:57:36","slug":"supuesto-rigor","status":"publish","type":"post","link":"https:\/\/saltoecologico.es\/index.php\/2024\/06\/29\/supuesto-rigor\/","title":{"rendered":"Supuesto rigor"},"content":{"rendered":"\n<p class=\"wp-block-paragraph\">\u00daltimamente se nos dice que informarse por las redes es una mala praxis porque estas carecen del rigor, la profesionalidad y la documentaci\u00f3n que poseen los medios tradicionales. Pues bien, partiendo de que consideramos que la premisa expuesta es muy acertada, hay ocasiones en las que desafortunadamente esto no se cumple y el art\u00edculo que adjuntamos es un perfecto ejemplo de esas ocasiones.<\/p>\n\n\n\n<p class=\"wp-block-paragraph\">Efectivamente decir que \u201cLa obsolescencia del sistema el\u00e9ctrico obliga a \u201ctirar\u201d hasta el 20% de la energ\u00eda renovable\u201d es simplemente faltar a la verdad.<\/p>\n\n\n\n<p class=\"wp-block-paragraph\">Pero vamos por partes. Decir que \u201cSu escasa flexibilidad para aumentar o reducir su generaci\u00f3n para adaptarse a la demanda de cada momento obliga a limitar otras fuentes de energ\u00eda que s\u00ed cuentan con la ventaja de ser m\u00e1s flexibles y ah\u00ed, la e\u00f3lica es la que se lleva todas las papeletas\u201d. Si resulta que precisamente uno de los problemas que tiene la e\u00f3lica es su falta de flexibilidad, debido a su no gestionabilidad. Lo que produce un e\u00f3lico depende del viento que halla y cuando su potencia no cabe en la red, no es que se disminuya su producci\u00f3n, literalmente se desacopla de ella. La supuesta flexibilidad de los e\u00f3licos consiste en pararlos o ponerlos a funcionar cuando las condiciones son las adecuadas.<\/p>\n\n\n\n<p class=\"wp-block-paragraph\">Claro que los vertidos en Canarias son un problema, pero ni m\u00e1s ni menos que en el resto del pa\u00eds, pero desde luego no se van a solucionar con la entrada de nuevos grupos, por muy bajo m\u00ednimo t\u00e9cnico que tengan o por mucha velocidad de respuesta que posean. Sean del tama\u00f1o que sean, existe una m\u00e1xima emp\u00edrica en los sistemas el\u00e9ctricos que consiste en que la generaci\u00f3n no gestionable en el sistema puede alcanzar como mucho el 50% del total de la generaci\u00f3n y por mucho que nos empecinemos en decir lo contario, la generaci\u00f3n e\u00f3lica y fotovoltaica son generaci\u00f3n no gestionable.<\/p>\n\n\n\n<p class=\"wp-block-paragraph\">Seg\u00fan el Anuario Energ\u00e9tico de Canarias 2022 la potencia instalada de e\u00f3lica y fotovoltaica en Gran Canaria era de 354 MW. Consultando la web de Red El\u00e9ctrica podemos observar que por ejemplo a las 12:00 AM del s\u00e1bado 29 de junio de 2024, la generaci\u00f3n de esta isla era de 402 MW. Si en ese momento las condiciones de sol y de viento hubiesen sido las adecuadas, como mucho se hubiese podido meter en el sistema 201 MW, quedando los 153 MW restantes como vertidos energ\u00e9ticos, es decir, desechados. Este an\u00e1lisis errado porque seguro que en la actualidad hay mas potencia renovable instalada, es el mismo que se har\u00eda con los famosos grupos peque\u00f1os, exactamente el mismo.<\/p>\n\n\n\n<p class=\"wp-block-paragraph\">\u00bfEntonces estamos abocados a que los promotores de parques e\u00f3licos y fotovoltaicos pierdan cuantiosos emolumentos y que la sociedad desperdicie una energ\u00eda limpia y preciosa?. Pues no, simplemente instalando bombeos este problema se termina de una forma dr\u00e1stica.<\/p>\n\n\n\n<p class=\"wp-block-paragraph\">Veamos en el caso anterior si hubi\u00e9semos dispuesto de El Salto de Chira. Efectivamente tenemos que 201 MW de la generaci\u00f3n proceden de los grupos t\u00e9rmicos y 201 MW proceden de las renovables, quedando un excedente de 153 MW que pueden ser destinados a bombear agua con lo que el 100% de la producci\u00f3n de renovables estar\u00eda aprovechado.<\/p>\n\n\n\n<p class=\"wp-block-paragraph\">Este planteamiento es el que conoce todo el mundo, pero existe uno m\u00e1s vanguardista y que se ha podido desarrollar en base a todo lo experimentado con Gorona del Viento y que consiste en lo siguiente: De los 354 MW se destinan 201 a cubrir la demanda directamente y los 153 MW restante se dedican a bombear agua, que es turbinada inmediatamente, convirtiendo estos 153 MW es generaci\u00f3n gestionable (buenos los 153 MW no porque hay perdidas), con lo cual lo podemos dirigir tambi\u00e9n a cubrir la demanda, teniendo por tanto, 354 MW cubiertos y necesitando tan solo 48 MW de los grupos t\u00e9rmicos, es decir, en ese momento tendr\u00edamos una penetraci\u00f3n de renovables del 88%.<\/p>\n\n\n\n<p class=\"wp-block-paragraph\">En Gorona del Viento esto se puede hacer f\u00edsicamente porque existe una tuber\u00eda de bombeo y otra diferente para la turbinaci\u00f3n. En el caso del Salto de Chira a pesar de que solo existir\u00e1 una \u00fanica tuber\u00eda cuenta con el \u201ccortocircuito hidr\u00e1ulico\u201d cuya explicaci\u00f3n ya la dejamos para otra ocasi\u00f3n.<\/p>\n\n\n\n<p class=\"wp-block-paragraph\">No estar\u00eda de m\u00e1s que ciertos periodistas se informaran un poquito mejor y fueran m\u00e1s rigurosos.<\/p>\n","protected":false},"excerpt":{"rendered":"<p>\u00daltimamente se nos dice que informarse por las redes es una mala praxis porque estas carecen del rigor, la profesionalidad y la documentaci\u00f3n que poseen los medios tradicionales. Pues bien, partiendo de que consideramos que la premisa expuesta es muy acertada, hay ocasiones en las que desafortunadamente esto no se cumple y el art\u00edculo que [&hellip;]<\/p>\n","protected":false},"author":1,"featured_media":743,"comment_status":"open","ping_status":"open","sticky":false,"template":"","format":"standard","meta":{"footnotes":""},"categories":[36],"tags":[],"class_list":["post-742","post","type-post","status-publish","format-standard","has-post-thumbnail","category-sistema-electrico"],"yoast_head":"<!-- This site is optimized with the Yoast SEO plugin v28.2 - https:\/\/yoast.com\/product\/yoast-seo-wordpress\/ -->\n<title>Supuesto rigor - Salto Ecol\u00f3gico<\/title>\n<meta name=\"robots\" content=\"index, follow, max-snippet:-1, max-image-preview:large, max-video-preview:-1\" \/>\n<link rel=\"canonical\" href=\"https:\/\/saltoecologico.es\/index.php\/2024\/06\/29\/supuesto-rigor\/\" \/>\n<meta property=\"og:locale\" content=\"es_ES\" \/>\n<meta property=\"og:type\" content=\"article\" \/>\n<meta property=\"og:title\" content=\"Supuesto rigor - Salto Ecol\u00f3gico\" \/>\n<meta property=\"og:description\" content=\"\u00daltimamente se nos dice que informarse por las redes es una mala praxis porque estas carecen del rigor, la profesionalidad y la documentaci\u00f3n que poseen los medios tradicionales. Pues bien, partiendo de que consideramos que la premisa expuesta es muy acertada, hay ocasiones en las que desafortunadamente esto no se cumple y el art\u00edculo que [&hellip;]\" \/>\n<meta property=\"og:url\" content=\"https:\/\/saltoecologico.es\/index.php\/2024\/06\/29\/supuesto-rigor\/\" \/>\n<meta property=\"og:site_name\" content=\"Salto Ecol\u00f3gico\" \/>\n<meta property=\"article:publisher\" content=\"https:\/\/www.facebook.com\/Saltotransicionecologica\" \/>\n<meta property=\"article:published_time\" content=\"2024-06-29T16:57:00+00:00\" \/>\n<meta property=\"article:modified_time\" content=\"2025-04-19T16:57:36+00:00\" \/>\n<meta property=\"og:image\" content=\"https:\/\/saltoecologico.es\/wp-content\/uploads\/2025\/04\/Eolico-10.jpg\" \/>\n\t<meta property=\"og:image:width\" content=\"1024\" \/>\n\t<meta property=\"og:image:height\" content=\"683\" \/>\n\t<meta property=\"og:image:type\" content=\"image\/jpeg\" \/>\n<meta name=\"author\" content=\"admin\" \/>\n<meta name=\"twitter:card\" content=\"summary_large_image\" \/>\n<meta name=\"twitter:label1\" content=\"Escrito por\" \/>\n\t<meta name=\"twitter:data1\" content=\"admin\" \/>\n\t<meta name=\"twitter:label2\" content=\"Tiempo de lectura\" \/>\n\t<meta name=\"twitter:data2\" content=\"4 minutos\" \/>\n<script type=\"application\/ld+json\" class=\"yoast-schema-graph\">{\"@context\":\"https:\\\/\\\/schema.org\",\"@graph\":[{\"@type\":\"Article\",\"@id\":\"https:\\\/\\\/saltoecologico.es\\\/index.php\\\/2024\\\/06\\\/29\\\/supuesto-rigor\\\/#article\",\"isPartOf\":{\"@id\":\"https:\\\/\\\/saltoecologico.es\\\/index.php\\\/2024\\\/06\\\/29\\\/supuesto-rigor\\\/\"},\"author\":{\"name\":\"admin\",\"@id\":\"https:\\\/\\\/saltoecologico.es\\\/#\\\/schema\\\/person\\\/7175eec4b3c123d86c675313c3a01a0b\"},\"headline\":\"Supuesto rigor\",\"datePublished\":\"2024-06-29T16:57:00+00:00\",\"dateModified\":\"2025-04-19T16:57:36+00:00\",\"mainEntityOfPage\":{\"@id\":\"https:\\\/\\\/saltoecologico.es\\\/index.php\\\/2024\\\/06\\\/29\\\/supuesto-rigor\\\/\"},\"wordCount\":748,\"commentCount\":0,\"publisher\":{\"@id\":\"https:\\\/\\\/saltoecologico.es\\\/#organization\"},\"image\":{\"@id\":\"https:\\\/\\\/saltoecologico.es\\\/index.php\\\/2024\\\/06\\\/29\\\/supuesto-rigor\\\/#primaryimage\"},\"thumbnailUrl\":\"https:\\\/\\\/saltoecologico.es\\\/wp-content\\\/uploads\\\/2025\\\/04\\\/Eolico-10.jpg\",\"articleSection\":[\"Sistema el\u00e9ctrico\"],\"inLanguage\":\"es\",\"potentialAction\":[{\"@type\":\"CommentAction\",\"name\":\"Comment\",\"target\":[\"https:\\\/\\\/saltoecologico.es\\\/index.php\\\/2024\\\/06\\\/29\\\/supuesto-rigor\\\/#respond\"]}]},{\"@type\":\"WebPage\",\"@id\":\"https:\\\/\\\/saltoecologico.es\\\/index.php\\\/2024\\\/06\\\/29\\\/supuesto-rigor\\\/\",\"url\":\"https:\\\/\\\/saltoecologico.es\\\/index.php\\\/2024\\\/06\\\/29\\\/supuesto-rigor\\\/\",\"name\":\"Supuesto rigor - Salto Ecol\u00f3gico\",\"isPartOf\":{\"@id\":\"https:\\\/\\\/saltoecologico.es\\\/#website\"},\"primaryImageOfPage\":{\"@id\":\"https:\\\/\\\/saltoecologico.es\\\/index.php\\\/2024\\\/06\\\/29\\\/supuesto-rigor\\\/#primaryimage\"},\"image\":{\"@id\":\"https:\\\/\\\/saltoecologico.es\\\/index.php\\\/2024\\\/06\\\/29\\\/supuesto-rigor\\\/#primaryimage\"},\"thumbnailUrl\":\"https:\\\/\\\/saltoecologico.es\\\/wp-content\\\/uploads\\\/2025\\\/04\\\/Eolico-10.jpg\",\"datePublished\":\"2024-06-29T16:57:00+00:00\",\"dateModified\":\"2025-04-19T16:57:36+00:00\",\"breadcrumb\":{\"@id\":\"https:\\\/\\\/saltoecologico.es\\\/index.php\\\/2024\\\/06\\\/29\\\/supuesto-rigor\\\/#breadcrumb\"},\"inLanguage\":\"es\",\"potentialAction\":[{\"@type\":\"ReadAction\",\"target\":[\"https:\\\/\\\/saltoecologico.es\\\/index.php\\\/2024\\\/06\\\/29\\\/supuesto-rigor\\\/\"]}]},{\"@type\":\"ImageObject\",\"inLanguage\":\"es\",\"@id\":\"https:\\\/\\\/saltoecologico.es\\\/index.php\\\/2024\\\/06\\\/29\\\/supuesto-rigor\\\/#primaryimage\",\"url\":\"https:\\\/\\\/saltoecologico.es\\\/wp-content\\\/uploads\\\/2025\\\/04\\\/Eolico-10.jpg\",\"contentUrl\":\"https:\\\/\\\/saltoecologico.es\\\/wp-content\\\/uploads\\\/2025\\\/04\\\/Eolico-10.jpg\",\"width\":1024,\"height\":683,\"caption\":\"Sunset over windmills. Innovative energy creator for electric power production.\"},{\"@type\":\"BreadcrumbList\",\"@id\":\"https:\\\/\\\/saltoecologico.es\\\/index.php\\\/2024\\\/06\\\/29\\\/supuesto-rigor\\\/#breadcrumb\",\"itemListElement\":[{\"@type\":\"ListItem\",\"position\":1,\"name\":\"Portada\",\"item\":\"https:\\\/\\\/saltoecologico.es\\\/\"},{\"@type\":\"ListItem\",\"position\":2,\"name\":\"Supuesto rigor\"}]},{\"@type\":\"WebSite\",\"@id\":\"https:\\\/\\\/saltoecologico.es\\\/#website\",\"url\":\"https:\\\/\\\/saltoecologico.es\\\/\",\"name\":\"Salto Ecol\u00f3gico\",\"description\":\"\",\"publisher\":{\"@id\":\"https:\\\/\\\/saltoecologico.es\\\/#organization\"},\"potentialAction\":[{\"@type\":\"SearchAction\",\"target\":{\"@type\":\"EntryPoint\",\"urlTemplate\":\"https:\\\/\\\/saltoecologico.es\\\/?s={search_term_string}\"},\"query-input\":{\"@type\":\"PropertyValueSpecification\",\"valueRequired\":true,\"valueName\":\"search_term_string\"}}],\"inLanguage\":\"es\"},{\"@type\":\"Organization\",\"@id\":\"https:\\\/\\\/saltoecologico.es\\\/#organization\",\"name\":\"Salto a la Transici\u00f3n Ecol\u00f3gica\",\"url\":\"https:\\\/\\\/saltoecologico.es\\\/\",\"logo\":{\"@type\":\"ImageObject\",\"inLanguage\":\"es\",\"@id\":\"https:\\\/\\\/saltoecologico.es\\\/#\\\/schema\\\/logo\\\/image\\\/\",\"url\":\"https:\\\/\\\/saltoecologico.es\\\/wp-content\\\/uploads\\\/2025\\\/04\\\/Logo-STE.jpg\",\"contentUrl\":\"https:\\\/\\\/saltoecologico.es\\\/wp-content\\\/uploads\\\/2025\\\/04\\\/Logo-STE.jpg\",\"width\":435,\"height\":435,\"caption\":\"Salto a la Transici\u00f3n Ecol\u00f3gica\"},\"image\":{\"@id\":\"https:\\\/\\\/saltoecologico.es\\\/#\\\/schema\\\/logo\\\/image\\\/\"},\"sameAs\":[\"https:\\\/\\\/www.facebook.com\\\/Saltotransicionecologica\"]},{\"@type\":\"Person\",\"@id\":\"https:\\\/\\\/saltoecologico.es\\\/#\\\/schema\\\/person\\\/7175eec4b3c123d86c675313c3a01a0b\",\"name\":\"admin\",\"image\":{\"@type\":\"ImageObject\",\"inLanguage\":\"es\",\"@id\":\"https:\\\/\\\/secure.gravatar.com\\\/avatar\\\/4c215dc57bbc7b2f2f470ac9bd197f3f112636a584e575a732d0206a2d9c9806?s=96&d=mm&r=g\",\"url\":\"https:\\\/\\\/secure.gravatar.com\\\/avatar\\\/4c215dc57bbc7b2f2f470ac9bd197f3f112636a584e575a732d0206a2d9c9806?s=96&d=mm&r=g\",\"contentUrl\":\"https:\\\/\\\/secure.gravatar.com\\\/avatar\\\/4c215dc57bbc7b2f2f470ac9bd197f3f112636a584e575a732d0206a2d9c9806?s=96&d=mm&r=g\",\"caption\":\"admin\"},\"sameAs\":[\"https:\\\/\\\/saltoecologico.es\"],\"url\":\"https:\\\/\\\/saltoecologico.es\\\/index.php\\\/author\\\/saltoecologico\\\/\"}]}<\/script>\n<!-- \/ Yoast SEO plugin. -->","yoast_head_json":{"title":"Supuesto rigor - Salto Ecol\u00f3gico","robots":{"index":"index","follow":"follow","max-snippet":"max-snippet:-1","max-image-preview":"max-image-preview:large","max-video-preview":"max-video-preview:-1"},"canonical":"https:\/\/saltoecologico.es\/index.php\/2024\/06\/29\/supuesto-rigor\/","og_locale":"es_ES","og_type":"article","og_title":"Supuesto rigor - Salto Ecol\u00f3gico","og_description":"\u00daltimamente se nos dice que informarse por las redes es una mala praxis porque estas carecen del rigor, la profesionalidad y la documentaci\u00f3n que poseen los medios tradicionales. Pues bien, partiendo de que consideramos que la premisa expuesta es muy acertada, hay ocasiones en las que desafortunadamente esto no se cumple y el art\u00edculo que [&hellip;]","og_url":"https:\/\/saltoecologico.es\/index.php\/2024\/06\/29\/supuesto-rigor\/","og_site_name":"Salto Ecol\u00f3gico","article_publisher":"https:\/\/www.facebook.com\/Saltotransicionecologica","article_published_time":"2024-06-29T16:57:00+00:00","article_modified_time":"2025-04-19T16:57:36+00:00","og_image":[{"width":1024,"height":683,"url":"https:\/\/saltoecologico.es\/wp-content\/uploads\/2025\/04\/Eolico-10.jpg","type":"image\/jpeg"}],"author":"admin","twitter_card":"summary_large_image","twitter_misc":{"Escrito por":"admin","Tiempo de lectura":"4 minutos"},"schema":{"@context":"https:\/\/schema.org","@graph":[{"@type":"Article","@id":"https:\/\/saltoecologico.es\/index.php\/2024\/06\/29\/supuesto-rigor\/#article","isPartOf":{"@id":"https:\/\/saltoecologico.es\/index.php\/2024\/06\/29\/supuesto-rigor\/"},"author":{"name":"admin","@id":"https:\/\/saltoecologico.es\/#\/schema\/person\/7175eec4b3c123d86c675313c3a01a0b"},"headline":"Supuesto rigor","datePublished":"2024-06-29T16:57:00+00:00","dateModified":"2025-04-19T16:57:36+00:00","mainEntityOfPage":{"@id":"https:\/\/saltoecologico.es\/index.php\/2024\/06\/29\/supuesto-rigor\/"},"wordCount":748,"commentCount":0,"publisher":{"@id":"https:\/\/saltoecologico.es\/#organization"},"image":{"@id":"https:\/\/saltoecologico.es\/index.php\/2024\/06\/29\/supuesto-rigor\/#primaryimage"},"thumbnailUrl":"https:\/\/saltoecologico.es\/wp-content\/uploads\/2025\/04\/Eolico-10.jpg","articleSection":["Sistema el\u00e9ctrico"],"inLanguage":"es","potentialAction":[{"@type":"CommentAction","name":"Comment","target":["https:\/\/saltoecologico.es\/index.php\/2024\/06\/29\/supuesto-rigor\/#respond"]}]},{"@type":"WebPage","@id":"https:\/\/saltoecologico.es\/index.php\/2024\/06\/29\/supuesto-rigor\/","url":"https:\/\/saltoecologico.es\/index.php\/2024\/06\/29\/supuesto-rigor\/","name":"Supuesto rigor - Salto Ecol\u00f3gico","isPartOf":{"@id":"https:\/\/saltoecologico.es\/#website"},"primaryImageOfPage":{"@id":"https:\/\/saltoecologico.es\/index.php\/2024\/06\/29\/supuesto-rigor\/#primaryimage"},"image":{"@id":"https:\/\/saltoecologico.es\/index.php\/2024\/06\/29\/supuesto-rigor\/#primaryimage"},"thumbnailUrl":"https:\/\/saltoecologico.es\/wp-content\/uploads\/2025\/04\/Eolico-10.jpg","datePublished":"2024-06-29T16:57:00+00:00","dateModified":"2025-04-19T16:57:36+00:00","breadcrumb":{"@id":"https:\/\/saltoecologico.es\/index.php\/2024\/06\/29\/supuesto-rigor\/#breadcrumb"},"inLanguage":"es","potentialAction":[{"@type":"ReadAction","target":["https:\/\/saltoecologico.es\/index.php\/2024\/06\/29\/supuesto-rigor\/"]}]},{"@type":"ImageObject","inLanguage":"es","@id":"https:\/\/saltoecologico.es\/index.php\/2024\/06\/29\/supuesto-rigor\/#primaryimage","url":"https:\/\/saltoecologico.es\/wp-content\/uploads\/2025\/04\/Eolico-10.jpg","contentUrl":"https:\/\/saltoecologico.es\/wp-content\/uploads\/2025\/04\/Eolico-10.jpg","width":1024,"height":683,"caption":"Sunset over windmills. Innovative energy creator for electric power production."},{"@type":"BreadcrumbList","@id":"https:\/\/saltoecologico.es\/index.php\/2024\/06\/29\/supuesto-rigor\/#breadcrumb","itemListElement":[{"@type":"ListItem","position":1,"name":"Portada","item":"https:\/\/saltoecologico.es\/"},{"@type":"ListItem","position":2,"name":"Supuesto rigor"}]},{"@type":"WebSite","@id":"https:\/\/saltoecologico.es\/#website","url":"https:\/\/saltoecologico.es\/","name":"Salto Ecol\u00f3gico","description":"","publisher":{"@id":"https:\/\/saltoecologico.es\/#organization"},"potentialAction":[{"@type":"SearchAction","target":{"@type":"EntryPoint","urlTemplate":"https:\/\/saltoecologico.es\/?s={search_term_string}"},"query-input":{"@type":"PropertyValueSpecification","valueRequired":true,"valueName":"search_term_string"}}],"inLanguage":"es"},{"@type":"Organization","@id":"https:\/\/saltoecologico.es\/#organization","name":"Salto a la Transici\u00f3n Ecol\u00f3gica","url":"https:\/\/saltoecologico.es\/","logo":{"@type":"ImageObject","inLanguage":"es","@id":"https:\/\/saltoecologico.es\/#\/schema\/logo\/image\/","url":"https:\/\/saltoecologico.es\/wp-content\/uploads\/2025\/04\/Logo-STE.jpg","contentUrl":"https:\/\/saltoecologico.es\/wp-content\/uploads\/2025\/04\/Logo-STE.jpg","width":435,"height":435,"caption":"Salto a la Transici\u00f3n Ecol\u00f3gica"},"image":{"@id":"https:\/\/saltoecologico.es\/#\/schema\/logo\/image\/"},"sameAs":["https:\/\/www.facebook.com\/Saltotransicionecologica"]},{"@type":"Person","@id":"https:\/\/saltoecologico.es\/#\/schema\/person\/7175eec4b3c123d86c675313c3a01a0b","name":"admin","image":{"@type":"ImageObject","inLanguage":"es","@id":"https:\/\/secure.gravatar.com\/avatar\/4c215dc57bbc7b2f2f470ac9bd197f3f112636a584e575a732d0206a2d9c9806?s=96&d=mm&r=g","url":"https:\/\/secure.gravatar.com\/avatar\/4c215dc57bbc7b2f2f470ac9bd197f3f112636a584e575a732d0206a2d9c9806?s=96&d=mm&r=g","contentUrl":"https:\/\/secure.gravatar.com\/avatar\/4c215dc57bbc7b2f2f470ac9bd197f3f112636a584e575a732d0206a2d9c9806?s=96&d=mm&r=g","caption":"admin"},"sameAs":["https:\/\/saltoecologico.es"],"url":"https:\/\/saltoecologico.es\/index.php\/author\/saltoecologico\/"}]}},"_links":{"self":[{"href":"https:\/\/saltoecologico.es\/index.php\/wp-json\/wp\/v2\/posts\/742","targetHints":{"allow":["GET"]}}],"collection":[{"href":"https:\/\/saltoecologico.es\/index.php\/wp-json\/wp\/v2\/posts"}],"about":[{"href":"https:\/\/saltoecologico.es\/index.php\/wp-json\/wp\/v2\/types\/post"}],"author":[{"embeddable":true,"href":"https:\/\/saltoecologico.es\/index.php\/wp-json\/wp\/v2\/users\/1"}],"replies":[{"embeddable":true,"href":"https:\/\/saltoecologico.es\/index.php\/wp-json\/wp\/v2\/comments?post=742"}],"version-history":[{"count":1,"href":"https:\/\/saltoecologico.es\/index.php\/wp-json\/wp\/v2\/posts\/742\/revisions"}],"predecessor-version":[{"id":744,"href":"https:\/\/saltoecologico.es\/index.php\/wp-json\/wp\/v2\/posts\/742\/revisions\/744"}],"wp:featuredmedia":[{"embeddable":true,"href":"https:\/\/saltoecologico.es\/index.php\/wp-json\/wp\/v2\/media\/743"}],"wp:attachment":[{"href":"https:\/\/saltoecologico.es\/index.php\/wp-json\/wp\/v2\/media?parent=742"}],"wp:term":[{"taxonomy":"category","embeddable":true,"href":"https:\/\/saltoecologico.es\/index.php\/wp-json\/wp\/v2\/categories?post=742"},{"taxonomy":"post_tag","embeddable":true,"href":"https:\/\/saltoecologico.es\/index.php\/wp-json\/wp\/v2\/tags?post=742"}],"curies":[{"name":"wp","href":"https:\/\/api.w.org\/{rel}","templated":true}]}}