{"id":745,"date":"2024-07-19T16:59:00","date_gmt":"2024-07-19T16:59:00","guid":{"rendered":"https:\/\/saltoecologico.es\/?p=745"},"modified":"2025-04-19T17:00:05","modified_gmt":"2025-04-19T17:00:05","slug":"filibusterismo-politico","status":"publish","type":"post","link":"https:\/\/saltoecologico.es\/index.php\/2024\/07\/19\/filibusterismo-politico\/","title":{"rendered":"Filibusterismo pol\u00edtico"},"content":{"rendered":"\n<p class=\"wp-block-paragraph\">Recientemente hemos conocido que, en una entrevista concedida a la Radio Canaria, el Consejero Transici\u00f3n Ecol\u00f3gica y Energ\u00eda Mariano H. Zapata ha explicado que desde el Gobierno se trata de negociar con Red El\u00e9ctrica, la salida de la Central T\u00e9rmica del barrio del Charco, en Puerto del Rosario. Esto que en un principio podr\u00eda parecer una buena noticia para la gente que sufre a diario esta cuesti\u00f3n, no deja de ser sino uno m\u00e1s, de los filibusterismos a los que la clase pol\u00edtica no tiene acostumbrados.<\/p>\n\n\n\n<p class=\"wp-block-paragraph\">Efectivamente, no ponemos en duda el grado de conocimiento que este se\u00f1or y su equipo tienen de los sistemas el\u00e9ctricos y por tanto de sus centrales de generaci\u00f3n. No dudamos que est\u00e1n al corriente de la vida \u00fatil regulatoria de los grupos que conforman estas centrales, ni del perfecto conocimiento que poseen del entramado de las l\u00edneas de transporte y distribuci\u00f3n que son las encargadas de evacuar la energ\u00eda que producen. Por tanto, como son conocedores de todo lo relatado, solo cabe inferir que las declaraciones mencionadas se circunscriben en una pose para quedar bien delante de un sector de la ciudadan\u00eda.<\/p>\n\n\n\n<p class=\"wp-block-paragraph\">La central t\u00e9rmica de Las Salinas costa de 12 grupos t\u00e9rmicos, 9 di\u00e9sel y 3 turbinas de gas (aunque funcionando con gasoil). De estos grupos, 8 tienen su vida \u00fatil regulatoria caducada y de los cuatro que quedan, uno la cumple en 2025, otro en 2026 y los otros dos en 2030. Por tanto, si se traslada de lugar la central y por ende se trasladan sus grupos, en el mejor de los casos, tendr\u00edan vida \u00fatil regulatoria hasta 2030 dos de ellos. Como parece obvio, proponerle a Endesa que cambie la ubicaci\u00f3n con este panorama, no se sostiene de ninguna de las maneras. Ni desde el punto de vista operativo, ni de log\u00edstica, ni econ\u00f3micamente hablando.<\/p>\n\n\n\n<p class=\"wp-block-paragraph\">Por otro lado, todas las centrales en Canarias tuvieron sus inicios de igual manera. Ubicadas en la costa por cuestiones de refrigeraci\u00f3n, log\u00edstica y poluci\u00f3n, de donde part\u00edan, de manera radial, las l\u00edneas que se encargaban de dar suministro a los habitantes de las islas. Por este motivo, las redes de distribuci\u00f3n y transporte insulares tienen peculiaridades especiales en cuanto a su topolog\u00eda, flujos de corrientes, disposici\u00f3n de las protecciones, etc. Fuerteventura no fue ajena a este proceso y por tanto El Charco no es solo el lugar f\u00edsico de ubicaci\u00f3n de una planta de generaci\u00f3n altamente contaminante, sino es el centro neur\u00e1lgico de todo el sistema el\u00e9ctrico de la isla. Si a esto le sumamos la interacci\u00f3n con el sistema el\u00e9ctrico de Lanzarote, a trav\u00e9s del cable submarino, tenemos el coctel perfecto para descubrir, lamentablemente, el porqu\u00e9 la Central de Las Salinas es inamovible.<\/p>\n\n\n\n<p class=\"wp-block-paragraph\">\u00bfEstamos diciendo con todo lo expuesto que el problema que tienen los vecinos del charco es irresoluble?. En absoluto, lo que estamos diciendo es que, en un sistema el\u00e9ctrico centralizado, con una concepci\u00f3n radial y basado en combustibles f\u00f3siles, es imposible variar la ubicaci\u00f3n de la central. Pero en un sistema distribuido, donde tuvi\u00e9ramos distintos puntos de generaci\u00f3n, basado en energ\u00edas aut\u00f3ctonas y sin una sola gota de combustibles f\u00f3siles, como ser\u00eda el caso de un sistema 100% renovable, el problema de los vecinos del Charco dejar\u00eda de existir, pero ya no porque le trasladen la central, sino porque Las Salina ya dejar\u00eda de ser necesaria y por tanto se desmantelar\u00eda.<\/p>\n\n\n\n<p class=\"wp-block-paragraph\">Esta \u00faltima soluci\u00f3n es m\u00e1s dif\u00edcil de articular discursivamente, sobre todo despu\u00e9s de declarar una emergencia energ\u00e9tica para colarnos grupos de emergencia por la puerta de atr\u00e1s o despu\u00e9s de presionar para que salga adelante un proceso de concurrencia competitiva que renovar\u00e1 buena parte de la flota de grupos t\u00e9rmicos de combustibles f\u00f3siles de nuestras centrales. Naturalmente resulta m\u00e1s plausible comenzar a tocar en todas las puertas, tengan o no tengan que ver con el problema, para luego comparecer ante la opini\u00f3n p\u00fablica para decir: \u201cHemos hecho todo lo que ha estado en nuestra mano, pero no se ha podido conseguir\u201d.<\/p>\n","protected":false},"excerpt":{"rendered":"<p>Recientemente hemos conocido que, en una entrevista concedida a la Radio Canaria, el Consejero Transici\u00f3n Ecol\u00f3gica y Energ\u00eda Mariano H. Zapata ha explicado que desde el Gobierno se trata de negociar con Red El\u00e9ctrica, la salida de la Central T\u00e9rmica del barrio del Charco, en Puerto del Rosario. Esto que en un principio podr\u00eda parecer [&hellip;]<\/p>\n","protected":false},"author":1,"featured_media":746,"comment_status":"open","ping_status":"open","sticky":false,"template":"","format":"standard","meta":{"footnotes":""},"categories":[42],"tags":[],"class_list":["post-745","post","type-post","status-publish","format-standard","has-post-thumbnail","category-fosiles"],"yoast_head":"<!-- This site is optimized with the Yoast SEO plugin v28.2 - https:\/\/yoast.com\/product\/yoast-seo-wordpress\/ -->\n<title>Filibusterismo pol\u00edtico - Salto Ecol\u00f3gico<\/title>\n<meta name=\"robots\" content=\"index, follow, max-snippet:-1, max-image-preview:large, max-video-preview:-1\" \/>\n<link rel=\"canonical\" href=\"https:\/\/saltoecologico.es\/index.php\/2024\/07\/19\/filibusterismo-politico\/\" \/>\n<meta property=\"og:locale\" content=\"es_ES\" \/>\n<meta property=\"og:type\" content=\"article\" \/>\n<meta property=\"og:title\" content=\"Filibusterismo pol\u00edtico - Salto Ecol\u00f3gico\" \/>\n<meta property=\"og:description\" content=\"Recientemente hemos conocido que, en una entrevista concedida a la Radio Canaria, el Consejero Transici\u00f3n Ecol\u00f3gica y Energ\u00eda Mariano H. Zapata ha explicado que desde el Gobierno se trata de negociar con Red El\u00e9ctrica, la salida de la Central T\u00e9rmica del barrio del Charco, en Puerto del Rosario. Esto que en un principio podr\u00eda parecer [&hellip;]\" \/>\n<meta property=\"og:url\" content=\"https:\/\/saltoecologico.es\/index.php\/2024\/07\/19\/filibusterismo-politico\/\" \/>\n<meta property=\"og:site_name\" content=\"Salto Ecol\u00f3gico\" \/>\n<meta property=\"article:publisher\" content=\"https:\/\/www.facebook.com\/Saltotransicionecologica\" \/>\n<meta property=\"article:published_time\" content=\"2024-07-19T16:59:00+00:00\" \/>\n<meta property=\"article:modified_time\" content=\"2025-04-19T17:00:05+00:00\" \/>\n<meta property=\"og:image\" content=\"https:\/\/saltoecologico.es\/wp-content\/uploads\/2025\/04\/Fosiles31.jpg\" \/>\n\t<meta property=\"og:image:width\" content=\"1024\" \/>\n\t<meta property=\"og:image:height\" content=\"683\" \/>\n\t<meta property=\"og:image:type\" content=\"image\/jpeg\" \/>\n<meta name=\"author\" content=\"admin\" \/>\n<meta name=\"twitter:card\" content=\"summary_large_image\" \/>\n<meta name=\"twitter:label1\" content=\"Escrito por\" \/>\n\t<meta name=\"twitter:data1\" content=\"admin\" \/>\n\t<meta name=\"twitter:label2\" content=\"Tiempo de lectura\" \/>\n\t<meta name=\"twitter:data2\" content=\"4 minutos\" \/>\n<script type=\"application\/ld+json\" class=\"yoast-schema-graph\">{\"@context\":\"https:\\\/\\\/schema.org\",\"@graph\":[{\"@type\":\"Article\",\"@id\":\"https:\\\/\\\/saltoecologico.es\\\/index.php\\\/2024\\\/07\\\/19\\\/filibusterismo-politico\\\/#article\",\"isPartOf\":{\"@id\":\"https:\\\/\\\/saltoecologico.es\\\/index.php\\\/2024\\\/07\\\/19\\\/filibusterismo-politico\\\/\"},\"author\":{\"name\":\"admin\",\"@id\":\"https:\\\/\\\/saltoecologico.es\\\/#\\\/schema\\\/person\\\/7175eec4b3c123d86c675313c3a01a0b\"},\"headline\":\"Filibusterismo pol\u00edtico\",\"datePublished\":\"2024-07-19T16:59:00+00:00\",\"dateModified\":\"2025-04-19T17:00:05+00:00\",\"mainEntityOfPage\":{\"@id\":\"https:\\\/\\\/saltoecologico.es\\\/index.php\\\/2024\\\/07\\\/19\\\/filibusterismo-politico\\\/\"},\"wordCount\":721,\"commentCount\":0,\"publisher\":{\"@id\":\"https:\\\/\\\/saltoecologico.es\\\/#organization\"},\"image\":{\"@id\":\"https:\\\/\\\/saltoecologico.es\\\/index.php\\\/2024\\\/07\\\/19\\\/filibusterismo-politico\\\/#primaryimage\"},\"thumbnailUrl\":\"https:\\\/\\\/saltoecologico.es\\\/wp-content\\\/uploads\\\/2025\\\/04\\\/Fosiles31.jpg\",\"articleSection\":[\"F\u00f3siles\"],\"inLanguage\":\"es\",\"potentialAction\":[{\"@type\":\"CommentAction\",\"name\":\"Comment\",\"target\":[\"https:\\\/\\\/saltoecologico.es\\\/index.php\\\/2024\\\/07\\\/19\\\/filibusterismo-politico\\\/#respond\"]}]},{\"@type\":\"WebPage\",\"@id\":\"https:\\\/\\\/saltoecologico.es\\\/index.php\\\/2024\\\/07\\\/19\\\/filibusterismo-politico\\\/\",\"url\":\"https:\\\/\\\/saltoecologico.es\\\/index.php\\\/2024\\\/07\\\/19\\\/filibusterismo-politico\\\/\",\"name\":\"Filibusterismo pol\u00edtico - Salto Ecol\u00f3gico\",\"isPartOf\":{\"@id\":\"https:\\\/\\\/saltoecologico.es\\\/#website\"},\"primaryImageOfPage\":{\"@id\":\"https:\\\/\\\/saltoecologico.es\\\/index.php\\\/2024\\\/07\\\/19\\\/filibusterismo-politico\\\/#primaryimage\"},\"image\":{\"@id\":\"https:\\\/\\\/saltoecologico.es\\\/index.php\\\/2024\\\/07\\\/19\\\/filibusterismo-politico\\\/#primaryimage\"},\"thumbnailUrl\":\"https:\\\/\\\/saltoecologico.es\\\/wp-content\\\/uploads\\\/2025\\\/04\\\/Fosiles31.jpg\",\"datePublished\":\"2024-07-19T16:59:00+00:00\",\"dateModified\":\"2025-04-19T17:00:05+00:00\",\"breadcrumb\":{\"@id\":\"https:\\\/\\\/saltoecologico.es\\\/index.php\\\/2024\\\/07\\\/19\\\/filibusterismo-politico\\\/#breadcrumb\"},\"inLanguage\":\"es\",\"potentialAction\":[{\"@type\":\"ReadAction\",\"target\":[\"https:\\\/\\\/saltoecologico.es\\\/index.php\\\/2024\\\/07\\\/19\\\/filibusterismo-politico\\\/\"]}]},{\"@type\":\"ImageObject\",\"inLanguage\":\"es\",\"@id\":\"https:\\\/\\\/saltoecologico.es\\\/index.php\\\/2024\\\/07\\\/19\\\/filibusterismo-politico\\\/#primaryimage\",\"url\":\"https:\\\/\\\/saltoecologico.es\\\/wp-content\\\/uploads\\\/2025\\\/04\\\/Fosiles31.jpg\",\"contentUrl\":\"https:\\\/\\\/saltoecologico.es\\\/wp-content\\\/uploads\\\/2025\\\/04\\\/Fosiles31.jpg\",\"width\":1024,\"height\":683,\"caption\":\"photo of smoke from chimneys in Moscow\"},{\"@type\":\"BreadcrumbList\",\"@id\":\"https:\\\/\\\/saltoecologico.es\\\/index.php\\\/2024\\\/07\\\/19\\\/filibusterismo-politico\\\/#breadcrumb\",\"itemListElement\":[{\"@type\":\"ListItem\",\"position\":1,\"name\":\"Portada\",\"item\":\"https:\\\/\\\/saltoecologico.es\\\/\"},{\"@type\":\"ListItem\",\"position\":2,\"name\":\"Filibusterismo pol\u00edtico\"}]},{\"@type\":\"WebSite\",\"@id\":\"https:\\\/\\\/saltoecologico.es\\\/#website\",\"url\":\"https:\\\/\\\/saltoecologico.es\\\/\",\"name\":\"Salto Ecol\u00f3gico\",\"description\":\"\",\"publisher\":{\"@id\":\"https:\\\/\\\/saltoecologico.es\\\/#organization\"},\"potentialAction\":[{\"@type\":\"SearchAction\",\"target\":{\"@type\":\"EntryPoint\",\"urlTemplate\":\"https:\\\/\\\/saltoecologico.es\\\/?s={search_term_string}\"},\"query-input\":{\"@type\":\"PropertyValueSpecification\",\"valueRequired\":true,\"valueName\":\"search_term_string\"}}],\"inLanguage\":\"es\"},{\"@type\":\"Organization\",\"@id\":\"https:\\\/\\\/saltoecologico.es\\\/#organization\",\"name\":\"Salto a la Transici\u00f3n Ecol\u00f3gica\",\"url\":\"https:\\\/\\\/saltoecologico.es\\\/\",\"logo\":{\"@type\":\"ImageObject\",\"inLanguage\":\"es\",\"@id\":\"https:\\\/\\\/saltoecologico.es\\\/#\\\/schema\\\/logo\\\/image\\\/\",\"url\":\"https:\\\/\\\/saltoecologico.es\\\/wp-content\\\/uploads\\\/2025\\\/04\\\/Logo-STE.jpg\",\"contentUrl\":\"https:\\\/\\\/saltoecologico.es\\\/wp-content\\\/uploads\\\/2025\\\/04\\\/Logo-STE.jpg\",\"width\":435,\"height\":435,\"caption\":\"Salto a la Transici\u00f3n Ecol\u00f3gica\"},\"image\":{\"@id\":\"https:\\\/\\\/saltoecologico.es\\\/#\\\/schema\\\/logo\\\/image\\\/\"},\"sameAs\":[\"https:\\\/\\\/www.facebook.com\\\/Saltotransicionecologica\"]},{\"@type\":\"Person\",\"@id\":\"https:\\\/\\\/saltoecologico.es\\\/#\\\/schema\\\/person\\\/7175eec4b3c123d86c675313c3a01a0b\",\"name\":\"admin\",\"image\":{\"@type\":\"ImageObject\",\"inLanguage\":\"es\",\"@id\":\"https:\\\/\\\/secure.gravatar.com\\\/avatar\\\/4c215dc57bbc7b2f2f470ac9bd197f3f112636a584e575a732d0206a2d9c9806?s=96&d=mm&r=g\",\"url\":\"https:\\\/\\\/secure.gravatar.com\\\/avatar\\\/4c215dc57bbc7b2f2f470ac9bd197f3f112636a584e575a732d0206a2d9c9806?s=96&d=mm&r=g\",\"contentUrl\":\"https:\\\/\\\/secure.gravatar.com\\\/avatar\\\/4c215dc57bbc7b2f2f470ac9bd197f3f112636a584e575a732d0206a2d9c9806?s=96&d=mm&r=g\",\"caption\":\"admin\"},\"sameAs\":[\"https:\\\/\\\/saltoecologico.es\"],\"url\":\"https:\\\/\\\/saltoecologico.es\\\/index.php\\\/author\\\/saltoecologico\\\/\"}]}<\/script>\n<!-- \/ Yoast SEO plugin. -->","yoast_head_json":{"title":"Filibusterismo pol\u00edtico - Salto Ecol\u00f3gico","robots":{"index":"index","follow":"follow","max-snippet":"max-snippet:-1","max-image-preview":"max-image-preview:large","max-video-preview":"max-video-preview:-1"},"canonical":"https:\/\/saltoecologico.es\/index.php\/2024\/07\/19\/filibusterismo-politico\/","og_locale":"es_ES","og_type":"article","og_title":"Filibusterismo pol\u00edtico - Salto Ecol\u00f3gico","og_description":"Recientemente hemos conocido que, en una entrevista concedida a la Radio Canaria, el Consejero Transici\u00f3n Ecol\u00f3gica y Energ\u00eda Mariano H. Zapata ha explicado que desde el Gobierno se trata de negociar con Red El\u00e9ctrica, la salida de la Central T\u00e9rmica del barrio del Charco, en Puerto del Rosario. Esto que en un principio podr\u00eda parecer [&hellip;]","og_url":"https:\/\/saltoecologico.es\/index.php\/2024\/07\/19\/filibusterismo-politico\/","og_site_name":"Salto Ecol\u00f3gico","article_publisher":"https:\/\/www.facebook.com\/Saltotransicionecologica","article_published_time":"2024-07-19T16:59:00+00:00","article_modified_time":"2025-04-19T17:00:05+00:00","og_image":[{"width":1024,"height":683,"url":"https:\/\/saltoecologico.es\/wp-content\/uploads\/2025\/04\/Fosiles31.jpg","type":"image\/jpeg"}],"author":"admin","twitter_card":"summary_large_image","twitter_misc":{"Escrito por":"admin","Tiempo de lectura":"4 minutos"},"schema":{"@context":"https:\/\/schema.org","@graph":[{"@type":"Article","@id":"https:\/\/saltoecologico.es\/index.php\/2024\/07\/19\/filibusterismo-politico\/#article","isPartOf":{"@id":"https:\/\/saltoecologico.es\/index.php\/2024\/07\/19\/filibusterismo-politico\/"},"author":{"name":"admin","@id":"https:\/\/saltoecologico.es\/#\/schema\/person\/7175eec4b3c123d86c675313c3a01a0b"},"headline":"Filibusterismo pol\u00edtico","datePublished":"2024-07-19T16:59:00+00:00","dateModified":"2025-04-19T17:00:05+00:00","mainEntityOfPage":{"@id":"https:\/\/saltoecologico.es\/index.php\/2024\/07\/19\/filibusterismo-politico\/"},"wordCount":721,"commentCount":0,"publisher":{"@id":"https:\/\/saltoecologico.es\/#organization"},"image":{"@id":"https:\/\/saltoecologico.es\/index.php\/2024\/07\/19\/filibusterismo-politico\/#primaryimage"},"thumbnailUrl":"https:\/\/saltoecologico.es\/wp-content\/uploads\/2025\/04\/Fosiles31.jpg","articleSection":["F\u00f3siles"],"inLanguage":"es","potentialAction":[{"@type":"CommentAction","name":"Comment","target":["https:\/\/saltoecologico.es\/index.php\/2024\/07\/19\/filibusterismo-politico\/#respond"]}]},{"@type":"WebPage","@id":"https:\/\/saltoecologico.es\/index.php\/2024\/07\/19\/filibusterismo-politico\/","url":"https:\/\/saltoecologico.es\/index.php\/2024\/07\/19\/filibusterismo-politico\/","name":"Filibusterismo pol\u00edtico - Salto Ecol\u00f3gico","isPartOf":{"@id":"https:\/\/saltoecologico.es\/#website"},"primaryImageOfPage":{"@id":"https:\/\/saltoecologico.es\/index.php\/2024\/07\/19\/filibusterismo-politico\/#primaryimage"},"image":{"@id":"https:\/\/saltoecologico.es\/index.php\/2024\/07\/19\/filibusterismo-politico\/#primaryimage"},"thumbnailUrl":"https:\/\/saltoecologico.es\/wp-content\/uploads\/2025\/04\/Fosiles31.jpg","datePublished":"2024-07-19T16:59:00+00:00","dateModified":"2025-04-19T17:00:05+00:00","breadcrumb":{"@id":"https:\/\/saltoecologico.es\/index.php\/2024\/07\/19\/filibusterismo-politico\/#breadcrumb"},"inLanguage":"es","potentialAction":[{"@type":"ReadAction","target":["https:\/\/saltoecologico.es\/index.php\/2024\/07\/19\/filibusterismo-politico\/"]}]},{"@type":"ImageObject","inLanguage":"es","@id":"https:\/\/saltoecologico.es\/index.php\/2024\/07\/19\/filibusterismo-politico\/#primaryimage","url":"https:\/\/saltoecologico.es\/wp-content\/uploads\/2025\/04\/Fosiles31.jpg","contentUrl":"https:\/\/saltoecologico.es\/wp-content\/uploads\/2025\/04\/Fosiles31.jpg","width":1024,"height":683,"caption":"photo of smoke from chimneys in Moscow"},{"@type":"BreadcrumbList","@id":"https:\/\/saltoecologico.es\/index.php\/2024\/07\/19\/filibusterismo-politico\/#breadcrumb","itemListElement":[{"@type":"ListItem","position":1,"name":"Portada","item":"https:\/\/saltoecologico.es\/"},{"@type":"ListItem","position":2,"name":"Filibusterismo pol\u00edtico"}]},{"@type":"WebSite","@id":"https:\/\/saltoecologico.es\/#website","url":"https:\/\/saltoecologico.es\/","name":"Salto Ecol\u00f3gico","description":"","publisher":{"@id":"https:\/\/saltoecologico.es\/#organization"},"potentialAction":[{"@type":"SearchAction","target":{"@type":"EntryPoint","urlTemplate":"https:\/\/saltoecologico.es\/?s={search_term_string}"},"query-input":{"@type":"PropertyValueSpecification","valueRequired":true,"valueName":"search_term_string"}}],"inLanguage":"es"},{"@type":"Organization","@id":"https:\/\/saltoecologico.es\/#organization","name":"Salto a la Transici\u00f3n Ecol\u00f3gica","url":"https:\/\/saltoecologico.es\/","logo":{"@type":"ImageObject","inLanguage":"es","@id":"https:\/\/saltoecologico.es\/#\/schema\/logo\/image\/","url":"https:\/\/saltoecologico.es\/wp-content\/uploads\/2025\/04\/Logo-STE.jpg","contentUrl":"https:\/\/saltoecologico.es\/wp-content\/uploads\/2025\/04\/Logo-STE.jpg","width":435,"height":435,"caption":"Salto a la Transici\u00f3n Ecol\u00f3gica"},"image":{"@id":"https:\/\/saltoecologico.es\/#\/schema\/logo\/image\/"},"sameAs":["https:\/\/www.facebook.com\/Saltotransicionecologica"]},{"@type":"Person","@id":"https:\/\/saltoecologico.es\/#\/schema\/person\/7175eec4b3c123d86c675313c3a01a0b","name":"admin","image":{"@type":"ImageObject","inLanguage":"es","@id":"https:\/\/secure.gravatar.com\/avatar\/4c215dc57bbc7b2f2f470ac9bd197f3f112636a584e575a732d0206a2d9c9806?s=96&d=mm&r=g","url":"https:\/\/secure.gravatar.com\/avatar\/4c215dc57bbc7b2f2f470ac9bd197f3f112636a584e575a732d0206a2d9c9806?s=96&d=mm&r=g","contentUrl":"https:\/\/secure.gravatar.com\/avatar\/4c215dc57bbc7b2f2f470ac9bd197f3f112636a584e575a732d0206a2d9c9806?s=96&d=mm&r=g","caption":"admin"},"sameAs":["https:\/\/saltoecologico.es"],"url":"https:\/\/saltoecologico.es\/index.php\/author\/saltoecologico\/"}]}},"_links":{"self":[{"href":"https:\/\/saltoecologico.es\/index.php\/wp-json\/wp\/v2\/posts\/745","targetHints":{"allow":["GET"]}}],"collection":[{"href":"https:\/\/saltoecologico.es\/index.php\/wp-json\/wp\/v2\/posts"}],"about":[{"href":"https:\/\/saltoecologico.es\/index.php\/wp-json\/wp\/v2\/types\/post"}],"author":[{"embeddable":true,"href":"https:\/\/saltoecologico.es\/index.php\/wp-json\/wp\/v2\/users\/1"}],"replies":[{"embeddable":true,"href":"https:\/\/saltoecologico.es\/index.php\/wp-json\/wp\/v2\/comments?post=745"}],"version-history":[{"count":1,"href":"https:\/\/saltoecologico.es\/index.php\/wp-json\/wp\/v2\/posts\/745\/revisions"}],"predecessor-version":[{"id":747,"href":"https:\/\/saltoecologico.es\/index.php\/wp-json\/wp\/v2\/posts\/745\/revisions\/747"}],"wp:featuredmedia":[{"embeddable":true,"href":"https:\/\/saltoecologico.es\/index.php\/wp-json\/wp\/v2\/media\/746"}],"wp:attachment":[{"href":"https:\/\/saltoecologico.es\/index.php\/wp-json\/wp\/v2\/media?parent=745"}],"wp:term":[{"taxonomy":"category","embeddable":true,"href":"https:\/\/saltoecologico.es\/index.php\/wp-json\/wp\/v2\/categories?post=745"},{"taxonomy":"post_tag","embeddable":true,"href":"https:\/\/saltoecologico.es\/index.php\/wp-json\/wp\/v2\/tags?post=745"}],"curies":[{"name":"wp","href":"https:\/\/api.w.org\/{rel}","templated":true}]}}