{"id":748,"date":"2024-07-20T17:02:00","date_gmt":"2024-07-20T17:02:00","guid":{"rendered":"https:\/\/saltoecologico.es\/?p=748"},"modified":"2025-04-19T17:02:55","modified_gmt":"2025-04-19T17:02:55","slug":"el-gran-olvidado","status":"publish","type":"post","link":"https:\/\/saltoecologico.es\/index.php\/2024\/07\/20\/el-gran-olvidado\/","title":{"rendered":"El gran olvidado"},"content":{"rendered":"\n<p class=\"wp-block-paragraph\">Todas las declaraciones que hemos o\u00eddo al gobierno actual en cuanto a transici\u00f3n ecol\u00f3gica est\u00e1n referenciadas al sistema el\u00e9ctrico y pareciera que con hacer renovable este \u00e1mbito, ya conseguiremos eliminar la emisi\u00f3n de gases de efecto invernadero en las islas. Al hilo de esta reflexi\u00f3n, nos gustar\u00eda recordar que, seg\u00fan los \u00faltimos datos publicados de emisiones en el archipi\u00e9lago, estas ascienden a la friolera de 12.698 Gg CO<sub>2-eq<\/sub>, de las cuales 4.572 Gg CO<sub>2-eq <\/sub>corresponden a las centrales t\u00e9rmicas de las islas, lo que supone el 36% del total. Nadie duda de que hay que eliminar esta lacra, pero es que hay que hacer lo mismo con el 64% restante, que tambi\u00e9n son emisiones da\u00f1inas y que tambi\u00e9n contribuyen al cambio clim\u00e1tico antropog\u00e9nico.<\/p>\n\n\n\n<p class=\"wp-block-paragraph\">Electrificar la econom\u00eda, partiendo de un sistema el\u00e9ctrico 100% renovable, est\u00e1 muy bien, pero no es suficiente, necesitamos algo m\u00e1s y ese algo m\u00e1s pasa necesariamente por ser un vector energ\u00e9tico que sea capaz de proveernos de los medios necesarios para proporcionarnos la energ\u00eda que necesitan sectores que no puede suministrar la electricidad.<\/p>\n\n\n\n<p class=\"wp-block-paragraph\">Necesitamos combustibles para el transporte terrestre, mar\u00edtimo y a\u00e9reo que sean respetuosos con el medio ambiente. Necesitamos pilas de combustibles que sean capaces de proporcionarnos la energ\u00eda necesaria en los procesos de calor y frio y que no da\u00f1en al medio. Necesitamos electrificar zonas alejadas y distantes donde la red el\u00e9ctrica sea muy dif\u00edcil de hacer llegar. Necesitamos tecnolog\u00edas de respaldo para esos sistemas el\u00e9ctricos 100% renovables que mantengan las caracter\u00edsticas de energ\u00edas no contaminantes. Necesitamos tecnolog\u00edas de almacenamiento energ\u00e9tico de segunda hornada que complementen a las centrales hidroel\u00e9ctricas reversibles. Necesitamos, en definitiva, la piedra filosofal que nos de la luz en este t\u00fanel de emisiones contaminantes y da\u00f1inas para el planeta, m\u00e1s all\u00e1 de las tecnolog\u00edas renovables procedentes del sol y del viento.<\/p>\n\n\n\n<p class=\"wp-block-paragraph\">Hoy por hoy, con la tecnolog\u00eda existente, solo podemos vislumbrar una soluci\u00f3n a nuestros problemas y se llama hidr\u00f3geno verde. Efectivamente, el hidr\u00f3geno verde es un compuesto que se obtiene mediante la hidr\u00f3lisis del agua siempre y cuando el aporte el\u00e9ctrico provenga de energ\u00edas renovables. El mismo puede ser usado como combustible, pero tambi\u00e9n, haci\u00e9ndolo reaccionar con CO2 capturado de la atmosfera, se pueden conseguir combustibles sint\u00e9ticos, con balances neutros en emisiones, tales como el amoniaco sint\u00e9tico, como combustible para los barcos, el queroseno sint\u00e9tico, como combustible para los aviones, gasoil y gasolinas sint\u00e9ticas para el transporte terrestre, metano sint\u00e9tico para alimentar grupos t\u00e9rmicos, pilas de combustibles para alimentar zonas alejadas o procesos de frio y calor, etc.<\/p>\n\n\n\n<p class=\"wp-block-paragraph\">Sabemos que la utilizaci\u00f3n del hidr\u00f3geno verde en nuestras econom\u00edas es un proceso en ciernes, pero tambi\u00e9n sabemos que es un proceso por el que se est\u00e1n realizando apuestas muy decididas. As\u00ed, por ejemplo, tenemos en estos d\u00edas el anuncio del presidente del Gobierno, Pedro S\u00e1nchez, que ha dado a conocer en el Congreso cuatro programas de ayudas de 2.300 millones de euros para \u201cpara acelerar la transici\u00f3n energ\u00e9tica en \u00e1mbitos como el hidr\u00f3geno verde, la cadena de valor de las energ\u00edas renovables, un nuevo impulso a las comunidades energ\u00e9ticas y un nuevo programa de apoyo a las renovables en la agricultura, las infraestructuras, y los barrios y pueblos\u201d. Algo m\u00e1s de la mitad del dinero (1.200 millones) ir\u00e1 a parar a proyectos de producci\u00f3n y consumo de hidr\u00f3geno renovable en cl\u00fasteres o valles de hidr\u00f3geno renovable.<\/p>\n\n\n\n<p class=\"wp-block-paragraph\">Por esta raz\u00f3n llama poderosamente la atenci\u00f3n que el gobierno de Canarias no de pasos en este sentido, bien con proyectos nuevos o bien apoyando los pocos que existen como pueda ser el caso del que esta desarrollando el Instituto Tecnol\u00f3gico de Canarias. Eso s\u00ed, en un ejercicio de cinismo pol\u00edtico, se permiten bonificar en la petici\u00f3n de grupos de emergencia con el planteamiento siguiente: \u201cSe valorar\u00e1 el uso de combustibles con un menor impacto contaminante para el medio ambiente y la salud de las personas\u201d. Pero es que adem\u00e1s en el proceso de concurrencia competitiva se puede leer: \u201cEn el territorio no peninsular de Canarias, para las solicitudes de nuevos grupos de generaci\u00f3n, o nuevas inversiones que culminen con la inscripci\u00f3n de un nuevo grupo en el registro administrativo de instalaciones de producci\u00f3n de energ\u00eda el\u00e9ctrica, se considerar\u00e1 como criterio necesario la capacidad de poder emplear un porcentaje m\u00ednimo del 5% de combustibles de origen renovable desde su entrada en operaci\u00f3n\u201d, para acto seguido a\u00f1adir: \u201csiempre que exista disponibilidad local de combustible renovable en dicho territorio no peninsular\u201d.<\/p>\n\n\n\n<p class=\"wp-block-paragraph\">Est\u00e1 claro que, en los diferentes \u00e1mbitos de la vida, la voluntad, es vital y en el \u00e1mbito pol\u00edtico a\u00fan m\u00e1s si cabe. Es por eso por lo que, al menos nosotros, no terminamos de percibir esa voluntad decidida de llevar a buen puerto la lucha contra las emisiones contaminantes. Primero por ver lo que cuesta comprometerse con el 2040 como fecha l\u00edmite para culminar el proceso y segundo por no atender adecuadamente el \u00e1mbito del hidr\u00f3geno verde, que se nos antoja como algo troncal en ese proceso.<\/p>\n","protected":false},"excerpt":{"rendered":"<p>Todas las declaraciones que hemos o\u00eddo al gobierno actual en cuanto a transici\u00f3n ecol\u00f3gica est\u00e1n referenciadas al sistema el\u00e9ctrico y pareciera que con hacer renovable este \u00e1mbito, ya conseguiremos eliminar la emisi\u00f3n de gases de efecto invernadero en las islas. Al hilo de esta reflexi\u00f3n, nos gustar\u00eda recordar que, seg\u00fan los \u00faltimos datos publicados de [&hellip;]<\/p>\n","protected":false},"author":1,"featured_media":364,"comment_status":"open","ping_status":"open","sticky":false,"template":"","format":"standard","meta":{"footnotes":""},"categories":[53,39],"tags":[],"class_list":["post-748","post","type-post","status-publish","format-standard","has-post-thumbnail","category-r_hidrogeno","category-renovables"],"yoast_head":"<!-- This site is optimized with the Yoast SEO plugin v28.2 - https:\/\/yoast.com\/product\/yoast-seo-wordpress\/ -->\n<title>El gran olvidado - Salto Ecol\u00f3gico<\/title>\n<meta name=\"robots\" content=\"index, follow, max-snippet:-1, max-image-preview:large, max-video-preview:-1\" \/>\n<link rel=\"canonical\" href=\"https:\/\/saltoecologico.es\/index.php\/2024\/07\/20\/el-gran-olvidado\/\" \/>\n<meta property=\"og:locale\" content=\"es_ES\" \/>\n<meta property=\"og:type\" content=\"article\" \/>\n<meta property=\"og:title\" content=\"El gran olvidado - Salto Ecol\u00f3gico\" \/>\n<meta property=\"og:description\" content=\"Todas las declaraciones que hemos o\u00eddo al gobierno actual en cuanto a transici\u00f3n ecol\u00f3gica est\u00e1n referenciadas al sistema el\u00e9ctrico y pareciera que con hacer renovable este \u00e1mbito, ya conseguiremos eliminar la emisi\u00f3n de gases de efecto invernadero en las islas. Al hilo de esta reflexi\u00f3n, nos gustar\u00eda recordar que, seg\u00fan los \u00faltimos datos publicados de [&hellip;]\" \/>\n<meta property=\"og:url\" content=\"https:\/\/saltoecologico.es\/index.php\/2024\/07\/20\/el-gran-olvidado\/\" \/>\n<meta property=\"og:site_name\" content=\"Salto Ecol\u00f3gico\" \/>\n<meta property=\"article:publisher\" content=\"https:\/\/www.facebook.com\/Saltotransicionecologica\" \/>\n<meta property=\"article:published_time\" content=\"2024-07-20T17:02:00+00:00\" \/>\n<meta property=\"article:modified_time\" content=\"2025-04-19T17:02:55+00:00\" \/>\n<meta property=\"og:image\" content=\"https:\/\/saltoecologico.es\/wp-content\/uploads\/2022\/05\/Slide-1-800x597-1.jpg\" \/>\n\t<meta property=\"og:image:width\" content=\"800\" \/>\n\t<meta property=\"og:image:height\" content=\"597\" \/>\n\t<meta property=\"og:image:type\" content=\"image\/jpeg\" \/>\n<meta name=\"author\" content=\"admin\" \/>\n<meta name=\"twitter:card\" content=\"summary_large_image\" \/>\n<meta name=\"twitter:label1\" content=\"Escrito por\" \/>\n\t<meta name=\"twitter:data1\" content=\"admin\" \/>\n\t<meta name=\"twitter:label2\" content=\"Tiempo de lectura\" \/>\n\t<meta name=\"twitter:data2\" content=\"4 minutos\" \/>\n<script type=\"application\/ld+json\" class=\"yoast-schema-graph\">{\"@context\":\"https:\\\/\\\/schema.org\",\"@graph\":[{\"@type\":\"Article\",\"@id\":\"https:\\\/\\\/saltoecologico.es\\\/index.php\\\/2024\\\/07\\\/20\\\/el-gran-olvidado\\\/#article\",\"isPartOf\":{\"@id\":\"https:\\\/\\\/saltoecologico.es\\\/index.php\\\/2024\\\/07\\\/20\\\/el-gran-olvidado\\\/\"},\"author\":{\"name\":\"admin\",\"@id\":\"https:\\\/\\\/saltoecologico.es\\\/#\\\/schema\\\/person\\\/7175eec4b3c123d86c675313c3a01a0b\"},\"headline\":\"El gran olvidado\",\"datePublished\":\"2024-07-20T17:02:00+00:00\",\"dateModified\":\"2025-04-19T17:02:55+00:00\",\"mainEntityOfPage\":{\"@id\":\"https:\\\/\\\/saltoecologico.es\\\/index.php\\\/2024\\\/07\\\/20\\\/el-gran-olvidado\\\/\"},\"wordCount\":907,\"commentCount\":0,\"publisher\":{\"@id\":\"https:\\\/\\\/saltoecologico.es\\\/#organization\"},\"image\":{\"@id\":\"https:\\\/\\\/saltoecologico.es\\\/index.php\\\/2024\\\/07\\\/20\\\/el-gran-olvidado\\\/#primaryimage\"},\"thumbnailUrl\":\"https:\\\/\\\/saltoecologico.es\\\/wp-content\\\/uploads\\\/2022\\\/05\\\/Slide-1-800x597-1.jpg\",\"articleSection\":[\"R_Hidr\u00f3geno\",\"Renovables\"],\"inLanguage\":\"es\",\"potentialAction\":[{\"@type\":\"CommentAction\",\"name\":\"Comment\",\"target\":[\"https:\\\/\\\/saltoecologico.es\\\/index.php\\\/2024\\\/07\\\/20\\\/el-gran-olvidado\\\/#respond\"]}]},{\"@type\":\"WebPage\",\"@id\":\"https:\\\/\\\/saltoecologico.es\\\/index.php\\\/2024\\\/07\\\/20\\\/el-gran-olvidado\\\/\",\"url\":\"https:\\\/\\\/saltoecologico.es\\\/index.php\\\/2024\\\/07\\\/20\\\/el-gran-olvidado\\\/\",\"name\":\"El gran olvidado - Salto Ecol\u00f3gico\",\"isPartOf\":{\"@id\":\"https:\\\/\\\/saltoecologico.es\\\/#website\"},\"primaryImageOfPage\":{\"@id\":\"https:\\\/\\\/saltoecologico.es\\\/index.php\\\/2024\\\/07\\\/20\\\/el-gran-olvidado\\\/#primaryimage\"},\"image\":{\"@id\":\"https:\\\/\\\/saltoecologico.es\\\/index.php\\\/2024\\\/07\\\/20\\\/el-gran-olvidado\\\/#primaryimage\"},\"thumbnailUrl\":\"https:\\\/\\\/saltoecologico.es\\\/wp-content\\\/uploads\\\/2022\\\/05\\\/Slide-1-800x597-1.jpg\",\"datePublished\":\"2024-07-20T17:02:00+00:00\",\"dateModified\":\"2025-04-19T17:02:55+00:00\",\"breadcrumb\":{\"@id\":\"https:\\\/\\\/saltoecologico.es\\\/index.php\\\/2024\\\/07\\\/20\\\/el-gran-olvidado\\\/#breadcrumb\"},\"inLanguage\":\"es\",\"potentialAction\":[{\"@type\":\"ReadAction\",\"target\":[\"https:\\\/\\\/saltoecologico.es\\\/index.php\\\/2024\\\/07\\\/20\\\/el-gran-olvidado\\\/\"]}]},{\"@type\":\"ImageObject\",\"inLanguage\":\"es\",\"@id\":\"https:\\\/\\\/saltoecologico.es\\\/index.php\\\/2024\\\/07\\\/20\\\/el-gran-olvidado\\\/#primaryimage\",\"url\":\"https:\\\/\\\/saltoecologico.es\\\/wp-content\\\/uploads\\\/2022\\\/05\\\/Slide-1-800x597-1.jpg\",\"contentUrl\":\"https:\\\/\\\/saltoecologico.es\\\/wp-content\\\/uploads\\\/2022\\\/05\\\/Slide-1-800x597-1.jpg\",\"width\":800,\"height\":597,\"caption\":\"Hydrogen H2 Renewable alternative green eco energy concept Modern technology Ecological future Sustainable Clean energy storage system. 3d render (Hydrogen H2 Renewable alternative green eco energy concept Modern technology Ecological future Sustainab\"},{\"@type\":\"BreadcrumbList\",\"@id\":\"https:\\\/\\\/saltoecologico.es\\\/index.php\\\/2024\\\/07\\\/20\\\/el-gran-olvidado\\\/#breadcrumb\",\"itemListElement\":[{\"@type\":\"ListItem\",\"position\":1,\"name\":\"Portada\",\"item\":\"https:\\\/\\\/saltoecologico.es\\\/\"},{\"@type\":\"ListItem\",\"position\":2,\"name\":\"El gran olvidado\"}]},{\"@type\":\"WebSite\",\"@id\":\"https:\\\/\\\/saltoecologico.es\\\/#website\",\"url\":\"https:\\\/\\\/saltoecologico.es\\\/\",\"name\":\"Salto Ecol\u00f3gico\",\"description\":\"\",\"publisher\":{\"@id\":\"https:\\\/\\\/saltoecologico.es\\\/#organization\"},\"potentialAction\":[{\"@type\":\"SearchAction\",\"target\":{\"@type\":\"EntryPoint\",\"urlTemplate\":\"https:\\\/\\\/saltoecologico.es\\\/?s={search_term_string}\"},\"query-input\":{\"@type\":\"PropertyValueSpecification\",\"valueRequired\":true,\"valueName\":\"search_term_string\"}}],\"inLanguage\":\"es\"},{\"@type\":\"Organization\",\"@id\":\"https:\\\/\\\/saltoecologico.es\\\/#organization\",\"name\":\"Salto a la Transici\u00f3n Ecol\u00f3gica\",\"url\":\"https:\\\/\\\/saltoecologico.es\\\/\",\"logo\":{\"@type\":\"ImageObject\",\"inLanguage\":\"es\",\"@id\":\"https:\\\/\\\/saltoecologico.es\\\/#\\\/schema\\\/logo\\\/image\\\/\",\"url\":\"https:\\\/\\\/saltoecologico.es\\\/wp-content\\\/uploads\\\/2025\\\/04\\\/Logo-STE.jpg\",\"contentUrl\":\"https:\\\/\\\/saltoecologico.es\\\/wp-content\\\/uploads\\\/2025\\\/04\\\/Logo-STE.jpg\",\"width\":435,\"height\":435,\"caption\":\"Salto a la Transici\u00f3n Ecol\u00f3gica\"},\"image\":{\"@id\":\"https:\\\/\\\/saltoecologico.es\\\/#\\\/schema\\\/logo\\\/image\\\/\"},\"sameAs\":[\"https:\\\/\\\/www.facebook.com\\\/Saltotransicionecologica\"]},{\"@type\":\"Person\",\"@id\":\"https:\\\/\\\/saltoecologico.es\\\/#\\\/schema\\\/person\\\/7175eec4b3c123d86c675313c3a01a0b\",\"name\":\"admin\",\"image\":{\"@type\":\"ImageObject\",\"inLanguage\":\"es\",\"@id\":\"https:\\\/\\\/secure.gravatar.com\\\/avatar\\\/4c215dc57bbc7b2f2f470ac9bd197f3f112636a584e575a732d0206a2d9c9806?s=96&d=mm&r=g\",\"url\":\"https:\\\/\\\/secure.gravatar.com\\\/avatar\\\/4c215dc57bbc7b2f2f470ac9bd197f3f112636a584e575a732d0206a2d9c9806?s=96&d=mm&r=g\",\"contentUrl\":\"https:\\\/\\\/secure.gravatar.com\\\/avatar\\\/4c215dc57bbc7b2f2f470ac9bd197f3f112636a584e575a732d0206a2d9c9806?s=96&d=mm&r=g\",\"caption\":\"admin\"},\"sameAs\":[\"https:\\\/\\\/saltoecologico.es\"],\"url\":\"https:\\\/\\\/saltoecologico.es\\\/index.php\\\/author\\\/saltoecologico\\\/\"}]}<\/script>\n<!-- \/ Yoast SEO plugin. -->","yoast_head_json":{"title":"El gran olvidado - Salto Ecol\u00f3gico","robots":{"index":"index","follow":"follow","max-snippet":"max-snippet:-1","max-image-preview":"max-image-preview:large","max-video-preview":"max-video-preview:-1"},"canonical":"https:\/\/saltoecologico.es\/index.php\/2024\/07\/20\/el-gran-olvidado\/","og_locale":"es_ES","og_type":"article","og_title":"El gran olvidado - Salto Ecol\u00f3gico","og_description":"Todas las declaraciones que hemos o\u00eddo al gobierno actual en cuanto a transici\u00f3n ecol\u00f3gica est\u00e1n referenciadas al sistema el\u00e9ctrico y pareciera que con hacer renovable este \u00e1mbito, ya conseguiremos eliminar la emisi\u00f3n de gases de efecto invernadero en las islas. Al hilo de esta reflexi\u00f3n, nos gustar\u00eda recordar que, seg\u00fan los \u00faltimos datos publicados de [&hellip;]","og_url":"https:\/\/saltoecologico.es\/index.php\/2024\/07\/20\/el-gran-olvidado\/","og_site_name":"Salto Ecol\u00f3gico","article_publisher":"https:\/\/www.facebook.com\/Saltotransicionecologica","article_published_time":"2024-07-20T17:02:00+00:00","article_modified_time":"2025-04-19T17:02:55+00:00","og_image":[{"width":800,"height":597,"url":"https:\/\/saltoecologico.es\/wp-content\/uploads\/2022\/05\/Slide-1-800x597-1.jpg","type":"image\/jpeg"}],"author":"admin","twitter_card":"summary_large_image","twitter_misc":{"Escrito por":"admin","Tiempo de lectura":"4 minutos"},"schema":{"@context":"https:\/\/schema.org","@graph":[{"@type":"Article","@id":"https:\/\/saltoecologico.es\/index.php\/2024\/07\/20\/el-gran-olvidado\/#article","isPartOf":{"@id":"https:\/\/saltoecologico.es\/index.php\/2024\/07\/20\/el-gran-olvidado\/"},"author":{"name":"admin","@id":"https:\/\/saltoecologico.es\/#\/schema\/person\/7175eec4b3c123d86c675313c3a01a0b"},"headline":"El gran olvidado","datePublished":"2024-07-20T17:02:00+00:00","dateModified":"2025-04-19T17:02:55+00:00","mainEntityOfPage":{"@id":"https:\/\/saltoecologico.es\/index.php\/2024\/07\/20\/el-gran-olvidado\/"},"wordCount":907,"commentCount":0,"publisher":{"@id":"https:\/\/saltoecologico.es\/#organization"},"image":{"@id":"https:\/\/saltoecologico.es\/index.php\/2024\/07\/20\/el-gran-olvidado\/#primaryimage"},"thumbnailUrl":"https:\/\/saltoecologico.es\/wp-content\/uploads\/2022\/05\/Slide-1-800x597-1.jpg","articleSection":["R_Hidr\u00f3geno","Renovables"],"inLanguage":"es","potentialAction":[{"@type":"CommentAction","name":"Comment","target":["https:\/\/saltoecologico.es\/index.php\/2024\/07\/20\/el-gran-olvidado\/#respond"]}]},{"@type":"WebPage","@id":"https:\/\/saltoecologico.es\/index.php\/2024\/07\/20\/el-gran-olvidado\/","url":"https:\/\/saltoecologico.es\/index.php\/2024\/07\/20\/el-gran-olvidado\/","name":"El gran olvidado - Salto Ecol\u00f3gico","isPartOf":{"@id":"https:\/\/saltoecologico.es\/#website"},"primaryImageOfPage":{"@id":"https:\/\/saltoecologico.es\/index.php\/2024\/07\/20\/el-gran-olvidado\/#primaryimage"},"image":{"@id":"https:\/\/saltoecologico.es\/index.php\/2024\/07\/20\/el-gran-olvidado\/#primaryimage"},"thumbnailUrl":"https:\/\/saltoecologico.es\/wp-content\/uploads\/2022\/05\/Slide-1-800x597-1.jpg","datePublished":"2024-07-20T17:02:00+00:00","dateModified":"2025-04-19T17:02:55+00:00","breadcrumb":{"@id":"https:\/\/saltoecologico.es\/index.php\/2024\/07\/20\/el-gran-olvidado\/#breadcrumb"},"inLanguage":"es","potentialAction":[{"@type":"ReadAction","target":["https:\/\/saltoecologico.es\/index.php\/2024\/07\/20\/el-gran-olvidado\/"]}]},{"@type":"ImageObject","inLanguage":"es","@id":"https:\/\/saltoecologico.es\/index.php\/2024\/07\/20\/el-gran-olvidado\/#primaryimage","url":"https:\/\/saltoecologico.es\/wp-content\/uploads\/2022\/05\/Slide-1-800x597-1.jpg","contentUrl":"https:\/\/saltoecologico.es\/wp-content\/uploads\/2022\/05\/Slide-1-800x597-1.jpg","width":800,"height":597,"caption":"Hydrogen H2 Renewable alternative green eco energy concept Modern technology Ecological future Sustainable Clean energy storage system. 3d render (Hydrogen H2 Renewable alternative green eco energy concept Modern technology Ecological future Sustainab"},{"@type":"BreadcrumbList","@id":"https:\/\/saltoecologico.es\/index.php\/2024\/07\/20\/el-gran-olvidado\/#breadcrumb","itemListElement":[{"@type":"ListItem","position":1,"name":"Portada","item":"https:\/\/saltoecologico.es\/"},{"@type":"ListItem","position":2,"name":"El gran olvidado"}]},{"@type":"WebSite","@id":"https:\/\/saltoecologico.es\/#website","url":"https:\/\/saltoecologico.es\/","name":"Salto Ecol\u00f3gico","description":"","publisher":{"@id":"https:\/\/saltoecologico.es\/#organization"},"potentialAction":[{"@type":"SearchAction","target":{"@type":"EntryPoint","urlTemplate":"https:\/\/saltoecologico.es\/?s={search_term_string}"},"query-input":{"@type":"PropertyValueSpecification","valueRequired":true,"valueName":"search_term_string"}}],"inLanguage":"es"},{"@type":"Organization","@id":"https:\/\/saltoecologico.es\/#organization","name":"Salto a la Transici\u00f3n Ecol\u00f3gica","url":"https:\/\/saltoecologico.es\/","logo":{"@type":"ImageObject","inLanguage":"es","@id":"https:\/\/saltoecologico.es\/#\/schema\/logo\/image\/","url":"https:\/\/saltoecologico.es\/wp-content\/uploads\/2025\/04\/Logo-STE.jpg","contentUrl":"https:\/\/saltoecologico.es\/wp-content\/uploads\/2025\/04\/Logo-STE.jpg","width":435,"height":435,"caption":"Salto a la Transici\u00f3n Ecol\u00f3gica"},"image":{"@id":"https:\/\/saltoecologico.es\/#\/schema\/logo\/image\/"},"sameAs":["https:\/\/www.facebook.com\/Saltotransicionecologica"]},{"@type":"Person","@id":"https:\/\/saltoecologico.es\/#\/schema\/person\/7175eec4b3c123d86c675313c3a01a0b","name":"admin","image":{"@type":"ImageObject","inLanguage":"es","@id":"https:\/\/secure.gravatar.com\/avatar\/4c215dc57bbc7b2f2f470ac9bd197f3f112636a584e575a732d0206a2d9c9806?s=96&d=mm&r=g","url":"https:\/\/secure.gravatar.com\/avatar\/4c215dc57bbc7b2f2f470ac9bd197f3f112636a584e575a732d0206a2d9c9806?s=96&d=mm&r=g","contentUrl":"https:\/\/secure.gravatar.com\/avatar\/4c215dc57bbc7b2f2f470ac9bd197f3f112636a584e575a732d0206a2d9c9806?s=96&d=mm&r=g","caption":"admin"},"sameAs":["https:\/\/saltoecologico.es"],"url":"https:\/\/saltoecologico.es\/index.php\/author\/saltoecologico\/"}]}},"_links":{"self":[{"href":"https:\/\/saltoecologico.es\/index.php\/wp-json\/wp\/v2\/posts\/748","targetHints":{"allow":["GET"]}}],"collection":[{"href":"https:\/\/saltoecologico.es\/index.php\/wp-json\/wp\/v2\/posts"}],"about":[{"href":"https:\/\/saltoecologico.es\/index.php\/wp-json\/wp\/v2\/types\/post"}],"author":[{"embeddable":true,"href":"https:\/\/saltoecologico.es\/index.php\/wp-json\/wp\/v2\/users\/1"}],"replies":[{"embeddable":true,"href":"https:\/\/saltoecologico.es\/index.php\/wp-json\/wp\/v2\/comments?post=748"}],"version-history":[{"count":1,"href":"https:\/\/saltoecologico.es\/index.php\/wp-json\/wp\/v2\/posts\/748\/revisions"}],"predecessor-version":[{"id":749,"href":"https:\/\/saltoecologico.es\/index.php\/wp-json\/wp\/v2\/posts\/748\/revisions\/749"}],"wp:featuredmedia":[{"embeddable":true,"href":"https:\/\/saltoecologico.es\/index.php\/wp-json\/wp\/v2\/media\/364"}],"wp:attachment":[{"href":"https:\/\/saltoecologico.es\/index.php\/wp-json\/wp\/v2\/media?parent=748"}],"wp:term":[{"taxonomy":"category","embeddable":true,"href":"https:\/\/saltoecologico.es\/index.php\/wp-json\/wp\/v2\/categories?post=748"},{"taxonomy":"post_tag","embeddable":true,"href":"https:\/\/saltoecologico.es\/index.php\/wp-json\/wp\/v2\/tags?post=748"}],"curies":[{"name":"wp","href":"https:\/\/api.w.org\/{rel}","templated":true}]}}