{"id":750,"date":"2024-07-28T17:04:00","date_gmt":"2024-07-28T17:04:00","guid":{"rendered":"https:\/\/saltoecologico.es\/?p=750"},"modified":"2025-04-19T17:04:50","modified_gmt":"2025-04-19T17:04:50","slug":"la-geotermica","status":"publish","type":"post","link":"https:\/\/saltoecologico.es\/index.php\/2024\/07\/28\/la-geotermica\/","title":{"rendered":"La Geot\u00e9rmica"},"content":{"rendered":"\n<p class=\"wp-block-paragraph\">Fuera de los entornos t\u00e9cnicos de la operaci\u00f3n de los sistemas el\u00e9ctricos no se termina de entender los conceptos fundamentales de la operativa de los mismos. No se termina de entender que la generaci\u00f3n y la demanda deban ir a la par, que la generaci\u00f3n e\u00f3lica y fotovoltaica contin\u00faen siendo generaciones no gestionables y por tanto el mix del 50% nos lleva a que, como mucho, en un momento determinado, no puede haber m\u00e1s del 50% del total de la generaci\u00f3n que sea no gestionable.<\/p>\n\n\n\n<p class=\"wp-block-paragraph\">Estas cuestiones y algunas otras hacen que, por ejemplo, no podamos conectar un pueblo a un parque e\u00f3lico o a un parque fotovoltaico sin m\u00e1s, porque la integridad de todos sus aparatos el\u00e9ctricos correr\u00eda serios peligro. Para ello es necesario hacerlas convivir con energ\u00edas gestionables, como por ejemplo los grupos t\u00e9rmicos de combustibles f\u00f3siles. Pero claro, con esto tenemos el problema del cambio clim\u00e1tico antropog\u00e9nico y todas sus consecuencias, por lo que es necesario buscar alternativas.<\/p>\n\n\n\n<p class=\"wp-block-paragraph\">Una de esas alternativas podr\u00eda ser perfectamente la manifestaci\u00f3n de la energ\u00eda calor\u00edfica que el interior de la tierra hace llegar a la corteza terrestre, englobando el calor almacenado en rocas, suelos y aguas subterr\u00e1neas. Evidentemente nos estamos refiriendo a la geot\u00e9rmica que es una fuente energ\u00e9tica que presenta las siguientes ventajas. Es una fuente renovable porque la descomposici\u00f3n radiactiva del n\u00facleo de la tierra es incesante y si bien el fluido extra\u00eddo pudiera llegar a agotarse, con un adecuado sistema de reinyectado, se puede hacer el proceso sostenible. La generaci\u00f3n el\u00e9ctrica, mediante energ\u00eda geot\u00e9rmica, es una generaci\u00f3n gestionable, lo que nos permite hacerla part\u00edcipe de la estabilidad y funcionalidad del sistema el\u00e9ctrico. Al utilizar esta tecnolog\u00eda en vez de la procedente de combustibles f\u00f3siles reducimos las emisiones de CO2 a la atm\u00f3sfera. Al no depender de factores externos contribuye de manera eficaz en la seguridad energ\u00e9tica. Es de las energ\u00edas renovables que menos terrenos necesita para sus instalaciones. Una vez realizada la infraestructura, la producci\u00f3n el\u00e9ctrica es altamente competitiva. Es una tecnolog\u00eda madura, contrastada y probada. Se ajusta perfectamente a una econom\u00eda de escala con enorme facilidad.<\/p>\n\n\n\n<p class=\"wp-block-paragraph\">Se denomina recurso geot\u00e9rmico a la cantidad de calor desprendido del interior de la tierra y que es factible de ser aprovechado a un coste econ\u00f3mico asumible. Esta explotaci\u00f3n se lleva a cabo en los yacimientos geot\u00e9rmicos, que son zonas de la corteza terrestre que albergan un recurso geot\u00e9rmico que puede ser aprovechado. En funci\u00f3n de la temperatura del fluido geotermal, podemos distinguir diferentes tipos de yacimientos: Yacimientos de alta temperatura. Son yacimientos con temperaturas superiores a 150\u00baC y su principal utilidad es la generaci\u00f3n de electricidad, de manera directa utilizando el vapor obtenido. Yacimientos de media temperatura. En este caso la temperatura se encuentra entre 100\u00baC y 150\u00baC. Tambi\u00e9n se pueden utilizar para generar electricidad, pero esta vez utilizando un fluido intermedio de menor punto de ebullici\u00f3n que el agua. Yacimientos de baja temperatura. Suelen estar por debajo de los 100\u00baC y se suelen utilizar para usos t\u00e9rmicos. Yacimientos de muy baja temperatura. Est\u00e1n por debajo de 30\u00baC y su finalidad m\u00e1s importante es la climatizaci\u00f3n de viviendas.<\/p>\n\n\n\n<p class=\"wp-block-paragraph\">La energ\u00eda geot\u00e9rmica, utilizada para generar electricidad, puede obtenerse de tres tipos de fluidos que representan tres tipos de recursos. Recursos de vapor seco. Estos recursos se encuentran fundamentalmente en fase vapor con un contenido licuado muy peque\u00f1o, por lo que la energ\u00eda contenida se puede aprovechar de una manera f\u00e1cil y eficiente. Recursos de vapor h\u00famedo y alta entalp\u00eda. En estos casos la mayor parte del recurso se encuentra en fase l\u00edquida, pero al ascender se convierte en una mezcla de l\u00edquido y vapor de donde es necesario separar al segundo para su aprovechamiento. Recurso de entalp\u00eda moderada. Est\u00e1 completamente en fase l\u00edquida y no se puede aprovechar directamente para la generaci\u00f3n de electricidad, pero tiene la suficiente temperatura para que mediante un intercambiador convertir en vapor un segundo fluido, que ser\u00e1 el que se inyecte al sistema turbina-generador.<\/p>\n\n\n\n<p class=\"wp-block-paragraph\">Seg\u00fan todos los estudios realizados la zona espa\u00f1ola con mayores probabilidades de tener recursos geot\u00e9rmicos utilizables son las Isla Canarias, no en valde un archipi\u00e9lago vecino como las Azores ya poseen plantas geot\u00e9rmicas para producir electricidad con una potencia instalada de 33 MW que supone el 23% del consumo de las islas. Dentro de las islas Tenerife y La Palma son las principales candidatas, aunque recientes estudios tambi\u00e9n apuntan a que Gran Canaria se podr\u00eda subir al carro de la geotermia.<\/p>\n\n\n\n<p class=\"wp-block-paragraph\">Si se quiere apostar por este recurso convendr\u00eda que las instituciones canarias se dieran prisa ya que una planta de 50 MW podr\u00eda tardar unos siete a\u00f1os en cumplir las diferentes fases del proyecto y que podr\u00edamos resumir en: Inspecci\u00f3n topogr\u00e1fica preliminar, exploraci\u00f3n, perforaci\u00f3n de prueba, revisi\u00f3n y planificaci\u00f3n del proyecto, desarrollo de campo, construcci\u00f3n, arranque y puesta en servicio. Adem\u00e1s, hay que motivar al sector privado con buenas subvenciones porque los importes a desembolsar son importantes, sobre todo al principio, ya que podemos estar hablando de que la planta de 50 MW mencionada puede situarse entre 100 y 200 millones de euros dependiendo del grado de complejidad que surja.<\/p>\n\n\n\n<p class=\"wp-block-paragraph\">En los tiempos que corren, con una penetraci\u00f3n de renovables no gestionables en ciernes, conseguir renovables que si sean gestionables es oro puro y por lo tanto merece la pena realizar cuantos esfuerzos sean necesarios para conseguirlas.<\/p>\n","protected":false},"excerpt":{"rendered":"<p>Fuera de los entornos t\u00e9cnicos de la operaci\u00f3n de los sistemas el\u00e9ctricos no se termina de entender los conceptos fundamentales de la operativa de los mismos. No se termina de entender que la generaci\u00f3n y la demanda deban ir a la par, que la generaci\u00f3n e\u00f3lica y fotovoltaica contin\u00faen siendo generaciones no gestionables y por [&hellip;]<\/p>\n","protected":false},"author":1,"featured_media":751,"comment_status":"open","ping_status":"open","sticky":false,"template":"","format":"standard","meta":{"footnotes":""},"categories":[57,39],"tags":[],"class_list":["post-750","post","type-post","status-publish","format-standard","has-post-thumbnail","category-r_geotermica","category-renovables"],"yoast_head":"<!-- This site is optimized with the Yoast SEO plugin v28.2 - https:\/\/yoast.com\/product\/yoast-seo-wordpress\/ -->\n<title>La Geot\u00e9rmica - Salto Ecol\u00f3gico<\/title>\n<meta name=\"robots\" content=\"index, follow, max-snippet:-1, max-image-preview:large, max-video-preview:-1\" \/>\n<link rel=\"canonical\" href=\"https:\/\/saltoecologico.es\/index.php\/2024\/07\/28\/la-geotermica\/\" \/>\n<meta property=\"og:locale\" content=\"es_ES\" \/>\n<meta property=\"og:type\" content=\"article\" \/>\n<meta property=\"og:title\" content=\"La Geot\u00e9rmica - Salto Ecol\u00f3gico\" \/>\n<meta property=\"og:description\" content=\"Fuera de los entornos t\u00e9cnicos de la operaci\u00f3n de los sistemas el\u00e9ctricos no se termina de entender los conceptos fundamentales de la operativa de los mismos. No se termina de entender que la generaci\u00f3n y la demanda deban ir a la par, que la generaci\u00f3n e\u00f3lica y fotovoltaica contin\u00faen siendo generaciones no gestionables y por [&hellip;]\" \/>\n<meta property=\"og:url\" content=\"https:\/\/saltoecologico.es\/index.php\/2024\/07\/28\/la-geotermica\/\" \/>\n<meta property=\"og:site_name\" content=\"Salto Ecol\u00f3gico\" \/>\n<meta property=\"article:publisher\" content=\"https:\/\/www.facebook.com\/Saltotransicionecologica\" \/>\n<meta property=\"article:published_time\" content=\"2024-07-28T17:04:00+00:00\" \/>\n<meta property=\"article:modified_time\" content=\"2025-04-19T17:04:50+00:00\" \/>\n<meta property=\"og:image\" content=\"https:\/\/saltoecologico.es\/wp-content\/uploads\/2025\/04\/Geotermica-3.jpg\" \/>\n\t<meta property=\"og:image:width\" content=\"1024\" \/>\n\t<meta property=\"og:image:height\" content=\"683\" \/>\n\t<meta property=\"og:image:type\" content=\"image\/jpeg\" \/>\n<meta name=\"author\" content=\"admin\" \/>\n<meta name=\"twitter:card\" content=\"summary_large_image\" \/>\n<meta name=\"twitter:label1\" content=\"Escrito por\" \/>\n\t<meta name=\"twitter:data1\" content=\"admin\" \/>\n\t<meta name=\"twitter:label2\" content=\"Tiempo de lectura\" \/>\n\t<meta name=\"twitter:data2\" content=\"5 minutos\" \/>\n<script type=\"application\/ld+json\" class=\"yoast-schema-graph\">{\"@context\":\"https:\\\/\\\/schema.org\",\"@graph\":[{\"@type\":\"Article\",\"@id\":\"https:\\\/\\\/saltoecologico.es\\\/index.php\\\/2024\\\/07\\\/28\\\/la-geotermica\\\/#article\",\"isPartOf\":{\"@id\":\"https:\\\/\\\/saltoecologico.es\\\/index.php\\\/2024\\\/07\\\/28\\\/la-geotermica\\\/\"},\"author\":{\"name\":\"admin\",\"@id\":\"https:\\\/\\\/saltoecologico.es\\\/#\\\/schema\\\/person\\\/7175eec4b3c123d86c675313c3a01a0b\"},\"headline\":\"La Geot\u00e9rmica\",\"datePublished\":\"2024-07-28T17:04:00+00:00\",\"dateModified\":\"2025-04-19T17:04:50+00:00\",\"mainEntityOfPage\":{\"@id\":\"https:\\\/\\\/saltoecologico.es\\\/index.php\\\/2024\\\/07\\\/28\\\/la-geotermica\\\/\"},\"wordCount\":970,\"commentCount\":0,\"publisher\":{\"@id\":\"https:\\\/\\\/saltoecologico.es\\\/#organization\"},\"image\":{\"@id\":\"https:\\\/\\\/saltoecologico.es\\\/index.php\\\/2024\\\/07\\\/28\\\/la-geotermica\\\/#primaryimage\"},\"thumbnailUrl\":\"https:\\\/\\\/saltoecologico.es\\\/wp-content\\\/uploads\\\/2025\\\/04\\\/Geotermica-3.jpg\",\"articleSection\":[\"R_Geot\u00e9rmica\",\"Renovables\"],\"inLanguage\":\"es\",\"potentialAction\":[{\"@type\":\"CommentAction\",\"name\":\"Comment\",\"target\":[\"https:\\\/\\\/saltoecologico.es\\\/index.php\\\/2024\\\/07\\\/28\\\/la-geotermica\\\/#respond\"]}]},{\"@type\":\"WebPage\",\"@id\":\"https:\\\/\\\/saltoecologico.es\\\/index.php\\\/2024\\\/07\\\/28\\\/la-geotermica\\\/\",\"url\":\"https:\\\/\\\/saltoecologico.es\\\/index.php\\\/2024\\\/07\\\/28\\\/la-geotermica\\\/\",\"name\":\"La Geot\u00e9rmica - Salto Ecol\u00f3gico\",\"isPartOf\":{\"@id\":\"https:\\\/\\\/saltoecologico.es\\\/#website\"},\"primaryImageOfPage\":{\"@id\":\"https:\\\/\\\/saltoecologico.es\\\/index.php\\\/2024\\\/07\\\/28\\\/la-geotermica\\\/#primaryimage\"},\"image\":{\"@id\":\"https:\\\/\\\/saltoecologico.es\\\/index.php\\\/2024\\\/07\\\/28\\\/la-geotermica\\\/#primaryimage\"},\"thumbnailUrl\":\"https:\\\/\\\/saltoecologico.es\\\/wp-content\\\/uploads\\\/2025\\\/04\\\/Geotermica-3.jpg\",\"datePublished\":\"2024-07-28T17:04:00+00:00\",\"dateModified\":\"2025-04-19T17:04:50+00:00\",\"breadcrumb\":{\"@id\":\"https:\\\/\\\/saltoecologico.es\\\/index.php\\\/2024\\\/07\\\/28\\\/la-geotermica\\\/#breadcrumb\"},\"inLanguage\":\"es\",\"potentialAction\":[{\"@type\":\"ReadAction\",\"target\":[\"https:\\\/\\\/saltoecologico.es\\\/index.php\\\/2024\\\/07\\\/28\\\/la-geotermica\\\/\"]}]},{\"@type\":\"ImageObject\",\"inLanguage\":\"es\",\"@id\":\"https:\\\/\\\/saltoecologico.es\\\/index.php\\\/2024\\\/07\\\/28\\\/la-geotermica\\\/#primaryimage\",\"url\":\"https:\\\/\\\/saltoecologico.es\\\/wp-content\\\/uploads\\\/2025\\\/04\\\/Geotermica-3.jpg\",\"contentUrl\":\"https:\\\/\\\/saltoecologico.es\\\/wp-content\\\/uploads\\\/2025\\\/04\\\/Geotermica-3.jpg\",\"width\":1024,\"height\":683,\"caption\":\"othermal Power Station in Iceland\"},{\"@type\":\"BreadcrumbList\",\"@id\":\"https:\\\/\\\/saltoecologico.es\\\/index.php\\\/2024\\\/07\\\/28\\\/la-geotermica\\\/#breadcrumb\",\"itemListElement\":[{\"@type\":\"ListItem\",\"position\":1,\"name\":\"Portada\",\"item\":\"https:\\\/\\\/saltoecologico.es\\\/\"},{\"@type\":\"ListItem\",\"position\":2,\"name\":\"La Geot\u00e9rmica\"}]},{\"@type\":\"WebSite\",\"@id\":\"https:\\\/\\\/saltoecologico.es\\\/#website\",\"url\":\"https:\\\/\\\/saltoecologico.es\\\/\",\"name\":\"Salto Ecol\u00f3gico\",\"description\":\"\",\"publisher\":{\"@id\":\"https:\\\/\\\/saltoecologico.es\\\/#organization\"},\"potentialAction\":[{\"@type\":\"SearchAction\",\"target\":{\"@type\":\"EntryPoint\",\"urlTemplate\":\"https:\\\/\\\/saltoecologico.es\\\/?s={search_term_string}\"},\"query-input\":{\"@type\":\"PropertyValueSpecification\",\"valueRequired\":true,\"valueName\":\"search_term_string\"}}],\"inLanguage\":\"es\"},{\"@type\":\"Organization\",\"@id\":\"https:\\\/\\\/saltoecologico.es\\\/#organization\",\"name\":\"Salto a la Transici\u00f3n Ecol\u00f3gica\",\"url\":\"https:\\\/\\\/saltoecologico.es\\\/\",\"logo\":{\"@type\":\"ImageObject\",\"inLanguage\":\"es\",\"@id\":\"https:\\\/\\\/saltoecologico.es\\\/#\\\/schema\\\/logo\\\/image\\\/\",\"url\":\"https:\\\/\\\/saltoecologico.es\\\/wp-content\\\/uploads\\\/2025\\\/04\\\/Logo-STE.jpg\",\"contentUrl\":\"https:\\\/\\\/saltoecologico.es\\\/wp-content\\\/uploads\\\/2025\\\/04\\\/Logo-STE.jpg\",\"width\":435,\"height\":435,\"caption\":\"Salto a la Transici\u00f3n Ecol\u00f3gica\"},\"image\":{\"@id\":\"https:\\\/\\\/saltoecologico.es\\\/#\\\/schema\\\/logo\\\/image\\\/\"},\"sameAs\":[\"https:\\\/\\\/www.facebook.com\\\/Saltotransicionecologica\"]},{\"@type\":\"Person\",\"@id\":\"https:\\\/\\\/saltoecologico.es\\\/#\\\/schema\\\/person\\\/7175eec4b3c123d86c675313c3a01a0b\",\"name\":\"admin\",\"image\":{\"@type\":\"ImageObject\",\"inLanguage\":\"es\",\"@id\":\"https:\\\/\\\/secure.gravatar.com\\\/avatar\\\/4c215dc57bbc7b2f2f470ac9bd197f3f112636a584e575a732d0206a2d9c9806?s=96&d=mm&r=g\",\"url\":\"https:\\\/\\\/secure.gravatar.com\\\/avatar\\\/4c215dc57bbc7b2f2f470ac9bd197f3f112636a584e575a732d0206a2d9c9806?s=96&d=mm&r=g\",\"contentUrl\":\"https:\\\/\\\/secure.gravatar.com\\\/avatar\\\/4c215dc57bbc7b2f2f470ac9bd197f3f112636a584e575a732d0206a2d9c9806?s=96&d=mm&r=g\",\"caption\":\"admin\"},\"sameAs\":[\"https:\\\/\\\/saltoecologico.es\"],\"url\":\"https:\\\/\\\/saltoecologico.es\\\/index.php\\\/author\\\/saltoecologico\\\/\"}]}<\/script>\n<!-- \/ Yoast SEO plugin. -->","yoast_head_json":{"title":"La Geot\u00e9rmica - Salto Ecol\u00f3gico","robots":{"index":"index","follow":"follow","max-snippet":"max-snippet:-1","max-image-preview":"max-image-preview:large","max-video-preview":"max-video-preview:-1"},"canonical":"https:\/\/saltoecologico.es\/index.php\/2024\/07\/28\/la-geotermica\/","og_locale":"es_ES","og_type":"article","og_title":"La Geot\u00e9rmica - Salto Ecol\u00f3gico","og_description":"Fuera de los entornos t\u00e9cnicos de la operaci\u00f3n de los sistemas el\u00e9ctricos no se termina de entender los conceptos fundamentales de la operativa de los mismos. No se termina de entender que la generaci\u00f3n y la demanda deban ir a la par, que la generaci\u00f3n e\u00f3lica y fotovoltaica contin\u00faen siendo generaciones no gestionables y por [&hellip;]","og_url":"https:\/\/saltoecologico.es\/index.php\/2024\/07\/28\/la-geotermica\/","og_site_name":"Salto Ecol\u00f3gico","article_publisher":"https:\/\/www.facebook.com\/Saltotransicionecologica","article_published_time":"2024-07-28T17:04:00+00:00","article_modified_time":"2025-04-19T17:04:50+00:00","og_image":[{"width":1024,"height":683,"url":"https:\/\/saltoecologico.es\/wp-content\/uploads\/2025\/04\/Geotermica-3.jpg","type":"image\/jpeg"}],"author":"admin","twitter_card":"summary_large_image","twitter_misc":{"Escrito por":"admin","Tiempo de lectura":"5 minutos"},"schema":{"@context":"https:\/\/schema.org","@graph":[{"@type":"Article","@id":"https:\/\/saltoecologico.es\/index.php\/2024\/07\/28\/la-geotermica\/#article","isPartOf":{"@id":"https:\/\/saltoecologico.es\/index.php\/2024\/07\/28\/la-geotermica\/"},"author":{"name":"admin","@id":"https:\/\/saltoecologico.es\/#\/schema\/person\/7175eec4b3c123d86c675313c3a01a0b"},"headline":"La Geot\u00e9rmica","datePublished":"2024-07-28T17:04:00+00:00","dateModified":"2025-04-19T17:04:50+00:00","mainEntityOfPage":{"@id":"https:\/\/saltoecologico.es\/index.php\/2024\/07\/28\/la-geotermica\/"},"wordCount":970,"commentCount":0,"publisher":{"@id":"https:\/\/saltoecologico.es\/#organization"},"image":{"@id":"https:\/\/saltoecologico.es\/index.php\/2024\/07\/28\/la-geotermica\/#primaryimage"},"thumbnailUrl":"https:\/\/saltoecologico.es\/wp-content\/uploads\/2025\/04\/Geotermica-3.jpg","articleSection":["R_Geot\u00e9rmica","Renovables"],"inLanguage":"es","potentialAction":[{"@type":"CommentAction","name":"Comment","target":["https:\/\/saltoecologico.es\/index.php\/2024\/07\/28\/la-geotermica\/#respond"]}]},{"@type":"WebPage","@id":"https:\/\/saltoecologico.es\/index.php\/2024\/07\/28\/la-geotermica\/","url":"https:\/\/saltoecologico.es\/index.php\/2024\/07\/28\/la-geotermica\/","name":"La Geot\u00e9rmica - Salto Ecol\u00f3gico","isPartOf":{"@id":"https:\/\/saltoecologico.es\/#website"},"primaryImageOfPage":{"@id":"https:\/\/saltoecologico.es\/index.php\/2024\/07\/28\/la-geotermica\/#primaryimage"},"image":{"@id":"https:\/\/saltoecologico.es\/index.php\/2024\/07\/28\/la-geotermica\/#primaryimage"},"thumbnailUrl":"https:\/\/saltoecologico.es\/wp-content\/uploads\/2025\/04\/Geotermica-3.jpg","datePublished":"2024-07-28T17:04:00+00:00","dateModified":"2025-04-19T17:04:50+00:00","breadcrumb":{"@id":"https:\/\/saltoecologico.es\/index.php\/2024\/07\/28\/la-geotermica\/#breadcrumb"},"inLanguage":"es","potentialAction":[{"@type":"ReadAction","target":["https:\/\/saltoecologico.es\/index.php\/2024\/07\/28\/la-geotermica\/"]}]},{"@type":"ImageObject","inLanguage":"es","@id":"https:\/\/saltoecologico.es\/index.php\/2024\/07\/28\/la-geotermica\/#primaryimage","url":"https:\/\/saltoecologico.es\/wp-content\/uploads\/2025\/04\/Geotermica-3.jpg","contentUrl":"https:\/\/saltoecologico.es\/wp-content\/uploads\/2025\/04\/Geotermica-3.jpg","width":1024,"height":683,"caption":"othermal Power Station in Iceland"},{"@type":"BreadcrumbList","@id":"https:\/\/saltoecologico.es\/index.php\/2024\/07\/28\/la-geotermica\/#breadcrumb","itemListElement":[{"@type":"ListItem","position":1,"name":"Portada","item":"https:\/\/saltoecologico.es\/"},{"@type":"ListItem","position":2,"name":"La Geot\u00e9rmica"}]},{"@type":"WebSite","@id":"https:\/\/saltoecologico.es\/#website","url":"https:\/\/saltoecologico.es\/","name":"Salto Ecol\u00f3gico","description":"","publisher":{"@id":"https:\/\/saltoecologico.es\/#organization"},"potentialAction":[{"@type":"SearchAction","target":{"@type":"EntryPoint","urlTemplate":"https:\/\/saltoecologico.es\/?s={search_term_string}"},"query-input":{"@type":"PropertyValueSpecification","valueRequired":true,"valueName":"search_term_string"}}],"inLanguage":"es"},{"@type":"Organization","@id":"https:\/\/saltoecologico.es\/#organization","name":"Salto a la Transici\u00f3n Ecol\u00f3gica","url":"https:\/\/saltoecologico.es\/","logo":{"@type":"ImageObject","inLanguage":"es","@id":"https:\/\/saltoecologico.es\/#\/schema\/logo\/image\/","url":"https:\/\/saltoecologico.es\/wp-content\/uploads\/2025\/04\/Logo-STE.jpg","contentUrl":"https:\/\/saltoecologico.es\/wp-content\/uploads\/2025\/04\/Logo-STE.jpg","width":435,"height":435,"caption":"Salto a la Transici\u00f3n Ecol\u00f3gica"},"image":{"@id":"https:\/\/saltoecologico.es\/#\/schema\/logo\/image\/"},"sameAs":["https:\/\/www.facebook.com\/Saltotransicionecologica"]},{"@type":"Person","@id":"https:\/\/saltoecologico.es\/#\/schema\/person\/7175eec4b3c123d86c675313c3a01a0b","name":"admin","image":{"@type":"ImageObject","inLanguage":"es","@id":"https:\/\/secure.gravatar.com\/avatar\/4c215dc57bbc7b2f2f470ac9bd197f3f112636a584e575a732d0206a2d9c9806?s=96&d=mm&r=g","url":"https:\/\/secure.gravatar.com\/avatar\/4c215dc57bbc7b2f2f470ac9bd197f3f112636a584e575a732d0206a2d9c9806?s=96&d=mm&r=g","contentUrl":"https:\/\/secure.gravatar.com\/avatar\/4c215dc57bbc7b2f2f470ac9bd197f3f112636a584e575a732d0206a2d9c9806?s=96&d=mm&r=g","caption":"admin"},"sameAs":["https:\/\/saltoecologico.es"],"url":"https:\/\/saltoecologico.es\/index.php\/author\/saltoecologico\/"}]}},"_links":{"self":[{"href":"https:\/\/saltoecologico.es\/index.php\/wp-json\/wp\/v2\/posts\/750","targetHints":{"allow":["GET"]}}],"collection":[{"href":"https:\/\/saltoecologico.es\/index.php\/wp-json\/wp\/v2\/posts"}],"about":[{"href":"https:\/\/saltoecologico.es\/index.php\/wp-json\/wp\/v2\/types\/post"}],"author":[{"embeddable":true,"href":"https:\/\/saltoecologico.es\/index.php\/wp-json\/wp\/v2\/users\/1"}],"replies":[{"embeddable":true,"href":"https:\/\/saltoecologico.es\/index.php\/wp-json\/wp\/v2\/comments?post=750"}],"version-history":[{"count":1,"href":"https:\/\/saltoecologico.es\/index.php\/wp-json\/wp\/v2\/posts\/750\/revisions"}],"predecessor-version":[{"id":752,"href":"https:\/\/saltoecologico.es\/index.php\/wp-json\/wp\/v2\/posts\/750\/revisions\/752"}],"wp:featuredmedia":[{"embeddable":true,"href":"https:\/\/saltoecologico.es\/index.php\/wp-json\/wp\/v2\/media\/751"}],"wp:attachment":[{"href":"https:\/\/saltoecologico.es\/index.php\/wp-json\/wp\/v2\/media?parent=750"}],"wp:term":[{"taxonomy":"category","embeddable":true,"href":"https:\/\/saltoecologico.es\/index.php\/wp-json\/wp\/v2\/categories?post=750"},{"taxonomy":"post_tag","embeddable":true,"href":"https:\/\/saltoecologico.es\/index.php\/wp-json\/wp\/v2\/tags?post=750"}],"curies":[{"name":"wp","href":"https:\/\/api.w.org\/{rel}","templated":true}]}}