{"id":753,"date":"2024-08-01T17:07:00","date_gmt":"2024-08-01T17:07:00","guid":{"rendered":"https:\/\/saltoecologico.es\/?p=753"},"modified":"2025-04-19T17:07:49","modified_gmt":"2025-04-19T17:07:49","slug":"megavatios-gomeros","status":"publish","type":"post","link":"https:\/\/saltoecologico.es\/index.php\/2024\/08\/01\/megavatios-gomeros\/","title":{"rendered":"Megavatios gomeros"},"content":{"rendered":"\n<p class=\"wp-block-paragraph\">En fechas cercanas hemos podido leer declaraciones de Don Casimiro Curbelo, presidente del Cabildo de la Gomera, en el sentido de pedir la renovaci\u00f3n de los 5,5 MW incluidos en el proceso de concurrencia competitiva que, juntamente con la interconexi\u00f3n el\u00e9ctrica con Tenerife y los parques e\u00f3licos \u201cfortalecen el sistema el\u00e9ctrico de La Gomera\u201d. Una vez m\u00e1s insiste que lo obsoleto de los grupos instalados en la actualidad fue la raz\u00f3n del cero de la Gomera y el desencadenante de la activaci\u00f3n de la emergencia energ\u00e9tica de toda Canarias.<\/p>\n\n\n\n<p class=\"wp-block-paragraph\">Comenzando por lo \u00faltimo, el cero de La Gomera que, seg\u00fan el mismo indica, se prolong\u00f3 durante 72 horas, no fue debido a las causas que este se\u00f1or expone. En primer lugar, la salida de un cero en una isla como la Gomera se puede realizar en tres o cuatro horas como m\u00e1ximo, siempre y cuando haya grupos que se puedan arrancar. Seg\u00fan informaciones period\u00edsticas, el cero de la Gomera se produjo por un incendio en la sala de servicios auxiliares de la Central del Palmar, sala donde estaban concentrados TODOS los servicios auxiliares de TODOS los grupos. Evidentemente si nos quedamos sin TODOS los grupos el apag\u00f3n es de \u00e9poca y fue relativamente corto para la envergadura del problema que se plante\u00f3, por no diversificar la colocaci\u00f3n de esos servicios auxiliares. En segundo lugar, si la situaci\u00f3n de la Gomera es tan precaria como el pol\u00edtico intenta transmitir, lo razonables es que alguno de los grupos de emergencia que se van a instalar en breve en las islas, hubiesen ido para esta isla y esto no va a ocurrir. En tercer lugar, la conexi\u00f3n con Tenerife se va a realizar mediante un doble cable submarino de 66 KV que permitir\u00eda abastecer m\u00e1s del doble de la demanda que precisa La Gomera, por lo que en vez de estar pensando en renovar grupos t\u00e9rmicos de combustibles f\u00f3siles, se deber\u00eda estar pensando en una verdadera transici\u00f3n energ\u00e9tica, con una mayor penetraci\u00f3n de renovables, dado que con el nuevo enlace la necesidad de la central del Palmar quedara de una manera testimonial para cuando ocurra una hecatombe y el cable submarino se aver\u00ede.<\/p>\n\n\n\n<p class=\"wp-block-paragraph\">Continuando con lo de los parques e\u00f3licos, conviene resaltar una situaci\u00f3n bastante curiosa que consiste en una inversi\u00f3n bastante avispada ante una situaci\u00f3n que est\u00e1 por venir. Sobre marzo del a\u00f1o pasado se inauguraron cinco parques e\u00f3licos con una potencia total de 12 MW, que seg\u00fan los pol\u00edticos iban a dar suficiente energ\u00eda para satisfacer las necesidades de la isla. De entrada, resulta curioso que una isla con una punta de 10 MW y un valle de 8 MW, se instalen 12 MW de e\u00f3lica. Pero es que, si tenemos en cuenta que el operador del sistema solo va a permitir el 50% de generaci\u00f3n no gestionable, solo se podr\u00edan acoplar a la red 5 MW en la punta y 4 MW en el valle de los 12 instalados. Esto hubiese sido una inversi\u00f3n calamitosa, si no hubiera estado por medio la instalaci\u00f3n del cable submarino, porque esto va a permitir que en el nuevo sistema el\u00e9ctrico Tenerife-La Gomera, con una punta de m\u00e1s de 500 MW, podamos tener un cupo de mas de 250 MW de energ\u00eda no gestionable. En otras palabras, los parques e\u00f3licos de La Gomera, no solo se van a aprovechar en la isla, sino que servir\u00e1n para alimentar tambi\u00e9n la isla de Tenerife.<\/p>\n\n\n\n<p class=\"wp-block-paragraph\">Teniendo en cuenta lo anterior ya nos estamos viendo a los pol\u00edticos gomeros alardear de que su isla es 100% renovable cuando la producci\u00f3n parcial de los e\u00f3licos iguale o supere la demanda de La Gomera, olvidando que la conexi\u00f3n con Tenerife es lo que permite que esos e\u00f3licos puedan verter a la red. Es algo as\u00ed como si ma\u00f1ana los pol\u00edticos de Arico, que es donde est\u00e1n instalados buena parte de los e\u00f3licos de Tenerife, comiencen a decir que su municipio es 100% renovable, olvidando que solo son parte de un sistema el\u00e9ctrico mayor.<\/p>\n\n\n\n<p class=\"wp-block-paragraph\">No dudamos que el se\u00f1or Curbelo es una persona perfectamente informada en todos los temas que trata y es por ello que quiz\u00e1s le roguemos que sea un poquito m\u00e1s riguroso en las declaraciones que realiza.<\/p>\n","protected":false},"excerpt":{"rendered":"<p>En fechas cercanas hemos podido leer declaraciones de Don Casimiro Curbelo, presidente del Cabildo de la Gomera, en el sentido de pedir la renovaci\u00f3n de los 5,5 MW incluidos en el proceso de concurrencia competitiva que, juntamente con la interconexi\u00f3n el\u00e9ctrica con Tenerife y los parques e\u00f3licos \u201cfortalecen el sistema el\u00e9ctrico de La Gomera\u201d. Una [&hellip;]<\/p>\n","protected":false},"author":1,"featured_media":754,"comment_status":"open","ping_status":"open","sticky":false,"template":"","format":"standard","meta":{"footnotes":""},"categories":[55],"tags":[],"class_list":["post-753","post","type-post","status-publish","format-standard","has-post-thumbnail","category-general"],"yoast_head":"<!-- This site is optimized with the Yoast SEO plugin v28.2 - https:\/\/yoast.com\/product\/yoast-seo-wordpress\/ -->\n<title>Megavatios gomeros - Salto Ecol\u00f3gico<\/title>\n<meta name=\"robots\" content=\"index, follow, max-snippet:-1, max-image-preview:large, max-video-preview:-1\" \/>\n<link rel=\"canonical\" href=\"https:\/\/saltoecologico.es\/index.php\/2024\/08\/01\/megavatios-gomeros\/\" \/>\n<meta property=\"og:locale\" content=\"es_ES\" \/>\n<meta property=\"og:type\" content=\"article\" \/>\n<meta property=\"og:title\" content=\"Megavatios gomeros - Salto Ecol\u00f3gico\" \/>\n<meta property=\"og:description\" content=\"En fechas cercanas hemos podido leer declaraciones de Don Casimiro Curbelo, presidente del Cabildo de la Gomera, en el sentido de pedir la renovaci\u00f3n de los 5,5 MW incluidos en el proceso de concurrencia competitiva que, juntamente con la interconexi\u00f3n el\u00e9ctrica con Tenerife y los parques e\u00f3licos \u201cfortalecen el sistema el\u00e9ctrico de La Gomera\u201d. Una [&hellip;]\" \/>\n<meta property=\"og:url\" content=\"https:\/\/saltoecologico.es\/index.php\/2024\/08\/01\/megavatios-gomeros\/\" \/>\n<meta property=\"og:site_name\" content=\"Salto Ecol\u00f3gico\" \/>\n<meta property=\"article:publisher\" content=\"https:\/\/www.facebook.com\/Saltotransicionecologica\" \/>\n<meta property=\"article:published_time\" content=\"2024-08-01T17:07:00+00:00\" \/>\n<meta property=\"article:modified_time\" content=\"2025-04-19T17:07:49+00:00\" \/>\n<meta property=\"og:image\" content=\"https:\/\/saltoecologico.es\/wp-content\/uploads\/2025\/04\/Eolico-11-1.jpg\" \/>\n\t<meta property=\"og:image:width\" content=\"1024\" \/>\n\t<meta property=\"og:image:height\" content=\"683\" \/>\n\t<meta property=\"og:image:type\" content=\"image\/jpeg\" \/>\n<meta name=\"author\" content=\"admin\" \/>\n<meta name=\"twitter:card\" content=\"summary_large_image\" \/>\n<meta name=\"twitter:label1\" content=\"Escrito por\" \/>\n\t<meta name=\"twitter:data1\" content=\"admin\" \/>\n\t<meta name=\"twitter:label2\" content=\"Tiempo de lectura\" \/>\n\t<meta name=\"twitter:data2\" content=\"4 minutos\" \/>\n<script type=\"application\/ld+json\" class=\"yoast-schema-graph\">{\"@context\":\"https:\\\/\\\/schema.org\",\"@graph\":[{\"@type\":\"Article\",\"@id\":\"https:\\\/\\\/saltoecologico.es\\\/index.php\\\/2024\\\/08\\\/01\\\/megavatios-gomeros\\\/#article\",\"isPartOf\":{\"@id\":\"https:\\\/\\\/saltoecologico.es\\\/index.php\\\/2024\\\/08\\\/01\\\/megavatios-gomeros\\\/\"},\"author\":{\"name\":\"admin\",\"@id\":\"https:\\\/\\\/saltoecologico.es\\\/#\\\/schema\\\/person\\\/7175eec4b3c123d86c675313c3a01a0b\"},\"headline\":\"Megavatios gomeros\",\"datePublished\":\"2024-08-01T17:07:00+00:00\",\"dateModified\":\"2025-04-19T17:07:49+00:00\",\"mainEntityOfPage\":{\"@id\":\"https:\\\/\\\/saltoecologico.es\\\/index.php\\\/2024\\\/08\\\/01\\\/megavatios-gomeros\\\/\"},\"wordCount\":747,\"commentCount\":0,\"publisher\":{\"@id\":\"https:\\\/\\\/saltoecologico.es\\\/#organization\"},\"image\":{\"@id\":\"https:\\\/\\\/saltoecologico.es\\\/index.php\\\/2024\\\/08\\\/01\\\/megavatios-gomeros\\\/#primaryimage\"},\"thumbnailUrl\":\"https:\\\/\\\/saltoecologico.es\\\/wp-content\\\/uploads\\\/2025\\\/04\\\/Eolico-11-1.jpg\",\"articleSection\":[\"General\"],\"inLanguage\":\"es\",\"potentialAction\":[{\"@type\":\"CommentAction\",\"name\":\"Comment\",\"target\":[\"https:\\\/\\\/saltoecologico.es\\\/index.php\\\/2024\\\/08\\\/01\\\/megavatios-gomeros\\\/#respond\"]}]},{\"@type\":\"WebPage\",\"@id\":\"https:\\\/\\\/saltoecologico.es\\\/index.php\\\/2024\\\/08\\\/01\\\/megavatios-gomeros\\\/\",\"url\":\"https:\\\/\\\/saltoecologico.es\\\/index.php\\\/2024\\\/08\\\/01\\\/megavatios-gomeros\\\/\",\"name\":\"Megavatios gomeros - Salto Ecol\u00f3gico\",\"isPartOf\":{\"@id\":\"https:\\\/\\\/saltoecologico.es\\\/#website\"},\"primaryImageOfPage\":{\"@id\":\"https:\\\/\\\/saltoecologico.es\\\/index.php\\\/2024\\\/08\\\/01\\\/megavatios-gomeros\\\/#primaryimage\"},\"image\":{\"@id\":\"https:\\\/\\\/saltoecologico.es\\\/index.php\\\/2024\\\/08\\\/01\\\/megavatios-gomeros\\\/#primaryimage\"},\"thumbnailUrl\":\"https:\\\/\\\/saltoecologico.es\\\/wp-content\\\/uploads\\\/2025\\\/04\\\/Eolico-11-1.jpg\",\"datePublished\":\"2024-08-01T17:07:00+00:00\",\"dateModified\":\"2025-04-19T17:07:49+00:00\",\"breadcrumb\":{\"@id\":\"https:\\\/\\\/saltoecologico.es\\\/index.php\\\/2024\\\/08\\\/01\\\/megavatios-gomeros\\\/#breadcrumb\"},\"inLanguage\":\"es\",\"potentialAction\":[{\"@type\":\"ReadAction\",\"target\":[\"https:\\\/\\\/saltoecologico.es\\\/index.php\\\/2024\\\/08\\\/01\\\/megavatios-gomeros\\\/\"]}]},{\"@type\":\"ImageObject\",\"inLanguage\":\"es\",\"@id\":\"https:\\\/\\\/saltoecologico.es\\\/index.php\\\/2024\\\/08\\\/01\\\/megavatios-gomeros\\\/#primaryimage\",\"url\":\"https:\\\/\\\/saltoecologico.es\\\/wp-content\\\/uploads\\\/2025\\\/04\\\/Eolico-11-1.jpg\",\"contentUrl\":\"https:\\\/\\\/saltoecologico.es\\\/wp-content\\\/uploads\\\/2025\\\/04\\\/Eolico-11-1.jpg\",\"width\":1024,\"height\":683,\"caption\":\"Typical windmill or aerogenerator of aeolian energy\"},{\"@type\":\"BreadcrumbList\",\"@id\":\"https:\\\/\\\/saltoecologico.es\\\/index.php\\\/2024\\\/08\\\/01\\\/megavatios-gomeros\\\/#breadcrumb\",\"itemListElement\":[{\"@type\":\"ListItem\",\"position\":1,\"name\":\"Portada\",\"item\":\"https:\\\/\\\/saltoecologico.es\\\/\"},{\"@type\":\"ListItem\",\"position\":2,\"name\":\"Megavatios gomeros\"}]},{\"@type\":\"WebSite\",\"@id\":\"https:\\\/\\\/saltoecologico.es\\\/#website\",\"url\":\"https:\\\/\\\/saltoecologico.es\\\/\",\"name\":\"Salto Ecol\u00f3gico\",\"description\":\"\",\"publisher\":{\"@id\":\"https:\\\/\\\/saltoecologico.es\\\/#organization\"},\"potentialAction\":[{\"@type\":\"SearchAction\",\"target\":{\"@type\":\"EntryPoint\",\"urlTemplate\":\"https:\\\/\\\/saltoecologico.es\\\/?s={search_term_string}\"},\"query-input\":{\"@type\":\"PropertyValueSpecification\",\"valueRequired\":true,\"valueName\":\"search_term_string\"}}],\"inLanguage\":\"es\"},{\"@type\":\"Organization\",\"@id\":\"https:\\\/\\\/saltoecologico.es\\\/#organization\",\"name\":\"Salto a la Transici\u00f3n Ecol\u00f3gica\",\"url\":\"https:\\\/\\\/saltoecologico.es\\\/\",\"logo\":{\"@type\":\"ImageObject\",\"inLanguage\":\"es\",\"@id\":\"https:\\\/\\\/saltoecologico.es\\\/#\\\/schema\\\/logo\\\/image\\\/\",\"url\":\"https:\\\/\\\/saltoecologico.es\\\/wp-content\\\/uploads\\\/2025\\\/04\\\/Logo-STE.jpg\",\"contentUrl\":\"https:\\\/\\\/saltoecologico.es\\\/wp-content\\\/uploads\\\/2025\\\/04\\\/Logo-STE.jpg\",\"width\":435,\"height\":435,\"caption\":\"Salto a la Transici\u00f3n Ecol\u00f3gica\"},\"image\":{\"@id\":\"https:\\\/\\\/saltoecologico.es\\\/#\\\/schema\\\/logo\\\/image\\\/\"},\"sameAs\":[\"https:\\\/\\\/www.facebook.com\\\/Saltotransicionecologica\"]},{\"@type\":\"Person\",\"@id\":\"https:\\\/\\\/saltoecologico.es\\\/#\\\/schema\\\/person\\\/7175eec4b3c123d86c675313c3a01a0b\",\"name\":\"admin\",\"image\":{\"@type\":\"ImageObject\",\"inLanguage\":\"es\",\"@id\":\"https:\\\/\\\/secure.gravatar.com\\\/avatar\\\/4c215dc57bbc7b2f2f470ac9bd197f3f112636a584e575a732d0206a2d9c9806?s=96&d=mm&r=g\",\"url\":\"https:\\\/\\\/secure.gravatar.com\\\/avatar\\\/4c215dc57bbc7b2f2f470ac9bd197f3f112636a584e575a732d0206a2d9c9806?s=96&d=mm&r=g\",\"contentUrl\":\"https:\\\/\\\/secure.gravatar.com\\\/avatar\\\/4c215dc57bbc7b2f2f470ac9bd197f3f112636a584e575a732d0206a2d9c9806?s=96&d=mm&r=g\",\"caption\":\"admin\"},\"sameAs\":[\"https:\\\/\\\/saltoecologico.es\"],\"url\":\"https:\\\/\\\/saltoecologico.es\\\/index.php\\\/author\\\/saltoecologico\\\/\"}]}<\/script>\n<!-- \/ Yoast SEO plugin. -->","yoast_head_json":{"title":"Megavatios gomeros - Salto Ecol\u00f3gico","robots":{"index":"index","follow":"follow","max-snippet":"max-snippet:-1","max-image-preview":"max-image-preview:large","max-video-preview":"max-video-preview:-1"},"canonical":"https:\/\/saltoecologico.es\/index.php\/2024\/08\/01\/megavatios-gomeros\/","og_locale":"es_ES","og_type":"article","og_title":"Megavatios gomeros - Salto Ecol\u00f3gico","og_description":"En fechas cercanas hemos podido leer declaraciones de Don Casimiro Curbelo, presidente del Cabildo de la Gomera, en el sentido de pedir la renovaci\u00f3n de los 5,5 MW incluidos en el proceso de concurrencia competitiva que, juntamente con la interconexi\u00f3n el\u00e9ctrica con Tenerife y los parques e\u00f3licos \u201cfortalecen el sistema el\u00e9ctrico de La Gomera\u201d. Una [&hellip;]","og_url":"https:\/\/saltoecologico.es\/index.php\/2024\/08\/01\/megavatios-gomeros\/","og_site_name":"Salto Ecol\u00f3gico","article_publisher":"https:\/\/www.facebook.com\/Saltotransicionecologica","article_published_time":"2024-08-01T17:07:00+00:00","article_modified_time":"2025-04-19T17:07:49+00:00","og_image":[{"width":1024,"height":683,"url":"https:\/\/saltoecologico.es\/wp-content\/uploads\/2025\/04\/Eolico-11-1.jpg","type":"image\/jpeg"}],"author":"admin","twitter_card":"summary_large_image","twitter_misc":{"Escrito por":"admin","Tiempo de lectura":"4 minutos"},"schema":{"@context":"https:\/\/schema.org","@graph":[{"@type":"Article","@id":"https:\/\/saltoecologico.es\/index.php\/2024\/08\/01\/megavatios-gomeros\/#article","isPartOf":{"@id":"https:\/\/saltoecologico.es\/index.php\/2024\/08\/01\/megavatios-gomeros\/"},"author":{"name":"admin","@id":"https:\/\/saltoecologico.es\/#\/schema\/person\/7175eec4b3c123d86c675313c3a01a0b"},"headline":"Megavatios gomeros","datePublished":"2024-08-01T17:07:00+00:00","dateModified":"2025-04-19T17:07:49+00:00","mainEntityOfPage":{"@id":"https:\/\/saltoecologico.es\/index.php\/2024\/08\/01\/megavatios-gomeros\/"},"wordCount":747,"commentCount":0,"publisher":{"@id":"https:\/\/saltoecologico.es\/#organization"},"image":{"@id":"https:\/\/saltoecologico.es\/index.php\/2024\/08\/01\/megavatios-gomeros\/#primaryimage"},"thumbnailUrl":"https:\/\/saltoecologico.es\/wp-content\/uploads\/2025\/04\/Eolico-11-1.jpg","articleSection":["General"],"inLanguage":"es","potentialAction":[{"@type":"CommentAction","name":"Comment","target":["https:\/\/saltoecologico.es\/index.php\/2024\/08\/01\/megavatios-gomeros\/#respond"]}]},{"@type":"WebPage","@id":"https:\/\/saltoecologico.es\/index.php\/2024\/08\/01\/megavatios-gomeros\/","url":"https:\/\/saltoecologico.es\/index.php\/2024\/08\/01\/megavatios-gomeros\/","name":"Megavatios gomeros - Salto Ecol\u00f3gico","isPartOf":{"@id":"https:\/\/saltoecologico.es\/#website"},"primaryImageOfPage":{"@id":"https:\/\/saltoecologico.es\/index.php\/2024\/08\/01\/megavatios-gomeros\/#primaryimage"},"image":{"@id":"https:\/\/saltoecologico.es\/index.php\/2024\/08\/01\/megavatios-gomeros\/#primaryimage"},"thumbnailUrl":"https:\/\/saltoecologico.es\/wp-content\/uploads\/2025\/04\/Eolico-11-1.jpg","datePublished":"2024-08-01T17:07:00+00:00","dateModified":"2025-04-19T17:07:49+00:00","breadcrumb":{"@id":"https:\/\/saltoecologico.es\/index.php\/2024\/08\/01\/megavatios-gomeros\/#breadcrumb"},"inLanguage":"es","potentialAction":[{"@type":"ReadAction","target":["https:\/\/saltoecologico.es\/index.php\/2024\/08\/01\/megavatios-gomeros\/"]}]},{"@type":"ImageObject","inLanguage":"es","@id":"https:\/\/saltoecologico.es\/index.php\/2024\/08\/01\/megavatios-gomeros\/#primaryimage","url":"https:\/\/saltoecologico.es\/wp-content\/uploads\/2025\/04\/Eolico-11-1.jpg","contentUrl":"https:\/\/saltoecologico.es\/wp-content\/uploads\/2025\/04\/Eolico-11-1.jpg","width":1024,"height":683,"caption":"Typical windmill or aerogenerator of aeolian energy"},{"@type":"BreadcrumbList","@id":"https:\/\/saltoecologico.es\/index.php\/2024\/08\/01\/megavatios-gomeros\/#breadcrumb","itemListElement":[{"@type":"ListItem","position":1,"name":"Portada","item":"https:\/\/saltoecologico.es\/"},{"@type":"ListItem","position":2,"name":"Megavatios gomeros"}]},{"@type":"WebSite","@id":"https:\/\/saltoecologico.es\/#website","url":"https:\/\/saltoecologico.es\/","name":"Salto Ecol\u00f3gico","description":"","publisher":{"@id":"https:\/\/saltoecologico.es\/#organization"},"potentialAction":[{"@type":"SearchAction","target":{"@type":"EntryPoint","urlTemplate":"https:\/\/saltoecologico.es\/?s={search_term_string}"},"query-input":{"@type":"PropertyValueSpecification","valueRequired":true,"valueName":"search_term_string"}}],"inLanguage":"es"},{"@type":"Organization","@id":"https:\/\/saltoecologico.es\/#organization","name":"Salto a la Transici\u00f3n Ecol\u00f3gica","url":"https:\/\/saltoecologico.es\/","logo":{"@type":"ImageObject","inLanguage":"es","@id":"https:\/\/saltoecologico.es\/#\/schema\/logo\/image\/","url":"https:\/\/saltoecologico.es\/wp-content\/uploads\/2025\/04\/Logo-STE.jpg","contentUrl":"https:\/\/saltoecologico.es\/wp-content\/uploads\/2025\/04\/Logo-STE.jpg","width":435,"height":435,"caption":"Salto a la Transici\u00f3n Ecol\u00f3gica"},"image":{"@id":"https:\/\/saltoecologico.es\/#\/schema\/logo\/image\/"},"sameAs":["https:\/\/www.facebook.com\/Saltotransicionecologica"]},{"@type":"Person","@id":"https:\/\/saltoecologico.es\/#\/schema\/person\/7175eec4b3c123d86c675313c3a01a0b","name":"admin","image":{"@type":"ImageObject","inLanguage":"es","@id":"https:\/\/secure.gravatar.com\/avatar\/4c215dc57bbc7b2f2f470ac9bd197f3f112636a584e575a732d0206a2d9c9806?s=96&d=mm&r=g","url":"https:\/\/secure.gravatar.com\/avatar\/4c215dc57bbc7b2f2f470ac9bd197f3f112636a584e575a732d0206a2d9c9806?s=96&d=mm&r=g","contentUrl":"https:\/\/secure.gravatar.com\/avatar\/4c215dc57bbc7b2f2f470ac9bd197f3f112636a584e575a732d0206a2d9c9806?s=96&d=mm&r=g","caption":"admin"},"sameAs":["https:\/\/saltoecologico.es"],"url":"https:\/\/saltoecologico.es\/index.php\/author\/saltoecologico\/"}]}},"_links":{"self":[{"href":"https:\/\/saltoecologico.es\/index.php\/wp-json\/wp\/v2\/posts\/753","targetHints":{"allow":["GET"]}}],"collection":[{"href":"https:\/\/saltoecologico.es\/index.php\/wp-json\/wp\/v2\/posts"}],"about":[{"href":"https:\/\/saltoecologico.es\/index.php\/wp-json\/wp\/v2\/types\/post"}],"author":[{"embeddable":true,"href":"https:\/\/saltoecologico.es\/index.php\/wp-json\/wp\/v2\/users\/1"}],"replies":[{"embeddable":true,"href":"https:\/\/saltoecologico.es\/index.php\/wp-json\/wp\/v2\/comments?post=753"}],"version-history":[{"count":1,"href":"https:\/\/saltoecologico.es\/index.php\/wp-json\/wp\/v2\/posts\/753\/revisions"}],"predecessor-version":[{"id":755,"href":"https:\/\/saltoecologico.es\/index.php\/wp-json\/wp\/v2\/posts\/753\/revisions\/755"}],"wp:featuredmedia":[{"embeddable":true,"href":"https:\/\/saltoecologico.es\/index.php\/wp-json\/wp\/v2\/media\/754"}],"wp:attachment":[{"href":"https:\/\/saltoecologico.es\/index.php\/wp-json\/wp\/v2\/media?parent=753"}],"wp:term":[{"taxonomy":"category","embeddable":true,"href":"https:\/\/saltoecologico.es\/index.php\/wp-json\/wp\/v2\/categories?post=753"},{"taxonomy":"post_tag","embeddable":true,"href":"https:\/\/saltoecologico.es\/index.php\/wp-json\/wp\/v2\/tags?post=753"}],"curies":[{"name":"wp","href":"https:\/\/api.w.org\/{rel}","templated":true}]}}