{"id":756,"date":"2024-09-11T17:11:00","date_gmt":"2024-09-11T17:11:00","guid":{"rendered":"https:\/\/saltoecologico.es\/?p=756"},"modified":"2025-04-19T17:12:08","modified_gmt":"2025-04-19T17:12:08","slug":"totisa-una-vez-mas","status":"publish","type":"post","link":"https:\/\/saltoecologico.es\/index.php\/2024\/09\/11\/totisa-una-vez-mas\/","title":{"rendered":"Totisa una vez mas"},"content":{"rendered":"\n<p class=\"wp-block-paragraph\">Si entramos en la web del Gobierno de Canarias, en el apartado de energ\u00eda el\u00e9ctrica, a\u00fan podemos ver la \u201cInvitaci\u00f3n para la presentaci\u00f3n de propuestas para la instalaci\u00f3n de potencia de generaci\u00f3n adicional con el fin de cubrir las necesidades de emergencia en los sistemas el\u00e9ctricos de Canarias\u201d, con un plazo de presentaci\u00f3n hasta el 26 de octubre de 2023. En su d\u00eda se no dijo que esto era prioritario y que deber\u00eda estar instalado en un plazo de un a\u00f1o, para solucionar provisionalmente la famosa \u201cemergencia energ\u00e9tica\u201d, debido a que la integridad de los sistemas el\u00e9ctricos de Canarias corr\u00eda serio peligro. Pues bien, ya ha pasado cerca de un a\u00f1o y no solo no est\u00e1n instalados los famosos grupos de emergencia, sino que ni siquiera hay la m\u00e1s m\u00ednima informaci\u00f3n acerca de las empresas elegidas, las caracter\u00edsticas de estos grupos o las ubicaciones de estos y por supuesto ni un solo s\u00edntoma de que haya que preocuparse por la eficacia de los sistemas el\u00e9ctricos, m\u00e1s all\u00e1 de lo consabido acerca de ser altamente contaminante, altamente costoso y altamente dependiente del exterior.<\/p>\n\n\n\n<p class=\"wp-block-paragraph\">Por otro lado, los interesados en la materia, hemos podido seguir las vicisitudes de una empresa, Totisa Holding, que desde mucho antes de hablarse de estas cuestiones, ya planteaba una infraestructura para el suministro de Gas Natural Licuado (GNL) a los barcos y una central el\u00e9ctrica, en pleno muelle de la capital de Las Palmas de Gran Canaria. Pero no solo planteaba en estos t\u00e9rminos su propuesta, sino que hab\u00eda conseguido la autorizaci\u00f3n de la Autoridad Portuaria y hab\u00eda realizado los tr\u00e1mites con la presentaci\u00f3n de su proyecto y del estudio de impacto ambiental, en un alarde de oportunismo empresarial sin precedentes, dadas todas las regulaciones del sector.<\/p>\n\n\n\n<p class=\"wp-block-paragraph\">En su d\u00eda ya hubieron dos organismos que se opusieron frontalmente a la parte de la central el\u00e9ctrica, por un lado, el Cabildo de Gran Canaria y por otro la Consejer\u00eda de Sanidad, que argumentando todos los problemas medioambientales que acarrear\u00eda para la ciudad de Las Palmas, hab\u00eda solicitado que el estudio de impacto ambiental fuera el ordinario y no el simplificado que se hab\u00eda presentado.<\/p>\n\n\n\n<p class=\"wp-block-paragraph\">Recientemente hemos recibido informaciones de que Totisa ha vuelto a retomar su proyecto inicial, esta vez con la connivencia del gobierno auton\u00f3mico y estar\u00eda en la fase de limar asperezas con los dos organismos opositores.<\/p>\n\n\n\n<p class=\"wp-block-paragraph\">Ante todo lo expuesto no cabe sino preguntar si la decisi\u00f3n del Gobierno de Canarias sobre los grupos de emergencia no se estar\u00e1 demorando lo justo para que Totisa llegue a tiempo para presentar su candidatura a la invitaci\u00f3n cursada.<\/p>\n\n\n\n<p class=\"wp-block-paragraph\">Creemos que cualquier ciudadano de Gran Canaria en General y de Las Palmas en particular podr\u00e1 comprender f\u00e1cilmente que una central el\u00e9ctrica, con sus respectivos motores quemando gas natural, no produce sino perjuicios para sus habitantes y contradice totalmente el modelo de descarbonizaci\u00f3n por el que apuesta el Cabildo de Gran Canaria y dice apostar el gobierno auton\u00f3mico.<\/p>\n","protected":false},"excerpt":{"rendered":"<p>Si entramos en la web del Gobierno de Canarias, en el apartado de energ\u00eda el\u00e9ctrica, a\u00fan podemos ver la \u201cInvitaci\u00f3n para la presentaci\u00f3n de propuestas para la instalaci\u00f3n de potencia de generaci\u00f3n adicional con el fin de cubrir las necesidades de emergencia en los sistemas el\u00e9ctricos de Canarias\u201d, con un plazo de presentaci\u00f3n hasta el [&hellip;]<\/p>\n","protected":false},"author":1,"featured_media":759,"comment_status":"open","ping_status":"open","sticky":false,"template":"","format":"standard","meta":{"footnotes":""},"categories":[49,33],"tags":[],"class_list":["post-756","post","type-post","status-publish","format-standard","has-post-thumbnail","category-g_totisa","category-gnl"],"yoast_head":"<!-- This site is optimized with the Yoast SEO plugin v28.2 - https:\/\/yoast.com\/product\/yoast-seo-wordpress\/ -->\n<title>Totisa una vez mas - Salto Ecol\u00f3gico<\/title>\n<meta name=\"robots\" content=\"index, follow, max-snippet:-1, max-image-preview:large, max-video-preview:-1\" \/>\n<link rel=\"canonical\" href=\"https:\/\/saltoecologico.es\/index.php\/2024\/09\/11\/totisa-una-vez-mas\/\" \/>\n<meta property=\"og:locale\" content=\"es_ES\" \/>\n<meta property=\"og:type\" content=\"article\" \/>\n<meta property=\"og:title\" content=\"Totisa una vez mas - Salto Ecol\u00f3gico\" \/>\n<meta property=\"og:description\" content=\"Si entramos en la web del Gobierno de Canarias, en el apartado de energ\u00eda el\u00e9ctrica, a\u00fan podemos ver la \u201cInvitaci\u00f3n para la presentaci\u00f3n de propuestas para la instalaci\u00f3n de potencia de generaci\u00f3n adicional con el fin de cubrir las necesidades de emergencia en los sistemas el\u00e9ctricos de Canarias\u201d, con un plazo de presentaci\u00f3n hasta el [&hellip;]\" \/>\n<meta property=\"og:url\" content=\"https:\/\/saltoecologico.es\/index.php\/2024\/09\/11\/totisa-una-vez-mas\/\" \/>\n<meta property=\"og:site_name\" content=\"Salto Ecol\u00f3gico\" \/>\n<meta property=\"article:publisher\" content=\"https:\/\/www.facebook.com\/Saltotransicionecologica\" \/>\n<meta property=\"article:published_time\" content=\"2024-09-11T17:11:00+00:00\" \/>\n<meta property=\"article:modified_time\" content=\"2025-04-19T17:12:08+00:00\" \/>\n<meta property=\"og:image\" content=\"https:\/\/saltoecologico.es\/wp-content\/uploads\/2025\/04\/GNL13.jpg\" \/>\n\t<meta property=\"og:image:width\" content=\"1024\" \/>\n\t<meta property=\"og:image:height\" content=\"576\" \/>\n\t<meta property=\"og:image:type\" content=\"image\/jpeg\" \/>\n<meta name=\"author\" content=\"admin\" \/>\n<meta name=\"twitter:card\" content=\"summary_large_image\" \/>\n<meta name=\"twitter:label1\" content=\"Escrito por\" \/>\n\t<meta name=\"twitter:data1\" content=\"admin\" \/>\n\t<meta name=\"twitter:label2\" content=\"Tiempo de lectura\" \/>\n\t<meta name=\"twitter:data2\" content=\"3 minutos\" \/>\n<script type=\"application\/ld+json\" class=\"yoast-schema-graph\">{\"@context\":\"https:\\\/\\\/schema.org\",\"@graph\":[{\"@type\":\"Article\",\"@id\":\"https:\\\/\\\/saltoecologico.es\\\/index.php\\\/2024\\\/09\\\/11\\\/totisa-una-vez-mas\\\/#article\",\"isPartOf\":{\"@id\":\"https:\\\/\\\/saltoecologico.es\\\/index.php\\\/2024\\\/09\\\/11\\\/totisa-una-vez-mas\\\/\"},\"author\":{\"name\":\"admin\",\"@id\":\"https:\\\/\\\/saltoecologico.es\\\/#\\\/schema\\\/person\\\/7175eec4b3c123d86c675313c3a01a0b\"},\"headline\":\"Totisa una vez mas\",\"datePublished\":\"2024-09-11T17:11:00+00:00\",\"dateModified\":\"2025-04-19T17:12:08+00:00\",\"mainEntityOfPage\":{\"@id\":\"https:\\\/\\\/saltoecologico.es\\\/index.php\\\/2024\\\/09\\\/11\\\/totisa-una-vez-mas\\\/\"},\"wordCount\":536,\"commentCount\":0,\"publisher\":{\"@id\":\"https:\\\/\\\/saltoecologico.es\\\/#organization\"},\"image\":{\"@id\":\"https:\\\/\\\/saltoecologico.es\\\/index.php\\\/2024\\\/09\\\/11\\\/totisa-una-vez-mas\\\/#primaryimage\"},\"thumbnailUrl\":\"https:\\\/\\\/saltoecologico.es\\\/wp-content\\\/uploads\\\/2025\\\/04\\\/GNL13.jpg\",\"articleSection\":[\"G_Totisa\",\"GNL\"],\"inLanguage\":\"es\",\"potentialAction\":[{\"@type\":\"CommentAction\",\"name\":\"Comment\",\"target\":[\"https:\\\/\\\/saltoecologico.es\\\/index.php\\\/2024\\\/09\\\/11\\\/totisa-una-vez-mas\\\/#respond\"]}]},{\"@type\":\"WebPage\",\"@id\":\"https:\\\/\\\/saltoecologico.es\\\/index.php\\\/2024\\\/09\\\/11\\\/totisa-una-vez-mas\\\/\",\"url\":\"https:\\\/\\\/saltoecologico.es\\\/index.php\\\/2024\\\/09\\\/11\\\/totisa-una-vez-mas\\\/\",\"name\":\"Totisa una vez mas - Salto Ecol\u00f3gico\",\"isPartOf\":{\"@id\":\"https:\\\/\\\/saltoecologico.es\\\/#website\"},\"primaryImageOfPage\":{\"@id\":\"https:\\\/\\\/saltoecologico.es\\\/index.php\\\/2024\\\/09\\\/11\\\/totisa-una-vez-mas\\\/#primaryimage\"},\"image\":{\"@id\":\"https:\\\/\\\/saltoecologico.es\\\/index.php\\\/2024\\\/09\\\/11\\\/totisa-una-vez-mas\\\/#primaryimage\"},\"thumbnailUrl\":\"https:\\\/\\\/saltoecologico.es\\\/wp-content\\\/uploads\\\/2025\\\/04\\\/GNL13.jpg\",\"datePublished\":\"2024-09-11T17:11:00+00:00\",\"dateModified\":\"2025-04-19T17:12:08+00:00\",\"breadcrumb\":{\"@id\":\"https:\\\/\\\/saltoecologico.es\\\/index.php\\\/2024\\\/09\\\/11\\\/totisa-una-vez-mas\\\/#breadcrumb\"},\"inLanguage\":\"es\",\"potentialAction\":[{\"@type\":\"ReadAction\",\"target\":[\"https:\\\/\\\/saltoecologico.es\\\/index.php\\\/2024\\\/09\\\/11\\\/totisa-una-vez-mas\\\/\"]}]},{\"@type\":\"ImageObject\",\"inLanguage\":\"es\",\"@id\":\"https:\\\/\\\/saltoecologico.es\\\/index.php\\\/2024\\\/09\\\/11\\\/totisa-una-vez-mas\\\/#primaryimage\",\"url\":\"https:\\\/\\\/saltoecologico.es\\\/wp-content\\\/uploads\\\/2025\\\/04\\\/GNL13.jpg\",\"contentUrl\":\"https:\\\/\\\/saltoecologico.es\\\/wp-content\\\/uploads\\\/2025\\\/04\\\/GNL13.jpg\",\"width\":1024,\"height\":576,\"caption\":\"LNG (Liquified Natural Gas) tanker anchored in Gas terminal gas tanks for storage. Oil Crude Gas Tanker Ship. LPG at Tanker Bay Petroleum Chemical or Methane freighter export import transportation\"},{\"@type\":\"BreadcrumbList\",\"@id\":\"https:\\\/\\\/saltoecologico.es\\\/index.php\\\/2024\\\/09\\\/11\\\/totisa-una-vez-mas\\\/#breadcrumb\",\"itemListElement\":[{\"@type\":\"ListItem\",\"position\":1,\"name\":\"Portada\",\"item\":\"https:\\\/\\\/saltoecologico.es\\\/\"},{\"@type\":\"ListItem\",\"position\":2,\"name\":\"Totisa una vez mas\"}]},{\"@type\":\"WebSite\",\"@id\":\"https:\\\/\\\/saltoecologico.es\\\/#website\",\"url\":\"https:\\\/\\\/saltoecologico.es\\\/\",\"name\":\"Salto Ecol\u00f3gico\",\"description\":\"\",\"publisher\":{\"@id\":\"https:\\\/\\\/saltoecologico.es\\\/#organization\"},\"potentialAction\":[{\"@type\":\"SearchAction\",\"target\":{\"@type\":\"EntryPoint\",\"urlTemplate\":\"https:\\\/\\\/saltoecologico.es\\\/?s={search_term_string}\"},\"query-input\":{\"@type\":\"PropertyValueSpecification\",\"valueRequired\":true,\"valueName\":\"search_term_string\"}}],\"inLanguage\":\"es\"},{\"@type\":\"Organization\",\"@id\":\"https:\\\/\\\/saltoecologico.es\\\/#organization\",\"name\":\"Salto a la Transici\u00f3n Ecol\u00f3gica\",\"url\":\"https:\\\/\\\/saltoecologico.es\\\/\",\"logo\":{\"@type\":\"ImageObject\",\"inLanguage\":\"es\",\"@id\":\"https:\\\/\\\/saltoecologico.es\\\/#\\\/schema\\\/logo\\\/image\\\/\",\"url\":\"https:\\\/\\\/saltoecologico.es\\\/wp-content\\\/uploads\\\/2025\\\/04\\\/Logo-STE.jpg\",\"contentUrl\":\"https:\\\/\\\/saltoecologico.es\\\/wp-content\\\/uploads\\\/2025\\\/04\\\/Logo-STE.jpg\",\"width\":435,\"height\":435,\"caption\":\"Salto a la Transici\u00f3n Ecol\u00f3gica\"},\"image\":{\"@id\":\"https:\\\/\\\/saltoecologico.es\\\/#\\\/schema\\\/logo\\\/image\\\/\"},\"sameAs\":[\"https:\\\/\\\/www.facebook.com\\\/Saltotransicionecologica\"]},{\"@type\":\"Person\",\"@id\":\"https:\\\/\\\/saltoecologico.es\\\/#\\\/schema\\\/person\\\/7175eec4b3c123d86c675313c3a01a0b\",\"name\":\"admin\",\"image\":{\"@type\":\"ImageObject\",\"inLanguage\":\"es\",\"@id\":\"https:\\\/\\\/secure.gravatar.com\\\/avatar\\\/4c215dc57bbc7b2f2f470ac9bd197f3f112636a584e575a732d0206a2d9c9806?s=96&d=mm&r=g\",\"url\":\"https:\\\/\\\/secure.gravatar.com\\\/avatar\\\/4c215dc57bbc7b2f2f470ac9bd197f3f112636a584e575a732d0206a2d9c9806?s=96&d=mm&r=g\",\"contentUrl\":\"https:\\\/\\\/secure.gravatar.com\\\/avatar\\\/4c215dc57bbc7b2f2f470ac9bd197f3f112636a584e575a732d0206a2d9c9806?s=96&d=mm&r=g\",\"caption\":\"admin\"},\"sameAs\":[\"https:\\\/\\\/saltoecologico.es\"],\"url\":\"https:\\\/\\\/saltoecologico.es\\\/index.php\\\/author\\\/saltoecologico\\\/\"}]}<\/script>\n<!-- \/ Yoast SEO plugin. -->","yoast_head_json":{"title":"Totisa una vez mas - Salto Ecol\u00f3gico","robots":{"index":"index","follow":"follow","max-snippet":"max-snippet:-1","max-image-preview":"max-image-preview:large","max-video-preview":"max-video-preview:-1"},"canonical":"https:\/\/saltoecologico.es\/index.php\/2024\/09\/11\/totisa-una-vez-mas\/","og_locale":"es_ES","og_type":"article","og_title":"Totisa una vez mas - Salto Ecol\u00f3gico","og_description":"Si entramos en la web del Gobierno de Canarias, en el apartado de energ\u00eda el\u00e9ctrica, a\u00fan podemos ver la \u201cInvitaci\u00f3n para la presentaci\u00f3n de propuestas para la instalaci\u00f3n de potencia de generaci\u00f3n adicional con el fin de cubrir las necesidades de emergencia en los sistemas el\u00e9ctricos de Canarias\u201d, con un plazo de presentaci\u00f3n hasta el [&hellip;]","og_url":"https:\/\/saltoecologico.es\/index.php\/2024\/09\/11\/totisa-una-vez-mas\/","og_site_name":"Salto Ecol\u00f3gico","article_publisher":"https:\/\/www.facebook.com\/Saltotransicionecologica","article_published_time":"2024-09-11T17:11:00+00:00","article_modified_time":"2025-04-19T17:12:08+00:00","og_image":[{"width":1024,"height":576,"url":"https:\/\/saltoecologico.es\/wp-content\/uploads\/2025\/04\/GNL13.jpg","type":"image\/jpeg"}],"author":"admin","twitter_card":"summary_large_image","twitter_misc":{"Escrito por":"admin","Tiempo de lectura":"3 minutos"},"schema":{"@context":"https:\/\/schema.org","@graph":[{"@type":"Article","@id":"https:\/\/saltoecologico.es\/index.php\/2024\/09\/11\/totisa-una-vez-mas\/#article","isPartOf":{"@id":"https:\/\/saltoecologico.es\/index.php\/2024\/09\/11\/totisa-una-vez-mas\/"},"author":{"name":"admin","@id":"https:\/\/saltoecologico.es\/#\/schema\/person\/7175eec4b3c123d86c675313c3a01a0b"},"headline":"Totisa una vez mas","datePublished":"2024-09-11T17:11:00+00:00","dateModified":"2025-04-19T17:12:08+00:00","mainEntityOfPage":{"@id":"https:\/\/saltoecologico.es\/index.php\/2024\/09\/11\/totisa-una-vez-mas\/"},"wordCount":536,"commentCount":0,"publisher":{"@id":"https:\/\/saltoecologico.es\/#organization"},"image":{"@id":"https:\/\/saltoecologico.es\/index.php\/2024\/09\/11\/totisa-una-vez-mas\/#primaryimage"},"thumbnailUrl":"https:\/\/saltoecologico.es\/wp-content\/uploads\/2025\/04\/GNL13.jpg","articleSection":["G_Totisa","GNL"],"inLanguage":"es","potentialAction":[{"@type":"CommentAction","name":"Comment","target":["https:\/\/saltoecologico.es\/index.php\/2024\/09\/11\/totisa-una-vez-mas\/#respond"]}]},{"@type":"WebPage","@id":"https:\/\/saltoecologico.es\/index.php\/2024\/09\/11\/totisa-una-vez-mas\/","url":"https:\/\/saltoecologico.es\/index.php\/2024\/09\/11\/totisa-una-vez-mas\/","name":"Totisa una vez mas - Salto Ecol\u00f3gico","isPartOf":{"@id":"https:\/\/saltoecologico.es\/#website"},"primaryImageOfPage":{"@id":"https:\/\/saltoecologico.es\/index.php\/2024\/09\/11\/totisa-una-vez-mas\/#primaryimage"},"image":{"@id":"https:\/\/saltoecologico.es\/index.php\/2024\/09\/11\/totisa-una-vez-mas\/#primaryimage"},"thumbnailUrl":"https:\/\/saltoecologico.es\/wp-content\/uploads\/2025\/04\/GNL13.jpg","datePublished":"2024-09-11T17:11:00+00:00","dateModified":"2025-04-19T17:12:08+00:00","breadcrumb":{"@id":"https:\/\/saltoecologico.es\/index.php\/2024\/09\/11\/totisa-una-vez-mas\/#breadcrumb"},"inLanguage":"es","potentialAction":[{"@type":"ReadAction","target":["https:\/\/saltoecologico.es\/index.php\/2024\/09\/11\/totisa-una-vez-mas\/"]}]},{"@type":"ImageObject","inLanguage":"es","@id":"https:\/\/saltoecologico.es\/index.php\/2024\/09\/11\/totisa-una-vez-mas\/#primaryimage","url":"https:\/\/saltoecologico.es\/wp-content\/uploads\/2025\/04\/GNL13.jpg","contentUrl":"https:\/\/saltoecologico.es\/wp-content\/uploads\/2025\/04\/GNL13.jpg","width":1024,"height":576,"caption":"LNG (Liquified Natural Gas) tanker anchored in Gas terminal gas tanks for storage. Oil Crude Gas Tanker Ship. LPG at Tanker Bay Petroleum Chemical or Methane freighter export import transportation"},{"@type":"BreadcrumbList","@id":"https:\/\/saltoecologico.es\/index.php\/2024\/09\/11\/totisa-una-vez-mas\/#breadcrumb","itemListElement":[{"@type":"ListItem","position":1,"name":"Portada","item":"https:\/\/saltoecologico.es\/"},{"@type":"ListItem","position":2,"name":"Totisa una vez mas"}]},{"@type":"WebSite","@id":"https:\/\/saltoecologico.es\/#website","url":"https:\/\/saltoecologico.es\/","name":"Salto Ecol\u00f3gico","description":"","publisher":{"@id":"https:\/\/saltoecologico.es\/#organization"},"potentialAction":[{"@type":"SearchAction","target":{"@type":"EntryPoint","urlTemplate":"https:\/\/saltoecologico.es\/?s={search_term_string}"},"query-input":{"@type":"PropertyValueSpecification","valueRequired":true,"valueName":"search_term_string"}}],"inLanguage":"es"},{"@type":"Organization","@id":"https:\/\/saltoecologico.es\/#organization","name":"Salto a la Transici\u00f3n Ecol\u00f3gica","url":"https:\/\/saltoecologico.es\/","logo":{"@type":"ImageObject","inLanguage":"es","@id":"https:\/\/saltoecologico.es\/#\/schema\/logo\/image\/","url":"https:\/\/saltoecologico.es\/wp-content\/uploads\/2025\/04\/Logo-STE.jpg","contentUrl":"https:\/\/saltoecologico.es\/wp-content\/uploads\/2025\/04\/Logo-STE.jpg","width":435,"height":435,"caption":"Salto a la Transici\u00f3n Ecol\u00f3gica"},"image":{"@id":"https:\/\/saltoecologico.es\/#\/schema\/logo\/image\/"},"sameAs":["https:\/\/www.facebook.com\/Saltotransicionecologica"]},{"@type":"Person","@id":"https:\/\/saltoecologico.es\/#\/schema\/person\/7175eec4b3c123d86c675313c3a01a0b","name":"admin","image":{"@type":"ImageObject","inLanguage":"es","@id":"https:\/\/secure.gravatar.com\/avatar\/4c215dc57bbc7b2f2f470ac9bd197f3f112636a584e575a732d0206a2d9c9806?s=96&d=mm&r=g","url":"https:\/\/secure.gravatar.com\/avatar\/4c215dc57bbc7b2f2f470ac9bd197f3f112636a584e575a732d0206a2d9c9806?s=96&d=mm&r=g","contentUrl":"https:\/\/secure.gravatar.com\/avatar\/4c215dc57bbc7b2f2f470ac9bd197f3f112636a584e575a732d0206a2d9c9806?s=96&d=mm&r=g","caption":"admin"},"sameAs":["https:\/\/saltoecologico.es"],"url":"https:\/\/saltoecologico.es\/index.php\/author\/saltoecologico\/"}]}},"_links":{"self":[{"href":"https:\/\/saltoecologico.es\/index.php\/wp-json\/wp\/v2\/posts\/756","targetHints":{"allow":["GET"]}}],"collection":[{"href":"https:\/\/saltoecologico.es\/index.php\/wp-json\/wp\/v2\/posts"}],"about":[{"href":"https:\/\/saltoecologico.es\/index.php\/wp-json\/wp\/v2\/types\/post"}],"author":[{"embeddable":true,"href":"https:\/\/saltoecologico.es\/index.php\/wp-json\/wp\/v2\/users\/1"}],"replies":[{"embeddable":true,"href":"https:\/\/saltoecologico.es\/index.php\/wp-json\/wp\/v2\/comments?post=756"}],"version-history":[{"count":1,"href":"https:\/\/saltoecologico.es\/index.php\/wp-json\/wp\/v2\/posts\/756\/revisions"}],"predecessor-version":[{"id":760,"href":"https:\/\/saltoecologico.es\/index.php\/wp-json\/wp\/v2\/posts\/756\/revisions\/760"}],"wp:featuredmedia":[{"embeddable":true,"href":"https:\/\/saltoecologico.es\/index.php\/wp-json\/wp\/v2\/media\/759"}],"wp:attachment":[{"href":"https:\/\/saltoecologico.es\/index.php\/wp-json\/wp\/v2\/media?parent=756"}],"wp:term":[{"taxonomy":"category","embeddable":true,"href":"https:\/\/saltoecologico.es\/index.php\/wp-json\/wp\/v2\/categories?post=756"},{"taxonomy":"post_tag","embeddable":true,"href":"https:\/\/saltoecologico.es\/index.php\/wp-json\/wp\/v2\/tags?post=756"}],"curies":[{"name":"wp","href":"https:\/\/api.w.org\/{rel}","templated":true}]}}