{"id":761,"date":"2024-09-14T17:13:00","date_gmt":"2024-09-14T17:13:00","guid":{"rendered":"https:\/\/saltoecologico.es\/?p=761"},"modified":"2025-04-19T17:14:00","modified_gmt":"2025-04-19T17:14:00","slug":"sin-color-politico","status":"publish","type":"post","link":"https:\/\/saltoecologico.es\/index.php\/2024\/09\/14\/sin-color-politico\/","title":{"rendered":"Sin color pol\u00edtico"},"content":{"rendered":"\n<p class=\"wp-block-paragraph\">En la legislatura pasada tuvimos la posibilidad de ver el enfrentamiento de dos consejer\u00edas del Gobierno de Canarias por la tramitaci\u00f3n de un proyecto controvertido en el muelle de Las Palmas de Gran Canaria y que no es otro sino el de la empresa TOTISA Holding S.A. que incluir\u00e1 una instalaci\u00f3n de Gas Natural Licuado (GNL) para el abastecimiento de los barcos, que lo usen, y una central el\u00e9ctrica, compuesta por cuatro motores que queman gas natural, con una potencia de 70 MW.<\/p>\n\n\n\n<p class=\"wp-block-paragraph\">De un lado ten\u00edamos a la Viceconsejer\u00eda de Lucha Contra el Cambio Clim\u00e1tico y Transici\u00f3n Ecol\u00f3gica, que, con la informaci\u00f3n aportada por la empresa, concluye que es una actividad carente de efectos adversos significativos y por lo tanto se puede acoger a un procedimiento de estudio de impacto ambiental SIMPLIFICADO y no a uno ordinario como es preceptivo en estos casos.<\/p>\n\n\n\n<p class=\"wp-block-paragraph\">De otro tenemos a la Direcci\u00f3n General de Salud Publica que ante un requerimiento el 20 de julio de 2022 en el que se le pide la emisi\u00f3n de un informe sanitario del proyecto, responde el 16 de agosto de 2022, con un informe desfavorable, estim\u00e1ndose la necesidad de una evaluaci\u00f3n ambiental ORDINARIA. El informe es de una contundencia tal que se pueden leer enunciados como el siguiente: \u201cLa calidad del aire, junto al riesgo de accidente, incendio y explosi\u00f3n, por sus consecuencias catastr\u00f3ficas, son los de mayor peso para la salud p\u00fablica por la proximidad de la poblaci\u00f3n\u201d.<\/p>\n\n\n\n<p class=\"wp-block-paragraph\">No contenta con la respuesta de sanidad, la viceconsejer\u00eda mencionada, vuelve a la carga con formas que denigran la lealtad institucional, recibiendo una respuesta m\u00e1s contundente si cabe en los siguientes t\u00e9rminos: \u201cEn consecuencia, ante la ausencia de alegaciones fundamentadas t\u00e9cnicamente por el promotor sobre el contenido del informe sanitario emitido el pasado 16\/08\/2022, la Direcci\u00f3n General de Salud P\u00fablica en el plazo de (5) d\u00edas requerido, se ratifica en el contenido del mismo, e informa motivadamente, que el referido proyecto en la ubicaci\u00f3n propuesta, supondr\u00e1 un impacto local permanente para la ciudad con efectos negativos para la salud de la poblaci\u00f3n de la ciudad de Las Palmas de Gran Canaria\u201d.<\/p>\n\n\n\n<p class=\"wp-block-paragraph\">Evidentemente antes estos razonamientos y otras cuestiones posteriores, todo parec\u00eda indicar que el proyecto referido pasar\u00eda a dormir el sue\u00f1o de los justos, porque a todas luces una instalaci\u00f3n de tal calibre no se sostiene en un enclave tan cercano a un n\u00facleo tan poblado como es el de la capital de Gran Canaria.<\/p>\n\n\n\n<p class=\"wp-block-paragraph\">Pero he aqu\u00ed que el \u201csentido com\u00fan\u201d no suele ser el m\u00e1s \u201ccom\u00fan de los sentidos\u201d cuando hay intereses empresariales y econ\u00f3micos de por medio, porque seg\u00fan parece, el proyecto de TOTISA vuelve a estar en el candelero, auspiciado por la misma administraci\u00f3n, a pesar de haber cambiado el signo pol\u00edtico y los titulares protagonistas, volvi\u00e9ndose la tramitaci\u00f3n a solicitar los oportunos informes de las administraciones afectadas.<\/p>\n\n\n\n<p class=\"wp-block-paragraph\">No cabe duda de que hay que reconocerle a la empresa protagonista grandes dosis de perseverancia, de influencia pol\u00edtica, independientemente del signo de la misma y una gran visi\u00f3n estrat\u00e9gica, al comenzar a tramitar su proyecto A\u00d1OS antes de que salieran la Emergencia Energ\u00e9tica y el Proyecto de Concurrencia Competitiva para dotar de grupos t\u00e9rmicos las centrales de Canarias.<\/p>\n\n\n\n<p class=\"wp-block-paragraph\">Naturalmente el problema no es de esta empresa, el problema est\u00e1 en una clase pol\u00edtica que cuando est\u00e1 en el poder transforma dr\u00e1sticamente sus objetivos y en vez de pensar en la salud y el bienestar de sus conciudadanos, apuestan por proyectos perniciosos, contaminantes, altamente peligrosos y sobradamente contarios a los intereses de aquellos que les han votado.<\/p>\n","protected":false},"excerpt":{"rendered":"<p>En la legislatura pasada tuvimos la posibilidad de ver el enfrentamiento de dos consejer\u00edas del Gobierno de Canarias por la tramitaci\u00f3n de un proyecto controvertido en el muelle de Las Palmas de Gran Canaria y que no es otro sino el de la empresa TOTISA Holding S.A. que incluir\u00e1 una instalaci\u00f3n de Gas Natural Licuado [&hellip;]<\/p>\n","protected":false},"author":1,"featured_media":762,"comment_status":"open","ping_status":"open","sticky":false,"template":"","format":"standard","meta":{"footnotes":""},"categories":[49,33],"tags":[],"class_list":["post-761","post","type-post","status-publish","format-standard","has-post-thumbnail","category-g_totisa","category-gnl"],"yoast_head":"<!-- This site is optimized with the Yoast SEO plugin v28.2 - https:\/\/yoast.com\/product\/yoast-seo-wordpress\/ -->\n<title>Sin color pol\u00edtico - Salto Ecol\u00f3gico<\/title>\n<meta name=\"robots\" content=\"index, follow, max-snippet:-1, max-image-preview:large, max-video-preview:-1\" \/>\n<link rel=\"canonical\" href=\"https:\/\/saltoecologico.es\/index.php\/2024\/09\/14\/sin-color-politico\/\" \/>\n<meta property=\"og:locale\" content=\"es_ES\" \/>\n<meta property=\"og:type\" content=\"article\" \/>\n<meta property=\"og:title\" content=\"Sin color pol\u00edtico - Salto Ecol\u00f3gico\" \/>\n<meta property=\"og:description\" content=\"En la legislatura pasada tuvimos la posibilidad de ver el enfrentamiento de dos consejer\u00edas del Gobierno de Canarias por la tramitaci\u00f3n de un proyecto controvertido en el muelle de Las Palmas de Gran Canaria y que no es otro sino el de la empresa TOTISA Holding S.A. que incluir\u00e1 una instalaci\u00f3n de Gas Natural Licuado [&hellip;]\" \/>\n<meta property=\"og:url\" content=\"https:\/\/saltoecologico.es\/index.php\/2024\/09\/14\/sin-color-politico\/\" \/>\n<meta property=\"og:site_name\" content=\"Salto Ecol\u00f3gico\" \/>\n<meta property=\"article:publisher\" content=\"https:\/\/www.facebook.com\/Saltotransicionecologica\" \/>\n<meta property=\"article:published_time\" content=\"2024-09-14T17:13:00+00:00\" \/>\n<meta property=\"article:modified_time\" content=\"2025-04-19T17:14:00+00:00\" \/>\n<meta property=\"og:image\" content=\"https:\/\/saltoecologico.es\/wp-content\/uploads\/2025\/04\/GNL14.jpg\" \/>\n\t<meta property=\"og:image:width\" content=\"1024\" \/>\n\t<meta property=\"og:image:height\" content=\"575\" \/>\n\t<meta property=\"og:image:type\" content=\"image\/jpeg\" \/>\n<meta name=\"author\" content=\"admin\" \/>\n<meta name=\"twitter:card\" content=\"summary_large_image\" \/>\n<meta name=\"twitter:label1\" content=\"Escrito por\" \/>\n\t<meta name=\"twitter:data1\" content=\"admin\" \/>\n\t<meta name=\"twitter:label2\" content=\"Tiempo de lectura\" \/>\n\t<meta name=\"twitter:data2\" content=\"3 minutos\" \/>\n<script type=\"application\/ld+json\" class=\"yoast-schema-graph\">{\"@context\":\"https:\\\/\\\/schema.org\",\"@graph\":[{\"@type\":\"Article\",\"@id\":\"https:\\\/\\\/saltoecologico.es\\\/index.php\\\/2024\\\/09\\\/14\\\/sin-color-politico\\\/#article\",\"isPartOf\":{\"@id\":\"https:\\\/\\\/saltoecologico.es\\\/index.php\\\/2024\\\/09\\\/14\\\/sin-color-politico\\\/\"},\"author\":{\"name\":\"admin\",\"@id\":\"https:\\\/\\\/saltoecologico.es\\\/#\\\/schema\\\/person\\\/7175eec4b3c123d86c675313c3a01a0b\"},\"headline\":\"Sin color pol\u00edtico\",\"datePublished\":\"2024-09-14T17:13:00+00:00\",\"dateModified\":\"2025-04-19T17:14:00+00:00\",\"mainEntityOfPage\":{\"@id\":\"https:\\\/\\\/saltoecologico.es\\\/index.php\\\/2024\\\/09\\\/14\\\/sin-color-politico\\\/\"},\"wordCount\":639,\"commentCount\":0,\"publisher\":{\"@id\":\"https:\\\/\\\/saltoecologico.es\\\/#organization\"},\"image\":{\"@id\":\"https:\\\/\\\/saltoecologico.es\\\/index.php\\\/2024\\\/09\\\/14\\\/sin-color-politico\\\/#primaryimage\"},\"thumbnailUrl\":\"https:\\\/\\\/saltoecologico.es\\\/wp-content\\\/uploads\\\/2025\\\/04\\\/GNL14.jpg\",\"articleSection\":[\"G_Totisa\",\"GNL\"],\"inLanguage\":\"es\",\"potentialAction\":[{\"@type\":\"CommentAction\",\"name\":\"Comment\",\"target\":[\"https:\\\/\\\/saltoecologico.es\\\/index.php\\\/2024\\\/09\\\/14\\\/sin-color-politico\\\/#respond\"]}]},{\"@type\":\"WebPage\",\"@id\":\"https:\\\/\\\/saltoecologico.es\\\/index.php\\\/2024\\\/09\\\/14\\\/sin-color-politico\\\/\",\"url\":\"https:\\\/\\\/saltoecologico.es\\\/index.php\\\/2024\\\/09\\\/14\\\/sin-color-politico\\\/\",\"name\":\"Sin color pol\u00edtico - Salto Ecol\u00f3gico\",\"isPartOf\":{\"@id\":\"https:\\\/\\\/saltoecologico.es\\\/#website\"},\"primaryImageOfPage\":{\"@id\":\"https:\\\/\\\/saltoecologico.es\\\/index.php\\\/2024\\\/09\\\/14\\\/sin-color-politico\\\/#primaryimage\"},\"image\":{\"@id\":\"https:\\\/\\\/saltoecologico.es\\\/index.php\\\/2024\\\/09\\\/14\\\/sin-color-politico\\\/#primaryimage\"},\"thumbnailUrl\":\"https:\\\/\\\/saltoecologico.es\\\/wp-content\\\/uploads\\\/2025\\\/04\\\/GNL14.jpg\",\"datePublished\":\"2024-09-14T17:13:00+00:00\",\"dateModified\":\"2025-04-19T17:14:00+00:00\",\"breadcrumb\":{\"@id\":\"https:\\\/\\\/saltoecologico.es\\\/index.php\\\/2024\\\/09\\\/14\\\/sin-color-politico\\\/#breadcrumb\"},\"inLanguage\":\"es\",\"potentialAction\":[{\"@type\":\"ReadAction\",\"target\":[\"https:\\\/\\\/saltoecologico.es\\\/index.php\\\/2024\\\/09\\\/14\\\/sin-color-politico\\\/\"]}]},{\"@type\":\"ImageObject\",\"inLanguage\":\"es\",\"@id\":\"https:\\\/\\\/saltoecologico.es\\\/index.php\\\/2024\\\/09\\\/14\\\/sin-color-politico\\\/#primaryimage\",\"url\":\"https:\\\/\\\/saltoecologico.es\\\/wp-content\\\/uploads\\\/2025\\\/04\\\/GNL14.jpg\",\"contentUrl\":\"https:\\\/\\\/saltoecologico.es\\\/wp-content\\\/uploads\\\/2025\\\/04\\\/GNL14.jpg\",\"width\":1024,\"height\":575,\"caption\":\"LNG (Liquefied natural gas) tanker anchored in Gas terminal gas tanks for storage. Oil Crude Gas Tanker Ship. LPG at Tanker Bay Petroleum Chemical or Methane freighter export import transportation\"},{\"@type\":\"BreadcrumbList\",\"@id\":\"https:\\\/\\\/saltoecologico.es\\\/index.php\\\/2024\\\/09\\\/14\\\/sin-color-politico\\\/#breadcrumb\",\"itemListElement\":[{\"@type\":\"ListItem\",\"position\":1,\"name\":\"Portada\",\"item\":\"https:\\\/\\\/saltoecologico.es\\\/\"},{\"@type\":\"ListItem\",\"position\":2,\"name\":\"Sin color pol\u00edtico\"}]},{\"@type\":\"WebSite\",\"@id\":\"https:\\\/\\\/saltoecologico.es\\\/#website\",\"url\":\"https:\\\/\\\/saltoecologico.es\\\/\",\"name\":\"Salto Ecol\u00f3gico\",\"description\":\"\",\"publisher\":{\"@id\":\"https:\\\/\\\/saltoecologico.es\\\/#organization\"},\"potentialAction\":[{\"@type\":\"SearchAction\",\"target\":{\"@type\":\"EntryPoint\",\"urlTemplate\":\"https:\\\/\\\/saltoecologico.es\\\/?s={search_term_string}\"},\"query-input\":{\"@type\":\"PropertyValueSpecification\",\"valueRequired\":true,\"valueName\":\"search_term_string\"}}],\"inLanguage\":\"es\"},{\"@type\":\"Organization\",\"@id\":\"https:\\\/\\\/saltoecologico.es\\\/#organization\",\"name\":\"Salto a la Transici\u00f3n Ecol\u00f3gica\",\"url\":\"https:\\\/\\\/saltoecologico.es\\\/\",\"logo\":{\"@type\":\"ImageObject\",\"inLanguage\":\"es\",\"@id\":\"https:\\\/\\\/saltoecologico.es\\\/#\\\/schema\\\/logo\\\/image\\\/\",\"url\":\"https:\\\/\\\/saltoecologico.es\\\/wp-content\\\/uploads\\\/2025\\\/04\\\/Logo-STE.jpg\",\"contentUrl\":\"https:\\\/\\\/saltoecologico.es\\\/wp-content\\\/uploads\\\/2025\\\/04\\\/Logo-STE.jpg\",\"width\":435,\"height\":435,\"caption\":\"Salto a la Transici\u00f3n Ecol\u00f3gica\"},\"image\":{\"@id\":\"https:\\\/\\\/saltoecologico.es\\\/#\\\/schema\\\/logo\\\/image\\\/\"},\"sameAs\":[\"https:\\\/\\\/www.facebook.com\\\/Saltotransicionecologica\"]},{\"@type\":\"Person\",\"@id\":\"https:\\\/\\\/saltoecologico.es\\\/#\\\/schema\\\/person\\\/7175eec4b3c123d86c675313c3a01a0b\",\"name\":\"admin\",\"image\":{\"@type\":\"ImageObject\",\"inLanguage\":\"es\",\"@id\":\"https:\\\/\\\/secure.gravatar.com\\\/avatar\\\/4c215dc57bbc7b2f2f470ac9bd197f3f112636a584e575a732d0206a2d9c9806?s=96&d=mm&r=g\",\"url\":\"https:\\\/\\\/secure.gravatar.com\\\/avatar\\\/4c215dc57bbc7b2f2f470ac9bd197f3f112636a584e575a732d0206a2d9c9806?s=96&d=mm&r=g\",\"contentUrl\":\"https:\\\/\\\/secure.gravatar.com\\\/avatar\\\/4c215dc57bbc7b2f2f470ac9bd197f3f112636a584e575a732d0206a2d9c9806?s=96&d=mm&r=g\",\"caption\":\"admin\"},\"sameAs\":[\"https:\\\/\\\/saltoecologico.es\"],\"url\":\"https:\\\/\\\/saltoecologico.es\\\/index.php\\\/author\\\/saltoecologico\\\/\"}]}<\/script>\n<!-- \/ Yoast SEO plugin. -->","yoast_head_json":{"title":"Sin color pol\u00edtico - Salto Ecol\u00f3gico","robots":{"index":"index","follow":"follow","max-snippet":"max-snippet:-1","max-image-preview":"max-image-preview:large","max-video-preview":"max-video-preview:-1"},"canonical":"https:\/\/saltoecologico.es\/index.php\/2024\/09\/14\/sin-color-politico\/","og_locale":"es_ES","og_type":"article","og_title":"Sin color pol\u00edtico - Salto Ecol\u00f3gico","og_description":"En la legislatura pasada tuvimos la posibilidad de ver el enfrentamiento de dos consejer\u00edas del Gobierno de Canarias por la tramitaci\u00f3n de un proyecto controvertido en el muelle de Las Palmas de Gran Canaria y que no es otro sino el de la empresa TOTISA Holding S.A. que incluir\u00e1 una instalaci\u00f3n de Gas Natural Licuado [&hellip;]","og_url":"https:\/\/saltoecologico.es\/index.php\/2024\/09\/14\/sin-color-politico\/","og_site_name":"Salto Ecol\u00f3gico","article_publisher":"https:\/\/www.facebook.com\/Saltotransicionecologica","article_published_time":"2024-09-14T17:13:00+00:00","article_modified_time":"2025-04-19T17:14:00+00:00","og_image":[{"width":1024,"height":575,"url":"https:\/\/saltoecologico.es\/wp-content\/uploads\/2025\/04\/GNL14.jpg","type":"image\/jpeg"}],"author":"admin","twitter_card":"summary_large_image","twitter_misc":{"Escrito por":"admin","Tiempo de lectura":"3 minutos"},"schema":{"@context":"https:\/\/schema.org","@graph":[{"@type":"Article","@id":"https:\/\/saltoecologico.es\/index.php\/2024\/09\/14\/sin-color-politico\/#article","isPartOf":{"@id":"https:\/\/saltoecologico.es\/index.php\/2024\/09\/14\/sin-color-politico\/"},"author":{"name":"admin","@id":"https:\/\/saltoecologico.es\/#\/schema\/person\/7175eec4b3c123d86c675313c3a01a0b"},"headline":"Sin color pol\u00edtico","datePublished":"2024-09-14T17:13:00+00:00","dateModified":"2025-04-19T17:14:00+00:00","mainEntityOfPage":{"@id":"https:\/\/saltoecologico.es\/index.php\/2024\/09\/14\/sin-color-politico\/"},"wordCount":639,"commentCount":0,"publisher":{"@id":"https:\/\/saltoecologico.es\/#organization"},"image":{"@id":"https:\/\/saltoecologico.es\/index.php\/2024\/09\/14\/sin-color-politico\/#primaryimage"},"thumbnailUrl":"https:\/\/saltoecologico.es\/wp-content\/uploads\/2025\/04\/GNL14.jpg","articleSection":["G_Totisa","GNL"],"inLanguage":"es","potentialAction":[{"@type":"CommentAction","name":"Comment","target":["https:\/\/saltoecologico.es\/index.php\/2024\/09\/14\/sin-color-politico\/#respond"]}]},{"@type":"WebPage","@id":"https:\/\/saltoecologico.es\/index.php\/2024\/09\/14\/sin-color-politico\/","url":"https:\/\/saltoecologico.es\/index.php\/2024\/09\/14\/sin-color-politico\/","name":"Sin color pol\u00edtico - Salto Ecol\u00f3gico","isPartOf":{"@id":"https:\/\/saltoecologico.es\/#website"},"primaryImageOfPage":{"@id":"https:\/\/saltoecologico.es\/index.php\/2024\/09\/14\/sin-color-politico\/#primaryimage"},"image":{"@id":"https:\/\/saltoecologico.es\/index.php\/2024\/09\/14\/sin-color-politico\/#primaryimage"},"thumbnailUrl":"https:\/\/saltoecologico.es\/wp-content\/uploads\/2025\/04\/GNL14.jpg","datePublished":"2024-09-14T17:13:00+00:00","dateModified":"2025-04-19T17:14:00+00:00","breadcrumb":{"@id":"https:\/\/saltoecologico.es\/index.php\/2024\/09\/14\/sin-color-politico\/#breadcrumb"},"inLanguage":"es","potentialAction":[{"@type":"ReadAction","target":["https:\/\/saltoecologico.es\/index.php\/2024\/09\/14\/sin-color-politico\/"]}]},{"@type":"ImageObject","inLanguage":"es","@id":"https:\/\/saltoecologico.es\/index.php\/2024\/09\/14\/sin-color-politico\/#primaryimage","url":"https:\/\/saltoecologico.es\/wp-content\/uploads\/2025\/04\/GNL14.jpg","contentUrl":"https:\/\/saltoecologico.es\/wp-content\/uploads\/2025\/04\/GNL14.jpg","width":1024,"height":575,"caption":"LNG (Liquefied natural gas) tanker anchored in Gas terminal gas tanks for storage. Oil Crude Gas Tanker Ship. LPG at Tanker Bay Petroleum Chemical or Methane freighter export import transportation"},{"@type":"BreadcrumbList","@id":"https:\/\/saltoecologico.es\/index.php\/2024\/09\/14\/sin-color-politico\/#breadcrumb","itemListElement":[{"@type":"ListItem","position":1,"name":"Portada","item":"https:\/\/saltoecologico.es\/"},{"@type":"ListItem","position":2,"name":"Sin color pol\u00edtico"}]},{"@type":"WebSite","@id":"https:\/\/saltoecologico.es\/#website","url":"https:\/\/saltoecologico.es\/","name":"Salto Ecol\u00f3gico","description":"","publisher":{"@id":"https:\/\/saltoecologico.es\/#organization"},"potentialAction":[{"@type":"SearchAction","target":{"@type":"EntryPoint","urlTemplate":"https:\/\/saltoecologico.es\/?s={search_term_string}"},"query-input":{"@type":"PropertyValueSpecification","valueRequired":true,"valueName":"search_term_string"}}],"inLanguage":"es"},{"@type":"Organization","@id":"https:\/\/saltoecologico.es\/#organization","name":"Salto a la Transici\u00f3n Ecol\u00f3gica","url":"https:\/\/saltoecologico.es\/","logo":{"@type":"ImageObject","inLanguage":"es","@id":"https:\/\/saltoecologico.es\/#\/schema\/logo\/image\/","url":"https:\/\/saltoecologico.es\/wp-content\/uploads\/2025\/04\/Logo-STE.jpg","contentUrl":"https:\/\/saltoecologico.es\/wp-content\/uploads\/2025\/04\/Logo-STE.jpg","width":435,"height":435,"caption":"Salto a la Transici\u00f3n Ecol\u00f3gica"},"image":{"@id":"https:\/\/saltoecologico.es\/#\/schema\/logo\/image\/"},"sameAs":["https:\/\/www.facebook.com\/Saltotransicionecologica"]},{"@type":"Person","@id":"https:\/\/saltoecologico.es\/#\/schema\/person\/7175eec4b3c123d86c675313c3a01a0b","name":"admin","image":{"@type":"ImageObject","inLanguage":"es","@id":"https:\/\/secure.gravatar.com\/avatar\/4c215dc57bbc7b2f2f470ac9bd197f3f112636a584e575a732d0206a2d9c9806?s=96&d=mm&r=g","url":"https:\/\/secure.gravatar.com\/avatar\/4c215dc57bbc7b2f2f470ac9bd197f3f112636a584e575a732d0206a2d9c9806?s=96&d=mm&r=g","contentUrl":"https:\/\/secure.gravatar.com\/avatar\/4c215dc57bbc7b2f2f470ac9bd197f3f112636a584e575a732d0206a2d9c9806?s=96&d=mm&r=g","caption":"admin"},"sameAs":["https:\/\/saltoecologico.es"],"url":"https:\/\/saltoecologico.es\/index.php\/author\/saltoecologico\/"}]}},"_links":{"self":[{"href":"https:\/\/saltoecologico.es\/index.php\/wp-json\/wp\/v2\/posts\/761","targetHints":{"allow":["GET"]}}],"collection":[{"href":"https:\/\/saltoecologico.es\/index.php\/wp-json\/wp\/v2\/posts"}],"about":[{"href":"https:\/\/saltoecologico.es\/index.php\/wp-json\/wp\/v2\/types\/post"}],"author":[{"embeddable":true,"href":"https:\/\/saltoecologico.es\/index.php\/wp-json\/wp\/v2\/users\/1"}],"replies":[{"embeddable":true,"href":"https:\/\/saltoecologico.es\/index.php\/wp-json\/wp\/v2\/comments?post=761"}],"version-history":[{"count":1,"href":"https:\/\/saltoecologico.es\/index.php\/wp-json\/wp\/v2\/posts\/761\/revisions"}],"predecessor-version":[{"id":763,"href":"https:\/\/saltoecologico.es\/index.php\/wp-json\/wp\/v2\/posts\/761\/revisions\/763"}],"wp:featuredmedia":[{"embeddable":true,"href":"https:\/\/saltoecologico.es\/index.php\/wp-json\/wp\/v2\/media\/762"}],"wp:attachment":[{"href":"https:\/\/saltoecologico.es\/index.php\/wp-json\/wp\/v2\/media?parent=761"}],"wp:term":[{"taxonomy":"category","embeddable":true,"href":"https:\/\/saltoecologico.es\/index.php\/wp-json\/wp\/v2\/categories?post=761"},{"taxonomy":"post_tag","embeddable":true,"href":"https:\/\/saltoecologico.es\/index.php\/wp-json\/wp\/v2\/tags?post=761"}],"curies":[{"name":"wp","href":"https:\/\/api.w.org\/{rel}","templated":true}]}}