{"id":766,"date":"2024-10-23T17:18:00","date_gmt":"2024-10-23T17:18:00","guid":{"rendered":"https:\/\/saltoecologico.es\/?p=766"},"modified":"2025-04-19T17:18:54","modified_gmt":"2025-04-19T17:18:54","slug":"las-salinas","status":"publish","type":"post","link":"https:\/\/saltoecologico.es\/index.php\/2024\/10\/23\/las-salinas\/","title":{"rendered":"Las Salinas"},"content":{"rendered":"\n<p class=\"wp-block-paragraph\">Ya somos conocedores de que las centrales el\u00e9ctricas de Canarias son altamente contaminantes, pero incluso entre ellas existe un ranking que de m\u00e1s contaminantes a menos ser\u00eda el siguiente: En primer lugar, estar\u00eda La Gomera con 780 Kg de CO<sup>2<\/sup><sub>equiv<\/sub> por MWh, le seguir\u00eda Fuerteventura con 723 Kg de CO<sup>2<\/sup><sub>equiv<\/sub> por MWh. A continuaci\u00f3n, estar\u00eda La Palma con 713 Kg de CO<sup>2<\/sup><sub>equiv<\/sub> por MWh, seguida de Lanzarote, Tenerife y Gran Canaria, con 674, 613 y 562 Kg de CO<sup>2<\/sup><sub>equiv<\/sub> por MWh respectivamente. Cerrando el ranking y a mucha distancia debido a los efectos beneficiosos de Gorona del Viento, tenemos a El Hierro con 418 Kg de CO<sup>2<\/sup><sub>equiv <\/sub>por MWh.<\/p>\n\n\n\n<p class=\"wp-block-paragraph\">El caso de la central de Las Salinas en Fuerteventura es un caso paradigm\u00e1tico de nuestras centrales de combustibles f\u00f3siles. Consultando el Anuario Energ\u00e9tico de Canarias del 2022, \u00faltimo publicado, Las Salina emiti\u00f3 a la atmosfera, en el 2022, la friolera de 453.500 toneladas de CO<sup>2<\/sup><sub>equiv<\/sub>, de las cuales 303.600 Toneladas fueron debido a la quema de fuel y 149.900 fueron debido a la quema de Gas\u00f3leo.<\/p>\n\n\n\n<p class=\"wp-block-paragraph\">Debemos tener en cuenta que el fuel es una fracci\u00f3n del petr\u00f3leo que se obtiene como residuo de la destilaci\u00f3n fraccionada, es decir, una vez que se obtiene la gasolina, el gasoil y dem\u00e1s combustibles, ese chapapote que queda, es lo que se quema mayormente en nuestras centrales en general y en Las Salinas en particular. El grado de fluidez que tiene es tan bajo que hay que calentarlo a 60 o 70 grados para poder movilizarlo. Su compactibilidad llega hasta el punto de que los grupos que lo utilizan no pueden arrancar o parar con \u00e9l, porque si esto ocurriera y se quedara fuel en el interior de los grupos, este se solidificar\u00eda, causando grandes problemas para la integridad de aquellos.<\/p>\n\n\n\n<p class=\"wp-block-paragraph\">Unido a la quema de un combustible tan contam\u00ednate como el fuel, se encuentra la antig\u00fcedad de la flota de grupos de Las Salinas. Efectivamente, de los 12 grupos que tiene esta central 8 tienen su vida \u00fatil regulatoria caducada (algunos desde el a\u00f1o 2000), 1 caduca en el 2025, otro en el 2026 y los dos \u00faltimos en el 2030.<\/p>\n\n\n\n<p class=\"wp-block-paragraph\">En definitiva, en la Central de Las Salinas confluyen todas las malas pr\u00e1cticas que no se deber\u00edan dar en la generaci\u00f3n el\u00e9ctrica si se tiene un m\u00ednimo respeto por el medio ambiente y por las personas. Ubicado en pleno centro de un n\u00facleo poblacional, es la segunda central m\u00e1s contaminante del archipi\u00e9lago por MWh, con una flota de grupos bastante anticuada y obsoleta, quemando combustibles de desecho que adem\u00e1s crean una dependencia perniciosa del exterior.<\/p>\n\n\n\n<p class=\"wp-block-paragraph\">Simplemente por lo apuntado la poblaci\u00f3n de Fuerteventura deber\u00eda estar en las calles exigiendo un modelo renovable y limpio para la generaci\u00f3n el\u00e9ctrica, sin ning\u00fan tipo de ambages ni salvedades, porque lo que existe es insostenible por m\u00e1s tiempo.<\/p>\n","protected":false},"excerpt":{"rendered":"<p>Ya somos conocedores de que las centrales el\u00e9ctricas de Canarias son altamente contaminantes, pero incluso entre ellas existe un ranking que de m\u00e1s contaminantes a menos ser\u00eda el siguiente: En primer lugar, estar\u00eda La Gomera con 780 Kg de CO2equiv por MWh, le seguir\u00eda Fuerteventura con 723 Kg de CO2equiv por MWh. A continuaci\u00f3n, estar\u00eda [&hellip;]<\/p>\n","protected":false},"author":1,"featured_media":767,"comment_status":"open","ping_status":"open","sticky":false,"template":"","format":"standard","meta":{"footnotes":""},"categories":[42],"tags":[],"class_list":["post-766","post","type-post","status-publish","format-standard","has-post-thumbnail","category-fosiles"],"yoast_head":"<!-- This site is optimized with the Yoast SEO plugin v28.2 - https:\/\/yoast.com\/product\/yoast-seo-wordpress\/ -->\n<title>Las Salinas - Salto Ecol\u00f3gico<\/title>\n<meta name=\"robots\" content=\"index, follow, max-snippet:-1, max-image-preview:large, max-video-preview:-1\" \/>\n<link rel=\"canonical\" href=\"https:\/\/saltoecologico.es\/index.php\/2024\/10\/23\/las-salinas\/\" \/>\n<meta property=\"og:locale\" content=\"es_ES\" \/>\n<meta property=\"og:type\" content=\"article\" \/>\n<meta property=\"og:title\" content=\"Las Salinas - Salto Ecol\u00f3gico\" \/>\n<meta property=\"og:description\" content=\"Ya somos conocedores de que las centrales el\u00e9ctricas de Canarias son altamente contaminantes, pero incluso entre ellas existe un ranking que de m\u00e1s contaminantes a menos ser\u00eda el siguiente: En primer lugar, estar\u00eda La Gomera con 780 Kg de CO2equiv por MWh, le seguir\u00eda Fuerteventura con 723 Kg de CO2equiv por MWh. A continuaci\u00f3n, estar\u00eda [&hellip;]\" \/>\n<meta property=\"og:url\" content=\"https:\/\/saltoecologico.es\/index.php\/2024\/10\/23\/las-salinas\/\" \/>\n<meta property=\"og:site_name\" content=\"Salto Ecol\u00f3gico\" \/>\n<meta property=\"article:publisher\" content=\"https:\/\/www.facebook.com\/Saltotransicionecologica\" \/>\n<meta property=\"article:published_time\" content=\"2024-10-23T17:18:00+00:00\" \/>\n<meta property=\"article:modified_time\" content=\"2025-04-19T17:18:54+00:00\" \/>\n<meta property=\"og:image\" content=\"https:\/\/saltoecologico.es\/wp-content\/uploads\/2025\/04\/Fosiles33.jpg\" \/>\n\t<meta property=\"og:image:width\" content=\"1024\" \/>\n\t<meta property=\"og:image:height\" content=\"683\" \/>\n\t<meta property=\"og:image:type\" content=\"image\/jpeg\" \/>\n<meta name=\"author\" content=\"admin\" \/>\n<meta name=\"twitter:card\" content=\"summary_large_image\" \/>\n<meta name=\"twitter:label1\" content=\"Escrito por\" \/>\n\t<meta name=\"twitter:data1\" content=\"admin\" \/>\n\t<meta name=\"twitter:label2\" content=\"Tiempo de lectura\" \/>\n\t<meta name=\"twitter:data2\" content=\"3 minutos\" \/>\n<script type=\"application\/ld+json\" class=\"yoast-schema-graph\">{\"@context\":\"https:\\\/\\\/schema.org\",\"@graph\":[{\"@type\":\"Article\",\"@id\":\"https:\\\/\\\/saltoecologico.es\\\/index.php\\\/2024\\\/10\\\/23\\\/las-salinas\\\/#article\",\"isPartOf\":{\"@id\":\"https:\\\/\\\/saltoecologico.es\\\/index.php\\\/2024\\\/10\\\/23\\\/las-salinas\\\/\"},\"author\":{\"name\":\"admin\",\"@id\":\"https:\\\/\\\/saltoecologico.es\\\/#\\\/schema\\\/person\\\/7175eec4b3c123d86c675313c3a01a0b\"},\"headline\":\"Las Salinas\",\"datePublished\":\"2024-10-23T17:18:00+00:00\",\"dateModified\":\"2025-04-19T17:18:54+00:00\",\"mainEntityOfPage\":{\"@id\":\"https:\\\/\\\/saltoecologico.es\\\/index.php\\\/2024\\\/10\\\/23\\\/las-salinas\\\/\"},\"wordCount\":494,\"commentCount\":0,\"publisher\":{\"@id\":\"https:\\\/\\\/saltoecologico.es\\\/#organization\"},\"image\":{\"@id\":\"https:\\\/\\\/saltoecologico.es\\\/index.php\\\/2024\\\/10\\\/23\\\/las-salinas\\\/#primaryimage\"},\"thumbnailUrl\":\"https:\\\/\\\/saltoecologico.es\\\/wp-content\\\/uploads\\\/2025\\\/04\\\/Fosiles33.jpg\",\"articleSection\":[\"F\u00f3siles\"],\"inLanguage\":\"es\",\"potentialAction\":[{\"@type\":\"CommentAction\",\"name\":\"Comment\",\"target\":[\"https:\\\/\\\/saltoecologico.es\\\/index.php\\\/2024\\\/10\\\/23\\\/las-salinas\\\/#respond\"]}]},{\"@type\":\"WebPage\",\"@id\":\"https:\\\/\\\/saltoecologico.es\\\/index.php\\\/2024\\\/10\\\/23\\\/las-salinas\\\/\",\"url\":\"https:\\\/\\\/saltoecologico.es\\\/index.php\\\/2024\\\/10\\\/23\\\/las-salinas\\\/\",\"name\":\"Las Salinas - Salto Ecol\u00f3gico\",\"isPartOf\":{\"@id\":\"https:\\\/\\\/saltoecologico.es\\\/#website\"},\"primaryImageOfPage\":{\"@id\":\"https:\\\/\\\/saltoecologico.es\\\/index.php\\\/2024\\\/10\\\/23\\\/las-salinas\\\/#primaryimage\"},\"image\":{\"@id\":\"https:\\\/\\\/saltoecologico.es\\\/index.php\\\/2024\\\/10\\\/23\\\/las-salinas\\\/#primaryimage\"},\"thumbnailUrl\":\"https:\\\/\\\/saltoecologico.es\\\/wp-content\\\/uploads\\\/2025\\\/04\\\/Fosiles33.jpg\",\"datePublished\":\"2024-10-23T17:18:00+00:00\",\"dateModified\":\"2025-04-19T17:18:54+00:00\",\"breadcrumb\":{\"@id\":\"https:\\\/\\\/saltoecologico.es\\\/index.php\\\/2024\\\/10\\\/23\\\/las-salinas\\\/#breadcrumb\"},\"inLanguage\":\"es\",\"potentialAction\":[{\"@type\":\"ReadAction\",\"target\":[\"https:\\\/\\\/saltoecologico.es\\\/index.php\\\/2024\\\/10\\\/23\\\/las-salinas\\\/\"]}]},{\"@type\":\"ImageObject\",\"inLanguage\":\"es\",\"@id\":\"https:\\\/\\\/saltoecologico.es\\\/index.php\\\/2024\\\/10\\\/23\\\/las-salinas\\\/#primaryimage\",\"url\":\"https:\\\/\\\/saltoecologico.es\\\/wp-content\\\/uploads\\\/2025\\\/04\\\/Fosiles33.jpg\",\"contentUrl\":\"https:\\\/\\\/saltoecologico.es\\\/wp-content\\\/uploads\\\/2025\\\/04\\\/Fosiles33.jpg\",\"width\":1024,\"height\":683,\"caption\":\"An industrial skyline at dusk - Rotterdam in the Netherlands.\"},{\"@type\":\"BreadcrumbList\",\"@id\":\"https:\\\/\\\/saltoecologico.es\\\/index.php\\\/2024\\\/10\\\/23\\\/las-salinas\\\/#breadcrumb\",\"itemListElement\":[{\"@type\":\"ListItem\",\"position\":1,\"name\":\"Portada\",\"item\":\"https:\\\/\\\/saltoecologico.es\\\/\"},{\"@type\":\"ListItem\",\"position\":2,\"name\":\"Las Salinas\"}]},{\"@type\":\"WebSite\",\"@id\":\"https:\\\/\\\/saltoecologico.es\\\/#website\",\"url\":\"https:\\\/\\\/saltoecologico.es\\\/\",\"name\":\"Salto Ecol\u00f3gico\",\"description\":\"\",\"publisher\":{\"@id\":\"https:\\\/\\\/saltoecologico.es\\\/#organization\"},\"potentialAction\":[{\"@type\":\"SearchAction\",\"target\":{\"@type\":\"EntryPoint\",\"urlTemplate\":\"https:\\\/\\\/saltoecologico.es\\\/?s={search_term_string}\"},\"query-input\":{\"@type\":\"PropertyValueSpecification\",\"valueRequired\":true,\"valueName\":\"search_term_string\"}}],\"inLanguage\":\"es\"},{\"@type\":\"Organization\",\"@id\":\"https:\\\/\\\/saltoecologico.es\\\/#organization\",\"name\":\"Salto a la Transici\u00f3n Ecol\u00f3gica\",\"url\":\"https:\\\/\\\/saltoecologico.es\\\/\",\"logo\":{\"@type\":\"ImageObject\",\"inLanguage\":\"es\",\"@id\":\"https:\\\/\\\/saltoecologico.es\\\/#\\\/schema\\\/logo\\\/image\\\/\",\"url\":\"https:\\\/\\\/saltoecologico.es\\\/wp-content\\\/uploads\\\/2025\\\/04\\\/Logo-STE.jpg\",\"contentUrl\":\"https:\\\/\\\/saltoecologico.es\\\/wp-content\\\/uploads\\\/2025\\\/04\\\/Logo-STE.jpg\",\"width\":435,\"height\":435,\"caption\":\"Salto a la Transici\u00f3n Ecol\u00f3gica\"},\"image\":{\"@id\":\"https:\\\/\\\/saltoecologico.es\\\/#\\\/schema\\\/logo\\\/image\\\/\"},\"sameAs\":[\"https:\\\/\\\/www.facebook.com\\\/Saltotransicionecologica\"]},{\"@type\":\"Person\",\"@id\":\"https:\\\/\\\/saltoecologico.es\\\/#\\\/schema\\\/person\\\/7175eec4b3c123d86c675313c3a01a0b\",\"name\":\"admin\",\"image\":{\"@type\":\"ImageObject\",\"inLanguage\":\"es\",\"@id\":\"https:\\\/\\\/secure.gravatar.com\\\/avatar\\\/4c215dc57bbc7b2f2f470ac9bd197f3f112636a584e575a732d0206a2d9c9806?s=96&d=mm&r=g\",\"url\":\"https:\\\/\\\/secure.gravatar.com\\\/avatar\\\/4c215dc57bbc7b2f2f470ac9bd197f3f112636a584e575a732d0206a2d9c9806?s=96&d=mm&r=g\",\"contentUrl\":\"https:\\\/\\\/secure.gravatar.com\\\/avatar\\\/4c215dc57bbc7b2f2f470ac9bd197f3f112636a584e575a732d0206a2d9c9806?s=96&d=mm&r=g\",\"caption\":\"admin\"},\"sameAs\":[\"https:\\\/\\\/saltoecologico.es\"],\"url\":\"https:\\\/\\\/saltoecologico.es\\\/index.php\\\/author\\\/saltoecologico\\\/\"}]}<\/script>\n<!-- \/ Yoast SEO plugin. -->","yoast_head_json":{"title":"Las Salinas - Salto Ecol\u00f3gico","robots":{"index":"index","follow":"follow","max-snippet":"max-snippet:-1","max-image-preview":"max-image-preview:large","max-video-preview":"max-video-preview:-1"},"canonical":"https:\/\/saltoecologico.es\/index.php\/2024\/10\/23\/las-salinas\/","og_locale":"es_ES","og_type":"article","og_title":"Las Salinas - Salto Ecol\u00f3gico","og_description":"Ya somos conocedores de que las centrales el\u00e9ctricas de Canarias son altamente contaminantes, pero incluso entre ellas existe un ranking que de m\u00e1s contaminantes a menos ser\u00eda el siguiente: En primer lugar, estar\u00eda La Gomera con 780 Kg de CO2equiv por MWh, le seguir\u00eda Fuerteventura con 723 Kg de CO2equiv por MWh. A continuaci\u00f3n, estar\u00eda [&hellip;]","og_url":"https:\/\/saltoecologico.es\/index.php\/2024\/10\/23\/las-salinas\/","og_site_name":"Salto Ecol\u00f3gico","article_publisher":"https:\/\/www.facebook.com\/Saltotransicionecologica","article_published_time":"2024-10-23T17:18:00+00:00","article_modified_time":"2025-04-19T17:18:54+00:00","og_image":[{"width":1024,"height":683,"url":"https:\/\/saltoecologico.es\/wp-content\/uploads\/2025\/04\/Fosiles33.jpg","type":"image\/jpeg"}],"author":"admin","twitter_card":"summary_large_image","twitter_misc":{"Escrito por":"admin","Tiempo de lectura":"3 minutos"},"schema":{"@context":"https:\/\/schema.org","@graph":[{"@type":"Article","@id":"https:\/\/saltoecologico.es\/index.php\/2024\/10\/23\/las-salinas\/#article","isPartOf":{"@id":"https:\/\/saltoecologico.es\/index.php\/2024\/10\/23\/las-salinas\/"},"author":{"name":"admin","@id":"https:\/\/saltoecologico.es\/#\/schema\/person\/7175eec4b3c123d86c675313c3a01a0b"},"headline":"Las Salinas","datePublished":"2024-10-23T17:18:00+00:00","dateModified":"2025-04-19T17:18:54+00:00","mainEntityOfPage":{"@id":"https:\/\/saltoecologico.es\/index.php\/2024\/10\/23\/las-salinas\/"},"wordCount":494,"commentCount":0,"publisher":{"@id":"https:\/\/saltoecologico.es\/#organization"},"image":{"@id":"https:\/\/saltoecologico.es\/index.php\/2024\/10\/23\/las-salinas\/#primaryimage"},"thumbnailUrl":"https:\/\/saltoecologico.es\/wp-content\/uploads\/2025\/04\/Fosiles33.jpg","articleSection":["F\u00f3siles"],"inLanguage":"es","potentialAction":[{"@type":"CommentAction","name":"Comment","target":["https:\/\/saltoecologico.es\/index.php\/2024\/10\/23\/las-salinas\/#respond"]}]},{"@type":"WebPage","@id":"https:\/\/saltoecologico.es\/index.php\/2024\/10\/23\/las-salinas\/","url":"https:\/\/saltoecologico.es\/index.php\/2024\/10\/23\/las-salinas\/","name":"Las Salinas - Salto Ecol\u00f3gico","isPartOf":{"@id":"https:\/\/saltoecologico.es\/#website"},"primaryImageOfPage":{"@id":"https:\/\/saltoecologico.es\/index.php\/2024\/10\/23\/las-salinas\/#primaryimage"},"image":{"@id":"https:\/\/saltoecologico.es\/index.php\/2024\/10\/23\/las-salinas\/#primaryimage"},"thumbnailUrl":"https:\/\/saltoecologico.es\/wp-content\/uploads\/2025\/04\/Fosiles33.jpg","datePublished":"2024-10-23T17:18:00+00:00","dateModified":"2025-04-19T17:18:54+00:00","breadcrumb":{"@id":"https:\/\/saltoecologico.es\/index.php\/2024\/10\/23\/las-salinas\/#breadcrumb"},"inLanguage":"es","potentialAction":[{"@type":"ReadAction","target":["https:\/\/saltoecologico.es\/index.php\/2024\/10\/23\/las-salinas\/"]}]},{"@type":"ImageObject","inLanguage":"es","@id":"https:\/\/saltoecologico.es\/index.php\/2024\/10\/23\/las-salinas\/#primaryimage","url":"https:\/\/saltoecologico.es\/wp-content\/uploads\/2025\/04\/Fosiles33.jpg","contentUrl":"https:\/\/saltoecologico.es\/wp-content\/uploads\/2025\/04\/Fosiles33.jpg","width":1024,"height":683,"caption":"An industrial skyline at dusk - Rotterdam in the Netherlands."},{"@type":"BreadcrumbList","@id":"https:\/\/saltoecologico.es\/index.php\/2024\/10\/23\/las-salinas\/#breadcrumb","itemListElement":[{"@type":"ListItem","position":1,"name":"Portada","item":"https:\/\/saltoecologico.es\/"},{"@type":"ListItem","position":2,"name":"Las Salinas"}]},{"@type":"WebSite","@id":"https:\/\/saltoecologico.es\/#website","url":"https:\/\/saltoecologico.es\/","name":"Salto Ecol\u00f3gico","description":"","publisher":{"@id":"https:\/\/saltoecologico.es\/#organization"},"potentialAction":[{"@type":"SearchAction","target":{"@type":"EntryPoint","urlTemplate":"https:\/\/saltoecologico.es\/?s={search_term_string}"},"query-input":{"@type":"PropertyValueSpecification","valueRequired":true,"valueName":"search_term_string"}}],"inLanguage":"es"},{"@type":"Organization","@id":"https:\/\/saltoecologico.es\/#organization","name":"Salto a la Transici\u00f3n Ecol\u00f3gica","url":"https:\/\/saltoecologico.es\/","logo":{"@type":"ImageObject","inLanguage":"es","@id":"https:\/\/saltoecologico.es\/#\/schema\/logo\/image\/","url":"https:\/\/saltoecologico.es\/wp-content\/uploads\/2025\/04\/Logo-STE.jpg","contentUrl":"https:\/\/saltoecologico.es\/wp-content\/uploads\/2025\/04\/Logo-STE.jpg","width":435,"height":435,"caption":"Salto a la Transici\u00f3n Ecol\u00f3gica"},"image":{"@id":"https:\/\/saltoecologico.es\/#\/schema\/logo\/image\/"},"sameAs":["https:\/\/www.facebook.com\/Saltotransicionecologica"]},{"@type":"Person","@id":"https:\/\/saltoecologico.es\/#\/schema\/person\/7175eec4b3c123d86c675313c3a01a0b","name":"admin","image":{"@type":"ImageObject","inLanguage":"es","@id":"https:\/\/secure.gravatar.com\/avatar\/4c215dc57bbc7b2f2f470ac9bd197f3f112636a584e575a732d0206a2d9c9806?s=96&d=mm&r=g","url":"https:\/\/secure.gravatar.com\/avatar\/4c215dc57bbc7b2f2f470ac9bd197f3f112636a584e575a732d0206a2d9c9806?s=96&d=mm&r=g","contentUrl":"https:\/\/secure.gravatar.com\/avatar\/4c215dc57bbc7b2f2f470ac9bd197f3f112636a584e575a732d0206a2d9c9806?s=96&d=mm&r=g","caption":"admin"},"sameAs":["https:\/\/saltoecologico.es"],"url":"https:\/\/saltoecologico.es\/index.php\/author\/saltoecologico\/"}]}},"_links":{"self":[{"href":"https:\/\/saltoecologico.es\/index.php\/wp-json\/wp\/v2\/posts\/766","targetHints":{"allow":["GET"]}}],"collection":[{"href":"https:\/\/saltoecologico.es\/index.php\/wp-json\/wp\/v2\/posts"}],"about":[{"href":"https:\/\/saltoecologico.es\/index.php\/wp-json\/wp\/v2\/types\/post"}],"author":[{"embeddable":true,"href":"https:\/\/saltoecologico.es\/index.php\/wp-json\/wp\/v2\/users\/1"}],"replies":[{"embeddable":true,"href":"https:\/\/saltoecologico.es\/index.php\/wp-json\/wp\/v2\/comments?post=766"}],"version-history":[{"count":1,"href":"https:\/\/saltoecologico.es\/index.php\/wp-json\/wp\/v2\/posts\/766\/revisions"}],"predecessor-version":[{"id":768,"href":"https:\/\/saltoecologico.es\/index.php\/wp-json\/wp\/v2\/posts\/766\/revisions\/768"}],"wp:featuredmedia":[{"embeddable":true,"href":"https:\/\/saltoecologico.es\/index.php\/wp-json\/wp\/v2\/media\/767"}],"wp:attachment":[{"href":"https:\/\/saltoecologico.es\/index.php\/wp-json\/wp\/v2\/media?parent=766"}],"wp:term":[{"taxonomy":"category","embeddable":true,"href":"https:\/\/saltoecologico.es\/index.php\/wp-json\/wp\/v2\/categories?post=766"},{"taxonomy":"post_tag","embeddable":true,"href":"https:\/\/saltoecologico.es\/index.php\/wp-json\/wp\/v2\/tags?post=766"}],"curies":[{"name":"wp","href":"https:\/\/api.w.org\/{rel}","templated":true}]}}