{"id":769,"date":"2024-10-23T17:20:00","date_gmt":"2024-10-23T17:20:00","guid":{"rendered":"https:\/\/saltoecologico.es\/?p=769"},"modified":"2025-04-19T17:20:48","modified_gmt":"2025-04-19T17:20:48","slug":"curiosa-licitacion","status":"publish","type":"post","link":"https:\/\/saltoecologico.es\/index.php\/2024\/10\/23\/curiosa-licitacion\/","title":{"rendered":"Curiosa licitaci\u00f3n"},"content":{"rendered":"\n<p class=\"wp-block-paragraph\">En la web de La Moncloa podemos leer que el pasado 22 de octubre \u201cel Consejo de Ministros ha autorizado licitar por 44 millones de euros la construcci\u00f3n de un dique-muelle comercial en el puerto de Puerto del Rosario, en la isla de Fuerteventura.<\/p>\n\n\n\n<p class=\"wp-block-paragraph\">Los trabajos contemplan la ejecuci\u00f3n de una nueva estructura exterior que dar\u00e1 continuidad al muelle comercial, mediante dos formaciones alineadas: la primera de ellas tiene una secci\u00f3n en talud y su objetivo fundamental es conectar las instalaciones actuales con la segunda formaci\u00f3n de la obra, de 375 metros de longitud y secci\u00f3n vertical, soluci\u00f3n t\u00e9cnica que permitir\u00e1 el atraque de buques en su cara interior.<\/p>\n\n\n\n<p class=\"wp-block-paragraph\">Se consigue as\u00ed mejorar las condiciones de abrigo en la parte sur del puerto y generar una nueva l\u00ednea de atraque, que se destinar\u00e1 en primer t\u00e9rmino a la descarga de combustible. De esta forma, se independizan este tipo de descargas, que necesitan de mayor seguridad, hacia una zona m\u00e1s alejada del resto de actividades que se realizan en el puerto, abriendo adem\u00e1s la posibilidad de ser utilizada por otro tipo de tr\u00e1fico que opera en la instalaci\u00f3n, ampliando consiguientemente su capacidad global. \u201c<\/p>\n\n\n\n<p class=\"wp-block-paragraph\">Esta informaci\u00f3n que en principio podr\u00eda parecer inocua presente una serie de interrogantes al albur de otras cuestiones que han ido sucediendo en fechas cercanas.<\/p>\n\n\n\n<p class=\"wp-block-paragraph\">En primer lugar, tenemos que recientemente se ha cerrado la admisi\u00f3n de solicitudes para entrar en el proceso de concurrencia competitiva, por el cual Canarias en general y Fuerteventura en particular, iban a ser dotados de potencia adicional en la generaci\u00f3n t\u00e9rmica, concretamente en la isla majorera esa potencia adicional asciende a la cantidad de 65 MW.<\/p>\n\n\n\n<p class=\"wp-block-paragraph\">En segundo lugar y debido a la declaraci\u00f3n de emergencia energ\u00e9tica, el Gobierno de Canarias convoc\u00f3 con car\u00e1cter de urgencia un proceso para cubrir con grupos de emergencia algunas islas del archipi\u00e9lago. Concretamente en Fuerteventura las necesidades argumentadas eran de 50 MW.<\/p>\n\n\n\n<p class=\"wp-block-paragraph\">En tercer lugar, dadas las caracter\u00edsticas de los 115 MW (Casi el 50% de la potencia instalada en la isla) requeridos en total, todo parece apuntar que el combustible que van a utilizar ser\u00e1 el gas natural, que ser\u00e1 transportado a la isla mediante buques metaneros en forma de gas natural licuado.<\/p>\n\n\n\n<p class=\"wp-block-paragraph\">En cuarto lugar, el Gobierno de Canarias ha desestimado la ubicaci\u00f3n de estos grupos ofertado por la corporaci\u00f3n local en la zona de Lomos Pelados, por lo que la ubicaci\u00f3n en la zona de la Central de Salinas cobra m\u00e1s fuerza que nunca.<\/p>\n\n\n\n<p class=\"wp-block-paragraph\">En quinto lugar, si bien es cierto que Endesa tiene limitada su participaci\u00f3n porque sobrepasa con creces el l\u00edmite legal del 40%, no es menos cierto que en caso de no haber ofertas de otros operadores Endesa puede optar a hacerse con la potencia adicional. En este sentido cabe recordar que la presentaci\u00f3n de solicitudes se ampli\u00f3 en un mes m\u00e1s y todo parece indicar que por la falta de ofertantes.<\/p>\n\n\n\n<p class=\"wp-block-paragraph\">En sexto lugar, suponiendo que la ubicaci\u00f3n final de esos grupos sea las Salinas y que el combustible fuera gas natural, la soluci\u00f3n t\u00e9cnica m\u00e1s sencilla (que no la m\u00e1s conveniente) seria atracar los metaneros en el muelle de Puerto del Rosario y mediante alg\u00fan tipo de canalizaci\u00f3n hacer llegar el combustible a la zona de generaci\u00f3n.<\/p>\n\n\n\n<p class=\"wp-block-paragraph\">En s\u00e9ptimo lugar, durante 2022 y 2023 se han estado llevando a cabo unas obras supuestamente de alcantarillado que curiosamente coinciden, en su recorrido, desde el puerto hasta las inmediaciones de la central. Estas obras, fuertemente contestadas por la poblaci\u00f3n, estuvieron rodeadas de un secretismo y especulaciones m\u00e1s all\u00e1 de lo usual.<\/p>\n\n\n\n<p class=\"wp-block-paragraph\">Tanto la informaci\u00f3n inicial como el resto de puntos est\u00e1n totalmente contrastadas, lo que es simplemente una conjetura es la posible relaci\u00f3n que pueda haber entre una y las otras, pero a priori todo parece encajar de una manera matem\u00e1tica. Si esto fuera as\u00ed, la poblaci\u00f3n de la zona deber\u00eda tener todo el derecho del mundo a conocerla de primera mano de boca de sus representantes pol\u00edticos en las distintas administraciones para poder expresar su opini\u00f3n al respecto.<\/p>\n","protected":false},"excerpt":{"rendered":"<p>En la web de La Moncloa podemos leer que el pasado 22 de octubre \u201cel Consejo de Ministros ha autorizado licitar por 44 millones de euros la construcci\u00f3n de un dique-muelle comercial en el puerto de Puerto del Rosario, en la isla de Fuerteventura. Los trabajos contemplan la ejecuci\u00f3n de una nueva estructura exterior que [&hellip;]<\/p>\n","protected":false},"author":1,"featured_media":758,"comment_status":"open","ping_status":"open","sticky":false,"template":"","format":"standard","meta":{"footnotes":""},"categories":[55],"tags":[],"class_list":["post-769","post","type-post","status-publish","format-standard","has-post-thumbnail","category-general"],"yoast_head":"<!-- This site is optimized with the Yoast SEO plugin v28.2 - https:\/\/yoast.com\/product\/yoast-seo-wordpress\/ -->\n<title>Curiosa licitaci\u00f3n - Salto Ecol\u00f3gico<\/title>\n<meta name=\"robots\" content=\"index, follow, max-snippet:-1, max-image-preview:large, max-video-preview:-1\" \/>\n<link rel=\"canonical\" href=\"https:\/\/saltoecologico.es\/index.php\/2024\/10\/23\/curiosa-licitacion\/\" \/>\n<meta property=\"og:locale\" content=\"es_ES\" \/>\n<meta property=\"og:type\" content=\"article\" \/>\n<meta property=\"og:title\" content=\"Curiosa licitaci\u00f3n - Salto Ecol\u00f3gico\" \/>\n<meta property=\"og:description\" content=\"En la web de La Moncloa podemos leer que el pasado 22 de octubre \u201cel Consejo de Ministros ha autorizado licitar por 44 millones de euros la construcci\u00f3n de un dique-muelle comercial en el puerto de Puerto del Rosario, en la isla de Fuerteventura. Los trabajos contemplan la ejecuci\u00f3n de una nueva estructura exterior que [&hellip;]\" \/>\n<meta property=\"og:url\" content=\"https:\/\/saltoecologico.es\/index.php\/2024\/10\/23\/curiosa-licitacion\/\" \/>\n<meta property=\"og:site_name\" content=\"Salto Ecol\u00f3gico\" \/>\n<meta property=\"article:publisher\" content=\"https:\/\/www.facebook.com\/Saltotransicionecologica\" \/>\n<meta property=\"article:published_time\" content=\"2024-10-23T17:20:00+00:00\" \/>\n<meta property=\"article:modified_time\" content=\"2025-04-19T17:20:48+00:00\" \/>\n<meta property=\"og:image\" content=\"https:\/\/saltoecologico.es\/wp-content\/uploads\/2025\/04\/GNL8-1.jpg\" \/>\n\t<meta property=\"og:image:width\" content=\"1024\" \/>\n\t<meta property=\"og:image:height\" content=\"575\" \/>\n\t<meta property=\"og:image:type\" content=\"image\/jpeg\" \/>\n<meta name=\"author\" content=\"admin\" \/>\n<meta name=\"twitter:card\" content=\"summary_large_image\" \/>\n<meta name=\"twitter:label1\" content=\"Escrito por\" \/>\n\t<meta name=\"twitter:data1\" content=\"admin\" \/>\n\t<meta name=\"twitter:label2\" content=\"Tiempo de lectura\" \/>\n\t<meta name=\"twitter:data2\" content=\"4 minutos\" \/>\n<script type=\"application\/ld+json\" class=\"yoast-schema-graph\">{\"@context\":\"https:\\\/\\\/schema.org\",\"@graph\":[{\"@type\":\"Article\",\"@id\":\"https:\\\/\\\/saltoecologico.es\\\/index.php\\\/2024\\\/10\\\/23\\\/curiosa-licitacion\\\/#article\",\"isPartOf\":{\"@id\":\"https:\\\/\\\/saltoecologico.es\\\/index.php\\\/2024\\\/10\\\/23\\\/curiosa-licitacion\\\/\"},\"author\":{\"name\":\"admin\",\"@id\":\"https:\\\/\\\/saltoecologico.es\\\/#\\\/schema\\\/person\\\/7175eec4b3c123d86c675313c3a01a0b\"},\"headline\":\"Curiosa licitaci\u00f3n\",\"datePublished\":\"2024-10-23T17:20:00+00:00\",\"dateModified\":\"2025-04-19T17:20:48+00:00\",\"mainEntityOfPage\":{\"@id\":\"https:\\\/\\\/saltoecologico.es\\\/index.php\\\/2024\\\/10\\\/23\\\/curiosa-licitacion\\\/\"},\"wordCount\":712,\"commentCount\":0,\"publisher\":{\"@id\":\"https:\\\/\\\/saltoecologico.es\\\/#organization\"},\"image\":{\"@id\":\"https:\\\/\\\/saltoecologico.es\\\/index.php\\\/2024\\\/10\\\/23\\\/curiosa-licitacion\\\/#primaryimage\"},\"thumbnailUrl\":\"https:\\\/\\\/saltoecologico.es\\\/wp-content\\\/uploads\\\/2025\\\/04\\\/GNL8-1.jpg\",\"articleSection\":[\"General\"],\"inLanguage\":\"es\",\"potentialAction\":[{\"@type\":\"CommentAction\",\"name\":\"Comment\",\"target\":[\"https:\\\/\\\/saltoecologico.es\\\/index.php\\\/2024\\\/10\\\/23\\\/curiosa-licitacion\\\/#respond\"]}]},{\"@type\":\"WebPage\",\"@id\":\"https:\\\/\\\/saltoecologico.es\\\/index.php\\\/2024\\\/10\\\/23\\\/curiosa-licitacion\\\/\",\"url\":\"https:\\\/\\\/saltoecologico.es\\\/index.php\\\/2024\\\/10\\\/23\\\/curiosa-licitacion\\\/\",\"name\":\"Curiosa licitaci\u00f3n - Salto Ecol\u00f3gico\",\"isPartOf\":{\"@id\":\"https:\\\/\\\/saltoecologico.es\\\/#website\"},\"primaryImageOfPage\":{\"@id\":\"https:\\\/\\\/saltoecologico.es\\\/index.php\\\/2024\\\/10\\\/23\\\/curiosa-licitacion\\\/#primaryimage\"},\"image\":{\"@id\":\"https:\\\/\\\/saltoecologico.es\\\/index.php\\\/2024\\\/10\\\/23\\\/curiosa-licitacion\\\/#primaryimage\"},\"thumbnailUrl\":\"https:\\\/\\\/saltoecologico.es\\\/wp-content\\\/uploads\\\/2025\\\/04\\\/GNL8-1.jpg\",\"datePublished\":\"2024-10-23T17:20:00+00:00\",\"dateModified\":\"2025-04-19T17:20:48+00:00\",\"breadcrumb\":{\"@id\":\"https:\\\/\\\/saltoecologico.es\\\/index.php\\\/2024\\\/10\\\/23\\\/curiosa-licitacion\\\/#breadcrumb\"},\"inLanguage\":\"es\",\"potentialAction\":[{\"@type\":\"ReadAction\",\"target\":[\"https:\\\/\\\/saltoecologico.es\\\/index.php\\\/2024\\\/10\\\/23\\\/curiosa-licitacion\\\/\"]}]},{\"@type\":\"ImageObject\",\"inLanguage\":\"es\",\"@id\":\"https:\\\/\\\/saltoecologico.es\\\/index.php\\\/2024\\\/10\\\/23\\\/curiosa-licitacion\\\/#primaryimage\",\"url\":\"https:\\\/\\\/saltoecologico.es\\\/wp-content\\\/uploads\\\/2025\\\/04\\\/GNL8-1.jpg\",\"contentUrl\":\"https:\\\/\\\/saltoecologico.es\\\/wp-content\\\/uploads\\\/2025\\\/04\\\/GNL8-1.jpg\",\"width\":1024,\"height\":575,\"caption\":\"LNG (Liquefied natural gas) tanker anchored in Gas terminal gas tanks for storage. Oil Crude Gas Tanker Ship. LPG at Tanker Bay Petroleum Chemical or Methane freighter export import transportation\"},{\"@type\":\"BreadcrumbList\",\"@id\":\"https:\\\/\\\/saltoecologico.es\\\/index.php\\\/2024\\\/10\\\/23\\\/curiosa-licitacion\\\/#breadcrumb\",\"itemListElement\":[{\"@type\":\"ListItem\",\"position\":1,\"name\":\"Portada\",\"item\":\"https:\\\/\\\/saltoecologico.es\\\/\"},{\"@type\":\"ListItem\",\"position\":2,\"name\":\"Curiosa licitaci\u00f3n\"}]},{\"@type\":\"WebSite\",\"@id\":\"https:\\\/\\\/saltoecologico.es\\\/#website\",\"url\":\"https:\\\/\\\/saltoecologico.es\\\/\",\"name\":\"Salto Ecol\u00f3gico\",\"description\":\"\",\"publisher\":{\"@id\":\"https:\\\/\\\/saltoecologico.es\\\/#organization\"},\"potentialAction\":[{\"@type\":\"SearchAction\",\"target\":{\"@type\":\"EntryPoint\",\"urlTemplate\":\"https:\\\/\\\/saltoecologico.es\\\/?s={search_term_string}\"},\"query-input\":{\"@type\":\"PropertyValueSpecification\",\"valueRequired\":true,\"valueName\":\"search_term_string\"}}],\"inLanguage\":\"es\"},{\"@type\":\"Organization\",\"@id\":\"https:\\\/\\\/saltoecologico.es\\\/#organization\",\"name\":\"Salto a la Transici\u00f3n Ecol\u00f3gica\",\"url\":\"https:\\\/\\\/saltoecologico.es\\\/\",\"logo\":{\"@type\":\"ImageObject\",\"inLanguage\":\"es\",\"@id\":\"https:\\\/\\\/saltoecologico.es\\\/#\\\/schema\\\/logo\\\/image\\\/\",\"url\":\"https:\\\/\\\/saltoecologico.es\\\/wp-content\\\/uploads\\\/2025\\\/04\\\/Logo-STE.jpg\",\"contentUrl\":\"https:\\\/\\\/saltoecologico.es\\\/wp-content\\\/uploads\\\/2025\\\/04\\\/Logo-STE.jpg\",\"width\":435,\"height\":435,\"caption\":\"Salto a la Transici\u00f3n Ecol\u00f3gica\"},\"image\":{\"@id\":\"https:\\\/\\\/saltoecologico.es\\\/#\\\/schema\\\/logo\\\/image\\\/\"},\"sameAs\":[\"https:\\\/\\\/www.facebook.com\\\/Saltotransicionecologica\"]},{\"@type\":\"Person\",\"@id\":\"https:\\\/\\\/saltoecologico.es\\\/#\\\/schema\\\/person\\\/7175eec4b3c123d86c675313c3a01a0b\",\"name\":\"admin\",\"image\":{\"@type\":\"ImageObject\",\"inLanguage\":\"es\",\"@id\":\"https:\\\/\\\/secure.gravatar.com\\\/avatar\\\/4c215dc57bbc7b2f2f470ac9bd197f3f112636a584e575a732d0206a2d9c9806?s=96&d=mm&r=g\",\"url\":\"https:\\\/\\\/secure.gravatar.com\\\/avatar\\\/4c215dc57bbc7b2f2f470ac9bd197f3f112636a584e575a732d0206a2d9c9806?s=96&d=mm&r=g\",\"contentUrl\":\"https:\\\/\\\/secure.gravatar.com\\\/avatar\\\/4c215dc57bbc7b2f2f470ac9bd197f3f112636a584e575a732d0206a2d9c9806?s=96&d=mm&r=g\",\"caption\":\"admin\"},\"sameAs\":[\"https:\\\/\\\/saltoecologico.es\"],\"url\":\"https:\\\/\\\/saltoecologico.es\\\/index.php\\\/author\\\/saltoecologico\\\/\"}]}<\/script>\n<!-- \/ Yoast SEO plugin. -->","yoast_head_json":{"title":"Curiosa licitaci\u00f3n - Salto Ecol\u00f3gico","robots":{"index":"index","follow":"follow","max-snippet":"max-snippet:-1","max-image-preview":"max-image-preview:large","max-video-preview":"max-video-preview:-1"},"canonical":"https:\/\/saltoecologico.es\/index.php\/2024\/10\/23\/curiosa-licitacion\/","og_locale":"es_ES","og_type":"article","og_title":"Curiosa licitaci\u00f3n - Salto Ecol\u00f3gico","og_description":"En la web de La Moncloa podemos leer que el pasado 22 de octubre \u201cel Consejo de Ministros ha autorizado licitar por 44 millones de euros la construcci\u00f3n de un dique-muelle comercial en el puerto de Puerto del Rosario, en la isla de Fuerteventura. Los trabajos contemplan la ejecuci\u00f3n de una nueva estructura exterior que [&hellip;]","og_url":"https:\/\/saltoecologico.es\/index.php\/2024\/10\/23\/curiosa-licitacion\/","og_site_name":"Salto Ecol\u00f3gico","article_publisher":"https:\/\/www.facebook.com\/Saltotransicionecologica","article_published_time":"2024-10-23T17:20:00+00:00","article_modified_time":"2025-04-19T17:20:48+00:00","og_image":[{"width":1024,"height":575,"url":"https:\/\/saltoecologico.es\/wp-content\/uploads\/2025\/04\/GNL8-1.jpg","type":"image\/jpeg"}],"author":"admin","twitter_card":"summary_large_image","twitter_misc":{"Escrito por":"admin","Tiempo de lectura":"4 minutos"},"schema":{"@context":"https:\/\/schema.org","@graph":[{"@type":"Article","@id":"https:\/\/saltoecologico.es\/index.php\/2024\/10\/23\/curiosa-licitacion\/#article","isPartOf":{"@id":"https:\/\/saltoecologico.es\/index.php\/2024\/10\/23\/curiosa-licitacion\/"},"author":{"name":"admin","@id":"https:\/\/saltoecologico.es\/#\/schema\/person\/7175eec4b3c123d86c675313c3a01a0b"},"headline":"Curiosa licitaci\u00f3n","datePublished":"2024-10-23T17:20:00+00:00","dateModified":"2025-04-19T17:20:48+00:00","mainEntityOfPage":{"@id":"https:\/\/saltoecologico.es\/index.php\/2024\/10\/23\/curiosa-licitacion\/"},"wordCount":712,"commentCount":0,"publisher":{"@id":"https:\/\/saltoecologico.es\/#organization"},"image":{"@id":"https:\/\/saltoecologico.es\/index.php\/2024\/10\/23\/curiosa-licitacion\/#primaryimage"},"thumbnailUrl":"https:\/\/saltoecologico.es\/wp-content\/uploads\/2025\/04\/GNL8-1.jpg","articleSection":["General"],"inLanguage":"es","potentialAction":[{"@type":"CommentAction","name":"Comment","target":["https:\/\/saltoecologico.es\/index.php\/2024\/10\/23\/curiosa-licitacion\/#respond"]}]},{"@type":"WebPage","@id":"https:\/\/saltoecologico.es\/index.php\/2024\/10\/23\/curiosa-licitacion\/","url":"https:\/\/saltoecologico.es\/index.php\/2024\/10\/23\/curiosa-licitacion\/","name":"Curiosa licitaci\u00f3n - Salto Ecol\u00f3gico","isPartOf":{"@id":"https:\/\/saltoecologico.es\/#website"},"primaryImageOfPage":{"@id":"https:\/\/saltoecologico.es\/index.php\/2024\/10\/23\/curiosa-licitacion\/#primaryimage"},"image":{"@id":"https:\/\/saltoecologico.es\/index.php\/2024\/10\/23\/curiosa-licitacion\/#primaryimage"},"thumbnailUrl":"https:\/\/saltoecologico.es\/wp-content\/uploads\/2025\/04\/GNL8-1.jpg","datePublished":"2024-10-23T17:20:00+00:00","dateModified":"2025-04-19T17:20:48+00:00","breadcrumb":{"@id":"https:\/\/saltoecologico.es\/index.php\/2024\/10\/23\/curiosa-licitacion\/#breadcrumb"},"inLanguage":"es","potentialAction":[{"@type":"ReadAction","target":["https:\/\/saltoecologico.es\/index.php\/2024\/10\/23\/curiosa-licitacion\/"]}]},{"@type":"ImageObject","inLanguage":"es","@id":"https:\/\/saltoecologico.es\/index.php\/2024\/10\/23\/curiosa-licitacion\/#primaryimage","url":"https:\/\/saltoecologico.es\/wp-content\/uploads\/2025\/04\/GNL8-1.jpg","contentUrl":"https:\/\/saltoecologico.es\/wp-content\/uploads\/2025\/04\/GNL8-1.jpg","width":1024,"height":575,"caption":"LNG (Liquefied natural gas) tanker anchored in Gas terminal gas tanks for storage. Oil Crude Gas Tanker Ship. LPG at Tanker Bay Petroleum Chemical or Methane freighter export import transportation"},{"@type":"BreadcrumbList","@id":"https:\/\/saltoecologico.es\/index.php\/2024\/10\/23\/curiosa-licitacion\/#breadcrumb","itemListElement":[{"@type":"ListItem","position":1,"name":"Portada","item":"https:\/\/saltoecologico.es\/"},{"@type":"ListItem","position":2,"name":"Curiosa licitaci\u00f3n"}]},{"@type":"WebSite","@id":"https:\/\/saltoecologico.es\/#website","url":"https:\/\/saltoecologico.es\/","name":"Salto Ecol\u00f3gico","description":"","publisher":{"@id":"https:\/\/saltoecologico.es\/#organization"},"potentialAction":[{"@type":"SearchAction","target":{"@type":"EntryPoint","urlTemplate":"https:\/\/saltoecologico.es\/?s={search_term_string}"},"query-input":{"@type":"PropertyValueSpecification","valueRequired":true,"valueName":"search_term_string"}}],"inLanguage":"es"},{"@type":"Organization","@id":"https:\/\/saltoecologico.es\/#organization","name":"Salto a la Transici\u00f3n Ecol\u00f3gica","url":"https:\/\/saltoecologico.es\/","logo":{"@type":"ImageObject","inLanguage":"es","@id":"https:\/\/saltoecologico.es\/#\/schema\/logo\/image\/","url":"https:\/\/saltoecologico.es\/wp-content\/uploads\/2025\/04\/Logo-STE.jpg","contentUrl":"https:\/\/saltoecologico.es\/wp-content\/uploads\/2025\/04\/Logo-STE.jpg","width":435,"height":435,"caption":"Salto a la Transici\u00f3n Ecol\u00f3gica"},"image":{"@id":"https:\/\/saltoecologico.es\/#\/schema\/logo\/image\/"},"sameAs":["https:\/\/www.facebook.com\/Saltotransicionecologica"]},{"@type":"Person","@id":"https:\/\/saltoecologico.es\/#\/schema\/person\/7175eec4b3c123d86c675313c3a01a0b","name":"admin","image":{"@type":"ImageObject","inLanguage":"es","@id":"https:\/\/secure.gravatar.com\/avatar\/4c215dc57bbc7b2f2f470ac9bd197f3f112636a584e575a732d0206a2d9c9806?s=96&d=mm&r=g","url":"https:\/\/secure.gravatar.com\/avatar\/4c215dc57bbc7b2f2f470ac9bd197f3f112636a584e575a732d0206a2d9c9806?s=96&d=mm&r=g","contentUrl":"https:\/\/secure.gravatar.com\/avatar\/4c215dc57bbc7b2f2f470ac9bd197f3f112636a584e575a732d0206a2d9c9806?s=96&d=mm&r=g","caption":"admin"},"sameAs":["https:\/\/saltoecologico.es"],"url":"https:\/\/saltoecologico.es\/index.php\/author\/saltoecologico\/"}]}},"_links":{"self":[{"href":"https:\/\/saltoecologico.es\/index.php\/wp-json\/wp\/v2\/posts\/769","targetHints":{"allow":["GET"]}}],"collection":[{"href":"https:\/\/saltoecologico.es\/index.php\/wp-json\/wp\/v2\/posts"}],"about":[{"href":"https:\/\/saltoecologico.es\/index.php\/wp-json\/wp\/v2\/types\/post"}],"author":[{"embeddable":true,"href":"https:\/\/saltoecologico.es\/index.php\/wp-json\/wp\/v2\/users\/1"}],"replies":[{"embeddable":true,"href":"https:\/\/saltoecologico.es\/index.php\/wp-json\/wp\/v2\/comments?post=769"}],"version-history":[{"count":1,"href":"https:\/\/saltoecologico.es\/index.php\/wp-json\/wp\/v2\/posts\/769\/revisions"}],"predecessor-version":[{"id":770,"href":"https:\/\/saltoecologico.es\/index.php\/wp-json\/wp\/v2\/posts\/769\/revisions\/770"}],"wp:featuredmedia":[{"embeddable":true,"href":"https:\/\/saltoecologico.es\/index.php\/wp-json\/wp\/v2\/media\/758"}],"wp:attachment":[{"href":"https:\/\/saltoecologico.es\/index.php\/wp-json\/wp\/v2\/media?parent=769"}],"wp:term":[{"taxonomy":"category","embeddable":true,"href":"https:\/\/saltoecologico.es\/index.php\/wp-json\/wp\/v2\/categories?post=769"},{"taxonomy":"post_tag","embeddable":true,"href":"https:\/\/saltoecologico.es\/index.php\/wp-json\/wp\/v2\/tags?post=769"}],"curies":[{"name":"wp","href":"https:\/\/api.w.org\/{rel}","templated":true}]}}