{"id":771,"date":"2024-11-02T17:22:00","date_gmt":"2024-11-02T17:22:00","guid":{"rendered":"https:\/\/saltoecologico.es\/?p=771"},"modified":"2025-04-19T17:23:05","modified_gmt":"2025-04-19T17:23:05","slug":"nos-falta-tiempo","status":"publish","type":"post","link":"https:\/\/saltoecologico.es\/index.php\/2024\/11\/02\/nos-falta-tiempo\/","title":{"rendered":"Nos falta tiempo"},"content":{"rendered":"\n<p class=\"wp-block-paragraph\">Las consecuencias del Cambio Clim\u00e1tico Antropog\u00e9nico ya est\u00e1n aqu\u00ed. Atr\u00e1s quedaron los tiempos en que se pod\u00eda especular con que estas cuestiones eran mentiras. Atr\u00e1s quedaron los tiempos en que los conspiranoicos pod\u00edan campar a sus anchas sembrando dudas sobre la veracidad de las aseveraciones cient\u00edficas. Pero tambi\u00e9n atr\u00e1s quedaron los tiempos de los retardadores clim\u00e1ticos, aquellos que con buena fe o con malas artes, no dejan de poner piedras en el camino a lo que es un proceso irremediable de cambio de modelo, si no queremos desaparecer como especie.<\/p>\n\n\n\n<p class=\"wp-block-paragraph\">Efectivamente, la principal causa del calentamiento global es la emisi\u00f3n de ingentes cantidades de gases de efecto invernadero que la sociedad humana no deja de lanzar a la atmosfera, lo que hace que este efecto invernadero se recrudezca y por tanto aumente la temperatura del planeta. Esta ingente cantidad de gases emitidos proceden de todos los sectores productivos, pero es el de los procesos energ\u00e9ticos el que tiene un calado mayor. Seg\u00fan el Anuario Energ\u00e9tico de Canarias del 2022 las emisiones en nuestra comunidad en ese a\u00f1o ascendieron a 12.698.000 toneladas de CO<sub>2 equiv <\/sub>de las cuales 6.147.000 toneladas corresponden al transporte y 4.572.000 toneladas a las centrales t\u00e9rmicas. En otras palabras, si hacemos un transporte sostenible y unas centrales renovables, dejar\u00edamos las emisiones del archipi\u00e9lago en apenas 1.979.000 toneladas, es decir, a tan solo un 15% de las emisiones actuales.<\/p>\n\n\n\n<p class=\"wp-block-paragraph\">\u00bfTenemos la tecnolog\u00eda para hacerlo?. La tenemos. Una penetraci\u00f3n masiva de renovables, apoyada por una distribuci\u00f3n adecuada de bombeos reversibles, nos dar\u00eda las centrales de producci\u00f3n el\u00e9ctrica libre de emisiones. Apoy\u00e1ndonos en esas centrales renovables, electrificando la mayor parte de los sectores y apoy\u00e1ndonos en una econom\u00eda energ\u00e9tica del hidr\u00f3geno verde, con todos sus derivados, tendr\u00edamos, tambi\u00e9n, un transporte cero emisiones.<\/p>\n\n\n\n<p class=\"wp-block-paragraph\">\u00bfSaldr\u00eda mucho m\u00e1s caro el nuevo modelo?. En absoluto. Pasada la inversi\u00f3n inicial el nuevo modelo saldr\u00eda mucho m\u00e1s barato, dado que se prescinde de cualquier tipo de combustible, que es donde se va la mayor parte del gasto del sistema actual. Adem\u00e1s, nuestra independencia energ\u00e9tica se ver\u00eda potenciada, al no depender de los vaivenes geoestrat\u00e9gicos que se dan a nivel mundial, produciendo estabilidad econ\u00f3mica e ingentes beneficios de valor a\u00f1adido, al tener minisistemas energ\u00e9ticos aislados y renovables, que pueden ser fuente de estudio y referencia a nivel internacional.<\/p>\n\n\n\n<p class=\"wp-block-paragraph\">\u00bfTenemos alg\u00fan estudio serio realizado de como podr\u00eda ser el proceso de implantaci\u00f3n?. Lo tenemos. Como paso previo para elaborar el PTECAN, el Instituto Tecnol\u00f3gico de Canarias, llev\u00f3 a cabo un estudio pormenorizado por islas, que se plasmo en ocho documentos denominados: Estrategia de Apoyo al PTECan y que consisten en los siguientes:<\/p>\n\n\n\n<ul class=\"wp-block-list\">\n<li>Estrategia para el autoconsumo fotovoltaico en Canarias.<\/li>\n\n\n\n<li>Estrategia de almacenamiento energ\u00e9tico en Canarias.<\/li>\n\n\n\n<li>Estrategia del veh\u00edculo el\u00e9ctrico en Canarias.<\/li>\n\n\n\n<li>Estrategia de la generaci\u00f3n gestionable de Canarias.<\/li>\n\n\n\n<li>Estrategia de la geotermia de Canarias.<\/li>\n\n\n\n<li>Estrategia de las energ\u00edas renovables marinas de Canarias.<\/li>\n\n\n\n<li>Estrategia del hidr\u00f3geno verde de Canarias.<\/li>\n\n\n\n<li>Estrategia para la gesti\u00f3n de demanda y redes inteligentes de Canarias.<\/li>\n<\/ul>\n\n\n\n<p class=\"wp-block-paragraph\">Este estudio incluye un cronograma hasta el 2040 que deber\u00eda ser actualizado porque comienza en 2022, pero que es totalmente v\u00e1lido.<\/p>\n\n\n\n<p class=\"wp-block-paragraph\">\u00bfQu\u00e9 impide ejecutarlo?. Simplemente la falta de voluntad pol\u00edtica. La visi\u00f3n miope que tienen los pol\u00edticos de no ver m\u00e1s all\u00e1 de una legislatura y la falta de concienciaci\u00f3n de la sociedad del momento cr\u00edtico en el que nos encontramos y en el que no podemos estar con pa\u00f1os calientes, pensando en cuestiones colaterales que nada tienen que ver con la resoluci\u00f3n del problema.<\/p>\n\n\n\n<p class=\"wp-block-paragraph\">Los tiempos en los que pod\u00edamos entablar eternos debates sobre cuestiones como el paisaje, la democratizaci\u00f3n energ\u00e9tica, el decrecimiento y otras, ya han pasado. Posiblemente en el futuro se puedan retomar, pero es que la emergencia vital de nuestra supervivencia como especie es de tal envergadura, que solo podemos tener en nuestro punto de vista, disminuir las emisiones de una manera inmediata y por el m\u00e9todo m\u00e1s eficaz que tengamos a nuestro alcance, siempre con la vista puesta en la salvaguarda de la integridad f\u00edsica de las personas.<\/p>\n","protected":false},"excerpt":{"rendered":"<p>Las consecuencias del Cambio Clim\u00e1tico Antropog\u00e9nico ya est\u00e1n aqu\u00ed. Atr\u00e1s quedaron los tiempos en que se pod\u00eda especular con que estas cuestiones eran mentiras. Atr\u00e1s quedaron los tiempos en que los conspiranoicos pod\u00edan campar a sus anchas sembrando dudas sobre la veracidad de las aseveraciones cient\u00edficas. Pero tambi\u00e9n atr\u00e1s quedaron los tiempos de los retardadores [&hellip;]<\/p>\n","protected":false},"author":1,"featured_media":772,"comment_status":"open","ping_status":"open","sticky":false,"template":"","format":"standard","meta":{"footnotes":""},"categories":[55],"tags":[],"class_list":["post-771","post","type-post","status-publish","format-standard","has-post-thumbnail","category-general"],"yoast_head":"<!-- This site is optimized with the Yoast SEO plugin v28.2 - https:\/\/yoast.com\/product\/yoast-seo-wordpress\/ -->\n<title>Nos falta tiempo - Salto Ecol\u00f3gico<\/title>\n<meta name=\"robots\" content=\"index, follow, max-snippet:-1, max-image-preview:large, max-video-preview:-1\" \/>\n<link rel=\"canonical\" href=\"https:\/\/saltoecologico.es\/index.php\/2024\/11\/02\/nos-falta-tiempo\/\" \/>\n<meta property=\"og:locale\" content=\"es_ES\" \/>\n<meta property=\"og:type\" content=\"article\" \/>\n<meta property=\"og:title\" content=\"Nos falta tiempo - Salto Ecol\u00f3gico\" \/>\n<meta property=\"og:description\" content=\"Las consecuencias del Cambio Clim\u00e1tico Antropog\u00e9nico ya est\u00e1n aqu\u00ed. Atr\u00e1s quedaron los tiempos en que se pod\u00eda especular con que estas cuestiones eran mentiras. Atr\u00e1s quedaron los tiempos en que los conspiranoicos pod\u00edan campar a sus anchas sembrando dudas sobre la veracidad de las aseveraciones cient\u00edficas. Pero tambi\u00e9n atr\u00e1s quedaron los tiempos de los retardadores [&hellip;]\" \/>\n<meta property=\"og:url\" content=\"https:\/\/saltoecologico.es\/index.php\/2024\/11\/02\/nos-falta-tiempo\/\" \/>\n<meta property=\"og:site_name\" content=\"Salto Ecol\u00f3gico\" \/>\n<meta property=\"article:publisher\" content=\"https:\/\/www.facebook.com\/Saltotransicionecologica\" \/>\n<meta property=\"article:published_time\" content=\"2024-11-02T17:22:00+00:00\" \/>\n<meta property=\"article:modified_time\" content=\"2025-04-19T17:23:05+00:00\" \/>\n<meta property=\"og:image\" content=\"https:\/\/saltoecologico.es\/wp-content\/uploads\/2025\/04\/Fosiles34.jpg\" \/>\n\t<meta property=\"og:image:width\" content=\"1024\" \/>\n\t<meta property=\"og:image:height\" content=\"683\" \/>\n\t<meta property=\"og:image:type\" content=\"image\/jpeg\" \/>\n<meta name=\"author\" content=\"admin\" \/>\n<meta name=\"twitter:card\" content=\"summary_large_image\" \/>\n<meta name=\"twitter:label1\" content=\"Escrito por\" \/>\n\t<meta name=\"twitter:data1\" content=\"admin\" \/>\n\t<meta name=\"twitter:label2\" content=\"Tiempo de lectura\" \/>\n\t<meta name=\"twitter:data2\" content=\"4 minutos\" \/>\n<script type=\"application\/ld+json\" class=\"yoast-schema-graph\">{\"@context\":\"https:\\\/\\\/schema.org\",\"@graph\":[{\"@type\":\"Article\",\"@id\":\"https:\\\/\\\/saltoecologico.es\\\/index.php\\\/2024\\\/11\\\/02\\\/nos-falta-tiempo\\\/#article\",\"isPartOf\":{\"@id\":\"https:\\\/\\\/saltoecologico.es\\\/index.php\\\/2024\\\/11\\\/02\\\/nos-falta-tiempo\\\/\"},\"author\":{\"name\":\"admin\",\"@id\":\"https:\\\/\\\/saltoecologico.es\\\/#\\\/schema\\\/person\\\/7175eec4b3c123d86c675313c3a01a0b\"},\"headline\":\"Nos falta tiempo\",\"datePublished\":\"2024-11-02T17:22:00+00:00\",\"dateModified\":\"2025-04-19T17:23:05+00:00\",\"mainEntityOfPage\":{\"@id\":\"https:\\\/\\\/saltoecologico.es\\\/index.php\\\/2024\\\/11\\\/02\\\/nos-falta-tiempo\\\/\"},\"wordCount\":730,\"commentCount\":0,\"publisher\":{\"@id\":\"https:\\\/\\\/saltoecologico.es\\\/#organization\"},\"image\":{\"@id\":\"https:\\\/\\\/saltoecologico.es\\\/index.php\\\/2024\\\/11\\\/02\\\/nos-falta-tiempo\\\/#primaryimage\"},\"thumbnailUrl\":\"https:\\\/\\\/saltoecologico.es\\\/wp-content\\\/uploads\\\/2025\\\/04\\\/Fosiles34.jpg\",\"articleSection\":[\"General\"],\"inLanguage\":\"es\",\"potentialAction\":[{\"@type\":\"CommentAction\",\"name\":\"Comment\",\"target\":[\"https:\\\/\\\/saltoecologico.es\\\/index.php\\\/2024\\\/11\\\/02\\\/nos-falta-tiempo\\\/#respond\"]}]},{\"@type\":\"WebPage\",\"@id\":\"https:\\\/\\\/saltoecologico.es\\\/index.php\\\/2024\\\/11\\\/02\\\/nos-falta-tiempo\\\/\",\"url\":\"https:\\\/\\\/saltoecologico.es\\\/index.php\\\/2024\\\/11\\\/02\\\/nos-falta-tiempo\\\/\",\"name\":\"Nos falta tiempo - Salto Ecol\u00f3gico\",\"isPartOf\":{\"@id\":\"https:\\\/\\\/saltoecologico.es\\\/#website\"},\"primaryImageOfPage\":{\"@id\":\"https:\\\/\\\/saltoecologico.es\\\/index.php\\\/2024\\\/11\\\/02\\\/nos-falta-tiempo\\\/#primaryimage\"},\"image\":{\"@id\":\"https:\\\/\\\/saltoecologico.es\\\/index.php\\\/2024\\\/11\\\/02\\\/nos-falta-tiempo\\\/#primaryimage\"},\"thumbnailUrl\":\"https:\\\/\\\/saltoecologico.es\\\/wp-content\\\/uploads\\\/2025\\\/04\\\/Fosiles34.jpg\",\"datePublished\":\"2024-11-02T17:22:00+00:00\",\"dateModified\":\"2025-04-19T17:23:05+00:00\",\"breadcrumb\":{\"@id\":\"https:\\\/\\\/saltoecologico.es\\\/index.php\\\/2024\\\/11\\\/02\\\/nos-falta-tiempo\\\/#breadcrumb\"},\"inLanguage\":\"es\",\"potentialAction\":[{\"@type\":\"ReadAction\",\"target\":[\"https:\\\/\\\/saltoecologico.es\\\/index.php\\\/2024\\\/11\\\/02\\\/nos-falta-tiempo\\\/\"]}]},{\"@type\":\"ImageObject\",\"inLanguage\":\"es\",\"@id\":\"https:\\\/\\\/saltoecologico.es\\\/index.php\\\/2024\\\/11\\\/02\\\/nos-falta-tiempo\\\/#primaryimage\",\"url\":\"https:\\\/\\\/saltoecologico.es\\\/wp-content\\\/uploads\\\/2025\\\/04\\\/Fosiles34.jpg\",\"contentUrl\":\"https:\\\/\\\/saltoecologico.es\\\/wp-content\\\/uploads\\\/2025\\\/04\\\/Fosiles34.jpg\",\"width\":1024,\"height\":683,\"caption\":\"Aerial view of coal power plant high pipes with black smoke moving upwards polluting atmosphere at sunset. Production of electrical energy with fossil fuel concept.\"},{\"@type\":\"BreadcrumbList\",\"@id\":\"https:\\\/\\\/saltoecologico.es\\\/index.php\\\/2024\\\/11\\\/02\\\/nos-falta-tiempo\\\/#breadcrumb\",\"itemListElement\":[{\"@type\":\"ListItem\",\"position\":1,\"name\":\"Portada\",\"item\":\"https:\\\/\\\/saltoecologico.es\\\/\"},{\"@type\":\"ListItem\",\"position\":2,\"name\":\"Nos falta tiempo\"}]},{\"@type\":\"WebSite\",\"@id\":\"https:\\\/\\\/saltoecologico.es\\\/#website\",\"url\":\"https:\\\/\\\/saltoecologico.es\\\/\",\"name\":\"Salto Ecol\u00f3gico\",\"description\":\"\",\"publisher\":{\"@id\":\"https:\\\/\\\/saltoecologico.es\\\/#organization\"},\"potentialAction\":[{\"@type\":\"SearchAction\",\"target\":{\"@type\":\"EntryPoint\",\"urlTemplate\":\"https:\\\/\\\/saltoecologico.es\\\/?s={search_term_string}\"},\"query-input\":{\"@type\":\"PropertyValueSpecification\",\"valueRequired\":true,\"valueName\":\"search_term_string\"}}],\"inLanguage\":\"es\"},{\"@type\":\"Organization\",\"@id\":\"https:\\\/\\\/saltoecologico.es\\\/#organization\",\"name\":\"Salto a la Transici\u00f3n Ecol\u00f3gica\",\"url\":\"https:\\\/\\\/saltoecologico.es\\\/\",\"logo\":{\"@type\":\"ImageObject\",\"inLanguage\":\"es\",\"@id\":\"https:\\\/\\\/saltoecologico.es\\\/#\\\/schema\\\/logo\\\/image\\\/\",\"url\":\"https:\\\/\\\/saltoecologico.es\\\/wp-content\\\/uploads\\\/2025\\\/04\\\/Logo-STE.jpg\",\"contentUrl\":\"https:\\\/\\\/saltoecologico.es\\\/wp-content\\\/uploads\\\/2025\\\/04\\\/Logo-STE.jpg\",\"width\":435,\"height\":435,\"caption\":\"Salto a la Transici\u00f3n Ecol\u00f3gica\"},\"image\":{\"@id\":\"https:\\\/\\\/saltoecologico.es\\\/#\\\/schema\\\/logo\\\/image\\\/\"},\"sameAs\":[\"https:\\\/\\\/www.facebook.com\\\/Saltotransicionecologica\"]},{\"@type\":\"Person\",\"@id\":\"https:\\\/\\\/saltoecologico.es\\\/#\\\/schema\\\/person\\\/7175eec4b3c123d86c675313c3a01a0b\",\"name\":\"admin\",\"image\":{\"@type\":\"ImageObject\",\"inLanguage\":\"es\",\"@id\":\"https:\\\/\\\/secure.gravatar.com\\\/avatar\\\/4c215dc57bbc7b2f2f470ac9bd197f3f112636a584e575a732d0206a2d9c9806?s=96&d=mm&r=g\",\"url\":\"https:\\\/\\\/secure.gravatar.com\\\/avatar\\\/4c215dc57bbc7b2f2f470ac9bd197f3f112636a584e575a732d0206a2d9c9806?s=96&d=mm&r=g\",\"contentUrl\":\"https:\\\/\\\/secure.gravatar.com\\\/avatar\\\/4c215dc57bbc7b2f2f470ac9bd197f3f112636a584e575a732d0206a2d9c9806?s=96&d=mm&r=g\",\"caption\":\"admin\"},\"sameAs\":[\"https:\\\/\\\/saltoecologico.es\"],\"url\":\"https:\\\/\\\/saltoecologico.es\\\/index.php\\\/author\\\/saltoecologico\\\/\"}]}<\/script>\n<!-- \/ Yoast SEO plugin. -->","yoast_head_json":{"title":"Nos falta tiempo - Salto Ecol\u00f3gico","robots":{"index":"index","follow":"follow","max-snippet":"max-snippet:-1","max-image-preview":"max-image-preview:large","max-video-preview":"max-video-preview:-1"},"canonical":"https:\/\/saltoecologico.es\/index.php\/2024\/11\/02\/nos-falta-tiempo\/","og_locale":"es_ES","og_type":"article","og_title":"Nos falta tiempo - Salto Ecol\u00f3gico","og_description":"Las consecuencias del Cambio Clim\u00e1tico Antropog\u00e9nico ya est\u00e1n aqu\u00ed. Atr\u00e1s quedaron los tiempos en que se pod\u00eda especular con que estas cuestiones eran mentiras. Atr\u00e1s quedaron los tiempos en que los conspiranoicos pod\u00edan campar a sus anchas sembrando dudas sobre la veracidad de las aseveraciones cient\u00edficas. Pero tambi\u00e9n atr\u00e1s quedaron los tiempos de los retardadores [&hellip;]","og_url":"https:\/\/saltoecologico.es\/index.php\/2024\/11\/02\/nos-falta-tiempo\/","og_site_name":"Salto Ecol\u00f3gico","article_publisher":"https:\/\/www.facebook.com\/Saltotransicionecologica","article_published_time":"2024-11-02T17:22:00+00:00","article_modified_time":"2025-04-19T17:23:05+00:00","og_image":[{"width":1024,"height":683,"url":"https:\/\/saltoecologico.es\/wp-content\/uploads\/2025\/04\/Fosiles34.jpg","type":"image\/jpeg"}],"author":"admin","twitter_card":"summary_large_image","twitter_misc":{"Escrito por":"admin","Tiempo de lectura":"4 minutos"},"schema":{"@context":"https:\/\/schema.org","@graph":[{"@type":"Article","@id":"https:\/\/saltoecologico.es\/index.php\/2024\/11\/02\/nos-falta-tiempo\/#article","isPartOf":{"@id":"https:\/\/saltoecologico.es\/index.php\/2024\/11\/02\/nos-falta-tiempo\/"},"author":{"name":"admin","@id":"https:\/\/saltoecologico.es\/#\/schema\/person\/7175eec4b3c123d86c675313c3a01a0b"},"headline":"Nos falta tiempo","datePublished":"2024-11-02T17:22:00+00:00","dateModified":"2025-04-19T17:23:05+00:00","mainEntityOfPage":{"@id":"https:\/\/saltoecologico.es\/index.php\/2024\/11\/02\/nos-falta-tiempo\/"},"wordCount":730,"commentCount":0,"publisher":{"@id":"https:\/\/saltoecologico.es\/#organization"},"image":{"@id":"https:\/\/saltoecologico.es\/index.php\/2024\/11\/02\/nos-falta-tiempo\/#primaryimage"},"thumbnailUrl":"https:\/\/saltoecologico.es\/wp-content\/uploads\/2025\/04\/Fosiles34.jpg","articleSection":["General"],"inLanguage":"es","potentialAction":[{"@type":"CommentAction","name":"Comment","target":["https:\/\/saltoecologico.es\/index.php\/2024\/11\/02\/nos-falta-tiempo\/#respond"]}]},{"@type":"WebPage","@id":"https:\/\/saltoecologico.es\/index.php\/2024\/11\/02\/nos-falta-tiempo\/","url":"https:\/\/saltoecologico.es\/index.php\/2024\/11\/02\/nos-falta-tiempo\/","name":"Nos falta tiempo - Salto Ecol\u00f3gico","isPartOf":{"@id":"https:\/\/saltoecologico.es\/#website"},"primaryImageOfPage":{"@id":"https:\/\/saltoecologico.es\/index.php\/2024\/11\/02\/nos-falta-tiempo\/#primaryimage"},"image":{"@id":"https:\/\/saltoecologico.es\/index.php\/2024\/11\/02\/nos-falta-tiempo\/#primaryimage"},"thumbnailUrl":"https:\/\/saltoecologico.es\/wp-content\/uploads\/2025\/04\/Fosiles34.jpg","datePublished":"2024-11-02T17:22:00+00:00","dateModified":"2025-04-19T17:23:05+00:00","breadcrumb":{"@id":"https:\/\/saltoecologico.es\/index.php\/2024\/11\/02\/nos-falta-tiempo\/#breadcrumb"},"inLanguage":"es","potentialAction":[{"@type":"ReadAction","target":["https:\/\/saltoecologico.es\/index.php\/2024\/11\/02\/nos-falta-tiempo\/"]}]},{"@type":"ImageObject","inLanguage":"es","@id":"https:\/\/saltoecologico.es\/index.php\/2024\/11\/02\/nos-falta-tiempo\/#primaryimage","url":"https:\/\/saltoecologico.es\/wp-content\/uploads\/2025\/04\/Fosiles34.jpg","contentUrl":"https:\/\/saltoecologico.es\/wp-content\/uploads\/2025\/04\/Fosiles34.jpg","width":1024,"height":683,"caption":"Aerial view of coal power plant high pipes with black smoke moving upwards polluting atmosphere at sunset. Production of electrical energy with fossil fuel concept."},{"@type":"BreadcrumbList","@id":"https:\/\/saltoecologico.es\/index.php\/2024\/11\/02\/nos-falta-tiempo\/#breadcrumb","itemListElement":[{"@type":"ListItem","position":1,"name":"Portada","item":"https:\/\/saltoecologico.es\/"},{"@type":"ListItem","position":2,"name":"Nos falta tiempo"}]},{"@type":"WebSite","@id":"https:\/\/saltoecologico.es\/#website","url":"https:\/\/saltoecologico.es\/","name":"Salto Ecol\u00f3gico","description":"","publisher":{"@id":"https:\/\/saltoecologico.es\/#organization"},"potentialAction":[{"@type":"SearchAction","target":{"@type":"EntryPoint","urlTemplate":"https:\/\/saltoecologico.es\/?s={search_term_string}"},"query-input":{"@type":"PropertyValueSpecification","valueRequired":true,"valueName":"search_term_string"}}],"inLanguage":"es"},{"@type":"Organization","@id":"https:\/\/saltoecologico.es\/#organization","name":"Salto a la Transici\u00f3n Ecol\u00f3gica","url":"https:\/\/saltoecologico.es\/","logo":{"@type":"ImageObject","inLanguage":"es","@id":"https:\/\/saltoecologico.es\/#\/schema\/logo\/image\/","url":"https:\/\/saltoecologico.es\/wp-content\/uploads\/2025\/04\/Logo-STE.jpg","contentUrl":"https:\/\/saltoecologico.es\/wp-content\/uploads\/2025\/04\/Logo-STE.jpg","width":435,"height":435,"caption":"Salto a la Transici\u00f3n Ecol\u00f3gica"},"image":{"@id":"https:\/\/saltoecologico.es\/#\/schema\/logo\/image\/"},"sameAs":["https:\/\/www.facebook.com\/Saltotransicionecologica"]},{"@type":"Person","@id":"https:\/\/saltoecologico.es\/#\/schema\/person\/7175eec4b3c123d86c675313c3a01a0b","name":"admin","image":{"@type":"ImageObject","inLanguage":"es","@id":"https:\/\/secure.gravatar.com\/avatar\/4c215dc57bbc7b2f2f470ac9bd197f3f112636a584e575a732d0206a2d9c9806?s=96&d=mm&r=g","url":"https:\/\/secure.gravatar.com\/avatar\/4c215dc57bbc7b2f2f470ac9bd197f3f112636a584e575a732d0206a2d9c9806?s=96&d=mm&r=g","contentUrl":"https:\/\/secure.gravatar.com\/avatar\/4c215dc57bbc7b2f2f470ac9bd197f3f112636a584e575a732d0206a2d9c9806?s=96&d=mm&r=g","caption":"admin"},"sameAs":["https:\/\/saltoecologico.es"],"url":"https:\/\/saltoecologico.es\/index.php\/author\/saltoecologico\/"}]}},"_links":{"self":[{"href":"https:\/\/saltoecologico.es\/index.php\/wp-json\/wp\/v2\/posts\/771","targetHints":{"allow":["GET"]}}],"collection":[{"href":"https:\/\/saltoecologico.es\/index.php\/wp-json\/wp\/v2\/posts"}],"about":[{"href":"https:\/\/saltoecologico.es\/index.php\/wp-json\/wp\/v2\/types\/post"}],"author":[{"embeddable":true,"href":"https:\/\/saltoecologico.es\/index.php\/wp-json\/wp\/v2\/users\/1"}],"replies":[{"embeddable":true,"href":"https:\/\/saltoecologico.es\/index.php\/wp-json\/wp\/v2\/comments?post=771"}],"version-history":[{"count":1,"href":"https:\/\/saltoecologico.es\/index.php\/wp-json\/wp\/v2\/posts\/771\/revisions"}],"predecessor-version":[{"id":773,"href":"https:\/\/saltoecologico.es\/index.php\/wp-json\/wp\/v2\/posts\/771\/revisions\/773"}],"wp:featuredmedia":[{"embeddable":true,"href":"https:\/\/saltoecologico.es\/index.php\/wp-json\/wp\/v2\/media\/772"}],"wp:attachment":[{"href":"https:\/\/saltoecologico.es\/index.php\/wp-json\/wp\/v2\/media?parent=771"}],"wp:term":[{"taxonomy":"category","embeddable":true,"href":"https:\/\/saltoecologico.es\/index.php\/wp-json\/wp\/v2\/categories?post=771"},{"taxonomy":"post_tag","embeddable":true,"href":"https:\/\/saltoecologico.es\/index.php\/wp-json\/wp\/v2\/tags?post=771"}],"curies":[{"name":"wp","href":"https:\/\/api.w.org\/{rel}","templated":true}]}}