{"id":774,"date":"2024-11-05T17:24:00","date_gmt":"2024-11-05T17:24:00","guid":{"rendered":"https:\/\/saltoecologico.es\/?p=774"},"modified":"2025-04-19T17:25:11","modified_gmt":"2025-04-19T17:25:11","slug":"decision-tomada","status":"publish","type":"post","link":"https:\/\/saltoecologico.es\/index.php\/2024\/11\/05\/decision-tomada\/","title":{"rendered":"Decisi\u00f3n tomada"},"content":{"rendered":"\n<p class=\"wp-block-paragraph\">Recientemente hemos podido o\u00edr a la Presidenta de la Autoridad Portuaria referirse al proyecto que TOTISA pretende llevar a cabo en el Puerto de La Luz de la capital Gran Canaria, en la que expresa, que si bien lo que se est\u00e1 realizando en la actualidad es la continuaci\u00f3n de la tramitaci\u00f3n comenzada por los responsables anteriores y hasta que esta no termine no se puede pronunciar al respecto, si es cierto que el puerto necesita \u201cgeneraci\u00f3n el\u00e9ctrica\u201d para poder cubrir sus necesidades futuras, sin afectar al sistema el\u00e9ctrico de Gran Canaria. Concretamente esas necesidades futuras que plantea las ha cifrado en 80 MW y van destinadas, fundamentalmente, a cubrir un ambicioso proyecto denominado \u201cCold Ironing\u201d.<\/p>\n\n\n\n<p class=\"wp-block-paragraph\">Para entender de lo que se est\u00e1 hablando, todos los barcos, aparte de la energ\u00eda necesaria para mover sus motores, necesitan energ\u00eda para otros servicios, que dependiendo de las dimensiones pueden ser: iluminaci\u00f3n, refrigeraci\u00f3n, depuraci\u00f3n de aguas, sistemas de navegaci\u00f3n, elementos generales de soporte de la vida a bordo y otros servicios. Pues bien, cuando un barco atraca, estos servicios deben de permanecer activos por lo que los generadores encargados de ellos deben de seguir funcionando y por tanto consumiendo combustible de origen f\u00f3sil, lo que conlleva un alto grado de contaminaci\u00f3n atmosf\u00e9rica y generaci\u00f3n de ruidos que afectan muy negativamente tanto a los trabajadores del recinto como a poblaciones cercanas.<\/p>\n\n\n\n<p class=\"wp-block-paragraph\">Lo que se pretende con el denominado \u201cCold Ironing\u201d es que el buque se conecte a las instalaciones el\u00e9ctricas del puerto para abastecer estos servicios generales y de esta manera pueda parar sus generadores, cesando por tanto la contaminaci\u00f3n del aire y ac\u00fastica, lo que redunda en la salud de las personas cercanas.<\/p>\n\n\n\n<p class=\"wp-block-paragraph\">Lo primero que hay que decir es que esta cuesti\u00f3n es incipiente y por tanto ni las instalaciones el\u00e9ctricas de los puertos est\u00e1n preparadas para soportar esta demanda, ni los barcos est\u00e1n dise\u00f1ados para poder \u201cenchufarse\u201d al puerto. As\u00ed por ejemplo aparte de solventar la intendencia de la conexi\u00f3n f\u00edsica, que podr\u00e1 ser a 400 voltios o hasta 20.000 voltios, dependiendo de la envergadura del nav\u00edo, est\u00e1 la cuesti\u00f3n de que muchos barcos, funcionan a 60 hercios en vez de a los 50 que proporcionan nuestros sistemas el\u00e9ctricos, por lo que se necesitan, costosas y voluminosas instalaciones de electr\u00f3nica de potencia para solventar esta cuesti\u00f3n.<\/p>\n\n\n\n<p class=\"wp-block-paragraph\">Una vez dicho esto, no deja de llamar la atenci\u00f3n que la se\u00f1ora presidenta diga que no hay decisi\u00f3n tomada pero que el puerto necesita \u201cgeneraci\u00f3n\u201c el\u00e9ctrica, dando por sentado que hay que montar, si o si, una central el\u00e9ctrica en el recinto portuario, para no afectar al sistema el\u00e9ctrico de Gran Canaria. Esto ser\u00eda as\u00ed, si Totisa, montara todo un sistema aislado en el recinto del puerto, pero como bien especifica su proyecto, esta empresa monta su central y la conecta a una subestaci\u00f3n, Muelle Grande, perteneciente a REE y por tanto al sistema el\u00e9ctrico de Gran Canaria. Si bien es cierto que teniendo una central el\u00e9ctrica cercana las exigencias de la infraestructura de transporte podr\u00edan ser menores, no deja de ser cierto que se desconoce que cuando se dise\u00f1a una infraestructura de este calibre, siempre tiene que ser redundante y por tanto, si la central de Totisa fallara, se deber\u00eda poder alimentar de otra parte.<\/p>\n\n\n\n<p class=\"wp-block-paragraph\">A nuestra modesta forma de entender la Autoridad Portuaria deber\u00eda manifestar que necesita una potencia el\u00e9ctrica de 80 MW, independientemente de como se le facilite. Evidentemente, aumentar las necesidades del sistema en casi un 16% significa una inversi\u00f3n importante en las infraestructuras que alimentan al puerto, pero no de m\u00e1s calado t\u00e9cnico que la remodelaci\u00f3n que las infraestructuras el\u00e9ctricas del recinto portuario que tiene que llevar a cabo.<\/p>\n\n\n\n<p class=\"wp-block-paragraph\">En todo este tema existe una contradicci\u00f3n insalvable que dice muy poco de aquellos que argumentan a favor de la soluci\u00f3n de Totisa. Se quiere eliminar la contaminaci\u00f3n que producen los barcos, montando una central t\u00e9rmica de combustibles f\u00f3siles que produce tanta o m\u00e1s contaminaci\u00f3n que la que se quiere eliminar, porque no olvidemos, que al estar conectada al sistema y ser grupos nuevos, peque\u00f1os, con bajo m\u00ednimo t\u00e9cnico y de respuesta r\u00e1pida, el operador del sistema los va a tener permanentemente en funcionamiento, m\u00e1s all\u00e1 del volumen de barcos que est\u00e9n atracados en los muelles. Esto significa que las cuatro chimeneas de 25 metros van a estar soltando emisiones constantemente, a parte del ruido del funcionamiento y las posibles vibraciones en las cercan\u00edas.<\/p>\n\n\n\n<p class=\"wp-block-paragraph\">En definitiva, aunque diga lo contario, nos tememos que la Autoridad Portuaria ya tiene su decisi\u00f3n tomada y solo est\u00e1 esperando el momento oportuno para publicitarla, aunque esta decisi\u00f3n sea en contra, de la poblaci\u00f3n de Las Palmas de Gran Canaria, de la isla en su conjunto y de la lucha contra el Cambio Clim\u00e1tico.<\/p>\n","protected":false},"excerpt":{"rendered":"<p>Recientemente hemos podido o\u00edr a la Presidenta de la Autoridad Portuaria referirse al proyecto que TOTISA pretende llevar a cabo en el Puerto de La Luz de la capital Gran Canaria, en la que expresa, que si bien lo que se est\u00e1 realizando en la actualidad es la continuaci\u00f3n de la tramitaci\u00f3n comenzada por los [&hellip;]<\/p>\n","protected":false},"author":1,"featured_media":775,"comment_status":"open","ping_status":"open","sticky":false,"template":"","format":"standard","meta":{"footnotes":""},"categories":[49,33],"tags":[],"class_list":["post-774","post","type-post","status-publish","format-standard","has-post-thumbnail","category-g_totisa","category-gnl"],"yoast_head":"<!-- This site is optimized with the Yoast SEO plugin v28.2 - https:\/\/yoast.com\/product\/yoast-seo-wordpress\/ -->\n<title>Decisi\u00f3n tomada - Salto Ecol\u00f3gico<\/title>\n<meta name=\"robots\" content=\"index, follow, max-snippet:-1, max-image-preview:large, max-video-preview:-1\" \/>\n<link rel=\"canonical\" href=\"https:\/\/saltoecologico.es\/index.php\/2024\/11\/05\/decision-tomada\/\" \/>\n<meta property=\"og:locale\" content=\"es_ES\" \/>\n<meta property=\"og:type\" content=\"article\" \/>\n<meta property=\"og:title\" content=\"Decisi\u00f3n tomada - Salto Ecol\u00f3gico\" \/>\n<meta property=\"og:description\" content=\"Recientemente hemos podido o\u00edr a la Presidenta de la Autoridad Portuaria referirse al proyecto que TOTISA pretende llevar a cabo en el Puerto de La Luz de la capital Gran Canaria, en la que expresa, que si bien lo que se est\u00e1 realizando en la actualidad es la continuaci\u00f3n de la tramitaci\u00f3n comenzada por los [&hellip;]\" \/>\n<meta property=\"og:url\" content=\"https:\/\/saltoecologico.es\/index.php\/2024\/11\/05\/decision-tomada\/\" \/>\n<meta property=\"og:site_name\" content=\"Salto Ecol\u00f3gico\" \/>\n<meta property=\"article:publisher\" content=\"https:\/\/www.facebook.com\/Saltotransicionecologica\" \/>\n<meta property=\"article:published_time\" content=\"2024-11-05T17:24:00+00:00\" \/>\n<meta property=\"article:modified_time\" content=\"2025-04-19T17:25:11+00:00\" \/>\n<meta property=\"og:image\" content=\"https:\/\/saltoecologico.es\/wp-content\/uploads\/2025\/04\/GNL15.jpg\" \/>\n\t<meta property=\"og:image:width\" content=\"1024\" \/>\n\t<meta property=\"og:image:height\" content=\"575\" \/>\n\t<meta property=\"og:image:type\" content=\"image\/jpeg\" \/>\n<meta name=\"author\" content=\"admin\" \/>\n<meta name=\"twitter:card\" content=\"summary_large_image\" \/>\n<meta name=\"twitter:label1\" content=\"Escrito por\" \/>\n\t<meta name=\"twitter:data1\" content=\"admin\" \/>\n\t<meta name=\"twitter:label2\" content=\"Tiempo de lectura\" \/>\n\t<meta name=\"twitter:data2\" content=\"4 minutos\" \/>\n<script type=\"application\/ld+json\" class=\"yoast-schema-graph\">{\"@context\":\"https:\\\/\\\/schema.org\",\"@graph\":[{\"@type\":\"Article\",\"@id\":\"https:\\\/\\\/saltoecologico.es\\\/index.php\\\/2024\\\/11\\\/05\\\/decision-tomada\\\/#article\",\"isPartOf\":{\"@id\":\"https:\\\/\\\/saltoecologico.es\\\/index.php\\\/2024\\\/11\\\/05\\\/decision-tomada\\\/\"},\"author\":{\"name\":\"admin\",\"@id\":\"https:\\\/\\\/saltoecologico.es\\\/#\\\/schema\\\/person\\\/7175eec4b3c123d86c675313c3a01a0b\"},\"headline\":\"Decisi\u00f3n tomada\",\"datePublished\":\"2024-11-05T17:24:00+00:00\",\"dateModified\":\"2025-04-19T17:25:11+00:00\",\"mainEntityOfPage\":{\"@id\":\"https:\\\/\\\/saltoecologico.es\\\/index.php\\\/2024\\\/11\\\/05\\\/decision-tomada\\\/\"},\"wordCount\":854,\"commentCount\":0,\"publisher\":{\"@id\":\"https:\\\/\\\/saltoecologico.es\\\/#organization\"},\"image\":{\"@id\":\"https:\\\/\\\/saltoecologico.es\\\/index.php\\\/2024\\\/11\\\/05\\\/decision-tomada\\\/#primaryimage\"},\"thumbnailUrl\":\"https:\\\/\\\/saltoecologico.es\\\/wp-content\\\/uploads\\\/2025\\\/04\\\/GNL15.jpg\",\"articleSection\":[\"G_Totisa\",\"GNL\"],\"inLanguage\":\"es\",\"potentialAction\":[{\"@type\":\"CommentAction\",\"name\":\"Comment\",\"target\":[\"https:\\\/\\\/saltoecologico.es\\\/index.php\\\/2024\\\/11\\\/05\\\/decision-tomada\\\/#respond\"]}]},{\"@type\":\"WebPage\",\"@id\":\"https:\\\/\\\/saltoecologico.es\\\/index.php\\\/2024\\\/11\\\/05\\\/decision-tomada\\\/\",\"url\":\"https:\\\/\\\/saltoecologico.es\\\/index.php\\\/2024\\\/11\\\/05\\\/decision-tomada\\\/\",\"name\":\"Decisi\u00f3n tomada - Salto Ecol\u00f3gico\",\"isPartOf\":{\"@id\":\"https:\\\/\\\/saltoecologico.es\\\/#website\"},\"primaryImageOfPage\":{\"@id\":\"https:\\\/\\\/saltoecologico.es\\\/index.php\\\/2024\\\/11\\\/05\\\/decision-tomada\\\/#primaryimage\"},\"image\":{\"@id\":\"https:\\\/\\\/saltoecologico.es\\\/index.php\\\/2024\\\/11\\\/05\\\/decision-tomada\\\/#primaryimage\"},\"thumbnailUrl\":\"https:\\\/\\\/saltoecologico.es\\\/wp-content\\\/uploads\\\/2025\\\/04\\\/GNL15.jpg\",\"datePublished\":\"2024-11-05T17:24:00+00:00\",\"dateModified\":\"2025-04-19T17:25:11+00:00\",\"breadcrumb\":{\"@id\":\"https:\\\/\\\/saltoecologico.es\\\/index.php\\\/2024\\\/11\\\/05\\\/decision-tomada\\\/#breadcrumb\"},\"inLanguage\":\"es\",\"potentialAction\":[{\"@type\":\"ReadAction\",\"target\":[\"https:\\\/\\\/saltoecologico.es\\\/index.php\\\/2024\\\/11\\\/05\\\/decision-tomada\\\/\"]}]},{\"@type\":\"ImageObject\",\"inLanguage\":\"es\",\"@id\":\"https:\\\/\\\/saltoecologico.es\\\/index.php\\\/2024\\\/11\\\/05\\\/decision-tomada\\\/#primaryimage\",\"url\":\"https:\\\/\\\/saltoecologico.es\\\/wp-content\\\/uploads\\\/2025\\\/04\\\/GNL15.jpg\",\"contentUrl\":\"https:\\\/\\\/saltoecologico.es\\\/wp-content\\\/uploads\\\/2025\\\/04\\\/GNL15.jpg\",\"width\":1024,\"height\":575,\"caption\":\"LNG (Liquefied natural gas) tanker anchored in Gas terminal gas tanks for storage. Oil Crude Gas Tanker Ship. LPG at Tanker Bay Petroleum Chemical or Methane freighter export import transportation\"},{\"@type\":\"BreadcrumbList\",\"@id\":\"https:\\\/\\\/saltoecologico.es\\\/index.php\\\/2024\\\/11\\\/05\\\/decision-tomada\\\/#breadcrumb\",\"itemListElement\":[{\"@type\":\"ListItem\",\"position\":1,\"name\":\"Portada\",\"item\":\"https:\\\/\\\/saltoecologico.es\\\/\"},{\"@type\":\"ListItem\",\"position\":2,\"name\":\"Decisi\u00f3n tomada\"}]},{\"@type\":\"WebSite\",\"@id\":\"https:\\\/\\\/saltoecologico.es\\\/#website\",\"url\":\"https:\\\/\\\/saltoecologico.es\\\/\",\"name\":\"Salto Ecol\u00f3gico\",\"description\":\"\",\"publisher\":{\"@id\":\"https:\\\/\\\/saltoecologico.es\\\/#organization\"},\"potentialAction\":[{\"@type\":\"SearchAction\",\"target\":{\"@type\":\"EntryPoint\",\"urlTemplate\":\"https:\\\/\\\/saltoecologico.es\\\/?s={search_term_string}\"},\"query-input\":{\"@type\":\"PropertyValueSpecification\",\"valueRequired\":true,\"valueName\":\"search_term_string\"}}],\"inLanguage\":\"es\"},{\"@type\":\"Organization\",\"@id\":\"https:\\\/\\\/saltoecologico.es\\\/#organization\",\"name\":\"Salto a la Transici\u00f3n Ecol\u00f3gica\",\"url\":\"https:\\\/\\\/saltoecologico.es\\\/\",\"logo\":{\"@type\":\"ImageObject\",\"inLanguage\":\"es\",\"@id\":\"https:\\\/\\\/saltoecologico.es\\\/#\\\/schema\\\/logo\\\/image\\\/\",\"url\":\"https:\\\/\\\/saltoecologico.es\\\/wp-content\\\/uploads\\\/2025\\\/04\\\/Logo-STE.jpg\",\"contentUrl\":\"https:\\\/\\\/saltoecologico.es\\\/wp-content\\\/uploads\\\/2025\\\/04\\\/Logo-STE.jpg\",\"width\":435,\"height\":435,\"caption\":\"Salto a la Transici\u00f3n Ecol\u00f3gica\"},\"image\":{\"@id\":\"https:\\\/\\\/saltoecologico.es\\\/#\\\/schema\\\/logo\\\/image\\\/\"},\"sameAs\":[\"https:\\\/\\\/www.facebook.com\\\/Saltotransicionecologica\"]},{\"@type\":\"Person\",\"@id\":\"https:\\\/\\\/saltoecologico.es\\\/#\\\/schema\\\/person\\\/7175eec4b3c123d86c675313c3a01a0b\",\"name\":\"admin\",\"image\":{\"@type\":\"ImageObject\",\"inLanguage\":\"es\",\"@id\":\"https:\\\/\\\/secure.gravatar.com\\\/avatar\\\/4c215dc57bbc7b2f2f470ac9bd197f3f112636a584e575a732d0206a2d9c9806?s=96&d=mm&r=g\",\"url\":\"https:\\\/\\\/secure.gravatar.com\\\/avatar\\\/4c215dc57bbc7b2f2f470ac9bd197f3f112636a584e575a732d0206a2d9c9806?s=96&d=mm&r=g\",\"contentUrl\":\"https:\\\/\\\/secure.gravatar.com\\\/avatar\\\/4c215dc57bbc7b2f2f470ac9bd197f3f112636a584e575a732d0206a2d9c9806?s=96&d=mm&r=g\",\"caption\":\"admin\"},\"sameAs\":[\"https:\\\/\\\/saltoecologico.es\"],\"url\":\"https:\\\/\\\/saltoecologico.es\\\/index.php\\\/author\\\/saltoecologico\\\/\"}]}<\/script>\n<!-- \/ Yoast SEO plugin. -->","yoast_head_json":{"title":"Decisi\u00f3n tomada - Salto Ecol\u00f3gico","robots":{"index":"index","follow":"follow","max-snippet":"max-snippet:-1","max-image-preview":"max-image-preview:large","max-video-preview":"max-video-preview:-1"},"canonical":"https:\/\/saltoecologico.es\/index.php\/2024\/11\/05\/decision-tomada\/","og_locale":"es_ES","og_type":"article","og_title":"Decisi\u00f3n tomada - Salto Ecol\u00f3gico","og_description":"Recientemente hemos podido o\u00edr a la Presidenta de la Autoridad Portuaria referirse al proyecto que TOTISA pretende llevar a cabo en el Puerto de La Luz de la capital Gran Canaria, en la que expresa, que si bien lo que se est\u00e1 realizando en la actualidad es la continuaci\u00f3n de la tramitaci\u00f3n comenzada por los [&hellip;]","og_url":"https:\/\/saltoecologico.es\/index.php\/2024\/11\/05\/decision-tomada\/","og_site_name":"Salto Ecol\u00f3gico","article_publisher":"https:\/\/www.facebook.com\/Saltotransicionecologica","article_published_time":"2024-11-05T17:24:00+00:00","article_modified_time":"2025-04-19T17:25:11+00:00","og_image":[{"width":1024,"height":575,"url":"https:\/\/saltoecologico.es\/wp-content\/uploads\/2025\/04\/GNL15.jpg","type":"image\/jpeg"}],"author":"admin","twitter_card":"summary_large_image","twitter_misc":{"Escrito por":"admin","Tiempo de lectura":"4 minutos"},"schema":{"@context":"https:\/\/schema.org","@graph":[{"@type":"Article","@id":"https:\/\/saltoecologico.es\/index.php\/2024\/11\/05\/decision-tomada\/#article","isPartOf":{"@id":"https:\/\/saltoecologico.es\/index.php\/2024\/11\/05\/decision-tomada\/"},"author":{"name":"admin","@id":"https:\/\/saltoecologico.es\/#\/schema\/person\/7175eec4b3c123d86c675313c3a01a0b"},"headline":"Decisi\u00f3n tomada","datePublished":"2024-11-05T17:24:00+00:00","dateModified":"2025-04-19T17:25:11+00:00","mainEntityOfPage":{"@id":"https:\/\/saltoecologico.es\/index.php\/2024\/11\/05\/decision-tomada\/"},"wordCount":854,"commentCount":0,"publisher":{"@id":"https:\/\/saltoecologico.es\/#organization"},"image":{"@id":"https:\/\/saltoecologico.es\/index.php\/2024\/11\/05\/decision-tomada\/#primaryimage"},"thumbnailUrl":"https:\/\/saltoecologico.es\/wp-content\/uploads\/2025\/04\/GNL15.jpg","articleSection":["G_Totisa","GNL"],"inLanguage":"es","potentialAction":[{"@type":"CommentAction","name":"Comment","target":["https:\/\/saltoecologico.es\/index.php\/2024\/11\/05\/decision-tomada\/#respond"]}]},{"@type":"WebPage","@id":"https:\/\/saltoecologico.es\/index.php\/2024\/11\/05\/decision-tomada\/","url":"https:\/\/saltoecologico.es\/index.php\/2024\/11\/05\/decision-tomada\/","name":"Decisi\u00f3n tomada - Salto Ecol\u00f3gico","isPartOf":{"@id":"https:\/\/saltoecologico.es\/#website"},"primaryImageOfPage":{"@id":"https:\/\/saltoecologico.es\/index.php\/2024\/11\/05\/decision-tomada\/#primaryimage"},"image":{"@id":"https:\/\/saltoecologico.es\/index.php\/2024\/11\/05\/decision-tomada\/#primaryimage"},"thumbnailUrl":"https:\/\/saltoecologico.es\/wp-content\/uploads\/2025\/04\/GNL15.jpg","datePublished":"2024-11-05T17:24:00+00:00","dateModified":"2025-04-19T17:25:11+00:00","breadcrumb":{"@id":"https:\/\/saltoecologico.es\/index.php\/2024\/11\/05\/decision-tomada\/#breadcrumb"},"inLanguage":"es","potentialAction":[{"@type":"ReadAction","target":["https:\/\/saltoecologico.es\/index.php\/2024\/11\/05\/decision-tomada\/"]}]},{"@type":"ImageObject","inLanguage":"es","@id":"https:\/\/saltoecologico.es\/index.php\/2024\/11\/05\/decision-tomada\/#primaryimage","url":"https:\/\/saltoecologico.es\/wp-content\/uploads\/2025\/04\/GNL15.jpg","contentUrl":"https:\/\/saltoecologico.es\/wp-content\/uploads\/2025\/04\/GNL15.jpg","width":1024,"height":575,"caption":"LNG (Liquefied natural gas) tanker anchored in Gas terminal gas tanks for storage. Oil Crude Gas Tanker Ship. LPG at Tanker Bay Petroleum Chemical or Methane freighter export import transportation"},{"@type":"BreadcrumbList","@id":"https:\/\/saltoecologico.es\/index.php\/2024\/11\/05\/decision-tomada\/#breadcrumb","itemListElement":[{"@type":"ListItem","position":1,"name":"Portada","item":"https:\/\/saltoecologico.es\/"},{"@type":"ListItem","position":2,"name":"Decisi\u00f3n tomada"}]},{"@type":"WebSite","@id":"https:\/\/saltoecologico.es\/#website","url":"https:\/\/saltoecologico.es\/","name":"Salto Ecol\u00f3gico","description":"","publisher":{"@id":"https:\/\/saltoecologico.es\/#organization"},"potentialAction":[{"@type":"SearchAction","target":{"@type":"EntryPoint","urlTemplate":"https:\/\/saltoecologico.es\/?s={search_term_string}"},"query-input":{"@type":"PropertyValueSpecification","valueRequired":true,"valueName":"search_term_string"}}],"inLanguage":"es"},{"@type":"Organization","@id":"https:\/\/saltoecologico.es\/#organization","name":"Salto a la Transici\u00f3n Ecol\u00f3gica","url":"https:\/\/saltoecologico.es\/","logo":{"@type":"ImageObject","inLanguage":"es","@id":"https:\/\/saltoecologico.es\/#\/schema\/logo\/image\/","url":"https:\/\/saltoecologico.es\/wp-content\/uploads\/2025\/04\/Logo-STE.jpg","contentUrl":"https:\/\/saltoecologico.es\/wp-content\/uploads\/2025\/04\/Logo-STE.jpg","width":435,"height":435,"caption":"Salto a la Transici\u00f3n Ecol\u00f3gica"},"image":{"@id":"https:\/\/saltoecologico.es\/#\/schema\/logo\/image\/"},"sameAs":["https:\/\/www.facebook.com\/Saltotransicionecologica"]},{"@type":"Person","@id":"https:\/\/saltoecologico.es\/#\/schema\/person\/7175eec4b3c123d86c675313c3a01a0b","name":"admin","image":{"@type":"ImageObject","inLanguage":"es","@id":"https:\/\/secure.gravatar.com\/avatar\/4c215dc57bbc7b2f2f470ac9bd197f3f112636a584e575a732d0206a2d9c9806?s=96&d=mm&r=g","url":"https:\/\/secure.gravatar.com\/avatar\/4c215dc57bbc7b2f2f470ac9bd197f3f112636a584e575a732d0206a2d9c9806?s=96&d=mm&r=g","contentUrl":"https:\/\/secure.gravatar.com\/avatar\/4c215dc57bbc7b2f2f470ac9bd197f3f112636a584e575a732d0206a2d9c9806?s=96&d=mm&r=g","caption":"admin"},"sameAs":["https:\/\/saltoecologico.es"],"url":"https:\/\/saltoecologico.es\/index.php\/author\/saltoecologico\/"}]}},"_links":{"self":[{"href":"https:\/\/saltoecologico.es\/index.php\/wp-json\/wp\/v2\/posts\/774","targetHints":{"allow":["GET"]}}],"collection":[{"href":"https:\/\/saltoecologico.es\/index.php\/wp-json\/wp\/v2\/posts"}],"about":[{"href":"https:\/\/saltoecologico.es\/index.php\/wp-json\/wp\/v2\/types\/post"}],"author":[{"embeddable":true,"href":"https:\/\/saltoecologico.es\/index.php\/wp-json\/wp\/v2\/users\/1"}],"replies":[{"embeddable":true,"href":"https:\/\/saltoecologico.es\/index.php\/wp-json\/wp\/v2\/comments?post=774"}],"version-history":[{"count":1,"href":"https:\/\/saltoecologico.es\/index.php\/wp-json\/wp\/v2\/posts\/774\/revisions"}],"predecessor-version":[{"id":776,"href":"https:\/\/saltoecologico.es\/index.php\/wp-json\/wp\/v2\/posts\/774\/revisions\/776"}],"wp:featuredmedia":[{"embeddable":true,"href":"https:\/\/saltoecologico.es\/index.php\/wp-json\/wp\/v2\/media\/775"}],"wp:attachment":[{"href":"https:\/\/saltoecologico.es\/index.php\/wp-json\/wp\/v2\/media?parent=774"}],"wp:term":[{"taxonomy":"category","embeddable":true,"href":"https:\/\/saltoecologico.es\/index.php\/wp-json\/wp\/v2\/categories?post=774"},{"taxonomy":"post_tag","embeddable":true,"href":"https:\/\/saltoecologico.es\/index.php\/wp-json\/wp\/v2\/tags?post=774"}],"curies":[{"name":"wp","href":"https:\/\/api.w.org\/{rel}","templated":true}]}}