{"id":780,"date":"2024-11-11T17:29:00","date_gmt":"2024-11-11T17:29:00","guid":{"rendered":"https:\/\/saltoecologico.es\/?p=780"},"modified":"2025-04-19T17:30:15","modified_gmt":"2025-04-19T17:30:15","slug":"proceso-condenatorio","status":"publish","type":"post","link":"https:\/\/saltoecologico.es\/index.php\/2024\/11\/11\/proceso-condenatorio\/","title":{"rendered":"Proceso condenatorio"},"content":{"rendered":"\n<p class=\"wp-block-paragraph\">Con fecha 4 de julio se public\u00f3 en el Bolet\u00edn Oficial del Estado la resoluci\u00f3n para convocar el procedimiento de concurrencia competitiva para el reconocimiento del r\u00e9gimen retributivo adicional para los nuevos grupos de generaci\u00f3n en los sistemas el\u00e9ctricos de los territorios no peninsulares. En dicha resoluci\u00f3n se daba un plazo de dos meses, que posteriormente fue ampliado a otro mes m\u00e1s, para presentar las solicitudes para entrar en dicho proceso. Pues bien, ese plazo a expirado y ya se ha presentado la lista provisional de proyectos admitidos y excluidos para ser tenido en cuenta en el proceso. Los excluidos tendr\u00e1n un plazo de 10 d\u00edas para subsanar los defectos por los que se les excluye y que fundamentalmente se reducen a cuestiones de fianzas y de tr\u00e1mites burocr\u00e1ticos.<\/p>\n\n\n\n<p class=\"wp-block-paragraph\">Lo m\u00e1s llamativa de la lista de solicitudes admitidas es que todas pertenecen a la empresa Endesa, bajo su marca local de Uni\u00f3n El\u00e9ctrica de Canarias Generaci\u00f3n, S.A.U. y con la siguiente distribuci\u00f3n por islas: 10 grupos en Gran Canaria, 12 grupos en Fuerteventura, 10 grupos en Lanzarote, 11 grupos en Tenerife, 10 grupos en La Palma, 7 grupos en La Gomera, 7 grupos en el Hierro.<\/p>\n\n\n\n<p class=\"wp-block-paragraph\">A falta de m\u00e1s informaci\u00f3n estos grupos ir\u00e1n ubicados en las centrales actuales y que ya Endesa dispone en las diferentes islas. As\u00ed mismo en la relaci\u00f3n no se aclara la potencia, el combustible, ni el resto de las caracter\u00edsticas de estos generadores, pero que entendemos que cumplen con los requisitos.<\/p>\n\n\n\n<p class=\"wp-block-paragraph\">En este punto conviene aclarar que a pesar de que la norma impide participar en el proceso a aquellas empresas que est\u00e9n por encima del 40% de la generaci\u00f3n, de manera general, si deja la puerta abierta cuando se trata de renovaci\u00f3n de grupos. En ese sentido los grupos de Endesa con vida \u00fatil regulatoria caducada en las distintas islas se distribuyen de la siguiente manera: 12 grupos en Gran Canaria, 8 grupos en Fuerteventura, 8 grupos en Lanzarote, 14 grupos en Tenerife, 7 grupos en La Palma, 5 grupos en La Gomera, 6 grupos en El Hierro.<\/p>\n\n\n\n<p class=\"wp-block-paragraph\">Con respecto a la lista de solicitudes excluidas provisionalmente tenemos lo siguiente:<\/p>\n\n\n\n<ul class=\"wp-block-list\">\n<li>En Gran Canaria: 2 grupos de Bioenerg\u00eda Gran Canaria S.L., uno en El Goro y otro en Llano Alegre. 4 grupos de DISA Generaci\u00f3n S.L.U ubicados en Lomo Magullo, Melenara, Salinetas y Taliarte. 2 grupos de Sampol Ingenier\u00eda y Obras S.A. en Muelle Grande. 4 grupos de Totisa Energ\u00eda S.L. en el Puerto de Las Palmas y 1 grupo de Uni\u00f3n El\u00e9ctrica de Canarias Generaci\u00f3n S.A.U..<\/li>\n\n\n\n<li>En Lanzarote: 5 grupos de Uni\u00f3n El\u00e9ctrica de Canarias Generaci\u00f3n, S.A.U.<\/li>\n\n\n\n<li>En Fuerteventura: 2 grupos de Canary Carreteras, S.L. en Maxorata. 5 grupos de DISA Generaci\u00f3n S.L.U ubicados en Tef\u00eda, Guisguey, Tamariche, La Hondura y Carriones. 6 grupos de Sampol Ingenier\u00eda y Obras, ubicados en Jares y Puerto del Rosario.<\/li>\n\n\n\n<li>En Tenerife: 9 grupos de DISA Generaci\u00f3n S.L.U. ubicados en Monta\u00f1a Roja, San Isidro, El Draguito, Atogo, M\u00e9dano, Orchilla, Chimiche, Cruz de Tea, Chasna. 11 grupos de Sampol Ingenier\u00eda y Obras S.A. en Los Realejos, Dique del Este y Granadilla. 4 grupos de Totisa Energ\u00eda, S.L. en el Puerto de Santa Cruz. 1 de Uni\u00f3n El\u00e9ctrica de Canarias Generaci\u00f3n, S.A.U..<\/li>\n\n\n\n<li>En La Palma: 4 grupos de Uni\u00f3n El\u00e9ctrica de Canarias Generaci\u00f3n S.A.U.<\/li>\n\n\n\n<li>En La Gomera y el Hierro no hay grupos excluidos.<\/li>\n<\/ul>\n\n\n\n<p class=\"wp-block-paragraph\">Estos son los datos objetivos que denotan un panorama aterrador para la lucha contra el cambio clim\u00e1tico y la descarbonizaci\u00f3n del sistema energ\u00e9tico de Canarias. Viendo la cantidad de grupos que se est\u00e1 manejando, teniendo en cuenta que estos grupos estar\u00e1n operativos como m\u00e1s pronto all\u00e1 por el 2030 y adem\u00e1s, que legalmente tendr\u00e1n una vida \u00fatil regulatoria de 25 a\u00f1os, est\u00e1s m\u00e1quinas estar\u00e1n operativas, al menos, hasta el 2055.<\/p>\n\n\n\n<p class=\"wp-block-paragraph\">Ya podemos irnos olvid\u00e1ndonos de la descarbonizaci\u00f3n prometida para el 2040. Ya podemos irnos olvidando de las estrategias del Instituto Tecnol\u00f3gico de Canarias que abogaba por ir sustituyendo la generaci\u00f3n f\u00f3sil por renovables. Ya podemos irnos olvidando con el sue\u00f1o de tener un sistema energ\u00e9tico renovable y respetuoso con el medio ambiente. Ya podemos irnos olvidando de hacer la parte que nos toca en la lucha contra el Cambio Clim\u00e1tico Antropog\u00e9nico, para que cuando nos vengan mal dadas, como en Valencia, podamos reivindicar con orgullo que nuestra tarea la hab\u00edamos hecho. En definitiva, ya nos podemos ir olvidando de ser consecuentes con nuestros hijos, con nuestro medio ambiente y con nosotros mismos, porque una vez m\u00e1s se demuestra que la miop\u00eda de lo supuestamente urgente no deja tiempo para lo verdaderamente importante.<\/p>\n","protected":false},"excerpt":{"rendered":"<p>Con fecha 4 de julio se public\u00f3 en el Bolet\u00edn Oficial del Estado la resoluci\u00f3n para convocar el procedimiento de concurrencia competitiva para el reconocimiento del r\u00e9gimen retributivo adicional para los nuevos grupos de generaci\u00f3n en los sistemas el\u00e9ctricos de los territorios no peninsulares. En dicha resoluci\u00f3n se daba un plazo de dos meses, que [&hellip;]<\/p>\n","protected":false},"author":1,"featured_media":781,"comment_status":"open","ping_status":"open","sticky":false,"template":"","format":"standard","meta":{"footnotes":""},"categories":[58],"tags":[],"class_list":["post-780","post","type-post","status-publish","format-standard","has-post-thumbnail","category-concurrencia-competitiva"],"yoast_head":"<!-- This site is optimized with the Yoast SEO plugin v28.2 - https:\/\/yoast.com\/product\/yoast-seo-wordpress\/ -->\n<title>Proceso condenatorio - Salto Ecol\u00f3gico<\/title>\n<meta name=\"robots\" content=\"index, follow, max-snippet:-1, max-image-preview:large, max-video-preview:-1\" \/>\n<link rel=\"canonical\" href=\"https:\/\/saltoecologico.es\/index.php\/2024\/11\/11\/proceso-condenatorio\/\" \/>\n<meta property=\"og:locale\" content=\"es_ES\" \/>\n<meta property=\"og:type\" content=\"article\" \/>\n<meta property=\"og:title\" content=\"Proceso condenatorio - Salto Ecol\u00f3gico\" \/>\n<meta property=\"og:description\" content=\"Con fecha 4 de julio se public\u00f3 en el Bolet\u00edn Oficial del Estado la resoluci\u00f3n para convocar el procedimiento de concurrencia competitiva para el reconocimiento del r\u00e9gimen retributivo adicional para los nuevos grupos de generaci\u00f3n en los sistemas el\u00e9ctricos de los territorios no peninsulares. En dicha resoluci\u00f3n se daba un plazo de dos meses, que [&hellip;]\" \/>\n<meta property=\"og:url\" content=\"https:\/\/saltoecologico.es\/index.php\/2024\/11\/11\/proceso-condenatorio\/\" \/>\n<meta property=\"og:site_name\" content=\"Salto Ecol\u00f3gico\" \/>\n<meta property=\"article:publisher\" content=\"https:\/\/www.facebook.com\/Saltotransicionecologica\" \/>\n<meta property=\"article:published_time\" content=\"2024-11-11T17:29:00+00:00\" \/>\n<meta property=\"article:modified_time\" content=\"2025-04-19T17:30:15+00:00\" \/>\n<meta property=\"og:image\" content=\"https:\/\/saltoecologico.es\/wp-content\/uploads\/2025\/04\/Fosiles35.jpg\" \/>\n\t<meta property=\"og:image:width\" content=\"1024\" \/>\n\t<meta property=\"og:image:height\" content=\"683\" \/>\n\t<meta property=\"og:image:type\" content=\"image\/jpeg\" \/>\n<meta name=\"author\" content=\"admin\" \/>\n<meta name=\"twitter:card\" content=\"summary_large_image\" \/>\n<meta name=\"twitter:label1\" content=\"Escrito por\" \/>\n\t<meta name=\"twitter:data1\" content=\"admin\" \/>\n\t<meta name=\"twitter:label2\" content=\"Tiempo de lectura\" \/>\n\t<meta name=\"twitter:data2\" content=\"4 minutos\" \/>\n<script type=\"application\/ld+json\" class=\"yoast-schema-graph\">{\"@context\":\"https:\\\/\\\/schema.org\",\"@graph\":[{\"@type\":\"Article\",\"@id\":\"https:\\\/\\\/saltoecologico.es\\\/index.php\\\/2024\\\/11\\\/11\\\/proceso-condenatorio\\\/#article\",\"isPartOf\":{\"@id\":\"https:\\\/\\\/saltoecologico.es\\\/index.php\\\/2024\\\/11\\\/11\\\/proceso-condenatorio\\\/\"},\"author\":{\"name\":\"admin\",\"@id\":\"https:\\\/\\\/saltoecologico.es\\\/#\\\/schema\\\/person\\\/7175eec4b3c123d86c675313c3a01a0b\"},\"headline\":\"Proceso condenatorio\",\"datePublished\":\"2024-11-11T17:29:00+00:00\",\"dateModified\":\"2025-04-19T17:30:15+00:00\",\"mainEntityOfPage\":{\"@id\":\"https:\\\/\\\/saltoecologico.es\\\/index.php\\\/2024\\\/11\\\/11\\\/proceso-condenatorio\\\/\"},\"wordCount\":817,\"commentCount\":0,\"publisher\":{\"@id\":\"https:\\\/\\\/saltoecologico.es\\\/#organization\"},\"image\":{\"@id\":\"https:\\\/\\\/saltoecologico.es\\\/index.php\\\/2024\\\/11\\\/11\\\/proceso-condenatorio\\\/#primaryimage\"},\"thumbnailUrl\":\"https:\\\/\\\/saltoecologico.es\\\/wp-content\\\/uploads\\\/2025\\\/04\\\/Fosiles35.jpg\",\"articleSection\":[\"Concurrencia competitiva\"],\"inLanguage\":\"es\",\"potentialAction\":[{\"@type\":\"CommentAction\",\"name\":\"Comment\",\"target\":[\"https:\\\/\\\/saltoecologico.es\\\/index.php\\\/2024\\\/11\\\/11\\\/proceso-condenatorio\\\/#respond\"]}]},{\"@type\":\"WebPage\",\"@id\":\"https:\\\/\\\/saltoecologico.es\\\/index.php\\\/2024\\\/11\\\/11\\\/proceso-condenatorio\\\/\",\"url\":\"https:\\\/\\\/saltoecologico.es\\\/index.php\\\/2024\\\/11\\\/11\\\/proceso-condenatorio\\\/\",\"name\":\"Proceso condenatorio - Salto Ecol\u00f3gico\",\"isPartOf\":{\"@id\":\"https:\\\/\\\/saltoecologico.es\\\/#website\"},\"primaryImageOfPage\":{\"@id\":\"https:\\\/\\\/saltoecologico.es\\\/index.php\\\/2024\\\/11\\\/11\\\/proceso-condenatorio\\\/#primaryimage\"},\"image\":{\"@id\":\"https:\\\/\\\/saltoecologico.es\\\/index.php\\\/2024\\\/11\\\/11\\\/proceso-condenatorio\\\/#primaryimage\"},\"thumbnailUrl\":\"https:\\\/\\\/saltoecologico.es\\\/wp-content\\\/uploads\\\/2025\\\/04\\\/Fosiles35.jpg\",\"datePublished\":\"2024-11-11T17:29:00+00:00\",\"dateModified\":\"2025-04-19T17:30:15+00:00\",\"breadcrumb\":{\"@id\":\"https:\\\/\\\/saltoecologico.es\\\/index.php\\\/2024\\\/11\\\/11\\\/proceso-condenatorio\\\/#breadcrumb\"},\"inLanguage\":\"es\",\"potentialAction\":[{\"@type\":\"ReadAction\",\"target\":[\"https:\\\/\\\/saltoecologico.es\\\/index.php\\\/2024\\\/11\\\/11\\\/proceso-condenatorio\\\/\"]}]},{\"@type\":\"ImageObject\",\"inLanguage\":\"es\",\"@id\":\"https:\\\/\\\/saltoecologico.es\\\/index.php\\\/2024\\\/11\\\/11\\\/proceso-condenatorio\\\/#primaryimage\",\"url\":\"https:\\\/\\\/saltoecologico.es\\\/wp-content\\\/uploads\\\/2025\\\/04\\\/Fosiles35.jpg\",\"contentUrl\":\"https:\\\/\\\/saltoecologico.es\\\/wp-content\\\/uploads\\\/2025\\\/04\\\/Fosiles35.jpg\",\"width\":1024,\"height\":683,\"caption\":\"Aerial view of coal power plant high pipes with black smokestack polluting atmosphere. Electricity production with fossil fuel concept.\"},{\"@type\":\"BreadcrumbList\",\"@id\":\"https:\\\/\\\/saltoecologico.es\\\/index.php\\\/2024\\\/11\\\/11\\\/proceso-condenatorio\\\/#breadcrumb\",\"itemListElement\":[{\"@type\":\"ListItem\",\"position\":1,\"name\":\"Portada\",\"item\":\"https:\\\/\\\/saltoecologico.es\\\/\"},{\"@type\":\"ListItem\",\"position\":2,\"name\":\"Proceso condenatorio\"}]},{\"@type\":\"WebSite\",\"@id\":\"https:\\\/\\\/saltoecologico.es\\\/#website\",\"url\":\"https:\\\/\\\/saltoecologico.es\\\/\",\"name\":\"Salto Ecol\u00f3gico\",\"description\":\"\",\"publisher\":{\"@id\":\"https:\\\/\\\/saltoecologico.es\\\/#organization\"},\"potentialAction\":[{\"@type\":\"SearchAction\",\"target\":{\"@type\":\"EntryPoint\",\"urlTemplate\":\"https:\\\/\\\/saltoecologico.es\\\/?s={search_term_string}\"},\"query-input\":{\"@type\":\"PropertyValueSpecification\",\"valueRequired\":true,\"valueName\":\"search_term_string\"}}],\"inLanguage\":\"es\"},{\"@type\":\"Organization\",\"@id\":\"https:\\\/\\\/saltoecologico.es\\\/#organization\",\"name\":\"Salto a la Transici\u00f3n Ecol\u00f3gica\",\"url\":\"https:\\\/\\\/saltoecologico.es\\\/\",\"logo\":{\"@type\":\"ImageObject\",\"inLanguage\":\"es\",\"@id\":\"https:\\\/\\\/saltoecologico.es\\\/#\\\/schema\\\/logo\\\/image\\\/\",\"url\":\"https:\\\/\\\/saltoecologico.es\\\/wp-content\\\/uploads\\\/2025\\\/04\\\/Logo-STE.jpg\",\"contentUrl\":\"https:\\\/\\\/saltoecologico.es\\\/wp-content\\\/uploads\\\/2025\\\/04\\\/Logo-STE.jpg\",\"width\":435,\"height\":435,\"caption\":\"Salto a la Transici\u00f3n Ecol\u00f3gica\"},\"image\":{\"@id\":\"https:\\\/\\\/saltoecologico.es\\\/#\\\/schema\\\/logo\\\/image\\\/\"},\"sameAs\":[\"https:\\\/\\\/www.facebook.com\\\/Saltotransicionecologica\"]},{\"@type\":\"Person\",\"@id\":\"https:\\\/\\\/saltoecologico.es\\\/#\\\/schema\\\/person\\\/7175eec4b3c123d86c675313c3a01a0b\",\"name\":\"admin\",\"image\":{\"@type\":\"ImageObject\",\"inLanguage\":\"es\",\"@id\":\"https:\\\/\\\/secure.gravatar.com\\\/avatar\\\/4c215dc57bbc7b2f2f470ac9bd197f3f112636a584e575a732d0206a2d9c9806?s=96&d=mm&r=g\",\"url\":\"https:\\\/\\\/secure.gravatar.com\\\/avatar\\\/4c215dc57bbc7b2f2f470ac9bd197f3f112636a584e575a732d0206a2d9c9806?s=96&d=mm&r=g\",\"contentUrl\":\"https:\\\/\\\/secure.gravatar.com\\\/avatar\\\/4c215dc57bbc7b2f2f470ac9bd197f3f112636a584e575a732d0206a2d9c9806?s=96&d=mm&r=g\",\"caption\":\"admin\"},\"sameAs\":[\"https:\\\/\\\/saltoecologico.es\"],\"url\":\"https:\\\/\\\/saltoecologico.es\\\/index.php\\\/author\\\/saltoecologico\\\/\"}]}<\/script>\n<!-- \/ Yoast SEO plugin. -->","yoast_head_json":{"title":"Proceso condenatorio - Salto Ecol\u00f3gico","robots":{"index":"index","follow":"follow","max-snippet":"max-snippet:-1","max-image-preview":"max-image-preview:large","max-video-preview":"max-video-preview:-1"},"canonical":"https:\/\/saltoecologico.es\/index.php\/2024\/11\/11\/proceso-condenatorio\/","og_locale":"es_ES","og_type":"article","og_title":"Proceso condenatorio - Salto Ecol\u00f3gico","og_description":"Con fecha 4 de julio se public\u00f3 en el Bolet\u00edn Oficial del Estado la resoluci\u00f3n para convocar el procedimiento de concurrencia competitiva para el reconocimiento del r\u00e9gimen retributivo adicional para los nuevos grupos de generaci\u00f3n en los sistemas el\u00e9ctricos de los territorios no peninsulares. En dicha resoluci\u00f3n se daba un plazo de dos meses, que [&hellip;]","og_url":"https:\/\/saltoecologico.es\/index.php\/2024\/11\/11\/proceso-condenatorio\/","og_site_name":"Salto Ecol\u00f3gico","article_publisher":"https:\/\/www.facebook.com\/Saltotransicionecologica","article_published_time":"2024-11-11T17:29:00+00:00","article_modified_time":"2025-04-19T17:30:15+00:00","og_image":[{"width":1024,"height":683,"url":"https:\/\/saltoecologico.es\/wp-content\/uploads\/2025\/04\/Fosiles35.jpg","type":"image\/jpeg"}],"author":"admin","twitter_card":"summary_large_image","twitter_misc":{"Escrito por":"admin","Tiempo de lectura":"4 minutos"},"schema":{"@context":"https:\/\/schema.org","@graph":[{"@type":"Article","@id":"https:\/\/saltoecologico.es\/index.php\/2024\/11\/11\/proceso-condenatorio\/#article","isPartOf":{"@id":"https:\/\/saltoecologico.es\/index.php\/2024\/11\/11\/proceso-condenatorio\/"},"author":{"name":"admin","@id":"https:\/\/saltoecologico.es\/#\/schema\/person\/7175eec4b3c123d86c675313c3a01a0b"},"headline":"Proceso condenatorio","datePublished":"2024-11-11T17:29:00+00:00","dateModified":"2025-04-19T17:30:15+00:00","mainEntityOfPage":{"@id":"https:\/\/saltoecologico.es\/index.php\/2024\/11\/11\/proceso-condenatorio\/"},"wordCount":817,"commentCount":0,"publisher":{"@id":"https:\/\/saltoecologico.es\/#organization"},"image":{"@id":"https:\/\/saltoecologico.es\/index.php\/2024\/11\/11\/proceso-condenatorio\/#primaryimage"},"thumbnailUrl":"https:\/\/saltoecologico.es\/wp-content\/uploads\/2025\/04\/Fosiles35.jpg","articleSection":["Concurrencia competitiva"],"inLanguage":"es","potentialAction":[{"@type":"CommentAction","name":"Comment","target":["https:\/\/saltoecologico.es\/index.php\/2024\/11\/11\/proceso-condenatorio\/#respond"]}]},{"@type":"WebPage","@id":"https:\/\/saltoecologico.es\/index.php\/2024\/11\/11\/proceso-condenatorio\/","url":"https:\/\/saltoecologico.es\/index.php\/2024\/11\/11\/proceso-condenatorio\/","name":"Proceso condenatorio - Salto Ecol\u00f3gico","isPartOf":{"@id":"https:\/\/saltoecologico.es\/#website"},"primaryImageOfPage":{"@id":"https:\/\/saltoecologico.es\/index.php\/2024\/11\/11\/proceso-condenatorio\/#primaryimage"},"image":{"@id":"https:\/\/saltoecologico.es\/index.php\/2024\/11\/11\/proceso-condenatorio\/#primaryimage"},"thumbnailUrl":"https:\/\/saltoecologico.es\/wp-content\/uploads\/2025\/04\/Fosiles35.jpg","datePublished":"2024-11-11T17:29:00+00:00","dateModified":"2025-04-19T17:30:15+00:00","breadcrumb":{"@id":"https:\/\/saltoecologico.es\/index.php\/2024\/11\/11\/proceso-condenatorio\/#breadcrumb"},"inLanguage":"es","potentialAction":[{"@type":"ReadAction","target":["https:\/\/saltoecologico.es\/index.php\/2024\/11\/11\/proceso-condenatorio\/"]}]},{"@type":"ImageObject","inLanguage":"es","@id":"https:\/\/saltoecologico.es\/index.php\/2024\/11\/11\/proceso-condenatorio\/#primaryimage","url":"https:\/\/saltoecologico.es\/wp-content\/uploads\/2025\/04\/Fosiles35.jpg","contentUrl":"https:\/\/saltoecologico.es\/wp-content\/uploads\/2025\/04\/Fosiles35.jpg","width":1024,"height":683,"caption":"Aerial view of coal power plant high pipes with black smokestack polluting atmosphere. Electricity production with fossil fuel concept."},{"@type":"BreadcrumbList","@id":"https:\/\/saltoecologico.es\/index.php\/2024\/11\/11\/proceso-condenatorio\/#breadcrumb","itemListElement":[{"@type":"ListItem","position":1,"name":"Portada","item":"https:\/\/saltoecologico.es\/"},{"@type":"ListItem","position":2,"name":"Proceso condenatorio"}]},{"@type":"WebSite","@id":"https:\/\/saltoecologico.es\/#website","url":"https:\/\/saltoecologico.es\/","name":"Salto Ecol\u00f3gico","description":"","publisher":{"@id":"https:\/\/saltoecologico.es\/#organization"},"potentialAction":[{"@type":"SearchAction","target":{"@type":"EntryPoint","urlTemplate":"https:\/\/saltoecologico.es\/?s={search_term_string}"},"query-input":{"@type":"PropertyValueSpecification","valueRequired":true,"valueName":"search_term_string"}}],"inLanguage":"es"},{"@type":"Organization","@id":"https:\/\/saltoecologico.es\/#organization","name":"Salto a la Transici\u00f3n Ecol\u00f3gica","url":"https:\/\/saltoecologico.es\/","logo":{"@type":"ImageObject","inLanguage":"es","@id":"https:\/\/saltoecologico.es\/#\/schema\/logo\/image\/","url":"https:\/\/saltoecologico.es\/wp-content\/uploads\/2025\/04\/Logo-STE.jpg","contentUrl":"https:\/\/saltoecologico.es\/wp-content\/uploads\/2025\/04\/Logo-STE.jpg","width":435,"height":435,"caption":"Salto a la Transici\u00f3n Ecol\u00f3gica"},"image":{"@id":"https:\/\/saltoecologico.es\/#\/schema\/logo\/image\/"},"sameAs":["https:\/\/www.facebook.com\/Saltotransicionecologica"]},{"@type":"Person","@id":"https:\/\/saltoecologico.es\/#\/schema\/person\/7175eec4b3c123d86c675313c3a01a0b","name":"admin","image":{"@type":"ImageObject","inLanguage":"es","@id":"https:\/\/secure.gravatar.com\/avatar\/4c215dc57bbc7b2f2f470ac9bd197f3f112636a584e575a732d0206a2d9c9806?s=96&d=mm&r=g","url":"https:\/\/secure.gravatar.com\/avatar\/4c215dc57bbc7b2f2f470ac9bd197f3f112636a584e575a732d0206a2d9c9806?s=96&d=mm&r=g","contentUrl":"https:\/\/secure.gravatar.com\/avatar\/4c215dc57bbc7b2f2f470ac9bd197f3f112636a584e575a732d0206a2d9c9806?s=96&d=mm&r=g","caption":"admin"},"sameAs":["https:\/\/saltoecologico.es"],"url":"https:\/\/saltoecologico.es\/index.php\/author\/saltoecologico\/"}]}},"_links":{"self":[{"href":"https:\/\/saltoecologico.es\/index.php\/wp-json\/wp\/v2\/posts\/780","targetHints":{"allow":["GET"]}}],"collection":[{"href":"https:\/\/saltoecologico.es\/index.php\/wp-json\/wp\/v2\/posts"}],"about":[{"href":"https:\/\/saltoecologico.es\/index.php\/wp-json\/wp\/v2\/types\/post"}],"author":[{"embeddable":true,"href":"https:\/\/saltoecologico.es\/index.php\/wp-json\/wp\/v2\/users\/1"}],"replies":[{"embeddable":true,"href":"https:\/\/saltoecologico.es\/index.php\/wp-json\/wp\/v2\/comments?post=780"}],"version-history":[{"count":1,"href":"https:\/\/saltoecologico.es\/index.php\/wp-json\/wp\/v2\/posts\/780\/revisions"}],"predecessor-version":[{"id":782,"href":"https:\/\/saltoecologico.es\/index.php\/wp-json\/wp\/v2\/posts\/780\/revisions\/782"}],"wp:featuredmedia":[{"embeddable":true,"href":"https:\/\/saltoecologico.es\/index.php\/wp-json\/wp\/v2\/media\/781"}],"wp:attachment":[{"href":"https:\/\/saltoecologico.es\/index.php\/wp-json\/wp\/v2\/media?parent=780"}],"wp:term":[{"taxonomy":"category","embeddable":true,"href":"https:\/\/saltoecologico.es\/index.php\/wp-json\/wp\/v2\/categories?post=780"},{"taxonomy":"post_tag","embeddable":true,"href":"https:\/\/saltoecologico.es\/index.php\/wp-json\/wp\/v2\/tags?post=780"}],"curies":[{"name":"wp","href":"https:\/\/api.w.org\/{rel}","templated":true}]}}