{"id":783,"date":"2024-11-14T17:31:00","date_gmt":"2024-11-14T17:31:00","guid":{"rendered":"https:\/\/saltoecologico.es\/?p=783"},"modified":"2025-04-19T17:32:19","modified_gmt":"2025-04-19T17:32:19","slug":"necesaria-actualizacion","status":"publish","type":"post","link":"https:\/\/saltoecologico.es\/index.php\/2024\/11\/14\/necesaria-actualizacion\/","title":{"rendered":"Necesaria actualizaci\u00f3n"},"content":{"rendered":"\n<p class=\"wp-block-paragraph\">Desde el 9 al 23 de octubre se llev\u00f3 a cabo por parte del Ministerio para la Transici\u00f3n Ecol\u00f3gica y el Reto Demogr\u00e1fico, la consulta p\u00fablica previa del proyecto de Real Decreto por el que se regulan las condiciones administrativas, t\u00e9cnicas y econ\u00f3micas del autoconsumo de energ\u00eda el\u00e9ctrica. Efectivamente, el Real Decreto-ley 15\/2018, de 5 de octubre, de medidas urgentes para la transici\u00f3n energ\u00e9tica y la protecci\u00f3n de los consumidores, supuso un cambio profundo en la regulaci\u00f3n del autoconsumo en Espa\u00f1a con el fin de que los consumidores, productores, y la sociedad en su conjunto, pudieran beneficiarse de las ventajas que puede acarrear esta actividad. De igual manera, el Real Decreto 244\/2019, de 5 de abril, concret\u00f3 las condiciones administrativas, t\u00e9cnicas y econ\u00f3micas del autoconsumo de energ\u00eda el\u00e9ctrica, conformando un marco normativo que ha permitido un despliegue significativo del autoconsumo, llegando a m\u00e1s de 7 GW de potencia acumulada a finales de 2023 en toda Espa\u00f1a, seg\u00fan estimaciones del sector. Posteriormente sucesivas regulaciones de diferente calado fueran incorporando actualizaciones y diversas mejoras y puntualizaciones que han contribuido a un desarrollo muy importante de esta modalidad.<\/p>\n\n\n\n<p class=\"wp-block-paragraph\">Sin embargo, despu\u00e9s de cinco a\u00f1os, se han puesto de manifiesto una serie de deficiencias que convendr\u00eda subsanar para que esta poderos\u00edsima herramienta para luchar contra el calentamiento global, no se estanque y contin\u00fae con un desarrollo adecuado. En esta l\u00ednea habr\u00eda que tener en cuenta cuestiones tales como:<\/p>\n\n\n\n<ul class=\"wp-block-list\">\n<li>Potenciar y reglar el almacenamiento distribuido. Reglar el uso de bater\u00edas no asociadas a autoconsumos de manera que el almacenamiento mediante estos medios se pueda generalizar.<\/li>\n\n\n\n<li>Crear la figura del administrador del autoconsumo. Ser\u00eda el responsable de administrar las altas, bajas y modificaciones en los autoconsumos colectivos, facilitando y agilizando los tr\u00e1mites administrativos.<\/li>\n\n\n\n<li>Simbiosis entre autoconsumo individual y colectivo. Esta modalidad permitir\u00eda a un usuario colectivizar solo sus excedentes sin necesidad de hacerlo con toda la producci\u00f3n.<\/li>\n\n\n\n<li>Normalizar y potenciar las bater\u00edas virtuales. Esta posibilidad permite al usuario de autoconsumo optimizar el rendimiento de su instalaci\u00f3n, pudiendo ampliar el tiempo de compensaci\u00f3n e incluso extenderlo a otras propiedades. Esta herramienta amplificada para el autoconsumo colectivo dar\u00eda mucho juego a los usuarios potenciales.<\/li>\n<\/ul>\n\n\n\n<p class=\"wp-block-paragraph\">Estas y otras mejoras redundaran en que haya m\u00e1s usuarios que se acerquen al autoconsumo de una manera m\u00e1s importante y que sin ser la soluci\u00f3n definitiva para nuestro sistema el\u00e9ctrico descarbonizado, si representar\u00e1 una gran ayuda.<\/p>\n\n\n\n<p class=\"wp-block-paragraph\">Para hacernos una idea del potencial del que hablamos, el Instituto Tecnol\u00f3gico de Canarias cifro en 414 MW la potencia de autoconsumo instalable en la isla de Gran Canaria. Viendo este dato, se podr\u00eda pensar que en una isla cuya punta es del entorno de 500 MW, pr\u00e1cticamente con autoconsumo se podr\u00eda dar suministro el\u00e9ctrico a sus ciudadanos. Pero la realidad est\u00e1 muy lejos de esta aseveraci\u00f3n, porque a parte de cumplir la premisa de cubrir la punta de demanda, tambi\u00e9n es necesario cubrir la demanda anual de energ\u00eda y esta, en el caso de Gran Canaria, es de unos 3.500.000 MWh. Si tenemos en cuenta que el factor de capacidad de las instalaciones fotovoltaicas es tan solo de un 20%, nos quedar\u00e1 que con los 414 MW podremos producir:<\/p>\n\n\n\n<p class=\"wp-block-paragraph\">Energ\u00eda = 414 MW x 24 horas x 365 d\u00edas x 0,2 = 725.328 MWh<\/p>\n\n\n\n<p class=\"wp-block-paragraph\">Es decir, podremos cubrir alrededor de un 20% de las necesidades el\u00e9ctricas de la isla.<\/p>\n\n\n\n<p class=\"wp-block-paragraph\">As\u00ed con todo el autoconsumo representa, con diferencia, la manera m\u00e1s pr\u00e1ctica de involucrar a la ciudadan\u00eda con la necesidad de descarbonizar la econom\u00eda, porque aparte de estar llevando a cabo una tarea crucial para la salud del planeta, permite rebajar considerablemente la factura de la luz, con una inversi\u00f3n f\u00e1cilmente recuperable, por la misma din\u00e1mica de su funcionamiento y por las subvenciones que las diferentes administraciones otorgan a los que se embarcan en esta aventura de generar electricidad, de una manera ecol\u00f3gica, barata y eficiente, que libera al usuario de muchas servidumbres.<\/p>\n\n\n\n<p class=\"wp-block-paragraph\">Para hacernos una idea, una electrificaci\u00f3n media de un hogar con 5.000 watios y un consumo cercano a los 20 KWh, necesitar\u00eda en material aproximadamente una inversi\u00f3n de unos 8.000 euros. Si a esto le sumamos la contrataci\u00f3n de una bater\u00eda virtual, que nos permite poder utilizar el valor de los excedentes para compensar la energ\u00eda consumida cuando los paneles no aportan suficiente cantidad de energ\u00eda, podemos alcanzar facturaciones de cero euros o muy cercanas a este valor. Si adem\u00e1s a\u00f1adimos la posibilidad de poder descontar estos excedentes de otras viviendas del mismo titular, nos encontramos con unos ahorros verdaderamente importantes que, sumados a las subvenciones ya comentadas, nos podemos encontrar con amortizaciones muy cortas del orden de 4 o 5 a\u00f1os, frente a los 25 de vida media que tendr\u00e1 la instalaci\u00f3n.<\/p>\n\n\n\n<p class=\"wp-block-paragraph\">Si las reformas que se plantean para el nuevo real decreto van en la l\u00ednea comentada, no nos cabe la menor duda de que el autoconsumo individual y colectivo recibir\u00e1 el espaldarazo definitivo que todos queremos, pero lo que es m\u00e1s importante, que todos necesitamos.<\/p>\n","protected":false},"excerpt":{"rendered":"<p>Desde el 9 al 23 de octubre se llev\u00f3 a cabo por parte del Ministerio para la Transici\u00f3n Ecol\u00f3gica y el Reto Demogr\u00e1fico, la consulta p\u00fablica previa del proyecto de Real Decreto por el que se regulan las condiciones administrativas, t\u00e9cnicas y econ\u00f3micas del autoconsumo de energ\u00eda el\u00e9ctrica. Efectivamente, el Real Decreto-ley 15\/2018, de 5 [&hellip;]<\/p>\n","protected":false},"author":1,"featured_media":784,"comment_status":"open","ping_status":"open","sticky":false,"template":"","format":"standard","meta":{"footnotes":""},"categories":[45,39],"tags":[],"class_list":["post-783","post","type-post","status-publish","format-standard","has-post-thumbnail","category-r_autoconsumo","category-renovables"],"yoast_head":"<!-- This site is optimized with the Yoast SEO plugin v28.2 - https:\/\/yoast.com\/product\/yoast-seo-wordpress\/ -->\n<title>Necesaria actualizaci\u00f3n - Salto Ecol\u00f3gico<\/title>\n<meta name=\"robots\" content=\"index, follow, max-snippet:-1, max-image-preview:large, max-video-preview:-1\" \/>\n<link rel=\"canonical\" href=\"https:\/\/saltoecologico.es\/index.php\/2024\/11\/14\/necesaria-actualizacion\/\" \/>\n<meta property=\"og:locale\" content=\"es_ES\" \/>\n<meta property=\"og:type\" content=\"article\" \/>\n<meta property=\"og:title\" content=\"Necesaria actualizaci\u00f3n - Salto Ecol\u00f3gico\" \/>\n<meta property=\"og:description\" content=\"Desde el 9 al 23 de octubre se llev\u00f3 a cabo por parte del Ministerio para la Transici\u00f3n Ecol\u00f3gica y el Reto Demogr\u00e1fico, la consulta p\u00fablica previa del proyecto de Real Decreto por el que se regulan las condiciones administrativas, t\u00e9cnicas y econ\u00f3micas del autoconsumo de energ\u00eda el\u00e9ctrica. Efectivamente, el Real Decreto-ley 15\/2018, de 5 [&hellip;]\" \/>\n<meta property=\"og:url\" content=\"https:\/\/saltoecologico.es\/index.php\/2024\/11\/14\/necesaria-actualizacion\/\" \/>\n<meta property=\"og:site_name\" content=\"Salto Ecol\u00f3gico\" \/>\n<meta property=\"article:publisher\" content=\"https:\/\/www.facebook.com\/Saltotransicionecologica\" \/>\n<meta property=\"article:published_time\" content=\"2024-11-14T17:31:00+00:00\" \/>\n<meta property=\"article:modified_time\" content=\"2025-04-19T17:32:19+00:00\" \/>\n<meta property=\"og:image\" content=\"https:\/\/saltoecologico.es\/wp-content\/uploads\/2025\/04\/Fotovoltaica-15.jpg\" \/>\n\t<meta property=\"og:image:width\" content=\"1024\" \/>\n\t<meta property=\"og:image:height\" content=\"640\" \/>\n\t<meta property=\"og:image:type\" content=\"image\/jpeg\" \/>\n<meta name=\"author\" content=\"admin\" \/>\n<meta name=\"twitter:card\" content=\"summary_large_image\" \/>\n<meta name=\"twitter:label1\" content=\"Escrito por\" \/>\n\t<meta name=\"twitter:data1\" content=\"admin\" \/>\n\t<meta name=\"twitter:label2\" content=\"Tiempo de lectura\" \/>\n\t<meta name=\"twitter:data2\" content=\"4 minutos\" \/>\n<script type=\"application\/ld+json\" class=\"yoast-schema-graph\">{\"@context\":\"https:\\\/\\\/schema.org\",\"@graph\":[{\"@type\":\"Article\",\"@id\":\"https:\\\/\\\/saltoecologico.es\\\/index.php\\\/2024\\\/11\\\/14\\\/necesaria-actualizacion\\\/#article\",\"isPartOf\":{\"@id\":\"https:\\\/\\\/saltoecologico.es\\\/index.php\\\/2024\\\/11\\\/14\\\/necesaria-actualizacion\\\/\"},\"author\":{\"name\":\"admin\",\"@id\":\"https:\\\/\\\/saltoecologico.es\\\/#\\\/schema\\\/person\\\/7175eec4b3c123d86c675313c3a01a0b\"},\"headline\":\"Necesaria actualizaci\u00f3n\",\"datePublished\":\"2024-11-14T17:31:00+00:00\",\"dateModified\":\"2025-04-19T17:32:19+00:00\",\"mainEntityOfPage\":{\"@id\":\"https:\\\/\\\/saltoecologico.es\\\/index.php\\\/2024\\\/11\\\/14\\\/necesaria-actualizacion\\\/\"},\"wordCount\":872,\"commentCount\":0,\"publisher\":{\"@id\":\"https:\\\/\\\/saltoecologico.es\\\/#organization\"},\"image\":{\"@id\":\"https:\\\/\\\/saltoecologico.es\\\/index.php\\\/2024\\\/11\\\/14\\\/necesaria-actualizacion\\\/#primaryimage\"},\"thumbnailUrl\":\"https:\\\/\\\/saltoecologico.es\\\/wp-content\\\/uploads\\\/2025\\\/04\\\/Fotovoltaica-15.jpg\",\"articleSection\":[\"R_Autoconsumo\",\"Renovables\"],\"inLanguage\":\"es\",\"potentialAction\":[{\"@type\":\"CommentAction\",\"name\":\"Comment\",\"target\":[\"https:\\\/\\\/saltoecologico.es\\\/index.php\\\/2024\\\/11\\\/14\\\/necesaria-actualizacion\\\/#respond\"]}]},{\"@type\":\"WebPage\",\"@id\":\"https:\\\/\\\/saltoecologico.es\\\/index.php\\\/2024\\\/11\\\/14\\\/necesaria-actualizacion\\\/\",\"url\":\"https:\\\/\\\/saltoecologico.es\\\/index.php\\\/2024\\\/11\\\/14\\\/necesaria-actualizacion\\\/\",\"name\":\"Necesaria actualizaci\u00f3n - Salto Ecol\u00f3gico\",\"isPartOf\":{\"@id\":\"https:\\\/\\\/saltoecologico.es\\\/#website\"},\"primaryImageOfPage\":{\"@id\":\"https:\\\/\\\/saltoecologico.es\\\/index.php\\\/2024\\\/11\\\/14\\\/necesaria-actualizacion\\\/#primaryimage\"},\"image\":{\"@id\":\"https:\\\/\\\/saltoecologico.es\\\/index.php\\\/2024\\\/11\\\/14\\\/necesaria-actualizacion\\\/#primaryimage\"},\"thumbnailUrl\":\"https:\\\/\\\/saltoecologico.es\\\/wp-content\\\/uploads\\\/2025\\\/04\\\/Fotovoltaica-15.jpg\",\"datePublished\":\"2024-11-14T17:31:00+00:00\",\"dateModified\":\"2025-04-19T17:32:19+00:00\",\"breadcrumb\":{\"@id\":\"https:\\\/\\\/saltoecologico.es\\\/index.php\\\/2024\\\/11\\\/14\\\/necesaria-actualizacion\\\/#breadcrumb\"},\"inLanguage\":\"es\",\"potentialAction\":[{\"@type\":\"ReadAction\",\"target\":[\"https:\\\/\\\/saltoecologico.es\\\/index.php\\\/2024\\\/11\\\/14\\\/necesaria-actualizacion\\\/\"]}]},{\"@type\":\"ImageObject\",\"inLanguage\":\"es\",\"@id\":\"https:\\\/\\\/saltoecologico.es\\\/index.php\\\/2024\\\/11\\\/14\\\/necesaria-actualizacion\\\/#primaryimage\",\"url\":\"https:\\\/\\\/saltoecologico.es\\\/wp-content\\\/uploads\\\/2025\\\/04\\\/Fotovoltaica-15.jpg\",\"contentUrl\":\"https:\\\/\\\/saltoecologico.es\\\/wp-content\\\/uploads\\\/2025\\\/04\\\/Fotovoltaica-15.jpg\",\"width\":1024,\"height\":640,\"caption\":\"Solar panel station, Engineer worker installing solar panel at solar energy farm field, Alternative energy\"},{\"@type\":\"BreadcrumbList\",\"@id\":\"https:\\\/\\\/saltoecologico.es\\\/index.php\\\/2024\\\/11\\\/14\\\/necesaria-actualizacion\\\/#breadcrumb\",\"itemListElement\":[{\"@type\":\"ListItem\",\"position\":1,\"name\":\"Portada\",\"item\":\"https:\\\/\\\/saltoecologico.es\\\/\"},{\"@type\":\"ListItem\",\"position\":2,\"name\":\"Necesaria actualizaci\u00f3n\"}]},{\"@type\":\"WebSite\",\"@id\":\"https:\\\/\\\/saltoecologico.es\\\/#website\",\"url\":\"https:\\\/\\\/saltoecologico.es\\\/\",\"name\":\"Salto Ecol\u00f3gico\",\"description\":\"\",\"publisher\":{\"@id\":\"https:\\\/\\\/saltoecologico.es\\\/#organization\"},\"potentialAction\":[{\"@type\":\"SearchAction\",\"target\":{\"@type\":\"EntryPoint\",\"urlTemplate\":\"https:\\\/\\\/saltoecologico.es\\\/?s={search_term_string}\"},\"query-input\":{\"@type\":\"PropertyValueSpecification\",\"valueRequired\":true,\"valueName\":\"search_term_string\"}}],\"inLanguage\":\"es\"},{\"@type\":\"Organization\",\"@id\":\"https:\\\/\\\/saltoecologico.es\\\/#organization\",\"name\":\"Salto a la Transici\u00f3n Ecol\u00f3gica\",\"url\":\"https:\\\/\\\/saltoecologico.es\\\/\",\"logo\":{\"@type\":\"ImageObject\",\"inLanguage\":\"es\",\"@id\":\"https:\\\/\\\/saltoecologico.es\\\/#\\\/schema\\\/logo\\\/image\\\/\",\"url\":\"https:\\\/\\\/saltoecologico.es\\\/wp-content\\\/uploads\\\/2025\\\/04\\\/Logo-STE.jpg\",\"contentUrl\":\"https:\\\/\\\/saltoecologico.es\\\/wp-content\\\/uploads\\\/2025\\\/04\\\/Logo-STE.jpg\",\"width\":435,\"height\":435,\"caption\":\"Salto a la Transici\u00f3n Ecol\u00f3gica\"},\"image\":{\"@id\":\"https:\\\/\\\/saltoecologico.es\\\/#\\\/schema\\\/logo\\\/image\\\/\"},\"sameAs\":[\"https:\\\/\\\/www.facebook.com\\\/Saltotransicionecologica\"]},{\"@type\":\"Person\",\"@id\":\"https:\\\/\\\/saltoecologico.es\\\/#\\\/schema\\\/person\\\/7175eec4b3c123d86c675313c3a01a0b\",\"name\":\"admin\",\"image\":{\"@type\":\"ImageObject\",\"inLanguage\":\"es\",\"@id\":\"https:\\\/\\\/secure.gravatar.com\\\/avatar\\\/4c215dc57bbc7b2f2f470ac9bd197f3f112636a584e575a732d0206a2d9c9806?s=96&d=mm&r=g\",\"url\":\"https:\\\/\\\/secure.gravatar.com\\\/avatar\\\/4c215dc57bbc7b2f2f470ac9bd197f3f112636a584e575a732d0206a2d9c9806?s=96&d=mm&r=g\",\"contentUrl\":\"https:\\\/\\\/secure.gravatar.com\\\/avatar\\\/4c215dc57bbc7b2f2f470ac9bd197f3f112636a584e575a732d0206a2d9c9806?s=96&d=mm&r=g\",\"caption\":\"admin\"},\"sameAs\":[\"https:\\\/\\\/saltoecologico.es\"],\"url\":\"https:\\\/\\\/saltoecologico.es\\\/index.php\\\/author\\\/saltoecologico\\\/\"}]}<\/script>\n<!-- \/ Yoast SEO plugin. -->","yoast_head_json":{"title":"Necesaria actualizaci\u00f3n - Salto Ecol\u00f3gico","robots":{"index":"index","follow":"follow","max-snippet":"max-snippet:-1","max-image-preview":"max-image-preview:large","max-video-preview":"max-video-preview:-1"},"canonical":"https:\/\/saltoecologico.es\/index.php\/2024\/11\/14\/necesaria-actualizacion\/","og_locale":"es_ES","og_type":"article","og_title":"Necesaria actualizaci\u00f3n - Salto Ecol\u00f3gico","og_description":"Desde el 9 al 23 de octubre se llev\u00f3 a cabo por parte del Ministerio para la Transici\u00f3n Ecol\u00f3gica y el Reto Demogr\u00e1fico, la consulta p\u00fablica previa del proyecto de Real Decreto por el que se regulan las condiciones administrativas, t\u00e9cnicas y econ\u00f3micas del autoconsumo de energ\u00eda el\u00e9ctrica. Efectivamente, el Real Decreto-ley 15\/2018, de 5 [&hellip;]","og_url":"https:\/\/saltoecologico.es\/index.php\/2024\/11\/14\/necesaria-actualizacion\/","og_site_name":"Salto Ecol\u00f3gico","article_publisher":"https:\/\/www.facebook.com\/Saltotransicionecologica","article_published_time":"2024-11-14T17:31:00+00:00","article_modified_time":"2025-04-19T17:32:19+00:00","og_image":[{"width":1024,"height":640,"url":"https:\/\/saltoecologico.es\/wp-content\/uploads\/2025\/04\/Fotovoltaica-15.jpg","type":"image\/jpeg"}],"author":"admin","twitter_card":"summary_large_image","twitter_misc":{"Escrito por":"admin","Tiempo de lectura":"4 minutos"},"schema":{"@context":"https:\/\/schema.org","@graph":[{"@type":"Article","@id":"https:\/\/saltoecologico.es\/index.php\/2024\/11\/14\/necesaria-actualizacion\/#article","isPartOf":{"@id":"https:\/\/saltoecologico.es\/index.php\/2024\/11\/14\/necesaria-actualizacion\/"},"author":{"name":"admin","@id":"https:\/\/saltoecologico.es\/#\/schema\/person\/7175eec4b3c123d86c675313c3a01a0b"},"headline":"Necesaria actualizaci\u00f3n","datePublished":"2024-11-14T17:31:00+00:00","dateModified":"2025-04-19T17:32:19+00:00","mainEntityOfPage":{"@id":"https:\/\/saltoecologico.es\/index.php\/2024\/11\/14\/necesaria-actualizacion\/"},"wordCount":872,"commentCount":0,"publisher":{"@id":"https:\/\/saltoecologico.es\/#organization"},"image":{"@id":"https:\/\/saltoecologico.es\/index.php\/2024\/11\/14\/necesaria-actualizacion\/#primaryimage"},"thumbnailUrl":"https:\/\/saltoecologico.es\/wp-content\/uploads\/2025\/04\/Fotovoltaica-15.jpg","articleSection":["R_Autoconsumo","Renovables"],"inLanguage":"es","potentialAction":[{"@type":"CommentAction","name":"Comment","target":["https:\/\/saltoecologico.es\/index.php\/2024\/11\/14\/necesaria-actualizacion\/#respond"]}]},{"@type":"WebPage","@id":"https:\/\/saltoecologico.es\/index.php\/2024\/11\/14\/necesaria-actualizacion\/","url":"https:\/\/saltoecologico.es\/index.php\/2024\/11\/14\/necesaria-actualizacion\/","name":"Necesaria actualizaci\u00f3n - Salto Ecol\u00f3gico","isPartOf":{"@id":"https:\/\/saltoecologico.es\/#website"},"primaryImageOfPage":{"@id":"https:\/\/saltoecologico.es\/index.php\/2024\/11\/14\/necesaria-actualizacion\/#primaryimage"},"image":{"@id":"https:\/\/saltoecologico.es\/index.php\/2024\/11\/14\/necesaria-actualizacion\/#primaryimage"},"thumbnailUrl":"https:\/\/saltoecologico.es\/wp-content\/uploads\/2025\/04\/Fotovoltaica-15.jpg","datePublished":"2024-11-14T17:31:00+00:00","dateModified":"2025-04-19T17:32:19+00:00","breadcrumb":{"@id":"https:\/\/saltoecologico.es\/index.php\/2024\/11\/14\/necesaria-actualizacion\/#breadcrumb"},"inLanguage":"es","potentialAction":[{"@type":"ReadAction","target":["https:\/\/saltoecologico.es\/index.php\/2024\/11\/14\/necesaria-actualizacion\/"]}]},{"@type":"ImageObject","inLanguage":"es","@id":"https:\/\/saltoecologico.es\/index.php\/2024\/11\/14\/necesaria-actualizacion\/#primaryimage","url":"https:\/\/saltoecologico.es\/wp-content\/uploads\/2025\/04\/Fotovoltaica-15.jpg","contentUrl":"https:\/\/saltoecologico.es\/wp-content\/uploads\/2025\/04\/Fotovoltaica-15.jpg","width":1024,"height":640,"caption":"Solar panel station, Engineer worker installing solar panel at solar energy farm field, Alternative energy"},{"@type":"BreadcrumbList","@id":"https:\/\/saltoecologico.es\/index.php\/2024\/11\/14\/necesaria-actualizacion\/#breadcrumb","itemListElement":[{"@type":"ListItem","position":1,"name":"Portada","item":"https:\/\/saltoecologico.es\/"},{"@type":"ListItem","position":2,"name":"Necesaria actualizaci\u00f3n"}]},{"@type":"WebSite","@id":"https:\/\/saltoecologico.es\/#website","url":"https:\/\/saltoecologico.es\/","name":"Salto Ecol\u00f3gico","description":"","publisher":{"@id":"https:\/\/saltoecologico.es\/#organization"},"potentialAction":[{"@type":"SearchAction","target":{"@type":"EntryPoint","urlTemplate":"https:\/\/saltoecologico.es\/?s={search_term_string}"},"query-input":{"@type":"PropertyValueSpecification","valueRequired":true,"valueName":"search_term_string"}}],"inLanguage":"es"},{"@type":"Organization","@id":"https:\/\/saltoecologico.es\/#organization","name":"Salto a la Transici\u00f3n Ecol\u00f3gica","url":"https:\/\/saltoecologico.es\/","logo":{"@type":"ImageObject","inLanguage":"es","@id":"https:\/\/saltoecologico.es\/#\/schema\/logo\/image\/","url":"https:\/\/saltoecologico.es\/wp-content\/uploads\/2025\/04\/Logo-STE.jpg","contentUrl":"https:\/\/saltoecologico.es\/wp-content\/uploads\/2025\/04\/Logo-STE.jpg","width":435,"height":435,"caption":"Salto a la Transici\u00f3n Ecol\u00f3gica"},"image":{"@id":"https:\/\/saltoecologico.es\/#\/schema\/logo\/image\/"},"sameAs":["https:\/\/www.facebook.com\/Saltotransicionecologica"]},{"@type":"Person","@id":"https:\/\/saltoecologico.es\/#\/schema\/person\/7175eec4b3c123d86c675313c3a01a0b","name":"admin","image":{"@type":"ImageObject","inLanguage":"es","@id":"https:\/\/secure.gravatar.com\/avatar\/4c215dc57bbc7b2f2f470ac9bd197f3f112636a584e575a732d0206a2d9c9806?s=96&d=mm&r=g","url":"https:\/\/secure.gravatar.com\/avatar\/4c215dc57bbc7b2f2f470ac9bd197f3f112636a584e575a732d0206a2d9c9806?s=96&d=mm&r=g","contentUrl":"https:\/\/secure.gravatar.com\/avatar\/4c215dc57bbc7b2f2f470ac9bd197f3f112636a584e575a732d0206a2d9c9806?s=96&d=mm&r=g","caption":"admin"},"sameAs":["https:\/\/saltoecologico.es"],"url":"https:\/\/saltoecologico.es\/index.php\/author\/saltoecologico\/"}]}},"_links":{"self":[{"href":"https:\/\/saltoecologico.es\/index.php\/wp-json\/wp\/v2\/posts\/783","targetHints":{"allow":["GET"]}}],"collection":[{"href":"https:\/\/saltoecologico.es\/index.php\/wp-json\/wp\/v2\/posts"}],"about":[{"href":"https:\/\/saltoecologico.es\/index.php\/wp-json\/wp\/v2\/types\/post"}],"author":[{"embeddable":true,"href":"https:\/\/saltoecologico.es\/index.php\/wp-json\/wp\/v2\/users\/1"}],"replies":[{"embeddable":true,"href":"https:\/\/saltoecologico.es\/index.php\/wp-json\/wp\/v2\/comments?post=783"}],"version-history":[{"count":1,"href":"https:\/\/saltoecologico.es\/index.php\/wp-json\/wp\/v2\/posts\/783\/revisions"}],"predecessor-version":[{"id":785,"href":"https:\/\/saltoecologico.es\/index.php\/wp-json\/wp\/v2\/posts\/783\/revisions\/785"}],"wp:featuredmedia":[{"embeddable":true,"href":"https:\/\/saltoecologico.es\/index.php\/wp-json\/wp\/v2\/media\/784"}],"wp:attachment":[{"href":"https:\/\/saltoecologico.es\/index.php\/wp-json\/wp\/v2\/media?parent=783"}],"wp:term":[{"taxonomy":"category","embeddable":true,"href":"https:\/\/saltoecologico.es\/index.php\/wp-json\/wp\/v2\/categories?post=783"},{"taxonomy":"post_tag","embeddable":true,"href":"https:\/\/saltoecologico.es\/index.php\/wp-json\/wp\/v2\/tags?post=783"}],"curies":[{"name":"wp","href":"https:\/\/api.w.org\/{rel}","templated":true}]}}