{"id":786,"date":"2024-11-18T17:34:00","date_gmt":"2024-11-18T17:34:00","guid":{"rendered":"https:\/\/saltoecologico.es\/?p=786"},"modified":"2025-04-19T17:34:44","modified_gmt":"2025-04-19T17:34:44","slug":"poco-afortunadas","status":"publish","type":"post","link":"https:\/\/saltoecologico.es\/index.php\/2024\/11\/18\/poco-afortunadas\/","title":{"rendered":"Poco afortunadas"},"content":{"rendered":"\n<p class=\"wp-block-paragraph\">Podr\u00edamos recurrir al viejo eslogan de decir que cada vez que el se\u00f1or Zapata hace declaraciones \u201csube el pan\u201d. Efectivamente, Don Mariano Zapato, Consejero de Transici\u00f3n Ecol\u00f3gica y Energ\u00eda del Gobierno de Canarias en recientes declaraciones a los medios, ha vuelto a esgrimir sus ya recurrentes mantras referentes a la crisis energ\u00e9tica, aclarando que esta va a perdurar al menos 10 a\u00f1os, hasta que se renueven los grupos de las centrales.<\/p>\n\n\n\n<p class=\"wp-block-paragraph\">La argumentaci\u00f3n as\u00ed planteada nos lleva a una espiral sin fin de continuas renovaciones que no dejaran posibilidad de ning\u00fan desarrollo de un sistema descarbonizado. Efectivamente, la potencia instalada en toda Canarias asciende a 2.303 MW, de los cuales 1.586 MW tienen su vida \u00fatil vencida desde antes de 2020 (muchos desde el principio de los 2000). De estos grupos, en el proceso de concurrencia competitiva, se pretenden renovar 1.170 MW, qued\u00e1ndonos obsoletos a partir de 2030 pr\u00e1cticamente el resto. De esa manera cuando se terminen de renovar esta hornada de grupos de ahora, se prolongar\u00e1 la emergencia energ\u00e9tica porque habr\u00e1 que comenzar a renovar los grupos que no se renovaron en la actual convocatoria.<\/p>\n\n\n\n<p class=\"wp-block-paragraph\">Como hemos dicho, hay muchos grupos con la vida \u00fatil vencida, muchos que llevan m\u00e1s de 50 a\u00f1os funcionando y si la vida \u00fatil regulatoria es tan solo de 25, se comprender\u00e1 perfectamente que, si la obsolescencia determina la declaraci\u00f3n de emergencia energ\u00e9tica, hace mucho tiempo que esta se tendr\u00eda que haber declarado.<\/p>\n\n\n\n<p class=\"wp-block-paragraph\">Pero entonces \u00bfPor qu\u00e9 ahora entrar en la vor\u00e1gine de declarar la emergencia energ\u00e9tica como si no hubiera un ma\u00f1ana?. En primer lugar, porque hay que crear el clima propiciatorio en una sociedad que ya estaba concienciada en el cambio de modelo energ\u00e9tico, dejando atr\u00e1s los combustibles f\u00f3siles y transitando hacia un sistema basado en renovables, para que se admita retroceder en este sentido. En segundo lugar, porque Europa comete el grave error de considerar el gas natural como combustible verde a efectos de inversiones, con lo que todo lo que sea invertir en instalaciones de gas para generaci\u00f3n el\u00e9ctrica se podr\u00e1 acoger a fondos europeos. En tercer lugar, porque las fuerzas vivas empresariales de nuestra tierra nunca han abandonado la vieja pretensi\u00f3n de introducir el gas natural en Canarias y ahora es el momento propicio. No en valde el propio Zapata alude a la necesidad de reabrir el debate sobre este combustible.<\/p>\n\n\n\n<p class=\"wp-block-paragraph\">Ahondando en la crisis energ\u00e9tica, argumenta que se han tenido que establecer planes de deslastre por ese motivo, faltando categ\u00f3ricamente a la verdad, porque estos han existido siempre y siempre existir\u00e1n, tanto en nuestros sistemas el\u00e9ctricos como en el resto de los sistemas aislados del mundo.<\/p>\n\n\n\n<p class=\"wp-block-paragraph\">Para explicar lo del deslastre, tenemos que recordar que siempre debe de existir un equilibrio din\u00e1mico entre la generaci\u00f3n el\u00e9ctrica y la demanda. Por ello en la actualidad existe lo que se denomina \u201cpotencia rodante\u201d que son m\u00e1quinas que est\u00e1n arrancadas y acopladas, pendientes de que falle alg\u00fan grupo generador de los que est\u00e1n funcionando, para asumir su carga. Cuando se produce una perturbaci\u00f3n en las centrales muy importante y la potencia rodante no es suficiente para paliarla, se comienzan a desconectar autom\u00e1ticamente consumos de los clientes, para intentar recobrar el equilibrio con las nuevas condiciones. A esto es a lo que se denomina deslastre y a los automatismos que desencadenan la acci\u00f3n \u201crel\u00e9s de subfrecuencia\u201d. Estos rel\u00e9s de subfrecuencia llevan operando toda la vida y seguir\u00e1n operando en el futuro, porque son la salvaguarda \u00faltima para impedir los temidos \u201cceros energ\u00e9ticos\u201d, de los que nuestro territorio tiene sobrado conocimiento.<\/p>\n\n\n\n<p class=\"wp-block-paragraph\">Otro de los temas sobre los que se ha pronunciado es el de los \u201cvertidos energ\u00e9ticos\u201d, que consiste en que hay ocasiones en las que la generaci\u00f3n renovable (e\u00f3lica y fotovoltaica fundamentalmente) tiene una producci\u00f3n por encima de la que el sistema es capaz de absorber y, por lo tanto, se obliga a parar a esas instalaciones en la parte sobrante. En este sentido se plantea la posibilidad de compensar econ\u00f3micamente por las perdidas a los propietarios de las instalaciones que se obligan a disminuir su producci\u00f3n. Independientemente que los propietarios est\u00e1n en su derecho en exigir estas indemnizaciones, en una econom\u00eda libre de mercado esto es una aut\u00e9ntica aberraci\u00f3n. No ya tanto por el tema de la oferta y la demanda, sino porque no solo se est\u00e1 violentando los derechos de los propietarios, sino tambi\u00e9n los derechos de la sociedad a no desperdiciar ni un solo MW de energ\u00eda renovable, que son necesarios, como el aire, que respiramos para la lucha contra el cambio clim\u00e1tico. Admitir que hay que compensar es admitir que tenemos un sistema el\u00e9ctrico fallido, porque antes de desperdiciar cualquier generaci\u00f3n renovable, hay que sentar las bases necesarias para que, en vez de producir el vertido, este se pueda almacenar mediante bombeos reversibles o bien generando hidr\u00f3geno verde, tan necesario para la descarbonizaci\u00f3n.<\/p>\n\n\n\n<p class=\"wp-block-paragraph\">Tambi\u00e9n ha hablado del proceso de concurrencia competitivo y en este sentido ha aportado datos que no son de conocimiento p\u00fablico, por lo que en aras de una total trasparencia, se deber\u00edan aportar toda la informaci\u00f3n de los proyectos presentados a este proceso.<\/p>\n\n\n\n<p class=\"wp-block-paragraph\">Cada vez que el se\u00f1or consejero hace una intervenci\u00f3n en los medios nos queda m\u00e1s claro que ha sido nombrado en ese puesto para paralizar la descarbonizaci\u00f3n comenzada, para favorecer los intereses empresariales de los oligopolios f\u00f3siles de siempre y para hacer alarde del negacionismo clim\u00e1tico, mediante sus actuaciones y declaraciones.<\/p>\n","protected":false},"excerpt":{"rendered":"<p>Podr\u00edamos recurrir al viejo eslogan de decir que cada vez que el se\u00f1or Zapata hace declaraciones \u201csube el pan\u201d. Efectivamente, Don Mariano Zapato, Consejero de Transici\u00f3n Ecol\u00f3gica y Energ\u00eda del Gobierno de Canarias en recientes declaraciones a los medios, ha vuelto a esgrimir sus ya recurrentes mantras referentes a la crisis energ\u00e9tica, aclarando que esta [&hellip;]<\/p>\n","protected":false},"author":1,"featured_media":787,"comment_status":"open","ping_status":"open","sticky":false,"template":"","format":"standard","meta":{"footnotes":""},"categories":[42],"tags":[],"class_list":["post-786","post","type-post","status-publish","format-standard","has-post-thumbnail","category-fosiles"],"yoast_head":"<!-- This site is optimized with the Yoast SEO plugin v28.2 - https:\/\/yoast.com\/product\/yoast-seo-wordpress\/ -->\n<title>Poco afortunadas - Salto Ecol\u00f3gico<\/title>\n<meta name=\"robots\" content=\"index, follow, max-snippet:-1, max-image-preview:large, max-video-preview:-1\" \/>\n<link rel=\"canonical\" href=\"https:\/\/saltoecologico.es\/index.php\/2024\/11\/18\/poco-afortunadas\/\" \/>\n<meta property=\"og:locale\" content=\"es_ES\" \/>\n<meta property=\"og:type\" content=\"article\" \/>\n<meta property=\"og:title\" content=\"Poco afortunadas - Salto Ecol\u00f3gico\" \/>\n<meta property=\"og:description\" content=\"Podr\u00edamos recurrir al viejo eslogan de decir que cada vez que el se\u00f1or Zapata hace declaraciones \u201csube el pan\u201d. Efectivamente, Don Mariano Zapato, Consejero de Transici\u00f3n Ecol\u00f3gica y Energ\u00eda del Gobierno de Canarias en recientes declaraciones a los medios, ha vuelto a esgrimir sus ya recurrentes mantras referentes a la crisis energ\u00e9tica, aclarando que esta [&hellip;]\" \/>\n<meta property=\"og:url\" content=\"https:\/\/saltoecologico.es\/index.php\/2024\/11\/18\/poco-afortunadas\/\" \/>\n<meta property=\"og:site_name\" content=\"Salto Ecol\u00f3gico\" \/>\n<meta property=\"article:publisher\" content=\"https:\/\/www.facebook.com\/Saltotransicionecologica\" \/>\n<meta property=\"article:published_time\" content=\"2024-11-18T17:34:00+00:00\" \/>\n<meta property=\"article:modified_time\" content=\"2025-04-19T17:34:44+00:00\" \/>\n<meta property=\"og:image\" content=\"https:\/\/saltoecologico.es\/wp-content\/uploads\/2025\/04\/Fosiles36.jpg\" \/>\n\t<meta property=\"og:image:width\" content=\"1024\" \/>\n\t<meta property=\"og:image:height\" content=\"681\" \/>\n\t<meta property=\"og:image:type\" content=\"image\/jpeg\" \/>\n<meta name=\"author\" content=\"admin\" \/>\n<meta name=\"twitter:card\" content=\"summary_large_image\" \/>\n<meta name=\"twitter:label1\" content=\"Escrito por\" \/>\n\t<meta name=\"twitter:data1\" content=\"admin\" \/>\n\t<meta name=\"twitter:label2\" content=\"Tiempo de lectura\" \/>\n\t<meta name=\"twitter:data2\" content=\"5 minutos\" \/>\n<script type=\"application\/ld+json\" class=\"yoast-schema-graph\">{\"@context\":\"https:\\\/\\\/schema.org\",\"@graph\":[{\"@type\":\"Article\",\"@id\":\"https:\\\/\\\/saltoecologico.es\\\/index.php\\\/2024\\\/11\\\/18\\\/poco-afortunadas\\\/#article\",\"isPartOf\":{\"@id\":\"https:\\\/\\\/saltoecologico.es\\\/index.php\\\/2024\\\/11\\\/18\\\/poco-afortunadas\\\/\"},\"author\":{\"name\":\"admin\",\"@id\":\"https:\\\/\\\/saltoecologico.es\\\/#\\\/schema\\\/person\\\/7175eec4b3c123d86c675313c3a01a0b\"},\"headline\":\"Poco afortunadas\",\"datePublished\":\"2024-11-18T17:34:00+00:00\",\"dateModified\":\"2025-04-19T17:34:44+00:00\",\"mainEntityOfPage\":{\"@id\":\"https:\\\/\\\/saltoecologico.es\\\/index.php\\\/2024\\\/11\\\/18\\\/poco-afortunadas\\\/\"},\"wordCount\":963,\"commentCount\":0,\"publisher\":{\"@id\":\"https:\\\/\\\/saltoecologico.es\\\/#organization\"},\"image\":{\"@id\":\"https:\\\/\\\/saltoecologico.es\\\/index.php\\\/2024\\\/11\\\/18\\\/poco-afortunadas\\\/#primaryimage\"},\"thumbnailUrl\":\"https:\\\/\\\/saltoecologico.es\\\/wp-content\\\/uploads\\\/2025\\\/04\\\/Fosiles36.jpg\",\"articleSection\":[\"F\u00f3siles\"],\"inLanguage\":\"es\",\"potentialAction\":[{\"@type\":\"CommentAction\",\"name\":\"Comment\",\"target\":[\"https:\\\/\\\/saltoecologico.es\\\/index.php\\\/2024\\\/11\\\/18\\\/poco-afortunadas\\\/#respond\"]}]},{\"@type\":\"WebPage\",\"@id\":\"https:\\\/\\\/saltoecologico.es\\\/index.php\\\/2024\\\/11\\\/18\\\/poco-afortunadas\\\/\",\"url\":\"https:\\\/\\\/saltoecologico.es\\\/index.php\\\/2024\\\/11\\\/18\\\/poco-afortunadas\\\/\",\"name\":\"Poco afortunadas - Salto Ecol\u00f3gico\",\"isPartOf\":{\"@id\":\"https:\\\/\\\/saltoecologico.es\\\/#website\"},\"primaryImageOfPage\":{\"@id\":\"https:\\\/\\\/saltoecologico.es\\\/index.php\\\/2024\\\/11\\\/18\\\/poco-afortunadas\\\/#primaryimage\"},\"image\":{\"@id\":\"https:\\\/\\\/saltoecologico.es\\\/index.php\\\/2024\\\/11\\\/18\\\/poco-afortunadas\\\/#primaryimage\"},\"thumbnailUrl\":\"https:\\\/\\\/saltoecologico.es\\\/wp-content\\\/uploads\\\/2025\\\/04\\\/Fosiles36.jpg\",\"datePublished\":\"2024-11-18T17:34:00+00:00\",\"dateModified\":\"2025-04-19T17:34:44+00:00\",\"breadcrumb\":{\"@id\":\"https:\\\/\\\/saltoecologico.es\\\/index.php\\\/2024\\\/11\\\/18\\\/poco-afortunadas\\\/#breadcrumb\"},\"inLanguage\":\"es\",\"potentialAction\":[{\"@type\":\"ReadAction\",\"target\":[\"https:\\\/\\\/saltoecologico.es\\\/index.php\\\/2024\\\/11\\\/18\\\/poco-afortunadas\\\/\"]}]},{\"@type\":\"ImageObject\",\"inLanguage\":\"es\",\"@id\":\"https:\\\/\\\/saltoecologico.es\\\/index.php\\\/2024\\\/11\\\/18\\\/poco-afortunadas\\\/#primaryimage\",\"url\":\"https:\\\/\\\/saltoecologico.es\\\/wp-content\\\/uploads\\\/2025\\\/04\\\/Fosiles36.jpg\",\"contentUrl\":\"https:\\\/\\\/saltoecologico.es\\\/wp-content\\\/uploads\\\/2025\\\/04\\\/Fosiles36.jpg\",\"width\":1024,\"height\":681,\"caption\":\"View of industrial plant and smoke stacks at night, Tacoma, Washington, USA\"},{\"@type\":\"BreadcrumbList\",\"@id\":\"https:\\\/\\\/saltoecologico.es\\\/index.php\\\/2024\\\/11\\\/18\\\/poco-afortunadas\\\/#breadcrumb\",\"itemListElement\":[{\"@type\":\"ListItem\",\"position\":1,\"name\":\"Portada\",\"item\":\"https:\\\/\\\/saltoecologico.es\\\/\"},{\"@type\":\"ListItem\",\"position\":2,\"name\":\"Poco afortunadas\"}]},{\"@type\":\"WebSite\",\"@id\":\"https:\\\/\\\/saltoecologico.es\\\/#website\",\"url\":\"https:\\\/\\\/saltoecologico.es\\\/\",\"name\":\"Salto Ecol\u00f3gico\",\"description\":\"\",\"publisher\":{\"@id\":\"https:\\\/\\\/saltoecologico.es\\\/#organization\"},\"potentialAction\":[{\"@type\":\"SearchAction\",\"target\":{\"@type\":\"EntryPoint\",\"urlTemplate\":\"https:\\\/\\\/saltoecologico.es\\\/?s={search_term_string}\"},\"query-input\":{\"@type\":\"PropertyValueSpecification\",\"valueRequired\":true,\"valueName\":\"search_term_string\"}}],\"inLanguage\":\"es\"},{\"@type\":\"Organization\",\"@id\":\"https:\\\/\\\/saltoecologico.es\\\/#organization\",\"name\":\"Salto a la Transici\u00f3n Ecol\u00f3gica\",\"url\":\"https:\\\/\\\/saltoecologico.es\\\/\",\"logo\":{\"@type\":\"ImageObject\",\"inLanguage\":\"es\",\"@id\":\"https:\\\/\\\/saltoecologico.es\\\/#\\\/schema\\\/logo\\\/image\\\/\",\"url\":\"https:\\\/\\\/saltoecologico.es\\\/wp-content\\\/uploads\\\/2025\\\/04\\\/Logo-STE.jpg\",\"contentUrl\":\"https:\\\/\\\/saltoecologico.es\\\/wp-content\\\/uploads\\\/2025\\\/04\\\/Logo-STE.jpg\",\"width\":435,\"height\":435,\"caption\":\"Salto a la Transici\u00f3n Ecol\u00f3gica\"},\"image\":{\"@id\":\"https:\\\/\\\/saltoecologico.es\\\/#\\\/schema\\\/logo\\\/image\\\/\"},\"sameAs\":[\"https:\\\/\\\/www.facebook.com\\\/Saltotransicionecologica\"]},{\"@type\":\"Person\",\"@id\":\"https:\\\/\\\/saltoecologico.es\\\/#\\\/schema\\\/person\\\/7175eec4b3c123d86c675313c3a01a0b\",\"name\":\"admin\",\"image\":{\"@type\":\"ImageObject\",\"inLanguage\":\"es\",\"@id\":\"https:\\\/\\\/secure.gravatar.com\\\/avatar\\\/4c215dc57bbc7b2f2f470ac9bd197f3f112636a584e575a732d0206a2d9c9806?s=96&d=mm&r=g\",\"url\":\"https:\\\/\\\/secure.gravatar.com\\\/avatar\\\/4c215dc57bbc7b2f2f470ac9bd197f3f112636a584e575a732d0206a2d9c9806?s=96&d=mm&r=g\",\"contentUrl\":\"https:\\\/\\\/secure.gravatar.com\\\/avatar\\\/4c215dc57bbc7b2f2f470ac9bd197f3f112636a584e575a732d0206a2d9c9806?s=96&d=mm&r=g\",\"caption\":\"admin\"},\"sameAs\":[\"https:\\\/\\\/saltoecologico.es\"],\"url\":\"https:\\\/\\\/saltoecologico.es\\\/index.php\\\/author\\\/saltoecologico\\\/\"}]}<\/script>\n<!-- \/ Yoast SEO plugin. -->","yoast_head_json":{"title":"Poco afortunadas - Salto Ecol\u00f3gico","robots":{"index":"index","follow":"follow","max-snippet":"max-snippet:-1","max-image-preview":"max-image-preview:large","max-video-preview":"max-video-preview:-1"},"canonical":"https:\/\/saltoecologico.es\/index.php\/2024\/11\/18\/poco-afortunadas\/","og_locale":"es_ES","og_type":"article","og_title":"Poco afortunadas - Salto Ecol\u00f3gico","og_description":"Podr\u00edamos recurrir al viejo eslogan de decir que cada vez que el se\u00f1or Zapata hace declaraciones \u201csube el pan\u201d. Efectivamente, Don Mariano Zapato, Consejero de Transici\u00f3n Ecol\u00f3gica y Energ\u00eda del Gobierno de Canarias en recientes declaraciones a los medios, ha vuelto a esgrimir sus ya recurrentes mantras referentes a la crisis energ\u00e9tica, aclarando que esta [&hellip;]","og_url":"https:\/\/saltoecologico.es\/index.php\/2024\/11\/18\/poco-afortunadas\/","og_site_name":"Salto Ecol\u00f3gico","article_publisher":"https:\/\/www.facebook.com\/Saltotransicionecologica","article_published_time":"2024-11-18T17:34:00+00:00","article_modified_time":"2025-04-19T17:34:44+00:00","og_image":[{"width":1024,"height":681,"url":"https:\/\/saltoecologico.es\/wp-content\/uploads\/2025\/04\/Fosiles36.jpg","type":"image\/jpeg"}],"author":"admin","twitter_card":"summary_large_image","twitter_misc":{"Escrito por":"admin","Tiempo de lectura":"5 minutos"},"schema":{"@context":"https:\/\/schema.org","@graph":[{"@type":"Article","@id":"https:\/\/saltoecologico.es\/index.php\/2024\/11\/18\/poco-afortunadas\/#article","isPartOf":{"@id":"https:\/\/saltoecologico.es\/index.php\/2024\/11\/18\/poco-afortunadas\/"},"author":{"name":"admin","@id":"https:\/\/saltoecologico.es\/#\/schema\/person\/7175eec4b3c123d86c675313c3a01a0b"},"headline":"Poco afortunadas","datePublished":"2024-11-18T17:34:00+00:00","dateModified":"2025-04-19T17:34:44+00:00","mainEntityOfPage":{"@id":"https:\/\/saltoecologico.es\/index.php\/2024\/11\/18\/poco-afortunadas\/"},"wordCount":963,"commentCount":0,"publisher":{"@id":"https:\/\/saltoecologico.es\/#organization"},"image":{"@id":"https:\/\/saltoecologico.es\/index.php\/2024\/11\/18\/poco-afortunadas\/#primaryimage"},"thumbnailUrl":"https:\/\/saltoecologico.es\/wp-content\/uploads\/2025\/04\/Fosiles36.jpg","articleSection":["F\u00f3siles"],"inLanguage":"es","potentialAction":[{"@type":"CommentAction","name":"Comment","target":["https:\/\/saltoecologico.es\/index.php\/2024\/11\/18\/poco-afortunadas\/#respond"]}]},{"@type":"WebPage","@id":"https:\/\/saltoecologico.es\/index.php\/2024\/11\/18\/poco-afortunadas\/","url":"https:\/\/saltoecologico.es\/index.php\/2024\/11\/18\/poco-afortunadas\/","name":"Poco afortunadas - Salto Ecol\u00f3gico","isPartOf":{"@id":"https:\/\/saltoecologico.es\/#website"},"primaryImageOfPage":{"@id":"https:\/\/saltoecologico.es\/index.php\/2024\/11\/18\/poco-afortunadas\/#primaryimage"},"image":{"@id":"https:\/\/saltoecologico.es\/index.php\/2024\/11\/18\/poco-afortunadas\/#primaryimage"},"thumbnailUrl":"https:\/\/saltoecologico.es\/wp-content\/uploads\/2025\/04\/Fosiles36.jpg","datePublished":"2024-11-18T17:34:00+00:00","dateModified":"2025-04-19T17:34:44+00:00","breadcrumb":{"@id":"https:\/\/saltoecologico.es\/index.php\/2024\/11\/18\/poco-afortunadas\/#breadcrumb"},"inLanguage":"es","potentialAction":[{"@type":"ReadAction","target":["https:\/\/saltoecologico.es\/index.php\/2024\/11\/18\/poco-afortunadas\/"]}]},{"@type":"ImageObject","inLanguage":"es","@id":"https:\/\/saltoecologico.es\/index.php\/2024\/11\/18\/poco-afortunadas\/#primaryimage","url":"https:\/\/saltoecologico.es\/wp-content\/uploads\/2025\/04\/Fosiles36.jpg","contentUrl":"https:\/\/saltoecologico.es\/wp-content\/uploads\/2025\/04\/Fosiles36.jpg","width":1024,"height":681,"caption":"View of industrial plant and smoke stacks at night, Tacoma, Washington, USA"},{"@type":"BreadcrumbList","@id":"https:\/\/saltoecologico.es\/index.php\/2024\/11\/18\/poco-afortunadas\/#breadcrumb","itemListElement":[{"@type":"ListItem","position":1,"name":"Portada","item":"https:\/\/saltoecologico.es\/"},{"@type":"ListItem","position":2,"name":"Poco afortunadas"}]},{"@type":"WebSite","@id":"https:\/\/saltoecologico.es\/#website","url":"https:\/\/saltoecologico.es\/","name":"Salto Ecol\u00f3gico","description":"","publisher":{"@id":"https:\/\/saltoecologico.es\/#organization"},"potentialAction":[{"@type":"SearchAction","target":{"@type":"EntryPoint","urlTemplate":"https:\/\/saltoecologico.es\/?s={search_term_string}"},"query-input":{"@type":"PropertyValueSpecification","valueRequired":true,"valueName":"search_term_string"}}],"inLanguage":"es"},{"@type":"Organization","@id":"https:\/\/saltoecologico.es\/#organization","name":"Salto a la Transici\u00f3n Ecol\u00f3gica","url":"https:\/\/saltoecologico.es\/","logo":{"@type":"ImageObject","inLanguage":"es","@id":"https:\/\/saltoecologico.es\/#\/schema\/logo\/image\/","url":"https:\/\/saltoecologico.es\/wp-content\/uploads\/2025\/04\/Logo-STE.jpg","contentUrl":"https:\/\/saltoecologico.es\/wp-content\/uploads\/2025\/04\/Logo-STE.jpg","width":435,"height":435,"caption":"Salto a la Transici\u00f3n Ecol\u00f3gica"},"image":{"@id":"https:\/\/saltoecologico.es\/#\/schema\/logo\/image\/"},"sameAs":["https:\/\/www.facebook.com\/Saltotransicionecologica"]},{"@type":"Person","@id":"https:\/\/saltoecologico.es\/#\/schema\/person\/7175eec4b3c123d86c675313c3a01a0b","name":"admin","image":{"@type":"ImageObject","inLanguage":"es","@id":"https:\/\/secure.gravatar.com\/avatar\/4c215dc57bbc7b2f2f470ac9bd197f3f112636a584e575a732d0206a2d9c9806?s=96&d=mm&r=g","url":"https:\/\/secure.gravatar.com\/avatar\/4c215dc57bbc7b2f2f470ac9bd197f3f112636a584e575a732d0206a2d9c9806?s=96&d=mm&r=g","contentUrl":"https:\/\/secure.gravatar.com\/avatar\/4c215dc57bbc7b2f2f470ac9bd197f3f112636a584e575a732d0206a2d9c9806?s=96&d=mm&r=g","caption":"admin"},"sameAs":["https:\/\/saltoecologico.es"],"url":"https:\/\/saltoecologico.es\/index.php\/author\/saltoecologico\/"}]}},"_links":{"self":[{"href":"https:\/\/saltoecologico.es\/index.php\/wp-json\/wp\/v2\/posts\/786","targetHints":{"allow":["GET"]}}],"collection":[{"href":"https:\/\/saltoecologico.es\/index.php\/wp-json\/wp\/v2\/posts"}],"about":[{"href":"https:\/\/saltoecologico.es\/index.php\/wp-json\/wp\/v2\/types\/post"}],"author":[{"embeddable":true,"href":"https:\/\/saltoecologico.es\/index.php\/wp-json\/wp\/v2\/users\/1"}],"replies":[{"embeddable":true,"href":"https:\/\/saltoecologico.es\/index.php\/wp-json\/wp\/v2\/comments?post=786"}],"version-history":[{"count":1,"href":"https:\/\/saltoecologico.es\/index.php\/wp-json\/wp\/v2\/posts\/786\/revisions"}],"predecessor-version":[{"id":788,"href":"https:\/\/saltoecologico.es\/index.php\/wp-json\/wp\/v2\/posts\/786\/revisions\/788"}],"wp:featuredmedia":[{"embeddable":true,"href":"https:\/\/saltoecologico.es\/index.php\/wp-json\/wp\/v2\/media\/787"}],"wp:attachment":[{"href":"https:\/\/saltoecologico.es\/index.php\/wp-json\/wp\/v2\/media?parent=786"}],"wp:term":[{"taxonomy":"category","embeddable":true,"href":"https:\/\/saltoecologico.es\/index.php\/wp-json\/wp\/v2\/categories?post=786"},{"taxonomy":"post_tag","embeddable":true,"href":"https:\/\/saltoecologico.es\/index.php\/wp-json\/wp\/v2\/tags?post=786"}],"curies":[{"name":"wp","href":"https:\/\/api.w.org\/{rel}","templated":true}]}}