{"id":789,"date":"2024-11-29T17:35:00","date_gmt":"2024-11-29T17:35:00","guid":{"rendered":"https:\/\/saltoecologico.es\/?p=789"},"modified":"2025-04-19T17:36:29","modified_gmt":"2025-04-19T17:36:29","slug":"presidenta-preocupada","status":"publish","type":"post","link":"https:\/\/saltoecologico.es\/index.php\/2024\/11\/29\/presidenta-preocupada\/","title":{"rendered":"Presidenta preocupada"},"content":{"rendered":"\n<p class=\"wp-block-paragraph\">No nos cabe la menor duda que la preocupaci\u00f3n que manifiesta Do\u00f1a Lola Garc\u00eda, presidenta del Cabildo de Fuerteventura, por la situaci\u00f3n de los vecinos del Charco y la Central de generaci\u00f3n el\u00e9ctrica de Endesa, sea del todo sincera. Tampoco nos cabe la menor duda que las propuestas que hace para intentar encontrar una soluci\u00f3n, son bien intencionadas, pero, bajo nuestro punto de vista el problema radica, en que no est\u00e1 bien asesorada en un campo, que claramente se le escapa.<\/p>\n\n\n\n<p class=\"wp-block-paragraph\">Se le escapa cuando habla de \u201ctrasladar\u201d la central, como si esta fuera un mecano que se puede desmontar y volver a montar en otro lado, olvidando que cuando se instala una construcci\u00f3n de este tipo, todos sus componentes, grupos, servicios auxiliares y elementos varios, est\u00e1n pensados para ser instalados una vez y ya no moverse m\u00e1s, hasta el fin de su vida \u00fatil, momento en el que deber\u00edan ser desguazados.<\/p>\n\n\n\n<p class=\"wp-block-paragraph\">Se le escapa que la central, la red de transporte y la red de distribuci\u00f3n son un conjunto unido e indivisible que van creciendo de una manera sincronizada y que luego es muy dif\u00edcil modificar uno sin que tenga consecuencia sobre los dem\u00e1s. De esa manera, la central de las Salinas es el eje neur\u00e1lgico del sistema el\u00e9ctrico de Fuerteventura y de ella parte las redes que abastecen de electricidad la isla. Por lo tanto, si fuera posible \u201ctrasladar\u201d la central a otro lugar, tambi\u00e9n habr\u00eda que trasladar todo el conglomerado de l\u00edneas y cables subterr\u00e1neos que parten de ella.<\/p>\n\n\n\n<p class=\"wp-block-paragraph\">Se le escapa cuando intenta recurrir a una parlamentaria nacional, para que el gobierno de Espa\u00f1a interceda en la cuesti\u00f3n, cuando resulta que las competencias las tiene el gobierno de Canarias, que por cierto est\u00e1 gobernado por su partido.<\/p>\n\n\n\n<p class=\"wp-block-paragraph\">Se le escapa al no rodearse de verdaderos profesionales en la materia, dej\u00e1ndose asesorar por quienes mantienen que tan solo con instalar fotovoltaica en los tejados de las casas ya habr\u00eda suficiente electricidad para la isla. De esta forma, se llega a afirmar sin rubor que con las renovables proyectadas en el PTECAN se podr\u00eda alimentar toda Canarias.<\/p>\n\n\n\n<p class=\"wp-block-paragraph\">Se le escapa cuando se confunden las magnitudes el\u00e9ctricas y se hacen razonamientos simplistas, lejos de cualquier realidad. De esta forma se llega a afirmar que, si Fuerteventura tiene una punta de 112 MW y el PTECAN prev\u00e9 para 2030 unos 360 MW de renovables, eso significa m\u00e1s de tres veces las necesidades de la isla. Lamentablemente se obvia que la punta es la cantidad m\u00e1xima que se ha necesitado en alg\u00fan momento, pero juntamente con eso hay que tener en cuenta la energ\u00eda que se necesita durante un periodo, por ejemplo, un a\u00f1o. De igual manera, podemos tener una nevera que consuma 2.000 vatios, pero no vamos a pagar lo mismo si esa nevera la tenemos funcionando 1 hora, que si la tenemos funcionando 10 horas. La energ\u00eda que necesit\u00f3 Fuerteventura en el 2022 fue de 730.000 MWh y teniendo en cuenta que el factor de capacidad de las renovables est\u00e1 en torno al 20%, los 360 MW podr\u00edan producir 630.720 MWh, es decir, con lo propuesto por el PTECAN, para el 2030, a\u00fan no llegamos a cubrir las necesidades de la isla.<\/p>\n\n\n\n<p class=\"wp-block-paragraph\">Se le escapa por otras muchas cuestiones que podr\u00edamos seguir desgranando, pero que con la ya explicado creemos que es suficiente.<\/p>\n\n\n\n<p class=\"wp-block-paragraph\">Dado que la central no se puede trasladar y dado que Do\u00f1a Lola se ha cerrado la puerta de las renovables como v\u00eda para desmantelar la mencionada instalaci\u00f3n, lo que modestamente le pedir\u00edamos a la presidenta del Cabildo que al menos sea consecuente con sus preocupaciones y por lo menos se oponga a que la Central de Las Salinas siga creciendo como va a ocurrir tras el proceso de concurrencia competitiva, que prev\u00e9 que para Fuerteventura se van a instalar al menos 90 MW de los cuales la mayor parte, si no todos, ir\u00e1n en la central. De momento en la lista de admitidos al proceso hay 12 grupos de Endesa para la isla majorera.<\/p>\n\n\n\n<p class=\"wp-block-paragraph\">A parte de que renovar parte de la flota de grupos de Las Salinas supone un reforzamiento de estas instalaciones y una legitimaci\u00f3n para seguir contaminando, se da la circunstancia que todos estos nuevos grupos tendr\u00e1n una vida \u00fatil regulatoria m\u00ednima de 25 a\u00f1os, por lo que, si se instalaran en el 2030, los vecinos del Charco tendr\u00edan que continuar soportando estas infraestructuras como m\u00ednimo hasta el 2055.<\/p>\n\n\n\n<p class=\"wp-block-paragraph\">Para terminar la pedir\u00edamos a Do\u00f1a Lola que investigara un poco la raz\u00f3n del porqu\u00e9 durante el a\u00f1o 2023 hubieron algo m\u00e1s de 97.000 MWh que fueron generados en Las Salinas pero que se consumieron en Lanzarote, es decir, que se buscara la raz\u00f3n del porqu\u00e9 algo m\u00e1s del 12% de la producci\u00f3n de Fuerteventura se consumi\u00f3 en otra isla, consumo que supuso unas 66.000 toneladas de CO2 equivalente que tuvieron que padecer los vecinos del Charco en primera instancia y el resto de la isla a continuaci\u00f3n, sin recibir a cambio un solo MWh en compensaci\u00f3n.<\/p>\n","protected":false},"excerpt":{"rendered":"<p>No nos cabe la menor duda que la preocupaci\u00f3n que manifiesta Do\u00f1a Lola Garc\u00eda, presidenta del Cabildo de Fuerteventura, por la situaci\u00f3n de los vecinos del Charco y la Central de generaci\u00f3n el\u00e9ctrica de Endesa, sea del todo sincera. Tampoco nos cabe la menor duda que las propuestas que hace para intentar encontrar una soluci\u00f3n, [&hellip;]<\/p>\n","protected":false},"author":1,"featured_media":790,"comment_status":"open","ping_status":"open","sticky":false,"template":"","format":"standard","meta":{"footnotes":""},"categories":[42],"tags":[],"class_list":["post-789","post","type-post","status-publish","format-standard","has-post-thumbnail","category-fosiles"],"yoast_head":"<!-- This site is optimized with the Yoast SEO plugin v28.2 - https:\/\/yoast.com\/product\/yoast-seo-wordpress\/ -->\n<title>Presidenta preocupada - Salto Ecol\u00f3gico<\/title>\n<meta name=\"robots\" content=\"index, follow, max-snippet:-1, max-image-preview:large, max-video-preview:-1\" \/>\n<link rel=\"canonical\" href=\"https:\/\/saltoecologico.es\/index.php\/2024\/11\/29\/presidenta-preocupada\/\" \/>\n<meta property=\"og:locale\" content=\"es_ES\" \/>\n<meta property=\"og:type\" content=\"article\" \/>\n<meta property=\"og:title\" content=\"Presidenta preocupada - Salto Ecol\u00f3gico\" \/>\n<meta property=\"og:description\" content=\"No nos cabe la menor duda que la preocupaci\u00f3n que manifiesta Do\u00f1a Lola Garc\u00eda, presidenta del Cabildo de Fuerteventura, por la situaci\u00f3n de los vecinos del Charco y la Central de generaci\u00f3n el\u00e9ctrica de Endesa, sea del todo sincera. Tampoco nos cabe la menor duda que las propuestas que hace para intentar encontrar una soluci\u00f3n, [&hellip;]\" \/>\n<meta property=\"og:url\" content=\"https:\/\/saltoecologico.es\/index.php\/2024\/11\/29\/presidenta-preocupada\/\" \/>\n<meta property=\"og:site_name\" content=\"Salto Ecol\u00f3gico\" \/>\n<meta property=\"article:publisher\" content=\"https:\/\/www.facebook.com\/Saltotransicionecologica\" \/>\n<meta property=\"article:published_time\" content=\"2024-11-29T17:35:00+00:00\" \/>\n<meta property=\"article:modified_time\" content=\"2025-04-19T17:36:29+00:00\" \/>\n<meta property=\"og:image\" content=\"https:\/\/saltoecologico.es\/wp-content\/uploads\/2025\/04\/Fosiles37c.jpg\" \/>\n\t<meta property=\"og:image:width\" content=\"1024\" \/>\n\t<meta property=\"og:image:height\" content=\"683\" \/>\n\t<meta property=\"og:image:type\" content=\"image\/jpeg\" \/>\n<meta name=\"author\" content=\"admin\" \/>\n<meta name=\"twitter:card\" content=\"summary_large_image\" \/>\n<meta name=\"twitter:label1\" content=\"Escrito por\" \/>\n\t<meta name=\"twitter:data1\" content=\"admin\" \/>\n\t<meta name=\"twitter:label2\" content=\"Tiempo de lectura\" \/>\n\t<meta name=\"twitter:data2\" content=\"5 minutos\" \/>\n<script type=\"application\/ld+json\" class=\"yoast-schema-graph\">{\"@context\":\"https:\\\/\\\/schema.org\",\"@graph\":[{\"@type\":\"Article\",\"@id\":\"https:\\\/\\\/saltoecologico.es\\\/index.php\\\/2024\\\/11\\\/29\\\/presidenta-preocupada\\\/#article\",\"isPartOf\":{\"@id\":\"https:\\\/\\\/saltoecologico.es\\\/index.php\\\/2024\\\/11\\\/29\\\/presidenta-preocupada\\\/\"},\"author\":{\"name\":\"admin\",\"@id\":\"https:\\\/\\\/saltoecologico.es\\\/#\\\/schema\\\/person\\\/7175eec4b3c123d86c675313c3a01a0b\"},\"headline\":\"Presidenta preocupada\",\"datePublished\":\"2024-11-29T17:35:00+00:00\",\"dateModified\":\"2025-04-19T17:36:29+00:00\",\"mainEntityOfPage\":{\"@id\":\"https:\\\/\\\/saltoecologico.es\\\/index.php\\\/2024\\\/11\\\/29\\\/presidenta-preocupada\\\/\"},\"wordCount\":871,\"commentCount\":0,\"publisher\":{\"@id\":\"https:\\\/\\\/saltoecologico.es\\\/#organization\"},\"image\":{\"@id\":\"https:\\\/\\\/saltoecologico.es\\\/index.php\\\/2024\\\/11\\\/29\\\/presidenta-preocupada\\\/#primaryimage\"},\"thumbnailUrl\":\"https:\\\/\\\/saltoecologico.es\\\/wp-content\\\/uploads\\\/2025\\\/04\\\/Fosiles37c.jpg\",\"articleSection\":[\"F\u00f3siles\"],\"inLanguage\":\"es\",\"potentialAction\":[{\"@type\":\"CommentAction\",\"name\":\"Comment\",\"target\":[\"https:\\\/\\\/saltoecologico.es\\\/index.php\\\/2024\\\/11\\\/29\\\/presidenta-preocupada\\\/#respond\"]}]},{\"@type\":\"WebPage\",\"@id\":\"https:\\\/\\\/saltoecologico.es\\\/index.php\\\/2024\\\/11\\\/29\\\/presidenta-preocupada\\\/\",\"url\":\"https:\\\/\\\/saltoecologico.es\\\/index.php\\\/2024\\\/11\\\/29\\\/presidenta-preocupada\\\/\",\"name\":\"Presidenta preocupada - Salto Ecol\u00f3gico\",\"isPartOf\":{\"@id\":\"https:\\\/\\\/saltoecologico.es\\\/#website\"},\"primaryImageOfPage\":{\"@id\":\"https:\\\/\\\/saltoecologico.es\\\/index.php\\\/2024\\\/11\\\/29\\\/presidenta-preocupada\\\/#primaryimage\"},\"image\":{\"@id\":\"https:\\\/\\\/saltoecologico.es\\\/index.php\\\/2024\\\/11\\\/29\\\/presidenta-preocupada\\\/#primaryimage\"},\"thumbnailUrl\":\"https:\\\/\\\/saltoecologico.es\\\/wp-content\\\/uploads\\\/2025\\\/04\\\/Fosiles37c.jpg\",\"datePublished\":\"2024-11-29T17:35:00+00:00\",\"dateModified\":\"2025-04-19T17:36:29+00:00\",\"breadcrumb\":{\"@id\":\"https:\\\/\\\/saltoecologico.es\\\/index.php\\\/2024\\\/11\\\/29\\\/presidenta-preocupada\\\/#breadcrumb\"},\"inLanguage\":\"es\",\"potentialAction\":[{\"@type\":\"ReadAction\",\"target\":[\"https:\\\/\\\/saltoecologico.es\\\/index.php\\\/2024\\\/11\\\/29\\\/presidenta-preocupada\\\/\"]}]},{\"@type\":\"ImageObject\",\"inLanguage\":\"es\",\"@id\":\"https:\\\/\\\/saltoecologico.es\\\/index.php\\\/2024\\\/11\\\/29\\\/presidenta-preocupada\\\/#primaryimage\",\"url\":\"https:\\\/\\\/saltoecologico.es\\\/wp-content\\\/uploads\\\/2025\\\/04\\\/Fosiles37c.jpg\",\"contentUrl\":\"https:\\\/\\\/saltoecologico.es\\\/wp-content\\\/uploads\\\/2025\\\/04\\\/Fosiles37c.jpg\",\"width\":1024,\"height\":683,\"caption\":\"Coal power plant high pipes with black smoke moving upwards polluting atmosphere. Production of electrical energy with fossil fuel concept.\"},{\"@type\":\"BreadcrumbList\",\"@id\":\"https:\\\/\\\/saltoecologico.es\\\/index.php\\\/2024\\\/11\\\/29\\\/presidenta-preocupada\\\/#breadcrumb\",\"itemListElement\":[{\"@type\":\"ListItem\",\"position\":1,\"name\":\"Portada\",\"item\":\"https:\\\/\\\/saltoecologico.es\\\/\"},{\"@type\":\"ListItem\",\"position\":2,\"name\":\"Presidenta preocupada\"}]},{\"@type\":\"WebSite\",\"@id\":\"https:\\\/\\\/saltoecologico.es\\\/#website\",\"url\":\"https:\\\/\\\/saltoecologico.es\\\/\",\"name\":\"Salto Ecol\u00f3gico\",\"description\":\"\",\"publisher\":{\"@id\":\"https:\\\/\\\/saltoecologico.es\\\/#organization\"},\"potentialAction\":[{\"@type\":\"SearchAction\",\"target\":{\"@type\":\"EntryPoint\",\"urlTemplate\":\"https:\\\/\\\/saltoecologico.es\\\/?s={search_term_string}\"},\"query-input\":{\"@type\":\"PropertyValueSpecification\",\"valueRequired\":true,\"valueName\":\"search_term_string\"}}],\"inLanguage\":\"es\"},{\"@type\":\"Organization\",\"@id\":\"https:\\\/\\\/saltoecologico.es\\\/#organization\",\"name\":\"Salto a la Transici\u00f3n Ecol\u00f3gica\",\"url\":\"https:\\\/\\\/saltoecologico.es\\\/\",\"logo\":{\"@type\":\"ImageObject\",\"inLanguage\":\"es\",\"@id\":\"https:\\\/\\\/saltoecologico.es\\\/#\\\/schema\\\/logo\\\/image\\\/\",\"url\":\"https:\\\/\\\/saltoecologico.es\\\/wp-content\\\/uploads\\\/2025\\\/04\\\/Logo-STE.jpg\",\"contentUrl\":\"https:\\\/\\\/saltoecologico.es\\\/wp-content\\\/uploads\\\/2025\\\/04\\\/Logo-STE.jpg\",\"width\":435,\"height\":435,\"caption\":\"Salto a la Transici\u00f3n Ecol\u00f3gica\"},\"image\":{\"@id\":\"https:\\\/\\\/saltoecologico.es\\\/#\\\/schema\\\/logo\\\/image\\\/\"},\"sameAs\":[\"https:\\\/\\\/www.facebook.com\\\/Saltotransicionecologica\"]},{\"@type\":\"Person\",\"@id\":\"https:\\\/\\\/saltoecologico.es\\\/#\\\/schema\\\/person\\\/7175eec4b3c123d86c675313c3a01a0b\",\"name\":\"admin\",\"image\":{\"@type\":\"ImageObject\",\"inLanguage\":\"es\",\"@id\":\"https:\\\/\\\/secure.gravatar.com\\\/avatar\\\/4c215dc57bbc7b2f2f470ac9bd197f3f112636a584e575a732d0206a2d9c9806?s=96&d=mm&r=g\",\"url\":\"https:\\\/\\\/secure.gravatar.com\\\/avatar\\\/4c215dc57bbc7b2f2f470ac9bd197f3f112636a584e575a732d0206a2d9c9806?s=96&d=mm&r=g\",\"contentUrl\":\"https:\\\/\\\/secure.gravatar.com\\\/avatar\\\/4c215dc57bbc7b2f2f470ac9bd197f3f112636a584e575a732d0206a2d9c9806?s=96&d=mm&r=g\",\"caption\":\"admin\"},\"sameAs\":[\"https:\\\/\\\/saltoecologico.es\"],\"url\":\"https:\\\/\\\/saltoecologico.es\\\/index.php\\\/author\\\/saltoecologico\\\/\"}]}<\/script>\n<!-- \/ Yoast SEO plugin. -->","yoast_head_json":{"title":"Presidenta preocupada - Salto Ecol\u00f3gico","robots":{"index":"index","follow":"follow","max-snippet":"max-snippet:-1","max-image-preview":"max-image-preview:large","max-video-preview":"max-video-preview:-1"},"canonical":"https:\/\/saltoecologico.es\/index.php\/2024\/11\/29\/presidenta-preocupada\/","og_locale":"es_ES","og_type":"article","og_title":"Presidenta preocupada - Salto Ecol\u00f3gico","og_description":"No nos cabe la menor duda que la preocupaci\u00f3n que manifiesta Do\u00f1a Lola Garc\u00eda, presidenta del Cabildo de Fuerteventura, por la situaci\u00f3n de los vecinos del Charco y la Central de generaci\u00f3n el\u00e9ctrica de Endesa, sea del todo sincera. Tampoco nos cabe la menor duda que las propuestas que hace para intentar encontrar una soluci\u00f3n, [&hellip;]","og_url":"https:\/\/saltoecologico.es\/index.php\/2024\/11\/29\/presidenta-preocupada\/","og_site_name":"Salto Ecol\u00f3gico","article_publisher":"https:\/\/www.facebook.com\/Saltotransicionecologica","article_published_time":"2024-11-29T17:35:00+00:00","article_modified_time":"2025-04-19T17:36:29+00:00","og_image":[{"width":1024,"height":683,"url":"https:\/\/saltoecologico.es\/wp-content\/uploads\/2025\/04\/Fosiles37c.jpg","type":"image\/jpeg"}],"author":"admin","twitter_card":"summary_large_image","twitter_misc":{"Escrito por":"admin","Tiempo de lectura":"5 minutos"},"schema":{"@context":"https:\/\/schema.org","@graph":[{"@type":"Article","@id":"https:\/\/saltoecologico.es\/index.php\/2024\/11\/29\/presidenta-preocupada\/#article","isPartOf":{"@id":"https:\/\/saltoecologico.es\/index.php\/2024\/11\/29\/presidenta-preocupada\/"},"author":{"name":"admin","@id":"https:\/\/saltoecologico.es\/#\/schema\/person\/7175eec4b3c123d86c675313c3a01a0b"},"headline":"Presidenta preocupada","datePublished":"2024-11-29T17:35:00+00:00","dateModified":"2025-04-19T17:36:29+00:00","mainEntityOfPage":{"@id":"https:\/\/saltoecologico.es\/index.php\/2024\/11\/29\/presidenta-preocupada\/"},"wordCount":871,"commentCount":0,"publisher":{"@id":"https:\/\/saltoecologico.es\/#organization"},"image":{"@id":"https:\/\/saltoecologico.es\/index.php\/2024\/11\/29\/presidenta-preocupada\/#primaryimage"},"thumbnailUrl":"https:\/\/saltoecologico.es\/wp-content\/uploads\/2025\/04\/Fosiles37c.jpg","articleSection":["F\u00f3siles"],"inLanguage":"es","potentialAction":[{"@type":"CommentAction","name":"Comment","target":["https:\/\/saltoecologico.es\/index.php\/2024\/11\/29\/presidenta-preocupada\/#respond"]}]},{"@type":"WebPage","@id":"https:\/\/saltoecologico.es\/index.php\/2024\/11\/29\/presidenta-preocupada\/","url":"https:\/\/saltoecologico.es\/index.php\/2024\/11\/29\/presidenta-preocupada\/","name":"Presidenta preocupada - Salto Ecol\u00f3gico","isPartOf":{"@id":"https:\/\/saltoecologico.es\/#website"},"primaryImageOfPage":{"@id":"https:\/\/saltoecologico.es\/index.php\/2024\/11\/29\/presidenta-preocupada\/#primaryimage"},"image":{"@id":"https:\/\/saltoecologico.es\/index.php\/2024\/11\/29\/presidenta-preocupada\/#primaryimage"},"thumbnailUrl":"https:\/\/saltoecologico.es\/wp-content\/uploads\/2025\/04\/Fosiles37c.jpg","datePublished":"2024-11-29T17:35:00+00:00","dateModified":"2025-04-19T17:36:29+00:00","breadcrumb":{"@id":"https:\/\/saltoecologico.es\/index.php\/2024\/11\/29\/presidenta-preocupada\/#breadcrumb"},"inLanguage":"es","potentialAction":[{"@type":"ReadAction","target":["https:\/\/saltoecologico.es\/index.php\/2024\/11\/29\/presidenta-preocupada\/"]}]},{"@type":"ImageObject","inLanguage":"es","@id":"https:\/\/saltoecologico.es\/index.php\/2024\/11\/29\/presidenta-preocupada\/#primaryimage","url":"https:\/\/saltoecologico.es\/wp-content\/uploads\/2025\/04\/Fosiles37c.jpg","contentUrl":"https:\/\/saltoecologico.es\/wp-content\/uploads\/2025\/04\/Fosiles37c.jpg","width":1024,"height":683,"caption":"Coal power plant high pipes with black smoke moving upwards polluting atmosphere. Production of electrical energy with fossil fuel concept."},{"@type":"BreadcrumbList","@id":"https:\/\/saltoecologico.es\/index.php\/2024\/11\/29\/presidenta-preocupada\/#breadcrumb","itemListElement":[{"@type":"ListItem","position":1,"name":"Portada","item":"https:\/\/saltoecologico.es\/"},{"@type":"ListItem","position":2,"name":"Presidenta preocupada"}]},{"@type":"WebSite","@id":"https:\/\/saltoecologico.es\/#website","url":"https:\/\/saltoecologico.es\/","name":"Salto Ecol\u00f3gico","description":"","publisher":{"@id":"https:\/\/saltoecologico.es\/#organization"},"potentialAction":[{"@type":"SearchAction","target":{"@type":"EntryPoint","urlTemplate":"https:\/\/saltoecologico.es\/?s={search_term_string}"},"query-input":{"@type":"PropertyValueSpecification","valueRequired":true,"valueName":"search_term_string"}}],"inLanguage":"es"},{"@type":"Organization","@id":"https:\/\/saltoecologico.es\/#organization","name":"Salto a la Transici\u00f3n Ecol\u00f3gica","url":"https:\/\/saltoecologico.es\/","logo":{"@type":"ImageObject","inLanguage":"es","@id":"https:\/\/saltoecologico.es\/#\/schema\/logo\/image\/","url":"https:\/\/saltoecologico.es\/wp-content\/uploads\/2025\/04\/Logo-STE.jpg","contentUrl":"https:\/\/saltoecologico.es\/wp-content\/uploads\/2025\/04\/Logo-STE.jpg","width":435,"height":435,"caption":"Salto a la Transici\u00f3n Ecol\u00f3gica"},"image":{"@id":"https:\/\/saltoecologico.es\/#\/schema\/logo\/image\/"},"sameAs":["https:\/\/www.facebook.com\/Saltotransicionecologica"]},{"@type":"Person","@id":"https:\/\/saltoecologico.es\/#\/schema\/person\/7175eec4b3c123d86c675313c3a01a0b","name":"admin","image":{"@type":"ImageObject","inLanguage":"es","@id":"https:\/\/secure.gravatar.com\/avatar\/4c215dc57bbc7b2f2f470ac9bd197f3f112636a584e575a732d0206a2d9c9806?s=96&d=mm&r=g","url":"https:\/\/secure.gravatar.com\/avatar\/4c215dc57bbc7b2f2f470ac9bd197f3f112636a584e575a732d0206a2d9c9806?s=96&d=mm&r=g","contentUrl":"https:\/\/secure.gravatar.com\/avatar\/4c215dc57bbc7b2f2f470ac9bd197f3f112636a584e575a732d0206a2d9c9806?s=96&d=mm&r=g","caption":"admin"},"sameAs":["https:\/\/saltoecologico.es"],"url":"https:\/\/saltoecologico.es\/index.php\/author\/saltoecologico\/"}]}},"_links":{"self":[{"href":"https:\/\/saltoecologico.es\/index.php\/wp-json\/wp\/v2\/posts\/789","targetHints":{"allow":["GET"]}}],"collection":[{"href":"https:\/\/saltoecologico.es\/index.php\/wp-json\/wp\/v2\/posts"}],"about":[{"href":"https:\/\/saltoecologico.es\/index.php\/wp-json\/wp\/v2\/types\/post"}],"author":[{"embeddable":true,"href":"https:\/\/saltoecologico.es\/index.php\/wp-json\/wp\/v2\/users\/1"}],"replies":[{"embeddable":true,"href":"https:\/\/saltoecologico.es\/index.php\/wp-json\/wp\/v2\/comments?post=789"}],"version-history":[{"count":1,"href":"https:\/\/saltoecologico.es\/index.php\/wp-json\/wp\/v2\/posts\/789\/revisions"}],"predecessor-version":[{"id":791,"href":"https:\/\/saltoecologico.es\/index.php\/wp-json\/wp\/v2\/posts\/789\/revisions\/791"}],"wp:featuredmedia":[{"embeddable":true,"href":"https:\/\/saltoecologico.es\/index.php\/wp-json\/wp\/v2\/media\/790"}],"wp:attachment":[{"href":"https:\/\/saltoecologico.es\/index.php\/wp-json\/wp\/v2\/media?parent=789"}],"wp:term":[{"taxonomy":"category","embeddable":true,"href":"https:\/\/saltoecologico.es\/index.php\/wp-json\/wp\/v2\/categories?post=789"},{"taxonomy":"post_tag","embeddable":true,"href":"https:\/\/saltoecologico.es\/index.php\/wp-json\/wp\/v2\/tags?post=789"}],"curies":[{"name":"wp","href":"https:\/\/api.w.org\/{rel}","templated":true}]}}