{"id":792,"date":"2024-12-06T17:38:00","date_gmt":"2024-12-06T17:38:00","guid":{"rendered":"https:\/\/saltoecologico.es\/?p=792"},"modified":"2025-04-19T17:38:44","modified_gmt":"2025-04-19T17:38:44","slug":"el-relato","status":"publish","type":"post","link":"https:\/\/saltoecologico.es\/index.php\/2024\/12\/06\/el-relato\/","title":{"rendered":"El relato"},"content":{"rendered":"\n<p class=\"wp-block-paragraph\">Hay ocasiones en las que el paso del tiempo va colocando a los relatos interesados en el lugar justo que le corresponde, dado que las evidencias temporales van asfixiando una y otra vez, aquellas cuestiones que son exacerbadas hasta el l\u00edmite justo donde la verdad y la mentira, se desdibujan en una fina l\u00ednea, que intenta aprovechar los relatos mencionados.<\/p>\n\n\n\n<p class=\"wp-block-paragraph\">El gobierno de Canarias y ciertos emporios empresariales, necesitaban crear el ambiente propicio para que la sociedad de las islas aceptaran, de buen grado, la imposici\u00f3n de una renovaci\u00f3n de los grupos f\u00f3siles de generaci\u00f3n el\u00e9ctrica, tras un periodo en el que se hab\u00edan desatado la euforia, porque al fin nuestros dirigentes pol\u00edticos, eran conscientes del \u201cproblem\u00f3n\u201d que significa el cambio clim\u00e1tico antropog\u00e9nico y pon\u00edan \u201cpie en pared\u201d, para ponerle coto a las emisiones por esta cuesti\u00f3n en un plazo razonable, fechado en el 2040. Obviamente, la pretensi\u00f3n de acabar con esos anhelos ecologistas, ten\u00eda que basarse en un discurso potente, bien orquestado y que calara en el imaginario colectivo. Este discurso potente, tuvo como c\u00f3mplice necesario una desgracia que los gomeros sufrieron en sus propias carnes el 30 de julio de 2023 y d\u00edas posteriores, en los que toda la isla se qued\u00f3 sin fluido el\u00e9ctrico debido a que hubo un \u201ccero\u201d en la central del Palmar. Efectivamente el 2 de octubre de ese mismo a\u00f1o, el gobierno auton\u00f3mico declaraba la emergencia energ\u00e9tica, bas\u00e1ndose en que el cero de La Gomera era porque los grupos estaban obsoletos y lo peor era que el resto de las islas estaban igual.<\/p>\n\n\n\n<p class=\"wp-block-paragraph\">De nada sirvi\u00f3 que se le dijera que el cero de La Gomera se debi\u00f3 a un incendio en la sala de servicios auxiliares. De nada sirvi\u00f3 que se le dijera, que se hab\u00eda cometido el error de que en esa sala estaban todos los servicios auxiliares de todos los grupos. De nada sirvi\u00f3 que se le dijera que los grupos en si no hab\u00edan fallado y que se encontraban en perfecto estado. De nada sirvi\u00f3 que se le exigiera que se realizara una auditor\u00eda del estado de los grupos de todas las centrales para determinar su grado de integridad de manera inequ\u00edvoca. Lo \u00fanico que importaba era declarar la \u201cemergencia energ\u00e9tica\u201d porque ello tendr\u00eda una consecuencia inmediata, que era lo realmente importante, la renovaci\u00f3n de la mayor parte posible de los grupos de generaci\u00f3n de todo el archipi\u00e9lago.<\/p>\n\n\n\n<p class=\"wp-block-paragraph\">Obviamente la emergencia energ\u00e9tica denota en primer lugar una situaci\u00f3n alarmante, pero inmediatamente y, en segundo lugar, obliga a actuaciones inmediatas. Estas actuaciones inmediatas fueron en primer lugar la petici\u00f3n de propuestas para instalar grupos de emergencia que en principio deber\u00edan de estar operativos en el plazo de un a\u00f1o. En segundo lugar, solicitar al estado el proceso de concurrencia competitiva para proceder a renovar los grupos obsoletos.<\/p>\n\n\n\n<p class=\"wp-block-paragraph\">El primer punto, mas de un a\u00f1o despu\u00e9s, sigue en v\u00eda muerta, porque si bien se hab\u00edan adjudicado a dos empresas, estas, finalmente, no estaban por la labor. En cuanto al segundo, aunque si bien se vendi\u00f3 en los t\u00e9rminos que aqu\u00ed se han expuesto, en realidad el proceso de concurrencia competitiva lo que hace es seleccionar que grupos reciben la retribuci\u00f3n adicional, porque la verdad, es que grupos nuevos siempre se han podido instalar, solo que no con una retribuci\u00f3n, tan \u201csabrosa\u201d, como la del r\u00e9gimen adicional. En este momento el proceso de concurrencia competitiva se encuentra decidiendo que solicitudes se admiten y cuales no, pero la realidad va a ser que estos grupos est\u00e9n operativos entre 2030 y 2035, lo que, sumado a lo expresado para el primer punto, nos quedan entre cinco a diez a\u00f1os, de emergencia energ\u00e9tica.<\/p>\n\n\n\n<p class=\"wp-block-paragraph\">Pero \u00bfQu\u00e9 hay de realidad en cuanto a la obsolescencia de los grupos?. En primer lugar, tenemos que distinguir dos realidades. Por un lado, est\u00e1 la Vida \u00datil Regulatoria y por otro lado se encuentra la Vida Efectiva del grupo. La primera hace referencia al tiempo que el grupo puede estar cobrando \u201cde m\u00e1s\u201d por la retribuci\u00f3n adicional, que posee el sistema el\u00e9ctrico de Canarias y que asciende a 25 a\u00f1os. La segunda se refiere a la vida real que el grupo puede estar funcionando sin peligro para las personas o su integridad f\u00edsica y con rendimientos aceptables. En este \u00faltimo caso podemos hablar del grupo Diesel 1 de Fuerteventura, que fue instalado en 1975 y ah\u00ed sigue produciendo sin problemas. As\u00ed mismo tenemos el caso del Vapor 1 de la Central de Tirajana, en Gran Canaria, que fue instalado, en 1995 y que ha entrado en revisi\u00f3n y que podr\u00e1 alargar su vida efectiva ocho a\u00f1os m\u00e1s.<\/p>\n\n\n\n<p class=\"wp-block-paragraph\">Tal y como Endesa comunica en la noticia aparecida en los medios: \u201cLa revisi\u00f3n de estos equipos, instalados en 1995, tres a\u00f1os despu\u00e9s de la colocaci\u00f3n de los primeros grupos en la parcela ubicada junto a las Salinas del Matorral, se realiza cada ocho a\u00f1os y conlleva la inspecci\u00f3n de m\u00e1s de 8.000 piezas. Este trabajo, que Endesa ha mostrado por primera vez a la sociedad, implica el desmontaje completo de todos los componentes de la Unidad Vapor 1 a fin de revisar todas las piezas, comprobar su estado, sustituirlas en caso de que est\u00e9n deterioradas y darle a este grupo, de 80 megavatios de potencia, otros ocho a\u00f1os de funcionamiento en perfectas condiciones, seg\u00fan explic\u00f3 este mi\u00e9rcoles Luis Varela, director de Generaci\u00f3n de Endesa en Gran Canaria\u201d.<\/p>\n\n\n\n<p class=\"wp-block-paragraph\">Efectivamente, cuando un grupo de generaci\u00f3n el\u00e9ctrica sufre una revisi\u00f3n de este calado, queda, salvando las distancias, como un grupo salido de f\u00e1brica y salvo las posibles limitaciones medioambientales, que habr\u00eda que tratar, el grupo tiene todos los avales, para cumplir con los requisitos de fiabilidad exigibles, para su correcto funcionamiento.<\/p>\n\n\n\n<p class=\"wp-block-paragraph\">Entonces \u00bfd\u00f3nde est\u00e1 el problema?. Pues el problema, como la mayor\u00eda de las veces, se encuentra en el apartado econ\u00f3mico. El r\u00e9gimen de retribuci\u00f3n adicional contempla una serie de cuestiones entre las que se encuentra la amortizaci\u00f3n de la inversi\u00f3n en el grupo, que como hemos dicho, es de 25 a\u00f1os y por tanto la administraci\u00f3n es reacia a seguir pagando esta sobreretribuci\u00f3n, porque ser\u00eda unos emolumentos extras y salvajemente sobredimensionados.<\/p>\n\n\n\n<p class=\"wp-block-paragraph\">Desde Salto a la Transici\u00f3n Energ\u00e9tica siempre hemos estado a favor de una transici\u00f3n r\u00e1pida a las renovables, basada en el itinerario que el Instituto Tecnol\u00f3gico de Canarias dise\u00f1o para el Gobierno anterior y por eso consideramos un error, sustituir los grupos t\u00e9rmicos actuales por grupos nuevos, porque eso hipotecar\u00eda nuestro futuro renovable, al menos 25 a\u00f1os m\u00e1s.<\/p>\n\n\n\n<p class=\"wp-block-paragraph\">Desde el primer momento propusimos alargar la vida de los actuales grupos, comenzando primeramente con una auditor\u00eda efectiva, realista y exhaustiva de lo que hab\u00eda, para poder abordar una bater\u00eda de mantenimientos seg\u00fan las necesidades. Esto juntamente con la instalaci\u00f3n acelerada de renovables y bombeos, nos podr\u00eda llevar a un escenario en el que en el 2040 pudi\u00e9ramos gozar de un sistema 100% renovable.<\/p>\n\n\n\n<p class=\"wp-block-paragraph\">En un momento donde los seudomedios nos bombardean con bulos de todo tipo, las administraciones deber\u00edan ser m\u00e1s cuidadosas, si cabe, en proporcionar relatos e&nbsp; informaciones ajustados a la realidad y a la verdad.<\/p>\n\n\n\n<p class=\"wp-block-paragraph\"><\/p>\n","protected":false},"excerpt":{"rendered":"<p>Hay ocasiones en las que el paso del tiempo va colocando a los relatos interesados en el lugar justo que le corresponde, dado que las evidencias temporales van asfixiando una y otra vez, aquellas cuestiones que son exacerbadas hasta el l\u00edmite justo donde la verdad y la mentira, se desdibujan en una fina l\u00ednea, que [&hellip;]<\/p>\n","protected":false},"author":1,"featured_media":793,"comment_status":"open","ping_status":"open","sticky":false,"template":"","format":"standard","meta":{"footnotes":""},"categories":[55],"tags":[],"class_list":["post-792","post","type-post","status-publish","format-standard","has-post-thumbnail","category-general"],"yoast_head":"<!-- This site is optimized with the Yoast SEO plugin v28.2 - https:\/\/yoast.com\/product\/yoast-seo-wordpress\/ -->\n<title>El relato - Salto Ecol\u00f3gico<\/title>\n<meta name=\"robots\" content=\"index, follow, max-snippet:-1, max-image-preview:large, max-video-preview:-1\" \/>\n<link rel=\"canonical\" href=\"https:\/\/saltoecologico.es\/index.php\/2024\/12\/06\/el-relato\/\" \/>\n<meta property=\"og:locale\" content=\"es_ES\" \/>\n<meta property=\"og:type\" content=\"article\" \/>\n<meta property=\"og:title\" content=\"El relato - Salto Ecol\u00f3gico\" \/>\n<meta property=\"og:description\" content=\"Hay ocasiones en las que el paso del tiempo va colocando a los relatos interesados en el lugar justo que le corresponde, dado que las evidencias temporales van asfixiando una y otra vez, aquellas cuestiones que son exacerbadas hasta el l\u00edmite justo donde la verdad y la mentira, se desdibujan en una fina l\u00ednea, que [&hellip;]\" \/>\n<meta property=\"og:url\" content=\"https:\/\/saltoecologico.es\/index.php\/2024\/12\/06\/el-relato\/\" \/>\n<meta property=\"og:site_name\" content=\"Salto Ecol\u00f3gico\" \/>\n<meta property=\"article:publisher\" content=\"https:\/\/www.facebook.com\/Saltotransicionecologica\" \/>\n<meta property=\"article:published_time\" content=\"2024-12-06T17:38:00+00:00\" \/>\n<meta property=\"article:modified_time\" content=\"2025-04-19T17:38:44+00:00\" \/>\n<meta property=\"og:image\" content=\"https:\/\/saltoecologico.es\/wp-content\/uploads\/2025\/04\/Fosiles38.jpg\" \/>\n\t<meta property=\"og:image:width\" content=\"1024\" \/>\n\t<meta property=\"og:image:height\" content=\"683\" \/>\n\t<meta property=\"og:image:type\" content=\"image\/jpeg\" \/>\n<meta name=\"author\" content=\"admin\" \/>\n<meta name=\"twitter:card\" content=\"summary_large_image\" \/>\n<meta name=\"twitter:label1\" content=\"Escrito por\" \/>\n\t<meta name=\"twitter:data1\" content=\"admin\" \/>\n\t<meta name=\"twitter:label2\" content=\"Tiempo de lectura\" \/>\n\t<meta name=\"twitter:data2\" content=\"6 minutos\" \/>\n<script type=\"application\/ld+json\" class=\"yoast-schema-graph\">{\"@context\":\"https:\\\/\\\/schema.org\",\"@graph\":[{\"@type\":\"Article\",\"@id\":\"https:\\\/\\\/saltoecologico.es\\\/index.php\\\/2024\\\/12\\\/06\\\/el-relato\\\/#article\",\"isPartOf\":{\"@id\":\"https:\\\/\\\/saltoecologico.es\\\/index.php\\\/2024\\\/12\\\/06\\\/el-relato\\\/\"},\"author\":{\"name\":\"admin\",\"@id\":\"https:\\\/\\\/saltoecologico.es\\\/#\\\/schema\\\/person\\\/7175eec4b3c123d86c675313c3a01a0b\"},\"headline\":\"El relato\",\"datePublished\":\"2024-12-06T17:38:00+00:00\",\"dateModified\":\"2025-04-19T17:38:44+00:00\",\"mainEntityOfPage\":{\"@id\":\"https:\\\/\\\/saltoecologico.es\\\/index.php\\\/2024\\\/12\\\/06\\\/el-relato\\\/\"},\"wordCount\":1259,\"commentCount\":0,\"publisher\":{\"@id\":\"https:\\\/\\\/saltoecologico.es\\\/#organization\"},\"image\":{\"@id\":\"https:\\\/\\\/saltoecologico.es\\\/index.php\\\/2024\\\/12\\\/06\\\/el-relato\\\/#primaryimage\"},\"thumbnailUrl\":\"https:\\\/\\\/saltoecologico.es\\\/wp-content\\\/uploads\\\/2025\\\/04\\\/Fosiles38.jpg\",\"articleSection\":[\"General\"],\"inLanguage\":\"es\",\"potentialAction\":[{\"@type\":\"CommentAction\",\"name\":\"Comment\",\"target\":[\"https:\\\/\\\/saltoecologico.es\\\/index.php\\\/2024\\\/12\\\/06\\\/el-relato\\\/#respond\"]}]},{\"@type\":\"WebPage\",\"@id\":\"https:\\\/\\\/saltoecologico.es\\\/index.php\\\/2024\\\/12\\\/06\\\/el-relato\\\/\",\"url\":\"https:\\\/\\\/saltoecologico.es\\\/index.php\\\/2024\\\/12\\\/06\\\/el-relato\\\/\",\"name\":\"El relato - Salto Ecol\u00f3gico\",\"isPartOf\":{\"@id\":\"https:\\\/\\\/saltoecologico.es\\\/#website\"},\"primaryImageOfPage\":{\"@id\":\"https:\\\/\\\/saltoecologico.es\\\/index.php\\\/2024\\\/12\\\/06\\\/el-relato\\\/#primaryimage\"},\"image\":{\"@id\":\"https:\\\/\\\/saltoecologico.es\\\/index.php\\\/2024\\\/12\\\/06\\\/el-relato\\\/#primaryimage\"},\"thumbnailUrl\":\"https:\\\/\\\/saltoecologico.es\\\/wp-content\\\/uploads\\\/2025\\\/04\\\/Fosiles38.jpg\",\"datePublished\":\"2024-12-06T17:38:00+00:00\",\"dateModified\":\"2025-04-19T17:38:44+00:00\",\"breadcrumb\":{\"@id\":\"https:\\\/\\\/saltoecologico.es\\\/index.php\\\/2024\\\/12\\\/06\\\/el-relato\\\/#breadcrumb\"},\"inLanguage\":\"es\",\"potentialAction\":[{\"@type\":\"ReadAction\",\"target\":[\"https:\\\/\\\/saltoecologico.es\\\/index.php\\\/2024\\\/12\\\/06\\\/el-relato\\\/\"]}]},{\"@type\":\"ImageObject\",\"inLanguage\":\"es\",\"@id\":\"https:\\\/\\\/saltoecologico.es\\\/index.php\\\/2024\\\/12\\\/06\\\/el-relato\\\/#primaryimage\",\"url\":\"https:\\\/\\\/saltoecologico.es\\\/wp-content\\\/uploads\\\/2025\\\/04\\\/Fosiles38.jpg\",\"contentUrl\":\"https:\\\/\\\/saltoecologico.es\\\/wp-content\\\/uploads\\\/2025\\\/04\\\/Fosiles38.jpg\",\"width\":1024,\"height\":683,\"caption\":\"Air pollution from power plant chimneys. Industry and global warming concept\"},{\"@type\":\"BreadcrumbList\",\"@id\":\"https:\\\/\\\/saltoecologico.es\\\/index.php\\\/2024\\\/12\\\/06\\\/el-relato\\\/#breadcrumb\",\"itemListElement\":[{\"@type\":\"ListItem\",\"position\":1,\"name\":\"Portada\",\"item\":\"https:\\\/\\\/saltoecologico.es\\\/\"},{\"@type\":\"ListItem\",\"position\":2,\"name\":\"El relato\"}]},{\"@type\":\"WebSite\",\"@id\":\"https:\\\/\\\/saltoecologico.es\\\/#website\",\"url\":\"https:\\\/\\\/saltoecologico.es\\\/\",\"name\":\"Salto Ecol\u00f3gico\",\"description\":\"\",\"publisher\":{\"@id\":\"https:\\\/\\\/saltoecologico.es\\\/#organization\"},\"potentialAction\":[{\"@type\":\"SearchAction\",\"target\":{\"@type\":\"EntryPoint\",\"urlTemplate\":\"https:\\\/\\\/saltoecologico.es\\\/?s={search_term_string}\"},\"query-input\":{\"@type\":\"PropertyValueSpecification\",\"valueRequired\":true,\"valueName\":\"search_term_string\"}}],\"inLanguage\":\"es\"},{\"@type\":\"Organization\",\"@id\":\"https:\\\/\\\/saltoecologico.es\\\/#organization\",\"name\":\"Salto a la Transici\u00f3n Ecol\u00f3gica\",\"url\":\"https:\\\/\\\/saltoecologico.es\\\/\",\"logo\":{\"@type\":\"ImageObject\",\"inLanguage\":\"es\",\"@id\":\"https:\\\/\\\/saltoecologico.es\\\/#\\\/schema\\\/logo\\\/image\\\/\",\"url\":\"https:\\\/\\\/saltoecologico.es\\\/wp-content\\\/uploads\\\/2025\\\/04\\\/Logo-STE.jpg\",\"contentUrl\":\"https:\\\/\\\/saltoecologico.es\\\/wp-content\\\/uploads\\\/2025\\\/04\\\/Logo-STE.jpg\",\"width\":435,\"height\":435,\"caption\":\"Salto a la Transici\u00f3n Ecol\u00f3gica\"},\"image\":{\"@id\":\"https:\\\/\\\/saltoecologico.es\\\/#\\\/schema\\\/logo\\\/image\\\/\"},\"sameAs\":[\"https:\\\/\\\/www.facebook.com\\\/Saltotransicionecologica\"]},{\"@type\":\"Person\",\"@id\":\"https:\\\/\\\/saltoecologico.es\\\/#\\\/schema\\\/person\\\/7175eec4b3c123d86c675313c3a01a0b\",\"name\":\"admin\",\"image\":{\"@type\":\"ImageObject\",\"inLanguage\":\"es\",\"@id\":\"https:\\\/\\\/secure.gravatar.com\\\/avatar\\\/4c215dc57bbc7b2f2f470ac9bd197f3f112636a584e575a732d0206a2d9c9806?s=96&d=mm&r=g\",\"url\":\"https:\\\/\\\/secure.gravatar.com\\\/avatar\\\/4c215dc57bbc7b2f2f470ac9bd197f3f112636a584e575a732d0206a2d9c9806?s=96&d=mm&r=g\",\"contentUrl\":\"https:\\\/\\\/secure.gravatar.com\\\/avatar\\\/4c215dc57bbc7b2f2f470ac9bd197f3f112636a584e575a732d0206a2d9c9806?s=96&d=mm&r=g\",\"caption\":\"admin\"},\"sameAs\":[\"https:\\\/\\\/saltoecologico.es\"],\"url\":\"https:\\\/\\\/saltoecologico.es\\\/index.php\\\/author\\\/saltoecologico\\\/\"}]}<\/script>\n<!-- \/ Yoast SEO plugin. -->","yoast_head_json":{"title":"El relato - Salto Ecol\u00f3gico","robots":{"index":"index","follow":"follow","max-snippet":"max-snippet:-1","max-image-preview":"max-image-preview:large","max-video-preview":"max-video-preview:-1"},"canonical":"https:\/\/saltoecologico.es\/index.php\/2024\/12\/06\/el-relato\/","og_locale":"es_ES","og_type":"article","og_title":"El relato - Salto Ecol\u00f3gico","og_description":"Hay ocasiones en las que el paso del tiempo va colocando a los relatos interesados en el lugar justo que le corresponde, dado que las evidencias temporales van asfixiando una y otra vez, aquellas cuestiones que son exacerbadas hasta el l\u00edmite justo donde la verdad y la mentira, se desdibujan en una fina l\u00ednea, que [&hellip;]","og_url":"https:\/\/saltoecologico.es\/index.php\/2024\/12\/06\/el-relato\/","og_site_name":"Salto Ecol\u00f3gico","article_publisher":"https:\/\/www.facebook.com\/Saltotransicionecologica","article_published_time":"2024-12-06T17:38:00+00:00","article_modified_time":"2025-04-19T17:38:44+00:00","og_image":[{"width":1024,"height":683,"url":"https:\/\/saltoecologico.es\/wp-content\/uploads\/2025\/04\/Fosiles38.jpg","type":"image\/jpeg"}],"author":"admin","twitter_card":"summary_large_image","twitter_misc":{"Escrito por":"admin","Tiempo de lectura":"6 minutos"},"schema":{"@context":"https:\/\/schema.org","@graph":[{"@type":"Article","@id":"https:\/\/saltoecologico.es\/index.php\/2024\/12\/06\/el-relato\/#article","isPartOf":{"@id":"https:\/\/saltoecologico.es\/index.php\/2024\/12\/06\/el-relato\/"},"author":{"name":"admin","@id":"https:\/\/saltoecologico.es\/#\/schema\/person\/7175eec4b3c123d86c675313c3a01a0b"},"headline":"El relato","datePublished":"2024-12-06T17:38:00+00:00","dateModified":"2025-04-19T17:38:44+00:00","mainEntityOfPage":{"@id":"https:\/\/saltoecologico.es\/index.php\/2024\/12\/06\/el-relato\/"},"wordCount":1259,"commentCount":0,"publisher":{"@id":"https:\/\/saltoecologico.es\/#organization"},"image":{"@id":"https:\/\/saltoecologico.es\/index.php\/2024\/12\/06\/el-relato\/#primaryimage"},"thumbnailUrl":"https:\/\/saltoecologico.es\/wp-content\/uploads\/2025\/04\/Fosiles38.jpg","articleSection":["General"],"inLanguage":"es","potentialAction":[{"@type":"CommentAction","name":"Comment","target":["https:\/\/saltoecologico.es\/index.php\/2024\/12\/06\/el-relato\/#respond"]}]},{"@type":"WebPage","@id":"https:\/\/saltoecologico.es\/index.php\/2024\/12\/06\/el-relato\/","url":"https:\/\/saltoecologico.es\/index.php\/2024\/12\/06\/el-relato\/","name":"El relato - Salto Ecol\u00f3gico","isPartOf":{"@id":"https:\/\/saltoecologico.es\/#website"},"primaryImageOfPage":{"@id":"https:\/\/saltoecologico.es\/index.php\/2024\/12\/06\/el-relato\/#primaryimage"},"image":{"@id":"https:\/\/saltoecologico.es\/index.php\/2024\/12\/06\/el-relato\/#primaryimage"},"thumbnailUrl":"https:\/\/saltoecologico.es\/wp-content\/uploads\/2025\/04\/Fosiles38.jpg","datePublished":"2024-12-06T17:38:00+00:00","dateModified":"2025-04-19T17:38:44+00:00","breadcrumb":{"@id":"https:\/\/saltoecologico.es\/index.php\/2024\/12\/06\/el-relato\/#breadcrumb"},"inLanguage":"es","potentialAction":[{"@type":"ReadAction","target":["https:\/\/saltoecologico.es\/index.php\/2024\/12\/06\/el-relato\/"]}]},{"@type":"ImageObject","inLanguage":"es","@id":"https:\/\/saltoecologico.es\/index.php\/2024\/12\/06\/el-relato\/#primaryimage","url":"https:\/\/saltoecologico.es\/wp-content\/uploads\/2025\/04\/Fosiles38.jpg","contentUrl":"https:\/\/saltoecologico.es\/wp-content\/uploads\/2025\/04\/Fosiles38.jpg","width":1024,"height":683,"caption":"Air pollution from power plant chimneys. Industry and global warming concept"},{"@type":"BreadcrumbList","@id":"https:\/\/saltoecologico.es\/index.php\/2024\/12\/06\/el-relato\/#breadcrumb","itemListElement":[{"@type":"ListItem","position":1,"name":"Portada","item":"https:\/\/saltoecologico.es\/"},{"@type":"ListItem","position":2,"name":"El relato"}]},{"@type":"WebSite","@id":"https:\/\/saltoecologico.es\/#website","url":"https:\/\/saltoecologico.es\/","name":"Salto Ecol\u00f3gico","description":"","publisher":{"@id":"https:\/\/saltoecologico.es\/#organization"},"potentialAction":[{"@type":"SearchAction","target":{"@type":"EntryPoint","urlTemplate":"https:\/\/saltoecologico.es\/?s={search_term_string}"},"query-input":{"@type":"PropertyValueSpecification","valueRequired":true,"valueName":"search_term_string"}}],"inLanguage":"es"},{"@type":"Organization","@id":"https:\/\/saltoecologico.es\/#organization","name":"Salto a la Transici\u00f3n Ecol\u00f3gica","url":"https:\/\/saltoecologico.es\/","logo":{"@type":"ImageObject","inLanguage":"es","@id":"https:\/\/saltoecologico.es\/#\/schema\/logo\/image\/","url":"https:\/\/saltoecologico.es\/wp-content\/uploads\/2025\/04\/Logo-STE.jpg","contentUrl":"https:\/\/saltoecologico.es\/wp-content\/uploads\/2025\/04\/Logo-STE.jpg","width":435,"height":435,"caption":"Salto a la Transici\u00f3n Ecol\u00f3gica"},"image":{"@id":"https:\/\/saltoecologico.es\/#\/schema\/logo\/image\/"},"sameAs":["https:\/\/www.facebook.com\/Saltotransicionecologica"]},{"@type":"Person","@id":"https:\/\/saltoecologico.es\/#\/schema\/person\/7175eec4b3c123d86c675313c3a01a0b","name":"admin","image":{"@type":"ImageObject","inLanguage":"es","@id":"https:\/\/secure.gravatar.com\/avatar\/4c215dc57bbc7b2f2f470ac9bd197f3f112636a584e575a732d0206a2d9c9806?s=96&d=mm&r=g","url":"https:\/\/secure.gravatar.com\/avatar\/4c215dc57bbc7b2f2f470ac9bd197f3f112636a584e575a732d0206a2d9c9806?s=96&d=mm&r=g","contentUrl":"https:\/\/secure.gravatar.com\/avatar\/4c215dc57bbc7b2f2f470ac9bd197f3f112636a584e575a732d0206a2d9c9806?s=96&d=mm&r=g","caption":"admin"},"sameAs":["https:\/\/saltoecologico.es"],"url":"https:\/\/saltoecologico.es\/index.php\/author\/saltoecologico\/"}]}},"_links":{"self":[{"href":"https:\/\/saltoecologico.es\/index.php\/wp-json\/wp\/v2\/posts\/792","targetHints":{"allow":["GET"]}}],"collection":[{"href":"https:\/\/saltoecologico.es\/index.php\/wp-json\/wp\/v2\/posts"}],"about":[{"href":"https:\/\/saltoecologico.es\/index.php\/wp-json\/wp\/v2\/types\/post"}],"author":[{"embeddable":true,"href":"https:\/\/saltoecologico.es\/index.php\/wp-json\/wp\/v2\/users\/1"}],"replies":[{"embeddable":true,"href":"https:\/\/saltoecologico.es\/index.php\/wp-json\/wp\/v2\/comments?post=792"}],"version-history":[{"count":1,"href":"https:\/\/saltoecologico.es\/index.php\/wp-json\/wp\/v2\/posts\/792\/revisions"}],"predecessor-version":[{"id":794,"href":"https:\/\/saltoecologico.es\/index.php\/wp-json\/wp\/v2\/posts\/792\/revisions\/794"}],"wp:featuredmedia":[{"embeddable":true,"href":"https:\/\/saltoecologico.es\/index.php\/wp-json\/wp\/v2\/media\/793"}],"wp:attachment":[{"href":"https:\/\/saltoecologico.es\/index.php\/wp-json\/wp\/v2\/media?parent=792"}],"wp:term":[{"taxonomy":"category","embeddable":true,"href":"https:\/\/saltoecologico.es\/index.php\/wp-json\/wp\/v2\/categories?post=792"},{"taxonomy":"post_tag","embeddable":true,"href":"https:\/\/saltoecologico.es\/index.php\/wp-json\/wp\/v2\/tags?post=792"}],"curies":[{"name":"wp","href":"https:\/\/api.w.org\/{rel}","templated":true}]}}