{"id":795,"date":"2024-12-06T17:40:00","date_gmt":"2024-12-06T17:40:00","guid":{"rendered":"https:\/\/saltoecologico.es\/?p=795"},"modified":"2025-04-19T17:40:52","modified_gmt":"2025-04-19T17:40:52","slug":"aprovechando-la-coyuntura","status":"publish","type":"post","link":"https:\/\/saltoecologico.es\/index.php\/2024\/12\/06\/aprovechando-la-coyuntura\/","title":{"rendered":"Aprovechando la coyuntura"},"content":{"rendered":"\n<p class=\"wp-block-paragraph\">Todas las l\u00edneas argumentales, sobre todo sin son falaces, va sufriendo modificaciones para adaptarse al hecho cierto que intentan contraponer, a medida, como no puede ser de otra manera, sus posturas iniciales, van sufriendo la erosi\u00f3n l\u00f3gica que la realidad va imponiendo. En la actualidad, los negacionistas del cambio clim\u00e1tico antropog\u00e9nico han ido variando sus posiciones hasta conformar lo que ser\u00edan dos grandes grupos. Los \u201cretardistas\u201d que quitan del panorama la urgencia de actuar de manera inmediata, variando por todos los medios la inmediatez de las actuaciones y los \u201ciresponsables\u201d, los que tratan de convencernos de que el cambio clim\u00e1tico ha existido siempre y por tanto el ser humano no tiene responsabilidad en el que se est\u00e1 produciendo en la actualidad. En este segundo grupo es donde se ha posicionado VOX, o al menos VOX Canarias, que lo ha dejado claro en la \u00faltima intervenci\u00f3n de la Comisi\u00f3n de Transici\u00f3n Ecol\u00f3gica del Parlamento de Canarias del 05 de noviembre de 2024.<\/p>\n\n\n\n<p class=\"wp-block-paragraph\">Pero m\u00e1s all\u00e1 de este posicionamiento, que no es novedoso para nada, no les duele prenda si tienen que abrazar el proceso de descarbonizaci\u00f3n, si con ello consiguen colarnos, por la puerta de atr\u00e1s, su propuesta estrella para la generaci\u00f3n el\u00e9ctrica de las islas y que no es otra sino la energ\u00eda nuclear.<\/p>\n\n\n\n<p class=\"wp-block-paragraph\">En este caso y sin que sirva de precedente, hay que reconocerles que su postura se basa en una propuesta bien elaborada que ha conseguido, incluso, tener eco en el I Congreso de Sistemas Aislados, llevado a cabo por el Cabildo de Tenerife y el Colegio de Ingenieros Industriales, en fechas recientes.<\/p>\n\n\n\n<p class=\"wp-block-paragraph\">La propuesta de VOX para Canarias se basa en la nueva propuesta que la industria nuclear est\u00e1 promoviendo como el futuro inmediato de esta tecnolog\u00eda y que en sus siglas en ingl\u00e9s se denomina SMR. Los SMR o reactores modulares peque\u00f1os, son el intento de meter peque\u00f1as centrales nucleares en una cadena de montaje. Hasta ahora, cuando habl\u00e1bamos de la tecnolog\u00eda nuclear, para la generaci\u00f3n de energ\u00eda el\u00e9ctrica, nos refer\u00edamos a reactores, cuya potencia nominal comenzaba a partir de 900 MW. En cambio, con los SMR se habla de reactores entre 10 MW hasta los 300 MW, construidos de manera modular y que poco a poco se pueden escalar hasta alcanzar los MWs que se necesiten.<\/p>\n\n\n\n<p class=\"wp-block-paragraph\">Estos sistemas modulares tienen una fabricaci\u00f3n m\u00e1s optimizada y por lo tanto m\u00e1s barata, basan su seguridad en medidas pasivas, por lo que los accidentes se reducen al m\u00ednimo posible, tienen un grado de gestionabilidad mucho mayor que sus hermanos, su combustible puede durar entre 3 y 5 a\u00f1os, no producen gases de efecto invernadero y en general est\u00e1n pensados, fundamentalmente, para sistemas aislados peque\u00f1os, por lo que en principio parecen que se adaptan como un guante a las particularidades de nuestras islas.<\/p>\n\n\n\n<p class=\"wp-block-paragraph\">Los que estamos relacionados con la tecnolog\u00eda y con el proceso de descarbonizaci\u00f3n, o\u00edr la m\u00fasica que trasladan estos SMR es bastante satisfactoria a priori, pero cuando se comienza a profundizar comienzan a aparecer las contraindicaciones, que tratadas de menor a mayor importancia ser\u00edan las siguientes:<\/p>\n\n\n\n<ul class=\"wp-block-list\">\n<li>Es una tecnolog\u00eda en ciernes con m\u00e1s de 70 dise\u00f1os comerciales, que a\u00fan no han sido probados convenientemente en el d\u00eda a d\u00eda y por tanto no se tiene experiencia de su funcionamiento prolongado.<\/li>\n\n\n\n<li>La tecnolog\u00eda nuclear depende del combustible radiactivo por lo que la dependencia del exterior no disminuye, sino que se acrecienta.<\/li>\n\n\n\n<li>Los SMR no dejan de ser tecnolog\u00eda nuclear, por lo que sus residuos siguen teniendo el problema de que son elementos radioactivos para los que no tenemos una soluci\u00f3n adecuada, m\u00e1s all\u00e1 de enterrarlos por miles de a\u00f1os y rezar para que esos almacenes no sufran ninguna cat\u00e1strofe natural.<\/li>\n\n\n\n<li>En caso de un fallo humano, una aver\u00eda del sistema o una cat\u00e1strofe natural, si se produjera una perdida de integridad del dispositivo y hubiera un vertido radioactivo al medio, sus consecuencias ser\u00edan fatales para la isla en que se produjera, conden\u00e1ndola a su despoblaci\u00f3n forzosa.<\/li>\n\n\n\n<li>Precisamente por el punto anterior, nos volver\u00edamos tremendamente vulnerables a ataques terroristas de todo tipo, puesto que un explosivo estrat\u00e9gicamente colocado en un SMR podr\u00eda provocar una hecatombe en el archipi\u00e9lago, de dimensiones b\u00edblicas.<\/li>\n<\/ul>\n\n\n\n<p class=\"wp-block-paragraph\">Por tanto, no consideramos que los SMR, ni la tecnolog\u00eda nuclear en general, sea una salida para la descarbonizaci\u00f3n, ni de las islas ni de cualquier parte del mundo, a pesar de los intentos m\u00e1s o menos ocurrentes de la industria por maquillar lo que son sus grandes problemas.<\/p>\n\n\n\n<p class=\"wp-block-paragraph\">Quiz\u00e1s cuando tengamos la posibilidad de sustituir la fisi\u00f3n nuclear por la fusi\u00f3n nuclear, estaremos ante otro escenario, pero mientras tanto, los que si tenemos claro que el cambio clim\u00e1tico actual es de origen antropog\u00e9nico y que no tenemos tiempo de estar \u201cretard\u00e1ndolo\u201d con cuestiones marginales, muy loables desde el punto de vista social y antropol\u00f3gicas, pero nada efectivas ante la urgencia de, ya no revertir, sino tan solo de amortiguar los tremendo efectos, que ya estamos comenzando a sentir, seguiremos apostando por las energ\u00edas renovables e\u00f3lica y fotovoltaica, los bombeos reversibles y el hidr\u00f3geno verde como vector energ\u00e9tico indispensable, como \u00fanica alternativa plausible a d\u00eda de hoy.<\/p>\n","protected":false},"excerpt":{"rendered":"<p>Todas las l\u00edneas argumentales, sobre todo sin son falaces, va sufriendo modificaciones para adaptarse al hecho cierto que intentan contraponer, a medida, como no puede ser de otra manera, sus posturas iniciales, van sufriendo la erosi\u00f3n l\u00f3gica que la realidad va imponiendo. En la actualidad, los negacionistas del cambio clim\u00e1tico antropog\u00e9nico han ido variando sus [&hellip;]<\/p>\n","protected":false},"author":1,"featured_media":796,"comment_status":"open","ping_status":"open","sticky":false,"template":"","format":"standard","meta":{"footnotes":""},"categories":[55],"tags":[],"class_list":["post-795","post","type-post","status-publish","format-standard","has-post-thumbnail","category-general"],"yoast_head":"<!-- This site is optimized with the Yoast SEO plugin v28.2 - https:\/\/yoast.com\/product\/yoast-seo-wordpress\/ -->\n<title>Aprovechando la coyuntura - Salto Ecol\u00f3gico<\/title>\n<meta name=\"robots\" content=\"index, follow, max-snippet:-1, max-image-preview:large, max-video-preview:-1\" \/>\n<link rel=\"canonical\" href=\"https:\/\/saltoecologico.es\/index.php\/2024\/12\/06\/aprovechando-la-coyuntura\/\" \/>\n<meta property=\"og:locale\" content=\"es_ES\" \/>\n<meta property=\"og:type\" content=\"article\" \/>\n<meta property=\"og:title\" content=\"Aprovechando la coyuntura - Salto Ecol\u00f3gico\" \/>\n<meta property=\"og:description\" content=\"Todas las l\u00edneas argumentales, sobre todo sin son falaces, va sufriendo modificaciones para adaptarse al hecho cierto que intentan contraponer, a medida, como no puede ser de otra manera, sus posturas iniciales, van sufriendo la erosi\u00f3n l\u00f3gica que la realidad va imponiendo. En la actualidad, los negacionistas del cambio clim\u00e1tico antropog\u00e9nico han ido variando sus [&hellip;]\" \/>\n<meta property=\"og:url\" content=\"https:\/\/saltoecologico.es\/index.php\/2024\/12\/06\/aprovechando-la-coyuntura\/\" \/>\n<meta property=\"og:site_name\" content=\"Salto Ecol\u00f3gico\" \/>\n<meta property=\"article:publisher\" content=\"https:\/\/www.facebook.com\/Saltotransicionecologica\" \/>\n<meta property=\"article:published_time\" content=\"2024-12-06T17:40:00+00:00\" \/>\n<meta property=\"article:modified_time\" content=\"2025-04-19T17:40:52+00:00\" \/>\n<meta property=\"og:image\" content=\"https:\/\/saltoecologico.es\/wp-content\/uploads\/2025\/04\/Fosiles39.jpg\" \/>\n\t<meta property=\"og:image:width\" content=\"1024\" \/>\n\t<meta property=\"og:image:height\" content=\"684\" \/>\n\t<meta property=\"og:image:type\" content=\"image\/jpeg\" \/>\n<meta name=\"author\" content=\"admin\" \/>\n<meta name=\"twitter:card\" content=\"summary_large_image\" \/>\n<meta name=\"twitter:label1\" content=\"Escrito por\" \/>\n\t<meta name=\"twitter:data1\" content=\"admin\" \/>\n\t<meta name=\"twitter:label2\" content=\"Tiempo de lectura\" \/>\n\t<meta name=\"twitter:data2\" content=\"5 minutos\" \/>\n<script type=\"application\/ld+json\" class=\"yoast-schema-graph\">{\"@context\":\"https:\\\/\\\/schema.org\",\"@graph\":[{\"@type\":\"Article\",\"@id\":\"https:\\\/\\\/saltoecologico.es\\\/index.php\\\/2024\\\/12\\\/06\\\/aprovechando-la-coyuntura\\\/#article\",\"isPartOf\":{\"@id\":\"https:\\\/\\\/saltoecologico.es\\\/index.php\\\/2024\\\/12\\\/06\\\/aprovechando-la-coyuntura\\\/\"},\"author\":{\"name\":\"admin\",\"@id\":\"https:\\\/\\\/saltoecologico.es\\\/#\\\/schema\\\/person\\\/7175eec4b3c123d86c675313c3a01a0b\"},\"headline\":\"Aprovechando la coyuntura\",\"datePublished\":\"2024-12-06T17:40:00+00:00\",\"dateModified\":\"2025-04-19T17:40:52+00:00\",\"mainEntityOfPage\":{\"@id\":\"https:\\\/\\\/saltoecologico.es\\\/index.php\\\/2024\\\/12\\\/06\\\/aprovechando-la-coyuntura\\\/\"},\"wordCount\":922,\"commentCount\":0,\"publisher\":{\"@id\":\"https:\\\/\\\/saltoecologico.es\\\/#organization\"},\"image\":{\"@id\":\"https:\\\/\\\/saltoecologico.es\\\/index.php\\\/2024\\\/12\\\/06\\\/aprovechando-la-coyuntura\\\/#primaryimage\"},\"thumbnailUrl\":\"https:\\\/\\\/saltoecologico.es\\\/wp-content\\\/uploads\\\/2025\\\/04\\\/Fosiles39.jpg\",\"articleSection\":[\"General\"],\"inLanguage\":\"es\",\"potentialAction\":[{\"@type\":\"CommentAction\",\"name\":\"Comment\",\"target\":[\"https:\\\/\\\/saltoecologico.es\\\/index.php\\\/2024\\\/12\\\/06\\\/aprovechando-la-coyuntura\\\/#respond\"]}]},{\"@type\":\"WebPage\",\"@id\":\"https:\\\/\\\/saltoecologico.es\\\/index.php\\\/2024\\\/12\\\/06\\\/aprovechando-la-coyuntura\\\/\",\"url\":\"https:\\\/\\\/saltoecologico.es\\\/index.php\\\/2024\\\/12\\\/06\\\/aprovechando-la-coyuntura\\\/\",\"name\":\"Aprovechando la coyuntura - Salto Ecol\u00f3gico\",\"isPartOf\":{\"@id\":\"https:\\\/\\\/saltoecologico.es\\\/#website\"},\"primaryImageOfPage\":{\"@id\":\"https:\\\/\\\/saltoecologico.es\\\/index.php\\\/2024\\\/12\\\/06\\\/aprovechando-la-coyuntura\\\/#primaryimage\"},\"image\":{\"@id\":\"https:\\\/\\\/saltoecologico.es\\\/index.php\\\/2024\\\/12\\\/06\\\/aprovechando-la-coyuntura\\\/#primaryimage\"},\"thumbnailUrl\":\"https:\\\/\\\/saltoecologico.es\\\/wp-content\\\/uploads\\\/2025\\\/04\\\/Fosiles39.jpg\",\"datePublished\":\"2024-12-06T17:40:00+00:00\",\"dateModified\":\"2025-04-19T17:40:52+00:00\",\"breadcrumb\":{\"@id\":\"https:\\\/\\\/saltoecologico.es\\\/index.php\\\/2024\\\/12\\\/06\\\/aprovechando-la-coyuntura\\\/#breadcrumb\"},\"inLanguage\":\"es\",\"potentialAction\":[{\"@type\":\"ReadAction\",\"target\":[\"https:\\\/\\\/saltoecologico.es\\\/index.php\\\/2024\\\/12\\\/06\\\/aprovechando-la-coyuntura\\\/\"]}]},{\"@type\":\"ImageObject\",\"inLanguage\":\"es\",\"@id\":\"https:\\\/\\\/saltoecologico.es\\\/index.php\\\/2024\\\/12\\\/06\\\/aprovechando-la-coyuntura\\\/#primaryimage\",\"url\":\"https:\\\/\\\/saltoecologico.es\\\/wp-content\\\/uploads\\\/2025\\\/04\\\/Fosiles39.jpg\",\"contentUrl\":\"https:\\\/\\\/saltoecologico.es\\\/wp-content\\\/uploads\\\/2025\\\/04\\\/Fosiles39.jpg\",\"width\":1024,\"height\":684,\"caption\":\"Industrial area, three smoking pipes from thermal power station pollute the atmosphere with black smog reflected in the water around, copy space. Concept of environmental pollution, energy generation.\"},{\"@type\":\"BreadcrumbList\",\"@id\":\"https:\\\/\\\/saltoecologico.es\\\/index.php\\\/2024\\\/12\\\/06\\\/aprovechando-la-coyuntura\\\/#breadcrumb\",\"itemListElement\":[{\"@type\":\"ListItem\",\"position\":1,\"name\":\"Portada\",\"item\":\"https:\\\/\\\/saltoecologico.es\\\/\"},{\"@type\":\"ListItem\",\"position\":2,\"name\":\"Aprovechando la coyuntura\"}]},{\"@type\":\"WebSite\",\"@id\":\"https:\\\/\\\/saltoecologico.es\\\/#website\",\"url\":\"https:\\\/\\\/saltoecologico.es\\\/\",\"name\":\"Salto Ecol\u00f3gico\",\"description\":\"\",\"publisher\":{\"@id\":\"https:\\\/\\\/saltoecologico.es\\\/#organization\"},\"potentialAction\":[{\"@type\":\"SearchAction\",\"target\":{\"@type\":\"EntryPoint\",\"urlTemplate\":\"https:\\\/\\\/saltoecologico.es\\\/?s={search_term_string}\"},\"query-input\":{\"@type\":\"PropertyValueSpecification\",\"valueRequired\":true,\"valueName\":\"search_term_string\"}}],\"inLanguage\":\"es\"},{\"@type\":\"Organization\",\"@id\":\"https:\\\/\\\/saltoecologico.es\\\/#organization\",\"name\":\"Salto a la Transici\u00f3n Ecol\u00f3gica\",\"url\":\"https:\\\/\\\/saltoecologico.es\\\/\",\"logo\":{\"@type\":\"ImageObject\",\"inLanguage\":\"es\",\"@id\":\"https:\\\/\\\/saltoecologico.es\\\/#\\\/schema\\\/logo\\\/image\\\/\",\"url\":\"https:\\\/\\\/saltoecologico.es\\\/wp-content\\\/uploads\\\/2025\\\/04\\\/Logo-STE.jpg\",\"contentUrl\":\"https:\\\/\\\/saltoecologico.es\\\/wp-content\\\/uploads\\\/2025\\\/04\\\/Logo-STE.jpg\",\"width\":435,\"height\":435,\"caption\":\"Salto a la Transici\u00f3n Ecol\u00f3gica\"},\"image\":{\"@id\":\"https:\\\/\\\/saltoecologico.es\\\/#\\\/schema\\\/logo\\\/image\\\/\"},\"sameAs\":[\"https:\\\/\\\/www.facebook.com\\\/Saltotransicionecologica\"]},{\"@type\":\"Person\",\"@id\":\"https:\\\/\\\/saltoecologico.es\\\/#\\\/schema\\\/person\\\/7175eec4b3c123d86c675313c3a01a0b\",\"name\":\"admin\",\"image\":{\"@type\":\"ImageObject\",\"inLanguage\":\"es\",\"@id\":\"https:\\\/\\\/secure.gravatar.com\\\/avatar\\\/4c215dc57bbc7b2f2f470ac9bd197f3f112636a584e575a732d0206a2d9c9806?s=96&d=mm&r=g\",\"url\":\"https:\\\/\\\/secure.gravatar.com\\\/avatar\\\/4c215dc57bbc7b2f2f470ac9bd197f3f112636a584e575a732d0206a2d9c9806?s=96&d=mm&r=g\",\"contentUrl\":\"https:\\\/\\\/secure.gravatar.com\\\/avatar\\\/4c215dc57bbc7b2f2f470ac9bd197f3f112636a584e575a732d0206a2d9c9806?s=96&d=mm&r=g\",\"caption\":\"admin\"},\"sameAs\":[\"https:\\\/\\\/saltoecologico.es\"],\"url\":\"https:\\\/\\\/saltoecologico.es\\\/index.php\\\/author\\\/saltoecologico\\\/\"}]}<\/script>\n<!-- \/ Yoast SEO plugin. -->","yoast_head_json":{"title":"Aprovechando la coyuntura - Salto Ecol\u00f3gico","robots":{"index":"index","follow":"follow","max-snippet":"max-snippet:-1","max-image-preview":"max-image-preview:large","max-video-preview":"max-video-preview:-1"},"canonical":"https:\/\/saltoecologico.es\/index.php\/2024\/12\/06\/aprovechando-la-coyuntura\/","og_locale":"es_ES","og_type":"article","og_title":"Aprovechando la coyuntura - Salto Ecol\u00f3gico","og_description":"Todas las l\u00edneas argumentales, sobre todo sin son falaces, va sufriendo modificaciones para adaptarse al hecho cierto que intentan contraponer, a medida, como no puede ser de otra manera, sus posturas iniciales, van sufriendo la erosi\u00f3n l\u00f3gica que la realidad va imponiendo. En la actualidad, los negacionistas del cambio clim\u00e1tico antropog\u00e9nico han ido variando sus [&hellip;]","og_url":"https:\/\/saltoecologico.es\/index.php\/2024\/12\/06\/aprovechando-la-coyuntura\/","og_site_name":"Salto Ecol\u00f3gico","article_publisher":"https:\/\/www.facebook.com\/Saltotransicionecologica","article_published_time":"2024-12-06T17:40:00+00:00","article_modified_time":"2025-04-19T17:40:52+00:00","og_image":[{"width":1024,"height":684,"url":"https:\/\/saltoecologico.es\/wp-content\/uploads\/2025\/04\/Fosiles39.jpg","type":"image\/jpeg"}],"author":"admin","twitter_card":"summary_large_image","twitter_misc":{"Escrito por":"admin","Tiempo de lectura":"5 minutos"},"schema":{"@context":"https:\/\/schema.org","@graph":[{"@type":"Article","@id":"https:\/\/saltoecologico.es\/index.php\/2024\/12\/06\/aprovechando-la-coyuntura\/#article","isPartOf":{"@id":"https:\/\/saltoecologico.es\/index.php\/2024\/12\/06\/aprovechando-la-coyuntura\/"},"author":{"name":"admin","@id":"https:\/\/saltoecologico.es\/#\/schema\/person\/7175eec4b3c123d86c675313c3a01a0b"},"headline":"Aprovechando la coyuntura","datePublished":"2024-12-06T17:40:00+00:00","dateModified":"2025-04-19T17:40:52+00:00","mainEntityOfPage":{"@id":"https:\/\/saltoecologico.es\/index.php\/2024\/12\/06\/aprovechando-la-coyuntura\/"},"wordCount":922,"commentCount":0,"publisher":{"@id":"https:\/\/saltoecologico.es\/#organization"},"image":{"@id":"https:\/\/saltoecologico.es\/index.php\/2024\/12\/06\/aprovechando-la-coyuntura\/#primaryimage"},"thumbnailUrl":"https:\/\/saltoecologico.es\/wp-content\/uploads\/2025\/04\/Fosiles39.jpg","articleSection":["General"],"inLanguage":"es","potentialAction":[{"@type":"CommentAction","name":"Comment","target":["https:\/\/saltoecologico.es\/index.php\/2024\/12\/06\/aprovechando-la-coyuntura\/#respond"]}]},{"@type":"WebPage","@id":"https:\/\/saltoecologico.es\/index.php\/2024\/12\/06\/aprovechando-la-coyuntura\/","url":"https:\/\/saltoecologico.es\/index.php\/2024\/12\/06\/aprovechando-la-coyuntura\/","name":"Aprovechando la coyuntura - Salto Ecol\u00f3gico","isPartOf":{"@id":"https:\/\/saltoecologico.es\/#website"},"primaryImageOfPage":{"@id":"https:\/\/saltoecologico.es\/index.php\/2024\/12\/06\/aprovechando-la-coyuntura\/#primaryimage"},"image":{"@id":"https:\/\/saltoecologico.es\/index.php\/2024\/12\/06\/aprovechando-la-coyuntura\/#primaryimage"},"thumbnailUrl":"https:\/\/saltoecologico.es\/wp-content\/uploads\/2025\/04\/Fosiles39.jpg","datePublished":"2024-12-06T17:40:00+00:00","dateModified":"2025-04-19T17:40:52+00:00","breadcrumb":{"@id":"https:\/\/saltoecologico.es\/index.php\/2024\/12\/06\/aprovechando-la-coyuntura\/#breadcrumb"},"inLanguage":"es","potentialAction":[{"@type":"ReadAction","target":["https:\/\/saltoecologico.es\/index.php\/2024\/12\/06\/aprovechando-la-coyuntura\/"]}]},{"@type":"ImageObject","inLanguage":"es","@id":"https:\/\/saltoecologico.es\/index.php\/2024\/12\/06\/aprovechando-la-coyuntura\/#primaryimage","url":"https:\/\/saltoecologico.es\/wp-content\/uploads\/2025\/04\/Fosiles39.jpg","contentUrl":"https:\/\/saltoecologico.es\/wp-content\/uploads\/2025\/04\/Fosiles39.jpg","width":1024,"height":684,"caption":"Industrial area, three smoking pipes from thermal power station pollute the atmosphere with black smog reflected in the water around, copy space. Concept of environmental pollution, energy generation."},{"@type":"BreadcrumbList","@id":"https:\/\/saltoecologico.es\/index.php\/2024\/12\/06\/aprovechando-la-coyuntura\/#breadcrumb","itemListElement":[{"@type":"ListItem","position":1,"name":"Portada","item":"https:\/\/saltoecologico.es\/"},{"@type":"ListItem","position":2,"name":"Aprovechando la coyuntura"}]},{"@type":"WebSite","@id":"https:\/\/saltoecologico.es\/#website","url":"https:\/\/saltoecologico.es\/","name":"Salto Ecol\u00f3gico","description":"","publisher":{"@id":"https:\/\/saltoecologico.es\/#organization"},"potentialAction":[{"@type":"SearchAction","target":{"@type":"EntryPoint","urlTemplate":"https:\/\/saltoecologico.es\/?s={search_term_string}"},"query-input":{"@type":"PropertyValueSpecification","valueRequired":true,"valueName":"search_term_string"}}],"inLanguage":"es"},{"@type":"Organization","@id":"https:\/\/saltoecologico.es\/#organization","name":"Salto a la Transici\u00f3n Ecol\u00f3gica","url":"https:\/\/saltoecologico.es\/","logo":{"@type":"ImageObject","inLanguage":"es","@id":"https:\/\/saltoecologico.es\/#\/schema\/logo\/image\/","url":"https:\/\/saltoecologico.es\/wp-content\/uploads\/2025\/04\/Logo-STE.jpg","contentUrl":"https:\/\/saltoecologico.es\/wp-content\/uploads\/2025\/04\/Logo-STE.jpg","width":435,"height":435,"caption":"Salto a la Transici\u00f3n Ecol\u00f3gica"},"image":{"@id":"https:\/\/saltoecologico.es\/#\/schema\/logo\/image\/"},"sameAs":["https:\/\/www.facebook.com\/Saltotransicionecologica"]},{"@type":"Person","@id":"https:\/\/saltoecologico.es\/#\/schema\/person\/7175eec4b3c123d86c675313c3a01a0b","name":"admin","image":{"@type":"ImageObject","inLanguage":"es","@id":"https:\/\/secure.gravatar.com\/avatar\/4c215dc57bbc7b2f2f470ac9bd197f3f112636a584e575a732d0206a2d9c9806?s=96&d=mm&r=g","url":"https:\/\/secure.gravatar.com\/avatar\/4c215dc57bbc7b2f2f470ac9bd197f3f112636a584e575a732d0206a2d9c9806?s=96&d=mm&r=g","contentUrl":"https:\/\/secure.gravatar.com\/avatar\/4c215dc57bbc7b2f2f470ac9bd197f3f112636a584e575a732d0206a2d9c9806?s=96&d=mm&r=g","caption":"admin"},"sameAs":["https:\/\/saltoecologico.es"],"url":"https:\/\/saltoecologico.es\/index.php\/author\/saltoecologico\/"}]}},"_links":{"self":[{"href":"https:\/\/saltoecologico.es\/index.php\/wp-json\/wp\/v2\/posts\/795","targetHints":{"allow":["GET"]}}],"collection":[{"href":"https:\/\/saltoecologico.es\/index.php\/wp-json\/wp\/v2\/posts"}],"about":[{"href":"https:\/\/saltoecologico.es\/index.php\/wp-json\/wp\/v2\/types\/post"}],"author":[{"embeddable":true,"href":"https:\/\/saltoecologico.es\/index.php\/wp-json\/wp\/v2\/users\/1"}],"replies":[{"embeddable":true,"href":"https:\/\/saltoecologico.es\/index.php\/wp-json\/wp\/v2\/comments?post=795"}],"version-history":[{"count":1,"href":"https:\/\/saltoecologico.es\/index.php\/wp-json\/wp\/v2\/posts\/795\/revisions"}],"predecessor-version":[{"id":797,"href":"https:\/\/saltoecologico.es\/index.php\/wp-json\/wp\/v2\/posts\/795\/revisions\/797"}],"wp:featuredmedia":[{"embeddable":true,"href":"https:\/\/saltoecologico.es\/index.php\/wp-json\/wp\/v2\/media\/796"}],"wp:attachment":[{"href":"https:\/\/saltoecologico.es\/index.php\/wp-json\/wp\/v2\/media?parent=795"}],"wp:term":[{"taxonomy":"category","embeddable":true,"href":"https:\/\/saltoecologico.es\/index.php\/wp-json\/wp\/v2\/categories?post=795"},{"taxonomy":"post_tag","embeddable":true,"href":"https:\/\/saltoecologico.es\/index.php\/wp-json\/wp\/v2\/tags?post=795"}],"curies":[{"name":"wp","href":"https:\/\/api.w.org\/{rel}","templated":true}]}}