{"id":798,"date":"2024-12-22T17:43:00","date_gmt":"2024-12-22T17:43:00","guid":{"rendered":"https:\/\/saltoecologico.es\/?p=798"},"modified":"2025-04-19T17:44:08","modified_gmt":"2025-04-19T17:44:08","slug":"la-agenda-del-cabildo","status":"publish","type":"post","link":"https:\/\/saltoecologico.es\/index.php\/2024\/12\/22\/la-agenda-del-cabildo\/","title":{"rendered":"La Agenda del Cabildo"},"content":{"rendered":"\n<p class=\"wp-block-paragraph\">El pasado 16 de diciembre, esta casa public\u00f3, que el Consejo de Gobierno del Cabildo de Gran Canaria hab\u00eda aprobado la denominada Agenda de Transici\u00f3n Energ\u00e9tica de la isla. En esa publicaci\u00f3n se pod\u00eda leer textualmente: \u201cSeg\u00fan ha explicado la corporaci\u00f3n insular en un comunicado, la aprobaci\u00f3n de la estrategia responde al objetivo del Cabildo de apostar por las energ\u00edas renovables y marcar\u00e1 una hoja de ruta para transformar el sistema energ\u00e9tico de la isla\u201d.<\/p>\n\n\n\n<p class=\"wp-block-paragraph\">Obviamente habiendo sido una de las organizaciones y colectivos de los consultados para que expres\u00e1ramos nuestra opini\u00f3n, desde Salto a la Transici\u00f3n Ecol\u00f3gica, hemos recibido con mucha ilusi\u00f3n el texto mencionado y casi inmediatamente nos hemos lanzado a su lectura y a su an\u00e1lisis.<\/p>\n\n\n\n<p class=\"wp-block-paragraph\">En primer lugar, tenemos que alabar la descripci\u00f3n y el recorrido que se hace por todos los recovecos del sistema energ\u00e9tico de Gran Canaria, tratado con todo lujo de detalles y que nos proporciona una idea bastante aproximada de la realidad de esta cuesti\u00f3n. Pero lo que realmente nos interesaba eran las propuestas concretas que se realizaban, para descarbonizar la isla en los pr\u00f3ximos a\u00f1os.<\/p>\n\n\n\n<p class=\"wp-block-paragraph\">Hay que decir que estas propuestas se centran en dos fechas claves, 2030 y 2040. Dado que 2030 est\u00e1 a la vuelta de la esquina y que los procesos burocr\u00e1ticos abarcan m\u00e1s del tiempo que falta para alcanzarla la hemos descartado de nuestro an\u00e1lisis y hemos preferido centrarnos en el a\u00f1o 2040 y lo que la Agenda nos propone para ese a\u00f1o.<\/p>\n\n\n\n<p class=\"wp-block-paragraph\">Para el 2040 se prev\u00e9 un escenario donde se ha electrificado el parque m\u00f3vil ligero y los procesos de calor y frio asociados a la industria. Asimismo, el transporte mar\u00edtimo y a\u00e9reo funciona con combustibles sint\u00e9ticos, lo que conlleva que pr\u00e1cticamente tenemos una econom\u00eda descarbonizada que tiene como eje principal un sistema el\u00e9ctrico renovable y un vector energ\u00e9tico como es el hidr\u00f3geno verde.<\/p>\n\n\n\n<p class=\"wp-block-paragraph\">Para lograr ese sistema renovable la Agenda contemplan dos escenarios:<\/p>\n\n\n\n<figure class=\"wp-block-image size-full\"><img loading=\"lazy\" decoding=\"async\" width=\"525\" height=\"443\" src=\"https:\/\/saltoecologico.es\/wp-content\/uploads\/2025\/04\/image.jpg\" alt=\"\" class=\"wp-image-799\" srcset=\"https:\/\/saltoecologico.es\/wp-content\/uploads\/2025\/04\/image.jpg 525w, https:\/\/saltoecologico.es\/wp-content\/uploads\/2025\/04\/image-300x253.jpg 300w, https:\/\/saltoecologico.es\/wp-content\/uploads\/2025\/04\/image-498x420.jpg 498w, https:\/\/saltoecologico.es\/wp-content\/uploads\/2025\/04\/image-150x127.jpg 150w\" sizes=\"auto, (max-width: 525px) 100vw, 525px\" \/><\/figure>\n\n\n\n<p class=\"wp-block-paragraph\">Adem\u00e1s, se contemplan centrales hidroel\u00e9ctricas reversibles con una capacidad de unos 10 GWh (aproximadamente tres Saltos de Chira), as\u00ed como los electrolizadores necesarios para fabricar hidr\u00f3geno verde con los excedentes producidos.<\/p>\n\n\n\n<p class=\"wp-block-paragraph\">Para llevar a cabo nuestro an\u00e1lisis, el equipo de ingenieros de Salto a la Transici\u00f3n Ecol\u00f3gica ha contado con diferentes herramientas y m\u00e9todos, pero fundamentalmente hay que destacar el simulador que hemos desarrollado para la isla de Gran Canaria y que basado en los datos proporcionados por Red El\u00e9ctrica de potencias y consumos a intervalos de cinco minutos, nos permite simular cualquier escenario, renovable o no de una manera bastante precisa.<\/p>\n\n\n\n<p class=\"wp-block-paragraph\">Lo primero que nos llama la atenci\u00f3n es que los datos proporcionados en la tabla anterior referente a la energ\u00eda generada, cuya fuente es la propia Agenda, si bien coinciden con nuestros datos en general, discrepamos en la e\u00f3lica marina, que seg\u00fan nuestros c\u00e1lculos la energ\u00eda generada con esa potencia es un 20% mayor.<\/p>\n\n\n\n<p class=\"wp-block-paragraph\">Otra discrepancia es que en ninguno de los dos escenarios se alcanza el 100% de renovable. De esta manera, en el escenario 1 la penetraci\u00f3n de renovables se llega al 89%, con un tiempo efectivo del 77%, necesit\u00e1ndose la reserva durante el 23% del tiempo restante. En el escenario 2 la penetraci\u00f3n de renovables que se alcanza es del 90%, con un tiempo efectivo del 80%, necesit\u00e1ndose la reserva durante el 20% del tiempo restante.<\/p>\n\n\n\n<p class=\"wp-block-paragraph\">Los datos que hemos obtenido para el escenario 1 son:<\/p>\n\n\n\n<figure class=\"wp-block-image size-full\"><img loading=\"lazy\" decoding=\"async\" width=\"709\" height=\"448\" src=\"https:\/\/saltoecologico.es\/wp-content\/uploads\/2025\/04\/image-1.jpg\" alt=\"\" class=\"wp-image-800\" srcset=\"https:\/\/saltoecologico.es\/wp-content\/uploads\/2025\/04\/image-1.jpg 709w, https:\/\/saltoecologico.es\/wp-content\/uploads\/2025\/04\/image-1-300x190.jpg 300w, https:\/\/saltoecologico.es\/wp-content\/uploads\/2025\/04\/image-1-665x420.jpg 665w, https:\/\/saltoecologico.es\/wp-content\/uploads\/2025\/04\/image-1-150x95.jpg 150w, https:\/\/saltoecologico.es\/wp-content\/uploads\/2025\/04\/image-1-696x440.jpg 696w\" sizes=\"auto, (max-width: 709px) 100vw, 709px\" \/><\/figure>\n\n\n\n<p class=\"wp-block-paragraph\">Los datos que hemos obtenido para el escenario 2 son los siguientes:<\/p>\n\n\n\n<figure class=\"wp-block-image size-full\"><img loading=\"lazy\" decoding=\"async\" width=\"708\" height=\"449\" src=\"https:\/\/saltoecologico.es\/wp-content\/uploads\/2025\/04\/image-2.jpg\" alt=\"\" class=\"wp-image-801\" srcset=\"https:\/\/saltoecologico.es\/wp-content\/uploads\/2025\/04\/image-2.jpg 708w, https:\/\/saltoecologico.es\/wp-content\/uploads\/2025\/04\/image-2-300x190.jpg 300w, https:\/\/saltoecologico.es\/wp-content\/uploads\/2025\/04\/image-2-662x420.jpg 662w, https:\/\/saltoecologico.es\/wp-content\/uploads\/2025\/04\/image-2-150x95.jpg 150w, https:\/\/saltoecologico.es\/wp-content\/uploads\/2025\/04\/image-2-696x441.jpg 696w\" sizes=\"auto, (max-width: 708px) 100vw, 708px\" \/><\/figure>\n\n\n\n<p class=\"wp-block-paragraph\">Tambi\u00e9n diferimos en las necesidades de hidr\u00f3geno verde. Si utilizamos las necesidades expuestas por el Instituto Tecnol\u00f3gico de Canarias en sus estrategias para Gran Canaria, as\u00ed como las necesidades de generaci\u00f3n de reserva, alimentadas por este combustible o sus derivados, tendremos lo siguiente:<\/p>\n\n\n\n<p class=\"wp-block-paragraph\">En el escenario 1 se necesitar\u00edan del orden de unas 58.000 toneladas de hidr\u00f3geno al a\u00f1o, que sumadas al resto nos da una cifra de unas 157.000 toneladas. Sin embargo, con las renovables dimensionadas en este escenario, apenas alcanzamos las 96.800 toneladas.<\/p>\n\n\n\n<figure class=\"wp-block-image size-full\"><img loading=\"lazy\" decoding=\"async\" width=\"359\" height=\"427\" src=\"https:\/\/saltoecologico.es\/wp-content\/uploads\/2025\/04\/image-7.jpg\" alt=\"\" class=\"wp-image-806\" srcset=\"https:\/\/saltoecologico.es\/wp-content\/uploads\/2025\/04\/image-7.jpg 359w, https:\/\/saltoecologico.es\/wp-content\/uploads\/2025\/04\/image-7-252x300.jpg 252w, https:\/\/saltoecologico.es\/wp-content\/uploads\/2025\/04\/image-7-353x420.jpg 353w, https:\/\/saltoecologico.es\/wp-content\/uploads\/2025\/04\/image-7-150x178.jpg 150w, https:\/\/saltoecologico.es\/wp-content\/uploads\/2025\/04\/image-7-300x357.jpg 300w\" sizes=\"auto, (max-width: 359px) 100vw, 359px\" \/><\/figure>\n\n\n\n<p class=\"wp-block-paragraph\">En el escenario 2 ocurre algo similar, se necesitar\u00edan del orden de unas 50.000 toneladas de hidr\u00f3geno al a\u00f1o, que sumadas al resto nos da una cifra de unas 149.000 toneladas. Sin embargo, con las renovables dimensionadas en este escenario, apenas alcanzamos las 99.200 toneladas.<\/p>\n\n\n\n<figure class=\"wp-block-image size-full\"><img loading=\"lazy\" decoding=\"async\" width=\"355\" height=\"421\" src=\"https:\/\/saltoecologico.es\/wp-content\/uploads\/2025\/04\/image-6.jpg\" alt=\"\" class=\"wp-image-805\" srcset=\"https:\/\/saltoecologico.es\/wp-content\/uploads\/2025\/04\/image-6.jpg 355w, https:\/\/saltoecologico.es\/wp-content\/uploads\/2025\/04\/image-6-253x300.jpg 253w, https:\/\/saltoecologico.es\/wp-content\/uploads\/2025\/04\/image-6-150x178.jpg 150w, https:\/\/saltoecologico.es\/wp-content\/uploads\/2025\/04\/image-6-300x356.jpg 300w\" sizes=\"auto, (max-width: 355px) 100vw, 355px\" \/><\/figure>\n\n\n\n<p class=\"wp-block-paragraph\">En lo que si coincidimos es en la distribuci\u00f3n anual de la generaci\u00f3n el\u00e9ctrica que seg\u00fan nuestro simulador, se lleva a cabo de la siguiente manera en ambos escenarios.<\/p>\n\n\n\n<figure class=\"wp-block-image size-full\"><img loading=\"lazy\" decoding=\"async\" width=\"708\" height=\"386\" src=\"https:\/\/saltoecologico.es\/wp-content\/uploads\/2025\/04\/image-4.jpg\" alt=\"\" class=\"wp-image-803\" srcset=\"https:\/\/saltoecologico.es\/wp-content\/uploads\/2025\/04\/image-4.jpg 708w, https:\/\/saltoecologico.es\/wp-content\/uploads\/2025\/04\/image-4-300x164.jpg 300w, https:\/\/saltoecologico.es\/wp-content\/uploads\/2025\/04\/image-4-150x82.jpg 150w, https:\/\/saltoecologico.es\/wp-content\/uploads\/2025\/04\/image-4-696x379.jpg 696w\" sizes=\"auto, (max-width: 708px) 100vw, 708px\" \/><\/figure>\n\n\n\n<figure class=\"wp-block-image size-full\"><img loading=\"lazy\" decoding=\"async\" width=\"708\" height=\"389\" src=\"https:\/\/saltoecologico.es\/wp-content\/uploads\/2025\/04\/image-5.jpg\" alt=\"\" class=\"wp-image-804\" srcset=\"https:\/\/saltoecologico.es\/wp-content\/uploads\/2025\/04\/image-5.jpg 708w, https:\/\/saltoecologico.es\/wp-content\/uploads\/2025\/04\/image-5-300x165.jpg 300w, https:\/\/saltoecologico.es\/wp-content\/uploads\/2025\/04\/image-5-150x82.jpg 150w, https:\/\/saltoecologico.es\/wp-content\/uploads\/2025\/04\/image-5-696x382.jpg 696w\" sizes=\"auto, (max-width: 708px) 100vw, 708px\" \/><\/figure>\n\n\n\n<p class=\"wp-block-paragraph\">Por todos los an\u00e1lisis, c\u00e1lculos y simulaciones que hemos llevado a cabo, nosotros nos seguimos decantando por la propuesta del Instituto Tecnol\u00f3gico de Canarias, que presenta como hip\u00f3tesis de partida la siguiente:<\/p>\n\n\n\n<p class=\"wp-block-paragraph\">&nbsp;&nbsp;&nbsp;&nbsp;&nbsp;&nbsp;&nbsp;&nbsp;&nbsp;&nbsp;&nbsp;&nbsp;&nbsp;&nbsp; E\u00f3lica Terrestre&nbsp;&nbsp;&nbsp;&nbsp;&nbsp;&nbsp;&nbsp;&nbsp;&nbsp;&nbsp;&nbsp;&nbsp;&nbsp;&nbsp;&nbsp;&nbsp;&nbsp;&nbsp;&nbsp;&nbsp;&nbsp;&nbsp;&nbsp;&nbsp;&nbsp;&nbsp;&nbsp;&nbsp; 1.400 MW<\/p>\n\n\n\n<p class=\"wp-block-paragraph\">&nbsp;&nbsp;&nbsp;&nbsp;&nbsp;&nbsp;&nbsp;&nbsp;&nbsp;&nbsp;&nbsp;&nbsp;&nbsp;&nbsp; E\u00f3lica Marina&nbsp;&nbsp;&nbsp;&nbsp;&nbsp;&nbsp;&nbsp;&nbsp;&nbsp;&nbsp;&nbsp;&nbsp;&nbsp;&nbsp;&nbsp;&nbsp;&nbsp;&nbsp;&nbsp;&nbsp;&nbsp;&nbsp;&nbsp;&nbsp;&nbsp;&nbsp;&nbsp;&nbsp;&nbsp;&nbsp;&nbsp;&nbsp; 1.090 MW<\/p>\n\n\n\n<p class=\"wp-block-paragraph\">&nbsp;&nbsp;&nbsp;&nbsp;&nbsp;&nbsp;&nbsp;&nbsp;&nbsp;&nbsp;&nbsp;&nbsp;&nbsp;&nbsp; Fotovoltaica&nbsp;&nbsp;&nbsp;&nbsp;&nbsp;&nbsp;&nbsp;&nbsp;&nbsp;&nbsp;&nbsp;&nbsp;&nbsp;&nbsp;&nbsp;&nbsp;&nbsp;&nbsp;&nbsp;&nbsp;&nbsp;&nbsp;&nbsp;&nbsp;&nbsp;&nbsp;&nbsp;&nbsp;&nbsp;&nbsp;&nbsp;&nbsp;&nbsp;&nbsp; 1.450 MW<\/p>\n\n\n\n<p class=\"wp-block-paragraph\">&nbsp;&nbsp;&nbsp;&nbsp;&nbsp;&nbsp;&nbsp;&nbsp;&nbsp;&nbsp;&nbsp;&nbsp;&nbsp;&nbsp; Bombeos&nbsp;&nbsp;&nbsp;&nbsp;&nbsp;&nbsp;&nbsp;&nbsp;&nbsp;&nbsp;&nbsp;&nbsp;&nbsp;&nbsp;&nbsp;&nbsp;&nbsp;&nbsp;&nbsp;&nbsp;&nbsp;&nbsp;&nbsp;&nbsp;&nbsp;&nbsp;&nbsp;&nbsp;&nbsp;&nbsp;&nbsp;&nbsp;&nbsp;&nbsp;&nbsp;&nbsp;&nbsp;&nbsp;&nbsp;&nbsp; &nbsp;&nbsp;&nbsp; 600 MW<\/p>\n\n\n\n<p class=\"wp-block-paragraph\">Con esta hip\u00f3tesis se alcanzan los siguientes resultados:<\/p>\n\n\n\n<figure class=\"wp-block-image size-full\"><img loading=\"lazy\" decoding=\"async\" width=\"708\" height=\"448\" src=\"https:\/\/saltoecologico.es\/wp-content\/uploads\/2025\/04\/image-3.jpg\" alt=\"\" class=\"wp-image-802\" srcset=\"https:\/\/saltoecologico.es\/wp-content\/uploads\/2025\/04\/image-3.jpg 708w, https:\/\/saltoecologico.es\/wp-content\/uploads\/2025\/04\/image-3-300x190.jpg 300w, https:\/\/saltoecologico.es\/wp-content\/uploads\/2025\/04\/image-3-664x420.jpg 664w, https:\/\/saltoecologico.es\/wp-content\/uploads\/2025\/04\/image-3-150x95.jpg 150w, https:\/\/saltoecologico.es\/wp-content\/uploads\/2025\/04\/image-3-696x440.jpg 696w\" sizes=\"auto, (max-width: 708px) 100vw, 708px\" \/><\/figure>\n\n\n\n<figure class=\"wp-block-image size-full\"><img loading=\"lazy\" decoding=\"async\" width=\"708\" height=\"387\" src=\"https:\/\/saltoecologico.es\/wp-content\/uploads\/2025\/04\/image-8.jpg\" alt=\"\" class=\"wp-image-808\" srcset=\"https:\/\/saltoecologico.es\/wp-content\/uploads\/2025\/04\/image-8.jpg 708w, https:\/\/saltoecologico.es\/wp-content\/uploads\/2025\/04\/image-8-300x164.jpg 300w, https:\/\/saltoecologico.es\/wp-content\/uploads\/2025\/04\/image-8-150x82.jpg 150w, https:\/\/saltoecologico.es\/wp-content\/uploads\/2025\/04\/image-8-696x380.jpg 696w\" sizes=\"auto, (max-width: 708px) 100vw, 708px\" \/><\/figure>\n\n\n\n<figure class=\"wp-block-image size-full\"><img loading=\"lazy\" decoding=\"async\" width=\"365\" height=\"433\" src=\"https:\/\/saltoecologico.es\/wp-content\/uploads\/2025\/04\/image.png\" alt=\"\" class=\"wp-image-807\" srcset=\"https:\/\/saltoecologico.es\/wp-content\/uploads\/2025\/04\/image.png 365w, https:\/\/saltoecologico.es\/wp-content\/uploads\/2025\/04\/image-253x300.png 253w, https:\/\/saltoecologico.es\/wp-content\/uploads\/2025\/04\/image-354x420.png 354w, https:\/\/saltoecologico.es\/wp-content\/uploads\/2025\/04\/image-150x178.png 150w, https:\/\/saltoecologico.es\/wp-content\/uploads\/2025\/04\/image-300x356.png 300w\" sizes=\"auto, (max-width: 365px) 100vw, 365px\" \/><\/figure>\n\n\n\n<p class=\"wp-block-paragraph\">Con esta propuesta se puede apreciar que se alcanzan los objetivos de descarbonizaci\u00f3n para el 2040, al conseguir funcionar sin una sola gota de combustible f\u00f3sil.<\/p>\n","protected":false},"excerpt":{"rendered":"<p>El pasado 16 de diciembre, esta casa public\u00f3, que el Consejo de Gobierno del Cabildo de Gran Canaria hab\u00eda aprobado la denominada Agenda de Transici\u00f3n Energ\u00e9tica de la isla. En esa publicaci\u00f3n se pod\u00eda leer textualmente: \u201cSeg\u00fan ha explicado la corporaci\u00f3n insular en un comunicado, la aprobaci\u00f3n de la estrategia responde al objetivo del Cabildo [&hellip;]<\/p>\n","protected":false},"author":1,"featured_media":809,"comment_status":"open","ping_status":"open","sticky":false,"template":"","format":"standard","meta":{"footnotes":""},"categories":[52,30],"tags":[],"class_list":["post-798","post","type-post","status-publish","format-standard","has-post-thumbnail","category-t_varios","category-transicion"],"yoast_head":"<!-- This site is optimized with the Yoast SEO plugin v28.2 - https:\/\/yoast.com\/product\/yoast-seo-wordpress\/ -->\n<title>La Agenda del Cabildo - Salto Ecol\u00f3gico<\/title>\n<meta name=\"robots\" content=\"index, follow, max-snippet:-1, max-image-preview:large, max-video-preview:-1\" \/>\n<link rel=\"canonical\" href=\"https:\/\/saltoecologico.es\/index.php\/2024\/12\/22\/la-agenda-del-cabildo\/\" \/>\n<meta property=\"og:locale\" content=\"es_ES\" \/>\n<meta property=\"og:type\" content=\"article\" \/>\n<meta property=\"og:title\" content=\"La Agenda del Cabildo - Salto Ecol\u00f3gico\" \/>\n<meta property=\"og:description\" content=\"El pasado 16 de diciembre, esta casa public\u00f3, que el Consejo de Gobierno del Cabildo de Gran Canaria hab\u00eda aprobado la denominada Agenda de Transici\u00f3n Energ\u00e9tica de la isla. En esa publicaci\u00f3n se pod\u00eda leer textualmente: \u201cSeg\u00fan ha explicado la corporaci\u00f3n insular en un comunicado, la aprobaci\u00f3n de la estrategia responde al objetivo del Cabildo [&hellip;]\" \/>\n<meta property=\"og:url\" content=\"https:\/\/saltoecologico.es\/index.php\/2024\/12\/22\/la-agenda-del-cabildo\/\" \/>\n<meta property=\"og:site_name\" content=\"Salto Ecol\u00f3gico\" \/>\n<meta property=\"article:publisher\" content=\"https:\/\/www.facebook.com\/Saltotransicionecologica\" \/>\n<meta property=\"article:published_time\" content=\"2024-12-22T17:43:00+00:00\" \/>\n<meta property=\"article:modified_time\" content=\"2025-04-19T17:44:08+00:00\" \/>\n<meta property=\"og:image\" content=\"https:\/\/saltoecologico.es\/wp-content\/uploads\/2025\/04\/Fotovoltaica-16.jpg\" \/>\n\t<meta property=\"og:image:width\" content=\"1024\" \/>\n\t<meta property=\"og:image:height\" content=\"683\" \/>\n\t<meta property=\"og:image:type\" content=\"image\/jpeg\" \/>\n<meta name=\"author\" content=\"admin\" \/>\n<meta name=\"twitter:card\" content=\"summary_large_image\" \/>\n<meta name=\"twitter:label1\" content=\"Escrito por\" \/>\n\t<meta name=\"twitter:data1\" content=\"admin\" \/>\n\t<meta name=\"twitter:label2\" content=\"Tiempo de lectura\" \/>\n\t<meta name=\"twitter:data2\" content=\"6 minutos\" \/>\n<script type=\"application\/ld+json\" class=\"yoast-schema-graph\">{\"@context\":\"https:\\\/\\\/schema.org\",\"@graph\":[{\"@type\":\"Article\",\"@id\":\"https:\\\/\\\/saltoecologico.es\\\/index.php\\\/2024\\\/12\\\/22\\\/la-agenda-del-cabildo\\\/#article\",\"isPartOf\":{\"@id\":\"https:\\\/\\\/saltoecologico.es\\\/index.php\\\/2024\\\/12\\\/22\\\/la-agenda-del-cabildo\\\/\"},\"author\":{\"name\":\"admin\",\"@id\":\"https:\\\/\\\/saltoecologico.es\\\/#\\\/schema\\\/person\\\/7175eec4b3c123d86c675313c3a01a0b\"},\"headline\":\"La Agenda del Cabildo\",\"datePublished\":\"2024-12-22T17:43:00+00:00\",\"dateModified\":\"2025-04-19T17:44:08+00:00\",\"mainEntityOfPage\":{\"@id\":\"https:\\\/\\\/saltoecologico.es\\\/index.php\\\/2024\\\/12\\\/22\\\/la-agenda-del-cabildo\\\/\"},\"wordCount\":1052,\"commentCount\":0,\"publisher\":{\"@id\":\"https:\\\/\\\/saltoecologico.es\\\/#organization\"},\"image\":{\"@id\":\"https:\\\/\\\/saltoecologico.es\\\/index.php\\\/2024\\\/12\\\/22\\\/la-agenda-del-cabildo\\\/#primaryimage\"},\"thumbnailUrl\":\"https:\\\/\\\/saltoecologico.es\\\/wp-content\\\/uploads\\\/2025\\\/04\\\/Fotovoltaica-16.jpg\",\"articleSection\":[\"T_Varios\",\"Transici\u00f3n\"],\"inLanguage\":\"es\",\"potentialAction\":[{\"@type\":\"CommentAction\",\"name\":\"Comment\",\"target\":[\"https:\\\/\\\/saltoecologico.es\\\/index.php\\\/2024\\\/12\\\/22\\\/la-agenda-del-cabildo\\\/#respond\"]}]},{\"@type\":\"WebPage\",\"@id\":\"https:\\\/\\\/saltoecologico.es\\\/index.php\\\/2024\\\/12\\\/22\\\/la-agenda-del-cabildo\\\/\",\"url\":\"https:\\\/\\\/saltoecologico.es\\\/index.php\\\/2024\\\/12\\\/22\\\/la-agenda-del-cabildo\\\/\",\"name\":\"La Agenda del Cabildo - Salto Ecol\u00f3gico\",\"isPartOf\":{\"@id\":\"https:\\\/\\\/saltoecologico.es\\\/#website\"},\"primaryImageOfPage\":{\"@id\":\"https:\\\/\\\/saltoecologico.es\\\/index.php\\\/2024\\\/12\\\/22\\\/la-agenda-del-cabildo\\\/#primaryimage\"},\"image\":{\"@id\":\"https:\\\/\\\/saltoecologico.es\\\/index.php\\\/2024\\\/12\\\/22\\\/la-agenda-del-cabildo\\\/#primaryimage\"},\"thumbnailUrl\":\"https:\\\/\\\/saltoecologico.es\\\/wp-content\\\/uploads\\\/2025\\\/04\\\/Fotovoltaica-16.jpg\",\"datePublished\":\"2024-12-22T17:43:00+00:00\",\"dateModified\":\"2025-04-19T17:44:08+00:00\",\"breadcrumb\":{\"@id\":\"https:\\\/\\\/saltoecologico.es\\\/index.php\\\/2024\\\/12\\\/22\\\/la-agenda-del-cabildo\\\/#breadcrumb\"},\"inLanguage\":\"es\",\"potentialAction\":[{\"@type\":\"ReadAction\",\"target\":[\"https:\\\/\\\/saltoecologico.es\\\/index.php\\\/2024\\\/12\\\/22\\\/la-agenda-del-cabildo\\\/\"]}]},{\"@type\":\"ImageObject\",\"inLanguage\":\"es\",\"@id\":\"https:\\\/\\\/saltoecologico.es\\\/index.php\\\/2024\\\/12\\\/22\\\/la-agenda-del-cabildo\\\/#primaryimage\",\"url\":\"https:\\\/\\\/saltoecologico.es\\\/wp-content\\\/uploads\\\/2025\\\/04\\\/Fotovoltaica-16.jpg\",\"contentUrl\":\"https:\\\/\\\/saltoecologico.es\\\/wp-content\\\/uploads\\\/2025\\\/04\\\/Fotovoltaica-16.jpg\",\"width\":1024,\"height\":683,\"caption\":\"Mother with three kids on the background of solar panels. Eco energy.\"},{\"@type\":\"BreadcrumbList\",\"@id\":\"https:\\\/\\\/saltoecologico.es\\\/index.php\\\/2024\\\/12\\\/22\\\/la-agenda-del-cabildo\\\/#breadcrumb\",\"itemListElement\":[{\"@type\":\"ListItem\",\"position\":1,\"name\":\"Portada\",\"item\":\"https:\\\/\\\/saltoecologico.es\\\/\"},{\"@type\":\"ListItem\",\"position\":2,\"name\":\"La Agenda del Cabildo\"}]},{\"@type\":\"WebSite\",\"@id\":\"https:\\\/\\\/saltoecologico.es\\\/#website\",\"url\":\"https:\\\/\\\/saltoecologico.es\\\/\",\"name\":\"Salto Ecol\u00f3gico\",\"description\":\"\",\"publisher\":{\"@id\":\"https:\\\/\\\/saltoecologico.es\\\/#organization\"},\"potentialAction\":[{\"@type\":\"SearchAction\",\"target\":{\"@type\":\"EntryPoint\",\"urlTemplate\":\"https:\\\/\\\/saltoecologico.es\\\/?s={search_term_string}\"},\"query-input\":{\"@type\":\"PropertyValueSpecification\",\"valueRequired\":true,\"valueName\":\"search_term_string\"}}],\"inLanguage\":\"es\"},{\"@type\":\"Organization\",\"@id\":\"https:\\\/\\\/saltoecologico.es\\\/#organization\",\"name\":\"Salto a la Transici\u00f3n Ecol\u00f3gica\",\"url\":\"https:\\\/\\\/saltoecologico.es\\\/\",\"logo\":{\"@type\":\"ImageObject\",\"inLanguage\":\"es\",\"@id\":\"https:\\\/\\\/saltoecologico.es\\\/#\\\/schema\\\/logo\\\/image\\\/\",\"url\":\"https:\\\/\\\/saltoecologico.es\\\/wp-content\\\/uploads\\\/2025\\\/04\\\/Logo-STE.jpg\",\"contentUrl\":\"https:\\\/\\\/saltoecologico.es\\\/wp-content\\\/uploads\\\/2025\\\/04\\\/Logo-STE.jpg\",\"width\":435,\"height\":435,\"caption\":\"Salto a la Transici\u00f3n Ecol\u00f3gica\"},\"image\":{\"@id\":\"https:\\\/\\\/saltoecologico.es\\\/#\\\/schema\\\/logo\\\/image\\\/\"},\"sameAs\":[\"https:\\\/\\\/www.facebook.com\\\/Saltotransicionecologica\"]},{\"@type\":\"Person\",\"@id\":\"https:\\\/\\\/saltoecologico.es\\\/#\\\/schema\\\/person\\\/7175eec4b3c123d86c675313c3a01a0b\",\"name\":\"admin\",\"image\":{\"@type\":\"ImageObject\",\"inLanguage\":\"es\",\"@id\":\"https:\\\/\\\/secure.gravatar.com\\\/avatar\\\/4c215dc57bbc7b2f2f470ac9bd197f3f112636a584e575a732d0206a2d9c9806?s=96&d=mm&r=g\",\"url\":\"https:\\\/\\\/secure.gravatar.com\\\/avatar\\\/4c215dc57bbc7b2f2f470ac9bd197f3f112636a584e575a732d0206a2d9c9806?s=96&d=mm&r=g\",\"contentUrl\":\"https:\\\/\\\/secure.gravatar.com\\\/avatar\\\/4c215dc57bbc7b2f2f470ac9bd197f3f112636a584e575a732d0206a2d9c9806?s=96&d=mm&r=g\",\"caption\":\"admin\"},\"sameAs\":[\"https:\\\/\\\/saltoecologico.es\"],\"url\":\"https:\\\/\\\/saltoecologico.es\\\/index.php\\\/author\\\/saltoecologico\\\/\"}]}<\/script>\n<!-- \/ Yoast SEO plugin. -->","yoast_head_json":{"title":"La Agenda del Cabildo - Salto Ecol\u00f3gico","robots":{"index":"index","follow":"follow","max-snippet":"max-snippet:-1","max-image-preview":"max-image-preview:large","max-video-preview":"max-video-preview:-1"},"canonical":"https:\/\/saltoecologico.es\/index.php\/2024\/12\/22\/la-agenda-del-cabildo\/","og_locale":"es_ES","og_type":"article","og_title":"La Agenda del Cabildo - Salto Ecol\u00f3gico","og_description":"El pasado 16 de diciembre, esta casa public\u00f3, que el Consejo de Gobierno del Cabildo de Gran Canaria hab\u00eda aprobado la denominada Agenda de Transici\u00f3n Energ\u00e9tica de la isla. En esa publicaci\u00f3n se pod\u00eda leer textualmente: \u201cSeg\u00fan ha explicado la corporaci\u00f3n insular en un comunicado, la aprobaci\u00f3n de la estrategia responde al objetivo del Cabildo [&hellip;]","og_url":"https:\/\/saltoecologico.es\/index.php\/2024\/12\/22\/la-agenda-del-cabildo\/","og_site_name":"Salto Ecol\u00f3gico","article_publisher":"https:\/\/www.facebook.com\/Saltotransicionecologica","article_published_time":"2024-12-22T17:43:00+00:00","article_modified_time":"2025-04-19T17:44:08+00:00","og_image":[{"width":1024,"height":683,"url":"https:\/\/saltoecologico.es\/wp-content\/uploads\/2025\/04\/Fotovoltaica-16.jpg","type":"image\/jpeg"}],"author":"admin","twitter_card":"summary_large_image","twitter_misc":{"Escrito por":"admin","Tiempo de lectura":"6 minutos"},"schema":{"@context":"https:\/\/schema.org","@graph":[{"@type":"Article","@id":"https:\/\/saltoecologico.es\/index.php\/2024\/12\/22\/la-agenda-del-cabildo\/#article","isPartOf":{"@id":"https:\/\/saltoecologico.es\/index.php\/2024\/12\/22\/la-agenda-del-cabildo\/"},"author":{"name":"admin","@id":"https:\/\/saltoecologico.es\/#\/schema\/person\/7175eec4b3c123d86c675313c3a01a0b"},"headline":"La Agenda del Cabildo","datePublished":"2024-12-22T17:43:00+00:00","dateModified":"2025-04-19T17:44:08+00:00","mainEntityOfPage":{"@id":"https:\/\/saltoecologico.es\/index.php\/2024\/12\/22\/la-agenda-del-cabildo\/"},"wordCount":1052,"commentCount":0,"publisher":{"@id":"https:\/\/saltoecologico.es\/#organization"},"image":{"@id":"https:\/\/saltoecologico.es\/index.php\/2024\/12\/22\/la-agenda-del-cabildo\/#primaryimage"},"thumbnailUrl":"https:\/\/saltoecologico.es\/wp-content\/uploads\/2025\/04\/Fotovoltaica-16.jpg","articleSection":["T_Varios","Transici\u00f3n"],"inLanguage":"es","potentialAction":[{"@type":"CommentAction","name":"Comment","target":["https:\/\/saltoecologico.es\/index.php\/2024\/12\/22\/la-agenda-del-cabildo\/#respond"]}]},{"@type":"WebPage","@id":"https:\/\/saltoecologico.es\/index.php\/2024\/12\/22\/la-agenda-del-cabildo\/","url":"https:\/\/saltoecologico.es\/index.php\/2024\/12\/22\/la-agenda-del-cabildo\/","name":"La Agenda del Cabildo - Salto Ecol\u00f3gico","isPartOf":{"@id":"https:\/\/saltoecologico.es\/#website"},"primaryImageOfPage":{"@id":"https:\/\/saltoecologico.es\/index.php\/2024\/12\/22\/la-agenda-del-cabildo\/#primaryimage"},"image":{"@id":"https:\/\/saltoecologico.es\/index.php\/2024\/12\/22\/la-agenda-del-cabildo\/#primaryimage"},"thumbnailUrl":"https:\/\/saltoecologico.es\/wp-content\/uploads\/2025\/04\/Fotovoltaica-16.jpg","datePublished":"2024-12-22T17:43:00+00:00","dateModified":"2025-04-19T17:44:08+00:00","breadcrumb":{"@id":"https:\/\/saltoecologico.es\/index.php\/2024\/12\/22\/la-agenda-del-cabildo\/#breadcrumb"},"inLanguage":"es","potentialAction":[{"@type":"ReadAction","target":["https:\/\/saltoecologico.es\/index.php\/2024\/12\/22\/la-agenda-del-cabildo\/"]}]},{"@type":"ImageObject","inLanguage":"es","@id":"https:\/\/saltoecologico.es\/index.php\/2024\/12\/22\/la-agenda-del-cabildo\/#primaryimage","url":"https:\/\/saltoecologico.es\/wp-content\/uploads\/2025\/04\/Fotovoltaica-16.jpg","contentUrl":"https:\/\/saltoecologico.es\/wp-content\/uploads\/2025\/04\/Fotovoltaica-16.jpg","width":1024,"height":683,"caption":"Mother with three kids on the background of solar panels. Eco energy."},{"@type":"BreadcrumbList","@id":"https:\/\/saltoecologico.es\/index.php\/2024\/12\/22\/la-agenda-del-cabildo\/#breadcrumb","itemListElement":[{"@type":"ListItem","position":1,"name":"Portada","item":"https:\/\/saltoecologico.es\/"},{"@type":"ListItem","position":2,"name":"La Agenda del Cabildo"}]},{"@type":"WebSite","@id":"https:\/\/saltoecologico.es\/#website","url":"https:\/\/saltoecologico.es\/","name":"Salto Ecol\u00f3gico","description":"","publisher":{"@id":"https:\/\/saltoecologico.es\/#organization"},"potentialAction":[{"@type":"SearchAction","target":{"@type":"EntryPoint","urlTemplate":"https:\/\/saltoecologico.es\/?s={search_term_string}"},"query-input":{"@type":"PropertyValueSpecification","valueRequired":true,"valueName":"search_term_string"}}],"inLanguage":"es"},{"@type":"Organization","@id":"https:\/\/saltoecologico.es\/#organization","name":"Salto a la Transici\u00f3n Ecol\u00f3gica","url":"https:\/\/saltoecologico.es\/","logo":{"@type":"ImageObject","inLanguage":"es","@id":"https:\/\/saltoecologico.es\/#\/schema\/logo\/image\/","url":"https:\/\/saltoecologico.es\/wp-content\/uploads\/2025\/04\/Logo-STE.jpg","contentUrl":"https:\/\/saltoecologico.es\/wp-content\/uploads\/2025\/04\/Logo-STE.jpg","width":435,"height":435,"caption":"Salto a la Transici\u00f3n Ecol\u00f3gica"},"image":{"@id":"https:\/\/saltoecologico.es\/#\/schema\/logo\/image\/"},"sameAs":["https:\/\/www.facebook.com\/Saltotransicionecologica"]},{"@type":"Person","@id":"https:\/\/saltoecologico.es\/#\/schema\/person\/7175eec4b3c123d86c675313c3a01a0b","name":"admin","image":{"@type":"ImageObject","inLanguage":"es","@id":"https:\/\/secure.gravatar.com\/avatar\/4c215dc57bbc7b2f2f470ac9bd197f3f112636a584e575a732d0206a2d9c9806?s=96&d=mm&r=g","url":"https:\/\/secure.gravatar.com\/avatar\/4c215dc57bbc7b2f2f470ac9bd197f3f112636a584e575a732d0206a2d9c9806?s=96&d=mm&r=g","contentUrl":"https:\/\/secure.gravatar.com\/avatar\/4c215dc57bbc7b2f2f470ac9bd197f3f112636a584e575a732d0206a2d9c9806?s=96&d=mm&r=g","caption":"admin"},"sameAs":["https:\/\/saltoecologico.es"],"url":"https:\/\/saltoecologico.es\/index.php\/author\/saltoecologico\/"}]}},"_links":{"self":[{"href":"https:\/\/saltoecologico.es\/index.php\/wp-json\/wp\/v2\/posts\/798","targetHints":{"allow":["GET"]}}],"collection":[{"href":"https:\/\/saltoecologico.es\/index.php\/wp-json\/wp\/v2\/posts"}],"about":[{"href":"https:\/\/saltoecologico.es\/index.php\/wp-json\/wp\/v2\/types\/post"}],"author":[{"embeddable":true,"href":"https:\/\/saltoecologico.es\/index.php\/wp-json\/wp\/v2\/users\/1"}],"replies":[{"embeddable":true,"href":"https:\/\/saltoecologico.es\/index.php\/wp-json\/wp\/v2\/comments?post=798"}],"version-history":[{"count":1,"href":"https:\/\/saltoecologico.es\/index.php\/wp-json\/wp\/v2\/posts\/798\/revisions"}],"predecessor-version":[{"id":810,"href":"https:\/\/saltoecologico.es\/index.php\/wp-json\/wp\/v2\/posts\/798\/revisions\/810"}],"wp:featuredmedia":[{"embeddable":true,"href":"https:\/\/saltoecologico.es\/index.php\/wp-json\/wp\/v2\/media\/809"}],"wp:attachment":[{"href":"https:\/\/saltoecologico.es\/index.php\/wp-json\/wp\/v2\/media?parent=798"}],"wp:term":[{"taxonomy":"category","embeddable":true,"href":"https:\/\/saltoecologico.es\/index.php\/wp-json\/wp\/v2\/categories?post=798"},{"taxonomy":"post_tag","embeddable":true,"href":"https:\/\/saltoecologico.es\/index.php\/wp-json\/wp\/v2\/tags?post=798"}],"curies":[{"name":"wp","href":"https:\/\/api.w.org\/{rel}","templated":true}]}}