{"id":811,"date":"2024-12-24T17:46:00","date_gmt":"2024-12-24T17:46:00","guid":{"rendered":"https:\/\/saltoecologico.es\/?p=811"},"modified":"2025-04-19T17:47:09","modified_gmt":"2025-04-19T17:47:09","slug":"feliz-navidad","status":"publish","type":"post","link":"https:\/\/saltoecologico.es\/index.php\/2024\/12\/24\/feliz-navidad\/","title":{"rendered":"Feliz Navidad"},"content":{"rendered":"\n<p class=\"wp-block-paragraph\">Se sea creyente o no, todos los que hemos nacido y hemos sido criados en una sociedad donde el cristianismo tiene profundo arraigo, cuando llega finales de diciembre, sentimos un cierto cosquilleo en nuestras entra\u00f1as que nos lleva a felicitar a las personas que nos rodean, con la conocida frase de \u201cFelices Fiestas y prospero a\u00f1o nuevo\u201d, por lo que desde Salto a la Transici\u00f3n Ecol\u00f3gica, queremos expresar, tambi\u00e9n, nuestros buenos deseos, para todos los que nos siguen, comparten nuestros puntos de vista y nos ayudan a continuar nuestra labor. Pero tambi\u00e9n y muy especialmente, a aquellos con los que discrepamos, en el convencimiento de que, su inmensa mayor\u00eda, lo hacen de buena fe y considerando que est\u00e1n en posesi\u00f3n de la verdad, al igual que tambi\u00e9n nosotros consideramos que tenemos raz\u00f3n.<\/p>\n\n\n\n<p class=\"wp-block-paragraph\">Tambi\u00e9n es un momento de trasmitir un profundo prop\u00f3sito de enmienda, por lo que desde estas l\u00edneas queremos expresar nuestro m\u00e1s sentido arrepentimiento si en alguna ocasi\u00f3n hemos podido herir la sensibilidad de alguna persona o hemos realizado alg\u00fan acto o publicaci\u00f3n que, de forma directa o indirecta haya podido causar desasosiego o malestar a alguien.<\/p>\n\n\n\n<p class=\"wp-block-paragraph\">Partiendo de la base de que intentaremos en adelante ser cuidadosos con nuestras actuaciones, no queremos defraudar a tantos seguidores que tenemos en el sentido de faltar a nuestra responsabilidad que tenemos contra\u00edda con ellos y con lo que creemos que es la verdad de una realidad que lamentablemente no admite medias tintas.<\/p>\n\n\n\n<p class=\"wp-block-paragraph\">Estamos convencidos de que el Cambio Clim\u00e1tico Antropog\u00e9nico es una realidad mort\u00edfera que pone en peligro la propia existencia de la humanidad. Estamos convencidos de que las medidas a tomar deben ser inmediatas por la gravedad del problema. Estamos convencidos de que la principal causa de este cambio clim\u00e1tico son las emisiones de gases de efecto invernadero ocasionados por la acci\u00f3n del hombre. Estamos convencidos que la manera de eliminar la inmensa mayor\u00eda de estas emisiones es transitar de una manera acelerada hacia un sistema energ\u00e9tico renovable, donde la e\u00f3lica y la fotovoltaica, atemperadas por los bombeos reversibles y donde sea posible por la geot\u00e9rmica, tengan un papel esencial en el proceso. Estamos convencidos de que el catalizador esencial de todo el sistema renovable debe de ser el hidr\u00f3geno verde y sus derivados sint\u00e9ticos.<\/p>\n\n\n\n<p class=\"wp-block-paragraph\">Como estamos convencidos de todas estas cuestiones, nos comprometemos, con \u00edmpetus renovados, a continuar con la senada mercada, de plantear all\u00e1 donde se nos quiera o\u00edr, nuestras propuestas, reivindicaciones y peticiones, para intentar aportar nuestro granito de arena donde sea posible.<\/p>\n\n\n\n<p class=\"wp-block-paragraph\">Por todo ello, FELIZ NAVIDAD y que Pap\u00e1 Noel nos traiga una conciencia m\u00e1s descarbonizadora que nos impregne a todos de un esp\u00edritu m\u00e1s verde y con menos gases de efecto invernadero.<\/p>\n","protected":false},"excerpt":{"rendered":"<p>Se sea creyente o no, todos los que hemos nacido y hemos sido criados en una sociedad donde el cristianismo tiene profundo arraigo, cuando llega finales de diciembre, sentimos un cierto cosquilleo en nuestras entra\u00f1as que nos lleva a felicitar a las personas que nos rodean, con la conocida frase de \u201cFelices Fiestas y prospero [&hellip;]<\/p>\n","protected":false},"author":1,"featured_media":812,"comment_status":"open","ping_status":"open","sticky":false,"template":"","format":"standard","meta":{"footnotes":""},"categories":[55],"tags":[],"class_list":["post-811","post","type-post","status-publish","format-standard","has-post-thumbnail","category-general"],"yoast_head":"<!-- This site is optimized with the Yoast SEO plugin v28.2 - https:\/\/yoast.com\/product\/yoast-seo-wordpress\/ -->\n<title>Feliz Navidad - Salto Ecol\u00f3gico<\/title>\n<meta name=\"robots\" content=\"index, follow, max-snippet:-1, max-image-preview:large, max-video-preview:-1\" \/>\n<link rel=\"canonical\" href=\"https:\/\/saltoecologico.es\/index.php\/2024\/12\/24\/feliz-navidad\/\" \/>\n<meta property=\"og:locale\" content=\"es_ES\" \/>\n<meta property=\"og:type\" content=\"article\" \/>\n<meta property=\"og:title\" content=\"Feliz Navidad - Salto Ecol\u00f3gico\" \/>\n<meta property=\"og:description\" content=\"Se sea creyente o no, todos los que hemos nacido y hemos sido criados en una sociedad donde el cristianismo tiene profundo arraigo, cuando llega finales de diciembre, sentimos un cierto cosquilleo en nuestras entra\u00f1as que nos lleva a felicitar a las personas que nos rodean, con la conocida frase de \u201cFelices Fiestas y prospero [&hellip;]\" \/>\n<meta property=\"og:url\" content=\"https:\/\/saltoecologico.es\/index.php\/2024\/12\/24\/feliz-navidad\/\" \/>\n<meta property=\"og:site_name\" content=\"Salto Ecol\u00f3gico\" \/>\n<meta property=\"article:publisher\" content=\"https:\/\/www.facebook.com\/Saltotransicionecologica\" \/>\n<meta property=\"article:published_time\" content=\"2024-12-24T17:46:00+00:00\" \/>\n<meta property=\"article:modified_time\" content=\"2025-04-19T17:47:09+00:00\" \/>\n<meta property=\"og:image\" content=\"https:\/\/saltoecologico.es\/wp-content\/uploads\/2025\/04\/Fotovoltaica-17.jpg\" \/>\n\t<meta property=\"og:image:width\" content=\"1024\" \/>\n\t<meta property=\"og:image:height\" content=\"681\" \/>\n\t<meta property=\"og:image:type\" content=\"image\/jpeg\" \/>\n<meta name=\"author\" content=\"admin\" \/>\n<meta name=\"twitter:card\" content=\"summary_large_image\" \/>\n<meta name=\"twitter:label1\" content=\"Escrito por\" \/>\n\t<meta name=\"twitter:data1\" content=\"admin\" \/>\n\t<meta name=\"twitter:label2\" content=\"Tiempo de lectura\" \/>\n\t<meta name=\"twitter:data2\" content=\"3 minutos\" \/>\n<script type=\"application\/ld+json\" class=\"yoast-schema-graph\">{\"@context\":\"https:\\\/\\\/schema.org\",\"@graph\":[{\"@type\":\"Article\",\"@id\":\"https:\\\/\\\/saltoecologico.es\\\/index.php\\\/2024\\\/12\\\/24\\\/feliz-navidad\\\/#article\",\"isPartOf\":{\"@id\":\"https:\\\/\\\/saltoecologico.es\\\/index.php\\\/2024\\\/12\\\/24\\\/feliz-navidad\\\/\"},\"author\":{\"name\":\"admin\",\"@id\":\"https:\\\/\\\/saltoecologico.es\\\/#\\\/schema\\\/person\\\/7175eec4b3c123d86c675313c3a01a0b\"},\"headline\":\"Feliz Navidad\",\"datePublished\":\"2024-12-24T17:46:00+00:00\",\"dateModified\":\"2025-04-19T17:47:09+00:00\",\"mainEntityOfPage\":{\"@id\":\"https:\\\/\\\/saltoecologico.es\\\/index.php\\\/2024\\\/12\\\/24\\\/feliz-navidad\\\/\"},\"wordCount\":484,\"commentCount\":0,\"publisher\":{\"@id\":\"https:\\\/\\\/saltoecologico.es\\\/#organization\"},\"image\":{\"@id\":\"https:\\\/\\\/saltoecologico.es\\\/index.php\\\/2024\\\/12\\\/24\\\/feliz-navidad\\\/#primaryimage\"},\"thumbnailUrl\":\"https:\\\/\\\/saltoecologico.es\\\/wp-content\\\/uploads\\\/2025\\\/04\\\/Fotovoltaica-17.jpg\",\"articleSection\":[\"General\"],\"inLanguage\":\"es\",\"potentialAction\":[{\"@type\":\"CommentAction\",\"name\":\"Comment\",\"target\":[\"https:\\\/\\\/saltoecologico.es\\\/index.php\\\/2024\\\/12\\\/24\\\/feliz-navidad\\\/#respond\"]}]},{\"@type\":\"WebPage\",\"@id\":\"https:\\\/\\\/saltoecologico.es\\\/index.php\\\/2024\\\/12\\\/24\\\/feliz-navidad\\\/\",\"url\":\"https:\\\/\\\/saltoecologico.es\\\/index.php\\\/2024\\\/12\\\/24\\\/feliz-navidad\\\/\",\"name\":\"Feliz Navidad - Salto Ecol\u00f3gico\",\"isPartOf\":{\"@id\":\"https:\\\/\\\/saltoecologico.es\\\/#website\"},\"primaryImageOfPage\":{\"@id\":\"https:\\\/\\\/saltoecologico.es\\\/index.php\\\/2024\\\/12\\\/24\\\/feliz-navidad\\\/#primaryimage\"},\"image\":{\"@id\":\"https:\\\/\\\/saltoecologico.es\\\/index.php\\\/2024\\\/12\\\/24\\\/feliz-navidad\\\/#primaryimage\"},\"thumbnailUrl\":\"https:\\\/\\\/saltoecologico.es\\\/wp-content\\\/uploads\\\/2025\\\/04\\\/Fotovoltaica-17.jpg\",\"datePublished\":\"2024-12-24T17:46:00+00:00\",\"dateModified\":\"2025-04-19T17:47:09+00:00\",\"breadcrumb\":{\"@id\":\"https:\\\/\\\/saltoecologico.es\\\/index.php\\\/2024\\\/12\\\/24\\\/feliz-navidad\\\/#breadcrumb\"},\"inLanguage\":\"es\",\"potentialAction\":[{\"@type\":\"ReadAction\",\"target\":[\"https:\\\/\\\/saltoecologico.es\\\/index.php\\\/2024\\\/12\\\/24\\\/feliz-navidad\\\/\"]}]},{\"@type\":\"ImageObject\",\"inLanguage\":\"es\",\"@id\":\"https:\\\/\\\/saltoecologico.es\\\/index.php\\\/2024\\\/12\\\/24\\\/feliz-navidad\\\/#primaryimage\",\"url\":\"https:\\\/\\\/saltoecologico.es\\\/wp-content\\\/uploads\\\/2025\\\/04\\\/Fotovoltaica-17.jpg\",\"contentUrl\":\"https:\\\/\\\/saltoecologico.es\\\/wp-content\\\/uploads\\\/2025\\\/04\\\/Fotovoltaica-17.jpg\",\"width\":1024,\"height\":681,\"caption\":\"Mother with her little son by solar panels.\"},{\"@type\":\"BreadcrumbList\",\"@id\":\"https:\\\/\\\/saltoecologico.es\\\/index.php\\\/2024\\\/12\\\/24\\\/feliz-navidad\\\/#breadcrumb\",\"itemListElement\":[{\"@type\":\"ListItem\",\"position\":1,\"name\":\"Portada\",\"item\":\"https:\\\/\\\/saltoecologico.es\\\/\"},{\"@type\":\"ListItem\",\"position\":2,\"name\":\"Feliz Navidad\"}]},{\"@type\":\"WebSite\",\"@id\":\"https:\\\/\\\/saltoecologico.es\\\/#website\",\"url\":\"https:\\\/\\\/saltoecologico.es\\\/\",\"name\":\"Salto Ecol\u00f3gico\",\"description\":\"\",\"publisher\":{\"@id\":\"https:\\\/\\\/saltoecologico.es\\\/#organization\"},\"potentialAction\":[{\"@type\":\"SearchAction\",\"target\":{\"@type\":\"EntryPoint\",\"urlTemplate\":\"https:\\\/\\\/saltoecologico.es\\\/?s={search_term_string}\"},\"query-input\":{\"@type\":\"PropertyValueSpecification\",\"valueRequired\":true,\"valueName\":\"search_term_string\"}}],\"inLanguage\":\"es\"},{\"@type\":\"Organization\",\"@id\":\"https:\\\/\\\/saltoecologico.es\\\/#organization\",\"name\":\"Salto a la Transici\u00f3n Ecol\u00f3gica\",\"url\":\"https:\\\/\\\/saltoecologico.es\\\/\",\"logo\":{\"@type\":\"ImageObject\",\"inLanguage\":\"es\",\"@id\":\"https:\\\/\\\/saltoecologico.es\\\/#\\\/schema\\\/logo\\\/image\\\/\",\"url\":\"https:\\\/\\\/saltoecologico.es\\\/wp-content\\\/uploads\\\/2025\\\/04\\\/Logo-STE.jpg\",\"contentUrl\":\"https:\\\/\\\/saltoecologico.es\\\/wp-content\\\/uploads\\\/2025\\\/04\\\/Logo-STE.jpg\",\"width\":435,\"height\":435,\"caption\":\"Salto a la Transici\u00f3n Ecol\u00f3gica\"},\"image\":{\"@id\":\"https:\\\/\\\/saltoecologico.es\\\/#\\\/schema\\\/logo\\\/image\\\/\"},\"sameAs\":[\"https:\\\/\\\/www.facebook.com\\\/Saltotransicionecologica\"]},{\"@type\":\"Person\",\"@id\":\"https:\\\/\\\/saltoecologico.es\\\/#\\\/schema\\\/person\\\/7175eec4b3c123d86c675313c3a01a0b\",\"name\":\"admin\",\"image\":{\"@type\":\"ImageObject\",\"inLanguage\":\"es\",\"@id\":\"https:\\\/\\\/secure.gravatar.com\\\/avatar\\\/4c215dc57bbc7b2f2f470ac9bd197f3f112636a584e575a732d0206a2d9c9806?s=96&d=mm&r=g\",\"url\":\"https:\\\/\\\/secure.gravatar.com\\\/avatar\\\/4c215dc57bbc7b2f2f470ac9bd197f3f112636a584e575a732d0206a2d9c9806?s=96&d=mm&r=g\",\"contentUrl\":\"https:\\\/\\\/secure.gravatar.com\\\/avatar\\\/4c215dc57bbc7b2f2f470ac9bd197f3f112636a584e575a732d0206a2d9c9806?s=96&d=mm&r=g\",\"caption\":\"admin\"},\"sameAs\":[\"https:\\\/\\\/saltoecologico.es\"],\"url\":\"https:\\\/\\\/saltoecologico.es\\\/index.php\\\/author\\\/saltoecologico\\\/\"}]}<\/script>\n<!-- \/ Yoast SEO plugin. -->","yoast_head_json":{"title":"Feliz Navidad - Salto Ecol\u00f3gico","robots":{"index":"index","follow":"follow","max-snippet":"max-snippet:-1","max-image-preview":"max-image-preview:large","max-video-preview":"max-video-preview:-1"},"canonical":"https:\/\/saltoecologico.es\/index.php\/2024\/12\/24\/feliz-navidad\/","og_locale":"es_ES","og_type":"article","og_title":"Feliz Navidad - Salto Ecol\u00f3gico","og_description":"Se sea creyente o no, todos los que hemos nacido y hemos sido criados en una sociedad donde el cristianismo tiene profundo arraigo, cuando llega finales de diciembre, sentimos un cierto cosquilleo en nuestras entra\u00f1as que nos lleva a felicitar a las personas que nos rodean, con la conocida frase de \u201cFelices Fiestas y prospero [&hellip;]","og_url":"https:\/\/saltoecologico.es\/index.php\/2024\/12\/24\/feliz-navidad\/","og_site_name":"Salto Ecol\u00f3gico","article_publisher":"https:\/\/www.facebook.com\/Saltotransicionecologica","article_published_time":"2024-12-24T17:46:00+00:00","article_modified_time":"2025-04-19T17:47:09+00:00","og_image":[{"width":1024,"height":681,"url":"https:\/\/saltoecologico.es\/wp-content\/uploads\/2025\/04\/Fotovoltaica-17.jpg","type":"image\/jpeg"}],"author":"admin","twitter_card":"summary_large_image","twitter_misc":{"Escrito por":"admin","Tiempo de lectura":"3 minutos"},"schema":{"@context":"https:\/\/schema.org","@graph":[{"@type":"Article","@id":"https:\/\/saltoecologico.es\/index.php\/2024\/12\/24\/feliz-navidad\/#article","isPartOf":{"@id":"https:\/\/saltoecologico.es\/index.php\/2024\/12\/24\/feliz-navidad\/"},"author":{"name":"admin","@id":"https:\/\/saltoecologico.es\/#\/schema\/person\/7175eec4b3c123d86c675313c3a01a0b"},"headline":"Feliz Navidad","datePublished":"2024-12-24T17:46:00+00:00","dateModified":"2025-04-19T17:47:09+00:00","mainEntityOfPage":{"@id":"https:\/\/saltoecologico.es\/index.php\/2024\/12\/24\/feliz-navidad\/"},"wordCount":484,"commentCount":0,"publisher":{"@id":"https:\/\/saltoecologico.es\/#organization"},"image":{"@id":"https:\/\/saltoecologico.es\/index.php\/2024\/12\/24\/feliz-navidad\/#primaryimage"},"thumbnailUrl":"https:\/\/saltoecologico.es\/wp-content\/uploads\/2025\/04\/Fotovoltaica-17.jpg","articleSection":["General"],"inLanguage":"es","potentialAction":[{"@type":"CommentAction","name":"Comment","target":["https:\/\/saltoecologico.es\/index.php\/2024\/12\/24\/feliz-navidad\/#respond"]}]},{"@type":"WebPage","@id":"https:\/\/saltoecologico.es\/index.php\/2024\/12\/24\/feliz-navidad\/","url":"https:\/\/saltoecologico.es\/index.php\/2024\/12\/24\/feliz-navidad\/","name":"Feliz Navidad - Salto Ecol\u00f3gico","isPartOf":{"@id":"https:\/\/saltoecologico.es\/#website"},"primaryImageOfPage":{"@id":"https:\/\/saltoecologico.es\/index.php\/2024\/12\/24\/feliz-navidad\/#primaryimage"},"image":{"@id":"https:\/\/saltoecologico.es\/index.php\/2024\/12\/24\/feliz-navidad\/#primaryimage"},"thumbnailUrl":"https:\/\/saltoecologico.es\/wp-content\/uploads\/2025\/04\/Fotovoltaica-17.jpg","datePublished":"2024-12-24T17:46:00+00:00","dateModified":"2025-04-19T17:47:09+00:00","breadcrumb":{"@id":"https:\/\/saltoecologico.es\/index.php\/2024\/12\/24\/feliz-navidad\/#breadcrumb"},"inLanguage":"es","potentialAction":[{"@type":"ReadAction","target":["https:\/\/saltoecologico.es\/index.php\/2024\/12\/24\/feliz-navidad\/"]}]},{"@type":"ImageObject","inLanguage":"es","@id":"https:\/\/saltoecologico.es\/index.php\/2024\/12\/24\/feliz-navidad\/#primaryimage","url":"https:\/\/saltoecologico.es\/wp-content\/uploads\/2025\/04\/Fotovoltaica-17.jpg","contentUrl":"https:\/\/saltoecologico.es\/wp-content\/uploads\/2025\/04\/Fotovoltaica-17.jpg","width":1024,"height":681,"caption":"Mother with her little son by solar panels."},{"@type":"BreadcrumbList","@id":"https:\/\/saltoecologico.es\/index.php\/2024\/12\/24\/feliz-navidad\/#breadcrumb","itemListElement":[{"@type":"ListItem","position":1,"name":"Portada","item":"https:\/\/saltoecologico.es\/"},{"@type":"ListItem","position":2,"name":"Feliz Navidad"}]},{"@type":"WebSite","@id":"https:\/\/saltoecologico.es\/#website","url":"https:\/\/saltoecologico.es\/","name":"Salto Ecol\u00f3gico","description":"","publisher":{"@id":"https:\/\/saltoecologico.es\/#organization"},"potentialAction":[{"@type":"SearchAction","target":{"@type":"EntryPoint","urlTemplate":"https:\/\/saltoecologico.es\/?s={search_term_string}"},"query-input":{"@type":"PropertyValueSpecification","valueRequired":true,"valueName":"search_term_string"}}],"inLanguage":"es"},{"@type":"Organization","@id":"https:\/\/saltoecologico.es\/#organization","name":"Salto a la Transici\u00f3n Ecol\u00f3gica","url":"https:\/\/saltoecologico.es\/","logo":{"@type":"ImageObject","inLanguage":"es","@id":"https:\/\/saltoecologico.es\/#\/schema\/logo\/image\/","url":"https:\/\/saltoecologico.es\/wp-content\/uploads\/2025\/04\/Logo-STE.jpg","contentUrl":"https:\/\/saltoecologico.es\/wp-content\/uploads\/2025\/04\/Logo-STE.jpg","width":435,"height":435,"caption":"Salto a la Transici\u00f3n Ecol\u00f3gica"},"image":{"@id":"https:\/\/saltoecologico.es\/#\/schema\/logo\/image\/"},"sameAs":["https:\/\/www.facebook.com\/Saltotransicionecologica"]},{"@type":"Person","@id":"https:\/\/saltoecologico.es\/#\/schema\/person\/7175eec4b3c123d86c675313c3a01a0b","name":"admin","image":{"@type":"ImageObject","inLanguage":"es","@id":"https:\/\/secure.gravatar.com\/avatar\/4c215dc57bbc7b2f2f470ac9bd197f3f112636a584e575a732d0206a2d9c9806?s=96&d=mm&r=g","url":"https:\/\/secure.gravatar.com\/avatar\/4c215dc57bbc7b2f2f470ac9bd197f3f112636a584e575a732d0206a2d9c9806?s=96&d=mm&r=g","contentUrl":"https:\/\/secure.gravatar.com\/avatar\/4c215dc57bbc7b2f2f470ac9bd197f3f112636a584e575a732d0206a2d9c9806?s=96&d=mm&r=g","caption":"admin"},"sameAs":["https:\/\/saltoecologico.es"],"url":"https:\/\/saltoecologico.es\/index.php\/author\/saltoecologico\/"}]}},"_links":{"self":[{"href":"https:\/\/saltoecologico.es\/index.php\/wp-json\/wp\/v2\/posts\/811","targetHints":{"allow":["GET"]}}],"collection":[{"href":"https:\/\/saltoecologico.es\/index.php\/wp-json\/wp\/v2\/posts"}],"about":[{"href":"https:\/\/saltoecologico.es\/index.php\/wp-json\/wp\/v2\/types\/post"}],"author":[{"embeddable":true,"href":"https:\/\/saltoecologico.es\/index.php\/wp-json\/wp\/v2\/users\/1"}],"replies":[{"embeddable":true,"href":"https:\/\/saltoecologico.es\/index.php\/wp-json\/wp\/v2\/comments?post=811"}],"version-history":[{"count":1,"href":"https:\/\/saltoecologico.es\/index.php\/wp-json\/wp\/v2\/posts\/811\/revisions"}],"predecessor-version":[{"id":813,"href":"https:\/\/saltoecologico.es\/index.php\/wp-json\/wp\/v2\/posts\/811\/revisions\/813"}],"wp:featuredmedia":[{"embeddable":true,"href":"https:\/\/saltoecologico.es\/index.php\/wp-json\/wp\/v2\/media\/812"}],"wp:attachment":[{"href":"https:\/\/saltoecologico.es\/index.php\/wp-json\/wp\/v2\/media?parent=811"}],"wp:term":[{"taxonomy":"category","embeddable":true,"href":"https:\/\/saltoecologico.es\/index.php\/wp-json\/wp\/v2\/categories?post=811"},{"taxonomy":"post_tag","embeddable":true,"href":"https:\/\/saltoecologico.es\/index.php\/wp-json\/wp\/v2\/tags?post=811"}],"curies":[{"name":"wp","href":"https:\/\/api.w.org\/{rel}","templated":true}]}}