{"id":814,"date":"2024-12-25T17:49:00","date_gmt":"2024-12-25T17:49:00","guid":{"rendered":"https:\/\/saltoecologico.es\/?p=814"},"modified":"2025-04-19T17:49:41","modified_gmt":"2025-04-19T17:49:41","slug":"negacionistas-climaticos","status":"publish","type":"post","link":"https:\/\/saltoecologico.es\/index.php\/2024\/12\/25\/negacionistas-climaticos\/","title":{"rendered":"Negacionistas clim\u00e1ticos"},"content":{"rendered":"\n<p class=\"wp-block-paragraph\">Recientemente hemos conocido dos hechos que desmantelan completamente el relato de las administraciones canarias, en el sentido de que est\u00e1n haciendo una apuesta clara por la descarbonizaci\u00f3n de las islas. Estos dos hechos hacen referencia a que el Consejo de Administraci\u00f3n de la Autoridad Portuaria de Santa Cruz de Tenerife ha aprobado la pr\u00f3rroga del plazo de concesi\u00f3n administrativa otorgada a Uni\u00f3n El\u00e9ctrica de Canarias (UNELCO) en la D\u00e1rsena de Granadilla, por un lado, y a que ya tenemos resoluci\u00f3n definitiva de las empresas admitidas y excluidas para participar en el proceso de concurrencia competitiva para acceder al r\u00e9gimen de retribuci\u00f3n adicional que el ministerio tiene en curso.<\/p>\n\n\n\n<p class=\"wp-block-paragraph\">En cuanto a la pr\u00f3rroga del plazo de la concesi\u00f3n administrativa a Unelco, significa, de facto, la aceptaci\u00f3n de que vamos a tener, en Tenerife, una central de combustibles f\u00f3siles durante 45 a\u00f1os m\u00e1s, esto es, al menos hasta el 2070. Efectivamente, la Central de Granadilla se ha convertido en el buque insignia de la generaci\u00f3n el\u00e9ctrica de Unelco en Tenerife, absorbiendo cerca del 80% de la producci\u00f3n de esta isla y a pesar de los cantos de sirena que apuntan a inversiones renovables, lo cierto es que el 100% de su parque esta compuesto por grupos que queman fuel o gasoil y por ello, no en vano, la planta de Granadilla se sit\u00faa en el puesto 14 de las instalaciones que m\u00e1s di\u00f3xido de carbono emiten en el territorio nacional, seg\u00fan datos de la Comisi\u00f3n Europea referentes a 2018.<\/p>\n\n\n\n<p class=\"wp-block-paragraph\">En lo que se refiere al proceso de concurrencia competitiva para dotar de potencia adicional a la generaci\u00f3n canaria, la lista de admitidos deja la friolera de 124 grupos propuestos para las centrales del archipi\u00e9lago, desglosados de la siguiente forma: 33 grupos para Tenerife, 28 grupos para Fuerteventura,19 grupos para Gran Canaria, 15 grupos para Lanzarote, 14 grupos para La Palma, 8 grupos para El Hierro y 7 grupos para La Gomera. El hecho de esta masiva afluencia de ofertas de grupos de generaci\u00f3n por parte de las empresas Endesa, Disa, Sampol, Canary Carreteras y Bioenerg\u00eda Gran Canaria, no se debe a un esp\u00edritu solidario con las necesidad de electricidad de los y las canarias, tiene su justificaci\u00f3n en los pingues beneficios que aporta la retribuci\u00f3n adicional de la que esta dotado el sistema de generaci\u00f3n el\u00e9ctrica de las islas y que llega al extremo d que, por ejemplo, la toda poderosa Endesa permite obviar su marca en la generaci\u00f3n del archipi\u00e9lago, manteniendo la antigua de Uni\u00f3n El\u00e9ctrica de Canarias Generaci\u00f3n S.A.U..<\/p>\n\n\n\n<p class=\"wp-block-paragraph\">Estas dos cuestiones entra\u00f1an una gravedad extrema, pues significa renunciar, sin pa\u00f1os calientes, al proceso de descarbonizaci\u00f3n que consagraba la original Ley de Cambio Clim\u00e1tico de Canarias y que preve\u00eda su culminaci\u00f3n en el 2040. Adem\u00e1s, significa quitar la careta del ejecutivo regional que ven\u00eda jugando con la indefinici\u00f3n con respecto a esta fecha y dejando palpable y negro sobre blanco, cuales son sus aut\u00e9nticas intensiones.<\/p>\n\n\n\n<p class=\"wp-block-paragraph\">Por todas estas cuestiones y teniendo en cuenta que a todos los pol\u00edticos de uno u otro signo, se les presupone un nivel formativo m\u00ednimo, una empat\u00eda con sus ciudadanos m\u00ednima y un cierto grado de sentido com\u00fan, cuando se apuesta claramente por un sistema energ\u00e9tico que perpetue los combustibles f\u00f3siles, se tiene que llegar al convencimiento de que esta gente no consideran para nada que el Cambio Clim\u00e1tico Antropog\u00e9nico sea una prioridad, que s\u00ed, que tenemos que dar pasos est\u00e9ticos hacia un cierto cambio renovable, pero m\u00e1s por una cuesti\u00f3n de que ahora mismo es lo pol\u00edticamente correcto, m\u00e1s que por estar convencidos de que es imperioso transitar hacia un sistema descarbonizado. En definitiva, se llega a la conclusi\u00f3n de que una buena parte de nuestra clase pol\u00edtica y sobre toda de aquella que tiene poder de decisi\u00f3n, son unos aut\u00e9nticos NEGACIONISTAS CLIMATICOS por acci\u00f3n o por omisi\u00f3n y que a la postre, ser\u00e1n los aut\u00e9nticos responsables, junto con colegas de otras latitudes, de lo que pueda ocurrir con el planeta.<\/p>\n","protected":false},"excerpt":{"rendered":"<p>Recientemente hemos conocido dos hechos que desmantelan completamente el relato de las administraciones canarias, en el sentido de que est\u00e1n haciendo una apuesta clara por la descarbonizaci\u00f3n de las islas. Estos dos hechos hacen referencia a que el Consejo de Administraci\u00f3n de la Autoridad Portuaria de Santa Cruz de Tenerife ha aprobado la pr\u00f3rroga del [&hellip;]<\/p>\n","protected":false},"author":1,"featured_media":815,"comment_status":"open","ping_status":"open","sticky":false,"template":"","format":"standard","meta":{"footnotes":""},"categories":[58],"tags":[],"class_list":["post-814","post","type-post","status-publish","format-standard","has-post-thumbnail","category-concurrencia-competitiva"],"yoast_head":"<!-- This site is optimized with the Yoast SEO plugin v28.2 - https:\/\/yoast.com\/product\/yoast-seo-wordpress\/ -->\n<title>Negacionistas clim\u00e1ticos - Salto Ecol\u00f3gico<\/title>\n<meta name=\"robots\" content=\"index, follow, max-snippet:-1, max-image-preview:large, max-video-preview:-1\" \/>\n<link rel=\"canonical\" href=\"https:\/\/saltoecologico.es\/index.php\/2024\/12\/25\/negacionistas-climaticos\/\" \/>\n<meta property=\"og:locale\" content=\"es_ES\" \/>\n<meta property=\"og:type\" content=\"article\" \/>\n<meta property=\"og:title\" content=\"Negacionistas clim\u00e1ticos - Salto Ecol\u00f3gico\" \/>\n<meta property=\"og:description\" content=\"Recientemente hemos conocido dos hechos que desmantelan completamente el relato de las administraciones canarias, en el sentido de que est\u00e1n haciendo una apuesta clara por la descarbonizaci\u00f3n de las islas. Estos dos hechos hacen referencia a que el Consejo de Administraci\u00f3n de la Autoridad Portuaria de Santa Cruz de Tenerife ha aprobado la pr\u00f3rroga del [&hellip;]\" \/>\n<meta property=\"og:url\" content=\"https:\/\/saltoecologico.es\/index.php\/2024\/12\/25\/negacionistas-climaticos\/\" \/>\n<meta property=\"og:site_name\" content=\"Salto Ecol\u00f3gico\" \/>\n<meta property=\"article:publisher\" content=\"https:\/\/www.facebook.com\/Saltotransicionecologica\" \/>\n<meta property=\"article:published_time\" content=\"2024-12-25T17:49:00+00:00\" \/>\n<meta property=\"article:modified_time\" content=\"2025-04-19T17:49:41+00:00\" \/>\n<meta property=\"og:image\" content=\"https:\/\/saltoecologico.es\/wp-content\/uploads\/2025\/04\/Fosiles41.jpg\" \/>\n\t<meta property=\"og:image:width\" content=\"1024\" \/>\n\t<meta property=\"og:image:height\" content=\"682\" \/>\n\t<meta property=\"og:image:type\" content=\"image\/jpeg\" \/>\n<meta name=\"author\" content=\"admin\" \/>\n<meta name=\"twitter:card\" content=\"summary_large_image\" \/>\n<meta name=\"twitter:label1\" content=\"Escrito por\" \/>\n\t<meta name=\"twitter:data1\" content=\"admin\" \/>\n\t<meta name=\"twitter:label2\" content=\"Tiempo de lectura\" \/>\n\t<meta name=\"twitter:data2\" content=\"4 minutos\" \/>\n<script type=\"application\/ld+json\" class=\"yoast-schema-graph\">{\"@context\":\"https:\\\/\\\/schema.org\",\"@graph\":[{\"@type\":\"Article\",\"@id\":\"https:\\\/\\\/saltoecologico.es\\\/index.php\\\/2024\\\/12\\\/25\\\/negacionistas-climaticos\\\/#article\",\"isPartOf\":{\"@id\":\"https:\\\/\\\/saltoecologico.es\\\/index.php\\\/2024\\\/12\\\/25\\\/negacionistas-climaticos\\\/\"},\"author\":{\"name\":\"admin\",\"@id\":\"https:\\\/\\\/saltoecologico.es\\\/#\\\/schema\\\/person\\\/7175eec4b3c123d86c675313c3a01a0b\"},\"headline\":\"Negacionistas clim\u00e1ticos\",\"datePublished\":\"2024-12-25T17:49:00+00:00\",\"dateModified\":\"2025-04-19T17:49:41+00:00\",\"mainEntityOfPage\":{\"@id\":\"https:\\\/\\\/saltoecologico.es\\\/index.php\\\/2024\\\/12\\\/25\\\/negacionistas-climaticos\\\/\"},\"wordCount\":720,\"commentCount\":0,\"publisher\":{\"@id\":\"https:\\\/\\\/saltoecologico.es\\\/#organization\"},\"image\":{\"@id\":\"https:\\\/\\\/saltoecologico.es\\\/index.php\\\/2024\\\/12\\\/25\\\/negacionistas-climaticos\\\/#primaryimage\"},\"thumbnailUrl\":\"https:\\\/\\\/saltoecologico.es\\\/wp-content\\\/uploads\\\/2025\\\/04\\\/Fosiles41.jpg\",\"articleSection\":[\"Concurrencia competitiva\"],\"inLanguage\":\"es\",\"potentialAction\":[{\"@type\":\"CommentAction\",\"name\":\"Comment\",\"target\":[\"https:\\\/\\\/saltoecologico.es\\\/index.php\\\/2024\\\/12\\\/25\\\/negacionistas-climaticos\\\/#respond\"]}]},{\"@type\":\"WebPage\",\"@id\":\"https:\\\/\\\/saltoecologico.es\\\/index.php\\\/2024\\\/12\\\/25\\\/negacionistas-climaticos\\\/\",\"url\":\"https:\\\/\\\/saltoecologico.es\\\/index.php\\\/2024\\\/12\\\/25\\\/negacionistas-climaticos\\\/\",\"name\":\"Negacionistas clim\u00e1ticos - Salto Ecol\u00f3gico\",\"isPartOf\":{\"@id\":\"https:\\\/\\\/saltoecologico.es\\\/#website\"},\"primaryImageOfPage\":{\"@id\":\"https:\\\/\\\/saltoecologico.es\\\/index.php\\\/2024\\\/12\\\/25\\\/negacionistas-climaticos\\\/#primaryimage\"},\"image\":{\"@id\":\"https:\\\/\\\/saltoecologico.es\\\/index.php\\\/2024\\\/12\\\/25\\\/negacionistas-climaticos\\\/#primaryimage\"},\"thumbnailUrl\":\"https:\\\/\\\/saltoecologico.es\\\/wp-content\\\/uploads\\\/2025\\\/04\\\/Fosiles41.jpg\",\"datePublished\":\"2024-12-25T17:49:00+00:00\",\"dateModified\":\"2025-04-19T17:49:41+00:00\",\"breadcrumb\":{\"@id\":\"https:\\\/\\\/saltoecologico.es\\\/index.php\\\/2024\\\/12\\\/25\\\/negacionistas-climaticos\\\/#breadcrumb\"},\"inLanguage\":\"es\",\"potentialAction\":[{\"@type\":\"ReadAction\",\"target\":[\"https:\\\/\\\/saltoecologico.es\\\/index.php\\\/2024\\\/12\\\/25\\\/negacionistas-climaticos\\\/\"]}]},{\"@type\":\"ImageObject\",\"inLanguage\":\"es\",\"@id\":\"https:\\\/\\\/saltoecologico.es\\\/index.php\\\/2024\\\/12\\\/25\\\/negacionistas-climaticos\\\/#primaryimage\",\"url\":\"https:\\\/\\\/saltoecologico.es\\\/wp-content\\\/uploads\\\/2025\\\/04\\\/Fosiles41.jpg\",\"contentUrl\":\"https:\\\/\\\/saltoecologico.es\\\/wp-content\\\/uploads\\\/2025\\\/04\\\/Fosiles41.jpg\",\"width\":1024,\"height\":682,\"caption\":\"Aerial view of cement factory with high concrete plant structure and tower crane at industrial production area in evening. Manufacture and global industry concept.\"},{\"@type\":\"BreadcrumbList\",\"@id\":\"https:\\\/\\\/saltoecologico.es\\\/index.php\\\/2024\\\/12\\\/25\\\/negacionistas-climaticos\\\/#breadcrumb\",\"itemListElement\":[{\"@type\":\"ListItem\",\"position\":1,\"name\":\"Portada\",\"item\":\"https:\\\/\\\/saltoecologico.es\\\/\"},{\"@type\":\"ListItem\",\"position\":2,\"name\":\"Negacionistas clim\u00e1ticos\"}]},{\"@type\":\"WebSite\",\"@id\":\"https:\\\/\\\/saltoecologico.es\\\/#website\",\"url\":\"https:\\\/\\\/saltoecologico.es\\\/\",\"name\":\"Salto Ecol\u00f3gico\",\"description\":\"\",\"publisher\":{\"@id\":\"https:\\\/\\\/saltoecologico.es\\\/#organization\"},\"potentialAction\":[{\"@type\":\"SearchAction\",\"target\":{\"@type\":\"EntryPoint\",\"urlTemplate\":\"https:\\\/\\\/saltoecologico.es\\\/?s={search_term_string}\"},\"query-input\":{\"@type\":\"PropertyValueSpecification\",\"valueRequired\":true,\"valueName\":\"search_term_string\"}}],\"inLanguage\":\"es\"},{\"@type\":\"Organization\",\"@id\":\"https:\\\/\\\/saltoecologico.es\\\/#organization\",\"name\":\"Salto a la Transici\u00f3n Ecol\u00f3gica\",\"url\":\"https:\\\/\\\/saltoecologico.es\\\/\",\"logo\":{\"@type\":\"ImageObject\",\"inLanguage\":\"es\",\"@id\":\"https:\\\/\\\/saltoecologico.es\\\/#\\\/schema\\\/logo\\\/image\\\/\",\"url\":\"https:\\\/\\\/saltoecologico.es\\\/wp-content\\\/uploads\\\/2025\\\/04\\\/Logo-STE.jpg\",\"contentUrl\":\"https:\\\/\\\/saltoecologico.es\\\/wp-content\\\/uploads\\\/2025\\\/04\\\/Logo-STE.jpg\",\"width\":435,\"height\":435,\"caption\":\"Salto a la Transici\u00f3n Ecol\u00f3gica\"},\"image\":{\"@id\":\"https:\\\/\\\/saltoecologico.es\\\/#\\\/schema\\\/logo\\\/image\\\/\"},\"sameAs\":[\"https:\\\/\\\/www.facebook.com\\\/Saltotransicionecologica\"]},{\"@type\":\"Person\",\"@id\":\"https:\\\/\\\/saltoecologico.es\\\/#\\\/schema\\\/person\\\/7175eec4b3c123d86c675313c3a01a0b\",\"name\":\"admin\",\"image\":{\"@type\":\"ImageObject\",\"inLanguage\":\"es\",\"@id\":\"https:\\\/\\\/secure.gravatar.com\\\/avatar\\\/4c215dc57bbc7b2f2f470ac9bd197f3f112636a584e575a732d0206a2d9c9806?s=96&d=mm&r=g\",\"url\":\"https:\\\/\\\/secure.gravatar.com\\\/avatar\\\/4c215dc57bbc7b2f2f470ac9bd197f3f112636a584e575a732d0206a2d9c9806?s=96&d=mm&r=g\",\"contentUrl\":\"https:\\\/\\\/secure.gravatar.com\\\/avatar\\\/4c215dc57bbc7b2f2f470ac9bd197f3f112636a584e575a732d0206a2d9c9806?s=96&d=mm&r=g\",\"caption\":\"admin\"},\"sameAs\":[\"https:\\\/\\\/saltoecologico.es\"],\"url\":\"https:\\\/\\\/saltoecologico.es\\\/index.php\\\/author\\\/saltoecologico\\\/\"}]}<\/script>\n<!-- \/ Yoast SEO plugin. -->","yoast_head_json":{"title":"Negacionistas clim\u00e1ticos - Salto Ecol\u00f3gico","robots":{"index":"index","follow":"follow","max-snippet":"max-snippet:-1","max-image-preview":"max-image-preview:large","max-video-preview":"max-video-preview:-1"},"canonical":"https:\/\/saltoecologico.es\/index.php\/2024\/12\/25\/negacionistas-climaticos\/","og_locale":"es_ES","og_type":"article","og_title":"Negacionistas clim\u00e1ticos - Salto Ecol\u00f3gico","og_description":"Recientemente hemos conocido dos hechos que desmantelan completamente el relato de las administraciones canarias, en el sentido de que est\u00e1n haciendo una apuesta clara por la descarbonizaci\u00f3n de las islas. Estos dos hechos hacen referencia a que el Consejo de Administraci\u00f3n de la Autoridad Portuaria de Santa Cruz de Tenerife ha aprobado la pr\u00f3rroga del [&hellip;]","og_url":"https:\/\/saltoecologico.es\/index.php\/2024\/12\/25\/negacionistas-climaticos\/","og_site_name":"Salto Ecol\u00f3gico","article_publisher":"https:\/\/www.facebook.com\/Saltotransicionecologica","article_published_time":"2024-12-25T17:49:00+00:00","article_modified_time":"2025-04-19T17:49:41+00:00","og_image":[{"width":1024,"height":682,"url":"https:\/\/saltoecologico.es\/wp-content\/uploads\/2025\/04\/Fosiles41.jpg","type":"image\/jpeg"}],"author":"admin","twitter_card":"summary_large_image","twitter_misc":{"Escrito por":"admin","Tiempo de lectura":"4 minutos"},"schema":{"@context":"https:\/\/schema.org","@graph":[{"@type":"Article","@id":"https:\/\/saltoecologico.es\/index.php\/2024\/12\/25\/negacionistas-climaticos\/#article","isPartOf":{"@id":"https:\/\/saltoecologico.es\/index.php\/2024\/12\/25\/negacionistas-climaticos\/"},"author":{"name":"admin","@id":"https:\/\/saltoecologico.es\/#\/schema\/person\/7175eec4b3c123d86c675313c3a01a0b"},"headline":"Negacionistas clim\u00e1ticos","datePublished":"2024-12-25T17:49:00+00:00","dateModified":"2025-04-19T17:49:41+00:00","mainEntityOfPage":{"@id":"https:\/\/saltoecologico.es\/index.php\/2024\/12\/25\/negacionistas-climaticos\/"},"wordCount":720,"commentCount":0,"publisher":{"@id":"https:\/\/saltoecologico.es\/#organization"},"image":{"@id":"https:\/\/saltoecologico.es\/index.php\/2024\/12\/25\/negacionistas-climaticos\/#primaryimage"},"thumbnailUrl":"https:\/\/saltoecologico.es\/wp-content\/uploads\/2025\/04\/Fosiles41.jpg","articleSection":["Concurrencia competitiva"],"inLanguage":"es","potentialAction":[{"@type":"CommentAction","name":"Comment","target":["https:\/\/saltoecologico.es\/index.php\/2024\/12\/25\/negacionistas-climaticos\/#respond"]}]},{"@type":"WebPage","@id":"https:\/\/saltoecologico.es\/index.php\/2024\/12\/25\/negacionistas-climaticos\/","url":"https:\/\/saltoecologico.es\/index.php\/2024\/12\/25\/negacionistas-climaticos\/","name":"Negacionistas clim\u00e1ticos - Salto Ecol\u00f3gico","isPartOf":{"@id":"https:\/\/saltoecologico.es\/#website"},"primaryImageOfPage":{"@id":"https:\/\/saltoecologico.es\/index.php\/2024\/12\/25\/negacionistas-climaticos\/#primaryimage"},"image":{"@id":"https:\/\/saltoecologico.es\/index.php\/2024\/12\/25\/negacionistas-climaticos\/#primaryimage"},"thumbnailUrl":"https:\/\/saltoecologico.es\/wp-content\/uploads\/2025\/04\/Fosiles41.jpg","datePublished":"2024-12-25T17:49:00+00:00","dateModified":"2025-04-19T17:49:41+00:00","breadcrumb":{"@id":"https:\/\/saltoecologico.es\/index.php\/2024\/12\/25\/negacionistas-climaticos\/#breadcrumb"},"inLanguage":"es","potentialAction":[{"@type":"ReadAction","target":["https:\/\/saltoecologico.es\/index.php\/2024\/12\/25\/negacionistas-climaticos\/"]}]},{"@type":"ImageObject","inLanguage":"es","@id":"https:\/\/saltoecologico.es\/index.php\/2024\/12\/25\/negacionistas-climaticos\/#primaryimage","url":"https:\/\/saltoecologico.es\/wp-content\/uploads\/2025\/04\/Fosiles41.jpg","contentUrl":"https:\/\/saltoecologico.es\/wp-content\/uploads\/2025\/04\/Fosiles41.jpg","width":1024,"height":682,"caption":"Aerial view of cement factory with high concrete plant structure and tower crane at industrial production area in evening. Manufacture and global industry concept."},{"@type":"BreadcrumbList","@id":"https:\/\/saltoecologico.es\/index.php\/2024\/12\/25\/negacionistas-climaticos\/#breadcrumb","itemListElement":[{"@type":"ListItem","position":1,"name":"Portada","item":"https:\/\/saltoecologico.es\/"},{"@type":"ListItem","position":2,"name":"Negacionistas clim\u00e1ticos"}]},{"@type":"WebSite","@id":"https:\/\/saltoecologico.es\/#website","url":"https:\/\/saltoecologico.es\/","name":"Salto Ecol\u00f3gico","description":"","publisher":{"@id":"https:\/\/saltoecologico.es\/#organization"},"potentialAction":[{"@type":"SearchAction","target":{"@type":"EntryPoint","urlTemplate":"https:\/\/saltoecologico.es\/?s={search_term_string}"},"query-input":{"@type":"PropertyValueSpecification","valueRequired":true,"valueName":"search_term_string"}}],"inLanguage":"es"},{"@type":"Organization","@id":"https:\/\/saltoecologico.es\/#organization","name":"Salto a la Transici\u00f3n Ecol\u00f3gica","url":"https:\/\/saltoecologico.es\/","logo":{"@type":"ImageObject","inLanguage":"es","@id":"https:\/\/saltoecologico.es\/#\/schema\/logo\/image\/","url":"https:\/\/saltoecologico.es\/wp-content\/uploads\/2025\/04\/Logo-STE.jpg","contentUrl":"https:\/\/saltoecologico.es\/wp-content\/uploads\/2025\/04\/Logo-STE.jpg","width":435,"height":435,"caption":"Salto a la Transici\u00f3n Ecol\u00f3gica"},"image":{"@id":"https:\/\/saltoecologico.es\/#\/schema\/logo\/image\/"},"sameAs":["https:\/\/www.facebook.com\/Saltotransicionecologica"]},{"@type":"Person","@id":"https:\/\/saltoecologico.es\/#\/schema\/person\/7175eec4b3c123d86c675313c3a01a0b","name":"admin","image":{"@type":"ImageObject","inLanguage":"es","@id":"https:\/\/secure.gravatar.com\/avatar\/4c215dc57bbc7b2f2f470ac9bd197f3f112636a584e575a732d0206a2d9c9806?s=96&d=mm&r=g","url":"https:\/\/secure.gravatar.com\/avatar\/4c215dc57bbc7b2f2f470ac9bd197f3f112636a584e575a732d0206a2d9c9806?s=96&d=mm&r=g","contentUrl":"https:\/\/secure.gravatar.com\/avatar\/4c215dc57bbc7b2f2f470ac9bd197f3f112636a584e575a732d0206a2d9c9806?s=96&d=mm&r=g","caption":"admin"},"sameAs":["https:\/\/saltoecologico.es"],"url":"https:\/\/saltoecologico.es\/index.php\/author\/saltoecologico\/"}]}},"_links":{"self":[{"href":"https:\/\/saltoecologico.es\/index.php\/wp-json\/wp\/v2\/posts\/814","targetHints":{"allow":["GET"]}}],"collection":[{"href":"https:\/\/saltoecologico.es\/index.php\/wp-json\/wp\/v2\/posts"}],"about":[{"href":"https:\/\/saltoecologico.es\/index.php\/wp-json\/wp\/v2\/types\/post"}],"author":[{"embeddable":true,"href":"https:\/\/saltoecologico.es\/index.php\/wp-json\/wp\/v2\/users\/1"}],"replies":[{"embeddable":true,"href":"https:\/\/saltoecologico.es\/index.php\/wp-json\/wp\/v2\/comments?post=814"}],"version-history":[{"count":1,"href":"https:\/\/saltoecologico.es\/index.php\/wp-json\/wp\/v2\/posts\/814\/revisions"}],"predecessor-version":[{"id":816,"href":"https:\/\/saltoecologico.es\/index.php\/wp-json\/wp\/v2\/posts\/814\/revisions\/816"}],"wp:featuredmedia":[{"embeddable":true,"href":"https:\/\/saltoecologico.es\/index.php\/wp-json\/wp\/v2\/media\/815"}],"wp:attachment":[{"href":"https:\/\/saltoecologico.es\/index.php\/wp-json\/wp\/v2\/media?parent=814"}],"wp:term":[{"taxonomy":"category","embeddable":true,"href":"https:\/\/saltoecologico.es\/index.php\/wp-json\/wp\/v2\/categories?post=814"},{"taxonomy":"post_tag","embeddable":true,"href":"https:\/\/saltoecologico.es\/index.php\/wp-json\/wp\/v2\/tags?post=814"}],"curies":[{"name":"wp","href":"https:\/\/api.w.org\/{rel}","templated":true}]}}