{"id":846,"date":"2025-01-12T07:58:00","date_gmt":"2025-01-12T07:58:00","guid":{"rendered":"https:\/\/saltoecologico.es\/?p=846"},"modified":"2025-04-20T07:58:49","modified_gmt":"2025-04-20T07:58:49","slug":"iniciativa-acertada","status":"publish","type":"post","link":"https:\/\/saltoecologico.es\/index.php\/2025\/01\/12\/iniciativa-acertada\/","title":{"rendered":"Iniciativa acertada"},"content":{"rendered":"\n<p class=\"wp-block-paragraph\">Ciertos grupos ecologistas, con una visi\u00f3n retardista de la implantaci\u00f3n de renovables para luchar contra el cambio clim\u00e1tico antropog\u00e9nico, basan su discurso en el planteamiento de que estas instalaciones est\u00e1 en mano de las grandes corporaciones y salvo el autoconsumo, todo lo dem\u00e1s es simplemente un negocio en manos de los de siempre. Abogan por una cierta democratizaci\u00f3n de la transici\u00f3n energ\u00e9tica y es por eso por lo que, atentando contra cualquier l\u00f3gica m\u00ednimamente racional, hacen descansar todo el peso de esta transici\u00f3n energ\u00e9tica, en la simple colocaci\u00f3n de placas fotovoltaicas en nuestros tejados. De un plumazo, eliminan de la realidad cotidiana el dif\u00edcil equilibrio din\u00e1mico entre la generaci\u00f3n y la demanda del sistema el\u00e9ctrico, los esfuerzos continuos que hay que hacer entre la gestionabilidad de la generaci\u00f3n y la arbitrariedad de la e\u00f3lica y la fotovoltaica, la necesidad de los excedentes para la generaci\u00f3n del hidr\u00f3geno verde como vector energ\u00e9tico fundamental en la movilidad y tantos elementos que son vitales en la elaboraci\u00f3n de un sistema energ\u00e9tico troncal para una econom\u00eda moderna y desarrollada, que no por ser lo cotidiano, deja de ser un ejercicio complejo y exquisitamente elaborado, que para bien o para mal, permite la existencia de nuestra sociedad, tal y como la conocemos.<\/p>\n\n\n\n<p class=\"wp-block-paragraph\">En nuestra modesta opini\u00f3n, el grueso de la sociedad, afortunadamente, no est\u00e1 en estas lucubraciones, sino tiene un pensamiento mucho m\u00e1s prosaico y pr\u00e1ctico, que lo que busca es una resoluci\u00f3n de sus problemas m\u00e1s cercanos y cotidianos, que le permitan desarrollar sus vidas de una manera medianamente razonable.<\/p>\n\n\n\n<p class=\"wp-block-paragraph\">Sea de una manera o de otra, lo cierto es que desde las instituciones tanto europeas como nacionales, se insta a las diferentes administraciones para que se lleven a cabo los esfuerzos necesarios para acercar la penetraci\u00f3n de renovables a toda la sociedad y para ello, entienden que la mejor manera de llevarlo a cabo es hacer part\u00edcipe, a esta sociedad, de la tarea en cuesti\u00f3n. En este sentido, desde el Gobierno de Canarias, han cre\u00eddo que la mejor manera de conseguirlo es mediante la participaci\u00f3n econ\u00f3mica de la ciudadan\u00eda, en aquellos proyectos que se instalen en la vecindad del lugar de residencia.<\/p>\n\n\n\n<p class=\"wp-block-paragraph\">Para obtener lo comentado, desde la Consejer\u00eda de Transici\u00f3n Ecol\u00f3gica y Energ\u00eda se est\u00e1 desarrollando un Decreto, que en estos momentos est\u00e1 en consulta p\u00fablica en la web de la consejer\u00eda y que aporta una serie de cuestiones, que son muy interesantes desde el punto de vista del fin que se quiere conseguir.<\/p>\n\n\n\n<p class=\"wp-block-paragraph\">En primer lugar, cualquier proyecto e\u00f3lico o fotovoltaico, excluido el autoconsumo, cuya potencia instalada sea igual o superior a 2 MW, deber\u00e1 reservar al menos el 20% a la participaci\u00f3n, bien en el capital, bien en la financiaci\u00f3n o mixta, a aquellas persona f\u00edsicas y jur\u00eddicas, radicadas en el \u00e1mbito insular en el que se pretende situar la instalaci\u00f3n. Independientemente de la modalidad ofertada, se establecer\u00e1, en el caso de las personas f\u00edsicas, una inversi\u00f3n m\u00ednima de 500 euros y una inversi\u00f3n m\u00e1xima proporcional al 1% del proyecto.<\/p>\n\n\n\n<p class=\"wp-block-paragraph\">El texto del decreto desarrolla todos los aspectos relacionados con esta participaci\u00f3n, tanto en el orden de prevalencia territorial, como de los procesos reglados a llevar a cabo para facilitar que el prop\u00f3sito al que est\u00e1 destinado se cumpla de una manera efectiva.<\/p>\n\n\n\n<p class=\"wp-block-paragraph\">No cabe duda de que el hecho de que al menos el 20% del control econ\u00f3mico de los proyectos de renovables de cierta entidad, este en manos de los vecinos del lugar donde se instalen y adem\u00e1s se busque una participaci\u00f3n lo m\u00e1s extensa posible, entre esos vecinos, dotan a estos nuevos proyectos de toda la legitimidad democratizadora que desde algunas instancias se denunciaban que carec\u00edan las instalaciones que se han llevado a cabo hasta ahora.<\/p>\n\n\n\n<p class=\"wp-block-paragraph\">Desde Salto a La Transici\u00f3n Ecol\u00f3gica queremos aplaudir el acierto que la consejer\u00eda ha tenido con esta iniciativa normativa y le animamos a continuar por esta senda, dado que la soluci\u00f3n a nuestros problemas energ\u00e9ticos compatibles con la inexcusable lucha contra el cambio clim\u00e1tico antropog\u00e9nico, no se encuentra en centrales t\u00e9rmicas en nuestros puertos o en procesos de concurrencia competitiva que nos lleven a renovar la flota de grupos de combustibles f\u00f3siles, la soluci\u00f3n a nuestros problemas se encuentra en iniciativas como estas que empaquen adecuadamente una penetraci\u00f3n acelerada de renovables en nuestros territorio, que nos lleve a descarbonizar nuestra econom\u00eda lo m\u00e1s r\u00e1pido que la tecnolog\u00eda nos permita.<\/p>\n","protected":false},"excerpt":{"rendered":"<p>Ciertos grupos ecologistas, con una visi\u00f3n retardista de la implantaci\u00f3n de renovables para luchar contra el cambio clim\u00e1tico antropog\u00e9nico, basan su discurso en el planteamiento de que estas instalaciones est\u00e1 en mano de las grandes corporaciones y salvo el autoconsumo, todo lo dem\u00e1s es simplemente un negocio en manos de los de siempre. Abogan por [&hellip;]<\/p>\n","protected":false},"author":1,"featured_media":847,"comment_status":"open","ping_status":"open","sticky":false,"template":"","format":"standard","meta":{"footnotes":""},"categories":[55],"tags":[],"class_list":["post-846","post","type-post","status-publish","format-standard","has-post-thumbnail","category-general"],"yoast_head":"<!-- This site is optimized with the Yoast SEO plugin v28.2 - https:\/\/yoast.com\/product\/yoast-seo-wordpress\/ -->\n<title>Iniciativa acertada - Salto Ecol\u00f3gico<\/title>\n<meta name=\"robots\" content=\"index, follow, max-snippet:-1, max-image-preview:large, max-video-preview:-1\" \/>\n<link rel=\"canonical\" href=\"https:\/\/saltoecologico.es\/index.php\/2025\/01\/12\/iniciativa-acertada\/\" \/>\n<meta property=\"og:locale\" content=\"es_ES\" \/>\n<meta property=\"og:type\" content=\"article\" \/>\n<meta property=\"og:title\" content=\"Iniciativa acertada - Salto Ecol\u00f3gico\" \/>\n<meta property=\"og:description\" content=\"Ciertos grupos ecologistas, con una visi\u00f3n retardista de la implantaci\u00f3n de renovables para luchar contra el cambio clim\u00e1tico antropog\u00e9nico, basan su discurso en el planteamiento de que estas instalaciones est\u00e1 en mano de las grandes corporaciones y salvo el autoconsumo, todo lo dem\u00e1s es simplemente un negocio en manos de los de siempre. Abogan por [&hellip;]\" \/>\n<meta property=\"og:url\" content=\"https:\/\/saltoecologico.es\/index.php\/2025\/01\/12\/iniciativa-acertada\/\" \/>\n<meta property=\"og:site_name\" content=\"Salto Ecol\u00f3gico\" \/>\n<meta property=\"article:publisher\" content=\"https:\/\/www.facebook.com\/Saltotransicionecologica\" \/>\n<meta property=\"article:published_time\" content=\"2025-01-12T07:58:00+00:00\" \/>\n<meta property=\"article:modified_time\" content=\"2025-04-20T07:58:49+00:00\" \/>\n<meta property=\"og:image\" content=\"https:\/\/saltoecologico.es\/wp-content\/uploads\/2025\/04\/Fotovoltaica-18.jpg\" \/>\n\t<meta property=\"og:image:width\" content=\"1024\" \/>\n\t<meta property=\"og:image:height\" content=\"683\" \/>\n\t<meta property=\"og:image:type\" content=\"image\/jpeg\" \/>\n<meta name=\"author\" content=\"admin\" \/>\n<meta name=\"twitter:card\" content=\"summary_large_image\" \/>\n<meta name=\"twitter:label1\" content=\"Escrito por\" \/>\n\t<meta name=\"twitter:data1\" content=\"admin\" \/>\n\t<meta name=\"twitter:label2\" content=\"Tiempo de lectura\" \/>\n\t<meta name=\"twitter:data2\" content=\"4 minutos\" \/>\n<script type=\"application\/ld+json\" class=\"yoast-schema-graph\">{\"@context\":\"https:\\\/\\\/schema.org\",\"@graph\":[{\"@type\":\"Article\",\"@id\":\"https:\\\/\\\/saltoecologico.es\\\/index.php\\\/2025\\\/01\\\/12\\\/iniciativa-acertada\\\/#article\",\"isPartOf\":{\"@id\":\"https:\\\/\\\/saltoecologico.es\\\/index.php\\\/2025\\\/01\\\/12\\\/iniciativa-acertada\\\/\"},\"author\":{\"name\":\"admin\",\"@id\":\"https:\\\/\\\/saltoecologico.es\\\/#\\\/schema\\\/person\\\/7175eec4b3c123d86c675313c3a01a0b\"},\"headline\":\"Iniciativa acertada\",\"datePublished\":\"2025-01-12T07:58:00+00:00\",\"dateModified\":\"2025-04-20T07:58:49+00:00\",\"mainEntityOfPage\":{\"@id\":\"https:\\\/\\\/saltoecologico.es\\\/index.php\\\/2025\\\/01\\\/12\\\/iniciativa-acertada\\\/\"},\"wordCount\":801,\"commentCount\":0,\"publisher\":{\"@id\":\"https:\\\/\\\/saltoecologico.es\\\/#organization\"},\"image\":{\"@id\":\"https:\\\/\\\/saltoecologico.es\\\/index.php\\\/2025\\\/01\\\/12\\\/iniciativa-acertada\\\/#primaryimage\"},\"thumbnailUrl\":\"https:\\\/\\\/saltoecologico.es\\\/wp-content\\\/uploads\\\/2025\\\/04\\\/Fotovoltaica-18.jpg\",\"articleSection\":[\"General\"],\"inLanguage\":\"es\",\"potentialAction\":[{\"@type\":\"CommentAction\",\"name\":\"Comment\",\"target\":[\"https:\\\/\\\/saltoecologico.es\\\/index.php\\\/2025\\\/01\\\/12\\\/iniciativa-acertada\\\/#respond\"]}]},{\"@type\":\"WebPage\",\"@id\":\"https:\\\/\\\/saltoecologico.es\\\/index.php\\\/2025\\\/01\\\/12\\\/iniciativa-acertada\\\/\",\"url\":\"https:\\\/\\\/saltoecologico.es\\\/index.php\\\/2025\\\/01\\\/12\\\/iniciativa-acertada\\\/\",\"name\":\"Iniciativa acertada - Salto Ecol\u00f3gico\",\"isPartOf\":{\"@id\":\"https:\\\/\\\/saltoecologico.es\\\/#website\"},\"primaryImageOfPage\":{\"@id\":\"https:\\\/\\\/saltoecologico.es\\\/index.php\\\/2025\\\/01\\\/12\\\/iniciativa-acertada\\\/#primaryimage\"},\"image\":{\"@id\":\"https:\\\/\\\/saltoecologico.es\\\/index.php\\\/2025\\\/01\\\/12\\\/iniciativa-acertada\\\/#primaryimage\"},\"thumbnailUrl\":\"https:\\\/\\\/saltoecologico.es\\\/wp-content\\\/uploads\\\/2025\\\/04\\\/Fotovoltaica-18.jpg\",\"datePublished\":\"2025-01-12T07:58:00+00:00\",\"dateModified\":\"2025-04-20T07:58:49+00:00\",\"breadcrumb\":{\"@id\":\"https:\\\/\\\/saltoecologico.es\\\/index.php\\\/2025\\\/01\\\/12\\\/iniciativa-acertada\\\/#breadcrumb\"},\"inLanguage\":\"es\",\"potentialAction\":[{\"@type\":\"ReadAction\",\"target\":[\"https:\\\/\\\/saltoecologico.es\\\/index.php\\\/2025\\\/01\\\/12\\\/iniciativa-acertada\\\/\"]}]},{\"@type\":\"ImageObject\",\"inLanguage\":\"es\",\"@id\":\"https:\\\/\\\/saltoecologico.es\\\/index.php\\\/2025\\\/01\\\/12\\\/iniciativa-acertada\\\/#primaryimage\",\"url\":\"https:\\\/\\\/saltoecologico.es\\\/wp-content\\\/uploads\\\/2025\\\/04\\\/Fotovoltaica-18.jpg\",\"contentUrl\":\"https:\\\/\\\/saltoecologico.es\\\/wp-content\\\/uploads\\\/2025\\\/04\\\/Fotovoltaica-18.jpg\",\"width\":1024,\"height\":683,\"caption\":\"Electrical engineers are examining the working conditions of many solar panels to enable continuous power generation from solar energy.\"},{\"@type\":\"BreadcrumbList\",\"@id\":\"https:\\\/\\\/saltoecologico.es\\\/index.php\\\/2025\\\/01\\\/12\\\/iniciativa-acertada\\\/#breadcrumb\",\"itemListElement\":[{\"@type\":\"ListItem\",\"position\":1,\"name\":\"Portada\",\"item\":\"https:\\\/\\\/saltoecologico.es\\\/\"},{\"@type\":\"ListItem\",\"position\":2,\"name\":\"Iniciativa acertada\"}]},{\"@type\":\"WebSite\",\"@id\":\"https:\\\/\\\/saltoecologico.es\\\/#website\",\"url\":\"https:\\\/\\\/saltoecologico.es\\\/\",\"name\":\"Salto Ecol\u00f3gico\",\"description\":\"\",\"publisher\":{\"@id\":\"https:\\\/\\\/saltoecologico.es\\\/#organization\"},\"potentialAction\":[{\"@type\":\"SearchAction\",\"target\":{\"@type\":\"EntryPoint\",\"urlTemplate\":\"https:\\\/\\\/saltoecologico.es\\\/?s={search_term_string}\"},\"query-input\":{\"@type\":\"PropertyValueSpecification\",\"valueRequired\":true,\"valueName\":\"search_term_string\"}}],\"inLanguage\":\"es\"},{\"@type\":\"Organization\",\"@id\":\"https:\\\/\\\/saltoecologico.es\\\/#organization\",\"name\":\"Salto a la Transici\u00f3n Ecol\u00f3gica\",\"url\":\"https:\\\/\\\/saltoecologico.es\\\/\",\"logo\":{\"@type\":\"ImageObject\",\"inLanguage\":\"es\",\"@id\":\"https:\\\/\\\/saltoecologico.es\\\/#\\\/schema\\\/logo\\\/image\\\/\",\"url\":\"https:\\\/\\\/saltoecologico.es\\\/wp-content\\\/uploads\\\/2025\\\/04\\\/Logo-STE.jpg\",\"contentUrl\":\"https:\\\/\\\/saltoecologico.es\\\/wp-content\\\/uploads\\\/2025\\\/04\\\/Logo-STE.jpg\",\"width\":435,\"height\":435,\"caption\":\"Salto a la Transici\u00f3n Ecol\u00f3gica\"},\"image\":{\"@id\":\"https:\\\/\\\/saltoecologico.es\\\/#\\\/schema\\\/logo\\\/image\\\/\"},\"sameAs\":[\"https:\\\/\\\/www.facebook.com\\\/Saltotransicionecologica\"]},{\"@type\":\"Person\",\"@id\":\"https:\\\/\\\/saltoecologico.es\\\/#\\\/schema\\\/person\\\/7175eec4b3c123d86c675313c3a01a0b\",\"name\":\"admin\",\"image\":{\"@type\":\"ImageObject\",\"inLanguage\":\"es\",\"@id\":\"https:\\\/\\\/secure.gravatar.com\\\/avatar\\\/4c215dc57bbc7b2f2f470ac9bd197f3f112636a584e575a732d0206a2d9c9806?s=96&d=mm&r=g\",\"url\":\"https:\\\/\\\/secure.gravatar.com\\\/avatar\\\/4c215dc57bbc7b2f2f470ac9bd197f3f112636a584e575a732d0206a2d9c9806?s=96&d=mm&r=g\",\"contentUrl\":\"https:\\\/\\\/secure.gravatar.com\\\/avatar\\\/4c215dc57bbc7b2f2f470ac9bd197f3f112636a584e575a732d0206a2d9c9806?s=96&d=mm&r=g\",\"caption\":\"admin\"},\"sameAs\":[\"https:\\\/\\\/saltoecologico.es\"],\"url\":\"https:\\\/\\\/saltoecologico.es\\\/index.php\\\/author\\\/saltoecologico\\\/\"}]}<\/script>\n<!-- \/ Yoast SEO plugin. -->","yoast_head_json":{"title":"Iniciativa acertada - Salto Ecol\u00f3gico","robots":{"index":"index","follow":"follow","max-snippet":"max-snippet:-1","max-image-preview":"max-image-preview:large","max-video-preview":"max-video-preview:-1"},"canonical":"https:\/\/saltoecologico.es\/index.php\/2025\/01\/12\/iniciativa-acertada\/","og_locale":"es_ES","og_type":"article","og_title":"Iniciativa acertada - Salto Ecol\u00f3gico","og_description":"Ciertos grupos ecologistas, con una visi\u00f3n retardista de la implantaci\u00f3n de renovables para luchar contra el cambio clim\u00e1tico antropog\u00e9nico, basan su discurso en el planteamiento de que estas instalaciones est\u00e1 en mano de las grandes corporaciones y salvo el autoconsumo, todo lo dem\u00e1s es simplemente un negocio en manos de los de siempre. Abogan por [&hellip;]","og_url":"https:\/\/saltoecologico.es\/index.php\/2025\/01\/12\/iniciativa-acertada\/","og_site_name":"Salto Ecol\u00f3gico","article_publisher":"https:\/\/www.facebook.com\/Saltotransicionecologica","article_published_time":"2025-01-12T07:58:00+00:00","article_modified_time":"2025-04-20T07:58:49+00:00","og_image":[{"width":1024,"height":683,"url":"https:\/\/saltoecologico.es\/wp-content\/uploads\/2025\/04\/Fotovoltaica-18.jpg","type":"image\/jpeg"}],"author":"admin","twitter_card":"summary_large_image","twitter_misc":{"Escrito por":"admin","Tiempo de lectura":"4 minutos"},"schema":{"@context":"https:\/\/schema.org","@graph":[{"@type":"Article","@id":"https:\/\/saltoecologico.es\/index.php\/2025\/01\/12\/iniciativa-acertada\/#article","isPartOf":{"@id":"https:\/\/saltoecologico.es\/index.php\/2025\/01\/12\/iniciativa-acertada\/"},"author":{"name":"admin","@id":"https:\/\/saltoecologico.es\/#\/schema\/person\/7175eec4b3c123d86c675313c3a01a0b"},"headline":"Iniciativa acertada","datePublished":"2025-01-12T07:58:00+00:00","dateModified":"2025-04-20T07:58:49+00:00","mainEntityOfPage":{"@id":"https:\/\/saltoecologico.es\/index.php\/2025\/01\/12\/iniciativa-acertada\/"},"wordCount":801,"commentCount":0,"publisher":{"@id":"https:\/\/saltoecologico.es\/#organization"},"image":{"@id":"https:\/\/saltoecologico.es\/index.php\/2025\/01\/12\/iniciativa-acertada\/#primaryimage"},"thumbnailUrl":"https:\/\/saltoecologico.es\/wp-content\/uploads\/2025\/04\/Fotovoltaica-18.jpg","articleSection":["General"],"inLanguage":"es","potentialAction":[{"@type":"CommentAction","name":"Comment","target":["https:\/\/saltoecologico.es\/index.php\/2025\/01\/12\/iniciativa-acertada\/#respond"]}]},{"@type":"WebPage","@id":"https:\/\/saltoecologico.es\/index.php\/2025\/01\/12\/iniciativa-acertada\/","url":"https:\/\/saltoecologico.es\/index.php\/2025\/01\/12\/iniciativa-acertada\/","name":"Iniciativa acertada - Salto Ecol\u00f3gico","isPartOf":{"@id":"https:\/\/saltoecologico.es\/#website"},"primaryImageOfPage":{"@id":"https:\/\/saltoecologico.es\/index.php\/2025\/01\/12\/iniciativa-acertada\/#primaryimage"},"image":{"@id":"https:\/\/saltoecologico.es\/index.php\/2025\/01\/12\/iniciativa-acertada\/#primaryimage"},"thumbnailUrl":"https:\/\/saltoecologico.es\/wp-content\/uploads\/2025\/04\/Fotovoltaica-18.jpg","datePublished":"2025-01-12T07:58:00+00:00","dateModified":"2025-04-20T07:58:49+00:00","breadcrumb":{"@id":"https:\/\/saltoecologico.es\/index.php\/2025\/01\/12\/iniciativa-acertada\/#breadcrumb"},"inLanguage":"es","potentialAction":[{"@type":"ReadAction","target":["https:\/\/saltoecologico.es\/index.php\/2025\/01\/12\/iniciativa-acertada\/"]}]},{"@type":"ImageObject","inLanguage":"es","@id":"https:\/\/saltoecologico.es\/index.php\/2025\/01\/12\/iniciativa-acertada\/#primaryimage","url":"https:\/\/saltoecologico.es\/wp-content\/uploads\/2025\/04\/Fotovoltaica-18.jpg","contentUrl":"https:\/\/saltoecologico.es\/wp-content\/uploads\/2025\/04\/Fotovoltaica-18.jpg","width":1024,"height":683,"caption":"Electrical engineers are examining the working conditions of many solar panels to enable continuous power generation from solar energy."},{"@type":"BreadcrumbList","@id":"https:\/\/saltoecologico.es\/index.php\/2025\/01\/12\/iniciativa-acertada\/#breadcrumb","itemListElement":[{"@type":"ListItem","position":1,"name":"Portada","item":"https:\/\/saltoecologico.es\/"},{"@type":"ListItem","position":2,"name":"Iniciativa acertada"}]},{"@type":"WebSite","@id":"https:\/\/saltoecologico.es\/#website","url":"https:\/\/saltoecologico.es\/","name":"Salto Ecol\u00f3gico","description":"","publisher":{"@id":"https:\/\/saltoecologico.es\/#organization"},"potentialAction":[{"@type":"SearchAction","target":{"@type":"EntryPoint","urlTemplate":"https:\/\/saltoecologico.es\/?s={search_term_string}"},"query-input":{"@type":"PropertyValueSpecification","valueRequired":true,"valueName":"search_term_string"}}],"inLanguage":"es"},{"@type":"Organization","@id":"https:\/\/saltoecologico.es\/#organization","name":"Salto a la Transici\u00f3n Ecol\u00f3gica","url":"https:\/\/saltoecologico.es\/","logo":{"@type":"ImageObject","inLanguage":"es","@id":"https:\/\/saltoecologico.es\/#\/schema\/logo\/image\/","url":"https:\/\/saltoecologico.es\/wp-content\/uploads\/2025\/04\/Logo-STE.jpg","contentUrl":"https:\/\/saltoecologico.es\/wp-content\/uploads\/2025\/04\/Logo-STE.jpg","width":435,"height":435,"caption":"Salto a la Transici\u00f3n Ecol\u00f3gica"},"image":{"@id":"https:\/\/saltoecologico.es\/#\/schema\/logo\/image\/"},"sameAs":["https:\/\/www.facebook.com\/Saltotransicionecologica"]},{"@type":"Person","@id":"https:\/\/saltoecologico.es\/#\/schema\/person\/7175eec4b3c123d86c675313c3a01a0b","name":"admin","image":{"@type":"ImageObject","inLanguage":"es","@id":"https:\/\/secure.gravatar.com\/avatar\/4c215dc57bbc7b2f2f470ac9bd197f3f112636a584e575a732d0206a2d9c9806?s=96&d=mm&r=g","url":"https:\/\/secure.gravatar.com\/avatar\/4c215dc57bbc7b2f2f470ac9bd197f3f112636a584e575a732d0206a2d9c9806?s=96&d=mm&r=g","contentUrl":"https:\/\/secure.gravatar.com\/avatar\/4c215dc57bbc7b2f2f470ac9bd197f3f112636a584e575a732d0206a2d9c9806?s=96&d=mm&r=g","caption":"admin"},"sameAs":["https:\/\/saltoecologico.es"],"url":"https:\/\/saltoecologico.es\/index.php\/author\/saltoecologico\/"}]}},"_links":{"self":[{"href":"https:\/\/saltoecologico.es\/index.php\/wp-json\/wp\/v2\/posts\/846","targetHints":{"allow":["GET"]}}],"collection":[{"href":"https:\/\/saltoecologico.es\/index.php\/wp-json\/wp\/v2\/posts"}],"about":[{"href":"https:\/\/saltoecologico.es\/index.php\/wp-json\/wp\/v2\/types\/post"}],"author":[{"embeddable":true,"href":"https:\/\/saltoecologico.es\/index.php\/wp-json\/wp\/v2\/users\/1"}],"replies":[{"embeddable":true,"href":"https:\/\/saltoecologico.es\/index.php\/wp-json\/wp\/v2\/comments?post=846"}],"version-history":[{"count":1,"href":"https:\/\/saltoecologico.es\/index.php\/wp-json\/wp\/v2\/posts\/846\/revisions"}],"predecessor-version":[{"id":848,"href":"https:\/\/saltoecologico.es\/index.php\/wp-json\/wp\/v2\/posts\/846\/revisions\/848"}],"wp:featuredmedia":[{"embeddable":true,"href":"https:\/\/saltoecologico.es\/index.php\/wp-json\/wp\/v2\/media\/847"}],"wp:attachment":[{"href":"https:\/\/saltoecologico.es\/index.php\/wp-json\/wp\/v2\/media?parent=846"}],"wp:term":[{"taxonomy":"category","embeddable":true,"href":"https:\/\/saltoecologico.es\/index.php\/wp-json\/wp\/v2\/categories?post=846"},{"taxonomy":"post_tag","embeddable":true,"href":"https:\/\/saltoecologico.es\/index.php\/wp-json\/wp\/v2\/tags?post=846"}],"curies":[{"name":"wp","href":"https:\/\/api.w.org\/{rel}","templated":true}]}}