{"id":849,"date":"2025-01-19T08:00:00","date_gmt":"2025-01-19T08:00:00","guid":{"rendered":"https:\/\/saltoecologico.es\/?p=849"},"modified":"2025-04-20T08:00:34","modified_gmt":"2025-04-20T08:00:34","slug":"el-lado-oscuro","status":"publish","type":"post","link":"https:\/\/saltoecologico.es\/index.php\/2025\/01\/19\/el-lado-oscuro\/","title":{"rendered":"El lado oscuro"},"content":{"rendered":"\n<p class=\"wp-block-paragraph\">En la lucha contra el cambio clim\u00e1tico, el gas natural se ha presentado como una alternativa \u00abm\u00e1s limpia\u00bb a otros combustibles f\u00f3siles. Sin embargo, esta narrativa oculta sus serios impactos ambientales y clim\u00e1ticos, que lo convierten en una opci\u00f3n insostenible para un futuro verdaderamente verde.<\/p>\n\n\n\n<p class=\"wp-block-paragraph\">Aunque su combusti\u00f3n produce menos di\u00f3xido de carbono (CO\u2082) que el carb\u00f3n o el petr\u00f3leo, el gas natural est\u00e1 compuesto principalmente por metano (CH\u2084), un gas de efecto invernadero que es 80 veces m\u00e1s potente que el CO\u2082 en un horizonte de 20 a\u00f1os. Las fugas de metano durante su extracci\u00f3n y transporte agravan significativamente la crisis clim\u00e1tica.<\/p>\n\n\n\n<p class=\"wp-block-paragraph\">Adem\u00e1s, su extracci\u00f3n mediante fracking contamina acu\u00edferos, emite compuestos t\u00f3xicos al aire y puede inducir actividad s\u00edsmica. La infraestructura asociada al gas natural perpet\u00faa la dependencia de combustibles f\u00f3siles, desviando inversiones que podr\u00edan destinarse a energ\u00edas renovables.<\/p>\n\n\n\n<p class=\"wp-block-paragraph\">Se argumenta que el gas natural es una soluci\u00f3n temporal hacia un sistema energ\u00e9tico limpio. Sin embargo, estudios demuestran que esta estrategia frena el avance hacia energ\u00edas sostenibles como la solar y la e\u00f3lica, ya competitivas en costo y libres de emisiones durante su operaci\u00f3n.<\/p>\n\n\n\n<p class=\"wp-block-paragraph\">Las nuevas infraestructuras de gas natural, lejos de facilitar la transici\u00f3n, la obstaculizan gravemente por diferentes cuestiones entre las que se encuentran:<\/p>\n\n\n\n<ul class=\"wp-block-list\">\n<li>La construcci\u00f3n de gasoductos, terminales de gas natural licuado (GNL) y plantas de generaci\u00f3n el\u00e9ctrica a gas requiere inversiones multimillonarias con una vida \u00fatil de varias d\u00e9cadas. Una vez realizadas estas inversiones, existe una fuerte presi\u00f3n econ\u00f3mica y pol\u00edtica para maximizar el uso de estas infraestructuras, incluso cuando las energ\u00edas renovables sean m\u00e1s competitivas. Esto atrapa a los sistemas energ\u00e9ticos en una dependencia de combustibles f\u00f3siles, retrasando la adopci\u00f3n de alternativas sostenibles.<\/li>\n\n\n\n<li>El gas natural compite directamente con las energ\u00edas renovables en la generaci\u00f3n el\u00e9ctrica. En mercados donde no se penalizan las emisiones de carbono, el gas natural puede mantener costos artificialmente bajos gracias a subsidios y la infraestructura existente. Esto reduce la participaci\u00f3n de las renovables en las redes energ\u00e9ticas y limita la inversi\u00f3n en almacenamiento de energ\u00eda, sistemas de gesti\u00f3n inteligente y electrificaci\u00f3n.<\/li>\n\n\n\n<li>El gas natural se utiliza a menudo como energ\u00eda de respaldo para cubrir la intermitencia de las renovables, como en d\u00edas nublados o sin viento. Aunque esta funci\u00f3n podr\u00eda ser cubierta por bombeos reversibles, bater\u00edas avanzadas, almacenamiento en hidrogeno verde o una mejor gesti\u00f3n de la demanda, la disponibilidad de infraestructura de gas perpet\u00faa su uso en lugar de acelerar el desarrollo de estas tecnolog\u00edas.<\/li>\n\n\n\n<li>Los fondos destinados a la expansi\u00f3n de infraestructura de gas desv\u00edan recursos cr\u00edticos que podr\u00edan emplearse en la investigaci\u00f3n, desarrollo y despliegue de energ\u00edas limpias. Esto incluye avances en almacenamiento energ\u00e9tico, tecnolog\u00edas de eficiencia y redes el\u00e9ctricas inteligentes necesarias para un sistema 100% renovable.<\/li>\n\n\n\n<li>La narrativa de que el gas natural es una \u00absoluci\u00f3n clim\u00e1tica\u00bb genera una falsa sensaci\u00f3n de progreso, diluyendo la urgencia de adoptar pol\u00edticas m\u00e1s ambiciosas hacia la electrificaci\u00f3n y la eliminaci\u00f3n completa de los combustibles f\u00f3siles. Esta percepci\u00f3n retrasa la implementaci\u00f3n de impuestos al carbono y subsidios a las renovables.<\/li>\n\n\n\n<li>La industria del gas ejerce una fuerte influencia pol\u00edtica para suavizar regulaciones ambientales y garantizar subsidios p\u00fablicos, lo que dificulta la adopci\u00f3n de medidas que favorezcan las energ\u00edas renovables. Esto crea un entorno normativo que perpet\u00faa el uso del gas natural.<\/li>\n<\/ul>\n\n\n\n<p class=\"wp-block-paragraph\">El gas natural no es la soluci\u00f3n que se nos ha hecho creer. La transici\u00f3n hacia energ\u00edas renovables debe acelerarse para garantizar un futuro sostenible y habitable. El momento de actuar es ahora.<\/p>\n","protected":false},"excerpt":{"rendered":"<p>En la lucha contra el cambio clim\u00e1tico, el gas natural se ha presentado como una alternativa \u00abm\u00e1s limpia\u00bb a otros combustibles f\u00f3siles. Sin embargo, esta narrativa oculta sus serios impactos ambientales y clim\u00e1ticos, que lo convierten en una opci\u00f3n insostenible para un futuro verdaderamente verde. Aunque su combusti\u00f3n produce menos di\u00f3xido de carbono (CO\u2082) que [&hellip;]<\/p>\n","protected":false},"author":1,"featured_media":850,"comment_status":"open","ping_status":"open","sticky":false,"template":"","format":"standard","meta":{"footnotes":""},"categories":[44,33],"tags":[],"class_list":["post-849","post","type-post","status-publish","format-standard","has-post-thumbnail","category-g_varios","category-gnl"],"yoast_head":"<!-- This site is optimized with the Yoast SEO plugin v28.2 - https:\/\/yoast.com\/product\/yoast-seo-wordpress\/ -->\n<title>El lado oscuro - Salto Ecol\u00f3gico<\/title>\n<meta name=\"robots\" content=\"index, follow, max-snippet:-1, max-image-preview:large, max-video-preview:-1\" \/>\n<link rel=\"canonical\" href=\"https:\/\/saltoecologico.es\/index.php\/2025\/01\/19\/el-lado-oscuro\/\" \/>\n<meta property=\"og:locale\" content=\"es_ES\" \/>\n<meta property=\"og:type\" content=\"article\" \/>\n<meta property=\"og:title\" content=\"El lado oscuro - Salto Ecol\u00f3gico\" \/>\n<meta property=\"og:description\" content=\"En la lucha contra el cambio clim\u00e1tico, el gas natural se ha presentado como una alternativa \u00abm\u00e1s limpia\u00bb a otros combustibles f\u00f3siles. Sin embargo, esta narrativa oculta sus serios impactos ambientales y clim\u00e1ticos, que lo convierten en una opci\u00f3n insostenible para un futuro verdaderamente verde. Aunque su combusti\u00f3n produce menos di\u00f3xido de carbono (CO\u2082) que [&hellip;]\" \/>\n<meta property=\"og:url\" content=\"https:\/\/saltoecologico.es\/index.php\/2025\/01\/19\/el-lado-oscuro\/\" \/>\n<meta property=\"og:site_name\" content=\"Salto Ecol\u00f3gico\" \/>\n<meta property=\"article:publisher\" content=\"https:\/\/www.facebook.com\/Saltotransicionecologica\" \/>\n<meta property=\"article:published_time\" content=\"2025-01-19T08:00:00+00:00\" \/>\n<meta property=\"article:modified_time\" content=\"2025-04-20T08:00:34+00:00\" \/>\n<meta property=\"og:image\" content=\"https:\/\/saltoecologico.es\/wp-content\/uploads\/2025\/04\/GNL17.jpg\" \/>\n\t<meta property=\"og:image:width\" content=\"1024\" \/>\n\t<meta property=\"og:image:height\" content=\"575\" \/>\n\t<meta property=\"og:image:type\" content=\"image\/jpeg\" \/>\n<meta name=\"author\" content=\"admin\" \/>\n<meta name=\"twitter:card\" content=\"summary_large_image\" \/>\n<meta name=\"twitter:label1\" content=\"Escrito por\" \/>\n\t<meta name=\"twitter:data1\" content=\"admin\" \/>\n\t<meta name=\"twitter:label2\" content=\"Tiempo de lectura\" \/>\n\t<meta name=\"twitter:data2\" content=\"3 minutos\" \/>\n<script type=\"application\/ld+json\" class=\"yoast-schema-graph\">{\"@context\":\"https:\\\/\\\/schema.org\",\"@graph\":[{\"@type\":\"Article\",\"@id\":\"https:\\\/\\\/saltoecologico.es\\\/index.php\\\/2025\\\/01\\\/19\\\/el-lado-oscuro\\\/#article\",\"isPartOf\":{\"@id\":\"https:\\\/\\\/saltoecologico.es\\\/index.php\\\/2025\\\/01\\\/19\\\/el-lado-oscuro\\\/\"},\"author\":{\"name\":\"admin\",\"@id\":\"https:\\\/\\\/saltoecologico.es\\\/#\\\/schema\\\/person\\\/7175eec4b3c123d86c675313c3a01a0b\"},\"headline\":\"El lado oscuro\",\"datePublished\":\"2025-01-19T08:00:00+00:00\",\"dateModified\":\"2025-04-20T08:00:34+00:00\",\"mainEntityOfPage\":{\"@id\":\"https:\\\/\\\/saltoecologico.es\\\/index.php\\\/2025\\\/01\\\/19\\\/el-lado-oscuro\\\/\"},\"wordCount\":659,\"commentCount\":0,\"publisher\":{\"@id\":\"https:\\\/\\\/saltoecologico.es\\\/#organization\"},\"image\":{\"@id\":\"https:\\\/\\\/saltoecologico.es\\\/index.php\\\/2025\\\/01\\\/19\\\/el-lado-oscuro\\\/#primaryimage\"},\"thumbnailUrl\":\"https:\\\/\\\/saltoecologico.es\\\/wp-content\\\/uploads\\\/2025\\\/04\\\/GNL17.jpg\",\"articleSection\":[\"G_Varios\",\"GNL\"],\"inLanguage\":\"es\",\"potentialAction\":[{\"@type\":\"CommentAction\",\"name\":\"Comment\",\"target\":[\"https:\\\/\\\/saltoecologico.es\\\/index.php\\\/2025\\\/01\\\/19\\\/el-lado-oscuro\\\/#respond\"]}]},{\"@type\":\"WebPage\",\"@id\":\"https:\\\/\\\/saltoecologico.es\\\/index.php\\\/2025\\\/01\\\/19\\\/el-lado-oscuro\\\/\",\"url\":\"https:\\\/\\\/saltoecologico.es\\\/index.php\\\/2025\\\/01\\\/19\\\/el-lado-oscuro\\\/\",\"name\":\"El lado oscuro - Salto Ecol\u00f3gico\",\"isPartOf\":{\"@id\":\"https:\\\/\\\/saltoecologico.es\\\/#website\"},\"primaryImageOfPage\":{\"@id\":\"https:\\\/\\\/saltoecologico.es\\\/index.php\\\/2025\\\/01\\\/19\\\/el-lado-oscuro\\\/#primaryimage\"},\"image\":{\"@id\":\"https:\\\/\\\/saltoecologico.es\\\/index.php\\\/2025\\\/01\\\/19\\\/el-lado-oscuro\\\/#primaryimage\"},\"thumbnailUrl\":\"https:\\\/\\\/saltoecologico.es\\\/wp-content\\\/uploads\\\/2025\\\/04\\\/GNL17.jpg\",\"datePublished\":\"2025-01-19T08:00:00+00:00\",\"dateModified\":\"2025-04-20T08:00:34+00:00\",\"breadcrumb\":{\"@id\":\"https:\\\/\\\/saltoecologico.es\\\/index.php\\\/2025\\\/01\\\/19\\\/el-lado-oscuro\\\/#breadcrumb\"},\"inLanguage\":\"es\",\"potentialAction\":[{\"@type\":\"ReadAction\",\"target\":[\"https:\\\/\\\/saltoecologico.es\\\/index.php\\\/2025\\\/01\\\/19\\\/el-lado-oscuro\\\/\"]}]},{\"@type\":\"ImageObject\",\"inLanguage\":\"es\",\"@id\":\"https:\\\/\\\/saltoecologico.es\\\/index.php\\\/2025\\\/01\\\/19\\\/el-lado-oscuro\\\/#primaryimage\",\"url\":\"https:\\\/\\\/saltoecologico.es\\\/wp-content\\\/uploads\\\/2025\\\/04\\\/GNL17.jpg\",\"contentUrl\":\"https:\\\/\\\/saltoecologico.es\\\/wp-content\\\/uploads\\\/2025\\\/04\\\/GNL17.jpg\",\"width\":1024,\"height\":575,\"caption\":\"LNG (Liquefied natural gas) tanker anchored in Gas terminal gas tanks for storage. Oil Crude Gas Tanker Ship. LPG at Tanker Bay Petroleum Chemical or Methane freighter export import transportation\"},{\"@type\":\"BreadcrumbList\",\"@id\":\"https:\\\/\\\/saltoecologico.es\\\/index.php\\\/2025\\\/01\\\/19\\\/el-lado-oscuro\\\/#breadcrumb\",\"itemListElement\":[{\"@type\":\"ListItem\",\"position\":1,\"name\":\"Portada\",\"item\":\"https:\\\/\\\/saltoecologico.es\\\/\"},{\"@type\":\"ListItem\",\"position\":2,\"name\":\"El lado oscuro\"}]},{\"@type\":\"WebSite\",\"@id\":\"https:\\\/\\\/saltoecologico.es\\\/#website\",\"url\":\"https:\\\/\\\/saltoecologico.es\\\/\",\"name\":\"Salto Ecol\u00f3gico\",\"description\":\"\",\"publisher\":{\"@id\":\"https:\\\/\\\/saltoecologico.es\\\/#organization\"},\"potentialAction\":[{\"@type\":\"SearchAction\",\"target\":{\"@type\":\"EntryPoint\",\"urlTemplate\":\"https:\\\/\\\/saltoecologico.es\\\/?s={search_term_string}\"},\"query-input\":{\"@type\":\"PropertyValueSpecification\",\"valueRequired\":true,\"valueName\":\"search_term_string\"}}],\"inLanguage\":\"es\"},{\"@type\":\"Organization\",\"@id\":\"https:\\\/\\\/saltoecologico.es\\\/#organization\",\"name\":\"Salto a la Transici\u00f3n Ecol\u00f3gica\",\"url\":\"https:\\\/\\\/saltoecologico.es\\\/\",\"logo\":{\"@type\":\"ImageObject\",\"inLanguage\":\"es\",\"@id\":\"https:\\\/\\\/saltoecologico.es\\\/#\\\/schema\\\/logo\\\/image\\\/\",\"url\":\"https:\\\/\\\/saltoecologico.es\\\/wp-content\\\/uploads\\\/2025\\\/04\\\/Logo-STE.jpg\",\"contentUrl\":\"https:\\\/\\\/saltoecologico.es\\\/wp-content\\\/uploads\\\/2025\\\/04\\\/Logo-STE.jpg\",\"width\":435,\"height\":435,\"caption\":\"Salto a la Transici\u00f3n Ecol\u00f3gica\"},\"image\":{\"@id\":\"https:\\\/\\\/saltoecologico.es\\\/#\\\/schema\\\/logo\\\/image\\\/\"},\"sameAs\":[\"https:\\\/\\\/www.facebook.com\\\/Saltotransicionecologica\"]},{\"@type\":\"Person\",\"@id\":\"https:\\\/\\\/saltoecologico.es\\\/#\\\/schema\\\/person\\\/7175eec4b3c123d86c675313c3a01a0b\",\"name\":\"admin\",\"image\":{\"@type\":\"ImageObject\",\"inLanguage\":\"es\",\"@id\":\"https:\\\/\\\/secure.gravatar.com\\\/avatar\\\/4c215dc57bbc7b2f2f470ac9bd197f3f112636a584e575a732d0206a2d9c9806?s=96&d=mm&r=g\",\"url\":\"https:\\\/\\\/secure.gravatar.com\\\/avatar\\\/4c215dc57bbc7b2f2f470ac9bd197f3f112636a584e575a732d0206a2d9c9806?s=96&d=mm&r=g\",\"contentUrl\":\"https:\\\/\\\/secure.gravatar.com\\\/avatar\\\/4c215dc57bbc7b2f2f470ac9bd197f3f112636a584e575a732d0206a2d9c9806?s=96&d=mm&r=g\",\"caption\":\"admin\"},\"sameAs\":[\"https:\\\/\\\/saltoecologico.es\"],\"url\":\"https:\\\/\\\/saltoecologico.es\\\/index.php\\\/author\\\/saltoecologico\\\/\"}]}<\/script>\n<!-- \/ Yoast SEO plugin. -->","yoast_head_json":{"title":"El lado oscuro - Salto Ecol\u00f3gico","robots":{"index":"index","follow":"follow","max-snippet":"max-snippet:-1","max-image-preview":"max-image-preview:large","max-video-preview":"max-video-preview:-1"},"canonical":"https:\/\/saltoecologico.es\/index.php\/2025\/01\/19\/el-lado-oscuro\/","og_locale":"es_ES","og_type":"article","og_title":"El lado oscuro - Salto Ecol\u00f3gico","og_description":"En la lucha contra el cambio clim\u00e1tico, el gas natural se ha presentado como una alternativa \u00abm\u00e1s limpia\u00bb a otros combustibles f\u00f3siles. Sin embargo, esta narrativa oculta sus serios impactos ambientales y clim\u00e1ticos, que lo convierten en una opci\u00f3n insostenible para un futuro verdaderamente verde. Aunque su combusti\u00f3n produce menos di\u00f3xido de carbono (CO\u2082) que [&hellip;]","og_url":"https:\/\/saltoecologico.es\/index.php\/2025\/01\/19\/el-lado-oscuro\/","og_site_name":"Salto Ecol\u00f3gico","article_publisher":"https:\/\/www.facebook.com\/Saltotransicionecologica","article_published_time":"2025-01-19T08:00:00+00:00","article_modified_time":"2025-04-20T08:00:34+00:00","og_image":[{"width":1024,"height":575,"url":"https:\/\/saltoecologico.es\/wp-content\/uploads\/2025\/04\/GNL17.jpg","type":"image\/jpeg"}],"author":"admin","twitter_card":"summary_large_image","twitter_misc":{"Escrito por":"admin","Tiempo de lectura":"3 minutos"},"schema":{"@context":"https:\/\/schema.org","@graph":[{"@type":"Article","@id":"https:\/\/saltoecologico.es\/index.php\/2025\/01\/19\/el-lado-oscuro\/#article","isPartOf":{"@id":"https:\/\/saltoecologico.es\/index.php\/2025\/01\/19\/el-lado-oscuro\/"},"author":{"name":"admin","@id":"https:\/\/saltoecologico.es\/#\/schema\/person\/7175eec4b3c123d86c675313c3a01a0b"},"headline":"El lado oscuro","datePublished":"2025-01-19T08:00:00+00:00","dateModified":"2025-04-20T08:00:34+00:00","mainEntityOfPage":{"@id":"https:\/\/saltoecologico.es\/index.php\/2025\/01\/19\/el-lado-oscuro\/"},"wordCount":659,"commentCount":0,"publisher":{"@id":"https:\/\/saltoecologico.es\/#organization"},"image":{"@id":"https:\/\/saltoecologico.es\/index.php\/2025\/01\/19\/el-lado-oscuro\/#primaryimage"},"thumbnailUrl":"https:\/\/saltoecologico.es\/wp-content\/uploads\/2025\/04\/GNL17.jpg","articleSection":["G_Varios","GNL"],"inLanguage":"es","potentialAction":[{"@type":"CommentAction","name":"Comment","target":["https:\/\/saltoecologico.es\/index.php\/2025\/01\/19\/el-lado-oscuro\/#respond"]}]},{"@type":"WebPage","@id":"https:\/\/saltoecologico.es\/index.php\/2025\/01\/19\/el-lado-oscuro\/","url":"https:\/\/saltoecologico.es\/index.php\/2025\/01\/19\/el-lado-oscuro\/","name":"El lado oscuro - Salto Ecol\u00f3gico","isPartOf":{"@id":"https:\/\/saltoecologico.es\/#website"},"primaryImageOfPage":{"@id":"https:\/\/saltoecologico.es\/index.php\/2025\/01\/19\/el-lado-oscuro\/#primaryimage"},"image":{"@id":"https:\/\/saltoecologico.es\/index.php\/2025\/01\/19\/el-lado-oscuro\/#primaryimage"},"thumbnailUrl":"https:\/\/saltoecologico.es\/wp-content\/uploads\/2025\/04\/GNL17.jpg","datePublished":"2025-01-19T08:00:00+00:00","dateModified":"2025-04-20T08:00:34+00:00","breadcrumb":{"@id":"https:\/\/saltoecologico.es\/index.php\/2025\/01\/19\/el-lado-oscuro\/#breadcrumb"},"inLanguage":"es","potentialAction":[{"@type":"ReadAction","target":["https:\/\/saltoecologico.es\/index.php\/2025\/01\/19\/el-lado-oscuro\/"]}]},{"@type":"ImageObject","inLanguage":"es","@id":"https:\/\/saltoecologico.es\/index.php\/2025\/01\/19\/el-lado-oscuro\/#primaryimage","url":"https:\/\/saltoecologico.es\/wp-content\/uploads\/2025\/04\/GNL17.jpg","contentUrl":"https:\/\/saltoecologico.es\/wp-content\/uploads\/2025\/04\/GNL17.jpg","width":1024,"height":575,"caption":"LNG (Liquefied natural gas) tanker anchored in Gas terminal gas tanks for storage. Oil Crude Gas Tanker Ship. LPG at Tanker Bay Petroleum Chemical or Methane freighter export import transportation"},{"@type":"BreadcrumbList","@id":"https:\/\/saltoecologico.es\/index.php\/2025\/01\/19\/el-lado-oscuro\/#breadcrumb","itemListElement":[{"@type":"ListItem","position":1,"name":"Portada","item":"https:\/\/saltoecologico.es\/"},{"@type":"ListItem","position":2,"name":"El lado oscuro"}]},{"@type":"WebSite","@id":"https:\/\/saltoecologico.es\/#website","url":"https:\/\/saltoecologico.es\/","name":"Salto Ecol\u00f3gico","description":"","publisher":{"@id":"https:\/\/saltoecologico.es\/#organization"},"potentialAction":[{"@type":"SearchAction","target":{"@type":"EntryPoint","urlTemplate":"https:\/\/saltoecologico.es\/?s={search_term_string}"},"query-input":{"@type":"PropertyValueSpecification","valueRequired":true,"valueName":"search_term_string"}}],"inLanguage":"es"},{"@type":"Organization","@id":"https:\/\/saltoecologico.es\/#organization","name":"Salto a la Transici\u00f3n Ecol\u00f3gica","url":"https:\/\/saltoecologico.es\/","logo":{"@type":"ImageObject","inLanguage":"es","@id":"https:\/\/saltoecologico.es\/#\/schema\/logo\/image\/","url":"https:\/\/saltoecologico.es\/wp-content\/uploads\/2025\/04\/Logo-STE.jpg","contentUrl":"https:\/\/saltoecologico.es\/wp-content\/uploads\/2025\/04\/Logo-STE.jpg","width":435,"height":435,"caption":"Salto a la Transici\u00f3n Ecol\u00f3gica"},"image":{"@id":"https:\/\/saltoecologico.es\/#\/schema\/logo\/image\/"},"sameAs":["https:\/\/www.facebook.com\/Saltotransicionecologica"]},{"@type":"Person","@id":"https:\/\/saltoecologico.es\/#\/schema\/person\/7175eec4b3c123d86c675313c3a01a0b","name":"admin","image":{"@type":"ImageObject","inLanguage":"es","@id":"https:\/\/secure.gravatar.com\/avatar\/4c215dc57bbc7b2f2f470ac9bd197f3f112636a584e575a732d0206a2d9c9806?s=96&d=mm&r=g","url":"https:\/\/secure.gravatar.com\/avatar\/4c215dc57bbc7b2f2f470ac9bd197f3f112636a584e575a732d0206a2d9c9806?s=96&d=mm&r=g","contentUrl":"https:\/\/secure.gravatar.com\/avatar\/4c215dc57bbc7b2f2f470ac9bd197f3f112636a584e575a732d0206a2d9c9806?s=96&d=mm&r=g","caption":"admin"},"sameAs":["https:\/\/saltoecologico.es"],"url":"https:\/\/saltoecologico.es\/index.php\/author\/saltoecologico\/"}]}},"_links":{"self":[{"href":"https:\/\/saltoecologico.es\/index.php\/wp-json\/wp\/v2\/posts\/849","targetHints":{"allow":["GET"]}}],"collection":[{"href":"https:\/\/saltoecologico.es\/index.php\/wp-json\/wp\/v2\/posts"}],"about":[{"href":"https:\/\/saltoecologico.es\/index.php\/wp-json\/wp\/v2\/types\/post"}],"author":[{"embeddable":true,"href":"https:\/\/saltoecologico.es\/index.php\/wp-json\/wp\/v2\/users\/1"}],"replies":[{"embeddable":true,"href":"https:\/\/saltoecologico.es\/index.php\/wp-json\/wp\/v2\/comments?post=849"}],"version-history":[{"count":1,"href":"https:\/\/saltoecologico.es\/index.php\/wp-json\/wp\/v2\/posts\/849\/revisions"}],"predecessor-version":[{"id":851,"href":"https:\/\/saltoecologico.es\/index.php\/wp-json\/wp\/v2\/posts\/849\/revisions\/851"}],"wp:featuredmedia":[{"embeddable":true,"href":"https:\/\/saltoecologico.es\/index.php\/wp-json\/wp\/v2\/media\/850"}],"wp:attachment":[{"href":"https:\/\/saltoecologico.es\/index.php\/wp-json\/wp\/v2\/media?parent=849"}],"wp:term":[{"taxonomy":"category","embeddable":true,"href":"https:\/\/saltoecologico.es\/index.php\/wp-json\/wp\/v2\/categories?post=849"},{"taxonomy":"post_tag","embeddable":true,"href":"https:\/\/saltoecologico.es\/index.php\/wp-json\/wp\/v2\/tags?post=849"}],"curies":[{"name":"wp","href":"https:\/\/api.w.org\/{rel}","templated":true}]}}