{"id":852,"date":"2025-01-26T08:03:00","date_gmt":"2025-01-26T08:03:00","guid":{"rendered":"https:\/\/saltoecologico.es\/?p=852"},"modified":"2025-04-20T08:04:14","modified_gmt":"2025-04-20T08:04:14","slug":"la-coherencia-personificada","status":"publish","type":"post","link":"https:\/\/saltoecologico.es\/index.php\/2025\/01\/26\/la-coherencia-personificada\/","title":{"rendered":"La coherencia personificada"},"content":{"rendered":"\n<p class=\"wp-block-paragraph\">Desde este grupo sabes perfectamente reconocer las bondades cuando se muestran de una manera clara y rotunda y es lo que vamos a hacer desde estas l\u00edneas con uno de los \u201cgur\u00fas\u201d m\u00e1s importantes de ese grupo ecologista denominado \u201cSalvar Chira Soria\u201d y que no es otro, sino que el se\u00f1or Don Eduardo Mart\u00edn Almeida.<\/p>\n\n\n\n<p class=\"wp-block-paragraph\">Es de todos conocidas sus sesudas disertaciones, tanto escritas como en v\u00eddeos, acerca de lo pernicioso de las centrales de bombeo, esa tecnolog\u00eda, que, seg\u00fan \u00e9l, pertenece al pasado y que no aporta nada a la transici\u00f3n energ\u00e9tica en nuestras islas. Por tanto, el considerarla la piedra angular de una alta penetraci\u00f3n de renovables es un disparate sin sentido y por lo que hay que apostar, es por la implantaci\u00f3n de grupos peque\u00f1os y con respuesta r\u00e1pida.<\/p>\n\n\n\n<p class=\"wp-block-paragraph\">Si partimos de estas premisas y siendo totalmente coherentes en los planteamientos, no queda m\u00e1s que concluir que la Planta de Totisa es una necesidad imperiosa para el puerto de Las Palmas, que el gas es un mal menor, pero necesario y que todo el que oponga a este razonamiento, es tan solo un ignorante, carente del m\u00e1s m\u00ednimo conocimiento tecnol\u00f3gico de la situaci\u00f3n actual del sistema el\u00e9ctrico de Gran Canaria.<\/p>\n\n\n\n<p class=\"wp-block-paragraph\">Es de agradecer que aquellos que se oponen a los bombeos reversibles comiencen a ser coherentes y comiencen a manifestar sus soluciones, reconociendo abiertamente que est\u00e1n dispuesto a perpetuar la quema de combustibles f\u00f3siles, aunque sea gas, a buscar alternativas, ampliamente reconocidas a nivel mundial, legalmente aceptadas a nivel europeo y ampliamente contrastadas.<\/p>\n\n\n\n<p class=\"wp-block-paragraph\">Lastima que ha esa notable coherencia le siga faltando solvencia en conocimientos t\u00e9cnicos. Es verdad que el gas natural es un 30% menos contaminante a la hora de quemarlo y en determinados productos, pero es terror\u00edfico cuando se a\u00f1ade toda la cadena, desde la obtenci\u00f3n, el transporte y el almacenamiento. Solo hay que tener en cuenta que los barcos metaneros utilizan el gas que se escapa de sus contenedores para los propios motores del barco. Adem\u00e1s, esos escapes est\u00e1n compuestos fundamentalmente de metano (CH4) un compuesto 80 veces m\u00e1s pernicioso que el CO2 para el calentamiento global. Es como si compramos hidr\u00f3geno negro a Somalia que est\u00e1 obtenido a base de combustibles f\u00f3siles, pero para nosotros es ecol\u00f3gico porque al quemarlo solo produce energ\u00eda y agua.<\/p>\n\n\n\n<p class=\"wp-block-paragraph\">Por otro lado, compartimos la preocupaci\u00f3n por las emisiones de las chimeneas de los barcos en el muelle, pero la soluci\u00f3n no es sustituirlas por otras m\u00e1s juntas, la soluci\u00f3n es electrificar los muelles, con la energ\u00eda el\u00e9ctrica que suministre un sistema insular robusto y renovable al 100%, para lo que es necesario la concurrencia de los bombeos reversibles.<\/p>\n\n\n\n<p class=\"wp-block-paragraph\">Una vez m\u00e1s tenemos que mostrar nuestro total desacuerdo con el planteamiento de Don Eduardo y por tanto del colectivo al que representa, porque sus palabras nos retrotraen a una \u00e9poca en que hasta las autoridades comunitarias apostaban por el gas como energ\u00eda de transici\u00f3n, situaci\u00f3n que afortunadamente ya est\u00e1 ampliamente superada. Aunque se podr\u00eda pensar que lo moderno ahora corresponde a negar el cambio clim\u00e1tico antropog\u00e9nico y apostar por seguir emitiendo basura a la atmosfera.<\/p>\n","protected":false},"excerpt":{"rendered":"<p>Desde este grupo sabes perfectamente reconocer las bondades cuando se muestran de una manera clara y rotunda y es lo que vamos a hacer desde estas l\u00edneas con uno de los \u201cgur\u00fas\u201d m\u00e1s importantes de ese grupo ecologista denominado \u201cSalvar Chira Soria\u201d y que no es otro, sino que el se\u00f1or Don Eduardo Mart\u00edn Almeida. [&hellip;]<\/p>\n","protected":false},"author":1,"featured_media":853,"comment_status":"open","ping_status":"open","sticky":false,"template":"","format":"standard","meta":{"footnotes":""},"categories":[55],"tags":[],"class_list":["post-852","post","type-post","status-publish","format-standard","has-post-thumbnail","category-general"],"yoast_head":"<!-- This site is optimized with the Yoast SEO plugin v28.2 - https:\/\/yoast.com\/product\/yoast-seo-wordpress\/ -->\n<title>La coherencia personificada - Salto Ecol\u00f3gico<\/title>\n<meta name=\"robots\" content=\"index, follow, max-snippet:-1, max-image-preview:large, max-video-preview:-1\" \/>\n<link rel=\"canonical\" href=\"https:\/\/saltoecologico.es\/index.php\/2025\/01\/26\/la-coherencia-personificada\/\" \/>\n<meta property=\"og:locale\" content=\"es_ES\" \/>\n<meta property=\"og:type\" content=\"article\" \/>\n<meta property=\"og:title\" content=\"La coherencia personificada - Salto Ecol\u00f3gico\" \/>\n<meta property=\"og:description\" content=\"Desde este grupo sabes perfectamente reconocer las bondades cuando se muestran de una manera clara y rotunda y es lo que vamos a hacer desde estas l\u00edneas con uno de los \u201cgur\u00fas\u201d m\u00e1s importantes de ese grupo ecologista denominado \u201cSalvar Chira Soria\u201d y que no es otro, sino que el se\u00f1or Don Eduardo Mart\u00edn Almeida. [&hellip;]\" \/>\n<meta property=\"og:url\" content=\"https:\/\/saltoecologico.es\/index.php\/2025\/01\/26\/la-coherencia-personificada\/\" \/>\n<meta property=\"og:site_name\" content=\"Salto Ecol\u00f3gico\" \/>\n<meta property=\"article:publisher\" content=\"https:\/\/www.facebook.com\/Saltotransicionecologica\" \/>\n<meta property=\"article:published_time\" content=\"2025-01-26T08:03:00+00:00\" \/>\n<meta property=\"article:modified_time\" content=\"2025-04-20T08:04:14+00:00\" \/>\n<meta property=\"og:image\" content=\"https:\/\/saltoecologico.es\/wp-content\/uploads\/2025\/04\/Eolico-10-1.jpg\" \/>\n\t<meta property=\"og:image:width\" content=\"1024\" \/>\n\t<meta property=\"og:image:height\" content=\"683\" \/>\n\t<meta property=\"og:image:type\" content=\"image\/jpeg\" \/>\n<meta name=\"author\" content=\"admin\" \/>\n<meta name=\"twitter:card\" content=\"summary_large_image\" \/>\n<meta name=\"twitter:label1\" content=\"Escrito por\" \/>\n\t<meta name=\"twitter:data1\" content=\"admin\" \/>\n\t<meta name=\"twitter:label2\" content=\"Tiempo de lectura\" \/>\n\t<meta name=\"twitter:data2\" content=\"3 minutos\" \/>\n<script type=\"application\/ld+json\" class=\"yoast-schema-graph\">{\"@context\":\"https:\\\/\\\/schema.org\",\"@graph\":[{\"@type\":\"Article\",\"@id\":\"https:\\\/\\\/saltoecologico.es\\\/index.php\\\/2025\\\/01\\\/26\\\/la-coherencia-personificada\\\/#article\",\"isPartOf\":{\"@id\":\"https:\\\/\\\/saltoecologico.es\\\/index.php\\\/2025\\\/01\\\/26\\\/la-coherencia-personificada\\\/\"},\"author\":{\"name\":\"admin\",\"@id\":\"https:\\\/\\\/saltoecologico.es\\\/#\\\/schema\\\/person\\\/7175eec4b3c123d86c675313c3a01a0b\"},\"headline\":\"La coherencia personificada\",\"datePublished\":\"2025-01-26T08:03:00+00:00\",\"dateModified\":\"2025-04-20T08:04:14+00:00\",\"mainEntityOfPage\":{\"@id\":\"https:\\\/\\\/saltoecologico.es\\\/index.php\\\/2025\\\/01\\\/26\\\/la-coherencia-personificada\\\/\"},\"wordCount\":563,\"commentCount\":0,\"publisher\":{\"@id\":\"https:\\\/\\\/saltoecologico.es\\\/#organization\"},\"image\":{\"@id\":\"https:\\\/\\\/saltoecologico.es\\\/index.php\\\/2025\\\/01\\\/26\\\/la-coherencia-personificada\\\/#primaryimage\"},\"thumbnailUrl\":\"https:\\\/\\\/saltoecologico.es\\\/wp-content\\\/uploads\\\/2025\\\/04\\\/Eolico-10-1.jpg\",\"articleSection\":[\"General\"],\"inLanguage\":\"es\",\"potentialAction\":[{\"@type\":\"CommentAction\",\"name\":\"Comment\",\"target\":[\"https:\\\/\\\/saltoecologico.es\\\/index.php\\\/2025\\\/01\\\/26\\\/la-coherencia-personificada\\\/#respond\"]}]},{\"@type\":\"WebPage\",\"@id\":\"https:\\\/\\\/saltoecologico.es\\\/index.php\\\/2025\\\/01\\\/26\\\/la-coherencia-personificada\\\/\",\"url\":\"https:\\\/\\\/saltoecologico.es\\\/index.php\\\/2025\\\/01\\\/26\\\/la-coherencia-personificada\\\/\",\"name\":\"La coherencia personificada - Salto Ecol\u00f3gico\",\"isPartOf\":{\"@id\":\"https:\\\/\\\/saltoecologico.es\\\/#website\"},\"primaryImageOfPage\":{\"@id\":\"https:\\\/\\\/saltoecologico.es\\\/index.php\\\/2025\\\/01\\\/26\\\/la-coherencia-personificada\\\/#primaryimage\"},\"image\":{\"@id\":\"https:\\\/\\\/saltoecologico.es\\\/index.php\\\/2025\\\/01\\\/26\\\/la-coherencia-personificada\\\/#primaryimage\"},\"thumbnailUrl\":\"https:\\\/\\\/saltoecologico.es\\\/wp-content\\\/uploads\\\/2025\\\/04\\\/Eolico-10-1.jpg\",\"datePublished\":\"2025-01-26T08:03:00+00:00\",\"dateModified\":\"2025-04-20T08:04:14+00:00\",\"breadcrumb\":{\"@id\":\"https:\\\/\\\/saltoecologico.es\\\/index.php\\\/2025\\\/01\\\/26\\\/la-coherencia-personificada\\\/#breadcrumb\"},\"inLanguage\":\"es\",\"potentialAction\":[{\"@type\":\"ReadAction\",\"target\":[\"https:\\\/\\\/saltoecologico.es\\\/index.php\\\/2025\\\/01\\\/26\\\/la-coherencia-personificada\\\/\"]}]},{\"@type\":\"ImageObject\",\"inLanguage\":\"es\",\"@id\":\"https:\\\/\\\/saltoecologico.es\\\/index.php\\\/2025\\\/01\\\/26\\\/la-coherencia-personificada\\\/#primaryimage\",\"url\":\"https:\\\/\\\/saltoecologico.es\\\/wp-content\\\/uploads\\\/2025\\\/04\\\/Eolico-10-1.jpg\",\"contentUrl\":\"https:\\\/\\\/saltoecologico.es\\\/wp-content\\\/uploads\\\/2025\\\/04\\\/Eolico-10-1.jpg\",\"width\":1024,\"height\":683,\"caption\":\"Sunset over windmills. Innovative energy creator for electric power production.\"},{\"@type\":\"BreadcrumbList\",\"@id\":\"https:\\\/\\\/saltoecologico.es\\\/index.php\\\/2025\\\/01\\\/26\\\/la-coherencia-personificada\\\/#breadcrumb\",\"itemListElement\":[{\"@type\":\"ListItem\",\"position\":1,\"name\":\"Portada\",\"item\":\"https:\\\/\\\/saltoecologico.es\\\/\"},{\"@type\":\"ListItem\",\"position\":2,\"name\":\"La coherencia personificada\"}]},{\"@type\":\"WebSite\",\"@id\":\"https:\\\/\\\/saltoecologico.es\\\/#website\",\"url\":\"https:\\\/\\\/saltoecologico.es\\\/\",\"name\":\"Salto Ecol\u00f3gico\",\"description\":\"\",\"publisher\":{\"@id\":\"https:\\\/\\\/saltoecologico.es\\\/#organization\"},\"potentialAction\":[{\"@type\":\"SearchAction\",\"target\":{\"@type\":\"EntryPoint\",\"urlTemplate\":\"https:\\\/\\\/saltoecologico.es\\\/?s={search_term_string}\"},\"query-input\":{\"@type\":\"PropertyValueSpecification\",\"valueRequired\":true,\"valueName\":\"search_term_string\"}}],\"inLanguage\":\"es\"},{\"@type\":\"Organization\",\"@id\":\"https:\\\/\\\/saltoecologico.es\\\/#organization\",\"name\":\"Salto a la Transici\u00f3n Ecol\u00f3gica\",\"url\":\"https:\\\/\\\/saltoecologico.es\\\/\",\"logo\":{\"@type\":\"ImageObject\",\"inLanguage\":\"es\",\"@id\":\"https:\\\/\\\/saltoecologico.es\\\/#\\\/schema\\\/logo\\\/image\\\/\",\"url\":\"https:\\\/\\\/saltoecologico.es\\\/wp-content\\\/uploads\\\/2025\\\/04\\\/Logo-STE.jpg\",\"contentUrl\":\"https:\\\/\\\/saltoecologico.es\\\/wp-content\\\/uploads\\\/2025\\\/04\\\/Logo-STE.jpg\",\"width\":435,\"height\":435,\"caption\":\"Salto a la Transici\u00f3n Ecol\u00f3gica\"},\"image\":{\"@id\":\"https:\\\/\\\/saltoecologico.es\\\/#\\\/schema\\\/logo\\\/image\\\/\"},\"sameAs\":[\"https:\\\/\\\/www.facebook.com\\\/Saltotransicionecologica\"]},{\"@type\":\"Person\",\"@id\":\"https:\\\/\\\/saltoecologico.es\\\/#\\\/schema\\\/person\\\/7175eec4b3c123d86c675313c3a01a0b\",\"name\":\"admin\",\"image\":{\"@type\":\"ImageObject\",\"inLanguage\":\"es\",\"@id\":\"https:\\\/\\\/secure.gravatar.com\\\/avatar\\\/4c215dc57bbc7b2f2f470ac9bd197f3f112636a584e575a732d0206a2d9c9806?s=96&d=mm&r=g\",\"url\":\"https:\\\/\\\/secure.gravatar.com\\\/avatar\\\/4c215dc57bbc7b2f2f470ac9bd197f3f112636a584e575a732d0206a2d9c9806?s=96&d=mm&r=g\",\"contentUrl\":\"https:\\\/\\\/secure.gravatar.com\\\/avatar\\\/4c215dc57bbc7b2f2f470ac9bd197f3f112636a584e575a732d0206a2d9c9806?s=96&d=mm&r=g\",\"caption\":\"admin\"},\"sameAs\":[\"https:\\\/\\\/saltoecologico.es\"],\"url\":\"https:\\\/\\\/saltoecologico.es\\\/index.php\\\/author\\\/saltoecologico\\\/\"}]}<\/script>\n<!-- \/ Yoast SEO plugin. -->","yoast_head_json":{"title":"La coherencia personificada - Salto Ecol\u00f3gico","robots":{"index":"index","follow":"follow","max-snippet":"max-snippet:-1","max-image-preview":"max-image-preview:large","max-video-preview":"max-video-preview:-1"},"canonical":"https:\/\/saltoecologico.es\/index.php\/2025\/01\/26\/la-coherencia-personificada\/","og_locale":"es_ES","og_type":"article","og_title":"La coherencia personificada - Salto Ecol\u00f3gico","og_description":"Desde este grupo sabes perfectamente reconocer las bondades cuando se muestran de una manera clara y rotunda y es lo que vamos a hacer desde estas l\u00edneas con uno de los \u201cgur\u00fas\u201d m\u00e1s importantes de ese grupo ecologista denominado \u201cSalvar Chira Soria\u201d y que no es otro, sino que el se\u00f1or Don Eduardo Mart\u00edn Almeida. [&hellip;]","og_url":"https:\/\/saltoecologico.es\/index.php\/2025\/01\/26\/la-coherencia-personificada\/","og_site_name":"Salto Ecol\u00f3gico","article_publisher":"https:\/\/www.facebook.com\/Saltotransicionecologica","article_published_time":"2025-01-26T08:03:00+00:00","article_modified_time":"2025-04-20T08:04:14+00:00","og_image":[{"width":1024,"height":683,"url":"https:\/\/saltoecologico.es\/wp-content\/uploads\/2025\/04\/Eolico-10-1.jpg","type":"image\/jpeg"}],"author":"admin","twitter_card":"summary_large_image","twitter_misc":{"Escrito por":"admin","Tiempo de lectura":"3 minutos"},"schema":{"@context":"https:\/\/schema.org","@graph":[{"@type":"Article","@id":"https:\/\/saltoecologico.es\/index.php\/2025\/01\/26\/la-coherencia-personificada\/#article","isPartOf":{"@id":"https:\/\/saltoecologico.es\/index.php\/2025\/01\/26\/la-coherencia-personificada\/"},"author":{"name":"admin","@id":"https:\/\/saltoecologico.es\/#\/schema\/person\/7175eec4b3c123d86c675313c3a01a0b"},"headline":"La coherencia personificada","datePublished":"2025-01-26T08:03:00+00:00","dateModified":"2025-04-20T08:04:14+00:00","mainEntityOfPage":{"@id":"https:\/\/saltoecologico.es\/index.php\/2025\/01\/26\/la-coherencia-personificada\/"},"wordCount":563,"commentCount":0,"publisher":{"@id":"https:\/\/saltoecologico.es\/#organization"},"image":{"@id":"https:\/\/saltoecologico.es\/index.php\/2025\/01\/26\/la-coherencia-personificada\/#primaryimage"},"thumbnailUrl":"https:\/\/saltoecologico.es\/wp-content\/uploads\/2025\/04\/Eolico-10-1.jpg","articleSection":["General"],"inLanguage":"es","potentialAction":[{"@type":"CommentAction","name":"Comment","target":["https:\/\/saltoecologico.es\/index.php\/2025\/01\/26\/la-coherencia-personificada\/#respond"]}]},{"@type":"WebPage","@id":"https:\/\/saltoecologico.es\/index.php\/2025\/01\/26\/la-coherencia-personificada\/","url":"https:\/\/saltoecologico.es\/index.php\/2025\/01\/26\/la-coherencia-personificada\/","name":"La coherencia personificada - Salto Ecol\u00f3gico","isPartOf":{"@id":"https:\/\/saltoecologico.es\/#website"},"primaryImageOfPage":{"@id":"https:\/\/saltoecologico.es\/index.php\/2025\/01\/26\/la-coherencia-personificada\/#primaryimage"},"image":{"@id":"https:\/\/saltoecologico.es\/index.php\/2025\/01\/26\/la-coherencia-personificada\/#primaryimage"},"thumbnailUrl":"https:\/\/saltoecologico.es\/wp-content\/uploads\/2025\/04\/Eolico-10-1.jpg","datePublished":"2025-01-26T08:03:00+00:00","dateModified":"2025-04-20T08:04:14+00:00","breadcrumb":{"@id":"https:\/\/saltoecologico.es\/index.php\/2025\/01\/26\/la-coherencia-personificada\/#breadcrumb"},"inLanguage":"es","potentialAction":[{"@type":"ReadAction","target":["https:\/\/saltoecologico.es\/index.php\/2025\/01\/26\/la-coherencia-personificada\/"]}]},{"@type":"ImageObject","inLanguage":"es","@id":"https:\/\/saltoecologico.es\/index.php\/2025\/01\/26\/la-coherencia-personificada\/#primaryimage","url":"https:\/\/saltoecologico.es\/wp-content\/uploads\/2025\/04\/Eolico-10-1.jpg","contentUrl":"https:\/\/saltoecologico.es\/wp-content\/uploads\/2025\/04\/Eolico-10-1.jpg","width":1024,"height":683,"caption":"Sunset over windmills. Innovative energy creator for electric power production."},{"@type":"BreadcrumbList","@id":"https:\/\/saltoecologico.es\/index.php\/2025\/01\/26\/la-coherencia-personificada\/#breadcrumb","itemListElement":[{"@type":"ListItem","position":1,"name":"Portada","item":"https:\/\/saltoecologico.es\/"},{"@type":"ListItem","position":2,"name":"La coherencia personificada"}]},{"@type":"WebSite","@id":"https:\/\/saltoecologico.es\/#website","url":"https:\/\/saltoecologico.es\/","name":"Salto Ecol\u00f3gico","description":"","publisher":{"@id":"https:\/\/saltoecologico.es\/#organization"},"potentialAction":[{"@type":"SearchAction","target":{"@type":"EntryPoint","urlTemplate":"https:\/\/saltoecologico.es\/?s={search_term_string}"},"query-input":{"@type":"PropertyValueSpecification","valueRequired":true,"valueName":"search_term_string"}}],"inLanguage":"es"},{"@type":"Organization","@id":"https:\/\/saltoecologico.es\/#organization","name":"Salto a la Transici\u00f3n Ecol\u00f3gica","url":"https:\/\/saltoecologico.es\/","logo":{"@type":"ImageObject","inLanguage":"es","@id":"https:\/\/saltoecologico.es\/#\/schema\/logo\/image\/","url":"https:\/\/saltoecologico.es\/wp-content\/uploads\/2025\/04\/Logo-STE.jpg","contentUrl":"https:\/\/saltoecologico.es\/wp-content\/uploads\/2025\/04\/Logo-STE.jpg","width":435,"height":435,"caption":"Salto a la Transici\u00f3n Ecol\u00f3gica"},"image":{"@id":"https:\/\/saltoecologico.es\/#\/schema\/logo\/image\/"},"sameAs":["https:\/\/www.facebook.com\/Saltotransicionecologica"]},{"@type":"Person","@id":"https:\/\/saltoecologico.es\/#\/schema\/person\/7175eec4b3c123d86c675313c3a01a0b","name":"admin","image":{"@type":"ImageObject","inLanguage":"es","@id":"https:\/\/secure.gravatar.com\/avatar\/4c215dc57bbc7b2f2f470ac9bd197f3f112636a584e575a732d0206a2d9c9806?s=96&d=mm&r=g","url":"https:\/\/secure.gravatar.com\/avatar\/4c215dc57bbc7b2f2f470ac9bd197f3f112636a584e575a732d0206a2d9c9806?s=96&d=mm&r=g","contentUrl":"https:\/\/secure.gravatar.com\/avatar\/4c215dc57bbc7b2f2f470ac9bd197f3f112636a584e575a732d0206a2d9c9806?s=96&d=mm&r=g","caption":"admin"},"sameAs":["https:\/\/saltoecologico.es"],"url":"https:\/\/saltoecologico.es\/index.php\/author\/saltoecologico\/"}]}},"_links":{"self":[{"href":"https:\/\/saltoecologico.es\/index.php\/wp-json\/wp\/v2\/posts\/852","targetHints":{"allow":["GET"]}}],"collection":[{"href":"https:\/\/saltoecologico.es\/index.php\/wp-json\/wp\/v2\/posts"}],"about":[{"href":"https:\/\/saltoecologico.es\/index.php\/wp-json\/wp\/v2\/types\/post"}],"author":[{"embeddable":true,"href":"https:\/\/saltoecologico.es\/index.php\/wp-json\/wp\/v2\/users\/1"}],"replies":[{"embeddable":true,"href":"https:\/\/saltoecologico.es\/index.php\/wp-json\/wp\/v2\/comments?post=852"}],"version-history":[{"count":1,"href":"https:\/\/saltoecologico.es\/index.php\/wp-json\/wp\/v2\/posts\/852\/revisions"}],"predecessor-version":[{"id":854,"href":"https:\/\/saltoecologico.es\/index.php\/wp-json\/wp\/v2\/posts\/852\/revisions\/854"}],"wp:featuredmedia":[{"embeddable":true,"href":"https:\/\/saltoecologico.es\/index.php\/wp-json\/wp\/v2\/media\/853"}],"wp:attachment":[{"href":"https:\/\/saltoecologico.es\/index.php\/wp-json\/wp\/v2\/media?parent=852"}],"wp:term":[{"taxonomy":"category","embeddable":true,"href":"https:\/\/saltoecologico.es\/index.php\/wp-json\/wp\/v2\/categories?post=852"},{"taxonomy":"post_tag","embeddable":true,"href":"https:\/\/saltoecologico.es\/index.php\/wp-json\/wp\/v2\/tags?post=852"}],"curies":[{"name":"wp","href":"https:\/\/api.w.org\/{rel}","templated":true}]}}