{"id":855,"date":"2025-02-19T08:05:00","date_gmt":"2025-02-19T08:05:00","guid":{"rendered":"https:\/\/saltoecologico.es\/?p=855"},"modified":"2025-04-20T08:06:13","modified_gmt":"2025-04-20T08:06:13","slug":"isla-samso","status":"publish","type":"post","link":"https:\/\/saltoecologico.es\/index.php\/2025\/02\/19\/isla-samso\/","title":{"rendered":"Isla Samso"},"content":{"rendered":"\n<p class=\"wp-block-paragraph\">Recientemente hemos sido conocedores de que representantes del Cabildo, La Palma Renovable y Energ\u00eda Bonita han viajado para conocer la experiencia de la isla danesa de Sams\u00d8, al considerarla un modelo a seguir en transici\u00f3n energ\u00e9tica. Desde luego todo lo que sea aprender de modelos exitosos es una buena acci\u00f3n, pero como dice una c\u00e9lebre frase atribuida a Albert Einstein, \u201csi juzgas a un pez por su habilidad para trepar a los \u00e1rboles, pensar\u00e1 toda su vida que es un in\u00fatil\u201d.<\/p>\n\n\n\n<p class=\"wp-block-paragraph\">No es de recibo que los medios de comunicaci\u00f3n les vendan a los palmeros que existe una isla en Dinamarca que ha conseguido la descarbonizaci\u00f3n a base de aerogeneradores terrestres y marinos y placas fotovoltaicas, por muy participativo que sea el sistema y obviemos la parte m\u00e1s importante de todas y que es que la isla est\u00e1 conectada el\u00e9ctricamente con el continente. Est\u00e1 muy bien que la isla, la mayor parte del tiempo tenga excedente y utilice esta conexi\u00f3n para evacuarlos, pero lo que se omite es que la gestionabilidad necesaria, as\u00ed como la necesaria inercia y corrientes de cortocircuito del sistema, la proporciona la red continental. En otras palabras, si desconectamos el cable con el continente el sistema no podr\u00eda funcionar, as\u00ed de crudo, as\u00ed de sencillo.<\/p>\n\n\n\n<p class=\"wp-block-paragraph\">Si las informaciones publicadas fueran ciertas, a lo largo de 2025 podr\u00edamos hacer un art\u00edculo similar con la isla de La Gomera, dado que con el enlace submarino que va a tener con la isla de Tenerife y sus 12 MW que ya tiene instalados de e\u00f3lica terrestre y que est\u00e1 por encima de la punta necesaria de la isla, le va a permitir en muchas ocasiones, evacuar excedentes hacia Tenerife, con lo cual y siguiendo los c\u00e1nones de los periodistas que han escrito sobre la isla danesa, tendr\u00edamos una isla autosuficiente en buena parte del tiempo.<\/p>\n\n\n\n<p class=\"wp-block-paragraph\">La cuesti\u00f3n es que los 12 MW ya est\u00e1n perfectamente operativos, pero sin embargo la realidad actual hace que La Gomera no los pueda aprovechar por una sencilla raz\u00f3n y que es la necesaria gestionabilidad que no proporcionar\u00eda esos 12 MW conectados a la red. En cambio, cuando est\u00e9 conectada a Tenerife todo cambia absolutamente.<\/p>\n\n\n\n<p class=\"wp-block-paragraph\">Pues exactamente lo mismo ocurre con Sams\u00d8, si quitamos el enlace con Dinamarca, el sistema se torna insostenible.<\/p>\n\n\n\n<p class=\"wp-block-paragraph\">Por lo tanto, est\u00e1 bien estudiar el sistema participativo de los daneses, est\u00e1 bien analizar sus no inhibiciones para colocar energ\u00eda e\u00f3lica terrestre, tambi\u00e9n su no inhibici\u00f3n para instalar energ\u00eda e\u00f3lica marina, tan denostada en Canarias, pero poco m\u00e1s se puede aprovechar, porque lamentablemente La Palma no est\u00e1 conectada el\u00e9ctricamente con un sistema mayor, ni se espera que lo este ni a corto ni a medio plazo.<\/p>\n\n\n\n<p class=\"wp-block-paragraph\">Nos consta la buena voluntad de las instituciones palmeras, as\u00ed como de sus movimientos sociales en pos de la b\u00fasqueda de una soluci\u00f3n para su descarbonizaci\u00f3n, pero modestamente, desde nuestro punto de vista, se miran en los espejos equivocados.<\/p>\n\n\n\n<p class=\"wp-block-paragraph\">Todo sistema el\u00e9ctrico y sobre todo si es aislado como es el caso de La Palma, debe de cumplir tres requisitos fundamentales:<\/p>\n\n\n\n<ul class=\"wp-block-list\">\n<li>Una estabilidad din\u00e1mica entre la generaci\u00f3n y la demanda, estos es, que la generaci\u00f3n y la demanda est\u00e9n en todo momento equilibradas.<\/li>\n\n\n\n<li>Que la relaci\u00f3n entre la generaci\u00f3n gestionable y la no gestionable sea como mucho del 50%. La e\u00f3lica y la fotovoltaica son generaciones no gestionables. La generaci\u00f3n t\u00e9rmica, la hidr\u00e1ulica o la geot\u00e9rmica son gestionables.<\/li>\n\n\n\n<li>Que el sistema tenga la suficiente potencia rodante para garantizar la inercia de este, as\u00ed como las tan necesarias corrientes de cortocircuito para que funcionen adecuadamente los sistemas de protecci\u00f3n.<\/li>\n<\/ul>\n\n\n\n<p class=\"wp-block-paragraph\">Lamentablemente con un sistema basado \u00fanicamente en e\u00f3lica, fotovoltaica y bater\u00edas solo podr\u00edamos intentar cumplir y no adecuadamente, el primer requisito. Los otros dos se quedar\u00edan sin cumplir porque no se tendr\u00edan los medios para ello.<\/p>\n\n\n\n<p class=\"wp-block-paragraph\">Por lo tanto, a la Palma solo le queda dos opciones:<\/p>\n\n\n\n<ul class=\"wp-block-list\">\n<li>OPCI\u00d3N A: Conformarse con una descarbonizaci\u00f3n solo del sistema el\u00e9ctrico en un 50%, donde la mitad de la generaci\u00f3n ser\u00eda de e\u00f3lica y fotovoltaica y la otra mitad de grupos t\u00e9rmicos convencionales.<\/li>\n\n\n\n<li>OPCI\u00d3N B: Apostar por una descarbonizaci\u00f3n DE TODA LA ECONOM\u00cdA (no solo del sistema el\u00e9ctrico), para lo que necesitar\u00eda una penetraci\u00f3n de renovables suficiente, centrales hidroel\u00e9ctricas reversibles de bombeo puro, electrolizadores y la utilizaci\u00f3n del hidr\u00f3geno verde como vector energ\u00e9tico.<\/li>\n<\/ul>\n\n\n\n<p class=\"wp-block-paragraph\">Con la segunda opci\u00f3n se consigue tener un sistema el\u00e9ctrico 100% renovable, con los excedentes necesarios para fabricar el hidr\u00f3geno verde a partir del cual se puede generar el combustible necesario para la movilidad, tanto terrestre como mar\u00edtima y a\u00e9rea.<\/p>\n\n\n\n<p class=\"wp-block-paragraph\">Entendemos que la decisi\u00f3n pueda ser complicada, pero el problema es que ya no hay tiempo. Ya hemos pasado el grado y medio, que no deber\u00edamos haber pasado, por lo que ya estamos tardando en disminuir nuestras emisiones de gases de efecto invernadero, pero no uno o dos territorios, lo tenemos que hacer absolutamente todos, por muy peque\u00f1os que nos sintamos y por poco peso que pensamos que tenemos en los azares del planeta.<\/p>\n","protected":false},"excerpt":{"rendered":"<p>Recientemente hemos sido conocedores de que representantes del Cabildo, La Palma Renovable y Energ\u00eda Bonita han viajado para conocer la experiencia de la isla danesa de Sams\u00d8, al considerarla un modelo a seguir en transici\u00f3n energ\u00e9tica. Desde luego todo lo que sea aprender de modelos exitosos es una buena acci\u00f3n, pero como dice una c\u00e9lebre [&hellip;]<\/p>\n","protected":false},"author":1,"featured_media":856,"comment_status":"open","ping_status":"open","sticky":false,"template":"","format":"standard","meta":{"footnotes":""},"categories":[52,30],"tags":[],"class_list":["post-855","post","type-post","status-publish","format-standard","has-post-thumbnail","category-t_varios","category-transicion"],"yoast_head":"<!-- This site is optimized with the Yoast SEO plugin v28.2 - https:\/\/yoast.com\/product\/yoast-seo-wordpress\/ -->\n<title>Isla Samso - Salto Ecol\u00f3gico<\/title>\n<meta name=\"robots\" content=\"index, follow, max-snippet:-1, max-image-preview:large, max-video-preview:-1\" \/>\n<link rel=\"canonical\" href=\"https:\/\/saltoecologico.es\/index.php\/2025\/02\/19\/isla-samso\/\" \/>\n<meta property=\"og:locale\" content=\"es_ES\" \/>\n<meta property=\"og:type\" content=\"article\" \/>\n<meta property=\"og:title\" content=\"Isla Samso - Salto Ecol\u00f3gico\" \/>\n<meta property=\"og:description\" content=\"Recientemente hemos sido conocedores de que representantes del Cabildo, La Palma Renovable y Energ\u00eda Bonita han viajado para conocer la experiencia de la isla danesa de Sams\u00d8, al considerarla un modelo a seguir en transici\u00f3n energ\u00e9tica. Desde luego todo lo que sea aprender de modelos exitosos es una buena acci\u00f3n, pero como dice una c\u00e9lebre [&hellip;]\" \/>\n<meta property=\"og:url\" content=\"https:\/\/saltoecologico.es\/index.php\/2025\/02\/19\/isla-samso\/\" \/>\n<meta property=\"og:site_name\" content=\"Salto Ecol\u00f3gico\" \/>\n<meta property=\"article:publisher\" content=\"https:\/\/www.facebook.com\/Saltotransicionecologica\" \/>\n<meta property=\"article:published_time\" content=\"2025-02-19T08:05:00+00:00\" \/>\n<meta property=\"article:modified_time\" content=\"2025-04-20T08:06:13+00:00\" \/>\n<meta property=\"og:image\" content=\"https:\/\/saltoecologico.es\/wp-content\/uploads\/2025\/04\/Eolico-11-2.jpg\" \/>\n\t<meta property=\"og:image:width\" content=\"1024\" \/>\n\t<meta property=\"og:image:height\" content=\"683\" \/>\n\t<meta property=\"og:image:type\" content=\"image\/jpeg\" \/>\n<meta name=\"author\" content=\"admin\" \/>\n<meta name=\"twitter:card\" content=\"summary_large_image\" \/>\n<meta name=\"twitter:label1\" content=\"Escrito por\" \/>\n\t<meta name=\"twitter:data1\" content=\"admin\" \/>\n\t<meta name=\"twitter:label2\" content=\"Tiempo de lectura\" \/>\n\t<meta name=\"twitter:data2\" content=\"4 minutos\" \/>\n<script type=\"application\/ld+json\" class=\"yoast-schema-graph\">{\"@context\":\"https:\\\/\\\/schema.org\",\"@graph\":[{\"@type\":\"Article\",\"@id\":\"https:\\\/\\\/saltoecologico.es\\\/index.php\\\/2025\\\/02\\\/19\\\/isla-samso\\\/#article\",\"isPartOf\":{\"@id\":\"https:\\\/\\\/saltoecologico.es\\\/index.php\\\/2025\\\/02\\\/19\\\/isla-samso\\\/\"},\"author\":{\"name\":\"admin\",\"@id\":\"https:\\\/\\\/saltoecologico.es\\\/#\\\/schema\\\/person\\\/7175eec4b3c123d86c675313c3a01a0b\"},\"headline\":\"Isla Samso\",\"datePublished\":\"2025-02-19T08:05:00+00:00\",\"dateModified\":\"2025-04-20T08:06:13+00:00\",\"mainEntityOfPage\":{\"@id\":\"https:\\\/\\\/saltoecologico.es\\\/index.php\\\/2025\\\/02\\\/19\\\/isla-samso\\\/\"},\"wordCount\":897,\"commentCount\":0,\"publisher\":{\"@id\":\"https:\\\/\\\/saltoecologico.es\\\/#organization\"},\"image\":{\"@id\":\"https:\\\/\\\/saltoecologico.es\\\/index.php\\\/2025\\\/02\\\/19\\\/isla-samso\\\/#primaryimage\"},\"thumbnailUrl\":\"https:\\\/\\\/saltoecologico.es\\\/wp-content\\\/uploads\\\/2025\\\/04\\\/Eolico-11-2.jpg\",\"articleSection\":[\"T_Varios\",\"Transici\u00f3n\"],\"inLanguage\":\"es\",\"potentialAction\":[{\"@type\":\"CommentAction\",\"name\":\"Comment\",\"target\":[\"https:\\\/\\\/saltoecologico.es\\\/index.php\\\/2025\\\/02\\\/19\\\/isla-samso\\\/#respond\"]}]},{\"@type\":\"WebPage\",\"@id\":\"https:\\\/\\\/saltoecologico.es\\\/index.php\\\/2025\\\/02\\\/19\\\/isla-samso\\\/\",\"url\":\"https:\\\/\\\/saltoecologico.es\\\/index.php\\\/2025\\\/02\\\/19\\\/isla-samso\\\/\",\"name\":\"Isla Samso - Salto Ecol\u00f3gico\",\"isPartOf\":{\"@id\":\"https:\\\/\\\/saltoecologico.es\\\/#website\"},\"primaryImageOfPage\":{\"@id\":\"https:\\\/\\\/saltoecologico.es\\\/index.php\\\/2025\\\/02\\\/19\\\/isla-samso\\\/#primaryimage\"},\"image\":{\"@id\":\"https:\\\/\\\/saltoecologico.es\\\/index.php\\\/2025\\\/02\\\/19\\\/isla-samso\\\/#primaryimage\"},\"thumbnailUrl\":\"https:\\\/\\\/saltoecologico.es\\\/wp-content\\\/uploads\\\/2025\\\/04\\\/Eolico-11-2.jpg\",\"datePublished\":\"2025-02-19T08:05:00+00:00\",\"dateModified\":\"2025-04-20T08:06:13+00:00\",\"breadcrumb\":{\"@id\":\"https:\\\/\\\/saltoecologico.es\\\/index.php\\\/2025\\\/02\\\/19\\\/isla-samso\\\/#breadcrumb\"},\"inLanguage\":\"es\",\"potentialAction\":[{\"@type\":\"ReadAction\",\"target\":[\"https:\\\/\\\/saltoecologico.es\\\/index.php\\\/2025\\\/02\\\/19\\\/isla-samso\\\/\"]}]},{\"@type\":\"ImageObject\",\"inLanguage\":\"es\",\"@id\":\"https:\\\/\\\/saltoecologico.es\\\/index.php\\\/2025\\\/02\\\/19\\\/isla-samso\\\/#primaryimage\",\"url\":\"https:\\\/\\\/saltoecologico.es\\\/wp-content\\\/uploads\\\/2025\\\/04\\\/Eolico-11-2.jpg\",\"contentUrl\":\"https:\\\/\\\/saltoecologico.es\\\/wp-content\\\/uploads\\\/2025\\\/04\\\/Eolico-11-2.jpg\",\"width\":1024,\"height\":683,\"caption\":\"Typical windmill or aerogenerator of aeolian energy\"},{\"@type\":\"BreadcrumbList\",\"@id\":\"https:\\\/\\\/saltoecologico.es\\\/index.php\\\/2025\\\/02\\\/19\\\/isla-samso\\\/#breadcrumb\",\"itemListElement\":[{\"@type\":\"ListItem\",\"position\":1,\"name\":\"Portada\",\"item\":\"https:\\\/\\\/saltoecologico.es\\\/\"},{\"@type\":\"ListItem\",\"position\":2,\"name\":\"Isla Samso\"}]},{\"@type\":\"WebSite\",\"@id\":\"https:\\\/\\\/saltoecologico.es\\\/#website\",\"url\":\"https:\\\/\\\/saltoecologico.es\\\/\",\"name\":\"Salto Ecol\u00f3gico\",\"description\":\"\",\"publisher\":{\"@id\":\"https:\\\/\\\/saltoecologico.es\\\/#organization\"},\"potentialAction\":[{\"@type\":\"SearchAction\",\"target\":{\"@type\":\"EntryPoint\",\"urlTemplate\":\"https:\\\/\\\/saltoecologico.es\\\/?s={search_term_string}\"},\"query-input\":{\"@type\":\"PropertyValueSpecification\",\"valueRequired\":true,\"valueName\":\"search_term_string\"}}],\"inLanguage\":\"es\"},{\"@type\":\"Organization\",\"@id\":\"https:\\\/\\\/saltoecologico.es\\\/#organization\",\"name\":\"Salto a la Transici\u00f3n Ecol\u00f3gica\",\"url\":\"https:\\\/\\\/saltoecologico.es\\\/\",\"logo\":{\"@type\":\"ImageObject\",\"inLanguage\":\"es\",\"@id\":\"https:\\\/\\\/saltoecologico.es\\\/#\\\/schema\\\/logo\\\/image\\\/\",\"url\":\"https:\\\/\\\/saltoecologico.es\\\/wp-content\\\/uploads\\\/2025\\\/04\\\/Logo-STE.jpg\",\"contentUrl\":\"https:\\\/\\\/saltoecologico.es\\\/wp-content\\\/uploads\\\/2025\\\/04\\\/Logo-STE.jpg\",\"width\":435,\"height\":435,\"caption\":\"Salto a la Transici\u00f3n Ecol\u00f3gica\"},\"image\":{\"@id\":\"https:\\\/\\\/saltoecologico.es\\\/#\\\/schema\\\/logo\\\/image\\\/\"},\"sameAs\":[\"https:\\\/\\\/www.facebook.com\\\/Saltotransicionecologica\"]},{\"@type\":\"Person\",\"@id\":\"https:\\\/\\\/saltoecologico.es\\\/#\\\/schema\\\/person\\\/7175eec4b3c123d86c675313c3a01a0b\",\"name\":\"admin\",\"image\":{\"@type\":\"ImageObject\",\"inLanguage\":\"es\",\"@id\":\"https:\\\/\\\/secure.gravatar.com\\\/avatar\\\/4c215dc57bbc7b2f2f470ac9bd197f3f112636a584e575a732d0206a2d9c9806?s=96&d=mm&r=g\",\"url\":\"https:\\\/\\\/secure.gravatar.com\\\/avatar\\\/4c215dc57bbc7b2f2f470ac9bd197f3f112636a584e575a732d0206a2d9c9806?s=96&d=mm&r=g\",\"contentUrl\":\"https:\\\/\\\/secure.gravatar.com\\\/avatar\\\/4c215dc57bbc7b2f2f470ac9bd197f3f112636a584e575a732d0206a2d9c9806?s=96&d=mm&r=g\",\"caption\":\"admin\"},\"sameAs\":[\"https:\\\/\\\/saltoecologico.es\"],\"url\":\"https:\\\/\\\/saltoecologico.es\\\/index.php\\\/author\\\/saltoecologico\\\/\"}]}<\/script>\n<!-- \/ Yoast SEO plugin. -->","yoast_head_json":{"title":"Isla Samso - Salto Ecol\u00f3gico","robots":{"index":"index","follow":"follow","max-snippet":"max-snippet:-1","max-image-preview":"max-image-preview:large","max-video-preview":"max-video-preview:-1"},"canonical":"https:\/\/saltoecologico.es\/index.php\/2025\/02\/19\/isla-samso\/","og_locale":"es_ES","og_type":"article","og_title":"Isla Samso - Salto Ecol\u00f3gico","og_description":"Recientemente hemos sido conocedores de que representantes del Cabildo, La Palma Renovable y Energ\u00eda Bonita han viajado para conocer la experiencia de la isla danesa de Sams\u00d8, al considerarla un modelo a seguir en transici\u00f3n energ\u00e9tica. Desde luego todo lo que sea aprender de modelos exitosos es una buena acci\u00f3n, pero como dice una c\u00e9lebre [&hellip;]","og_url":"https:\/\/saltoecologico.es\/index.php\/2025\/02\/19\/isla-samso\/","og_site_name":"Salto Ecol\u00f3gico","article_publisher":"https:\/\/www.facebook.com\/Saltotransicionecologica","article_published_time":"2025-02-19T08:05:00+00:00","article_modified_time":"2025-04-20T08:06:13+00:00","og_image":[{"width":1024,"height":683,"url":"https:\/\/saltoecologico.es\/wp-content\/uploads\/2025\/04\/Eolico-11-2.jpg","type":"image\/jpeg"}],"author":"admin","twitter_card":"summary_large_image","twitter_misc":{"Escrito por":"admin","Tiempo de lectura":"4 minutos"},"schema":{"@context":"https:\/\/schema.org","@graph":[{"@type":"Article","@id":"https:\/\/saltoecologico.es\/index.php\/2025\/02\/19\/isla-samso\/#article","isPartOf":{"@id":"https:\/\/saltoecologico.es\/index.php\/2025\/02\/19\/isla-samso\/"},"author":{"name":"admin","@id":"https:\/\/saltoecologico.es\/#\/schema\/person\/7175eec4b3c123d86c675313c3a01a0b"},"headline":"Isla Samso","datePublished":"2025-02-19T08:05:00+00:00","dateModified":"2025-04-20T08:06:13+00:00","mainEntityOfPage":{"@id":"https:\/\/saltoecologico.es\/index.php\/2025\/02\/19\/isla-samso\/"},"wordCount":897,"commentCount":0,"publisher":{"@id":"https:\/\/saltoecologico.es\/#organization"},"image":{"@id":"https:\/\/saltoecologico.es\/index.php\/2025\/02\/19\/isla-samso\/#primaryimage"},"thumbnailUrl":"https:\/\/saltoecologico.es\/wp-content\/uploads\/2025\/04\/Eolico-11-2.jpg","articleSection":["T_Varios","Transici\u00f3n"],"inLanguage":"es","potentialAction":[{"@type":"CommentAction","name":"Comment","target":["https:\/\/saltoecologico.es\/index.php\/2025\/02\/19\/isla-samso\/#respond"]}]},{"@type":"WebPage","@id":"https:\/\/saltoecologico.es\/index.php\/2025\/02\/19\/isla-samso\/","url":"https:\/\/saltoecologico.es\/index.php\/2025\/02\/19\/isla-samso\/","name":"Isla Samso - Salto Ecol\u00f3gico","isPartOf":{"@id":"https:\/\/saltoecologico.es\/#website"},"primaryImageOfPage":{"@id":"https:\/\/saltoecologico.es\/index.php\/2025\/02\/19\/isla-samso\/#primaryimage"},"image":{"@id":"https:\/\/saltoecologico.es\/index.php\/2025\/02\/19\/isla-samso\/#primaryimage"},"thumbnailUrl":"https:\/\/saltoecologico.es\/wp-content\/uploads\/2025\/04\/Eolico-11-2.jpg","datePublished":"2025-02-19T08:05:00+00:00","dateModified":"2025-04-20T08:06:13+00:00","breadcrumb":{"@id":"https:\/\/saltoecologico.es\/index.php\/2025\/02\/19\/isla-samso\/#breadcrumb"},"inLanguage":"es","potentialAction":[{"@type":"ReadAction","target":["https:\/\/saltoecologico.es\/index.php\/2025\/02\/19\/isla-samso\/"]}]},{"@type":"ImageObject","inLanguage":"es","@id":"https:\/\/saltoecologico.es\/index.php\/2025\/02\/19\/isla-samso\/#primaryimage","url":"https:\/\/saltoecologico.es\/wp-content\/uploads\/2025\/04\/Eolico-11-2.jpg","contentUrl":"https:\/\/saltoecologico.es\/wp-content\/uploads\/2025\/04\/Eolico-11-2.jpg","width":1024,"height":683,"caption":"Typical windmill or aerogenerator of aeolian energy"},{"@type":"BreadcrumbList","@id":"https:\/\/saltoecologico.es\/index.php\/2025\/02\/19\/isla-samso\/#breadcrumb","itemListElement":[{"@type":"ListItem","position":1,"name":"Portada","item":"https:\/\/saltoecologico.es\/"},{"@type":"ListItem","position":2,"name":"Isla Samso"}]},{"@type":"WebSite","@id":"https:\/\/saltoecologico.es\/#website","url":"https:\/\/saltoecologico.es\/","name":"Salto Ecol\u00f3gico","description":"","publisher":{"@id":"https:\/\/saltoecologico.es\/#organization"},"potentialAction":[{"@type":"SearchAction","target":{"@type":"EntryPoint","urlTemplate":"https:\/\/saltoecologico.es\/?s={search_term_string}"},"query-input":{"@type":"PropertyValueSpecification","valueRequired":true,"valueName":"search_term_string"}}],"inLanguage":"es"},{"@type":"Organization","@id":"https:\/\/saltoecologico.es\/#organization","name":"Salto a la Transici\u00f3n Ecol\u00f3gica","url":"https:\/\/saltoecologico.es\/","logo":{"@type":"ImageObject","inLanguage":"es","@id":"https:\/\/saltoecologico.es\/#\/schema\/logo\/image\/","url":"https:\/\/saltoecologico.es\/wp-content\/uploads\/2025\/04\/Logo-STE.jpg","contentUrl":"https:\/\/saltoecologico.es\/wp-content\/uploads\/2025\/04\/Logo-STE.jpg","width":435,"height":435,"caption":"Salto a la Transici\u00f3n Ecol\u00f3gica"},"image":{"@id":"https:\/\/saltoecologico.es\/#\/schema\/logo\/image\/"},"sameAs":["https:\/\/www.facebook.com\/Saltotransicionecologica"]},{"@type":"Person","@id":"https:\/\/saltoecologico.es\/#\/schema\/person\/7175eec4b3c123d86c675313c3a01a0b","name":"admin","image":{"@type":"ImageObject","inLanguage":"es","@id":"https:\/\/secure.gravatar.com\/avatar\/4c215dc57bbc7b2f2f470ac9bd197f3f112636a584e575a732d0206a2d9c9806?s=96&d=mm&r=g","url":"https:\/\/secure.gravatar.com\/avatar\/4c215dc57bbc7b2f2f470ac9bd197f3f112636a584e575a732d0206a2d9c9806?s=96&d=mm&r=g","contentUrl":"https:\/\/secure.gravatar.com\/avatar\/4c215dc57bbc7b2f2f470ac9bd197f3f112636a584e575a732d0206a2d9c9806?s=96&d=mm&r=g","caption":"admin"},"sameAs":["https:\/\/saltoecologico.es"],"url":"https:\/\/saltoecologico.es\/index.php\/author\/saltoecologico\/"}]}},"_links":{"self":[{"href":"https:\/\/saltoecologico.es\/index.php\/wp-json\/wp\/v2\/posts\/855","targetHints":{"allow":["GET"]}}],"collection":[{"href":"https:\/\/saltoecologico.es\/index.php\/wp-json\/wp\/v2\/posts"}],"about":[{"href":"https:\/\/saltoecologico.es\/index.php\/wp-json\/wp\/v2\/types\/post"}],"author":[{"embeddable":true,"href":"https:\/\/saltoecologico.es\/index.php\/wp-json\/wp\/v2\/users\/1"}],"replies":[{"embeddable":true,"href":"https:\/\/saltoecologico.es\/index.php\/wp-json\/wp\/v2\/comments?post=855"}],"version-history":[{"count":1,"href":"https:\/\/saltoecologico.es\/index.php\/wp-json\/wp\/v2\/posts\/855\/revisions"}],"predecessor-version":[{"id":857,"href":"https:\/\/saltoecologico.es\/index.php\/wp-json\/wp\/v2\/posts\/855\/revisions\/857"}],"wp:featuredmedia":[{"embeddable":true,"href":"https:\/\/saltoecologico.es\/index.php\/wp-json\/wp\/v2\/media\/856"}],"wp:attachment":[{"href":"https:\/\/saltoecologico.es\/index.php\/wp-json\/wp\/v2\/media?parent=855"}],"wp:term":[{"taxonomy":"category","embeddable":true,"href":"https:\/\/saltoecologico.es\/index.php\/wp-json\/wp\/v2\/categories?post=855"},{"taxonomy":"post_tag","embeddable":true,"href":"https:\/\/saltoecologico.es\/index.php\/wp-json\/wp\/v2\/tags?post=855"}],"curies":[{"name":"wp","href":"https:\/\/api.w.org\/{rel}","templated":true}]}}