{"id":858,"date":"2025-02-21T08:07:00","date_gmt":"2025-02-21T08:07:00","guid":{"rendered":"https:\/\/saltoecologico.es\/?p=858"},"modified":"2025-04-20T08:08:39","modified_gmt":"2025-04-20T08:08:39","slug":"perspectiva-erronea","status":"publish","type":"post","link":"https:\/\/saltoecologico.es\/index.php\/2025\/02\/21\/perspectiva-erronea\/","title":{"rendered":"Perspectiva err\u00f3nea"},"content":{"rendered":"\n<p class=\"wp-block-paragraph\">Los colectivos ecologistas que se oponen sistem\u00e1ticamente a la instalaci\u00f3n de proyectos e\u00f3licos y fotovoltaicos en suelo bajo la premisa de que toda la demanda el\u00e9ctrica de Gran Canaria puede cubrirse \u00fanicamente con paneles en tejados est\u00e1n incurriendo en un grave error de c\u00e1lculo y una postura completamente irracional. Afirmar que la generaci\u00f3n distribuida en cubiertas de edificios es suficiente para alimentar un sistema el\u00e9ctrico insular tan complejo y exigente como el de Gran Canaria ignora no solo las limitaciones de espacio real, sino tambi\u00e9n las barreras t\u00e9cnicas, econ\u00f3micas y operativas que hacen que esta propuesta sea completamente inviable.<\/p>\n\n\n\n<p class=\"wp-block-paragraph\">La realidad es que la superficie de tejados disponible en la isla, incluso en un escenario extremadamente optimista, no alcanza ni de lejos la necesaria para cubrir una demanda anual que ronda los 4.200 GWh. La potencia fotovoltaica requerida ser\u00eda superior a los 2.400 MWp, lo que implica una superficie de tejados superior a 12 km\u00b2, un dato completamente inalcanzable teniendo en cuenta las restricciones urban\u00edsticas, la orientaci\u00f3n de los edificios, las sombras y la falta de estructura para soportar tales instalaciones. Este argumento simplista es una barrera para una transici\u00f3n energ\u00e9tica realista y viable, pues retrasa la implantaci\u00f3n de proyectos renovables a gran escala que son absolutamente imprescindibles.<\/p>\n\n\n\n<p class=\"wp-block-paragraph\">Pero m\u00e1s all\u00e1 del problema de espacio, la fotovoltaica por s\u00ed sola es incapaz de proporcionar seguridad de suministro debido a su naturaleza intermitente. No produce electricidad por la noche y su generaci\u00f3n var\u00eda en funci\u00f3n de la meteorolog\u00eda. Pretender que esto puede resolverse solo con bater\u00edas es una falacia t\u00e9cnica y econ\u00f3mica. Para garantizar la continuidad del suministro, se requerir\u00edan bater\u00edas con una capacidad de almacenamiento superior a los 20.000 MWh diarios, una inversi\u00f3n desorbitada de m\u00e1s de 15.000 millones de euros, sin contar con que las bater\u00edas tienen una vida \u00fatil limitada y necesitar\u00edan ser reemplazadas peri\u00f3dicamente, lo que incrementa a\u00fan m\u00e1s los costos y la dependencia de materiales cr\u00edticos con alto impacto ambiental.<\/p>\n\n\n\n<p class=\"wp-block-paragraph\">Al negarse a aceptar un mix renovable diversificado que incluya e\u00f3lica, geotermia e hidrobombeo, los detractores de estos proyectos est\u00e1n promoviendo una idea ut\u00f3pica que, en la pr\u00e1ctica, solo conseguir\u00e1 prolongar la dependencia de los combustibles f\u00f3siles. Gran Canaria tiene un potencial e\u00f3lico excepcional, que permitir\u00eda cubrir gran parte de la demanda con un recurso estable y predecible, complementando perfectamente la generaci\u00f3n fotovoltaica. Rechazar esta opci\u00f3n es, simple y llanamente, condenar a la isla a seguir quemando gas y di\u00e9sel para producir electricidad. El hidrobombeo, por su parte, es una soluci\u00f3n de almacenamiento mucho m\u00e1s eficiente y sostenible a largo plazo que las bater\u00edas, con una vida \u00fatil de m\u00e1s de 50 a\u00f1os y sin dependencia de materiales escasos.<\/p>\n\n\n\n<p class=\"wp-block-paragraph\">Resulta inaceptable que bajo el pretexto de la protecci\u00f3n del territorio se frene el desarrollo de las energ\u00edas renovables en Canarias. La descarbonizaci\u00f3n requiere soluciones t\u00e9cnicas viables y no planteamientos dogm\u00e1ticos basados en percepciones err\u00f3neas o intereses pol\u00edticos. No es posible sostener un sistema el\u00e9ctrico solo con paneles en tejados y bater\u00edas sin comprometer la estabilidad de la red y asumir un coste prohibitivo. La \u00fanica opci\u00f3n viable es un mix energ\u00e9tico equilibrado que combine diferentes tecnolog\u00edas y permita una transici\u00f3n eficiente y sostenible. Seguir promoviendo un modelo basado exclusivamente en la fotovoltaica en cubiertas es un obst\u00e1culo para el progreso y una estrategia que solo beneficia a quienes desean perpetuar el uso de combustibles f\u00f3siles. Es hora de adoptar una visi\u00f3n pragm\u00e1tica y basada en datos, no en ideolog\u00edas infundadas que ponen en riesgo la verdadera transformaci\u00f3n energ\u00e9tica de Gran Canaria.<\/p>\n","protected":false},"excerpt":{"rendered":"<p>Los colectivos ecologistas que se oponen sistem\u00e1ticamente a la instalaci\u00f3n de proyectos e\u00f3licos y fotovoltaicos en suelo bajo la premisa de que toda la demanda el\u00e9ctrica de Gran Canaria puede cubrirse \u00fanicamente con paneles en tejados est\u00e1n incurriendo en un grave error de c\u00e1lculo y una postura completamente irracional. Afirmar que la generaci\u00f3n distribuida en [&hellip;]<\/p>\n","protected":false},"author":1,"featured_media":859,"comment_status":"open","ping_status":"open","sticky":false,"template":"","format":"standard","meta":{"footnotes":""},"categories":[52],"tags":[],"class_list":["post-858","post","type-post","status-publish","format-standard","has-post-thumbnail","category-t_varios"],"yoast_head":"<!-- This site is optimized with the Yoast SEO plugin v28.2 - https:\/\/yoast.com\/product\/yoast-seo-wordpress\/ -->\n<title>Perspectiva err\u00f3nea - Salto Ecol\u00f3gico<\/title>\n<meta name=\"robots\" content=\"index, follow, max-snippet:-1, max-image-preview:large, max-video-preview:-1\" \/>\n<link rel=\"canonical\" href=\"https:\/\/saltoecologico.es\/index.php\/2025\/02\/21\/perspectiva-erronea\/\" \/>\n<meta property=\"og:locale\" content=\"es_ES\" \/>\n<meta property=\"og:type\" content=\"article\" \/>\n<meta property=\"og:title\" content=\"Perspectiva err\u00f3nea - Salto Ecol\u00f3gico\" \/>\n<meta property=\"og:description\" content=\"Los colectivos ecologistas que se oponen sistem\u00e1ticamente a la instalaci\u00f3n de proyectos e\u00f3licos y fotovoltaicos en suelo bajo la premisa de que toda la demanda el\u00e9ctrica de Gran Canaria puede cubrirse \u00fanicamente con paneles en tejados est\u00e1n incurriendo en un grave error de c\u00e1lculo y una postura completamente irracional. Afirmar que la generaci\u00f3n distribuida en [&hellip;]\" \/>\n<meta property=\"og:url\" content=\"https:\/\/saltoecologico.es\/index.php\/2025\/02\/21\/perspectiva-erronea\/\" \/>\n<meta property=\"og:site_name\" content=\"Salto Ecol\u00f3gico\" \/>\n<meta property=\"article:publisher\" content=\"https:\/\/www.facebook.com\/Saltotransicionecologica\" \/>\n<meta property=\"article:published_time\" content=\"2025-02-21T08:07:00+00:00\" \/>\n<meta property=\"article:modified_time\" content=\"2025-04-20T08:08:39+00:00\" \/>\n<meta property=\"og:image\" content=\"https:\/\/saltoecologico.es\/wp-content\/uploads\/2025\/04\/Eolico-12.jpg\" \/>\n\t<meta property=\"og:image:width\" content=\"1024\" \/>\n\t<meta property=\"og:image:height\" content=\"683\" \/>\n\t<meta property=\"og:image:type\" content=\"image\/jpeg\" \/>\n<meta name=\"author\" content=\"admin\" \/>\n<meta name=\"twitter:card\" content=\"summary_large_image\" \/>\n<meta name=\"twitter:label1\" content=\"Escrito por\" \/>\n\t<meta name=\"twitter:data1\" content=\"admin\" \/>\n\t<meta name=\"twitter:label2\" content=\"Tiempo de lectura\" \/>\n\t<meta name=\"twitter:data2\" content=\"3 minutos\" \/>\n<script type=\"application\/ld+json\" class=\"yoast-schema-graph\">{\"@context\":\"https:\\\/\\\/schema.org\",\"@graph\":[{\"@type\":\"Article\",\"@id\":\"https:\\\/\\\/saltoecologico.es\\\/index.php\\\/2025\\\/02\\\/21\\\/perspectiva-erronea\\\/#article\",\"isPartOf\":{\"@id\":\"https:\\\/\\\/saltoecologico.es\\\/index.php\\\/2025\\\/02\\\/21\\\/perspectiva-erronea\\\/\"},\"author\":{\"name\":\"admin\",\"@id\":\"https:\\\/\\\/saltoecologico.es\\\/#\\\/schema\\\/person\\\/7175eec4b3c123d86c675313c3a01a0b\"},\"headline\":\"Perspectiva err\u00f3nea\",\"datePublished\":\"2025-02-21T08:07:00+00:00\",\"dateModified\":\"2025-04-20T08:08:39+00:00\",\"mainEntityOfPage\":{\"@id\":\"https:\\\/\\\/saltoecologico.es\\\/index.php\\\/2025\\\/02\\\/21\\\/perspectiva-erronea\\\/\"},\"wordCount\":652,\"commentCount\":0,\"publisher\":{\"@id\":\"https:\\\/\\\/saltoecologico.es\\\/#organization\"},\"image\":{\"@id\":\"https:\\\/\\\/saltoecologico.es\\\/index.php\\\/2025\\\/02\\\/21\\\/perspectiva-erronea\\\/#primaryimage\"},\"thumbnailUrl\":\"https:\\\/\\\/saltoecologico.es\\\/wp-content\\\/uploads\\\/2025\\\/04\\\/Eolico-12.jpg\",\"articleSection\":[\"T_Varios\"],\"inLanguage\":\"es\",\"potentialAction\":[{\"@type\":\"CommentAction\",\"name\":\"Comment\",\"target\":[\"https:\\\/\\\/saltoecologico.es\\\/index.php\\\/2025\\\/02\\\/21\\\/perspectiva-erronea\\\/#respond\"]}]},{\"@type\":\"WebPage\",\"@id\":\"https:\\\/\\\/saltoecologico.es\\\/index.php\\\/2025\\\/02\\\/21\\\/perspectiva-erronea\\\/\",\"url\":\"https:\\\/\\\/saltoecologico.es\\\/index.php\\\/2025\\\/02\\\/21\\\/perspectiva-erronea\\\/\",\"name\":\"Perspectiva err\u00f3nea - Salto Ecol\u00f3gico\",\"isPartOf\":{\"@id\":\"https:\\\/\\\/saltoecologico.es\\\/#website\"},\"primaryImageOfPage\":{\"@id\":\"https:\\\/\\\/saltoecologico.es\\\/index.php\\\/2025\\\/02\\\/21\\\/perspectiva-erronea\\\/#primaryimage\"},\"image\":{\"@id\":\"https:\\\/\\\/saltoecologico.es\\\/index.php\\\/2025\\\/02\\\/21\\\/perspectiva-erronea\\\/#primaryimage\"},\"thumbnailUrl\":\"https:\\\/\\\/saltoecologico.es\\\/wp-content\\\/uploads\\\/2025\\\/04\\\/Eolico-12.jpg\",\"datePublished\":\"2025-02-21T08:07:00+00:00\",\"dateModified\":\"2025-04-20T08:08:39+00:00\",\"breadcrumb\":{\"@id\":\"https:\\\/\\\/saltoecologico.es\\\/index.php\\\/2025\\\/02\\\/21\\\/perspectiva-erronea\\\/#breadcrumb\"},\"inLanguage\":\"es\",\"potentialAction\":[{\"@type\":\"ReadAction\",\"target\":[\"https:\\\/\\\/saltoecologico.es\\\/index.php\\\/2025\\\/02\\\/21\\\/perspectiva-erronea\\\/\"]}]},{\"@type\":\"ImageObject\",\"inLanguage\":\"es\",\"@id\":\"https:\\\/\\\/saltoecologico.es\\\/index.php\\\/2025\\\/02\\\/21\\\/perspectiva-erronea\\\/#primaryimage\",\"url\":\"https:\\\/\\\/saltoecologico.es\\\/wp-content\\\/uploads\\\/2025\\\/04\\\/Eolico-12.jpg\",\"contentUrl\":\"https:\\\/\\\/saltoecologico.es\\\/wp-content\\\/uploads\\\/2025\\\/04\\\/Eolico-12.jpg\",\"width\":1024,\"height\":683,\"caption\":\"Two multiracial industrial workers examining wind turbines blueprints with amazing sunset on background. Rural area with eco farm of production clean green energy.\"},{\"@type\":\"BreadcrumbList\",\"@id\":\"https:\\\/\\\/saltoecologico.es\\\/index.php\\\/2025\\\/02\\\/21\\\/perspectiva-erronea\\\/#breadcrumb\",\"itemListElement\":[{\"@type\":\"ListItem\",\"position\":1,\"name\":\"Portada\",\"item\":\"https:\\\/\\\/saltoecologico.es\\\/\"},{\"@type\":\"ListItem\",\"position\":2,\"name\":\"Perspectiva err\u00f3nea\"}]},{\"@type\":\"WebSite\",\"@id\":\"https:\\\/\\\/saltoecologico.es\\\/#website\",\"url\":\"https:\\\/\\\/saltoecologico.es\\\/\",\"name\":\"Salto Ecol\u00f3gico\",\"description\":\"\",\"publisher\":{\"@id\":\"https:\\\/\\\/saltoecologico.es\\\/#organization\"},\"potentialAction\":[{\"@type\":\"SearchAction\",\"target\":{\"@type\":\"EntryPoint\",\"urlTemplate\":\"https:\\\/\\\/saltoecologico.es\\\/?s={search_term_string}\"},\"query-input\":{\"@type\":\"PropertyValueSpecification\",\"valueRequired\":true,\"valueName\":\"search_term_string\"}}],\"inLanguage\":\"es\"},{\"@type\":\"Organization\",\"@id\":\"https:\\\/\\\/saltoecologico.es\\\/#organization\",\"name\":\"Salto a la Transici\u00f3n Ecol\u00f3gica\",\"url\":\"https:\\\/\\\/saltoecologico.es\\\/\",\"logo\":{\"@type\":\"ImageObject\",\"inLanguage\":\"es\",\"@id\":\"https:\\\/\\\/saltoecologico.es\\\/#\\\/schema\\\/logo\\\/image\\\/\",\"url\":\"https:\\\/\\\/saltoecologico.es\\\/wp-content\\\/uploads\\\/2025\\\/04\\\/Logo-STE.jpg\",\"contentUrl\":\"https:\\\/\\\/saltoecologico.es\\\/wp-content\\\/uploads\\\/2025\\\/04\\\/Logo-STE.jpg\",\"width\":435,\"height\":435,\"caption\":\"Salto a la Transici\u00f3n Ecol\u00f3gica\"},\"image\":{\"@id\":\"https:\\\/\\\/saltoecologico.es\\\/#\\\/schema\\\/logo\\\/image\\\/\"},\"sameAs\":[\"https:\\\/\\\/www.facebook.com\\\/Saltotransicionecologica\"]},{\"@type\":\"Person\",\"@id\":\"https:\\\/\\\/saltoecologico.es\\\/#\\\/schema\\\/person\\\/7175eec4b3c123d86c675313c3a01a0b\",\"name\":\"admin\",\"image\":{\"@type\":\"ImageObject\",\"inLanguage\":\"es\",\"@id\":\"https:\\\/\\\/secure.gravatar.com\\\/avatar\\\/4c215dc57bbc7b2f2f470ac9bd197f3f112636a584e575a732d0206a2d9c9806?s=96&d=mm&r=g\",\"url\":\"https:\\\/\\\/secure.gravatar.com\\\/avatar\\\/4c215dc57bbc7b2f2f470ac9bd197f3f112636a584e575a732d0206a2d9c9806?s=96&d=mm&r=g\",\"contentUrl\":\"https:\\\/\\\/secure.gravatar.com\\\/avatar\\\/4c215dc57bbc7b2f2f470ac9bd197f3f112636a584e575a732d0206a2d9c9806?s=96&d=mm&r=g\",\"caption\":\"admin\"},\"sameAs\":[\"https:\\\/\\\/saltoecologico.es\"],\"url\":\"https:\\\/\\\/saltoecologico.es\\\/index.php\\\/author\\\/saltoecologico\\\/\"}]}<\/script>\n<!-- \/ Yoast SEO plugin. -->","yoast_head_json":{"title":"Perspectiva err\u00f3nea - Salto Ecol\u00f3gico","robots":{"index":"index","follow":"follow","max-snippet":"max-snippet:-1","max-image-preview":"max-image-preview:large","max-video-preview":"max-video-preview:-1"},"canonical":"https:\/\/saltoecologico.es\/index.php\/2025\/02\/21\/perspectiva-erronea\/","og_locale":"es_ES","og_type":"article","og_title":"Perspectiva err\u00f3nea - Salto Ecol\u00f3gico","og_description":"Los colectivos ecologistas que se oponen sistem\u00e1ticamente a la instalaci\u00f3n de proyectos e\u00f3licos y fotovoltaicos en suelo bajo la premisa de que toda la demanda el\u00e9ctrica de Gran Canaria puede cubrirse \u00fanicamente con paneles en tejados est\u00e1n incurriendo en un grave error de c\u00e1lculo y una postura completamente irracional. Afirmar que la generaci\u00f3n distribuida en [&hellip;]","og_url":"https:\/\/saltoecologico.es\/index.php\/2025\/02\/21\/perspectiva-erronea\/","og_site_name":"Salto Ecol\u00f3gico","article_publisher":"https:\/\/www.facebook.com\/Saltotransicionecologica","article_published_time":"2025-02-21T08:07:00+00:00","article_modified_time":"2025-04-20T08:08:39+00:00","og_image":[{"width":1024,"height":683,"url":"https:\/\/saltoecologico.es\/wp-content\/uploads\/2025\/04\/Eolico-12.jpg","type":"image\/jpeg"}],"author":"admin","twitter_card":"summary_large_image","twitter_misc":{"Escrito por":"admin","Tiempo de lectura":"3 minutos"},"schema":{"@context":"https:\/\/schema.org","@graph":[{"@type":"Article","@id":"https:\/\/saltoecologico.es\/index.php\/2025\/02\/21\/perspectiva-erronea\/#article","isPartOf":{"@id":"https:\/\/saltoecologico.es\/index.php\/2025\/02\/21\/perspectiva-erronea\/"},"author":{"name":"admin","@id":"https:\/\/saltoecologico.es\/#\/schema\/person\/7175eec4b3c123d86c675313c3a01a0b"},"headline":"Perspectiva err\u00f3nea","datePublished":"2025-02-21T08:07:00+00:00","dateModified":"2025-04-20T08:08:39+00:00","mainEntityOfPage":{"@id":"https:\/\/saltoecologico.es\/index.php\/2025\/02\/21\/perspectiva-erronea\/"},"wordCount":652,"commentCount":0,"publisher":{"@id":"https:\/\/saltoecologico.es\/#organization"},"image":{"@id":"https:\/\/saltoecologico.es\/index.php\/2025\/02\/21\/perspectiva-erronea\/#primaryimage"},"thumbnailUrl":"https:\/\/saltoecologico.es\/wp-content\/uploads\/2025\/04\/Eolico-12.jpg","articleSection":["T_Varios"],"inLanguage":"es","potentialAction":[{"@type":"CommentAction","name":"Comment","target":["https:\/\/saltoecologico.es\/index.php\/2025\/02\/21\/perspectiva-erronea\/#respond"]}]},{"@type":"WebPage","@id":"https:\/\/saltoecologico.es\/index.php\/2025\/02\/21\/perspectiva-erronea\/","url":"https:\/\/saltoecologico.es\/index.php\/2025\/02\/21\/perspectiva-erronea\/","name":"Perspectiva err\u00f3nea - Salto Ecol\u00f3gico","isPartOf":{"@id":"https:\/\/saltoecologico.es\/#website"},"primaryImageOfPage":{"@id":"https:\/\/saltoecologico.es\/index.php\/2025\/02\/21\/perspectiva-erronea\/#primaryimage"},"image":{"@id":"https:\/\/saltoecologico.es\/index.php\/2025\/02\/21\/perspectiva-erronea\/#primaryimage"},"thumbnailUrl":"https:\/\/saltoecologico.es\/wp-content\/uploads\/2025\/04\/Eolico-12.jpg","datePublished":"2025-02-21T08:07:00+00:00","dateModified":"2025-04-20T08:08:39+00:00","breadcrumb":{"@id":"https:\/\/saltoecologico.es\/index.php\/2025\/02\/21\/perspectiva-erronea\/#breadcrumb"},"inLanguage":"es","potentialAction":[{"@type":"ReadAction","target":["https:\/\/saltoecologico.es\/index.php\/2025\/02\/21\/perspectiva-erronea\/"]}]},{"@type":"ImageObject","inLanguage":"es","@id":"https:\/\/saltoecologico.es\/index.php\/2025\/02\/21\/perspectiva-erronea\/#primaryimage","url":"https:\/\/saltoecologico.es\/wp-content\/uploads\/2025\/04\/Eolico-12.jpg","contentUrl":"https:\/\/saltoecologico.es\/wp-content\/uploads\/2025\/04\/Eolico-12.jpg","width":1024,"height":683,"caption":"Two multiracial industrial workers examining wind turbines blueprints with amazing sunset on background. Rural area with eco farm of production clean green energy."},{"@type":"BreadcrumbList","@id":"https:\/\/saltoecologico.es\/index.php\/2025\/02\/21\/perspectiva-erronea\/#breadcrumb","itemListElement":[{"@type":"ListItem","position":1,"name":"Portada","item":"https:\/\/saltoecologico.es\/"},{"@type":"ListItem","position":2,"name":"Perspectiva err\u00f3nea"}]},{"@type":"WebSite","@id":"https:\/\/saltoecologico.es\/#website","url":"https:\/\/saltoecologico.es\/","name":"Salto Ecol\u00f3gico","description":"","publisher":{"@id":"https:\/\/saltoecologico.es\/#organization"},"potentialAction":[{"@type":"SearchAction","target":{"@type":"EntryPoint","urlTemplate":"https:\/\/saltoecologico.es\/?s={search_term_string}"},"query-input":{"@type":"PropertyValueSpecification","valueRequired":true,"valueName":"search_term_string"}}],"inLanguage":"es"},{"@type":"Organization","@id":"https:\/\/saltoecologico.es\/#organization","name":"Salto a la Transici\u00f3n Ecol\u00f3gica","url":"https:\/\/saltoecologico.es\/","logo":{"@type":"ImageObject","inLanguage":"es","@id":"https:\/\/saltoecologico.es\/#\/schema\/logo\/image\/","url":"https:\/\/saltoecologico.es\/wp-content\/uploads\/2025\/04\/Logo-STE.jpg","contentUrl":"https:\/\/saltoecologico.es\/wp-content\/uploads\/2025\/04\/Logo-STE.jpg","width":435,"height":435,"caption":"Salto a la Transici\u00f3n Ecol\u00f3gica"},"image":{"@id":"https:\/\/saltoecologico.es\/#\/schema\/logo\/image\/"},"sameAs":["https:\/\/www.facebook.com\/Saltotransicionecologica"]},{"@type":"Person","@id":"https:\/\/saltoecologico.es\/#\/schema\/person\/7175eec4b3c123d86c675313c3a01a0b","name":"admin","image":{"@type":"ImageObject","inLanguage":"es","@id":"https:\/\/secure.gravatar.com\/avatar\/4c215dc57bbc7b2f2f470ac9bd197f3f112636a584e575a732d0206a2d9c9806?s=96&d=mm&r=g","url":"https:\/\/secure.gravatar.com\/avatar\/4c215dc57bbc7b2f2f470ac9bd197f3f112636a584e575a732d0206a2d9c9806?s=96&d=mm&r=g","contentUrl":"https:\/\/secure.gravatar.com\/avatar\/4c215dc57bbc7b2f2f470ac9bd197f3f112636a584e575a732d0206a2d9c9806?s=96&d=mm&r=g","caption":"admin"},"sameAs":["https:\/\/saltoecologico.es"],"url":"https:\/\/saltoecologico.es\/index.php\/author\/saltoecologico\/"}]}},"_links":{"self":[{"href":"https:\/\/saltoecologico.es\/index.php\/wp-json\/wp\/v2\/posts\/858","targetHints":{"allow":["GET"]}}],"collection":[{"href":"https:\/\/saltoecologico.es\/index.php\/wp-json\/wp\/v2\/posts"}],"about":[{"href":"https:\/\/saltoecologico.es\/index.php\/wp-json\/wp\/v2\/types\/post"}],"author":[{"embeddable":true,"href":"https:\/\/saltoecologico.es\/index.php\/wp-json\/wp\/v2\/users\/1"}],"replies":[{"embeddable":true,"href":"https:\/\/saltoecologico.es\/index.php\/wp-json\/wp\/v2\/comments?post=858"}],"version-history":[{"count":1,"href":"https:\/\/saltoecologico.es\/index.php\/wp-json\/wp\/v2\/posts\/858\/revisions"}],"predecessor-version":[{"id":860,"href":"https:\/\/saltoecologico.es\/index.php\/wp-json\/wp\/v2\/posts\/858\/revisions\/860"}],"wp:featuredmedia":[{"embeddable":true,"href":"https:\/\/saltoecologico.es\/index.php\/wp-json\/wp\/v2\/media\/859"}],"wp:attachment":[{"href":"https:\/\/saltoecologico.es\/index.php\/wp-json\/wp\/v2\/media?parent=858"}],"wp:term":[{"taxonomy":"category","embeddable":true,"href":"https:\/\/saltoecologico.es\/index.php\/wp-json\/wp\/v2\/categories?post=858"},{"taxonomy":"post_tag","embeddable":true,"href":"https:\/\/saltoecologico.es\/index.php\/wp-json\/wp\/v2\/tags?post=858"}],"curies":[{"name":"wp","href":"https:\/\/api.w.org\/{rel}","templated":true}]}}