{"id":861,"date":"2025-02-21T08:09:00","date_gmt":"2025-02-21T08:09:00","guid":{"rendered":"https:\/\/saltoecologico.es\/?p=861"},"modified":"2025-04-20T08:17:44","modified_gmt":"2025-04-20T08:17:44","slug":"idea-ingenua","status":"publish","type":"post","link":"https:\/\/saltoecologico.es\/index.php\/2025\/02\/21\/idea-ingenua\/","title":{"rendered":"Idea ingenua"},"content":{"rendered":"\n<p class=\"wp-block-paragraph\">La idea de que Gran Canaria pueda ser abastecida exclusivamente con fotovoltaica en tejados y bater\u00edas no solo es ingenua, sino que carece por completo de sustento t\u00e9cnico y econ\u00f3mico. Es un planteamiento que, lejos de contribuir a la transici\u00f3n energ\u00e9tica, perpet\u00faa una narrativa err\u00f3nea que frena el desarrollo real de un sistema 100% renovable y sostenible. La demanda energ\u00e9tica de Gran Canaria ronda los 3.600 GWh anuales y pretender cubrirla solo con paneles solares en los tejados es una falacia que ignora las limitaciones f\u00edsicas, la intermitencia de la generaci\u00f3n solar y la brutal necesidad de almacenamiento masivo que este modelo exigir\u00eda.<\/p>\n\n\n\n<p class=\"wp-block-paragraph\">En primer lugar, la cantidad de superficie disponible en los tejados de la isla es insuficiente para albergar la cantidad de paneles solares necesaria. Se requerir\u00edan al menos 2.000 MWp de fotovoltaica, lo que implica aproximadamente 10 km\u00b2 de superficie utilizable en condiciones \u00f3ptimas, algo que simplemente no existe cuando se considera la orientaci\u00f3n, las sombras, las limitaciones estructurales y las restricciones urban\u00edsticas. Afirmar que con los tejados basta es no haber realizado ni un c\u00e1lculo b\u00e1sico de ingenier\u00eda el\u00e9ctrica. Pero incluso si esta cantidad de paneles pudiera instalarse, el verdadero problema radica en la intermitencia de la generaci\u00f3n solar y en la incapacidad de este modelo para ofrecer garant\u00eda de suministro en las horas nocturnas o en d\u00edas con baja radiaci\u00f3n.<\/p>\n\n\n\n<p class=\"wp-block-paragraph\">Para compensar esta intermitencia, los defensores de este modelo plantean un almacenamiento masivo en bater\u00edas. Este es otro punto donde la falta de rigor t\u00e9cnico es alarmante. Se necesitar\u00edan al menos 50.000 MWh de capacidad de almacenamiento para asegurar el suministro durante la noche y en periodos de baja generaci\u00f3n, una cifra absolutamente descomunal que har\u00eda que el coste de las bater\u00edas superase los 20.000 millones de euros. Adem\u00e1s, estas bater\u00edas tienen una vida \u00fatil limitada de 10-15 a\u00f1os, lo que implica un coste de reposici\u00f3n recurrente que convierte este modelo en una aberraci\u00f3n econ\u00f3mica. Ignorar que existen soluciones de almacenamiento m\u00e1s eficientes, como el hidrobombeo, y que un mix diversificado con e\u00f3lica y geotermia reducir\u00eda dr\u00e1sticamente la necesidad de bater\u00edas demuestra un desconocimiento profundo del funcionamiento de los sistemas el\u00e9ctricos modernos.<\/p>\n\n\n\n<p class=\"wp-block-paragraph\">Pero el problema no es solo la falta de viabilidad t\u00e9cnica, sino la peligrosa obstinaci\u00f3n en promover un modelo que, en la pr\u00e1ctica, solo lograr\u00eda perpetuar la dependencia de los combustibles f\u00f3siles. Si se apostara exclusivamente por este modelo, inevitablemente habr\u00eda momentos en los que la demanda superar\u00eda la generaci\u00f3n solar y la capacidad de almacenamiento, obligando a recurrir a plantas de respaldo basadas en gas o di\u00e9sel. En lugar de caminar hacia una red 100% renovable, estar\u00edamos dise\u00f1ando un sistema fr\u00e1gil y dependiente de fuentes contaminantes.<\/p>\n\n\n\n<p class=\"wp-block-paragraph\">No se trata de una cuesti\u00f3n de opini\u00f3n ni de preferencias ideol\u00f3gicas, sino de hechos y datos t\u00e9cnicos. La transici\u00f3n energ\u00e9tica requiere soluciones realistas y viables, no modelos fantasiosos que solo sirven para paralizar el desarrollo de energ\u00edas renovables a gran escala. Gran Canaria tiene un potencial e\u00f3lico excepcional que permitir\u00eda generar energ\u00eda limpia y constante incluso por la noche, hidrobombeo para almacenar excedentes con una eficiencia superior al 80% y un potencial geot\u00e9rmico a explotar que podr\u00eda proporcionar generaci\u00f3n firme y sostenible. Sin embargo, la oposici\u00f3n irracional a estos proyectos bajo el pretexto de que \u201clos tejados son suficientes\u201d no solo es err\u00f3nea, sino que representa un freno peligroso a la descarbonizaci\u00f3n real de la isla.<\/p>\n\n\n\n<p class=\"wp-block-paragraph\">Apostar por la fotovoltaica en tejados es una gran estrategia para complementar el mix renovable, pero pretender que es la \u00fanica soluci\u00f3n es una idea completamente desprovista de rigor. No hay argumentos t\u00e9cnicos ni econ\u00f3micos que justifiquen tal planteamiento y quienes lo defienden est\u00e1n, consciente o inconscientemente, poniendo en riesgo la verdadera transici\u00f3n energ\u00e9tica de Gran Canaria. La descarbonizaci\u00f3n no se logra con dogmas ni con posturas simplistas, sino con un enfoque pragm\u00e1tico basado en datos, tecnolog\u00eda y sentido com\u00fan.<\/p>\n","protected":false},"excerpt":{"rendered":"<p>La idea de que Gran Canaria pueda ser abastecida exclusivamente con fotovoltaica en tejados y bater\u00edas no solo es ingenua, sino que carece por completo de sustento t\u00e9cnico y econ\u00f3mico. Es un planteamiento que, lejos de contribuir a la transici\u00f3n energ\u00e9tica, perpet\u00faa una narrativa err\u00f3nea que frena el desarrollo real de un sistema 100% renovable [&hellip;]<\/p>\n","protected":false},"author":1,"featured_media":862,"comment_status":"open","ping_status":"open","sticky":false,"template":"","format":"standard","meta":{"footnotes":""},"categories":[45,39],"tags":[],"class_list":["post-861","post","type-post","status-publish","format-standard","has-post-thumbnail","category-r_autoconsumo","category-renovables"],"yoast_head":"<!-- This site is optimized with the Yoast SEO plugin v28.2 - https:\/\/yoast.com\/product\/yoast-seo-wordpress\/ -->\n<title>Idea ingenua - Salto Ecol\u00f3gico<\/title>\n<meta name=\"robots\" content=\"index, follow, max-snippet:-1, max-image-preview:large, max-video-preview:-1\" \/>\n<link rel=\"canonical\" href=\"https:\/\/saltoecologico.es\/index.php\/2025\/02\/21\/idea-ingenua\/\" \/>\n<meta property=\"og:locale\" content=\"es_ES\" \/>\n<meta property=\"og:type\" content=\"article\" \/>\n<meta property=\"og:title\" content=\"Idea ingenua - Salto Ecol\u00f3gico\" \/>\n<meta property=\"og:description\" content=\"La idea de que Gran Canaria pueda ser abastecida exclusivamente con fotovoltaica en tejados y bater\u00edas no solo es ingenua, sino que carece por completo de sustento t\u00e9cnico y econ\u00f3mico. Es un planteamiento que, lejos de contribuir a la transici\u00f3n energ\u00e9tica, perpet\u00faa una narrativa err\u00f3nea que frena el desarrollo real de un sistema 100% renovable [&hellip;]\" \/>\n<meta property=\"og:url\" content=\"https:\/\/saltoecologico.es\/index.php\/2025\/02\/21\/idea-ingenua\/\" \/>\n<meta property=\"og:site_name\" content=\"Salto Ecol\u00f3gico\" \/>\n<meta property=\"article:publisher\" content=\"https:\/\/www.facebook.com\/Saltotransicionecologica\" \/>\n<meta property=\"article:published_time\" content=\"2025-02-21T08:09:00+00:00\" \/>\n<meta property=\"article:modified_time\" content=\"2025-04-20T08:17:44+00:00\" \/>\n<meta property=\"og:image\" content=\"https:\/\/saltoecologico.es\/wp-content\/uploads\/2025\/04\/Fotovoltaica-19.jpg\" \/>\n\t<meta property=\"og:image:width\" content=\"1024\" \/>\n\t<meta property=\"og:image:height\" content=\"576\" \/>\n\t<meta property=\"og:image:type\" content=\"image\/jpeg\" \/>\n<meta name=\"author\" content=\"admin\" \/>\n<meta name=\"twitter:card\" content=\"summary_large_image\" \/>\n<meta name=\"twitter:label1\" content=\"Escrito por\" \/>\n\t<meta name=\"twitter:data1\" content=\"admin\" \/>\n\t<meta name=\"twitter:label2\" content=\"Tiempo de lectura\" \/>\n\t<meta name=\"twitter:data2\" content=\"4 minutos\" \/>\n<script type=\"application\/ld+json\" class=\"yoast-schema-graph\">{\"@context\":\"https:\\\/\\\/schema.org\",\"@graph\":[{\"@type\":\"Article\",\"@id\":\"https:\\\/\\\/saltoecologico.es\\\/index.php\\\/2025\\\/02\\\/21\\\/idea-ingenua\\\/#article\",\"isPartOf\":{\"@id\":\"https:\\\/\\\/saltoecologico.es\\\/index.php\\\/2025\\\/02\\\/21\\\/idea-ingenua\\\/\"},\"author\":{\"name\":\"admin\",\"@id\":\"https:\\\/\\\/saltoecologico.es\\\/#\\\/schema\\\/person\\\/7175eec4b3c123d86c675313c3a01a0b\"},\"headline\":\"Idea ingenua\",\"datePublished\":\"2025-02-21T08:09:00+00:00\",\"dateModified\":\"2025-04-20T08:17:44+00:00\",\"mainEntityOfPage\":{\"@id\":\"https:\\\/\\\/saltoecologico.es\\\/index.php\\\/2025\\\/02\\\/21\\\/idea-ingenua\\\/\"},\"wordCount\":713,\"commentCount\":0,\"publisher\":{\"@id\":\"https:\\\/\\\/saltoecologico.es\\\/#organization\"},\"image\":{\"@id\":\"https:\\\/\\\/saltoecologico.es\\\/index.php\\\/2025\\\/02\\\/21\\\/idea-ingenua\\\/#primaryimage\"},\"thumbnailUrl\":\"https:\\\/\\\/saltoecologico.es\\\/wp-content\\\/uploads\\\/2025\\\/04\\\/Fotovoltaica-19.jpg\",\"articleSection\":[\"R_Autoconsumo\",\"Renovables\"],\"inLanguage\":\"es\",\"potentialAction\":[{\"@type\":\"CommentAction\",\"name\":\"Comment\",\"target\":[\"https:\\\/\\\/saltoecologico.es\\\/index.php\\\/2025\\\/02\\\/21\\\/idea-ingenua\\\/#respond\"]}]},{\"@type\":\"WebPage\",\"@id\":\"https:\\\/\\\/saltoecologico.es\\\/index.php\\\/2025\\\/02\\\/21\\\/idea-ingenua\\\/\",\"url\":\"https:\\\/\\\/saltoecologico.es\\\/index.php\\\/2025\\\/02\\\/21\\\/idea-ingenua\\\/\",\"name\":\"Idea ingenua - Salto Ecol\u00f3gico\",\"isPartOf\":{\"@id\":\"https:\\\/\\\/saltoecologico.es\\\/#website\"},\"primaryImageOfPage\":{\"@id\":\"https:\\\/\\\/saltoecologico.es\\\/index.php\\\/2025\\\/02\\\/21\\\/idea-ingenua\\\/#primaryimage\"},\"image\":{\"@id\":\"https:\\\/\\\/saltoecologico.es\\\/index.php\\\/2025\\\/02\\\/21\\\/idea-ingenua\\\/#primaryimage\"},\"thumbnailUrl\":\"https:\\\/\\\/saltoecologico.es\\\/wp-content\\\/uploads\\\/2025\\\/04\\\/Fotovoltaica-19.jpg\",\"datePublished\":\"2025-02-21T08:09:00+00:00\",\"dateModified\":\"2025-04-20T08:17:44+00:00\",\"breadcrumb\":{\"@id\":\"https:\\\/\\\/saltoecologico.es\\\/index.php\\\/2025\\\/02\\\/21\\\/idea-ingenua\\\/#breadcrumb\"},\"inLanguage\":\"es\",\"potentialAction\":[{\"@type\":\"ReadAction\",\"target\":[\"https:\\\/\\\/saltoecologico.es\\\/index.php\\\/2025\\\/02\\\/21\\\/idea-ingenua\\\/\"]}]},{\"@type\":\"ImageObject\",\"inLanguage\":\"es\",\"@id\":\"https:\\\/\\\/saltoecologico.es\\\/index.php\\\/2025\\\/02\\\/21\\\/idea-ingenua\\\/#primaryimage\",\"url\":\"https:\\\/\\\/saltoecologico.es\\\/wp-content\\\/uploads\\\/2025\\\/04\\\/Fotovoltaica-19.jpg\",\"contentUrl\":\"https:\\\/\\\/saltoecologico.es\\\/wp-content\\\/uploads\\\/2025\\\/04\\\/Fotovoltaica-19.jpg\",\"width\":1024,\"height\":576,\"caption\":\"Floating solar photovoltaic panels at sustainable electrical power plant for generating clean electric energy. Concept of renewable electricity with zero emission on water surface.\"},{\"@type\":\"BreadcrumbList\",\"@id\":\"https:\\\/\\\/saltoecologico.es\\\/index.php\\\/2025\\\/02\\\/21\\\/idea-ingenua\\\/#breadcrumb\",\"itemListElement\":[{\"@type\":\"ListItem\",\"position\":1,\"name\":\"Portada\",\"item\":\"https:\\\/\\\/saltoecologico.es\\\/\"},{\"@type\":\"ListItem\",\"position\":2,\"name\":\"Idea ingenua\"}]},{\"@type\":\"WebSite\",\"@id\":\"https:\\\/\\\/saltoecologico.es\\\/#website\",\"url\":\"https:\\\/\\\/saltoecologico.es\\\/\",\"name\":\"Salto Ecol\u00f3gico\",\"description\":\"\",\"publisher\":{\"@id\":\"https:\\\/\\\/saltoecologico.es\\\/#organization\"},\"potentialAction\":[{\"@type\":\"SearchAction\",\"target\":{\"@type\":\"EntryPoint\",\"urlTemplate\":\"https:\\\/\\\/saltoecologico.es\\\/?s={search_term_string}\"},\"query-input\":{\"@type\":\"PropertyValueSpecification\",\"valueRequired\":true,\"valueName\":\"search_term_string\"}}],\"inLanguage\":\"es\"},{\"@type\":\"Organization\",\"@id\":\"https:\\\/\\\/saltoecologico.es\\\/#organization\",\"name\":\"Salto a la Transici\u00f3n Ecol\u00f3gica\",\"url\":\"https:\\\/\\\/saltoecologico.es\\\/\",\"logo\":{\"@type\":\"ImageObject\",\"inLanguage\":\"es\",\"@id\":\"https:\\\/\\\/saltoecologico.es\\\/#\\\/schema\\\/logo\\\/image\\\/\",\"url\":\"https:\\\/\\\/saltoecologico.es\\\/wp-content\\\/uploads\\\/2025\\\/04\\\/Logo-STE.jpg\",\"contentUrl\":\"https:\\\/\\\/saltoecologico.es\\\/wp-content\\\/uploads\\\/2025\\\/04\\\/Logo-STE.jpg\",\"width\":435,\"height\":435,\"caption\":\"Salto a la Transici\u00f3n Ecol\u00f3gica\"},\"image\":{\"@id\":\"https:\\\/\\\/saltoecologico.es\\\/#\\\/schema\\\/logo\\\/image\\\/\"},\"sameAs\":[\"https:\\\/\\\/www.facebook.com\\\/Saltotransicionecologica\"]},{\"@type\":\"Person\",\"@id\":\"https:\\\/\\\/saltoecologico.es\\\/#\\\/schema\\\/person\\\/7175eec4b3c123d86c675313c3a01a0b\",\"name\":\"admin\",\"image\":{\"@type\":\"ImageObject\",\"inLanguage\":\"es\",\"@id\":\"https:\\\/\\\/secure.gravatar.com\\\/avatar\\\/4c215dc57bbc7b2f2f470ac9bd197f3f112636a584e575a732d0206a2d9c9806?s=96&d=mm&r=g\",\"url\":\"https:\\\/\\\/secure.gravatar.com\\\/avatar\\\/4c215dc57bbc7b2f2f470ac9bd197f3f112636a584e575a732d0206a2d9c9806?s=96&d=mm&r=g\",\"contentUrl\":\"https:\\\/\\\/secure.gravatar.com\\\/avatar\\\/4c215dc57bbc7b2f2f470ac9bd197f3f112636a584e575a732d0206a2d9c9806?s=96&d=mm&r=g\",\"caption\":\"admin\"},\"sameAs\":[\"https:\\\/\\\/saltoecologico.es\"],\"url\":\"https:\\\/\\\/saltoecologico.es\\\/index.php\\\/author\\\/saltoecologico\\\/\"}]}<\/script>\n<!-- \/ Yoast SEO plugin. -->","yoast_head_json":{"title":"Idea ingenua - Salto Ecol\u00f3gico","robots":{"index":"index","follow":"follow","max-snippet":"max-snippet:-1","max-image-preview":"max-image-preview:large","max-video-preview":"max-video-preview:-1"},"canonical":"https:\/\/saltoecologico.es\/index.php\/2025\/02\/21\/idea-ingenua\/","og_locale":"es_ES","og_type":"article","og_title":"Idea ingenua - Salto Ecol\u00f3gico","og_description":"La idea de que Gran Canaria pueda ser abastecida exclusivamente con fotovoltaica en tejados y bater\u00edas no solo es ingenua, sino que carece por completo de sustento t\u00e9cnico y econ\u00f3mico. Es un planteamiento que, lejos de contribuir a la transici\u00f3n energ\u00e9tica, perpet\u00faa una narrativa err\u00f3nea que frena el desarrollo real de un sistema 100% renovable [&hellip;]","og_url":"https:\/\/saltoecologico.es\/index.php\/2025\/02\/21\/idea-ingenua\/","og_site_name":"Salto Ecol\u00f3gico","article_publisher":"https:\/\/www.facebook.com\/Saltotransicionecologica","article_published_time":"2025-02-21T08:09:00+00:00","article_modified_time":"2025-04-20T08:17:44+00:00","og_image":[{"width":1024,"height":576,"url":"https:\/\/saltoecologico.es\/wp-content\/uploads\/2025\/04\/Fotovoltaica-19.jpg","type":"image\/jpeg"}],"author":"admin","twitter_card":"summary_large_image","twitter_misc":{"Escrito por":"admin","Tiempo de lectura":"4 minutos"},"schema":{"@context":"https:\/\/schema.org","@graph":[{"@type":"Article","@id":"https:\/\/saltoecologico.es\/index.php\/2025\/02\/21\/idea-ingenua\/#article","isPartOf":{"@id":"https:\/\/saltoecologico.es\/index.php\/2025\/02\/21\/idea-ingenua\/"},"author":{"name":"admin","@id":"https:\/\/saltoecologico.es\/#\/schema\/person\/7175eec4b3c123d86c675313c3a01a0b"},"headline":"Idea ingenua","datePublished":"2025-02-21T08:09:00+00:00","dateModified":"2025-04-20T08:17:44+00:00","mainEntityOfPage":{"@id":"https:\/\/saltoecologico.es\/index.php\/2025\/02\/21\/idea-ingenua\/"},"wordCount":713,"commentCount":0,"publisher":{"@id":"https:\/\/saltoecologico.es\/#organization"},"image":{"@id":"https:\/\/saltoecologico.es\/index.php\/2025\/02\/21\/idea-ingenua\/#primaryimage"},"thumbnailUrl":"https:\/\/saltoecologico.es\/wp-content\/uploads\/2025\/04\/Fotovoltaica-19.jpg","articleSection":["R_Autoconsumo","Renovables"],"inLanguage":"es","potentialAction":[{"@type":"CommentAction","name":"Comment","target":["https:\/\/saltoecologico.es\/index.php\/2025\/02\/21\/idea-ingenua\/#respond"]}]},{"@type":"WebPage","@id":"https:\/\/saltoecologico.es\/index.php\/2025\/02\/21\/idea-ingenua\/","url":"https:\/\/saltoecologico.es\/index.php\/2025\/02\/21\/idea-ingenua\/","name":"Idea ingenua - Salto Ecol\u00f3gico","isPartOf":{"@id":"https:\/\/saltoecologico.es\/#website"},"primaryImageOfPage":{"@id":"https:\/\/saltoecologico.es\/index.php\/2025\/02\/21\/idea-ingenua\/#primaryimage"},"image":{"@id":"https:\/\/saltoecologico.es\/index.php\/2025\/02\/21\/idea-ingenua\/#primaryimage"},"thumbnailUrl":"https:\/\/saltoecologico.es\/wp-content\/uploads\/2025\/04\/Fotovoltaica-19.jpg","datePublished":"2025-02-21T08:09:00+00:00","dateModified":"2025-04-20T08:17:44+00:00","breadcrumb":{"@id":"https:\/\/saltoecologico.es\/index.php\/2025\/02\/21\/idea-ingenua\/#breadcrumb"},"inLanguage":"es","potentialAction":[{"@type":"ReadAction","target":["https:\/\/saltoecologico.es\/index.php\/2025\/02\/21\/idea-ingenua\/"]}]},{"@type":"ImageObject","inLanguage":"es","@id":"https:\/\/saltoecologico.es\/index.php\/2025\/02\/21\/idea-ingenua\/#primaryimage","url":"https:\/\/saltoecologico.es\/wp-content\/uploads\/2025\/04\/Fotovoltaica-19.jpg","contentUrl":"https:\/\/saltoecologico.es\/wp-content\/uploads\/2025\/04\/Fotovoltaica-19.jpg","width":1024,"height":576,"caption":"Floating solar photovoltaic panels at sustainable electrical power plant for generating clean electric energy. Concept of renewable electricity with zero emission on water surface."},{"@type":"BreadcrumbList","@id":"https:\/\/saltoecologico.es\/index.php\/2025\/02\/21\/idea-ingenua\/#breadcrumb","itemListElement":[{"@type":"ListItem","position":1,"name":"Portada","item":"https:\/\/saltoecologico.es\/"},{"@type":"ListItem","position":2,"name":"Idea ingenua"}]},{"@type":"WebSite","@id":"https:\/\/saltoecologico.es\/#website","url":"https:\/\/saltoecologico.es\/","name":"Salto Ecol\u00f3gico","description":"","publisher":{"@id":"https:\/\/saltoecologico.es\/#organization"},"potentialAction":[{"@type":"SearchAction","target":{"@type":"EntryPoint","urlTemplate":"https:\/\/saltoecologico.es\/?s={search_term_string}"},"query-input":{"@type":"PropertyValueSpecification","valueRequired":true,"valueName":"search_term_string"}}],"inLanguage":"es"},{"@type":"Organization","@id":"https:\/\/saltoecologico.es\/#organization","name":"Salto a la Transici\u00f3n Ecol\u00f3gica","url":"https:\/\/saltoecologico.es\/","logo":{"@type":"ImageObject","inLanguage":"es","@id":"https:\/\/saltoecologico.es\/#\/schema\/logo\/image\/","url":"https:\/\/saltoecologico.es\/wp-content\/uploads\/2025\/04\/Logo-STE.jpg","contentUrl":"https:\/\/saltoecologico.es\/wp-content\/uploads\/2025\/04\/Logo-STE.jpg","width":435,"height":435,"caption":"Salto a la Transici\u00f3n Ecol\u00f3gica"},"image":{"@id":"https:\/\/saltoecologico.es\/#\/schema\/logo\/image\/"},"sameAs":["https:\/\/www.facebook.com\/Saltotransicionecologica"]},{"@type":"Person","@id":"https:\/\/saltoecologico.es\/#\/schema\/person\/7175eec4b3c123d86c675313c3a01a0b","name":"admin","image":{"@type":"ImageObject","inLanguage":"es","@id":"https:\/\/secure.gravatar.com\/avatar\/4c215dc57bbc7b2f2f470ac9bd197f3f112636a584e575a732d0206a2d9c9806?s=96&d=mm&r=g","url":"https:\/\/secure.gravatar.com\/avatar\/4c215dc57bbc7b2f2f470ac9bd197f3f112636a584e575a732d0206a2d9c9806?s=96&d=mm&r=g","contentUrl":"https:\/\/secure.gravatar.com\/avatar\/4c215dc57bbc7b2f2f470ac9bd197f3f112636a584e575a732d0206a2d9c9806?s=96&d=mm&r=g","caption":"admin"},"sameAs":["https:\/\/saltoecologico.es"],"url":"https:\/\/saltoecologico.es\/index.php\/author\/saltoecologico\/"}]}},"_links":{"self":[{"href":"https:\/\/saltoecologico.es\/index.php\/wp-json\/wp\/v2\/posts\/861","targetHints":{"allow":["GET"]}}],"collection":[{"href":"https:\/\/saltoecologico.es\/index.php\/wp-json\/wp\/v2\/posts"}],"about":[{"href":"https:\/\/saltoecologico.es\/index.php\/wp-json\/wp\/v2\/types\/post"}],"author":[{"embeddable":true,"href":"https:\/\/saltoecologico.es\/index.php\/wp-json\/wp\/v2\/users\/1"}],"replies":[{"embeddable":true,"href":"https:\/\/saltoecologico.es\/index.php\/wp-json\/wp\/v2\/comments?post=861"}],"version-history":[{"count":1,"href":"https:\/\/saltoecologico.es\/index.php\/wp-json\/wp\/v2\/posts\/861\/revisions"}],"predecessor-version":[{"id":863,"href":"https:\/\/saltoecologico.es\/index.php\/wp-json\/wp\/v2\/posts\/861\/revisions\/863"}],"wp:featuredmedia":[{"embeddable":true,"href":"https:\/\/saltoecologico.es\/index.php\/wp-json\/wp\/v2\/media\/862"}],"wp:attachment":[{"href":"https:\/\/saltoecologico.es\/index.php\/wp-json\/wp\/v2\/media?parent=861"}],"wp:term":[{"taxonomy":"category","embeddable":true,"href":"https:\/\/saltoecologico.es\/index.php\/wp-json\/wp\/v2\/categories?post=861"},{"taxonomy":"post_tag","embeddable":true,"href":"https:\/\/saltoecologico.es\/index.php\/wp-json\/wp\/v2\/tags?post=861"}],"curies":[{"name":"wp","href":"https:\/\/api.w.org\/{rel}","templated":true}]}}