{"id":864,"date":"2025-02-21T08:12:00","date_gmt":"2025-02-21T08:12:00","guid":{"rendered":"https:\/\/saltoecologico.es\/?p=864"},"modified":"2025-04-20T08:12:25","modified_gmt":"2025-04-20T08:12:25","slug":"mal-calificativo","status":"publish","type":"post","link":"https:\/\/saltoecologico.es\/index.php\/2025\/02\/21\/mal-calificativo\/","title":{"rendered":"Mal calificativo"},"content":{"rendered":"\n<p class=\"wp-block-paragraph\">Recientemente hemos podido leer en la prensa del archipi\u00e9lago unas declaraciones de ciertos grupos ecologistas que tachan de \u201cca\u00f3tico\u201d el despliegue de renovables en Canarias, declaraciones que vienen en l\u00ednea a su oposici\u00f3n a la iniciativa del gobierno de la comunidad de designar zonas de aceleraci\u00f3n de renovables, para facilitar la implantaci\u00f3n de estas.<\/p>\n\n\n\n<p class=\"wp-block-paragraph\">De esas declaraciones se podr\u00eda desprender la idea de que un promotor cuando planifica un proyecto de renovables tira unos dados y donde le digan los dados ah\u00ed coloca su instalaci\u00f3n. Obviamente esta no es la realidad y lo vamos a explicar.<\/p>\n\n\n\n<p class=\"wp-block-paragraph\">En primer lugar, tiene que existir recurso energ\u00e9tico disponible. Una instalaci\u00f3n fotovoltaica no se puede instalar en cualquier sitio ni, de cualquier forma. Un parque e\u00f3lico tiene que estar ubicado exactamente donde el recurso e\u00f3lico sea adecuado.<\/p>\n\n\n\n<p class=\"wp-block-paragraph\">En segundo lugar, los terrenos tienen que estar disponibles y ser compatibles con los usos agr\u00edcolas, industriales o urbanos. Adem\u00e1s, tienen que reunir ciertos requisitos para el transporte de equipos y la construcci\u00f3n de la instalaci\u00f3n.<\/p>\n\n\n\n<p class=\"wp-block-paragraph\">En tercer lugar, tiene que existir la posibilidad de evacuaci\u00f3n a la red el\u00e9ctrica y que la conexi\u00f3n con la misma tenga un coste razonable.<\/p>\n\n\n\n<p class=\"wp-block-paragraph\">Una vez evaluados estos aspectos se valora la viabilidad econ\u00f3mica con aspectos tales como: Inversi\u00f3n en equipos, obra civil, costes del terreno, rentabilidad esperada, subvenciones y ayudas p\u00fablicas, costes de operaci\u00f3n y mantenimiento etc.<\/p>\n\n\n\n<p class=\"wp-block-paragraph\">Si todo lo mencionado es aceptable se entra considerar la viabilidad legal y administrativa donde los aspectos a considerar son: Clasificaci\u00f3n del suelo, compatibilidad con los planes de ordenaci\u00f3n de las administraciones, tramitaci\u00f3n de permisos, con la evaluaci\u00f3n de impacto ambiental al frente.<\/p>\n\n\n\n<p class=\"wp-block-paragraph\">Por \u00faltimo, se entra a considerar la viabilidad ambiental y social destacando aspectos como la protecci\u00f3n de ecosistemas y biodiversidad, especies protegidas, huella h\u00eddrica y del carbono del proyecto, distancia a zonas residenciales y \u00e1reas sensibles, compatibilidad con otras actividades, etc.<\/p>\n\n\n\n<p class=\"wp-block-paragraph\">Cada uno de estos aspectos son eliminatorios para continuar con el proyecto, siendo realmente significativo la cantidad de iniciativas que se quedan por el camino a no superar algunas de las cuestiones planteadas. Por tanto, el apelativo de \u201cca\u00f3tico\u201d est\u00e1 realmente fuera de lugar, porque los proyecto que se convierten en realidad han tenido que pasar un dur\u00edsimo proceso al que son sometidos, primero por los propios promotores y luego por las administraciones p\u00fablicas encargadas de dar las autorizaciones preceptivas.<\/p>\n\n\n\n<p class=\"wp-block-paragraph\">Pero la realidad de estas declaraciones no encierra una cr\u00edtica concreta a un aspecto preciso del despliegue de renovables, es un \u00f3rdago a todo el proceso. En realidad, no es que se quiera el despliegue de renovables de una determinada manera, la realidad es que no se quiere ning\u00fan despliegue de renovables, porque se f\u00eda todo el proceso de la descarbonizaci\u00f3n a colocar placas fotovoltaicas en los tejados, esperando que eso sea suficiente.<\/p>\n\n\n\n<p class=\"wp-block-paragraph\">Por mucho que se explique la no viabilidad de esa soluci\u00f3n, por mucho que se den argumentos t\u00e9cnicos, por muchos an\u00e1lisis emp\u00edricos que se realicen, el mantra est\u00e1 instaurado en ciertos sectores del ecologismo y se repite sin cesar, sin caer en la cuenta de que lo \u00fanico que se consigue es parar la descarbonizaci\u00f3n de la econom\u00eda y por tanto frenar la lucha contra el cambio clim\u00e1tico antropog\u00e9nico.<\/p>\n","protected":false},"excerpt":{"rendered":"<p>Recientemente hemos podido leer en la prensa del archipi\u00e9lago unas declaraciones de ciertos grupos ecologistas que tachan de \u201cca\u00f3tico\u201d el despliegue de renovables en Canarias, declaraciones que vienen en l\u00ednea a su oposici\u00f3n a la iniciativa del gobierno de la comunidad de designar zonas de aceleraci\u00f3n de renovables, para facilitar la implantaci\u00f3n de estas. De [&hellip;]<\/p>\n","protected":false},"author":1,"featured_media":865,"comment_status":"open","ping_status":"open","sticky":false,"template":"","format":"standard","meta":{"footnotes":""},"categories":[55],"tags":[],"class_list":["post-864","post","type-post","status-publish","format-standard","has-post-thumbnail","category-general"],"yoast_head":"<!-- This site is optimized with the Yoast SEO plugin v28.2 - https:\/\/yoast.com\/product\/yoast-seo-wordpress\/ -->\n<title>Mal calificativo - Salto Ecol\u00f3gico<\/title>\n<meta name=\"robots\" content=\"index, follow, max-snippet:-1, max-image-preview:large, max-video-preview:-1\" \/>\n<link rel=\"canonical\" href=\"https:\/\/saltoecologico.es\/index.php\/2025\/02\/21\/mal-calificativo\/\" \/>\n<meta property=\"og:locale\" content=\"es_ES\" \/>\n<meta property=\"og:type\" content=\"article\" \/>\n<meta property=\"og:title\" content=\"Mal calificativo - Salto Ecol\u00f3gico\" \/>\n<meta property=\"og:description\" content=\"Recientemente hemos podido leer en la prensa del archipi\u00e9lago unas declaraciones de ciertos grupos ecologistas que tachan de \u201cca\u00f3tico\u201d el despliegue de renovables en Canarias, declaraciones que vienen en l\u00ednea a su oposici\u00f3n a la iniciativa del gobierno de la comunidad de designar zonas de aceleraci\u00f3n de renovables, para facilitar la implantaci\u00f3n de estas. De [&hellip;]\" \/>\n<meta property=\"og:url\" content=\"https:\/\/saltoecologico.es\/index.php\/2025\/02\/21\/mal-calificativo\/\" \/>\n<meta property=\"og:site_name\" content=\"Salto Ecol\u00f3gico\" \/>\n<meta property=\"article:publisher\" content=\"https:\/\/www.facebook.com\/Saltotransicionecologica\" \/>\n<meta property=\"article:published_time\" content=\"2025-02-21T08:12:00+00:00\" \/>\n<meta property=\"article:modified_time\" content=\"2025-04-20T08:12:25+00:00\" \/>\n<meta property=\"og:image\" content=\"https:\/\/saltoecologico.es\/wp-content\/uploads\/2025\/04\/Eolico-13.jpg\" \/>\n\t<meta property=\"og:image:width\" content=\"1024\" \/>\n\t<meta property=\"og:image:height\" content=\"683\" \/>\n\t<meta property=\"og:image:type\" content=\"image\/jpeg\" \/>\n<meta name=\"author\" content=\"admin\" \/>\n<meta name=\"twitter:card\" content=\"summary_large_image\" \/>\n<meta name=\"twitter:label1\" content=\"Escrito por\" \/>\n\t<meta name=\"twitter:data1\" content=\"admin\" \/>\n\t<meta name=\"twitter:label2\" content=\"Tiempo de lectura\" \/>\n\t<meta name=\"twitter:data2\" content=\"3 minutos\" \/>\n<script type=\"application\/ld+json\" class=\"yoast-schema-graph\">{\"@context\":\"https:\\\/\\\/schema.org\",\"@graph\":[{\"@type\":\"Article\",\"@id\":\"https:\\\/\\\/saltoecologico.es\\\/index.php\\\/2025\\\/02\\\/21\\\/mal-calificativo\\\/#article\",\"isPartOf\":{\"@id\":\"https:\\\/\\\/saltoecologico.es\\\/index.php\\\/2025\\\/02\\\/21\\\/mal-calificativo\\\/\"},\"author\":{\"name\":\"admin\",\"@id\":\"https:\\\/\\\/saltoecologico.es\\\/#\\\/schema\\\/person\\\/7175eec4b3c123d86c675313c3a01a0b\"},\"headline\":\"Mal calificativo\",\"datePublished\":\"2025-02-21T08:12:00+00:00\",\"dateModified\":\"2025-04-20T08:12:25+00:00\",\"mainEntityOfPage\":{\"@id\":\"https:\\\/\\\/saltoecologico.es\\\/index.php\\\/2025\\\/02\\\/21\\\/mal-calificativo\\\/\"},\"wordCount\":580,\"commentCount\":0,\"publisher\":{\"@id\":\"https:\\\/\\\/saltoecologico.es\\\/#organization\"},\"image\":{\"@id\":\"https:\\\/\\\/saltoecologico.es\\\/index.php\\\/2025\\\/02\\\/21\\\/mal-calificativo\\\/#primaryimage\"},\"thumbnailUrl\":\"https:\\\/\\\/saltoecologico.es\\\/wp-content\\\/uploads\\\/2025\\\/04\\\/Eolico-13.jpg\",\"articleSection\":[\"General\"],\"inLanguage\":\"es\",\"potentialAction\":[{\"@type\":\"CommentAction\",\"name\":\"Comment\",\"target\":[\"https:\\\/\\\/saltoecologico.es\\\/index.php\\\/2025\\\/02\\\/21\\\/mal-calificativo\\\/#respond\"]}]},{\"@type\":\"WebPage\",\"@id\":\"https:\\\/\\\/saltoecologico.es\\\/index.php\\\/2025\\\/02\\\/21\\\/mal-calificativo\\\/\",\"url\":\"https:\\\/\\\/saltoecologico.es\\\/index.php\\\/2025\\\/02\\\/21\\\/mal-calificativo\\\/\",\"name\":\"Mal calificativo - Salto Ecol\u00f3gico\",\"isPartOf\":{\"@id\":\"https:\\\/\\\/saltoecologico.es\\\/#website\"},\"primaryImageOfPage\":{\"@id\":\"https:\\\/\\\/saltoecologico.es\\\/index.php\\\/2025\\\/02\\\/21\\\/mal-calificativo\\\/#primaryimage\"},\"image\":{\"@id\":\"https:\\\/\\\/saltoecologico.es\\\/index.php\\\/2025\\\/02\\\/21\\\/mal-calificativo\\\/#primaryimage\"},\"thumbnailUrl\":\"https:\\\/\\\/saltoecologico.es\\\/wp-content\\\/uploads\\\/2025\\\/04\\\/Eolico-13.jpg\",\"datePublished\":\"2025-02-21T08:12:00+00:00\",\"dateModified\":\"2025-04-20T08:12:25+00:00\",\"breadcrumb\":{\"@id\":\"https:\\\/\\\/saltoecologico.es\\\/index.php\\\/2025\\\/02\\\/21\\\/mal-calificativo\\\/#breadcrumb\"},\"inLanguage\":\"es\",\"potentialAction\":[{\"@type\":\"ReadAction\",\"target\":[\"https:\\\/\\\/saltoecologico.es\\\/index.php\\\/2025\\\/02\\\/21\\\/mal-calificativo\\\/\"]}]},{\"@type\":\"ImageObject\",\"inLanguage\":\"es\",\"@id\":\"https:\\\/\\\/saltoecologico.es\\\/index.php\\\/2025\\\/02\\\/21\\\/mal-calificativo\\\/#primaryimage\",\"url\":\"https:\\\/\\\/saltoecologico.es\\\/wp-content\\\/uploads\\\/2025\\\/04\\\/Eolico-13.jpg\",\"contentUrl\":\"https:\\\/\\\/saltoecologico.es\\\/wp-content\\\/uploads\\\/2025\\\/04\\\/Eolico-13.jpg\",\"width\":1024,\"height\":683,\"caption\":\"Wind farm\"},{\"@type\":\"BreadcrumbList\",\"@id\":\"https:\\\/\\\/saltoecologico.es\\\/index.php\\\/2025\\\/02\\\/21\\\/mal-calificativo\\\/#breadcrumb\",\"itemListElement\":[{\"@type\":\"ListItem\",\"position\":1,\"name\":\"Portada\",\"item\":\"https:\\\/\\\/saltoecologico.es\\\/\"},{\"@type\":\"ListItem\",\"position\":2,\"name\":\"Mal calificativo\"}]},{\"@type\":\"WebSite\",\"@id\":\"https:\\\/\\\/saltoecologico.es\\\/#website\",\"url\":\"https:\\\/\\\/saltoecologico.es\\\/\",\"name\":\"Salto Ecol\u00f3gico\",\"description\":\"\",\"publisher\":{\"@id\":\"https:\\\/\\\/saltoecologico.es\\\/#organization\"},\"potentialAction\":[{\"@type\":\"SearchAction\",\"target\":{\"@type\":\"EntryPoint\",\"urlTemplate\":\"https:\\\/\\\/saltoecologico.es\\\/?s={search_term_string}\"},\"query-input\":{\"@type\":\"PropertyValueSpecification\",\"valueRequired\":true,\"valueName\":\"search_term_string\"}}],\"inLanguage\":\"es\"},{\"@type\":\"Organization\",\"@id\":\"https:\\\/\\\/saltoecologico.es\\\/#organization\",\"name\":\"Salto a la Transici\u00f3n Ecol\u00f3gica\",\"url\":\"https:\\\/\\\/saltoecologico.es\\\/\",\"logo\":{\"@type\":\"ImageObject\",\"inLanguage\":\"es\",\"@id\":\"https:\\\/\\\/saltoecologico.es\\\/#\\\/schema\\\/logo\\\/image\\\/\",\"url\":\"https:\\\/\\\/saltoecologico.es\\\/wp-content\\\/uploads\\\/2025\\\/04\\\/Logo-STE.jpg\",\"contentUrl\":\"https:\\\/\\\/saltoecologico.es\\\/wp-content\\\/uploads\\\/2025\\\/04\\\/Logo-STE.jpg\",\"width\":435,\"height\":435,\"caption\":\"Salto a la Transici\u00f3n Ecol\u00f3gica\"},\"image\":{\"@id\":\"https:\\\/\\\/saltoecologico.es\\\/#\\\/schema\\\/logo\\\/image\\\/\"},\"sameAs\":[\"https:\\\/\\\/www.facebook.com\\\/Saltotransicionecologica\"]},{\"@type\":\"Person\",\"@id\":\"https:\\\/\\\/saltoecologico.es\\\/#\\\/schema\\\/person\\\/7175eec4b3c123d86c675313c3a01a0b\",\"name\":\"admin\",\"image\":{\"@type\":\"ImageObject\",\"inLanguage\":\"es\",\"@id\":\"https:\\\/\\\/secure.gravatar.com\\\/avatar\\\/4c215dc57bbc7b2f2f470ac9bd197f3f112636a584e575a732d0206a2d9c9806?s=96&d=mm&r=g\",\"url\":\"https:\\\/\\\/secure.gravatar.com\\\/avatar\\\/4c215dc57bbc7b2f2f470ac9bd197f3f112636a584e575a732d0206a2d9c9806?s=96&d=mm&r=g\",\"contentUrl\":\"https:\\\/\\\/secure.gravatar.com\\\/avatar\\\/4c215dc57bbc7b2f2f470ac9bd197f3f112636a584e575a732d0206a2d9c9806?s=96&d=mm&r=g\",\"caption\":\"admin\"},\"sameAs\":[\"https:\\\/\\\/saltoecologico.es\"],\"url\":\"https:\\\/\\\/saltoecologico.es\\\/index.php\\\/author\\\/saltoecologico\\\/\"}]}<\/script>\n<!-- \/ Yoast SEO plugin. -->","yoast_head_json":{"title":"Mal calificativo - Salto Ecol\u00f3gico","robots":{"index":"index","follow":"follow","max-snippet":"max-snippet:-1","max-image-preview":"max-image-preview:large","max-video-preview":"max-video-preview:-1"},"canonical":"https:\/\/saltoecologico.es\/index.php\/2025\/02\/21\/mal-calificativo\/","og_locale":"es_ES","og_type":"article","og_title":"Mal calificativo - Salto Ecol\u00f3gico","og_description":"Recientemente hemos podido leer en la prensa del archipi\u00e9lago unas declaraciones de ciertos grupos ecologistas que tachan de \u201cca\u00f3tico\u201d el despliegue de renovables en Canarias, declaraciones que vienen en l\u00ednea a su oposici\u00f3n a la iniciativa del gobierno de la comunidad de designar zonas de aceleraci\u00f3n de renovables, para facilitar la implantaci\u00f3n de estas. De [&hellip;]","og_url":"https:\/\/saltoecologico.es\/index.php\/2025\/02\/21\/mal-calificativo\/","og_site_name":"Salto Ecol\u00f3gico","article_publisher":"https:\/\/www.facebook.com\/Saltotransicionecologica","article_published_time":"2025-02-21T08:12:00+00:00","article_modified_time":"2025-04-20T08:12:25+00:00","og_image":[{"width":1024,"height":683,"url":"https:\/\/saltoecologico.es\/wp-content\/uploads\/2025\/04\/Eolico-13.jpg","type":"image\/jpeg"}],"author":"admin","twitter_card":"summary_large_image","twitter_misc":{"Escrito por":"admin","Tiempo de lectura":"3 minutos"},"schema":{"@context":"https:\/\/schema.org","@graph":[{"@type":"Article","@id":"https:\/\/saltoecologico.es\/index.php\/2025\/02\/21\/mal-calificativo\/#article","isPartOf":{"@id":"https:\/\/saltoecologico.es\/index.php\/2025\/02\/21\/mal-calificativo\/"},"author":{"name":"admin","@id":"https:\/\/saltoecologico.es\/#\/schema\/person\/7175eec4b3c123d86c675313c3a01a0b"},"headline":"Mal calificativo","datePublished":"2025-02-21T08:12:00+00:00","dateModified":"2025-04-20T08:12:25+00:00","mainEntityOfPage":{"@id":"https:\/\/saltoecologico.es\/index.php\/2025\/02\/21\/mal-calificativo\/"},"wordCount":580,"commentCount":0,"publisher":{"@id":"https:\/\/saltoecologico.es\/#organization"},"image":{"@id":"https:\/\/saltoecologico.es\/index.php\/2025\/02\/21\/mal-calificativo\/#primaryimage"},"thumbnailUrl":"https:\/\/saltoecologico.es\/wp-content\/uploads\/2025\/04\/Eolico-13.jpg","articleSection":["General"],"inLanguage":"es","potentialAction":[{"@type":"CommentAction","name":"Comment","target":["https:\/\/saltoecologico.es\/index.php\/2025\/02\/21\/mal-calificativo\/#respond"]}]},{"@type":"WebPage","@id":"https:\/\/saltoecologico.es\/index.php\/2025\/02\/21\/mal-calificativo\/","url":"https:\/\/saltoecologico.es\/index.php\/2025\/02\/21\/mal-calificativo\/","name":"Mal calificativo - Salto Ecol\u00f3gico","isPartOf":{"@id":"https:\/\/saltoecologico.es\/#website"},"primaryImageOfPage":{"@id":"https:\/\/saltoecologico.es\/index.php\/2025\/02\/21\/mal-calificativo\/#primaryimage"},"image":{"@id":"https:\/\/saltoecologico.es\/index.php\/2025\/02\/21\/mal-calificativo\/#primaryimage"},"thumbnailUrl":"https:\/\/saltoecologico.es\/wp-content\/uploads\/2025\/04\/Eolico-13.jpg","datePublished":"2025-02-21T08:12:00+00:00","dateModified":"2025-04-20T08:12:25+00:00","breadcrumb":{"@id":"https:\/\/saltoecologico.es\/index.php\/2025\/02\/21\/mal-calificativo\/#breadcrumb"},"inLanguage":"es","potentialAction":[{"@type":"ReadAction","target":["https:\/\/saltoecologico.es\/index.php\/2025\/02\/21\/mal-calificativo\/"]}]},{"@type":"ImageObject","inLanguage":"es","@id":"https:\/\/saltoecologico.es\/index.php\/2025\/02\/21\/mal-calificativo\/#primaryimage","url":"https:\/\/saltoecologico.es\/wp-content\/uploads\/2025\/04\/Eolico-13.jpg","contentUrl":"https:\/\/saltoecologico.es\/wp-content\/uploads\/2025\/04\/Eolico-13.jpg","width":1024,"height":683,"caption":"Wind farm"},{"@type":"BreadcrumbList","@id":"https:\/\/saltoecologico.es\/index.php\/2025\/02\/21\/mal-calificativo\/#breadcrumb","itemListElement":[{"@type":"ListItem","position":1,"name":"Portada","item":"https:\/\/saltoecologico.es\/"},{"@type":"ListItem","position":2,"name":"Mal calificativo"}]},{"@type":"WebSite","@id":"https:\/\/saltoecologico.es\/#website","url":"https:\/\/saltoecologico.es\/","name":"Salto Ecol\u00f3gico","description":"","publisher":{"@id":"https:\/\/saltoecologico.es\/#organization"},"potentialAction":[{"@type":"SearchAction","target":{"@type":"EntryPoint","urlTemplate":"https:\/\/saltoecologico.es\/?s={search_term_string}"},"query-input":{"@type":"PropertyValueSpecification","valueRequired":true,"valueName":"search_term_string"}}],"inLanguage":"es"},{"@type":"Organization","@id":"https:\/\/saltoecologico.es\/#organization","name":"Salto a la Transici\u00f3n Ecol\u00f3gica","url":"https:\/\/saltoecologico.es\/","logo":{"@type":"ImageObject","inLanguage":"es","@id":"https:\/\/saltoecologico.es\/#\/schema\/logo\/image\/","url":"https:\/\/saltoecologico.es\/wp-content\/uploads\/2025\/04\/Logo-STE.jpg","contentUrl":"https:\/\/saltoecologico.es\/wp-content\/uploads\/2025\/04\/Logo-STE.jpg","width":435,"height":435,"caption":"Salto a la Transici\u00f3n Ecol\u00f3gica"},"image":{"@id":"https:\/\/saltoecologico.es\/#\/schema\/logo\/image\/"},"sameAs":["https:\/\/www.facebook.com\/Saltotransicionecologica"]},{"@type":"Person","@id":"https:\/\/saltoecologico.es\/#\/schema\/person\/7175eec4b3c123d86c675313c3a01a0b","name":"admin","image":{"@type":"ImageObject","inLanguage":"es","@id":"https:\/\/secure.gravatar.com\/avatar\/4c215dc57bbc7b2f2f470ac9bd197f3f112636a584e575a732d0206a2d9c9806?s=96&d=mm&r=g","url":"https:\/\/secure.gravatar.com\/avatar\/4c215dc57bbc7b2f2f470ac9bd197f3f112636a584e575a732d0206a2d9c9806?s=96&d=mm&r=g","contentUrl":"https:\/\/secure.gravatar.com\/avatar\/4c215dc57bbc7b2f2f470ac9bd197f3f112636a584e575a732d0206a2d9c9806?s=96&d=mm&r=g","caption":"admin"},"sameAs":["https:\/\/saltoecologico.es"],"url":"https:\/\/saltoecologico.es\/index.php\/author\/saltoecologico\/"}]}},"_links":{"self":[{"href":"https:\/\/saltoecologico.es\/index.php\/wp-json\/wp\/v2\/posts\/864","targetHints":{"allow":["GET"]}}],"collection":[{"href":"https:\/\/saltoecologico.es\/index.php\/wp-json\/wp\/v2\/posts"}],"about":[{"href":"https:\/\/saltoecologico.es\/index.php\/wp-json\/wp\/v2\/types\/post"}],"author":[{"embeddable":true,"href":"https:\/\/saltoecologico.es\/index.php\/wp-json\/wp\/v2\/users\/1"}],"replies":[{"embeddable":true,"href":"https:\/\/saltoecologico.es\/index.php\/wp-json\/wp\/v2\/comments?post=864"}],"version-history":[{"count":1,"href":"https:\/\/saltoecologico.es\/index.php\/wp-json\/wp\/v2\/posts\/864\/revisions"}],"predecessor-version":[{"id":866,"href":"https:\/\/saltoecologico.es\/index.php\/wp-json\/wp\/v2\/posts\/864\/revisions\/866"}],"wp:featuredmedia":[{"embeddable":true,"href":"https:\/\/saltoecologico.es\/index.php\/wp-json\/wp\/v2\/media\/865"}],"wp:attachment":[{"href":"https:\/\/saltoecologico.es\/index.php\/wp-json\/wp\/v2\/media?parent=864"}],"wp:term":[{"taxonomy":"category","embeddable":true,"href":"https:\/\/saltoecologico.es\/index.php\/wp-json\/wp\/v2\/categories?post=864"},{"taxonomy":"post_tag","embeddable":true,"href":"https:\/\/saltoecologico.es\/index.php\/wp-json\/wp\/v2\/tags?post=864"}],"curies":[{"name":"wp","href":"https:\/\/api.w.org\/{rel}","templated":true}]}}