{"id":867,"date":"2025-02-22T08:13:00","date_gmt":"2025-02-22T08:13:00","guid":{"rendered":"https:\/\/saltoecologico.es\/?p=867"},"modified":"2025-04-20T08:14:13","modified_gmt":"2025-04-20T08:14:13","slug":"carta-al-ecologismo","status":"publish","type":"post","link":"https:\/\/saltoecologico.es\/index.php\/2025\/02\/22\/carta-al-ecologismo\/","title":{"rendered":"Carta al ecologismo"},"content":{"rendered":"\n<p class=\"wp-block-paragraph\">Desde nuestra organizaci\u00f3n, no hemos sido, ni seremos, defensores de la Consejer\u00eda en muchas de sus pol\u00edticas. Estamos firmemente enfrentados al proceso de concurrencia competitiva que pretende llenar el archipi\u00e9lago de centrales t\u00e9rmicas. Sin embargo, cuando se toman medidas positivas, hay que reconocerlas y apoyarlas.&nbsp;<\/p>\n\n\n\n<p class=\"wp-block-paragraph\">La transici\u00f3n energ\u00e9tica en Canarias es un desastre: seguimos anclados en niveles rid\u00edculos de penetraci\u00f3n de renovables, bajo el dominio de un monopolio energ\u00e9tico que, con la complicidad de ciertas administraciones, perpet\u00faa nuestra dependencia de los combustibles f\u00f3siles. A este escenario se suma la lejan\u00eda del archipi\u00e9lago y la falta de recursos naturales, lo que nos hace a\u00fan m\u00e1s vulnerables.&nbsp;<\/p>\n\n\n\n<p class=\"wp-block-paragraph\">Es una realidad incuestionable que debemos avanzar hacia un modelo energ\u00e9tico basado en renovables, y hacerlo con urgencia. Pero esa energ\u00eda debe instalarse en el territorio o en el mar. La transici\u00f3n energ\u00e9tica no se produce en un mundo ideal, sino en un contexto real: un sistema capitalista, islas densamente pobladas y una econom\u00eda dependiente del turismo. Negar este escenario es simplemente irresponsable.&nbsp;<\/p>\n\n\n\n<p class=\"wp-block-paragraph\">Lamentablemente, en Canarias nos encontramos con un movimiento ecologista retr\u00f3grado, anclado en una visi\u00f3n obsoleta y rom\u00e1ntica del territorio, incapaz de adaptarse a los nuevos retos de la crisis clim\u00e1tica. Su discurso, que en el pasado pudo tener sentido, hoy se ha convertido en un obst\u00e1culo para la descarbonizaci\u00f3n. No son un freno para las grandes corporaciones f\u00f3siles, sino para las renovables, la \u00fanica soluci\u00f3n viable para la emergencia clim\u00e1tica.&nbsp;<\/p>\n\n\n\n<p class=\"wp-block-paragraph\">Su oposici\u00f3n a las Zonas de Aceleraci\u00f3n Renovable (ZAR) es la prueba m\u00e1s evidente de su ceguera ideol\u00f3gica. Se trata de una medida razonable y consensuada con los cabildos, que prioriza la instalaci\u00f3n de energ\u00edas limpias en terrenos degradados y estrat\u00e9gicamente interconectados al sistema el\u00e9ctrico, sin afectar espacios protegidos como la Red Natura 2000. Pero, en lugar de ser parte de la soluci\u00f3n, han decidido bloquear cualquier avance con argumentos sin fundamento y alarmismo infundado.&nbsp;<\/p>\n\n\n\n<p class=\"wp-block-paragraph\">Desde nuestra constituci\u00f3n hace dos a\u00f1os, hemos luchado contra los combustibles f\u00f3siles con determinaci\u00f3n. Sab\u00edamos que tendr\u00edamos que enfrentarnos a los intereses de los grandes oligopolios, pero lo que no esper\u00e1bamos era toparnos con un ecologismo reaccionario, c\u00f3modo en la pasividad cuando se trata de desafiar a las petroleras, pero implacable contra cualquier iniciativa renovable.&nbsp;<\/p>\n\n\n\n<p class=\"wp-block-paragraph\">Para justificar su postura, no dudan en difundir bulos, medias verdades y teor\u00edas sin base cient\u00edfica, como la absurda idea de que Canarias puede abastecerse \u00fanicamente con paneles solares en los tejados. Con este tipo de argumentos, no est\u00e1n defendiendo el medioambiente, sino conden\u00e1ndolo al colapso.&nbsp;<\/p>\n\n\n\n<p class=\"wp-block-paragraph\">Es hora de que el movimiento ecologista despierte, salga de su letargo y asuma su responsabilidad en la crisis clim\u00e1tica. No pueden seguir siendo un obst\u00e1culo para el avance de Canarias hacia un futuro sin combustibles f\u00f3siles. Si su lucha se limita a la est\u00e9tica del paisaje y no a la supervivencia del planeta, han perdido completamente el rumbo.&nbsp;<\/p>\n","protected":false},"excerpt":{"rendered":"<p>Desde nuestra organizaci\u00f3n, no hemos sido, ni seremos, defensores de la Consejer\u00eda en muchas de sus pol\u00edticas. Estamos firmemente enfrentados al proceso de concurrencia competitiva que pretende llenar el archipi\u00e9lago de centrales t\u00e9rmicas. Sin embargo, cuando se toman medidas positivas, hay que reconocerlas y apoyarlas.&nbsp; La transici\u00f3n energ\u00e9tica en Canarias es un desastre: seguimos anclados [&hellip;]<\/p>\n","protected":false},"author":1,"featured_media":868,"comment_status":"open","ping_status":"open","sticky":false,"template":"","format":"standard","meta":{"footnotes":""},"categories":[55],"tags":[],"class_list":["post-867","post","type-post","status-publish","format-standard","has-post-thumbnail","category-general"],"yoast_head":"<!-- This site is optimized with the Yoast SEO plugin v28.2 - https:\/\/yoast.com\/product\/yoast-seo-wordpress\/ -->\n<title>Carta al ecologismo - Salto Ecol\u00f3gico<\/title>\n<meta name=\"robots\" content=\"index, follow, max-snippet:-1, max-image-preview:large, max-video-preview:-1\" \/>\n<link rel=\"canonical\" href=\"https:\/\/saltoecologico.es\/index.php\/2025\/02\/22\/carta-al-ecologismo\/\" \/>\n<meta property=\"og:locale\" content=\"es_ES\" \/>\n<meta property=\"og:type\" content=\"article\" \/>\n<meta property=\"og:title\" content=\"Carta al ecologismo - Salto Ecol\u00f3gico\" \/>\n<meta property=\"og:description\" content=\"Desde nuestra organizaci\u00f3n, no hemos sido, ni seremos, defensores de la Consejer\u00eda en muchas de sus pol\u00edticas. Estamos firmemente enfrentados al proceso de concurrencia competitiva que pretende llenar el archipi\u00e9lago de centrales t\u00e9rmicas. Sin embargo, cuando se toman medidas positivas, hay que reconocerlas y apoyarlas.&nbsp; La transici\u00f3n energ\u00e9tica en Canarias es un desastre: seguimos anclados [&hellip;]\" \/>\n<meta property=\"og:url\" content=\"https:\/\/saltoecologico.es\/index.php\/2025\/02\/22\/carta-al-ecologismo\/\" \/>\n<meta property=\"og:site_name\" content=\"Salto Ecol\u00f3gico\" \/>\n<meta property=\"article:publisher\" content=\"https:\/\/www.facebook.com\/Saltotransicionecologica\" \/>\n<meta property=\"article:published_time\" content=\"2025-02-22T08:13:00+00:00\" \/>\n<meta property=\"article:modified_time\" content=\"2025-04-20T08:14:13+00:00\" \/>\n<meta property=\"og:image\" content=\"https:\/\/saltoecologico.es\/wp-content\/uploads\/2025\/04\/Fotovoltaica-20.jpg\" \/>\n\t<meta property=\"og:image:width\" content=\"1024\" \/>\n\t<meta property=\"og:image:height\" content=\"683\" \/>\n\t<meta property=\"og:image:type\" content=\"image\/jpeg\" \/>\n<meta name=\"author\" content=\"admin\" \/>\n<meta name=\"twitter:card\" content=\"summary_large_image\" \/>\n<meta name=\"twitter:label1\" content=\"Escrito por\" \/>\n\t<meta name=\"twitter:data1\" content=\"admin\" \/>\n\t<meta name=\"twitter:label2\" content=\"Tiempo de lectura\" \/>\n\t<meta name=\"twitter:data2\" content=\"3 minutos\" \/>\n<script type=\"application\/ld+json\" class=\"yoast-schema-graph\">{\"@context\":\"https:\\\/\\\/schema.org\",\"@graph\":[{\"@type\":\"Article\",\"@id\":\"https:\\\/\\\/saltoecologico.es\\\/index.php\\\/2025\\\/02\\\/22\\\/carta-al-ecologismo\\\/#article\",\"isPartOf\":{\"@id\":\"https:\\\/\\\/saltoecologico.es\\\/index.php\\\/2025\\\/02\\\/22\\\/carta-al-ecologismo\\\/\"},\"author\":{\"name\":\"admin\",\"@id\":\"https:\\\/\\\/saltoecologico.es\\\/#\\\/schema\\\/person\\\/7175eec4b3c123d86c675313c3a01a0b\"},\"headline\":\"Carta al ecologismo\",\"datePublished\":\"2025-02-22T08:13:00+00:00\",\"dateModified\":\"2025-04-20T08:14:13+00:00\",\"mainEntityOfPage\":{\"@id\":\"https:\\\/\\\/saltoecologico.es\\\/index.php\\\/2025\\\/02\\\/22\\\/carta-al-ecologismo\\\/\"},\"wordCount\":538,\"commentCount\":0,\"publisher\":{\"@id\":\"https:\\\/\\\/saltoecologico.es\\\/#organization\"},\"image\":{\"@id\":\"https:\\\/\\\/saltoecologico.es\\\/index.php\\\/2025\\\/02\\\/22\\\/carta-al-ecologismo\\\/#primaryimage\"},\"thumbnailUrl\":\"https:\\\/\\\/saltoecologico.es\\\/wp-content\\\/uploads\\\/2025\\\/04\\\/Fotovoltaica-20.jpg\",\"articleSection\":[\"General\"],\"inLanguage\":\"es\",\"potentialAction\":[{\"@type\":\"CommentAction\",\"name\":\"Comment\",\"target\":[\"https:\\\/\\\/saltoecologico.es\\\/index.php\\\/2025\\\/02\\\/22\\\/carta-al-ecologismo\\\/#respond\"]}]},{\"@type\":\"WebPage\",\"@id\":\"https:\\\/\\\/saltoecologico.es\\\/index.php\\\/2025\\\/02\\\/22\\\/carta-al-ecologismo\\\/\",\"url\":\"https:\\\/\\\/saltoecologico.es\\\/index.php\\\/2025\\\/02\\\/22\\\/carta-al-ecologismo\\\/\",\"name\":\"Carta al ecologismo - Salto Ecol\u00f3gico\",\"isPartOf\":{\"@id\":\"https:\\\/\\\/saltoecologico.es\\\/#website\"},\"primaryImageOfPage\":{\"@id\":\"https:\\\/\\\/saltoecologico.es\\\/index.php\\\/2025\\\/02\\\/22\\\/carta-al-ecologismo\\\/#primaryimage\"},\"image\":{\"@id\":\"https:\\\/\\\/saltoecologico.es\\\/index.php\\\/2025\\\/02\\\/22\\\/carta-al-ecologismo\\\/#primaryimage\"},\"thumbnailUrl\":\"https:\\\/\\\/saltoecologico.es\\\/wp-content\\\/uploads\\\/2025\\\/04\\\/Fotovoltaica-20.jpg\",\"datePublished\":\"2025-02-22T08:13:00+00:00\",\"dateModified\":\"2025-04-20T08:14:13+00:00\",\"breadcrumb\":{\"@id\":\"https:\\\/\\\/saltoecologico.es\\\/index.php\\\/2025\\\/02\\\/22\\\/carta-al-ecologismo\\\/#breadcrumb\"},\"inLanguage\":\"es\",\"potentialAction\":[{\"@type\":\"ReadAction\",\"target\":[\"https:\\\/\\\/saltoecologico.es\\\/index.php\\\/2025\\\/02\\\/22\\\/carta-al-ecologismo\\\/\"]}]},{\"@type\":\"ImageObject\",\"inLanguage\":\"es\",\"@id\":\"https:\\\/\\\/saltoecologico.es\\\/index.php\\\/2025\\\/02\\\/22\\\/carta-al-ecologismo\\\/#primaryimage\",\"url\":\"https:\\\/\\\/saltoecologico.es\\\/wp-content\\\/uploads\\\/2025\\\/04\\\/Fotovoltaica-20.jpg\",\"contentUrl\":\"https:\\\/\\\/saltoecologico.es\\\/wp-content\\\/uploads\\\/2025\\\/04\\\/Fotovoltaica-20.jpg\",\"width\":1024,\"height\":683,\"caption\":\"People are exercising near solar powerplant. Work out and environment.\"},{\"@type\":\"BreadcrumbList\",\"@id\":\"https:\\\/\\\/saltoecologico.es\\\/index.php\\\/2025\\\/02\\\/22\\\/carta-al-ecologismo\\\/#breadcrumb\",\"itemListElement\":[{\"@type\":\"ListItem\",\"position\":1,\"name\":\"Portada\",\"item\":\"https:\\\/\\\/saltoecologico.es\\\/\"},{\"@type\":\"ListItem\",\"position\":2,\"name\":\"Carta al ecologismo\"}]},{\"@type\":\"WebSite\",\"@id\":\"https:\\\/\\\/saltoecologico.es\\\/#website\",\"url\":\"https:\\\/\\\/saltoecologico.es\\\/\",\"name\":\"Salto Ecol\u00f3gico\",\"description\":\"\",\"publisher\":{\"@id\":\"https:\\\/\\\/saltoecologico.es\\\/#organization\"},\"potentialAction\":[{\"@type\":\"SearchAction\",\"target\":{\"@type\":\"EntryPoint\",\"urlTemplate\":\"https:\\\/\\\/saltoecologico.es\\\/?s={search_term_string}\"},\"query-input\":{\"@type\":\"PropertyValueSpecification\",\"valueRequired\":true,\"valueName\":\"search_term_string\"}}],\"inLanguage\":\"es\"},{\"@type\":\"Organization\",\"@id\":\"https:\\\/\\\/saltoecologico.es\\\/#organization\",\"name\":\"Salto a la Transici\u00f3n Ecol\u00f3gica\",\"url\":\"https:\\\/\\\/saltoecologico.es\\\/\",\"logo\":{\"@type\":\"ImageObject\",\"inLanguage\":\"es\",\"@id\":\"https:\\\/\\\/saltoecologico.es\\\/#\\\/schema\\\/logo\\\/image\\\/\",\"url\":\"https:\\\/\\\/saltoecologico.es\\\/wp-content\\\/uploads\\\/2025\\\/04\\\/Logo-STE.jpg\",\"contentUrl\":\"https:\\\/\\\/saltoecologico.es\\\/wp-content\\\/uploads\\\/2025\\\/04\\\/Logo-STE.jpg\",\"width\":435,\"height\":435,\"caption\":\"Salto a la Transici\u00f3n Ecol\u00f3gica\"},\"image\":{\"@id\":\"https:\\\/\\\/saltoecologico.es\\\/#\\\/schema\\\/logo\\\/image\\\/\"},\"sameAs\":[\"https:\\\/\\\/www.facebook.com\\\/Saltotransicionecologica\"]},{\"@type\":\"Person\",\"@id\":\"https:\\\/\\\/saltoecologico.es\\\/#\\\/schema\\\/person\\\/7175eec4b3c123d86c675313c3a01a0b\",\"name\":\"admin\",\"image\":{\"@type\":\"ImageObject\",\"inLanguage\":\"es\",\"@id\":\"https:\\\/\\\/secure.gravatar.com\\\/avatar\\\/4c215dc57bbc7b2f2f470ac9bd197f3f112636a584e575a732d0206a2d9c9806?s=96&d=mm&r=g\",\"url\":\"https:\\\/\\\/secure.gravatar.com\\\/avatar\\\/4c215dc57bbc7b2f2f470ac9bd197f3f112636a584e575a732d0206a2d9c9806?s=96&d=mm&r=g\",\"contentUrl\":\"https:\\\/\\\/secure.gravatar.com\\\/avatar\\\/4c215dc57bbc7b2f2f470ac9bd197f3f112636a584e575a732d0206a2d9c9806?s=96&d=mm&r=g\",\"caption\":\"admin\"},\"sameAs\":[\"https:\\\/\\\/saltoecologico.es\"],\"url\":\"https:\\\/\\\/saltoecologico.es\\\/index.php\\\/author\\\/saltoecologico\\\/\"}]}<\/script>\n<!-- \/ Yoast SEO plugin. -->","yoast_head_json":{"title":"Carta al ecologismo - Salto Ecol\u00f3gico","robots":{"index":"index","follow":"follow","max-snippet":"max-snippet:-1","max-image-preview":"max-image-preview:large","max-video-preview":"max-video-preview:-1"},"canonical":"https:\/\/saltoecologico.es\/index.php\/2025\/02\/22\/carta-al-ecologismo\/","og_locale":"es_ES","og_type":"article","og_title":"Carta al ecologismo - Salto Ecol\u00f3gico","og_description":"Desde nuestra organizaci\u00f3n, no hemos sido, ni seremos, defensores de la Consejer\u00eda en muchas de sus pol\u00edticas. Estamos firmemente enfrentados al proceso de concurrencia competitiva que pretende llenar el archipi\u00e9lago de centrales t\u00e9rmicas. Sin embargo, cuando se toman medidas positivas, hay que reconocerlas y apoyarlas.&nbsp; La transici\u00f3n energ\u00e9tica en Canarias es un desastre: seguimos anclados [&hellip;]","og_url":"https:\/\/saltoecologico.es\/index.php\/2025\/02\/22\/carta-al-ecologismo\/","og_site_name":"Salto Ecol\u00f3gico","article_publisher":"https:\/\/www.facebook.com\/Saltotransicionecologica","article_published_time":"2025-02-22T08:13:00+00:00","article_modified_time":"2025-04-20T08:14:13+00:00","og_image":[{"width":1024,"height":683,"url":"https:\/\/saltoecologico.es\/wp-content\/uploads\/2025\/04\/Fotovoltaica-20.jpg","type":"image\/jpeg"}],"author":"admin","twitter_card":"summary_large_image","twitter_misc":{"Escrito por":"admin","Tiempo de lectura":"3 minutos"},"schema":{"@context":"https:\/\/schema.org","@graph":[{"@type":"Article","@id":"https:\/\/saltoecologico.es\/index.php\/2025\/02\/22\/carta-al-ecologismo\/#article","isPartOf":{"@id":"https:\/\/saltoecologico.es\/index.php\/2025\/02\/22\/carta-al-ecologismo\/"},"author":{"name":"admin","@id":"https:\/\/saltoecologico.es\/#\/schema\/person\/7175eec4b3c123d86c675313c3a01a0b"},"headline":"Carta al ecologismo","datePublished":"2025-02-22T08:13:00+00:00","dateModified":"2025-04-20T08:14:13+00:00","mainEntityOfPage":{"@id":"https:\/\/saltoecologico.es\/index.php\/2025\/02\/22\/carta-al-ecologismo\/"},"wordCount":538,"commentCount":0,"publisher":{"@id":"https:\/\/saltoecologico.es\/#organization"},"image":{"@id":"https:\/\/saltoecologico.es\/index.php\/2025\/02\/22\/carta-al-ecologismo\/#primaryimage"},"thumbnailUrl":"https:\/\/saltoecologico.es\/wp-content\/uploads\/2025\/04\/Fotovoltaica-20.jpg","articleSection":["General"],"inLanguage":"es","potentialAction":[{"@type":"CommentAction","name":"Comment","target":["https:\/\/saltoecologico.es\/index.php\/2025\/02\/22\/carta-al-ecologismo\/#respond"]}]},{"@type":"WebPage","@id":"https:\/\/saltoecologico.es\/index.php\/2025\/02\/22\/carta-al-ecologismo\/","url":"https:\/\/saltoecologico.es\/index.php\/2025\/02\/22\/carta-al-ecologismo\/","name":"Carta al ecologismo - Salto Ecol\u00f3gico","isPartOf":{"@id":"https:\/\/saltoecologico.es\/#website"},"primaryImageOfPage":{"@id":"https:\/\/saltoecologico.es\/index.php\/2025\/02\/22\/carta-al-ecologismo\/#primaryimage"},"image":{"@id":"https:\/\/saltoecologico.es\/index.php\/2025\/02\/22\/carta-al-ecologismo\/#primaryimage"},"thumbnailUrl":"https:\/\/saltoecologico.es\/wp-content\/uploads\/2025\/04\/Fotovoltaica-20.jpg","datePublished":"2025-02-22T08:13:00+00:00","dateModified":"2025-04-20T08:14:13+00:00","breadcrumb":{"@id":"https:\/\/saltoecologico.es\/index.php\/2025\/02\/22\/carta-al-ecologismo\/#breadcrumb"},"inLanguage":"es","potentialAction":[{"@type":"ReadAction","target":["https:\/\/saltoecologico.es\/index.php\/2025\/02\/22\/carta-al-ecologismo\/"]}]},{"@type":"ImageObject","inLanguage":"es","@id":"https:\/\/saltoecologico.es\/index.php\/2025\/02\/22\/carta-al-ecologismo\/#primaryimage","url":"https:\/\/saltoecologico.es\/wp-content\/uploads\/2025\/04\/Fotovoltaica-20.jpg","contentUrl":"https:\/\/saltoecologico.es\/wp-content\/uploads\/2025\/04\/Fotovoltaica-20.jpg","width":1024,"height":683,"caption":"People are exercising near solar powerplant. Work out and environment."},{"@type":"BreadcrumbList","@id":"https:\/\/saltoecologico.es\/index.php\/2025\/02\/22\/carta-al-ecologismo\/#breadcrumb","itemListElement":[{"@type":"ListItem","position":1,"name":"Portada","item":"https:\/\/saltoecologico.es\/"},{"@type":"ListItem","position":2,"name":"Carta al ecologismo"}]},{"@type":"WebSite","@id":"https:\/\/saltoecologico.es\/#website","url":"https:\/\/saltoecologico.es\/","name":"Salto Ecol\u00f3gico","description":"","publisher":{"@id":"https:\/\/saltoecologico.es\/#organization"},"potentialAction":[{"@type":"SearchAction","target":{"@type":"EntryPoint","urlTemplate":"https:\/\/saltoecologico.es\/?s={search_term_string}"},"query-input":{"@type":"PropertyValueSpecification","valueRequired":true,"valueName":"search_term_string"}}],"inLanguage":"es"},{"@type":"Organization","@id":"https:\/\/saltoecologico.es\/#organization","name":"Salto a la Transici\u00f3n Ecol\u00f3gica","url":"https:\/\/saltoecologico.es\/","logo":{"@type":"ImageObject","inLanguage":"es","@id":"https:\/\/saltoecologico.es\/#\/schema\/logo\/image\/","url":"https:\/\/saltoecologico.es\/wp-content\/uploads\/2025\/04\/Logo-STE.jpg","contentUrl":"https:\/\/saltoecologico.es\/wp-content\/uploads\/2025\/04\/Logo-STE.jpg","width":435,"height":435,"caption":"Salto a la Transici\u00f3n Ecol\u00f3gica"},"image":{"@id":"https:\/\/saltoecologico.es\/#\/schema\/logo\/image\/"},"sameAs":["https:\/\/www.facebook.com\/Saltotransicionecologica"]},{"@type":"Person","@id":"https:\/\/saltoecologico.es\/#\/schema\/person\/7175eec4b3c123d86c675313c3a01a0b","name":"admin","image":{"@type":"ImageObject","inLanguage":"es","@id":"https:\/\/secure.gravatar.com\/avatar\/4c215dc57bbc7b2f2f470ac9bd197f3f112636a584e575a732d0206a2d9c9806?s=96&d=mm&r=g","url":"https:\/\/secure.gravatar.com\/avatar\/4c215dc57bbc7b2f2f470ac9bd197f3f112636a584e575a732d0206a2d9c9806?s=96&d=mm&r=g","contentUrl":"https:\/\/secure.gravatar.com\/avatar\/4c215dc57bbc7b2f2f470ac9bd197f3f112636a584e575a732d0206a2d9c9806?s=96&d=mm&r=g","caption":"admin"},"sameAs":["https:\/\/saltoecologico.es"],"url":"https:\/\/saltoecologico.es\/index.php\/author\/saltoecologico\/"}]}},"_links":{"self":[{"href":"https:\/\/saltoecologico.es\/index.php\/wp-json\/wp\/v2\/posts\/867","targetHints":{"allow":["GET"]}}],"collection":[{"href":"https:\/\/saltoecologico.es\/index.php\/wp-json\/wp\/v2\/posts"}],"about":[{"href":"https:\/\/saltoecologico.es\/index.php\/wp-json\/wp\/v2\/types\/post"}],"author":[{"embeddable":true,"href":"https:\/\/saltoecologico.es\/index.php\/wp-json\/wp\/v2\/users\/1"}],"replies":[{"embeddable":true,"href":"https:\/\/saltoecologico.es\/index.php\/wp-json\/wp\/v2\/comments?post=867"}],"version-history":[{"count":1,"href":"https:\/\/saltoecologico.es\/index.php\/wp-json\/wp\/v2\/posts\/867\/revisions"}],"predecessor-version":[{"id":869,"href":"https:\/\/saltoecologico.es\/index.php\/wp-json\/wp\/v2\/posts\/867\/revisions\/869"}],"wp:featuredmedia":[{"embeddable":true,"href":"https:\/\/saltoecologico.es\/index.php\/wp-json\/wp\/v2\/media\/868"}],"wp:attachment":[{"href":"https:\/\/saltoecologico.es\/index.php\/wp-json\/wp\/v2\/media?parent=867"}],"wp:term":[{"taxonomy":"category","embeddable":true,"href":"https:\/\/saltoecologico.es\/index.php\/wp-json\/wp\/v2\/categories?post=867"},{"taxonomy":"post_tag","embeddable":true,"href":"https:\/\/saltoecologico.es\/index.php\/wp-json\/wp\/v2\/tags?post=867"}],"curies":[{"name":"wp","href":"https:\/\/api.w.org\/{rel}","templated":true}]}}