{"id":870,"date":"2025-02-23T08:16:00","date_gmt":"2025-02-23T08:16:00","guid":{"rendered":"https:\/\/saltoecologico.es\/?p=870"},"modified":"2025-04-20T08:16:42","modified_gmt":"2025-04-20T08:16:42","slug":"calculos-fotovoltaicos","status":"publish","type":"post","link":"https:\/\/saltoecologico.es\/index.php\/2025\/02\/23\/calculos-fotovoltaicos\/","title":{"rendered":"C\u00e1lculos fotovoltaicos"},"content":{"rendered":"\n<p class=\"wp-block-paragraph\"><strong>INTRODUCCI\u00d3N<\/strong><\/p>\n\n\n\n<p class=\"wp-block-paragraph\">La preocupaci\u00f3n de que el mantra de que es posible alimentar un sistema el\u00e9ctrico complejo mediante exclusivamente placas fotovoltaicas ubicadas en los tejados de las edificaciones y con bater\u00edas de respaldo, haya calado en los movimientos ecologistas y la sociedad en general, es una preocupaci\u00f3n completamente real, dado que la idea en si misma es una simplificaci\u00f3n extrema que ignora los m\u00e1s elementales principios de la ingenier\u00eda de sistemas el\u00e9ctricos y sirve de cuartada perfecta, para oponerse a todo el despliegue de renovables y almacenamiento mediante bombeos, que es sumamente necesario para combatir el cambio clim\u00e1tico antropog\u00e9nico.<\/p>\n\n\n\n<p class=\"wp-block-paragraph\">Naturalmente, si yo tengo en mente que llenando los tejados de placas fotovoltaicas y colocando cuatro bater\u00edas en cualquier sitio, lo tengo resuelto, no hay necesidad de colocar esos molinos enormes que afean el paisaje o esos huertos solares que canibalizan el territorio, independientemente de que cuando termine su vida \u00fatil se desmantelen y se recupere el territorio usado. Adem\u00e1s, con una extrapolaci\u00f3n muy gr\u00e1fica, si se puede alimentar una vivienda de manera perpetua, porque no una ciudad o una isla o un pa\u00eds, total es lo mismo solo que m\u00e1s grande.<\/p>\n\n\n\n<p class=\"wp-block-paragraph\">Para desmontar este mantra vamos a utilizar de base un sistema aislado con el de la isla de gran Canaria, sobre el que haremos los c\u00e1lculos, las propuestas y las conclusiones.<\/p>\n\n\n\n<p class=\"wp-block-paragraph\"><strong>N\u00daMEROS GORDOS.<\/strong><\/p>\n\n\n\n<p class=\"wp-block-paragraph\"><strong>Necesidad en paneles fotovoltaicos.<\/strong><\/p>\n\n\n\n<p class=\"wp-block-paragraph\">La isla de Gran Canaria tiene una demanda anual sobre los 3.600 GWh, siendo junto con Tenerife la isla que presenta una demanda mayor.<\/p>\n\n\n\n<p class=\"wp-block-paragraph\">Para poder alimentar esta demanda con paneles fotovoltaicos que generan 450 watios por panel y con unas dimensiones de 2 x 1 metro (2 m<sup>2<\/sup>), se necesitar\u00edan:<\/p>\n\n\n\n<p class=\"wp-block-paragraph\"><strong>Energ\u00eda= Potencia instalada x 365 x 24 *factor de capacidad<\/strong><\/p>\n\n\n\n<p class=\"wp-block-paragraph\">De donde<\/p>\n\n\n\n<p class=\"wp-block-paragraph\"><strong>Potencia instalada = Energ\u00eda \/ (365 x 24 x F.C.) = 3.600.000 \/ (365 x 24 x 0,2) = 2.054,8 MW<\/strong><\/p>\n\n\n\n<p class=\"wp-block-paragraph\">En la actualidad Gran Canaria cuenta con una potencia instalada de grupos t\u00e9rmicos del orden de 900 MW, que en su conjunto podr\u00edan generar anualmente:<\/p>\n\n\n\n<p class=\"wp-block-paragraph\"><strong>Energ\u00eda = 900 x 365 x 24 x 0,8 = 6.307.200 MWh<\/strong><\/p>\n\n\n\n<p class=\"wp-block-paragraph\">Es decir, aproximadamente el triple de lo necesario. Este sobredimensionamiento se debe a que las instalaciones sufren aver\u00edas, necesitan periodos de mantenimientos y otras razones.<\/p>\n\n\n\n<p class=\"wp-block-paragraph\">Por tanto, si queremos un sistema altamente fiable y estable en los par\u00e1metros del actual, parece l\u00f3gico mantener esta ratio de sobredimensionamiento e irnos a una potencia instalada en fotovoltaica de unos 6.200 MW, que supondr\u00edan una cantidad de 13.777.778 paneles fotovoltaicos, lo que se convertir\u00edan en unos 27.555.555 m<sup>2<\/sup> de superficie neta. Si tenemos en cuenta que los paneles deben tener una cierta inclinaci\u00f3n y orientaci\u00f3n, que unos no pueden arrojar sobras sobre otros, que se tiene que dejar espacio para las estructuras e instalaciones auxiliares, esta superficie se tiene que gravar en un 80% para ser realista lo que significa que al final necesitaremos la cantidad de 49.600.000 m<sup>2<\/sup>.<\/p>\n\n\n\n<p class=\"wp-block-paragraph\">Seg\u00fan la Estrategia de Autoconsumo Fotovoltaico que el Instituto Tecnol\u00f3gico de Canarias desarrollo para el PTECAN, la superficie m\u00e1xima utilizable en los edificios de Gran Canaria ser\u00eda de 37.271.153 m<sup>2<\/sup> y seg\u00fan sus c\u00e1lculos, aprovechando al m\u00e1ximo esta superficie y que cada edificio instalara, no lo que necesita, sino el m\u00e1ximo que pueda instalar en su tejado, tendr\u00edamos una potencia instalada de 3.691 MW.<\/p>\n\n\n\n<p class=\"wp-block-paragraph\">Por tanto, ya se puede extraer una primera conclusi\u00f3n y es que no hay suficientes tejados para ubicar todos los paneles fotovoltaicos que har\u00edan falta.<\/p>\n\n\n\n<p class=\"wp-block-paragraph\">Entrando ahora en las valoraciones econ\u00f3micas suponiendo que la idea fuera factible tendr\u00edamos los siguientes costes para instalar los 13.777.778 paneles:<\/p>\n\n\n\n<ul class=\"wp-block-list\">\n<li>Costo de los paneles solares: 2,76 mil millones de euros<\/li>\n\n\n\n<li>Costo de estructuras de soporte: 0,69 mil millones de euros<\/li>\n\n\n\n<li>Costo de inversores: 1,38 mil millones de euros<\/li>\n\n\n\n<li>Costo de cableado: 0,41 mil millones de euros<\/li>\n\n\n\n<li>Costo de instalaci\u00f3n (mano de obra): 0,96 mil millones de euros<\/li>\n\n\n\n<li>Costo total inicial de la instalaci\u00f3n: 6,2 mil millones de euros<\/li>\n\n\n\n<li>Costo de mantenimiento anual: 137,8 millones de euros\/a\u00f1o<\/li>\n<\/ul>\n\n\n\n<p class=\"wp-block-paragraph\">Solo la instalaci\u00f3n inicial cuesta m\u00e1s de 6.000 millones de euros, sin contar costes adicionales de refuerzo de la red. El mantenimiento anual es elevad\u00edsimo y requiere una inversi\u00f3n continua. No se han incluido reemplazos de equipos, lo que incrementa a\u00fan m\u00e1s el gasto a lo largo del tiempo. Este costo no contempla la necesidad de bater\u00edas para cubrir la generaci\u00f3n nocturna o d\u00edas sin sol, que es lo que vamos a calcular a continuaci\u00f3n.<\/p>\n\n\n\n<p class=\"wp-block-paragraph\"><strong>Necesidad en bater\u00edas.<\/strong><\/p>\n\n\n\n<p class=\"wp-block-paragraph\">Considerando que para el caso de las bater\u00edas disminuimos las necesidades anuales a 4.100 GWh, los datos obtenidos son los siguientes:<\/p>\n\n\n\n<ul class=\"wp-block-list\">\n<li>Para 1 noche sin sol (12 horas de almacenamiento):<ul><li>5.616 MWh de capacidad de bater\u00edas.<\/li><\/ul><ul><li>1.440 Tesla Megapacks (cada una almacena 3,9 MWh).<\/li><\/ul><ul><li>Costo total: 2,88 mil millones de euros.<\/li><\/ul>\n<ul class=\"wp-block-list\">\n<li>Costo de mantenimiento anual: 57,6 millones de euros\/a\u00f1o.<\/li>\n<\/ul>\n<\/li>\n\n\n\n<li>Para 7 d\u00edas sin sol (168 horas de almacenamiento):<ul><li>78.630 MWh de capacidad de bater\u00edas.<\/li><\/ul><ul><li>20.159 Tesla Megapacks.<\/li><\/ul><ul><li>Costo total: 40,32 mil millones de euros.<\/li><\/ul>\n<ul class=\"wp-block-list\">\n<li>Costo de mantenimiento anual: 806,4 millones de euros\/a\u00f1o.<\/li>\n<\/ul>\n<\/li>\n<\/ul>\n\n\n\n<p class=\"wp-block-paragraph\">El precio de estas bater\u00edas ser\u00eda superior a 40.000 millones de euros, sin contar infraestructura ni costes de reemplazo cada 15-20 a\u00f1os.<\/p>\n\n\n\n<p class=\"wp-block-paragraph\"><strong>Modificaciones en la red el\u00e9ctrica.<\/strong><\/p>\n\n\n\n<p class=\"wp-block-paragraph\">Si se intentara basar el suministro el\u00e9ctrico de Gran Canaria exclusivamente en paneles solares y bater\u00edas, la red el\u00e9ctrica actual no soportar\u00eda esta nueva configuraci\u00f3n sin una transformaci\u00f3n profunda. A continuaci\u00f3n, se detallan los principales problemas y las modificaciones necesarias para que la red pueda gestionar una matriz energ\u00e9tica basada en generaci\u00f3n distribuida y almacenamiento.<\/p>\n\n\n\n<p class=\"wp-block-paragraph\">La red el\u00e9ctrica actual est\u00e1 dise\u00f1ada para un sistema centralizado (grandes centrales t\u00e9rmicas en puntos concretos), pero con una generaci\u00f3n distribuida masiva en tejados y almacenamiento distribuido, se necesitar\u00eda una red completamente diferente. Se necesitar\u00eda un aumento de la capacidad de los transformadores y subestaciones para manejar flujos bidireccionales de energ\u00eda. Construcci\u00f3n de l\u00edneas adicionales de media y baja tensi\u00f3n, ya que la energ\u00eda generada en tejados debe ser transportada a consumidores en todo momento. Refuerzo de l\u00edneas de alta tensi\u00f3n para absorber la variabilidad de la producci\u00f3n solar sin comprometer la estabilidad.<\/p>\n\n\n\n<p class=\"wp-block-paragraph\">La red el\u00e9ctrica necesita frecuencia estable (50 Hz), pero los paneles solares y bater\u00edas funcionan con corriente continua y no aportan inercia el\u00e9ctrica. Por esta raz\u00f3n ser\u00eda necesario convertidores grid-forming para que las bater\u00edas y los paneles puedan generar una red estable sin necesidad de generaci\u00f3n s\u00edncrona. Instalaci\u00f3n de STATCOMs y condensadores s\u00edncronos para regular el voltaje y la frecuencia en tiempo real. Sistemas avanzados de control de potencia para evitar sobrecargas en la red por picos de generaci\u00f3n y consumo.<\/p>\n\n\n\n<p class=\"wp-block-paragraph\">Las bater\u00edas no pueden estar concentradas en un solo punto porque la demanda es distribuida, pero su instalaci\u00f3n en m\u00faltiples ubicaciones complica la gesti\u00f3n de la red, por lo tanto, es imprescindible el almacenamiento distribuido a nivel de red (bater\u00edas en subestaciones y centros de carga). Control inteligente del almacenamiento con sistemas de predicci\u00f3n meteorol\u00f3gica y gesti\u00f3n de carga\/descarga. Interconexi\u00f3n con sistemas de respaldo, como hidroel\u00e9ctricas de bombeo o generaci\u00f3n de emergencia.<\/p>\n\n\n\n<p class=\"wp-block-paragraph\">El consumo el\u00e9ctrico no siempre coincide con la generaci\u00f3n solar, lo que provoca desajustes cr\u00edticos en la red, por eso hay que implementar sistemas de gesti\u00f3n de la demanda (smart grid) que incentiven el consumo en las horas de mayor producci\u00f3n solar. Tarifas din\u00e1micas que ajusten el precio de la electricidad en funci\u00f3n de la generaci\u00f3n renovable disponible. Electrificaci\u00f3n flexible (carga de coches el\u00e9ctricos programada, gesti\u00f3n de climatizaci\u00f3n en edificios, etc.).<\/p>\n\n\n\n<p class=\"wp-block-paragraph\">Todas las cuestiones descritas tienen su materializaci\u00f3n econ\u00f3mica que a grandes rasgos podr\u00edamos desglosar de la siguiente forma:<\/p>\n\n\n\n<ul class=\"wp-block-list\">\n<li>Refuerzo de transformadores y subestaciones: 500 millones de euros.<\/li>\n\n\n\n<li>Construcci\u00f3n y refuerzo de l\u00edneas de alta tensi\u00f3n: 1.500 millones de euros.<\/li>\n\n\n\n<li>Convertidores grid-forming y estabilizadores de red: 1.000 millones de euros.<\/li>\n\n\n\n<li>Almacenamiento distribuido en subestaciones: 3.000 millones de euros.<\/li>\n\n\n\n<li>Implementaci\u00f3n de smart grid y control de demanda: 2.000 millones de euros.<\/li>\n\n\n\n<li>Digitalizaci\u00f3n y automatizaci\u00f3n de la red: 1.200 millones de euros.<\/li>\n\n\n\n<li>Costo de mantenimiento anual: 100 millones de euros\/a\u00f1o.<\/li>\n\n\n\n<li>Costo total de reforma de la red: 9.2 mil millones de euros.<\/li>\n<\/ul>\n\n\n\n<p class=\"wp-block-paragraph\">El coste de adaptar la red es extremadamente alto, sumando m\u00e1s de 9.000 millones de euros solo en infraestructura. El mantenimiento anual es significativo y requiere inversi\u00f3n continua. Incluso con esta reforma, seguir\u00eda habiendo problemas de estabilidad y resiliencia ante d\u00edas prolongados sin sol.<\/p>\n\n\n\n<p class=\"wp-block-paragraph\"><strong>Problemas con el sistema de protecciones.<\/strong><\/p>\n\n\n\n<p class=\"wp-block-paragraph\">Uno de los desaf\u00edos cr\u00edticos en la transici\u00f3n a una red basada en generaci\u00f3n distribuida y almacenamiento masivo es que los sistemas de protecci\u00f3n actuales no est\u00e1n dise\u00f1ados para operar en redes bidireccionales. Esto introduce problemas graves de seguridad, estabilidad y fiabilidad en el sistema el\u00e9ctrico.<\/p>\n\n\n\n<p class=\"wp-block-paragraph\">Las redes el\u00e9ctricas tradicionales son unidireccionales, lo que significa que la energ\u00eda fluye desde las centrales generadoras (t\u00e9rmicas, hidroel\u00e9ctricas, e\u00f3licas, etc.) hacia los consumidores (industrias, viviendas, comercios).<\/p>\n\n\n\n<p class=\"wp-block-paragraph\">Los sistemas de protecci\u00f3n convencionales incluyen:<\/p>\n\n\n\n<ul class=\"wp-block-list\">\n<li>Rel\u00e9s de sobrecorriente: Detectan fallos cuando la corriente supera un umbral y abren interruptores.<\/li>\n\n\n\n<li>Protecciones de distancia: Detectan fallos en l\u00edneas de transmisi\u00f3n midiendo impedancias.<\/li>\n\n\n\n<li>Rel\u00e9s diferenciales: Comparan la corriente en dos puntos para detectar fallos internos.<\/li>\n\n\n\n<li>Protecciones de frecuencia y tensi\u00f3n: Evitan que el sistema colapse por variaciones fuera de rango.<\/li>\n<\/ul>\n\n\n\n<p class=\"wp-block-paragraph\">Cuando la generaci\u00f3n fotovoltaica est\u00e1 en tejados de viviendas e industrias y las bater\u00edas est\u00e1n distribuidas por la isla, la energ\u00eda fluye en ambos sentidos, lo que hace que los sistemas de protecci\u00f3n convencionales fallen en su prop\u00f3sito. Para adaptar el sistema de protecciones a una red con fotovoltaica y almacenamiento masivo, se necesitan cambios radicales:<\/p>\n\n\n\n<ul class=\"wp-block-list\">\n<li>Protecciones adaptativas: Rel\u00e9s que ajusten sus umbrales din\u00e1micamente en funci\u00f3n de la direcci\u00f3n del flujo de energ\u00eda.<\/li>\n\n\n\n<li>Monitorizaci\u00f3n avanzada en tiempo real: Uso de sensores en toda la red para detectar cambios instant\u00e1neos en corriente, voltaje y frecuencia.<\/li>\n\n\n\n<li>Protecciones basadas en comunicaci\u00f3n (IEC 61850): Rel\u00e9s e interruptores inteligentes conectados por fibra \u00f3ptica para tomar decisiones en milisegundos.<\/li>\n\n\n\n<li>Sistemas anti-isla avanzados: M\u00e9todos m\u00e1s eficaces para detectar y desconectar zonas de la red que se hayan separado involuntariamente.<\/li>\n\n\n\n<li>Protecciones de frecuencia con respuesta ultra r\u00e1pida: Incluir almacenamiento inercial o electr\u00f3nica de potencia avanzada para evitar oscilaciones de frecuencia peligrosas.<\/li>\n<\/ul>\n\n\n\n<p class=\"wp-block-paragraph\">Obviamente todas estas modificaciones presentan un coste que podr\u00edamos desglosar, de manera aproximada de la siguiente forma:<\/p>\n\n\n\n<ul class=\"wp-block-list\">\n<li>Instalaci\u00f3n de rel\u00e9s y protecciones adaptativas: 800 millones de euros.<\/li>\n\n\n\n<li>Sensores y sistemas de monitoreo en tiempo real: 600 millones de euros.<\/li>\n\n\n\n<li>Implementaci\u00f3n de protecciones IEC 61850: 500 millones de euros.<\/li>\n\n\n\n<li>Desarrollo de sistemas anti-isla avanzados: 400 millones de euros.<\/li>\n\n\n\n<li>Instalaci\u00f3n de sistemas de respuesta r\u00e1pida de frecuencia: 700 millones de euros.<\/li>\n\n\n\n<li>Digitalizaci\u00f3n completa de subestaciones y protecciones: 900 millones de euros.<\/li>\n\n\n\n<li>Costo de mantenimiento anual: 50 millones de euros\/a\u00f1o.<\/li>\n\n\n\n<li>Costo total de la reforma del sistema de protecciones: 3,9 mil millones de euros.<\/li>\n<\/ul>\n\n\n\n<p class=\"wp-block-paragraph\">La modernizaci\u00f3n del sistema de protecciones costar\u00eda casi 4.000 millones de euros, adem\u00e1s el mantenimiento anual es elevado, lo que implica una inversi\u00f3n continua. Esta inversi\u00f3n ser\u00eda necesaria en un hipot\u00e9tico escenario de sistema fotovoltaico exclusivo dado que, sin estos cambios, la red no podr\u00eda operar de manera segura con generaci\u00f3n distribuida y almacenamiento masivo.<\/p>\n\n\n\n<p class=\"wp-block-paragraph\"><strong>PROBLEMAS DE ESTABILIDAD, SEGURIDAD Y CONTINUIDAD DEL SUMINISTRO.<\/strong><\/p>\n\n\n\n<p class=\"wp-block-paragraph\">Para que un sistema el\u00e9ctrico sea estable, confiable y eficaz se tienen que cumplir tres requisitos b\u00e1sicos:<\/p>\n\n\n\n<ol class=\"wp-block-list\">\n<li>Estabilidad din\u00e1mica entre generaci\u00f3n y demanda.\u00a0 En todo instante, la generaci\u00f3n el\u00e9ctrica debe igualar la demanda. Esto implica disponer de fuentes que puedan ajustar su producci\u00f3n r\u00e1pidamente para compensar variaciones de consumo o producci\u00f3n.<\/li>\n\n\n\n<li>Limitaci\u00f3n en la penetraci\u00f3n de generaci\u00f3n no gestionable. Las fuentes no gestionables (fotovoltaica, e\u00f3lica) no deber\u00edan superar aproximadamente el 50% de la generaci\u00f3n total. Se requiere siempre una proporci\u00f3n significativa de generaci\u00f3n gestionable (hidr\u00e1ulica, t\u00e9rmicas renovables) que pueda activarse seg\u00fan necesidades.<\/li>\n\n\n\n<li>Existencia de generaci\u00f3n rodante con suficiente inercia y corrientes de cortocircuito. Se necesita generaci\u00f3n rotativa (m\u00e1quinas s\u00edncronas) para aportar inercia al sistema, estabilizando la frecuencia. Las corrientes de cortocircuito proporcionadas por esta generaci\u00f3n son fundamentales para el<\/li>\n<\/ol>\n\n\n\n<p class=\"wp-block-paragraph\">correcto funcionamiento de las protecciones el\u00e9ctricas.<\/p>\n\n\n\n<p class=\"wp-block-paragraph\"><strong>Problemas con la estabilidad din\u00e1mica.<\/strong><\/p>\n\n\n\n<p class=\"wp-block-paragraph\">La generaci\u00f3n fotovoltaica depende directamente de la radiaci\u00f3n solar, que var\u00eda notablemente en plazos muy cortos (minutos o incluso segundos). Paso de nubes: puede reducir la potencia generada en cuesti\u00f3n de segundos hasta un 70-80%. Cambios meteorol\u00f3gicos imprevistos: lluvias repentinas, niebla, o calima pueden disminuir dr\u00e1sticamente la producci\u00f3n solar durante horas o d\u00edas completos. Estos cambios repentinos generan fluctuaciones muy r\u00e1pidas que son dif\u00edciles de compensar con almacenamiento limitado en bater\u00edas. As\u00ed por ejemplo una instalaci\u00f3n fotovoltaica que produzca 100 MW puede caer repentinamente a menos de 20 MW en minutos debido al paso de una formaci\u00f3n nubosa densa. Esto provoca una ca\u00edda s\u00fabita en la generaci\u00f3n, desbalanceando instant\u00e1neamente la relaci\u00f3n entre generaci\u00f3n y demanda, poniendo en peligro la estabilidad del sistema.<\/p>\n\n\n\n<p class=\"wp-block-paragraph\">Por otro lado, la generaci\u00f3n fotovoltaica var\u00eda significativamente seg\u00fan la estaci\u00f3n del a\u00f1o. En invierno, los d\u00edas son m\u00e1s cortos, el sol est\u00e1 m\u00e1s bajo en el horizonte, y el clima tiende a ser m\u00e1s nublado, lo que reduce considerablemente la producci\u00f3n. En verano, aunque la producci\u00f3n total aumenta, la alta temperatura puede reducir la eficiencia de los paneles solares (aproximadamente un 0,5% por cada grado por encima de los 25\u202f\u00b0C). Esto hace muy dif\u00edcil planificar una generaci\u00f3n estable durante todo el a\u00f1o basada exclusivamente en energ\u00eda fotovoltaica.<\/p>\n\n\n\n<p class=\"wp-block-paragraph\">Las centrales el\u00e9ctricas convencionales (hidr\u00e1ulicas, t\u00e9rmicas) pueden encenderse, apagarse o regularse seg\u00fan la demanda en tiempo real. En contraste, la generaci\u00f3n fotovoltaica no puede controlarse a voluntad: si hay sol, produce; si no lo hay, no produce. No se puede aumentar la generaci\u00f3n fotovoltaica r\u00e1pidamente para responder a aumentos s\u00fabitos en la demanda. Durante un pico repentino de demanda (por ejemplo, al atardecer en invierno), justo cuando la generaci\u00f3n fotovoltaica cae r\u00e1pidamente a cero, se crea una brecha de suministro que las bater\u00edas dif\u00edcilmente pueden cubrir debido a su capacidad limitada.<\/p>\n\n\n\n<p class=\"wp-block-paragraph\">Aunque la tecnolog\u00eda de predicci\u00f3n meteorol\u00f3gica ha mejorado, sigue siendo imposible predecir con exactitud los cambios en la radiaci\u00f3n solar en ventanas cortas de tiempo (minutos-horas). Esto obliga a mantener reservas de generaci\u00f3n firmes (convencional o almacenamiento masivo) permanentemente disponibles para compensar errores en las predicciones, elevando los costos y la complejidad operativa del sistema. Un error en la predicci\u00f3n meteorol\u00f3gica puede significar que un sistema tenga que activar generaci\u00f3n firme de emergencia o descargar bater\u00edas mucho m\u00e1s r\u00e1pido de lo planificado, comprometiendo a\u00fan m\u00e1s la estabilidad operativa.<\/p>\n\n\n\n<p class=\"wp-block-paragraph\"><strong>Problemas con el balance generaci\u00f3n gestionable y generaci\u00f3n no gestionable.<\/strong><\/p>\n\n\n\n<p class=\"wp-block-paragraph\">La generaci\u00f3n no gestionable es aquella que no puede controlarse directamente ni adaptarse a la demanda en tiempo real. Su producci\u00f3n depende exclusivamente de factores externos, principalmente las condiciones clim\u00e1ticas. El mejor ejemplo es la generaci\u00f3n fotovoltaica, produce energ\u00eda cuando hay sol, no puede incrementarse ni reducirse seg\u00fan necesidades del sistema, es completamente dependiente de la radiaci\u00f3n solar y factores meteorol\u00f3gicos. Por esta raz\u00f3n nos podemos encontrar que, a mediod\u00eda, en d\u00edas soleados, la generaci\u00f3n fotovoltaica puede superar en varias veces la demanda, haciendo necesario almacenar enormes cantidades de energ\u00eda o \u00abapagar\u00bb instalaciones solares (vertidos energ\u00e9ticos), lo cual es altamente ineficiente. Por otro lado, durante una semana nublada, la producci\u00f3n fotovoltaica puede caer hasta un 80-90%, obligando al sistema a depender exclusivamente de bater\u00edas. Dado que la capacidad de almacenamiento es limitada, esto puede provocar graves crisis de suministro el\u00e9ctrico. Como hemos visto anteriormente, para cubrir una semana sin generaci\u00f3n solar, una isla como Gran Canaria necesitar\u00eda m\u00e1s de 78.000 MWh de bater\u00edas, lo que implicar\u00eda inversiones superiores a 40 mil millones de euros, una cantidad insostenible econ\u00f3mica y ambientalmente.<\/p>\n\n\n\n<p class=\"wp-block-paragraph\">La experiencia pr\u00e1ctica en sistemas el\u00e9ctricos aislados, como los insulares (Canarias, Haw\u00e1i, Azores), ha demostrado que una penetraci\u00f3n segura y eficiente de generaci\u00f3n no gestionable no puede superar el 50% en ning\u00fan momento. Por encima de este umbral aumenta r\u00e1pidamente la complejidad operativa, los costes en almacenamiento y sistemas auxiliares se disparan, la estabilidad din\u00e1mica del sistema se degrada significativamente.<\/p>\n\n\n\n<p class=\"wp-block-paragraph\"><strong>La potencia rodante suficiente.<\/strong><\/p>\n\n\n\n<p class=\"wp-block-paragraph\">Uno de los pilares fundamentales para la estabilidad de un sistema el\u00e9ctrico es contar con suficiente potencia rodante (generaci\u00f3n s\u00edncrona rotativa) que aporte inercia mec\u00e1nica y asegure las corrientes de cortocircuito adecuadas. Sin este componente, un sistema basado solo en fotovoltaica y bater\u00edas se vuelve altamente inestable y vulnerable a fallos el\u00e9ctricos.<\/p>\n\n\n\n<p class=\"wp-block-paragraph\">La inercia el\u00e9ctrica es la capacidad de los generadores s\u00edncronos de mantener estable la frecuencia del sistema (50 Hz en Europa) frente a variaciones s\u00fabitas de generaci\u00f3n o demanda. En los sistemas el\u00e9ctricos convencionales, las turbinas de centrales t\u00e9rmicas, hidroel\u00e9ctricas o de biomasa est\u00e1n acopladas a alternadores s\u00edncronos rotativos. Estos generadores almacenan energ\u00eda cin\u00e9tica en su masa giratoria y si hay un cambio repentino en la demanda o la generaci\u00f3n, esta inercia absorbe el impacto, evitando fluctuaciones bruscas de frecuencia.<\/p>\n\n\n\n<p class=\"wp-block-paragraph\">Los paneles solares no aportan inercia porque generan electricidad a trav\u00e9s de inversores electr\u00f3nicos. Las bater\u00edas tampoco generan inercia, ya que entregan energ\u00eda a la red a trav\u00e9s de inversores sin componentes mec\u00e1nicos rotativos y sin inercia, cualquier perturbaci\u00f3n en la red (una desconexi\u00f3n, un fallo de l\u00ednea o una subida\/bajada repentina de carga) provocar\u00e1 fluctuaciones instant\u00e1neas de frecuencia mucho m\u00e1s r\u00e1pidas y peligrosas.<\/p>\n\n\n\n<p class=\"wp-block-paragraph\">Las corrientes de cortocircuito son esenciales para que los sistemas de protecci\u00f3n el\u00e9ctrica funcionen correctamente en caso de fallos en la red. En una red tradicional, si ocurre un cortocircuito (por ejemplo, una l\u00ednea da\u00f1ada por una tormenta), los generadores s\u00edncronos suministran altas corrientes de fallo (5 a 10 veces la corriente nominal). Estas altas corrientes son detectadas por los rel\u00e9s de protecci\u00f3n, que ordenan abrir interruptores para aislar el problema y evitar un colapso del sistema.<\/p>\n\n\n\n<p class=\"wp-block-paragraph\">En cambio, en los sistemas fotovoltaicos con bater\u00edas los inversores electr\u00f3nicos no pueden entregar grandes corrientes de cortocircuito, ya que est\u00e1n dise\u00f1ados para limitar la corriente que suministran. Si la red pierde su capacidad de generar altas corrientes de cortocircuito, los rel\u00e9s pueden no detectar los fallos, dejando partes de la red en un estado inseguro lo que aumenta el riesgo de incendios el\u00e9ctricos, da\u00f1os en equipos y fallos en cascada.<\/p>\n\n\n\n<p class=\"wp-block-paragraph\">CONCLUSIONES.<\/p>\n\n\n\n<p class=\"wp-block-paragraph\">Un sistema el\u00e9ctrico basado exclusivamente en fotovoltaica y bater\u00edas es t\u00e9cnica y econ\u00f3micamente inviable debido a su incapacidad para garantizar estabilidad din\u00e1mica, su dependencia absoluta de condiciones meteorol\u00f3gicas impredecibles, la falta de generaci\u00f3n s\u00edncrona que aporte inercia y corrientes de cortocircuito, y la necesidad de un almacenamiento masivo desproporcionado que supera cualquier umbral realista de coste y espacio. Las bater\u00edas, aunque \u00fatiles para suavizar la intermitencia renovable, no pueden sustituir una generaci\u00f3n firme y gestionable, ni aportar estabilidad estructural al sistema. Sin generaci\u00f3n rotativa, la red ser\u00eda altamente inestable, vulnerable a apagones en cascada y operativamente incontrolable.<\/p>\n\n\n\n<p class=\"wp-block-paragraph\">La \u00fanica forma viable de dise\u00f1ar un sistema el\u00e9ctrico sostenible y confiable en una isla como Gran Canaria es con un mix energ\u00e9tico equilibrado, combinando fotovoltaica y e\u00f3lica como fuentes renovables principales, almacenamiento estrat\u00e9gico con bater\u00eda y bombeos, y potencia de reserva sustentada en hidr\u00f3geno verde o sus derivados. Cualquier otro enfoque basado exclusivamente en fotovoltaica y bater\u00edas es una fantas\u00eda t\u00e9cnica condenada al fracaso.<\/p>\n","protected":false},"excerpt":{"rendered":"<p>INTRODUCCI\u00d3N La preocupaci\u00f3n de que el mantra de que es posible alimentar un sistema el\u00e9ctrico complejo mediante exclusivamente placas fotovoltaicas ubicadas en los tejados de las edificaciones y con bater\u00edas de respaldo, haya calado en los movimientos ecologistas y la sociedad en general, es una preocupaci\u00f3n completamente real, dado que la idea en si misma [&hellip;]<\/p>\n","protected":false},"author":1,"featured_media":871,"comment_status":"open","ping_status":"open","sticky":false,"template":"","format":"standard","meta":{"footnotes":""},"categories":[45,39],"tags":[],"class_list":["post-870","post","type-post","status-publish","format-standard","has-post-thumbnail","category-r_autoconsumo","category-renovables"],"yoast_head":"<!-- This site is optimized with the Yoast SEO plugin v28.2 - https:\/\/yoast.com\/product\/yoast-seo-wordpress\/ -->\n<title>C\u00e1lculos fotovoltaicos - Salto Ecol\u00f3gico<\/title>\n<meta name=\"robots\" content=\"index, follow, max-snippet:-1, max-image-preview:large, max-video-preview:-1\" \/>\n<link rel=\"canonical\" href=\"https:\/\/saltoecologico.es\/index.php\/2025\/02\/23\/calculos-fotovoltaicos\/\" \/>\n<meta property=\"og:locale\" content=\"es_ES\" \/>\n<meta property=\"og:type\" content=\"article\" \/>\n<meta property=\"og:title\" content=\"C\u00e1lculos fotovoltaicos - Salto Ecol\u00f3gico\" \/>\n<meta property=\"og:description\" content=\"INTRODUCCI\u00d3N La preocupaci\u00f3n de que el mantra de que es posible alimentar un sistema el\u00e9ctrico complejo mediante exclusivamente placas fotovoltaicas ubicadas en los tejados de las edificaciones y con bater\u00edas de respaldo, haya calado en los movimientos ecologistas y la sociedad en general, es una preocupaci\u00f3n completamente real, dado que la idea en si misma [&hellip;]\" \/>\n<meta property=\"og:url\" content=\"https:\/\/saltoecologico.es\/index.php\/2025\/02\/23\/calculos-fotovoltaicos\/\" \/>\n<meta property=\"og:site_name\" content=\"Salto Ecol\u00f3gico\" \/>\n<meta property=\"article:publisher\" content=\"https:\/\/www.facebook.com\/Saltotransicionecologica\" \/>\n<meta property=\"article:published_time\" content=\"2025-02-23T08:16:00+00:00\" \/>\n<meta property=\"article:modified_time\" content=\"2025-04-20T08:16:42+00:00\" \/>\n<meta property=\"og:image\" content=\"https:\/\/saltoecologico.es\/wp-content\/uploads\/2025\/04\/Fotovoltaica-21.jpg\" \/>\n\t<meta property=\"og:image:width\" content=\"1024\" \/>\n\t<meta property=\"og:image:height\" content=\"681\" \/>\n\t<meta property=\"og:image:type\" content=\"image\/jpeg\" \/>\n<meta name=\"author\" content=\"admin\" \/>\n<meta name=\"twitter:card\" content=\"summary_large_image\" \/>\n<meta name=\"twitter:label1\" content=\"Escrito por\" \/>\n\t<meta name=\"twitter:data1\" content=\"admin\" \/>\n\t<meta name=\"twitter:label2\" content=\"Tiempo de lectura\" \/>\n\t<meta name=\"twitter:data2\" content=\"15 minutos\" \/>\n<script type=\"application\/ld+json\" class=\"yoast-schema-graph\">{\"@context\":\"https:\\\/\\\/schema.org\",\"@graph\":[{\"@type\":\"Article\",\"@id\":\"https:\\\/\\\/saltoecologico.es\\\/index.php\\\/2025\\\/02\\\/23\\\/calculos-fotovoltaicos\\\/#article\",\"isPartOf\":{\"@id\":\"https:\\\/\\\/saltoecologico.es\\\/index.php\\\/2025\\\/02\\\/23\\\/calculos-fotovoltaicos\\\/\"},\"author\":{\"name\":\"admin\",\"@id\":\"https:\\\/\\\/saltoecologico.es\\\/#\\\/schema\\\/person\\\/7175eec4b3c123d86c675313c3a01a0b\"},\"headline\":\"C\u00e1lculos fotovoltaicos\",\"datePublished\":\"2025-02-23T08:16:00+00:00\",\"dateModified\":\"2025-04-20T08:16:42+00:00\",\"mainEntityOfPage\":{\"@id\":\"https:\\\/\\\/saltoecologico.es\\\/index.php\\\/2025\\\/02\\\/23\\\/calculos-fotovoltaicos\\\/\"},\"wordCount\":3418,\"commentCount\":0,\"publisher\":{\"@id\":\"https:\\\/\\\/saltoecologico.es\\\/#organization\"},\"image\":{\"@id\":\"https:\\\/\\\/saltoecologico.es\\\/index.php\\\/2025\\\/02\\\/23\\\/calculos-fotovoltaicos\\\/#primaryimage\"},\"thumbnailUrl\":\"https:\\\/\\\/saltoecologico.es\\\/wp-content\\\/uploads\\\/2025\\\/04\\\/Fotovoltaica-21.jpg\",\"articleSection\":[\"R_Autoconsumo\",\"Renovables\"],\"inLanguage\":\"es\",\"potentialAction\":[{\"@type\":\"CommentAction\",\"name\":\"Comment\",\"target\":[\"https:\\\/\\\/saltoecologico.es\\\/index.php\\\/2025\\\/02\\\/23\\\/calculos-fotovoltaicos\\\/#respond\"]}]},{\"@type\":\"WebPage\",\"@id\":\"https:\\\/\\\/saltoecologico.es\\\/index.php\\\/2025\\\/02\\\/23\\\/calculos-fotovoltaicos\\\/\",\"url\":\"https:\\\/\\\/saltoecologico.es\\\/index.php\\\/2025\\\/02\\\/23\\\/calculos-fotovoltaicos\\\/\",\"name\":\"C\u00e1lculos fotovoltaicos - Salto Ecol\u00f3gico\",\"isPartOf\":{\"@id\":\"https:\\\/\\\/saltoecologico.es\\\/#website\"},\"primaryImageOfPage\":{\"@id\":\"https:\\\/\\\/saltoecologico.es\\\/index.php\\\/2025\\\/02\\\/23\\\/calculos-fotovoltaicos\\\/#primaryimage\"},\"image\":{\"@id\":\"https:\\\/\\\/saltoecologico.es\\\/index.php\\\/2025\\\/02\\\/23\\\/calculos-fotovoltaicos\\\/#primaryimage\"},\"thumbnailUrl\":\"https:\\\/\\\/saltoecologico.es\\\/wp-content\\\/uploads\\\/2025\\\/04\\\/Fotovoltaica-21.jpg\",\"datePublished\":\"2025-02-23T08:16:00+00:00\",\"dateModified\":\"2025-04-20T08:16:42+00:00\",\"breadcrumb\":{\"@id\":\"https:\\\/\\\/saltoecologico.es\\\/index.php\\\/2025\\\/02\\\/23\\\/calculos-fotovoltaicos\\\/#breadcrumb\"},\"inLanguage\":\"es\",\"potentialAction\":[{\"@type\":\"ReadAction\",\"target\":[\"https:\\\/\\\/saltoecologico.es\\\/index.php\\\/2025\\\/02\\\/23\\\/calculos-fotovoltaicos\\\/\"]}]},{\"@type\":\"ImageObject\",\"inLanguage\":\"es\",\"@id\":\"https:\\\/\\\/saltoecologico.es\\\/index.php\\\/2025\\\/02\\\/23\\\/calculos-fotovoltaicos\\\/#primaryimage\",\"url\":\"https:\\\/\\\/saltoecologico.es\\\/wp-content\\\/uploads\\\/2025\\\/04\\\/Fotovoltaica-21.jpg\",\"contentUrl\":\"https:\\\/\\\/saltoecologico.es\\\/wp-content\\\/uploads\\\/2025\\\/04\\\/Fotovoltaica-21.jpg\",\"width\":1024,\"height\":681,\"caption\":\"Indian worker installing solar panels. Concept of alternative, renewable energy.\"},{\"@type\":\"BreadcrumbList\",\"@id\":\"https:\\\/\\\/saltoecologico.es\\\/index.php\\\/2025\\\/02\\\/23\\\/calculos-fotovoltaicos\\\/#breadcrumb\",\"itemListElement\":[{\"@type\":\"ListItem\",\"position\":1,\"name\":\"Portada\",\"item\":\"https:\\\/\\\/saltoecologico.es\\\/\"},{\"@type\":\"ListItem\",\"position\":2,\"name\":\"C\u00e1lculos fotovoltaicos\"}]},{\"@type\":\"WebSite\",\"@id\":\"https:\\\/\\\/saltoecologico.es\\\/#website\",\"url\":\"https:\\\/\\\/saltoecologico.es\\\/\",\"name\":\"Salto Ecol\u00f3gico\",\"description\":\"\",\"publisher\":{\"@id\":\"https:\\\/\\\/saltoecologico.es\\\/#organization\"},\"potentialAction\":[{\"@type\":\"SearchAction\",\"target\":{\"@type\":\"EntryPoint\",\"urlTemplate\":\"https:\\\/\\\/saltoecologico.es\\\/?s={search_term_string}\"},\"query-input\":{\"@type\":\"PropertyValueSpecification\",\"valueRequired\":true,\"valueName\":\"search_term_string\"}}],\"inLanguage\":\"es\"},{\"@type\":\"Organization\",\"@id\":\"https:\\\/\\\/saltoecologico.es\\\/#organization\",\"name\":\"Salto a la Transici\u00f3n Ecol\u00f3gica\",\"url\":\"https:\\\/\\\/saltoecologico.es\\\/\",\"logo\":{\"@type\":\"ImageObject\",\"inLanguage\":\"es\",\"@id\":\"https:\\\/\\\/saltoecologico.es\\\/#\\\/schema\\\/logo\\\/image\\\/\",\"url\":\"https:\\\/\\\/saltoecologico.es\\\/wp-content\\\/uploads\\\/2025\\\/04\\\/Logo-STE.jpg\",\"contentUrl\":\"https:\\\/\\\/saltoecologico.es\\\/wp-content\\\/uploads\\\/2025\\\/04\\\/Logo-STE.jpg\",\"width\":435,\"height\":435,\"caption\":\"Salto a la Transici\u00f3n Ecol\u00f3gica\"},\"image\":{\"@id\":\"https:\\\/\\\/saltoecologico.es\\\/#\\\/schema\\\/logo\\\/image\\\/\"},\"sameAs\":[\"https:\\\/\\\/www.facebook.com\\\/Saltotransicionecologica\"]},{\"@type\":\"Person\",\"@id\":\"https:\\\/\\\/saltoecologico.es\\\/#\\\/schema\\\/person\\\/7175eec4b3c123d86c675313c3a01a0b\",\"name\":\"admin\",\"image\":{\"@type\":\"ImageObject\",\"inLanguage\":\"es\",\"@id\":\"https:\\\/\\\/secure.gravatar.com\\\/avatar\\\/4c215dc57bbc7b2f2f470ac9bd197f3f112636a584e575a732d0206a2d9c9806?s=96&d=mm&r=g\",\"url\":\"https:\\\/\\\/secure.gravatar.com\\\/avatar\\\/4c215dc57bbc7b2f2f470ac9bd197f3f112636a584e575a732d0206a2d9c9806?s=96&d=mm&r=g\",\"contentUrl\":\"https:\\\/\\\/secure.gravatar.com\\\/avatar\\\/4c215dc57bbc7b2f2f470ac9bd197f3f112636a584e575a732d0206a2d9c9806?s=96&d=mm&r=g\",\"caption\":\"admin\"},\"sameAs\":[\"https:\\\/\\\/saltoecologico.es\"],\"url\":\"https:\\\/\\\/saltoecologico.es\\\/index.php\\\/author\\\/saltoecologico\\\/\"}]}<\/script>\n<!-- \/ Yoast SEO plugin. -->","yoast_head_json":{"title":"C\u00e1lculos fotovoltaicos - Salto Ecol\u00f3gico","robots":{"index":"index","follow":"follow","max-snippet":"max-snippet:-1","max-image-preview":"max-image-preview:large","max-video-preview":"max-video-preview:-1"},"canonical":"https:\/\/saltoecologico.es\/index.php\/2025\/02\/23\/calculos-fotovoltaicos\/","og_locale":"es_ES","og_type":"article","og_title":"C\u00e1lculos fotovoltaicos - Salto Ecol\u00f3gico","og_description":"INTRODUCCI\u00d3N La preocupaci\u00f3n de que el mantra de que es posible alimentar un sistema el\u00e9ctrico complejo mediante exclusivamente placas fotovoltaicas ubicadas en los tejados de las edificaciones y con bater\u00edas de respaldo, haya calado en los movimientos ecologistas y la sociedad en general, es una preocupaci\u00f3n completamente real, dado que la idea en si misma [&hellip;]","og_url":"https:\/\/saltoecologico.es\/index.php\/2025\/02\/23\/calculos-fotovoltaicos\/","og_site_name":"Salto Ecol\u00f3gico","article_publisher":"https:\/\/www.facebook.com\/Saltotransicionecologica","article_published_time":"2025-02-23T08:16:00+00:00","article_modified_time":"2025-04-20T08:16:42+00:00","og_image":[{"width":1024,"height":681,"url":"https:\/\/saltoecologico.es\/wp-content\/uploads\/2025\/04\/Fotovoltaica-21.jpg","type":"image\/jpeg"}],"author":"admin","twitter_card":"summary_large_image","twitter_misc":{"Escrito por":"admin","Tiempo de lectura":"15 minutos"},"schema":{"@context":"https:\/\/schema.org","@graph":[{"@type":"Article","@id":"https:\/\/saltoecologico.es\/index.php\/2025\/02\/23\/calculos-fotovoltaicos\/#article","isPartOf":{"@id":"https:\/\/saltoecologico.es\/index.php\/2025\/02\/23\/calculos-fotovoltaicos\/"},"author":{"name":"admin","@id":"https:\/\/saltoecologico.es\/#\/schema\/person\/7175eec4b3c123d86c675313c3a01a0b"},"headline":"C\u00e1lculos fotovoltaicos","datePublished":"2025-02-23T08:16:00+00:00","dateModified":"2025-04-20T08:16:42+00:00","mainEntityOfPage":{"@id":"https:\/\/saltoecologico.es\/index.php\/2025\/02\/23\/calculos-fotovoltaicos\/"},"wordCount":3418,"commentCount":0,"publisher":{"@id":"https:\/\/saltoecologico.es\/#organization"},"image":{"@id":"https:\/\/saltoecologico.es\/index.php\/2025\/02\/23\/calculos-fotovoltaicos\/#primaryimage"},"thumbnailUrl":"https:\/\/saltoecologico.es\/wp-content\/uploads\/2025\/04\/Fotovoltaica-21.jpg","articleSection":["R_Autoconsumo","Renovables"],"inLanguage":"es","potentialAction":[{"@type":"CommentAction","name":"Comment","target":["https:\/\/saltoecologico.es\/index.php\/2025\/02\/23\/calculos-fotovoltaicos\/#respond"]}]},{"@type":"WebPage","@id":"https:\/\/saltoecologico.es\/index.php\/2025\/02\/23\/calculos-fotovoltaicos\/","url":"https:\/\/saltoecologico.es\/index.php\/2025\/02\/23\/calculos-fotovoltaicos\/","name":"C\u00e1lculos fotovoltaicos - Salto Ecol\u00f3gico","isPartOf":{"@id":"https:\/\/saltoecologico.es\/#website"},"primaryImageOfPage":{"@id":"https:\/\/saltoecologico.es\/index.php\/2025\/02\/23\/calculos-fotovoltaicos\/#primaryimage"},"image":{"@id":"https:\/\/saltoecologico.es\/index.php\/2025\/02\/23\/calculos-fotovoltaicos\/#primaryimage"},"thumbnailUrl":"https:\/\/saltoecologico.es\/wp-content\/uploads\/2025\/04\/Fotovoltaica-21.jpg","datePublished":"2025-02-23T08:16:00+00:00","dateModified":"2025-04-20T08:16:42+00:00","breadcrumb":{"@id":"https:\/\/saltoecologico.es\/index.php\/2025\/02\/23\/calculos-fotovoltaicos\/#breadcrumb"},"inLanguage":"es","potentialAction":[{"@type":"ReadAction","target":["https:\/\/saltoecologico.es\/index.php\/2025\/02\/23\/calculos-fotovoltaicos\/"]}]},{"@type":"ImageObject","inLanguage":"es","@id":"https:\/\/saltoecologico.es\/index.php\/2025\/02\/23\/calculos-fotovoltaicos\/#primaryimage","url":"https:\/\/saltoecologico.es\/wp-content\/uploads\/2025\/04\/Fotovoltaica-21.jpg","contentUrl":"https:\/\/saltoecologico.es\/wp-content\/uploads\/2025\/04\/Fotovoltaica-21.jpg","width":1024,"height":681,"caption":"Indian worker installing solar panels. Concept of alternative, renewable energy."},{"@type":"BreadcrumbList","@id":"https:\/\/saltoecologico.es\/index.php\/2025\/02\/23\/calculos-fotovoltaicos\/#breadcrumb","itemListElement":[{"@type":"ListItem","position":1,"name":"Portada","item":"https:\/\/saltoecologico.es\/"},{"@type":"ListItem","position":2,"name":"C\u00e1lculos fotovoltaicos"}]},{"@type":"WebSite","@id":"https:\/\/saltoecologico.es\/#website","url":"https:\/\/saltoecologico.es\/","name":"Salto Ecol\u00f3gico","description":"","publisher":{"@id":"https:\/\/saltoecologico.es\/#organization"},"potentialAction":[{"@type":"SearchAction","target":{"@type":"EntryPoint","urlTemplate":"https:\/\/saltoecologico.es\/?s={search_term_string}"},"query-input":{"@type":"PropertyValueSpecification","valueRequired":true,"valueName":"search_term_string"}}],"inLanguage":"es"},{"@type":"Organization","@id":"https:\/\/saltoecologico.es\/#organization","name":"Salto a la Transici\u00f3n Ecol\u00f3gica","url":"https:\/\/saltoecologico.es\/","logo":{"@type":"ImageObject","inLanguage":"es","@id":"https:\/\/saltoecologico.es\/#\/schema\/logo\/image\/","url":"https:\/\/saltoecologico.es\/wp-content\/uploads\/2025\/04\/Logo-STE.jpg","contentUrl":"https:\/\/saltoecologico.es\/wp-content\/uploads\/2025\/04\/Logo-STE.jpg","width":435,"height":435,"caption":"Salto a la Transici\u00f3n Ecol\u00f3gica"},"image":{"@id":"https:\/\/saltoecologico.es\/#\/schema\/logo\/image\/"},"sameAs":["https:\/\/www.facebook.com\/Saltotransicionecologica"]},{"@type":"Person","@id":"https:\/\/saltoecologico.es\/#\/schema\/person\/7175eec4b3c123d86c675313c3a01a0b","name":"admin","image":{"@type":"ImageObject","inLanguage":"es","@id":"https:\/\/secure.gravatar.com\/avatar\/4c215dc57bbc7b2f2f470ac9bd197f3f112636a584e575a732d0206a2d9c9806?s=96&d=mm&r=g","url":"https:\/\/secure.gravatar.com\/avatar\/4c215dc57bbc7b2f2f470ac9bd197f3f112636a584e575a732d0206a2d9c9806?s=96&d=mm&r=g","contentUrl":"https:\/\/secure.gravatar.com\/avatar\/4c215dc57bbc7b2f2f470ac9bd197f3f112636a584e575a732d0206a2d9c9806?s=96&d=mm&r=g","caption":"admin"},"sameAs":["https:\/\/saltoecologico.es"],"url":"https:\/\/saltoecologico.es\/index.php\/author\/saltoecologico\/"}]}},"_links":{"self":[{"href":"https:\/\/saltoecologico.es\/index.php\/wp-json\/wp\/v2\/posts\/870","targetHints":{"allow":["GET"]}}],"collection":[{"href":"https:\/\/saltoecologico.es\/index.php\/wp-json\/wp\/v2\/posts"}],"about":[{"href":"https:\/\/saltoecologico.es\/index.php\/wp-json\/wp\/v2\/types\/post"}],"author":[{"embeddable":true,"href":"https:\/\/saltoecologico.es\/index.php\/wp-json\/wp\/v2\/users\/1"}],"replies":[{"embeddable":true,"href":"https:\/\/saltoecologico.es\/index.php\/wp-json\/wp\/v2\/comments?post=870"}],"version-history":[{"count":1,"href":"https:\/\/saltoecologico.es\/index.php\/wp-json\/wp\/v2\/posts\/870\/revisions"}],"predecessor-version":[{"id":872,"href":"https:\/\/saltoecologico.es\/index.php\/wp-json\/wp\/v2\/posts\/870\/revisions\/872"}],"wp:featuredmedia":[{"embeddable":true,"href":"https:\/\/saltoecologico.es\/index.php\/wp-json\/wp\/v2\/media\/871"}],"wp:attachment":[{"href":"https:\/\/saltoecologico.es\/index.php\/wp-json\/wp\/v2\/media?parent=870"}],"wp:term":[{"taxonomy":"category","embeddable":true,"href":"https:\/\/saltoecologico.es\/index.php\/wp-json\/wp\/v2\/categories?post=870"},{"taxonomy":"post_tag","embeddable":true,"href":"https:\/\/saltoecologico.es\/index.php\/wp-json\/wp\/v2\/tags?post=870"}],"curies":[{"name":"wp","href":"https:\/\/api.w.org\/{rel}","templated":true}]}}