{"id":873,"date":"2025-03-04T08:19:00","date_gmt":"2025-03-04T08:19:00","guid":{"rendered":"https:\/\/saltoecologico.es\/?p=873"},"modified":"2026-04-10T11:40:06","modified_gmt":"2026-04-10T11:40:06","slug":"endesa-y-el-gas","status":"publish","type":"post","link":"https:\/\/saltoecologico.es\/index.php\/2025\/03\/04\/endesa-y-el-gas\/","title":{"rendered":"Endesa y el gas"},"content":{"rendered":"\n<p class=\"wp-block-paragraph\">Dicen que todas las historias de amor tienen un final, pero la de Endesa con el gas natural parece m\u00e1s bien una relaci\u00f3n t\u00f3xica de esas que se alargan innecesariamente. Nos anuncian, con cierto aire triunfalista, que reducir\u00e1n su consumo de gas en un 30% entre 2025 y 2026, dejando caer contratos con Qatar y Nigeria. Bravo, aplaudimos la audacia&#8230; de seguir dependiendo de este combustible f\u00f3sil hasta 2040. S\u00ed, han le\u00eddo bien: dos d\u00e9cadas m\u00e1s para romper con un vicio que nos est\u00e1 llevando al colapso clim\u00e1tico.<\/p>\n\n\n\n<p class=\"wp-block-paragraph\">La el\u00e9ctrica nos vende la idea de que est\u00e1 en plena transici\u00f3n ecol\u00f3gica, que su amor por el gas es cada vez menor y que la electricidad verde ser\u00e1 la gran protagonista del futuro. Pero, mientras tanto, sigue defendiendo la entrada del gas natural licuado (GNL) en Canarias, ese territorio que podr\u00eda ser un para\u00edso de las renovables pero que, gracias a estrategias como la suya y con el ya famoso proceso de concurrencia competitiva, sigue atado a combustibles f\u00f3siles. Parece que el discurso de la descarbonizaci\u00f3n avanza m\u00e1s r\u00e1pido que los hechos.<\/p>\n\n\n\n<p class=\"wp-block-paragraph\">El problema es que dejar el gas no es tan f\u00e1cil cuando se han firmado contratos con cl\u00e1usulas take or pay, lo que en t\u00e9rminos coloquiales significa \u00abo compras o pagas igual\u00bb. Endesa est\u00e1 atrapada en su propia estrategia: si la demanda de gas cae antes de lo previsto, tendr\u00e1n que seguir pagando por un combustible que ya nadie quiere. Pero claro, para evitar este rid\u00edculo financiero, no hay nada mejor que intentar mantener el negocio a flote el m\u00e1ximo tiempo posible. \u00bfY qu\u00e9 mejor lugar para ello que Canarias con su remuneraci\u00f3n adicional que le aporta emolumentos extra?.<\/p>\n\n\n\n<p class=\"wp-block-paragraph\">La historia de la introducci\u00f3n del gas en Canarias es el ejemplo perfecto de c\u00f3mo disfrazar el retraso de la transici\u00f3n energ\u00e9tica con discursos llenos de eufemismos. En lugar de apostar de forma contundente por la energ\u00eda solar, e\u00f3lica y el almacenamiento, Endesa insiste en que el gas es \u00abnecesario\u00bb para garantizar la estabilidad del sistema. No mencionan, por supuesto, que instalar infraestructura gasista en las islas significa atarse durante d\u00e9cadas a un combustible que inevitablemente encarecer\u00e1 los costes y retrasar\u00e1 la llegada de un modelo 100% renovable.<\/p>\n\n\n\n<p class=\"wp-block-paragraph\">Pero si el panorama ya era preocupante, la dependencia del gas a\u00f1ade un factor de riesgo a\u00fan mayor: la incertidumbre geopol\u00edtica. Los contratos de Endesa est\u00e1n vinculados a proveedores en regiones con inestabilidad pol\u00edtica, conflictos y cambios estrat\u00e9gicos impredecibles. Argelia, Nigeria, Qatar y Estados Unidos no son precisamente sin\u00f3nimos de estabilidad en el suministro. Desde tensiones diplom\u00e1ticas hasta conflictos abiertos, la continuidad del gas est\u00e1 sujeta a factores externos que pueden disparar los precios o incluso cortar el suministro de un d\u00eda para otro.<\/p>\n\n\n\n<p class=\"wp-block-paragraph\">En un mundo donde los conflictos energ\u00e9ticos han pasado de ser problemas lejanos a crisis globales, la apuesta de Endesa por seguir dependiendo del gas es poco menos que una ruleta rusa. Ya lo hemos visto con las tensiones entre Europa y Rusia, que provocaron un aumento sin precedentes en los precios del gas, afectando directamente a los consumidores. \u00bfDe verdad queremos seguir jugando a este peligroso juego cuando tenemos el sol y el viento a nuestro favor?<\/p>\n\n\n\n<p class=\"wp-block-paragraph\">Pero no se preocupen, que para 2040 habr\u00e1n roto del todo con el gas. O al menos eso dicen. Hasta entonces, seguir\u00e1n exprimiendo al m\u00e1ximo esta relaci\u00f3n, intentando convencernos de que el gas es solo un mal necesario y que su compromiso con las energ\u00edas limpias es incuestionable. Y mientras tanto, Canarias y otros territorios seguir\u00e1n pagando las consecuencias de una transici\u00f3n que se vende como ejemplar pero que, en la pr\u00e1ctica, sigue anclada en el pasado.<\/p>\n\n\n\n<p class=\"wp-block-paragraph\">A este ritmo, cuando Endesa finalmente decida \u00abromper\u00bb con el gas, el resto del mundo ya habr\u00e1 pasado p\u00e1gina hace mucho tiempo. Solo queda esperar que, para entonces, la sociedad no haya ca\u00eddo en la trampa de otra historia de amor t\u00f3xica con un nuevo combustible \u00abde transici\u00f3n\u00bb.<\/p>\n","protected":false},"excerpt":{"rendered":"<p>Dicen que todas las historias de amor tienen un final, pero la de Endesa con el gas natural parece m\u00e1s bien una relaci\u00f3n t\u00f3xica de esas que se alargan innecesariamente. Nos anuncian, con cierto aire triunfalista, que reducir\u00e1n su consumo de gas en un 30% entre 2025 y 2026, dejando caer contratos con Qatar y [&hellip;]<\/p>\n","protected":false},"author":1,"featured_media":874,"comment_status":"open","ping_status":"open","sticky":false,"template":"","format":"standard","meta":{"footnotes":""},"categories":[44],"tags":[],"class_list":["post-873","post","type-post","status-publish","format-standard","has-post-thumbnail","category-g_varios"],"yoast_head":"<!-- This site is optimized with the Yoast SEO plugin v28.2 - https:\/\/yoast.com\/product\/yoast-seo-wordpress\/ -->\n<title>Endesa y el gas - Salto Ecol\u00f3gico<\/title>\n<meta name=\"robots\" content=\"index, follow, max-snippet:-1, max-image-preview:large, max-video-preview:-1\" \/>\n<link rel=\"canonical\" href=\"https:\/\/saltoecologico.es\/index.php\/2025\/03\/04\/endesa-y-el-gas\/\" \/>\n<meta property=\"og:locale\" content=\"es_ES\" \/>\n<meta property=\"og:type\" content=\"article\" \/>\n<meta property=\"og:title\" content=\"Endesa y el gas - Salto Ecol\u00f3gico\" \/>\n<meta property=\"og:description\" content=\"Dicen que todas las historias de amor tienen un final, pero la de Endesa con el gas natural parece m\u00e1s bien una relaci\u00f3n t\u00f3xica de esas que se alargan innecesariamente. Nos anuncian, con cierto aire triunfalista, que reducir\u00e1n su consumo de gas en un 30% entre 2025 y 2026, dejando caer contratos con Qatar y [&hellip;]\" \/>\n<meta property=\"og:url\" content=\"https:\/\/saltoecologico.es\/index.php\/2025\/03\/04\/endesa-y-el-gas\/\" \/>\n<meta property=\"og:site_name\" content=\"Salto Ecol\u00f3gico\" \/>\n<meta property=\"article:publisher\" content=\"https:\/\/www.facebook.com\/Saltotransicionecologica\" \/>\n<meta property=\"article:published_time\" content=\"2025-03-04T08:19:00+00:00\" \/>\n<meta property=\"article:modified_time\" content=\"2026-04-10T11:40:06+00:00\" \/>\n<meta property=\"og:image\" content=\"https:\/\/saltoecologico.es\/wp-content\/uploads\/2025\/04\/GNL18.jpg\" \/>\n\t<meta property=\"og:image:width\" content=\"1024\" \/>\n\t<meta property=\"og:image:height\" content=\"575\" \/>\n\t<meta property=\"og:image:type\" content=\"image\/jpeg\" \/>\n<meta name=\"author\" content=\"admin\" \/>\n<meta name=\"twitter:card\" content=\"summary_large_image\" \/>\n<meta name=\"twitter:label1\" content=\"Escrito por\" \/>\n\t<meta name=\"twitter:data1\" content=\"admin\" \/>\n\t<meta name=\"twitter:label2\" content=\"Tiempo de lectura\" \/>\n\t<meta name=\"twitter:data2\" content=\"4 minutos\" \/>\n<script type=\"application\/ld+json\" class=\"yoast-schema-graph\">{\"@context\":\"https:\\\/\\\/schema.org\",\"@graph\":[{\"@type\":\"Article\",\"@id\":\"https:\\\/\\\/saltoecologico.es\\\/index.php\\\/2025\\\/03\\\/04\\\/endesa-y-el-gas\\\/#article\",\"isPartOf\":{\"@id\":\"https:\\\/\\\/saltoecologico.es\\\/index.php\\\/2025\\\/03\\\/04\\\/endesa-y-el-gas\\\/\"},\"author\":{\"name\":\"admin\",\"@id\":\"https:\\\/\\\/saltoecologico.es\\\/#\\\/schema\\\/person\\\/7175eec4b3c123d86c675313c3a01a0b\"},\"headline\":\"Endesa y el gas\",\"datePublished\":\"2025-03-04T08:19:00+00:00\",\"dateModified\":\"2026-04-10T11:40:06+00:00\",\"mainEntityOfPage\":{\"@id\":\"https:\\\/\\\/saltoecologico.es\\\/index.php\\\/2025\\\/03\\\/04\\\/endesa-y-el-gas\\\/\"},\"wordCount\":707,\"commentCount\":0,\"publisher\":{\"@id\":\"https:\\\/\\\/saltoecologico.es\\\/#organization\"},\"image\":{\"@id\":\"https:\\\/\\\/saltoecologico.es\\\/index.php\\\/2025\\\/03\\\/04\\\/endesa-y-el-gas\\\/#primaryimage\"},\"thumbnailUrl\":\"https:\\\/\\\/saltoecologico.es\\\/wp-content\\\/uploads\\\/2025\\\/04\\\/GNL18.jpg\",\"articleSection\":[\"G_Varios\"],\"inLanguage\":\"es\",\"potentialAction\":[{\"@type\":\"CommentAction\",\"name\":\"Comment\",\"target\":[\"https:\\\/\\\/saltoecologico.es\\\/index.php\\\/2025\\\/03\\\/04\\\/endesa-y-el-gas\\\/#respond\"]}]},{\"@type\":\"WebPage\",\"@id\":\"https:\\\/\\\/saltoecologico.es\\\/index.php\\\/2025\\\/03\\\/04\\\/endesa-y-el-gas\\\/\",\"url\":\"https:\\\/\\\/saltoecologico.es\\\/index.php\\\/2025\\\/03\\\/04\\\/endesa-y-el-gas\\\/\",\"name\":\"Endesa y el gas - Salto Ecol\u00f3gico\",\"isPartOf\":{\"@id\":\"https:\\\/\\\/saltoecologico.es\\\/#website\"},\"primaryImageOfPage\":{\"@id\":\"https:\\\/\\\/saltoecologico.es\\\/index.php\\\/2025\\\/03\\\/04\\\/endesa-y-el-gas\\\/#primaryimage\"},\"image\":{\"@id\":\"https:\\\/\\\/saltoecologico.es\\\/index.php\\\/2025\\\/03\\\/04\\\/endesa-y-el-gas\\\/#primaryimage\"},\"thumbnailUrl\":\"https:\\\/\\\/saltoecologico.es\\\/wp-content\\\/uploads\\\/2025\\\/04\\\/GNL18.jpg\",\"datePublished\":\"2025-03-04T08:19:00+00:00\",\"dateModified\":\"2026-04-10T11:40:06+00:00\",\"breadcrumb\":{\"@id\":\"https:\\\/\\\/saltoecologico.es\\\/index.php\\\/2025\\\/03\\\/04\\\/endesa-y-el-gas\\\/#breadcrumb\"},\"inLanguage\":\"es\",\"potentialAction\":[{\"@type\":\"ReadAction\",\"target\":[\"https:\\\/\\\/saltoecologico.es\\\/index.php\\\/2025\\\/03\\\/04\\\/endesa-y-el-gas\\\/\"]}]},{\"@type\":\"ImageObject\",\"inLanguage\":\"es\",\"@id\":\"https:\\\/\\\/saltoecologico.es\\\/index.php\\\/2025\\\/03\\\/04\\\/endesa-y-el-gas\\\/#primaryimage\",\"url\":\"https:\\\/\\\/saltoecologico.es\\\/wp-content\\\/uploads\\\/2025\\\/04\\\/GNL18.jpg\",\"contentUrl\":\"https:\\\/\\\/saltoecologico.es\\\/wp-content\\\/uploads\\\/2025\\\/04\\\/GNL18.jpg\",\"width\":1024,\"height\":575,\"caption\":\"LNG (Liquefied natural gas) tanker anchored in Gas terminal gas tanks for storage. Oil Crude Gas Tanker Ship. LPG at Tanker Bay Petroleum Chemical or Methane freighter export import transportation\"},{\"@type\":\"BreadcrumbList\",\"@id\":\"https:\\\/\\\/saltoecologico.es\\\/index.php\\\/2025\\\/03\\\/04\\\/endesa-y-el-gas\\\/#breadcrumb\",\"itemListElement\":[{\"@type\":\"ListItem\",\"position\":1,\"name\":\"Portada\",\"item\":\"https:\\\/\\\/saltoecologico.es\\\/\"},{\"@type\":\"ListItem\",\"position\":2,\"name\":\"Endesa y el gas\"}]},{\"@type\":\"WebSite\",\"@id\":\"https:\\\/\\\/saltoecologico.es\\\/#website\",\"url\":\"https:\\\/\\\/saltoecologico.es\\\/\",\"name\":\"Salto Ecol\u00f3gico\",\"description\":\"\",\"publisher\":{\"@id\":\"https:\\\/\\\/saltoecologico.es\\\/#organization\"},\"potentialAction\":[{\"@type\":\"SearchAction\",\"target\":{\"@type\":\"EntryPoint\",\"urlTemplate\":\"https:\\\/\\\/saltoecologico.es\\\/?s={search_term_string}\"},\"query-input\":{\"@type\":\"PropertyValueSpecification\",\"valueRequired\":true,\"valueName\":\"search_term_string\"}}],\"inLanguage\":\"es\"},{\"@type\":\"Organization\",\"@id\":\"https:\\\/\\\/saltoecologico.es\\\/#organization\",\"name\":\"Salto a la Transici\u00f3n Ecol\u00f3gica\",\"url\":\"https:\\\/\\\/saltoecologico.es\\\/\",\"logo\":{\"@type\":\"ImageObject\",\"inLanguage\":\"es\",\"@id\":\"https:\\\/\\\/saltoecologico.es\\\/#\\\/schema\\\/logo\\\/image\\\/\",\"url\":\"https:\\\/\\\/saltoecologico.es\\\/wp-content\\\/uploads\\\/2025\\\/04\\\/Logo-STE.jpg\",\"contentUrl\":\"https:\\\/\\\/saltoecologico.es\\\/wp-content\\\/uploads\\\/2025\\\/04\\\/Logo-STE.jpg\",\"width\":435,\"height\":435,\"caption\":\"Salto a la Transici\u00f3n Ecol\u00f3gica\"},\"image\":{\"@id\":\"https:\\\/\\\/saltoecologico.es\\\/#\\\/schema\\\/logo\\\/image\\\/\"},\"sameAs\":[\"https:\\\/\\\/www.facebook.com\\\/Saltotransicionecologica\"]},{\"@type\":\"Person\",\"@id\":\"https:\\\/\\\/saltoecologico.es\\\/#\\\/schema\\\/person\\\/7175eec4b3c123d86c675313c3a01a0b\",\"name\":\"admin\",\"image\":{\"@type\":\"ImageObject\",\"inLanguage\":\"es\",\"@id\":\"https:\\\/\\\/secure.gravatar.com\\\/avatar\\\/4c215dc57bbc7b2f2f470ac9bd197f3f112636a584e575a732d0206a2d9c9806?s=96&d=mm&r=g\",\"url\":\"https:\\\/\\\/secure.gravatar.com\\\/avatar\\\/4c215dc57bbc7b2f2f470ac9bd197f3f112636a584e575a732d0206a2d9c9806?s=96&d=mm&r=g\",\"contentUrl\":\"https:\\\/\\\/secure.gravatar.com\\\/avatar\\\/4c215dc57bbc7b2f2f470ac9bd197f3f112636a584e575a732d0206a2d9c9806?s=96&d=mm&r=g\",\"caption\":\"admin\"},\"sameAs\":[\"https:\\\/\\\/saltoecologico.es\"],\"url\":\"https:\\\/\\\/saltoecologico.es\\\/index.php\\\/author\\\/saltoecologico\\\/\"}]}<\/script>\n<!-- \/ Yoast SEO plugin. -->","yoast_head_json":{"title":"Endesa y el gas - Salto Ecol\u00f3gico","robots":{"index":"index","follow":"follow","max-snippet":"max-snippet:-1","max-image-preview":"max-image-preview:large","max-video-preview":"max-video-preview:-1"},"canonical":"https:\/\/saltoecologico.es\/index.php\/2025\/03\/04\/endesa-y-el-gas\/","og_locale":"es_ES","og_type":"article","og_title":"Endesa y el gas - Salto Ecol\u00f3gico","og_description":"Dicen que todas las historias de amor tienen un final, pero la de Endesa con el gas natural parece m\u00e1s bien una relaci\u00f3n t\u00f3xica de esas que se alargan innecesariamente. Nos anuncian, con cierto aire triunfalista, que reducir\u00e1n su consumo de gas en un 30% entre 2025 y 2026, dejando caer contratos con Qatar y [&hellip;]","og_url":"https:\/\/saltoecologico.es\/index.php\/2025\/03\/04\/endesa-y-el-gas\/","og_site_name":"Salto Ecol\u00f3gico","article_publisher":"https:\/\/www.facebook.com\/Saltotransicionecologica","article_published_time":"2025-03-04T08:19:00+00:00","article_modified_time":"2026-04-10T11:40:06+00:00","og_image":[{"width":1024,"height":575,"url":"https:\/\/saltoecologico.es\/wp-content\/uploads\/2025\/04\/GNL18.jpg","type":"image\/jpeg"}],"author":"admin","twitter_card":"summary_large_image","twitter_misc":{"Escrito por":"admin","Tiempo de lectura":"4 minutos"},"schema":{"@context":"https:\/\/schema.org","@graph":[{"@type":"Article","@id":"https:\/\/saltoecologico.es\/index.php\/2025\/03\/04\/endesa-y-el-gas\/#article","isPartOf":{"@id":"https:\/\/saltoecologico.es\/index.php\/2025\/03\/04\/endesa-y-el-gas\/"},"author":{"name":"admin","@id":"https:\/\/saltoecologico.es\/#\/schema\/person\/7175eec4b3c123d86c675313c3a01a0b"},"headline":"Endesa y el gas","datePublished":"2025-03-04T08:19:00+00:00","dateModified":"2026-04-10T11:40:06+00:00","mainEntityOfPage":{"@id":"https:\/\/saltoecologico.es\/index.php\/2025\/03\/04\/endesa-y-el-gas\/"},"wordCount":707,"commentCount":0,"publisher":{"@id":"https:\/\/saltoecologico.es\/#organization"},"image":{"@id":"https:\/\/saltoecologico.es\/index.php\/2025\/03\/04\/endesa-y-el-gas\/#primaryimage"},"thumbnailUrl":"https:\/\/saltoecologico.es\/wp-content\/uploads\/2025\/04\/GNL18.jpg","articleSection":["G_Varios"],"inLanguage":"es","potentialAction":[{"@type":"CommentAction","name":"Comment","target":["https:\/\/saltoecologico.es\/index.php\/2025\/03\/04\/endesa-y-el-gas\/#respond"]}]},{"@type":"WebPage","@id":"https:\/\/saltoecologico.es\/index.php\/2025\/03\/04\/endesa-y-el-gas\/","url":"https:\/\/saltoecologico.es\/index.php\/2025\/03\/04\/endesa-y-el-gas\/","name":"Endesa y el gas - Salto Ecol\u00f3gico","isPartOf":{"@id":"https:\/\/saltoecologico.es\/#website"},"primaryImageOfPage":{"@id":"https:\/\/saltoecologico.es\/index.php\/2025\/03\/04\/endesa-y-el-gas\/#primaryimage"},"image":{"@id":"https:\/\/saltoecologico.es\/index.php\/2025\/03\/04\/endesa-y-el-gas\/#primaryimage"},"thumbnailUrl":"https:\/\/saltoecologico.es\/wp-content\/uploads\/2025\/04\/GNL18.jpg","datePublished":"2025-03-04T08:19:00+00:00","dateModified":"2026-04-10T11:40:06+00:00","breadcrumb":{"@id":"https:\/\/saltoecologico.es\/index.php\/2025\/03\/04\/endesa-y-el-gas\/#breadcrumb"},"inLanguage":"es","potentialAction":[{"@type":"ReadAction","target":["https:\/\/saltoecologico.es\/index.php\/2025\/03\/04\/endesa-y-el-gas\/"]}]},{"@type":"ImageObject","inLanguage":"es","@id":"https:\/\/saltoecologico.es\/index.php\/2025\/03\/04\/endesa-y-el-gas\/#primaryimage","url":"https:\/\/saltoecologico.es\/wp-content\/uploads\/2025\/04\/GNL18.jpg","contentUrl":"https:\/\/saltoecologico.es\/wp-content\/uploads\/2025\/04\/GNL18.jpg","width":1024,"height":575,"caption":"LNG (Liquefied natural gas) tanker anchored in Gas terminal gas tanks for storage. Oil Crude Gas Tanker Ship. LPG at Tanker Bay Petroleum Chemical or Methane freighter export import transportation"},{"@type":"BreadcrumbList","@id":"https:\/\/saltoecologico.es\/index.php\/2025\/03\/04\/endesa-y-el-gas\/#breadcrumb","itemListElement":[{"@type":"ListItem","position":1,"name":"Portada","item":"https:\/\/saltoecologico.es\/"},{"@type":"ListItem","position":2,"name":"Endesa y el gas"}]},{"@type":"WebSite","@id":"https:\/\/saltoecologico.es\/#website","url":"https:\/\/saltoecologico.es\/","name":"Salto Ecol\u00f3gico","description":"","publisher":{"@id":"https:\/\/saltoecologico.es\/#organization"},"potentialAction":[{"@type":"SearchAction","target":{"@type":"EntryPoint","urlTemplate":"https:\/\/saltoecologico.es\/?s={search_term_string}"},"query-input":{"@type":"PropertyValueSpecification","valueRequired":true,"valueName":"search_term_string"}}],"inLanguage":"es"},{"@type":"Organization","@id":"https:\/\/saltoecologico.es\/#organization","name":"Salto a la Transici\u00f3n Ecol\u00f3gica","url":"https:\/\/saltoecologico.es\/","logo":{"@type":"ImageObject","inLanguage":"es","@id":"https:\/\/saltoecologico.es\/#\/schema\/logo\/image\/","url":"https:\/\/saltoecologico.es\/wp-content\/uploads\/2025\/04\/Logo-STE.jpg","contentUrl":"https:\/\/saltoecologico.es\/wp-content\/uploads\/2025\/04\/Logo-STE.jpg","width":435,"height":435,"caption":"Salto a la Transici\u00f3n Ecol\u00f3gica"},"image":{"@id":"https:\/\/saltoecologico.es\/#\/schema\/logo\/image\/"},"sameAs":["https:\/\/www.facebook.com\/Saltotransicionecologica"]},{"@type":"Person","@id":"https:\/\/saltoecologico.es\/#\/schema\/person\/7175eec4b3c123d86c675313c3a01a0b","name":"admin","image":{"@type":"ImageObject","inLanguage":"es","@id":"https:\/\/secure.gravatar.com\/avatar\/4c215dc57bbc7b2f2f470ac9bd197f3f112636a584e575a732d0206a2d9c9806?s=96&d=mm&r=g","url":"https:\/\/secure.gravatar.com\/avatar\/4c215dc57bbc7b2f2f470ac9bd197f3f112636a584e575a732d0206a2d9c9806?s=96&d=mm&r=g","contentUrl":"https:\/\/secure.gravatar.com\/avatar\/4c215dc57bbc7b2f2f470ac9bd197f3f112636a584e575a732d0206a2d9c9806?s=96&d=mm&r=g","caption":"admin"},"sameAs":["https:\/\/saltoecologico.es"],"url":"https:\/\/saltoecologico.es\/index.php\/author\/saltoecologico\/"}]}},"_links":{"self":[{"href":"https:\/\/saltoecologico.es\/index.php\/wp-json\/wp\/v2\/posts\/873","targetHints":{"allow":["GET"]}}],"collection":[{"href":"https:\/\/saltoecologico.es\/index.php\/wp-json\/wp\/v2\/posts"}],"about":[{"href":"https:\/\/saltoecologico.es\/index.php\/wp-json\/wp\/v2\/types\/post"}],"author":[{"embeddable":true,"href":"https:\/\/saltoecologico.es\/index.php\/wp-json\/wp\/v2\/users\/1"}],"replies":[{"embeddable":true,"href":"https:\/\/saltoecologico.es\/index.php\/wp-json\/wp\/v2\/comments?post=873"}],"version-history":[{"count":2,"href":"https:\/\/saltoecologico.es\/index.php\/wp-json\/wp\/v2\/posts\/873\/revisions"}],"predecessor-version":[{"id":877,"href":"https:\/\/saltoecologico.es\/index.php\/wp-json\/wp\/v2\/posts\/873\/revisions\/877"}],"wp:featuredmedia":[{"embeddable":true,"href":"https:\/\/saltoecologico.es\/index.php\/wp-json\/wp\/v2\/media\/874"}],"wp:attachment":[{"href":"https:\/\/saltoecologico.es\/index.php\/wp-json\/wp\/v2\/media?parent=873"}],"wp:term":[{"taxonomy":"category","embeddable":true,"href":"https:\/\/saltoecologico.es\/index.php\/wp-json\/wp\/v2\/categories?post=873"},{"taxonomy":"post_tag","embeddable":true,"href":"https:\/\/saltoecologico.es\/index.php\/wp-json\/wp\/v2\/tags?post=873"}],"curies":[{"name":"wp","href":"https:\/\/api.w.org\/{rel}","templated":true}]}}