{"id":881,"date":"2025-03-21T08:45:00","date_gmt":"2025-03-21T08:45:00","guid":{"rendered":"https:\/\/saltoecologico.es\/?p=881"},"modified":"2025-04-20T08:45:45","modified_gmt":"2025-04-20T08:45:45","slug":"el-arte-de-no-hacer-nada","status":"publish","type":"post","link":"https:\/\/saltoecologico.es\/index.php\/2025\/03\/21\/el-arte-de-no-hacer-nada\/","title":{"rendered":"El arte de no hacer nada"},"content":{"rendered":"\n<p class=\"wp-block-paragraph\">Hace unos d\u00edas, el consejero de Industria del Cabildo de Tenerife nos regal\u00f3 una perla para el debate energ\u00e9tico: <strong>\u201cCanarias no estar\u00e1 preparada para ser 100% renovable hasta dentro de 40 o 50 a\u00f1os\u201d<\/strong>. Nada menos. Medio siglo. As\u00ed, sin despeinarse.<\/p>\n\n\n\n<p class=\"wp-block-paragraph\">Y claro, al escuchar semejante previsi\u00f3n, uno se pregunta si el objetivo es lograr la transici\u00f3n energ\u00e9tica\u2026 o disecarla.<\/p>\n\n\n\n<p class=\"wp-block-paragraph\">Porque s\u00ed, es cierto que hablar de almacenamiento energ\u00e9tico, de intermitencia o de estabilidad del sistema da cierto empaque t\u00e9cnico al argumento. Pero no nos enga\u00f1emos: <strong>presentar un plazo de 50 a\u00f1os como si fuera una conclusi\u00f3n inevitable de los modelos el\u00e9ctricos, en lugar de una coartada institucional para seguir sin moverse demasiado, raya lo c\u00f3mico<\/strong>.<\/p>\n\n\n\n<p class=\"wp-block-paragraph\">La historia energ\u00e9tica de Canarias en los \u00faltimos 20 a\u00f1os podr\u00eda resumirse como un despliegue coreografiado de buenas intenciones, seguidas por una pausa, una comisi\u00f3n, otra pausa, una revisi\u00f3n t\u00e9cnica, una nueva ley, una mesa sectorial&#8230; y vuelta a empezar.<\/p>\n\n\n\n<p class=\"wp-block-paragraph\">Y ahora, en lugar de aceptar que el problema es pol\u00edtico y administrativo \u2014que lo es\u2014, se nos dice que lo que falta es \u201ctiempo\u201d. Medio siglo, concretamente. Como si estuvi\u00e9ramos esperando que maduren los mangos de la innovaci\u00f3n, o que la e\u00f3lica marina florezca por generaci\u00f3n espont\u00e1nea.<\/p>\n\n\n\n<p class=\"wp-block-paragraph\">Mientras tanto, territorios como Madeira, Haw\u00e1i o incluso El Hierro \u2014con todas sus limitaciones\u2014 demuestran que con voluntad, planificaci\u00f3n y tecnolog\u00eda disponible, se puede avanzar de forma tangible y ambiciosa hacia un sistema m\u00e1s limpio y aut\u00f3nomo. Pero nosotros, tranquilos, que tenemos hasta 2070.<\/p>\n\n\n\n<p class=\"wp-block-paragraph\">Otro cl\u00e1sico del argumentario inmovilista es culpar a la tecnolog\u00eda. \u201cNo tenemos a\u00fan capacidad suficiente de almacenamiento\u201d, se repite como si habl\u00e1ramos de ciencia ficci\u00f3n. Sin embargo, <strong>los sistemas de bater\u00edas, las centrales hidroel\u00e9ctricas reversibles y el hidr\u00f3geno verde ya no son prototipos: son soluciones comerciales, funcionales y, en muchos casos, ya implementadas en otras islas del mundo<\/strong>.<\/p>\n\n\n\n<p class=\"wp-block-paragraph\">La central de Gorona del Viento no es perfecta, pero existe. Y es un ejemplo. \u00bfCu\u00e1nto tiempo m\u00e1s vamos a seguir us\u00e1ndola como \u201cexcepci\u00f3n ex\u00f3tica\u201d en lugar de como punto de partida?<\/p>\n\n\n\n<p class=\"wp-block-paragraph\">Seamos serios: la tecnolog\u00eda no es la barrera. El problema no es que no podamos. <strong>Es que no queremos lo suficiente como para incomodarnos<\/strong>. Lo que falta es planificaci\u00f3n, voluntad y, s\u00ed, valent\u00eda pol\u00edtica. Porque transitar de un modelo f\u00f3sil a uno renovable implica tocar intereses. Y ah\u00ed es donde se nos acaban las prisas.<\/p>\n\n\n\n<p class=\"wp-block-paragraph\">Mientras dejamos que pasen las d\u00e9cadas, <strong>seguimos importando petr\u00f3leo como si fuera agua bendita<\/strong>, a precio de mercado internacional y con cargo al bolsillo de los contribuyentes. Cada subida del crudo se traduce en m\u00e1s coste energ\u00e9tico, m\u00e1s dependencia y m\u00e1s emisiones. Pero eso s\u00ed: luego organizamos congresos clim\u00e1ticos y hablamos de \u201cneutralidad de carbono\u201d como si estuvi\u00e9ramos en Oslo.<\/p>\n\n\n\n<p class=\"wp-block-paragraph\">Todo esto ocurre en un archipi\u00e9lago que disfruta de m\u00e1s de 2.800 horas de sol al a\u00f1o, un potencial e\u00f3lico extraordinario, posibilidad de bombeo reversible en varias islas, y un sistema el\u00e9ctrico compacto y manejable. Vamos, <strong>el escenario perfecto para liderar la transici\u00f3n energ\u00e9tica<\/strong>\u2026 si no fuera porque a\u00fan estamos esperando el permiso, el informe t\u00e9cnico o el estudio de impacto que permita empezar algo m\u00e1s que una nota de prensa.<\/p>\n\n\n\n<p class=\"wp-block-paragraph\">Plantear la descarbonizaci\u00f3n de Canarias en 2070 no es solo poco ambicioso: <strong>es un insulto al sentido com\u00fan y a la urgencia clim\u00e1tica<\/strong>. Es colocar el cambio en el terreno del \u201calg\u00fan d\u00eda\u201d para evitar asumir compromisos hoy. Y lo m\u00e1s preocupante es que este tipo de discursos, al venir revestidos de \u201crealismo\u201d, gozan de cierta credibilidad p\u00fablica.<\/p>\n\n\n\n<p class=\"wp-block-paragraph\">Pero no nos confundamos: esto no es realismo, es derrotismo t\u00e9cnico-institucional. Y si no corregimos el rumbo, los 50 a\u00f1os que nos prometen no ser\u00e1n una exageraci\u00f3n, sino una profec\u00eda autocumplida.<\/p>\n\n\n\n<p class=\"wp-block-paragraph\">Las islas pueden ser 100% renovables mucho antes de 2070. Pero no ser\u00e1 con discursos de espera, ni con titulares de resignaci\u00f3n. Ser\u00e1 con planificaci\u00f3n, inversi\u00f3n p\u00fablica y privada, participaci\u00f3n ciudadana y, sobre todo, con el coraje pol\u00edtico que, hasta ahora, ha brillado por su ausencia.<\/p>\n\n\n\n<p class=\"wp-block-paragraph\"><strong>El futuro no llega solo. O lo construimos, o lo seguiremos postergando hasta que, cuando queramos reaccionar, sea demasiado tarde\u2026 o simplemente muy caro.<\/strong><\/p>\n","protected":false},"excerpt":{"rendered":"<p>Hace unos d\u00edas, el consejero de Industria del Cabildo de Tenerife nos regal\u00f3 una perla para el debate energ\u00e9tico: \u201cCanarias no estar\u00e1 preparada para ser 100% renovable hasta dentro de 40 o 50 a\u00f1os\u201d. Nada menos. Medio siglo. As\u00ed, sin despeinarse. Y claro, al escuchar semejante previsi\u00f3n, uno se pregunta si el objetivo es lograr [&hellip;]<\/p>\n","protected":false},"author":1,"featured_media":882,"comment_status":"open","ping_status":"open","sticky":false,"template":"","format":"standard","meta":{"footnotes":""},"categories":[55],"tags":[],"class_list":["post-881","post","type-post","status-publish","format-standard","has-post-thumbnail","category-general"],"yoast_head":"<!-- This site is optimized with the Yoast SEO plugin v28.2 - https:\/\/yoast.com\/product\/yoast-seo-wordpress\/ -->\n<title>El arte de no hacer nada - Salto Ecol\u00f3gico<\/title>\n<meta name=\"robots\" content=\"index, follow, max-snippet:-1, max-image-preview:large, max-video-preview:-1\" \/>\n<link rel=\"canonical\" href=\"https:\/\/saltoecologico.es\/index.php\/2025\/03\/21\/el-arte-de-no-hacer-nada\/\" \/>\n<meta property=\"og:locale\" content=\"es_ES\" \/>\n<meta property=\"og:type\" content=\"article\" \/>\n<meta property=\"og:title\" content=\"El arte de no hacer nada - Salto Ecol\u00f3gico\" \/>\n<meta property=\"og:description\" content=\"Hace unos d\u00edas, el consejero de Industria del Cabildo de Tenerife nos regal\u00f3 una perla para el debate energ\u00e9tico: \u201cCanarias no estar\u00e1 preparada para ser 100% renovable hasta dentro de 40 o 50 a\u00f1os\u201d. Nada menos. Medio siglo. As\u00ed, sin despeinarse. Y claro, al escuchar semejante previsi\u00f3n, uno se pregunta si el objetivo es lograr [&hellip;]\" \/>\n<meta property=\"og:url\" content=\"https:\/\/saltoecologico.es\/index.php\/2025\/03\/21\/el-arte-de-no-hacer-nada\/\" \/>\n<meta property=\"og:site_name\" content=\"Salto Ecol\u00f3gico\" \/>\n<meta property=\"article:publisher\" content=\"https:\/\/www.facebook.com\/Saltotransicionecologica\" \/>\n<meta property=\"article:published_time\" content=\"2025-03-21T08:45:00+00:00\" \/>\n<meta property=\"article:modified_time\" content=\"2025-04-20T08:45:45+00:00\" \/>\n<meta property=\"og:image\" content=\"https:\/\/saltoecologico.es\/wp-content\/uploads\/2025\/04\/Fosiles27-1.jpg\" \/>\n\t<meta property=\"og:image:width\" content=\"1024\" \/>\n\t<meta property=\"og:image:height\" content=\"683\" \/>\n\t<meta property=\"og:image:type\" content=\"image\/jpeg\" \/>\n<meta name=\"author\" content=\"admin\" \/>\n<meta name=\"twitter:card\" content=\"summary_large_image\" \/>\n<meta name=\"twitter:label1\" content=\"Escrito por\" \/>\n\t<meta name=\"twitter:data1\" content=\"admin\" \/>\n\t<meta name=\"twitter:label2\" content=\"Tiempo de lectura\" \/>\n\t<meta name=\"twitter:data2\" content=\"4 minutos\" \/>\n<script type=\"application\/ld+json\" class=\"yoast-schema-graph\">{\"@context\":\"https:\\\/\\\/schema.org\",\"@graph\":[{\"@type\":\"Article\",\"@id\":\"https:\\\/\\\/saltoecologico.es\\\/index.php\\\/2025\\\/03\\\/21\\\/el-arte-de-no-hacer-nada\\\/#article\",\"isPartOf\":{\"@id\":\"https:\\\/\\\/saltoecologico.es\\\/index.php\\\/2025\\\/03\\\/21\\\/el-arte-de-no-hacer-nada\\\/\"},\"author\":{\"name\":\"admin\",\"@id\":\"https:\\\/\\\/saltoecologico.es\\\/#\\\/schema\\\/person\\\/7175eec4b3c123d86c675313c3a01a0b\"},\"headline\":\"El arte de no hacer nada\",\"datePublished\":\"2025-03-21T08:45:00+00:00\",\"dateModified\":\"2025-04-20T08:45:45+00:00\",\"mainEntityOfPage\":{\"@id\":\"https:\\\/\\\/saltoecologico.es\\\/index.php\\\/2025\\\/03\\\/21\\\/el-arte-de-no-hacer-nada\\\/\"},\"wordCount\":762,\"commentCount\":0,\"publisher\":{\"@id\":\"https:\\\/\\\/saltoecologico.es\\\/#organization\"},\"image\":{\"@id\":\"https:\\\/\\\/saltoecologico.es\\\/index.php\\\/2025\\\/03\\\/21\\\/el-arte-de-no-hacer-nada\\\/#primaryimage\"},\"thumbnailUrl\":\"https:\\\/\\\/saltoecologico.es\\\/wp-content\\\/uploads\\\/2025\\\/04\\\/Fosiles27-1.jpg\",\"articleSection\":[\"General\"],\"inLanguage\":\"es\",\"potentialAction\":[{\"@type\":\"CommentAction\",\"name\":\"Comment\",\"target\":[\"https:\\\/\\\/saltoecologico.es\\\/index.php\\\/2025\\\/03\\\/21\\\/el-arte-de-no-hacer-nada\\\/#respond\"]}]},{\"@type\":\"WebPage\",\"@id\":\"https:\\\/\\\/saltoecologico.es\\\/index.php\\\/2025\\\/03\\\/21\\\/el-arte-de-no-hacer-nada\\\/\",\"url\":\"https:\\\/\\\/saltoecologico.es\\\/index.php\\\/2025\\\/03\\\/21\\\/el-arte-de-no-hacer-nada\\\/\",\"name\":\"El arte de no hacer nada - Salto Ecol\u00f3gico\",\"isPartOf\":{\"@id\":\"https:\\\/\\\/saltoecologico.es\\\/#website\"},\"primaryImageOfPage\":{\"@id\":\"https:\\\/\\\/saltoecologico.es\\\/index.php\\\/2025\\\/03\\\/21\\\/el-arte-de-no-hacer-nada\\\/#primaryimage\"},\"image\":{\"@id\":\"https:\\\/\\\/saltoecologico.es\\\/index.php\\\/2025\\\/03\\\/21\\\/el-arte-de-no-hacer-nada\\\/#primaryimage\"},\"thumbnailUrl\":\"https:\\\/\\\/saltoecologico.es\\\/wp-content\\\/uploads\\\/2025\\\/04\\\/Fosiles27-1.jpg\",\"datePublished\":\"2025-03-21T08:45:00+00:00\",\"dateModified\":\"2025-04-20T08:45:45+00:00\",\"breadcrumb\":{\"@id\":\"https:\\\/\\\/saltoecologico.es\\\/index.php\\\/2025\\\/03\\\/21\\\/el-arte-de-no-hacer-nada\\\/#breadcrumb\"},\"inLanguage\":\"es\",\"potentialAction\":[{\"@type\":\"ReadAction\",\"target\":[\"https:\\\/\\\/saltoecologico.es\\\/index.php\\\/2025\\\/03\\\/21\\\/el-arte-de-no-hacer-nada\\\/\"]}]},{\"@type\":\"ImageObject\",\"inLanguage\":\"es\",\"@id\":\"https:\\\/\\\/saltoecologico.es\\\/index.php\\\/2025\\\/03\\\/21\\\/el-arte-de-no-hacer-nada\\\/#primaryimage\",\"url\":\"https:\\\/\\\/saltoecologico.es\\\/wp-content\\\/uploads\\\/2025\\\/04\\\/Fosiles27-1.jpg\",\"contentUrl\":\"https:\\\/\\\/saltoecologico.es\\\/wp-content\\\/uploads\\\/2025\\\/04\\\/Fosiles27-1.jpg\",\"width\":1024,\"height\":683,\"caption\":\"A chimney chemical plant in the discharge of pollutants\"},{\"@type\":\"BreadcrumbList\",\"@id\":\"https:\\\/\\\/saltoecologico.es\\\/index.php\\\/2025\\\/03\\\/21\\\/el-arte-de-no-hacer-nada\\\/#breadcrumb\",\"itemListElement\":[{\"@type\":\"ListItem\",\"position\":1,\"name\":\"Portada\",\"item\":\"https:\\\/\\\/saltoecologico.es\\\/\"},{\"@type\":\"ListItem\",\"position\":2,\"name\":\"El arte de no hacer nada\"}]},{\"@type\":\"WebSite\",\"@id\":\"https:\\\/\\\/saltoecologico.es\\\/#website\",\"url\":\"https:\\\/\\\/saltoecologico.es\\\/\",\"name\":\"Salto Ecol\u00f3gico\",\"description\":\"\",\"publisher\":{\"@id\":\"https:\\\/\\\/saltoecologico.es\\\/#organization\"},\"potentialAction\":[{\"@type\":\"SearchAction\",\"target\":{\"@type\":\"EntryPoint\",\"urlTemplate\":\"https:\\\/\\\/saltoecologico.es\\\/?s={search_term_string}\"},\"query-input\":{\"@type\":\"PropertyValueSpecification\",\"valueRequired\":true,\"valueName\":\"search_term_string\"}}],\"inLanguage\":\"es\"},{\"@type\":\"Organization\",\"@id\":\"https:\\\/\\\/saltoecologico.es\\\/#organization\",\"name\":\"Salto a la Transici\u00f3n Ecol\u00f3gica\",\"url\":\"https:\\\/\\\/saltoecologico.es\\\/\",\"logo\":{\"@type\":\"ImageObject\",\"inLanguage\":\"es\",\"@id\":\"https:\\\/\\\/saltoecologico.es\\\/#\\\/schema\\\/logo\\\/image\\\/\",\"url\":\"https:\\\/\\\/saltoecologico.es\\\/wp-content\\\/uploads\\\/2025\\\/04\\\/Logo-STE.jpg\",\"contentUrl\":\"https:\\\/\\\/saltoecologico.es\\\/wp-content\\\/uploads\\\/2025\\\/04\\\/Logo-STE.jpg\",\"width\":435,\"height\":435,\"caption\":\"Salto a la Transici\u00f3n Ecol\u00f3gica\"},\"image\":{\"@id\":\"https:\\\/\\\/saltoecologico.es\\\/#\\\/schema\\\/logo\\\/image\\\/\"},\"sameAs\":[\"https:\\\/\\\/www.facebook.com\\\/Saltotransicionecologica\"]},{\"@type\":\"Person\",\"@id\":\"https:\\\/\\\/saltoecologico.es\\\/#\\\/schema\\\/person\\\/7175eec4b3c123d86c675313c3a01a0b\",\"name\":\"admin\",\"image\":{\"@type\":\"ImageObject\",\"inLanguage\":\"es\",\"@id\":\"https:\\\/\\\/secure.gravatar.com\\\/avatar\\\/4c215dc57bbc7b2f2f470ac9bd197f3f112636a584e575a732d0206a2d9c9806?s=96&d=mm&r=g\",\"url\":\"https:\\\/\\\/secure.gravatar.com\\\/avatar\\\/4c215dc57bbc7b2f2f470ac9bd197f3f112636a584e575a732d0206a2d9c9806?s=96&d=mm&r=g\",\"contentUrl\":\"https:\\\/\\\/secure.gravatar.com\\\/avatar\\\/4c215dc57bbc7b2f2f470ac9bd197f3f112636a584e575a732d0206a2d9c9806?s=96&d=mm&r=g\",\"caption\":\"admin\"},\"sameAs\":[\"https:\\\/\\\/saltoecologico.es\"],\"url\":\"https:\\\/\\\/saltoecologico.es\\\/index.php\\\/author\\\/saltoecologico\\\/\"}]}<\/script>\n<!-- \/ Yoast SEO plugin. -->","yoast_head_json":{"title":"El arte de no hacer nada - Salto Ecol\u00f3gico","robots":{"index":"index","follow":"follow","max-snippet":"max-snippet:-1","max-image-preview":"max-image-preview:large","max-video-preview":"max-video-preview:-1"},"canonical":"https:\/\/saltoecologico.es\/index.php\/2025\/03\/21\/el-arte-de-no-hacer-nada\/","og_locale":"es_ES","og_type":"article","og_title":"El arte de no hacer nada - Salto Ecol\u00f3gico","og_description":"Hace unos d\u00edas, el consejero de Industria del Cabildo de Tenerife nos regal\u00f3 una perla para el debate energ\u00e9tico: \u201cCanarias no estar\u00e1 preparada para ser 100% renovable hasta dentro de 40 o 50 a\u00f1os\u201d. Nada menos. Medio siglo. As\u00ed, sin despeinarse. Y claro, al escuchar semejante previsi\u00f3n, uno se pregunta si el objetivo es lograr [&hellip;]","og_url":"https:\/\/saltoecologico.es\/index.php\/2025\/03\/21\/el-arte-de-no-hacer-nada\/","og_site_name":"Salto Ecol\u00f3gico","article_publisher":"https:\/\/www.facebook.com\/Saltotransicionecologica","article_published_time":"2025-03-21T08:45:00+00:00","article_modified_time":"2025-04-20T08:45:45+00:00","og_image":[{"width":1024,"height":683,"url":"https:\/\/saltoecologico.es\/wp-content\/uploads\/2025\/04\/Fosiles27-1.jpg","type":"image\/jpeg"}],"author":"admin","twitter_card":"summary_large_image","twitter_misc":{"Escrito por":"admin","Tiempo de lectura":"4 minutos"},"schema":{"@context":"https:\/\/schema.org","@graph":[{"@type":"Article","@id":"https:\/\/saltoecologico.es\/index.php\/2025\/03\/21\/el-arte-de-no-hacer-nada\/#article","isPartOf":{"@id":"https:\/\/saltoecologico.es\/index.php\/2025\/03\/21\/el-arte-de-no-hacer-nada\/"},"author":{"name":"admin","@id":"https:\/\/saltoecologico.es\/#\/schema\/person\/7175eec4b3c123d86c675313c3a01a0b"},"headline":"El arte de no hacer nada","datePublished":"2025-03-21T08:45:00+00:00","dateModified":"2025-04-20T08:45:45+00:00","mainEntityOfPage":{"@id":"https:\/\/saltoecologico.es\/index.php\/2025\/03\/21\/el-arte-de-no-hacer-nada\/"},"wordCount":762,"commentCount":0,"publisher":{"@id":"https:\/\/saltoecologico.es\/#organization"},"image":{"@id":"https:\/\/saltoecologico.es\/index.php\/2025\/03\/21\/el-arte-de-no-hacer-nada\/#primaryimage"},"thumbnailUrl":"https:\/\/saltoecologico.es\/wp-content\/uploads\/2025\/04\/Fosiles27-1.jpg","articleSection":["General"],"inLanguage":"es","potentialAction":[{"@type":"CommentAction","name":"Comment","target":["https:\/\/saltoecologico.es\/index.php\/2025\/03\/21\/el-arte-de-no-hacer-nada\/#respond"]}]},{"@type":"WebPage","@id":"https:\/\/saltoecologico.es\/index.php\/2025\/03\/21\/el-arte-de-no-hacer-nada\/","url":"https:\/\/saltoecologico.es\/index.php\/2025\/03\/21\/el-arte-de-no-hacer-nada\/","name":"El arte de no hacer nada - Salto Ecol\u00f3gico","isPartOf":{"@id":"https:\/\/saltoecologico.es\/#website"},"primaryImageOfPage":{"@id":"https:\/\/saltoecologico.es\/index.php\/2025\/03\/21\/el-arte-de-no-hacer-nada\/#primaryimage"},"image":{"@id":"https:\/\/saltoecologico.es\/index.php\/2025\/03\/21\/el-arte-de-no-hacer-nada\/#primaryimage"},"thumbnailUrl":"https:\/\/saltoecologico.es\/wp-content\/uploads\/2025\/04\/Fosiles27-1.jpg","datePublished":"2025-03-21T08:45:00+00:00","dateModified":"2025-04-20T08:45:45+00:00","breadcrumb":{"@id":"https:\/\/saltoecologico.es\/index.php\/2025\/03\/21\/el-arte-de-no-hacer-nada\/#breadcrumb"},"inLanguage":"es","potentialAction":[{"@type":"ReadAction","target":["https:\/\/saltoecologico.es\/index.php\/2025\/03\/21\/el-arte-de-no-hacer-nada\/"]}]},{"@type":"ImageObject","inLanguage":"es","@id":"https:\/\/saltoecologico.es\/index.php\/2025\/03\/21\/el-arte-de-no-hacer-nada\/#primaryimage","url":"https:\/\/saltoecologico.es\/wp-content\/uploads\/2025\/04\/Fosiles27-1.jpg","contentUrl":"https:\/\/saltoecologico.es\/wp-content\/uploads\/2025\/04\/Fosiles27-1.jpg","width":1024,"height":683,"caption":"A chimney chemical plant in the discharge of pollutants"},{"@type":"BreadcrumbList","@id":"https:\/\/saltoecologico.es\/index.php\/2025\/03\/21\/el-arte-de-no-hacer-nada\/#breadcrumb","itemListElement":[{"@type":"ListItem","position":1,"name":"Portada","item":"https:\/\/saltoecologico.es\/"},{"@type":"ListItem","position":2,"name":"El arte de no hacer nada"}]},{"@type":"WebSite","@id":"https:\/\/saltoecologico.es\/#website","url":"https:\/\/saltoecologico.es\/","name":"Salto Ecol\u00f3gico","description":"","publisher":{"@id":"https:\/\/saltoecologico.es\/#organization"},"potentialAction":[{"@type":"SearchAction","target":{"@type":"EntryPoint","urlTemplate":"https:\/\/saltoecologico.es\/?s={search_term_string}"},"query-input":{"@type":"PropertyValueSpecification","valueRequired":true,"valueName":"search_term_string"}}],"inLanguage":"es"},{"@type":"Organization","@id":"https:\/\/saltoecologico.es\/#organization","name":"Salto a la Transici\u00f3n Ecol\u00f3gica","url":"https:\/\/saltoecologico.es\/","logo":{"@type":"ImageObject","inLanguage":"es","@id":"https:\/\/saltoecologico.es\/#\/schema\/logo\/image\/","url":"https:\/\/saltoecologico.es\/wp-content\/uploads\/2025\/04\/Logo-STE.jpg","contentUrl":"https:\/\/saltoecologico.es\/wp-content\/uploads\/2025\/04\/Logo-STE.jpg","width":435,"height":435,"caption":"Salto a la Transici\u00f3n Ecol\u00f3gica"},"image":{"@id":"https:\/\/saltoecologico.es\/#\/schema\/logo\/image\/"},"sameAs":["https:\/\/www.facebook.com\/Saltotransicionecologica"]},{"@type":"Person","@id":"https:\/\/saltoecologico.es\/#\/schema\/person\/7175eec4b3c123d86c675313c3a01a0b","name":"admin","image":{"@type":"ImageObject","inLanguage":"es","@id":"https:\/\/secure.gravatar.com\/avatar\/4c215dc57bbc7b2f2f470ac9bd197f3f112636a584e575a732d0206a2d9c9806?s=96&d=mm&r=g","url":"https:\/\/secure.gravatar.com\/avatar\/4c215dc57bbc7b2f2f470ac9bd197f3f112636a584e575a732d0206a2d9c9806?s=96&d=mm&r=g","contentUrl":"https:\/\/secure.gravatar.com\/avatar\/4c215dc57bbc7b2f2f470ac9bd197f3f112636a584e575a732d0206a2d9c9806?s=96&d=mm&r=g","caption":"admin"},"sameAs":["https:\/\/saltoecologico.es"],"url":"https:\/\/saltoecologico.es\/index.php\/author\/saltoecologico\/"}]}},"_links":{"self":[{"href":"https:\/\/saltoecologico.es\/index.php\/wp-json\/wp\/v2\/posts\/881","targetHints":{"allow":["GET"]}}],"collection":[{"href":"https:\/\/saltoecologico.es\/index.php\/wp-json\/wp\/v2\/posts"}],"about":[{"href":"https:\/\/saltoecologico.es\/index.php\/wp-json\/wp\/v2\/types\/post"}],"author":[{"embeddable":true,"href":"https:\/\/saltoecologico.es\/index.php\/wp-json\/wp\/v2\/users\/1"}],"replies":[{"embeddable":true,"href":"https:\/\/saltoecologico.es\/index.php\/wp-json\/wp\/v2\/comments?post=881"}],"version-history":[{"count":1,"href":"https:\/\/saltoecologico.es\/index.php\/wp-json\/wp\/v2\/posts\/881\/revisions"}],"predecessor-version":[{"id":883,"href":"https:\/\/saltoecologico.es\/index.php\/wp-json\/wp\/v2\/posts\/881\/revisions\/883"}],"wp:featuredmedia":[{"embeddable":true,"href":"https:\/\/saltoecologico.es\/index.php\/wp-json\/wp\/v2\/media\/882"}],"wp:attachment":[{"href":"https:\/\/saltoecologico.es\/index.php\/wp-json\/wp\/v2\/media?parent=881"}],"wp:term":[{"taxonomy":"category","embeddable":true,"href":"https:\/\/saltoecologico.es\/index.php\/wp-json\/wp\/v2\/categories?post=881"},{"taxonomy":"post_tag","embeddable":true,"href":"https:\/\/saltoecologico.es\/index.php\/wp-json\/wp\/v2\/tags?post=881"}],"curies":[{"name":"wp","href":"https:\/\/api.w.org\/{rel}","templated":true}]}}