{"id":884,"date":"2025-03-24T08:47:00","date_gmt":"2025-03-24T08:47:00","guid":{"rendered":"https:\/\/saltoecologico.es\/?p=884"},"modified":"2025-04-20T08:48:09","modified_gmt":"2025-04-20T08:48:09","slug":"libertad-de-empresa","status":"publish","type":"post","link":"https:\/\/saltoecologico.es\/index.php\/2025\/03\/24\/libertad-de-empresa\/","title":{"rendered":"Libertad de empresa"},"content":{"rendered":"\n<p class=\"wp-block-paragraph\">\u00a1Qu\u00e9 inspirador resulta siempre escuchar a una gran corporaci\u00f3n energ\u00e9tica hablar en nombre de la justicia y la libertad! Esta vez, DISA, conocida por su arraigada conexi\u00f3n con Canarias y su supuesta voluntad de liderar la transici\u00f3n energ\u00e9tica, nos deleita con un conmovedor discurso sobre los principios fundamentales del mercado. \u00bfEl motivo de su indignaci\u00f3n? Un decreto del Gobierno canario que les pide -\u00a1qu\u00e9 horror!- ofertar un m\u00edsero 20% de participaci\u00f3n a inversores locales en proyectos renovables. \u00a1Qu\u00e9 opresi\u00f3n!<\/p>\n\n\n\n<p class=\"wp-block-paragraph\">DISA clama que esta exigencia, dise\u00f1ada para fomentar la participaci\u00f3n ciudadana y aumentar la aceptaci\u00f3n social de proyectos renovables, constituye nada menos que un ataque a la libertad de empresa. Porque, claro, \u00bfqu\u00e9 son los objetivos globales de descarbonizaci\u00f3n o la crisis clim\u00e1tica cuando se trata de los \u201cderechos inalienables\u201d de una empresa a actuar sin obst\u00e1culos, ni siquiera m\u00ednimos?<\/p>\n\n\n\n<p class=\"wp-block-paragraph\">La empresa asegura que integrar a terceros ajenos en su accionariado es un atentado contra su autonom\u00eda. Por supuesto, no importa que esos terceros sean los propios habitantes de Canarias, quienes podr\u00edan beneficiarse directamente de estas iniciativas. Pero, seg\u00fan DISA, \u00bfpor qu\u00e9 deber\u00edan los locales tener algo que decir sobre el desarrollo energ\u00e9tico en su regi\u00f3n? \u00a1Mejor dej\u00e9moslo en manos de expertos corporativos que saben exactamente c\u00f3mo sacar el m\u00e1ximo beneficio, aunque sea a costa del planeta y de las comunidades!<\/p>\n\n\n\n<p class=\"wp-block-paragraph\">Y si no les gusta, pues se van. As\u00ed, sin titubeos. \u00a1Adi\u00f3s a los proyectos renovables! Porque nada grita m\u00e1s \u201ccompromiso con la transici\u00f3n energ\u00e9tica\u201d que abandonar las renovables a la primera se\u00f1al de regulaci\u00f3n. Eso s\u00ed, no olvidemos que DISA ya cumpl\u00eda de sobra con la \u201cparticipaci\u00f3n local\u201d gracias a su sede en Canarias. \u00a1Qu\u00e9 conveniente!<\/p>\n\n\n\n<p class=\"wp-block-paragraph\">Es curioso c\u00f3mo el gigante energ\u00e9tico ve \u201cobligaciones desproporcionadas\u201d en una simple oferta del 20%, pero no parece encontrar problemas en imponer a los canarios d\u00e9cadas de dependencia de combustibles f\u00f3siles. Tampoco parecen perturbarles demasiado los datos demoledores sobre el impacto del cambio clim\u00e1tico o la necesidad urgente de actuar.<\/p>\n\n\n\n<p class=\"wp-block-paragraph\">En resumen, el mensaje de DISA es claro: quieren renovables, s\u00ed, pero solo si se hacen a su manera, sin importar los intereses del p\u00fablico o el medioambiente. Porque al final del d\u00eda, parece que lo \u00fanico verde que realmente les importa es el color de los billetes.<\/p>\n","protected":false},"excerpt":{"rendered":"<p>\u00a1Qu\u00e9 inspirador resulta siempre escuchar a una gran corporaci\u00f3n energ\u00e9tica hablar en nombre de la justicia y la libertad! Esta vez, DISA, conocida por su arraigada conexi\u00f3n con Canarias y su supuesta voluntad de liderar la transici\u00f3n energ\u00e9tica, nos deleita con un conmovedor discurso sobre los principios fundamentales del mercado. \u00bfEl motivo de su indignaci\u00f3n? [&hellip;]<\/p>\n","protected":false},"author":1,"featured_media":885,"comment_status":"open","ping_status":"open","sticky":false,"template":"","format":"standard","meta":{"footnotes":""},"categories":[42],"tags":[],"class_list":["post-884","post","type-post","status-publish","format-standard","has-post-thumbnail","category-fosiles"],"yoast_head":"<!-- This site is optimized with the Yoast SEO plugin v28.2 - https:\/\/yoast.com\/product\/yoast-seo-wordpress\/ -->\n<title>Libertad de empresa - Salto Ecol\u00f3gico<\/title>\n<meta name=\"robots\" content=\"index, follow, max-snippet:-1, max-image-preview:large, max-video-preview:-1\" \/>\n<link rel=\"canonical\" href=\"https:\/\/saltoecologico.es\/index.php\/2025\/03\/24\/libertad-de-empresa\/\" \/>\n<meta property=\"og:locale\" content=\"es_ES\" \/>\n<meta property=\"og:type\" content=\"article\" \/>\n<meta property=\"og:title\" content=\"Libertad de empresa - Salto Ecol\u00f3gico\" \/>\n<meta property=\"og:description\" content=\"\u00a1Qu\u00e9 inspirador resulta siempre escuchar a una gran corporaci\u00f3n energ\u00e9tica hablar en nombre de la justicia y la libertad! Esta vez, DISA, conocida por su arraigada conexi\u00f3n con Canarias y su supuesta voluntad de liderar la transici\u00f3n energ\u00e9tica, nos deleita con un conmovedor discurso sobre los principios fundamentales del mercado. \u00bfEl motivo de su indignaci\u00f3n? [&hellip;]\" \/>\n<meta property=\"og:url\" content=\"https:\/\/saltoecologico.es\/index.php\/2025\/03\/24\/libertad-de-empresa\/\" \/>\n<meta property=\"og:site_name\" content=\"Salto Ecol\u00f3gico\" \/>\n<meta property=\"article:publisher\" content=\"https:\/\/www.facebook.com\/Saltotransicionecologica\" \/>\n<meta property=\"article:published_time\" content=\"2025-03-24T08:47:00+00:00\" \/>\n<meta property=\"article:modified_time\" content=\"2025-04-20T08:48:09+00:00\" \/>\n<meta property=\"og:image\" content=\"https:\/\/saltoecologico.es\/wp-content\/uploads\/2025\/04\/Disa-1024x683.png\" \/>\n\t<meta property=\"og:image:width\" content=\"1024\" \/>\n\t<meta property=\"og:image:height\" content=\"683\" \/>\n\t<meta property=\"og:image:type\" content=\"image\/png\" \/>\n<meta name=\"author\" content=\"admin\" \/>\n<meta name=\"twitter:card\" content=\"summary_large_image\" \/>\n<meta name=\"twitter:label1\" content=\"Escrito por\" \/>\n\t<meta name=\"twitter:data1\" content=\"admin\" \/>\n\t<meta name=\"twitter:label2\" content=\"Tiempo de lectura\" \/>\n\t<meta name=\"twitter:data2\" content=\"2 minutos\" \/>\n<script type=\"application\/ld+json\" class=\"yoast-schema-graph\">{\"@context\":\"https:\\\/\\\/schema.org\",\"@graph\":[{\"@type\":\"Article\",\"@id\":\"https:\\\/\\\/saltoecologico.es\\\/index.php\\\/2025\\\/03\\\/24\\\/libertad-de-empresa\\\/#article\",\"isPartOf\":{\"@id\":\"https:\\\/\\\/saltoecologico.es\\\/index.php\\\/2025\\\/03\\\/24\\\/libertad-de-empresa\\\/\"},\"author\":{\"name\":\"admin\",\"@id\":\"https:\\\/\\\/saltoecologico.es\\\/#\\\/schema\\\/person\\\/7175eec4b3c123d86c675313c3a01a0b\"},\"headline\":\"Libertad de empresa\",\"datePublished\":\"2025-03-24T08:47:00+00:00\",\"dateModified\":\"2025-04-20T08:48:09+00:00\",\"mainEntityOfPage\":{\"@id\":\"https:\\\/\\\/saltoecologico.es\\\/index.php\\\/2025\\\/03\\\/24\\\/libertad-de-empresa\\\/\"},\"wordCount\":418,\"commentCount\":0,\"publisher\":{\"@id\":\"https:\\\/\\\/saltoecologico.es\\\/#organization\"},\"image\":{\"@id\":\"https:\\\/\\\/saltoecologico.es\\\/index.php\\\/2025\\\/03\\\/24\\\/libertad-de-empresa\\\/#primaryimage\"},\"thumbnailUrl\":\"https:\\\/\\\/saltoecologico.es\\\/wp-content\\\/uploads\\\/2025\\\/04\\\/Disa.png\",\"articleSection\":[\"F\u00f3siles\"],\"inLanguage\":\"es\",\"potentialAction\":[{\"@type\":\"CommentAction\",\"name\":\"Comment\",\"target\":[\"https:\\\/\\\/saltoecologico.es\\\/index.php\\\/2025\\\/03\\\/24\\\/libertad-de-empresa\\\/#respond\"]}]},{\"@type\":\"WebPage\",\"@id\":\"https:\\\/\\\/saltoecologico.es\\\/index.php\\\/2025\\\/03\\\/24\\\/libertad-de-empresa\\\/\",\"url\":\"https:\\\/\\\/saltoecologico.es\\\/index.php\\\/2025\\\/03\\\/24\\\/libertad-de-empresa\\\/\",\"name\":\"Libertad de empresa - Salto Ecol\u00f3gico\",\"isPartOf\":{\"@id\":\"https:\\\/\\\/saltoecologico.es\\\/#website\"},\"primaryImageOfPage\":{\"@id\":\"https:\\\/\\\/saltoecologico.es\\\/index.php\\\/2025\\\/03\\\/24\\\/libertad-de-empresa\\\/#primaryimage\"},\"image\":{\"@id\":\"https:\\\/\\\/saltoecologico.es\\\/index.php\\\/2025\\\/03\\\/24\\\/libertad-de-empresa\\\/#primaryimage\"},\"thumbnailUrl\":\"https:\\\/\\\/saltoecologico.es\\\/wp-content\\\/uploads\\\/2025\\\/04\\\/Disa.png\",\"datePublished\":\"2025-03-24T08:47:00+00:00\",\"dateModified\":\"2025-04-20T08:48:09+00:00\",\"breadcrumb\":{\"@id\":\"https:\\\/\\\/saltoecologico.es\\\/index.php\\\/2025\\\/03\\\/24\\\/libertad-de-empresa\\\/#breadcrumb\"},\"inLanguage\":\"es\",\"potentialAction\":[{\"@type\":\"ReadAction\",\"target\":[\"https:\\\/\\\/saltoecologico.es\\\/index.php\\\/2025\\\/03\\\/24\\\/libertad-de-empresa\\\/\"]}]},{\"@type\":\"ImageObject\",\"inLanguage\":\"es\",\"@id\":\"https:\\\/\\\/saltoecologico.es\\\/index.php\\\/2025\\\/03\\\/24\\\/libertad-de-empresa\\\/#primaryimage\",\"url\":\"https:\\\/\\\/saltoecologico.es\\\/wp-content\\\/uploads\\\/2025\\\/04\\\/Disa.png\",\"contentUrl\":\"https:\\\/\\\/saltoecologico.es\\\/wp-content\\\/uploads\\\/2025\\\/04\\\/Disa.png\",\"width\":1536,\"height\":1024},{\"@type\":\"BreadcrumbList\",\"@id\":\"https:\\\/\\\/saltoecologico.es\\\/index.php\\\/2025\\\/03\\\/24\\\/libertad-de-empresa\\\/#breadcrumb\",\"itemListElement\":[{\"@type\":\"ListItem\",\"position\":1,\"name\":\"Portada\",\"item\":\"https:\\\/\\\/saltoecologico.es\\\/\"},{\"@type\":\"ListItem\",\"position\":2,\"name\":\"Libertad de empresa\"}]},{\"@type\":\"WebSite\",\"@id\":\"https:\\\/\\\/saltoecologico.es\\\/#website\",\"url\":\"https:\\\/\\\/saltoecologico.es\\\/\",\"name\":\"Salto Ecol\u00f3gico\",\"description\":\"\",\"publisher\":{\"@id\":\"https:\\\/\\\/saltoecologico.es\\\/#organization\"},\"potentialAction\":[{\"@type\":\"SearchAction\",\"target\":{\"@type\":\"EntryPoint\",\"urlTemplate\":\"https:\\\/\\\/saltoecologico.es\\\/?s={search_term_string}\"},\"query-input\":{\"@type\":\"PropertyValueSpecification\",\"valueRequired\":true,\"valueName\":\"search_term_string\"}}],\"inLanguage\":\"es\"},{\"@type\":\"Organization\",\"@id\":\"https:\\\/\\\/saltoecologico.es\\\/#organization\",\"name\":\"Salto a la Transici\u00f3n Ecol\u00f3gica\",\"url\":\"https:\\\/\\\/saltoecologico.es\\\/\",\"logo\":{\"@type\":\"ImageObject\",\"inLanguage\":\"es\",\"@id\":\"https:\\\/\\\/saltoecologico.es\\\/#\\\/schema\\\/logo\\\/image\\\/\",\"url\":\"https:\\\/\\\/saltoecologico.es\\\/wp-content\\\/uploads\\\/2025\\\/04\\\/Logo-STE.jpg\",\"contentUrl\":\"https:\\\/\\\/saltoecologico.es\\\/wp-content\\\/uploads\\\/2025\\\/04\\\/Logo-STE.jpg\",\"width\":435,\"height\":435,\"caption\":\"Salto a la Transici\u00f3n Ecol\u00f3gica\"},\"image\":{\"@id\":\"https:\\\/\\\/saltoecologico.es\\\/#\\\/schema\\\/logo\\\/image\\\/\"},\"sameAs\":[\"https:\\\/\\\/www.facebook.com\\\/Saltotransicionecologica\"]},{\"@type\":\"Person\",\"@id\":\"https:\\\/\\\/saltoecologico.es\\\/#\\\/schema\\\/person\\\/7175eec4b3c123d86c675313c3a01a0b\",\"name\":\"admin\",\"image\":{\"@type\":\"ImageObject\",\"inLanguage\":\"es\",\"@id\":\"https:\\\/\\\/secure.gravatar.com\\\/avatar\\\/4c215dc57bbc7b2f2f470ac9bd197f3f112636a584e575a732d0206a2d9c9806?s=96&d=mm&r=g\",\"url\":\"https:\\\/\\\/secure.gravatar.com\\\/avatar\\\/4c215dc57bbc7b2f2f470ac9bd197f3f112636a584e575a732d0206a2d9c9806?s=96&d=mm&r=g\",\"contentUrl\":\"https:\\\/\\\/secure.gravatar.com\\\/avatar\\\/4c215dc57bbc7b2f2f470ac9bd197f3f112636a584e575a732d0206a2d9c9806?s=96&d=mm&r=g\",\"caption\":\"admin\"},\"sameAs\":[\"https:\\\/\\\/saltoecologico.es\"],\"url\":\"https:\\\/\\\/saltoecologico.es\\\/index.php\\\/author\\\/saltoecologico\\\/\"}]}<\/script>\n<!-- \/ Yoast SEO plugin. -->","yoast_head_json":{"title":"Libertad de empresa - Salto Ecol\u00f3gico","robots":{"index":"index","follow":"follow","max-snippet":"max-snippet:-1","max-image-preview":"max-image-preview:large","max-video-preview":"max-video-preview:-1"},"canonical":"https:\/\/saltoecologico.es\/index.php\/2025\/03\/24\/libertad-de-empresa\/","og_locale":"es_ES","og_type":"article","og_title":"Libertad de empresa - Salto Ecol\u00f3gico","og_description":"\u00a1Qu\u00e9 inspirador resulta siempre escuchar a una gran corporaci\u00f3n energ\u00e9tica hablar en nombre de la justicia y la libertad! Esta vez, DISA, conocida por su arraigada conexi\u00f3n con Canarias y su supuesta voluntad de liderar la transici\u00f3n energ\u00e9tica, nos deleita con un conmovedor discurso sobre los principios fundamentales del mercado. \u00bfEl motivo de su indignaci\u00f3n? [&hellip;]","og_url":"https:\/\/saltoecologico.es\/index.php\/2025\/03\/24\/libertad-de-empresa\/","og_site_name":"Salto Ecol\u00f3gico","article_publisher":"https:\/\/www.facebook.com\/Saltotransicionecologica","article_published_time":"2025-03-24T08:47:00+00:00","article_modified_time":"2025-04-20T08:48:09+00:00","og_image":[{"width":1024,"height":683,"url":"https:\/\/saltoecologico.es\/wp-content\/uploads\/2025\/04\/Disa-1024x683.png","type":"image\/png"}],"author":"admin","twitter_card":"summary_large_image","twitter_misc":{"Escrito por":"admin","Tiempo de lectura":"2 minutos"},"schema":{"@context":"https:\/\/schema.org","@graph":[{"@type":"Article","@id":"https:\/\/saltoecologico.es\/index.php\/2025\/03\/24\/libertad-de-empresa\/#article","isPartOf":{"@id":"https:\/\/saltoecologico.es\/index.php\/2025\/03\/24\/libertad-de-empresa\/"},"author":{"name":"admin","@id":"https:\/\/saltoecologico.es\/#\/schema\/person\/7175eec4b3c123d86c675313c3a01a0b"},"headline":"Libertad de empresa","datePublished":"2025-03-24T08:47:00+00:00","dateModified":"2025-04-20T08:48:09+00:00","mainEntityOfPage":{"@id":"https:\/\/saltoecologico.es\/index.php\/2025\/03\/24\/libertad-de-empresa\/"},"wordCount":418,"commentCount":0,"publisher":{"@id":"https:\/\/saltoecologico.es\/#organization"},"image":{"@id":"https:\/\/saltoecologico.es\/index.php\/2025\/03\/24\/libertad-de-empresa\/#primaryimage"},"thumbnailUrl":"https:\/\/saltoecologico.es\/wp-content\/uploads\/2025\/04\/Disa.png","articleSection":["F\u00f3siles"],"inLanguage":"es","potentialAction":[{"@type":"CommentAction","name":"Comment","target":["https:\/\/saltoecologico.es\/index.php\/2025\/03\/24\/libertad-de-empresa\/#respond"]}]},{"@type":"WebPage","@id":"https:\/\/saltoecologico.es\/index.php\/2025\/03\/24\/libertad-de-empresa\/","url":"https:\/\/saltoecologico.es\/index.php\/2025\/03\/24\/libertad-de-empresa\/","name":"Libertad de empresa - Salto Ecol\u00f3gico","isPartOf":{"@id":"https:\/\/saltoecologico.es\/#website"},"primaryImageOfPage":{"@id":"https:\/\/saltoecologico.es\/index.php\/2025\/03\/24\/libertad-de-empresa\/#primaryimage"},"image":{"@id":"https:\/\/saltoecologico.es\/index.php\/2025\/03\/24\/libertad-de-empresa\/#primaryimage"},"thumbnailUrl":"https:\/\/saltoecologico.es\/wp-content\/uploads\/2025\/04\/Disa.png","datePublished":"2025-03-24T08:47:00+00:00","dateModified":"2025-04-20T08:48:09+00:00","breadcrumb":{"@id":"https:\/\/saltoecologico.es\/index.php\/2025\/03\/24\/libertad-de-empresa\/#breadcrumb"},"inLanguage":"es","potentialAction":[{"@type":"ReadAction","target":["https:\/\/saltoecologico.es\/index.php\/2025\/03\/24\/libertad-de-empresa\/"]}]},{"@type":"ImageObject","inLanguage":"es","@id":"https:\/\/saltoecologico.es\/index.php\/2025\/03\/24\/libertad-de-empresa\/#primaryimage","url":"https:\/\/saltoecologico.es\/wp-content\/uploads\/2025\/04\/Disa.png","contentUrl":"https:\/\/saltoecologico.es\/wp-content\/uploads\/2025\/04\/Disa.png","width":1536,"height":1024},{"@type":"BreadcrumbList","@id":"https:\/\/saltoecologico.es\/index.php\/2025\/03\/24\/libertad-de-empresa\/#breadcrumb","itemListElement":[{"@type":"ListItem","position":1,"name":"Portada","item":"https:\/\/saltoecologico.es\/"},{"@type":"ListItem","position":2,"name":"Libertad de empresa"}]},{"@type":"WebSite","@id":"https:\/\/saltoecologico.es\/#website","url":"https:\/\/saltoecologico.es\/","name":"Salto Ecol\u00f3gico","description":"","publisher":{"@id":"https:\/\/saltoecologico.es\/#organization"},"potentialAction":[{"@type":"SearchAction","target":{"@type":"EntryPoint","urlTemplate":"https:\/\/saltoecologico.es\/?s={search_term_string}"},"query-input":{"@type":"PropertyValueSpecification","valueRequired":true,"valueName":"search_term_string"}}],"inLanguage":"es"},{"@type":"Organization","@id":"https:\/\/saltoecologico.es\/#organization","name":"Salto a la Transici\u00f3n Ecol\u00f3gica","url":"https:\/\/saltoecologico.es\/","logo":{"@type":"ImageObject","inLanguage":"es","@id":"https:\/\/saltoecologico.es\/#\/schema\/logo\/image\/","url":"https:\/\/saltoecologico.es\/wp-content\/uploads\/2025\/04\/Logo-STE.jpg","contentUrl":"https:\/\/saltoecologico.es\/wp-content\/uploads\/2025\/04\/Logo-STE.jpg","width":435,"height":435,"caption":"Salto a la Transici\u00f3n Ecol\u00f3gica"},"image":{"@id":"https:\/\/saltoecologico.es\/#\/schema\/logo\/image\/"},"sameAs":["https:\/\/www.facebook.com\/Saltotransicionecologica"]},{"@type":"Person","@id":"https:\/\/saltoecologico.es\/#\/schema\/person\/7175eec4b3c123d86c675313c3a01a0b","name":"admin","image":{"@type":"ImageObject","inLanguage":"es","@id":"https:\/\/secure.gravatar.com\/avatar\/4c215dc57bbc7b2f2f470ac9bd197f3f112636a584e575a732d0206a2d9c9806?s=96&d=mm&r=g","url":"https:\/\/secure.gravatar.com\/avatar\/4c215dc57bbc7b2f2f470ac9bd197f3f112636a584e575a732d0206a2d9c9806?s=96&d=mm&r=g","contentUrl":"https:\/\/secure.gravatar.com\/avatar\/4c215dc57bbc7b2f2f470ac9bd197f3f112636a584e575a732d0206a2d9c9806?s=96&d=mm&r=g","caption":"admin"},"sameAs":["https:\/\/saltoecologico.es"],"url":"https:\/\/saltoecologico.es\/index.php\/author\/saltoecologico\/"}]}},"_links":{"self":[{"href":"https:\/\/saltoecologico.es\/index.php\/wp-json\/wp\/v2\/posts\/884","targetHints":{"allow":["GET"]}}],"collection":[{"href":"https:\/\/saltoecologico.es\/index.php\/wp-json\/wp\/v2\/posts"}],"about":[{"href":"https:\/\/saltoecologico.es\/index.php\/wp-json\/wp\/v2\/types\/post"}],"author":[{"embeddable":true,"href":"https:\/\/saltoecologico.es\/index.php\/wp-json\/wp\/v2\/users\/1"}],"replies":[{"embeddable":true,"href":"https:\/\/saltoecologico.es\/index.php\/wp-json\/wp\/v2\/comments?post=884"}],"version-history":[{"count":1,"href":"https:\/\/saltoecologico.es\/index.php\/wp-json\/wp\/v2\/posts\/884\/revisions"}],"predecessor-version":[{"id":886,"href":"https:\/\/saltoecologico.es\/index.php\/wp-json\/wp\/v2\/posts\/884\/revisions\/886"}],"wp:featuredmedia":[{"embeddable":true,"href":"https:\/\/saltoecologico.es\/index.php\/wp-json\/wp\/v2\/media\/885"}],"wp:attachment":[{"href":"https:\/\/saltoecologico.es\/index.php\/wp-json\/wp\/v2\/media?parent=884"}],"wp:term":[{"taxonomy":"category","embeddable":true,"href":"https:\/\/saltoecologico.es\/index.php\/wp-json\/wp\/v2\/categories?post=884"},{"taxonomy":"post_tag","embeddable":true,"href":"https:\/\/saltoecologico.es\/index.php\/wp-json\/wp\/v2\/tags?post=884"}],"curies":[{"name":"wp","href":"https:\/\/api.w.org\/{rel}","templated":true}]}}