{"id":887,"date":"2025-03-31T08:55:00","date_gmt":"2025-03-31T08:55:00","guid":{"rendered":"https:\/\/saltoecologico.es\/?p=887"},"modified":"2025-04-20T08:56:16","modified_gmt":"2025-04-20T08:56:16","slug":"gorona-del-viento-2","status":"publish","type":"post","link":"https:\/\/saltoecologico.es\/index.php\/2025\/03\/31\/gorona-del-viento-2\/","title":{"rendered":"Gorona del Viento"},"content":{"rendered":"\n<p class=\"wp-block-paragraph\">Desde su puesta en marcha, la Central Hidroe\u00f3lica de <strong>Gorona del Viento<\/strong> ha sido objeto de una extra\u00f1a paradoja: mientras medios internacionales, universidades y centros tecnol\u00f3gicos la referencian como un ejemplo pionero de transici\u00f3n energ\u00e9tica en sistemas aislados, en algunos c\u00edrculos locales y, por qu\u00e9 no decirlo, en ciertos despachos de t\u00e9cnicos o comentaristas de ocasi\u00f3n, no han cesado las cr\u00edticas. Pero no las cr\u00edticas t\u00e9cnicas, que son sanas y necesarias, sino las ideol\u00f3gicas o directamente desinformadas. Cr\u00edticas nacidas de no entender qu\u00e9 es y qu\u00e9 no es este proyecto. Cr\u00edticas que, en el fondo, delatan un problema mayor: <strong>hablar sin saber c\u00f3mo funciona un sistema el\u00e9ctrico insular.<\/strong><\/p>\n\n\n\n<p class=\"wp-block-paragraph\">Gorona del Viento <strong>no naci\u00f3 para ser perfecta<\/strong>. Naci\u00f3 para ser <strong>posible<\/strong>. Un sistema el\u00e9ctrico como el de El Hierro aislado, de peque\u00f1a escala, sin interconexiones se enfrenta a desaf\u00edos que muchas personas ni imaginan. Estabilizar la frecuencia, mantener la calidad del suministro, evitar vertidos de renovables por sobreproducci\u00f3n puntual o prevenir apagones ante ca\u00eddas s\u00fabitas de generaci\u00f3n, requiere un conocimiento profundo de la <strong>din\u00e1mica el\u00e9ctrica en tiempo real<\/strong>.<\/p>\n\n\n\n<p class=\"wp-block-paragraph\">Por eso, la central de Gorona se dise\u00f1\u00f3 bajo un principio clave: <strong>combinar generaci\u00f3n e\u00f3lica con almacenamiento hidr\u00e1ulico<\/strong> (el salto entre dep\u00f3sitos de agua) para abastecer a la isla el mayor n\u00famero de horas posible sin recurrir al motor di\u00e9sel. Pero como cualquier ingeniero sensato habr\u00eda advertido, el sistema <strong>no pod\u00eda garantizar un 100% renovable 365 d\u00edas al a\u00f1o<\/strong>, al menos no desde el primer d\u00eda. Hablamos de una isla con consumos variables, eventos meteorol\u00f3gicos imprevisibles y una necesidad constante de energ\u00eda firme, algo que ni el viento ni el agua, por s\u00ed solos, pueden cubrir con estabilidad total.<\/p>\n\n\n\n<p class=\"wp-block-paragraph\">El error fue pol\u00edtico y comunicacional. Se vendi\u00f3 a la opini\u00f3n p\u00fablica, incluso con bombos y platillos institucionales, que El Hierro ser\u00eda la <strong>primera isla 100% renovable del mundo<\/strong>. Y ese eslogan, aunque inspirador, se convirti\u00f3 con el tiempo en un <strong>boomerang medi\u00e1tico<\/strong>. Porque cuando llegaron los datos reales, a\u00f1os con un 50%, un 60%, alg\u00fan pico estacional cercano al 100%, muchos lo interpretaron como un fracaso, cuando en realidad era un \u00e9xito colosal en comparaci\u00f3n con cualquier otro sistema insular del planeta.<\/p>\n\n\n\n<p class=\"wp-block-paragraph\">Mientras tanto, los detractores se acomodaron en una narrativa simplista: \u201c\u00bfNo era que iba a ser todo renovable? \u00bfY por qu\u00e9 siguen usando di\u00e9sel?\u201d. La respuesta es sencilla para quienes conocen c\u00f3mo funciona un sistema el\u00e9ctrico: <strong>porque se trata de un proceso, no de un interruptor m\u00e1gico<\/strong>. La transici\u00f3n energ\u00e9tica se construye desde la fiabilidad, no desde el marketing.<\/p>\n\n\n\n<p class=\"wp-block-paragraph\">Ahora, el Cabildo de El Hierro y Gorona del Viento, con participaci\u00f3n de Endesa, el Gobierno de Canarias y el Instituto Tecnol\u00f3gico de Canarias, han dado un nuevo paso en esa direcci\u00f3n: la instalaci\u00f3n de una <strong>planta solar fotovoltaica de 5 MW con bater\u00eda de almacenamiento<\/strong>, que se ampliar\u00e1 en fases posteriores. Se ubica en terrenos del municipio de La Frontera y tiene el potencial de elevar la cobertura renovable media anual hasta el <strong>80%<\/strong>, reduciendo a\u00fan m\u00e1s el uso de combustibles f\u00f3siles.<\/p>\n\n\n\n<p class=\"wp-block-paragraph\">Adem\u00e1s, el proyecto no es una simple planta solar: ser\u00e1 <strong>la primera planta agrovoltaica de Canarias<\/strong>, compatibilizando la generaci\u00f3n de electricidad con el uso agr\u00edcola y ganadero del suelo. Es innovaci\u00f3n t\u00e9cnica y socioecon\u00f3mica, en la misma l\u00ednea de lo que Gorona siempre ha representado.<\/p>\n\n\n\n<p class=\"wp-block-paragraph\">Y sin embargo, ah\u00ed est\u00e1n otra vez los <strong>profetas del desastre<\/strong>, criticando el proyecto como si fuera una traici\u00f3n al ideal inicial o, peor a\u00fan, como si fuera innecesario. Dicen que ya \u00ablo intentaron y fracasaron\u00bb, que es \u00abotro capricho institucional\u00bb o que \u00absolo sirve para maquillar datos\u00bb. Lo dicen sin haberse le\u00eddo un solo informe t\u00e9cnico, sin entender lo que significa el <strong>desfase entre generaci\u00f3n y demanda<\/strong>, sin saber c\u00f3mo funciona una bater\u00eda, una inercia rotatoria o un sistema de regulaci\u00f3n primaria.<\/p>\n\n\n\n<p class=\"wp-block-paragraph\">La mayor\u00eda de esas cr\u00edticas, si se rasca un poco, <strong>no tienen sustancia t\u00e9cnica ni visi\u00f3n estrat\u00e9gica<\/strong>. Son comentarios que se mueven entre la ignorancia y el resentimiento. Porque hay quien no soporta que El Hierro haya tenido el coraje de intentarlo, de equivocarse si hace falta, pero de avanzar. Mientras otras islas siguen atrapadas en debates eternos, aqu\u00ed se construye, se conecta, se prueba, se mide y se ajusta. Aqu\u00ed se hace.<\/p>\n\n\n\n<p class=\"wp-block-paragraph\">El sistema el\u00e9ctrico de El Hierro es hoy <strong>m\u00e1s resiliente, m\u00e1s limpio y m\u00e1s independiente<\/strong> que el de la mayor\u00eda de territorios insulares del mundo. El nuevo proyecto fotovoltaico con bater\u00edas es una mejora concreta, medible, replicable. Es lo que toca hacer cuando se quiere descarbonizar un sistema: ampliar fuentes, gestionar almacenamiento, diversificar producci\u00f3n.<\/p>\n\n\n\n<p class=\"wp-block-paragraph\">Gorona del Viento <strong>no fue nunca una meta final<\/strong>, sino un hito intermedio. Y esta nueva planta solar no es un parche, sino <strong>una pieza m\u00e1s del puzle de la transici\u00f3n energ\u00e9tica<\/strong>. Quienes critican sin argumentos solo revelan su desconocimiento. Y en ocasiones, su pereza mental. Porque entender c\u00f3mo funciona un sistema el\u00e9ctrico requiere algo m\u00e1s que lanzar frases populistas desde una tertulia radiof\u00f3nica o desde la comodidad de un teclado.<\/p>\n\n\n\n<p class=\"wp-block-paragraph\">El futuro energ\u00e9tico de El Hierro se construye con <strong>rigor, compromiso y audacia t\u00e9cnica<\/strong>. Y en ese camino, cada megavatio renovable cuenta. No hay que pedirle a Gorona del Viento que sea perfecta. Solo hay que exigir que siga creciendo. Como lo est\u00e1 haciendo.<\/p>\n","protected":false},"excerpt":{"rendered":"<p>Desde su puesta en marcha, la Central Hidroe\u00f3lica de Gorona del Viento ha sido objeto de una extra\u00f1a paradoja: mientras medios internacionales, universidades y centros tecnol\u00f3gicos la referencian como un ejemplo pionero de transici\u00f3n energ\u00e9tica en sistemas aislados, en algunos c\u00edrculos locales y, por qu\u00e9 no decirlo, en ciertos despachos de t\u00e9cnicos o comentaristas de [&hellip;]<\/p>\n","protected":false},"author":1,"featured_media":888,"comment_status":"open","ping_status":"open","sticky":false,"template":"","format":"standard","meta":{"footnotes":""},"categories":[61],"tags":[],"class_list":["post-887","post","type-post","status-publish","format-standard","has-post-thumbnail","category-gorona-del-viento"],"yoast_head":"<!-- This site is optimized with the Yoast SEO plugin v28.2 - https:\/\/yoast.com\/product\/yoast-seo-wordpress\/ -->\n<title>Gorona del Viento - Salto Ecol\u00f3gico<\/title>\n<meta name=\"robots\" content=\"index, follow, max-snippet:-1, max-image-preview:large, max-video-preview:-1\" \/>\n<link rel=\"canonical\" href=\"https:\/\/saltoecologico.es\/index.php\/2025\/03\/31\/gorona-del-viento-2\/\" \/>\n<meta property=\"og:locale\" content=\"es_ES\" \/>\n<meta property=\"og:type\" content=\"article\" \/>\n<meta property=\"og:title\" content=\"Gorona del Viento - Salto Ecol\u00f3gico\" \/>\n<meta property=\"og:description\" content=\"Desde su puesta en marcha, la Central Hidroe\u00f3lica de Gorona del Viento ha sido objeto de una extra\u00f1a paradoja: mientras medios internacionales, universidades y centros tecnol\u00f3gicos la referencian como un ejemplo pionero de transici\u00f3n energ\u00e9tica en sistemas aislados, en algunos c\u00edrculos locales y, por qu\u00e9 no decirlo, en ciertos despachos de t\u00e9cnicos o comentaristas de [&hellip;]\" \/>\n<meta property=\"og:url\" content=\"https:\/\/saltoecologico.es\/index.php\/2025\/03\/31\/gorona-del-viento-2\/\" \/>\n<meta property=\"og:site_name\" content=\"Salto Ecol\u00f3gico\" \/>\n<meta property=\"article:publisher\" content=\"https:\/\/www.facebook.com\/Saltotransicionecologica\" \/>\n<meta property=\"article:published_time\" content=\"2025-03-31T08:55:00+00:00\" \/>\n<meta property=\"article:modified_time\" content=\"2025-04-20T08:56:16+00:00\" \/>\n<meta property=\"og:image\" content=\"https:\/\/saltoecologico.es\/wp-content\/uploads\/2025\/04\/Gorona-del-viento-1024x683.png\" \/>\n\t<meta property=\"og:image:width\" content=\"1024\" \/>\n\t<meta property=\"og:image:height\" content=\"683\" \/>\n\t<meta property=\"og:image:type\" content=\"image\/png\" \/>\n<meta name=\"author\" content=\"admin\" \/>\n<meta name=\"twitter:card\" content=\"summary_large_image\" \/>\n<meta name=\"twitter:label1\" content=\"Escrito por\" \/>\n\t<meta name=\"twitter:data1\" content=\"admin\" \/>\n\t<meta name=\"twitter:label2\" content=\"Tiempo de lectura\" \/>\n\t<meta name=\"twitter:data2\" content=\"5 minutos\" \/>\n<script type=\"application\/ld+json\" class=\"yoast-schema-graph\">{\"@context\":\"https:\\\/\\\/schema.org\",\"@graph\":[{\"@type\":\"Article\",\"@id\":\"https:\\\/\\\/saltoecologico.es\\\/index.php\\\/2025\\\/03\\\/31\\\/gorona-del-viento-2\\\/#article\",\"isPartOf\":{\"@id\":\"https:\\\/\\\/saltoecologico.es\\\/index.php\\\/2025\\\/03\\\/31\\\/gorona-del-viento-2\\\/\"},\"author\":{\"name\":\"admin\",\"@id\":\"https:\\\/\\\/saltoecologico.es\\\/#\\\/schema\\\/person\\\/7175eec4b3c123d86c675313c3a01a0b\"},\"headline\":\"Gorona del Viento\",\"datePublished\":\"2025-03-31T08:55:00+00:00\",\"dateModified\":\"2025-04-20T08:56:16+00:00\",\"mainEntityOfPage\":{\"@id\":\"https:\\\/\\\/saltoecologico.es\\\/index.php\\\/2025\\\/03\\\/31\\\/gorona-del-viento-2\\\/\"},\"wordCount\":963,\"commentCount\":0,\"publisher\":{\"@id\":\"https:\\\/\\\/saltoecologico.es\\\/#organization\"},\"image\":{\"@id\":\"https:\\\/\\\/saltoecologico.es\\\/index.php\\\/2025\\\/03\\\/31\\\/gorona-del-viento-2\\\/#primaryimage\"},\"thumbnailUrl\":\"https:\\\/\\\/saltoecologico.es\\\/wp-content\\\/uploads\\\/2025\\\/04\\\/Gorona-del-viento.png\",\"articleSection\":[\"Gorona del viento\"],\"inLanguage\":\"es\",\"potentialAction\":[{\"@type\":\"CommentAction\",\"name\":\"Comment\",\"target\":[\"https:\\\/\\\/saltoecologico.es\\\/index.php\\\/2025\\\/03\\\/31\\\/gorona-del-viento-2\\\/#respond\"]}]},{\"@type\":\"WebPage\",\"@id\":\"https:\\\/\\\/saltoecologico.es\\\/index.php\\\/2025\\\/03\\\/31\\\/gorona-del-viento-2\\\/\",\"url\":\"https:\\\/\\\/saltoecologico.es\\\/index.php\\\/2025\\\/03\\\/31\\\/gorona-del-viento-2\\\/\",\"name\":\"Gorona del Viento - Salto Ecol\u00f3gico\",\"isPartOf\":{\"@id\":\"https:\\\/\\\/saltoecologico.es\\\/#website\"},\"primaryImageOfPage\":{\"@id\":\"https:\\\/\\\/saltoecologico.es\\\/index.php\\\/2025\\\/03\\\/31\\\/gorona-del-viento-2\\\/#primaryimage\"},\"image\":{\"@id\":\"https:\\\/\\\/saltoecologico.es\\\/index.php\\\/2025\\\/03\\\/31\\\/gorona-del-viento-2\\\/#primaryimage\"},\"thumbnailUrl\":\"https:\\\/\\\/saltoecologico.es\\\/wp-content\\\/uploads\\\/2025\\\/04\\\/Gorona-del-viento.png\",\"datePublished\":\"2025-03-31T08:55:00+00:00\",\"dateModified\":\"2025-04-20T08:56:16+00:00\",\"breadcrumb\":{\"@id\":\"https:\\\/\\\/saltoecologico.es\\\/index.php\\\/2025\\\/03\\\/31\\\/gorona-del-viento-2\\\/#breadcrumb\"},\"inLanguage\":\"es\",\"potentialAction\":[{\"@type\":\"ReadAction\",\"target\":[\"https:\\\/\\\/saltoecologico.es\\\/index.php\\\/2025\\\/03\\\/31\\\/gorona-del-viento-2\\\/\"]}]},{\"@type\":\"ImageObject\",\"inLanguage\":\"es\",\"@id\":\"https:\\\/\\\/saltoecologico.es\\\/index.php\\\/2025\\\/03\\\/31\\\/gorona-del-viento-2\\\/#primaryimage\",\"url\":\"https:\\\/\\\/saltoecologico.es\\\/wp-content\\\/uploads\\\/2025\\\/04\\\/Gorona-del-viento.png\",\"contentUrl\":\"https:\\\/\\\/saltoecologico.es\\\/wp-content\\\/uploads\\\/2025\\\/04\\\/Gorona-del-viento.png\",\"width\":1536,\"height\":1024},{\"@type\":\"BreadcrumbList\",\"@id\":\"https:\\\/\\\/saltoecologico.es\\\/index.php\\\/2025\\\/03\\\/31\\\/gorona-del-viento-2\\\/#breadcrumb\",\"itemListElement\":[{\"@type\":\"ListItem\",\"position\":1,\"name\":\"Portada\",\"item\":\"https:\\\/\\\/saltoecologico.es\\\/\"},{\"@type\":\"ListItem\",\"position\":2,\"name\":\"Gorona del Viento\"}]},{\"@type\":\"WebSite\",\"@id\":\"https:\\\/\\\/saltoecologico.es\\\/#website\",\"url\":\"https:\\\/\\\/saltoecologico.es\\\/\",\"name\":\"Salto Ecol\u00f3gico\",\"description\":\"\",\"publisher\":{\"@id\":\"https:\\\/\\\/saltoecologico.es\\\/#organization\"},\"potentialAction\":[{\"@type\":\"SearchAction\",\"target\":{\"@type\":\"EntryPoint\",\"urlTemplate\":\"https:\\\/\\\/saltoecologico.es\\\/?s={search_term_string}\"},\"query-input\":{\"@type\":\"PropertyValueSpecification\",\"valueRequired\":true,\"valueName\":\"search_term_string\"}}],\"inLanguage\":\"es\"},{\"@type\":\"Organization\",\"@id\":\"https:\\\/\\\/saltoecologico.es\\\/#organization\",\"name\":\"Salto a la Transici\u00f3n Ecol\u00f3gica\",\"url\":\"https:\\\/\\\/saltoecologico.es\\\/\",\"logo\":{\"@type\":\"ImageObject\",\"inLanguage\":\"es\",\"@id\":\"https:\\\/\\\/saltoecologico.es\\\/#\\\/schema\\\/logo\\\/image\\\/\",\"url\":\"https:\\\/\\\/saltoecologico.es\\\/wp-content\\\/uploads\\\/2025\\\/04\\\/Logo-STE.jpg\",\"contentUrl\":\"https:\\\/\\\/saltoecologico.es\\\/wp-content\\\/uploads\\\/2025\\\/04\\\/Logo-STE.jpg\",\"width\":435,\"height\":435,\"caption\":\"Salto a la Transici\u00f3n Ecol\u00f3gica\"},\"image\":{\"@id\":\"https:\\\/\\\/saltoecologico.es\\\/#\\\/schema\\\/logo\\\/image\\\/\"},\"sameAs\":[\"https:\\\/\\\/www.facebook.com\\\/Saltotransicionecologica\"]},{\"@type\":\"Person\",\"@id\":\"https:\\\/\\\/saltoecologico.es\\\/#\\\/schema\\\/person\\\/7175eec4b3c123d86c675313c3a01a0b\",\"name\":\"admin\",\"image\":{\"@type\":\"ImageObject\",\"inLanguage\":\"es\",\"@id\":\"https:\\\/\\\/secure.gravatar.com\\\/avatar\\\/4c215dc57bbc7b2f2f470ac9bd197f3f112636a584e575a732d0206a2d9c9806?s=96&d=mm&r=g\",\"url\":\"https:\\\/\\\/secure.gravatar.com\\\/avatar\\\/4c215dc57bbc7b2f2f470ac9bd197f3f112636a584e575a732d0206a2d9c9806?s=96&d=mm&r=g\",\"contentUrl\":\"https:\\\/\\\/secure.gravatar.com\\\/avatar\\\/4c215dc57bbc7b2f2f470ac9bd197f3f112636a584e575a732d0206a2d9c9806?s=96&d=mm&r=g\",\"caption\":\"admin\"},\"sameAs\":[\"https:\\\/\\\/saltoecologico.es\"],\"url\":\"https:\\\/\\\/saltoecologico.es\\\/index.php\\\/author\\\/saltoecologico\\\/\"}]}<\/script>\n<!-- \/ Yoast SEO plugin. -->","yoast_head_json":{"title":"Gorona del Viento - Salto Ecol\u00f3gico","robots":{"index":"index","follow":"follow","max-snippet":"max-snippet:-1","max-image-preview":"max-image-preview:large","max-video-preview":"max-video-preview:-1"},"canonical":"https:\/\/saltoecologico.es\/index.php\/2025\/03\/31\/gorona-del-viento-2\/","og_locale":"es_ES","og_type":"article","og_title":"Gorona del Viento - Salto Ecol\u00f3gico","og_description":"Desde su puesta en marcha, la Central Hidroe\u00f3lica de Gorona del Viento ha sido objeto de una extra\u00f1a paradoja: mientras medios internacionales, universidades y centros tecnol\u00f3gicos la referencian como un ejemplo pionero de transici\u00f3n energ\u00e9tica en sistemas aislados, en algunos c\u00edrculos locales y, por qu\u00e9 no decirlo, en ciertos despachos de t\u00e9cnicos o comentaristas de [&hellip;]","og_url":"https:\/\/saltoecologico.es\/index.php\/2025\/03\/31\/gorona-del-viento-2\/","og_site_name":"Salto Ecol\u00f3gico","article_publisher":"https:\/\/www.facebook.com\/Saltotransicionecologica","article_published_time":"2025-03-31T08:55:00+00:00","article_modified_time":"2025-04-20T08:56:16+00:00","og_image":[{"width":1024,"height":683,"url":"https:\/\/saltoecologico.es\/wp-content\/uploads\/2025\/04\/Gorona-del-viento-1024x683.png","type":"image\/png"}],"author":"admin","twitter_card":"summary_large_image","twitter_misc":{"Escrito por":"admin","Tiempo de lectura":"5 minutos"},"schema":{"@context":"https:\/\/schema.org","@graph":[{"@type":"Article","@id":"https:\/\/saltoecologico.es\/index.php\/2025\/03\/31\/gorona-del-viento-2\/#article","isPartOf":{"@id":"https:\/\/saltoecologico.es\/index.php\/2025\/03\/31\/gorona-del-viento-2\/"},"author":{"name":"admin","@id":"https:\/\/saltoecologico.es\/#\/schema\/person\/7175eec4b3c123d86c675313c3a01a0b"},"headline":"Gorona del Viento","datePublished":"2025-03-31T08:55:00+00:00","dateModified":"2025-04-20T08:56:16+00:00","mainEntityOfPage":{"@id":"https:\/\/saltoecologico.es\/index.php\/2025\/03\/31\/gorona-del-viento-2\/"},"wordCount":963,"commentCount":0,"publisher":{"@id":"https:\/\/saltoecologico.es\/#organization"},"image":{"@id":"https:\/\/saltoecologico.es\/index.php\/2025\/03\/31\/gorona-del-viento-2\/#primaryimage"},"thumbnailUrl":"https:\/\/saltoecologico.es\/wp-content\/uploads\/2025\/04\/Gorona-del-viento.png","articleSection":["Gorona del viento"],"inLanguage":"es","potentialAction":[{"@type":"CommentAction","name":"Comment","target":["https:\/\/saltoecologico.es\/index.php\/2025\/03\/31\/gorona-del-viento-2\/#respond"]}]},{"@type":"WebPage","@id":"https:\/\/saltoecologico.es\/index.php\/2025\/03\/31\/gorona-del-viento-2\/","url":"https:\/\/saltoecologico.es\/index.php\/2025\/03\/31\/gorona-del-viento-2\/","name":"Gorona del Viento - Salto Ecol\u00f3gico","isPartOf":{"@id":"https:\/\/saltoecologico.es\/#website"},"primaryImageOfPage":{"@id":"https:\/\/saltoecologico.es\/index.php\/2025\/03\/31\/gorona-del-viento-2\/#primaryimage"},"image":{"@id":"https:\/\/saltoecologico.es\/index.php\/2025\/03\/31\/gorona-del-viento-2\/#primaryimage"},"thumbnailUrl":"https:\/\/saltoecologico.es\/wp-content\/uploads\/2025\/04\/Gorona-del-viento.png","datePublished":"2025-03-31T08:55:00+00:00","dateModified":"2025-04-20T08:56:16+00:00","breadcrumb":{"@id":"https:\/\/saltoecologico.es\/index.php\/2025\/03\/31\/gorona-del-viento-2\/#breadcrumb"},"inLanguage":"es","potentialAction":[{"@type":"ReadAction","target":["https:\/\/saltoecologico.es\/index.php\/2025\/03\/31\/gorona-del-viento-2\/"]}]},{"@type":"ImageObject","inLanguage":"es","@id":"https:\/\/saltoecologico.es\/index.php\/2025\/03\/31\/gorona-del-viento-2\/#primaryimage","url":"https:\/\/saltoecologico.es\/wp-content\/uploads\/2025\/04\/Gorona-del-viento.png","contentUrl":"https:\/\/saltoecologico.es\/wp-content\/uploads\/2025\/04\/Gorona-del-viento.png","width":1536,"height":1024},{"@type":"BreadcrumbList","@id":"https:\/\/saltoecologico.es\/index.php\/2025\/03\/31\/gorona-del-viento-2\/#breadcrumb","itemListElement":[{"@type":"ListItem","position":1,"name":"Portada","item":"https:\/\/saltoecologico.es\/"},{"@type":"ListItem","position":2,"name":"Gorona del Viento"}]},{"@type":"WebSite","@id":"https:\/\/saltoecologico.es\/#website","url":"https:\/\/saltoecologico.es\/","name":"Salto Ecol\u00f3gico","description":"","publisher":{"@id":"https:\/\/saltoecologico.es\/#organization"},"potentialAction":[{"@type":"SearchAction","target":{"@type":"EntryPoint","urlTemplate":"https:\/\/saltoecologico.es\/?s={search_term_string}"},"query-input":{"@type":"PropertyValueSpecification","valueRequired":true,"valueName":"search_term_string"}}],"inLanguage":"es"},{"@type":"Organization","@id":"https:\/\/saltoecologico.es\/#organization","name":"Salto a la Transici\u00f3n Ecol\u00f3gica","url":"https:\/\/saltoecologico.es\/","logo":{"@type":"ImageObject","inLanguage":"es","@id":"https:\/\/saltoecologico.es\/#\/schema\/logo\/image\/","url":"https:\/\/saltoecologico.es\/wp-content\/uploads\/2025\/04\/Logo-STE.jpg","contentUrl":"https:\/\/saltoecologico.es\/wp-content\/uploads\/2025\/04\/Logo-STE.jpg","width":435,"height":435,"caption":"Salto a la Transici\u00f3n Ecol\u00f3gica"},"image":{"@id":"https:\/\/saltoecologico.es\/#\/schema\/logo\/image\/"},"sameAs":["https:\/\/www.facebook.com\/Saltotransicionecologica"]},{"@type":"Person","@id":"https:\/\/saltoecologico.es\/#\/schema\/person\/7175eec4b3c123d86c675313c3a01a0b","name":"admin","image":{"@type":"ImageObject","inLanguage":"es","@id":"https:\/\/secure.gravatar.com\/avatar\/4c215dc57bbc7b2f2f470ac9bd197f3f112636a584e575a732d0206a2d9c9806?s=96&d=mm&r=g","url":"https:\/\/secure.gravatar.com\/avatar\/4c215dc57bbc7b2f2f470ac9bd197f3f112636a584e575a732d0206a2d9c9806?s=96&d=mm&r=g","contentUrl":"https:\/\/secure.gravatar.com\/avatar\/4c215dc57bbc7b2f2f470ac9bd197f3f112636a584e575a732d0206a2d9c9806?s=96&d=mm&r=g","caption":"admin"},"sameAs":["https:\/\/saltoecologico.es"],"url":"https:\/\/saltoecologico.es\/index.php\/author\/saltoecologico\/"}]}},"_links":{"self":[{"href":"https:\/\/saltoecologico.es\/index.php\/wp-json\/wp\/v2\/posts\/887","targetHints":{"allow":["GET"]}}],"collection":[{"href":"https:\/\/saltoecologico.es\/index.php\/wp-json\/wp\/v2\/posts"}],"about":[{"href":"https:\/\/saltoecologico.es\/index.php\/wp-json\/wp\/v2\/types\/post"}],"author":[{"embeddable":true,"href":"https:\/\/saltoecologico.es\/index.php\/wp-json\/wp\/v2\/users\/1"}],"replies":[{"embeddable":true,"href":"https:\/\/saltoecologico.es\/index.php\/wp-json\/wp\/v2\/comments?post=887"}],"version-history":[{"count":1,"href":"https:\/\/saltoecologico.es\/index.php\/wp-json\/wp\/v2\/posts\/887\/revisions"}],"predecessor-version":[{"id":889,"href":"https:\/\/saltoecologico.es\/index.php\/wp-json\/wp\/v2\/posts\/887\/revisions\/889"}],"wp:featuredmedia":[{"embeddable":true,"href":"https:\/\/saltoecologico.es\/index.php\/wp-json\/wp\/v2\/media\/888"}],"wp:attachment":[{"href":"https:\/\/saltoecologico.es\/index.php\/wp-json\/wp\/v2\/media?parent=887"}],"wp:term":[{"taxonomy":"category","embeddable":true,"href":"https:\/\/saltoecologico.es\/index.php\/wp-json\/wp\/v2\/categories?post=887"},{"taxonomy":"post_tag","embeddable":true,"href":"https:\/\/saltoecologico.es\/index.php\/wp-json\/wp\/v2\/tags?post=887"}],"curies":[{"name":"wp","href":"https:\/\/api.w.org\/{rel}","templated":true}]}}