{"id":890,"date":"2025-04-08T09:00:41","date_gmt":"2025-04-08T09:00:41","guid":{"rendered":"https:\/\/saltoecologico.es\/?p=890"},"modified":"2025-04-24T20:18:52","modified_gmt":"2025-04-24T20:18:52","slug":"las-ninas","status":"publish","type":"post","link":"https:\/\/saltoecologico.es\/index.php\/2025\/04\/08\/las-ninas\/","title":{"rendered":"Las Ni\u00f1as"},"content":{"rendered":"\n<p class=\"wp-block-paragraph\">La aprobaci\u00f3n del Plan Insular de Ordenaci\u00f3n (PIO) de Gran Canaria ha supuesto un antes y un despu\u00e9s en la forma de entender el territorio. Por primera vez, la ordenaci\u00f3n no solo habla de urbanismo, suelos o carreteras, sino que incorpora de lleno la cuesti\u00f3n energ\u00e9tica, que es, sin duda, uno de los grandes desaf\u00edos de nuestro tiempo. Y en este marco aparece, con una mezcla de ilusi\u00f3n y cautela, el nombre del embalse de Las Ni\u00f1as.<\/p>\n\n\n\n<p class=\"wp-block-paragraph\">No es un nombre cualquiera para quienes amamos esta isla. Las Ni\u00f1as es sin\u00f3nimo de paisaje, de escapadas, de infancia. Un lugar de agua serena y pinares altos, donde el tiempo parece ir m\u00e1s despacio. Pensar en ese rinc\u00f3n como parte de una estrategia para garantizar un futuro energ\u00e9tico m\u00e1s limpio puede, de entrada, sonar a sacrilegio. Pero si lo pensamos bien, quiz\u00e1 sea todo lo contrario: puede ser una forma de proteger lo que nos importa desde lo que necesitamos.<\/p>\n\n\n\n<p class=\"wp-block-paragraph\">La isla necesita cambiar su modelo energ\u00e9tico. No es una cuesti\u00f3n de ideolog\u00eda, sino de sentido com\u00fan. Dependemos en m\u00e1s de un 80% de combustibles f\u00f3siles importados, y eso nos hace vulnerables y nos obliga a pagar una factura demasiado alta, en euros y en emisiones. Tenemos sol, viento y conocimiento. Pero nos falta una pieza clave: c\u00f3mo almacenar esa energ\u00eda limpia cuando sobra, para usarla cuando hace falta.<\/p>\n\n\n\n<p class=\"wp-block-paragraph\">Las centrales hidroel\u00e9ctricas reversibles son una de las mejores respuestas que existen. No son nuevas, no son experimentales. Funcionan en medio mundo, y lo hacen bien. Consisten en dos embalses a distinta altura: cuando hay energ\u00eda sobrante, se bombea agua al embalse superior. Cuando se necesita, se deja caer y se genera electricidad. Sencillo, eficaz, duradero.<\/p>\n\n\n\n<p class=\"wp-block-paragraph\">Gran Canaria ya tiene en marcha un proyecto en esa l\u00ednea: el Salto de Chira, entre los embalses de Chira y Soria. Ser\u00e1 capaz de almacenar 3,5 GWh y producir 200 MW cuando se active, lo que cubrir\u00e1 buena parte de la demanda de la isla en momentos clave. Est\u00e1 previsto que entre en funcionamiento completo en 2027. Pero no deber\u00eda ser el \u00fanico.<\/p>\n\n\n\n<p class=\"wp-block-paragraph\">Las Ni\u00f1as est\u00e1 a unos 900 metros de altitud, en una zona con importantes diferencias de cota. A nivel t\u00e9cnico, eso es una bendici\u00f3n. La posibilidad de instalar una central reversible, con una potencia estimada en torno a los 80 o 100 MW, es real. El caudal y la altura est\u00e1n ah\u00ed. Faltar\u00eda buscar el punto adecuado para el embalse inferior, estudiar el terreno, calcular bien los vol\u00famenes y dise\u00f1ar una infraestructura que, adem\u00e1s de eficiente, sea respetuosa con el entorno. Porque ese es el otro gran reto: hacerlo bien.<\/p>\n\n\n\n<p class=\"wp-block-paragraph\">El Parque Rural del Nublo es un espacio de enorme valor natural y cultural. No se trata de construir por construir. Pero tampoco podemos caer en el inmovilismo. Con los medios adecuados, con di\u00e1logo, con transparencia, es posible plantear proyectos que a\u00famen la autosuficiencia energ\u00e9tica sin hipotecar el paisaje. No hay que elegir entre naturaleza y futuro. Se puede, y se debe, apostar por ambos.<\/p>\n\n\n\n<p class=\"wp-block-paragraph\">Tambi\u00e9n se est\u00e1n valorando otras opciones, como aprovechar las presas de la cuenca de La Aldea (Siberio, Parralillo, Caidero de Las Ni\u00f1as), o incluso instalar turbinas de peque\u00f1a escala en redes de agua urbana, como entre el dep\u00f3sito regulador de El Fondillo y la planta de Jin\u00e1mar. Ideas que, unas m\u00e1s grandes y otras m\u00e1s modestas, tienen algo en com\u00fan: buscan sumar. Y en esta transici\u00f3n, cada paso cuenta.<\/p>\n\n\n\n<p class=\"wp-block-paragraph\">La central reversible en Las Ni\u00f1as no est\u00e1 decidida. No hay planos ni excavadoras. Solo una posibilidad, una puerta entreabierta a algo que podr\u00eda ser importante. Por eso ahora es el momento de hablar, de preguntar, de dise\u00f1ar bien. De poner sobre la mesa los datos, los mapas, las dudas y los sue\u00f1os.<\/p>\n\n\n\n<p class=\"wp-block-paragraph\">Porque esta isla tiene mucho que perder si se queda quieta. Pero tiene mucho que ganar si camina con inteligencia y cuidado. Y quiz\u00e1, dentro de unos a\u00f1os, cuando veamos el agua subir por un tubo para volver a bajar convertida en luz limpia, recordemos que todo empez\u00f3 con una idea que pareci\u00f3 imposible. Como tantas otras que han cambiado el mundo.<\/p>\n","protected":false},"excerpt":{"rendered":"<p>La aprobaci\u00f3n del Plan Insular de Ordenaci\u00f3n (PIO) de Gran Canaria ha supuesto un antes y un despu\u00e9s en la forma de entender el territorio. Por primera vez, la ordenaci\u00f3n no solo habla de urbanismo, suelos o carreteras, sino que incorpora de lleno la cuesti\u00f3n energ\u00e9tica, que es, sin duda, uno de los grandes desaf\u00edos [&hellip;]<\/p>\n","protected":false},"author":1,"featured_media":891,"comment_status":"open","ping_status":"open","sticky":false,"template":"","format":"standard","meta":{"footnotes":""},"categories":[54,31],"tags":[],"class_list":["post-890","post","type-post","status-publish","format-standard","has-post-thumbnail","category-b_varios","category-bombeos"],"yoast_head":"<!-- This site is optimized with the Yoast SEO plugin v28.2 - https:\/\/yoast.com\/product\/yoast-seo-wordpress\/ -->\n<title>Las Ni\u00f1as - Salto Ecol\u00f3gico<\/title>\n<meta name=\"robots\" content=\"index, follow, max-snippet:-1, max-image-preview:large, max-video-preview:-1\" \/>\n<link rel=\"canonical\" href=\"https:\/\/saltoecologico.es\/index.php\/2025\/04\/08\/las-ninas\/\" \/>\n<meta property=\"og:locale\" content=\"es_ES\" \/>\n<meta property=\"og:type\" content=\"article\" \/>\n<meta property=\"og:title\" content=\"Las Ni\u00f1as - Salto Ecol\u00f3gico\" \/>\n<meta property=\"og:description\" content=\"La aprobaci\u00f3n del Plan Insular de Ordenaci\u00f3n (PIO) de Gran Canaria ha supuesto un antes y un despu\u00e9s en la forma de entender el territorio. Por primera vez, la ordenaci\u00f3n no solo habla de urbanismo, suelos o carreteras, sino que incorpora de lleno la cuesti\u00f3n energ\u00e9tica, que es, sin duda, uno de los grandes desaf\u00edos [&hellip;]\" \/>\n<meta property=\"og:url\" content=\"https:\/\/saltoecologico.es\/index.php\/2025\/04\/08\/las-ninas\/\" \/>\n<meta property=\"og:site_name\" content=\"Salto Ecol\u00f3gico\" \/>\n<meta property=\"article:publisher\" content=\"https:\/\/www.facebook.com\/Saltotransicionecologica\" \/>\n<meta property=\"article:published_time\" content=\"2025-04-08T09:00:41+00:00\" \/>\n<meta property=\"article:modified_time\" content=\"2025-04-24T20:18:52+00:00\" \/>\n<meta property=\"og:image\" content=\"https:\/\/saltoecologico.es\/wp-content\/uploads\/2025\/04\/Salto-29.jpg\" \/>\n\t<meta property=\"og:image:width\" content=\"1024\" \/>\n\t<meta property=\"og:image:height\" content=\"575\" \/>\n\t<meta property=\"og:image:type\" content=\"image\/jpeg\" \/>\n<meta name=\"author\" content=\"admin\" \/>\n<meta name=\"twitter:card\" content=\"summary_large_image\" \/>\n<meta name=\"twitter:label1\" content=\"Escrito por\" \/>\n\t<meta name=\"twitter:data1\" content=\"admin\" \/>\n\t<meta name=\"twitter:label2\" content=\"Tiempo de lectura\" \/>\n\t<meta name=\"twitter:data2\" content=\"4 minutos\" \/>\n<script type=\"application\/ld+json\" class=\"yoast-schema-graph\">{\"@context\":\"https:\\\/\\\/schema.org\",\"@graph\":[{\"@type\":\"Article\",\"@id\":\"https:\\\/\\\/saltoecologico.es\\\/index.php\\\/2025\\\/04\\\/08\\\/las-ninas\\\/#article\",\"isPartOf\":{\"@id\":\"https:\\\/\\\/saltoecologico.es\\\/index.php\\\/2025\\\/04\\\/08\\\/las-ninas\\\/\"},\"author\":{\"name\":\"admin\",\"@id\":\"https:\\\/\\\/saltoecologico.es\\\/#\\\/schema\\\/person\\\/7175eec4b3c123d86c675313c3a01a0b\"},\"headline\":\"Las Ni\u00f1as\",\"datePublished\":\"2025-04-08T09:00:41+00:00\",\"dateModified\":\"2025-04-24T20:18:52+00:00\",\"mainEntityOfPage\":{\"@id\":\"https:\\\/\\\/saltoecologico.es\\\/index.php\\\/2025\\\/04\\\/08\\\/las-ninas\\\/\"},\"wordCount\":735,\"commentCount\":0,\"publisher\":{\"@id\":\"https:\\\/\\\/saltoecologico.es\\\/#organization\"},\"image\":{\"@id\":\"https:\\\/\\\/saltoecologico.es\\\/index.php\\\/2025\\\/04\\\/08\\\/las-ninas\\\/#primaryimage\"},\"thumbnailUrl\":\"https:\\\/\\\/saltoecologico.es\\\/wp-content\\\/uploads\\\/2025\\\/04\\\/Salto-29.jpg\",\"articleSection\":[\"B_Varios\",\"Bombeos\"],\"inLanguage\":\"es\",\"potentialAction\":[{\"@type\":\"CommentAction\",\"name\":\"Comment\",\"target\":[\"https:\\\/\\\/saltoecologico.es\\\/index.php\\\/2025\\\/04\\\/08\\\/las-ninas\\\/#respond\"]}]},{\"@type\":\"WebPage\",\"@id\":\"https:\\\/\\\/saltoecologico.es\\\/index.php\\\/2025\\\/04\\\/08\\\/las-ninas\\\/\",\"url\":\"https:\\\/\\\/saltoecologico.es\\\/index.php\\\/2025\\\/04\\\/08\\\/las-ninas\\\/\",\"name\":\"Las Ni\u00f1as - Salto Ecol\u00f3gico\",\"isPartOf\":{\"@id\":\"https:\\\/\\\/saltoecologico.es\\\/#website\"},\"primaryImageOfPage\":{\"@id\":\"https:\\\/\\\/saltoecologico.es\\\/index.php\\\/2025\\\/04\\\/08\\\/las-ninas\\\/#primaryimage\"},\"image\":{\"@id\":\"https:\\\/\\\/saltoecologico.es\\\/index.php\\\/2025\\\/04\\\/08\\\/las-ninas\\\/#primaryimage\"},\"thumbnailUrl\":\"https:\\\/\\\/saltoecologico.es\\\/wp-content\\\/uploads\\\/2025\\\/04\\\/Salto-29.jpg\",\"datePublished\":\"2025-04-08T09:00:41+00:00\",\"dateModified\":\"2025-04-24T20:18:52+00:00\",\"breadcrumb\":{\"@id\":\"https:\\\/\\\/saltoecologico.es\\\/index.php\\\/2025\\\/04\\\/08\\\/las-ninas\\\/#breadcrumb\"},\"inLanguage\":\"es\",\"potentialAction\":[{\"@type\":\"ReadAction\",\"target\":[\"https:\\\/\\\/saltoecologico.es\\\/index.php\\\/2025\\\/04\\\/08\\\/las-ninas\\\/\"]}]},{\"@type\":\"ImageObject\",\"inLanguage\":\"es\",\"@id\":\"https:\\\/\\\/saltoecologico.es\\\/index.php\\\/2025\\\/04\\\/08\\\/las-ninas\\\/#primaryimage\",\"url\":\"https:\\\/\\\/saltoecologico.es\\\/wp-content\\\/uploads\\\/2025\\\/04\\\/Salto-29.jpg\",\"contentUrl\":\"https:\\\/\\\/saltoecologico.es\\\/wp-content\\\/uploads\\\/2025\\\/04\\\/Salto-29.jpg\",\"width\":1024,\"height\":575,\"caption\":\"A drone shot of the New Croton Reservoir and dam on a sunny day in autumn with a blue cloudy sky\"},{\"@type\":\"BreadcrumbList\",\"@id\":\"https:\\\/\\\/saltoecologico.es\\\/index.php\\\/2025\\\/04\\\/08\\\/las-ninas\\\/#breadcrumb\",\"itemListElement\":[{\"@type\":\"ListItem\",\"position\":1,\"name\":\"Portada\",\"item\":\"https:\\\/\\\/saltoecologico.es\\\/\"},{\"@type\":\"ListItem\",\"position\":2,\"name\":\"Las Ni\u00f1as\"}]},{\"@type\":\"WebSite\",\"@id\":\"https:\\\/\\\/saltoecologico.es\\\/#website\",\"url\":\"https:\\\/\\\/saltoecologico.es\\\/\",\"name\":\"Salto Ecol\u00f3gico\",\"description\":\"\",\"publisher\":{\"@id\":\"https:\\\/\\\/saltoecologico.es\\\/#organization\"},\"potentialAction\":[{\"@type\":\"SearchAction\",\"target\":{\"@type\":\"EntryPoint\",\"urlTemplate\":\"https:\\\/\\\/saltoecologico.es\\\/?s={search_term_string}\"},\"query-input\":{\"@type\":\"PropertyValueSpecification\",\"valueRequired\":true,\"valueName\":\"search_term_string\"}}],\"inLanguage\":\"es\"},{\"@type\":\"Organization\",\"@id\":\"https:\\\/\\\/saltoecologico.es\\\/#organization\",\"name\":\"Salto a la Transici\u00f3n Ecol\u00f3gica\",\"url\":\"https:\\\/\\\/saltoecologico.es\\\/\",\"logo\":{\"@type\":\"ImageObject\",\"inLanguage\":\"es\",\"@id\":\"https:\\\/\\\/saltoecologico.es\\\/#\\\/schema\\\/logo\\\/image\\\/\",\"url\":\"https:\\\/\\\/saltoecologico.es\\\/wp-content\\\/uploads\\\/2025\\\/04\\\/Logo-STE.jpg\",\"contentUrl\":\"https:\\\/\\\/saltoecologico.es\\\/wp-content\\\/uploads\\\/2025\\\/04\\\/Logo-STE.jpg\",\"width\":435,\"height\":435,\"caption\":\"Salto a la Transici\u00f3n Ecol\u00f3gica\"},\"image\":{\"@id\":\"https:\\\/\\\/saltoecologico.es\\\/#\\\/schema\\\/logo\\\/image\\\/\"},\"sameAs\":[\"https:\\\/\\\/www.facebook.com\\\/Saltotransicionecologica\"]},{\"@type\":\"Person\",\"@id\":\"https:\\\/\\\/saltoecologico.es\\\/#\\\/schema\\\/person\\\/7175eec4b3c123d86c675313c3a01a0b\",\"name\":\"admin\",\"image\":{\"@type\":\"ImageObject\",\"inLanguage\":\"es\",\"@id\":\"https:\\\/\\\/secure.gravatar.com\\\/avatar\\\/4c215dc57bbc7b2f2f470ac9bd197f3f112636a584e575a732d0206a2d9c9806?s=96&d=mm&r=g\",\"url\":\"https:\\\/\\\/secure.gravatar.com\\\/avatar\\\/4c215dc57bbc7b2f2f470ac9bd197f3f112636a584e575a732d0206a2d9c9806?s=96&d=mm&r=g\",\"contentUrl\":\"https:\\\/\\\/secure.gravatar.com\\\/avatar\\\/4c215dc57bbc7b2f2f470ac9bd197f3f112636a584e575a732d0206a2d9c9806?s=96&d=mm&r=g\",\"caption\":\"admin\"},\"sameAs\":[\"https:\\\/\\\/saltoecologico.es\"],\"url\":\"https:\\\/\\\/saltoecologico.es\\\/index.php\\\/author\\\/saltoecologico\\\/\"}]}<\/script>\n<!-- \/ Yoast SEO plugin. -->","yoast_head_json":{"title":"Las Ni\u00f1as - Salto Ecol\u00f3gico","robots":{"index":"index","follow":"follow","max-snippet":"max-snippet:-1","max-image-preview":"max-image-preview:large","max-video-preview":"max-video-preview:-1"},"canonical":"https:\/\/saltoecologico.es\/index.php\/2025\/04\/08\/las-ninas\/","og_locale":"es_ES","og_type":"article","og_title":"Las Ni\u00f1as - Salto Ecol\u00f3gico","og_description":"La aprobaci\u00f3n del Plan Insular de Ordenaci\u00f3n (PIO) de Gran Canaria ha supuesto un antes y un despu\u00e9s en la forma de entender el territorio. Por primera vez, la ordenaci\u00f3n no solo habla de urbanismo, suelos o carreteras, sino que incorpora de lleno la cuesti\u00f3n energ\u00e9tica, que es, sin duda, uno de los grandes desaf\u00edos [&hellip;]","og_url":"https:\/\/saltoecologico.es\/index.php\/2025\/04\/08\/las-ninas\/","og_site_name":"Salto Ecol\u00f3gico","article_publisher":"https:\/\/www.facebook.com\/Saltotransicionecologica","article_published_time":"2025-04-08T09:00:41+00:00","article_modified_time":"2025-04-24T20:18:52+00:00","og_image":[{"width":1024,"height":575,"url":"https:\/\/saltoecologico.es\/wp-content\/uploads\/2025\/04\/Salto-29.jpg","type":"image\/jpeg"}],"author":"admin","twitter_card":"summary_large_image","twitter_misc":{"Escrito por":"admin","Tiempo de lectura":"4 minutos"},"schema":{"@context":"https:\/\/schema.org","@graph":[{"@type":"Article","@id":"https:\/\/saltoecologico.es\/index.php\/2025\/04\/08\/las-ninas\/#article","isPartOf":{"@id":"https:\/\/saltoecologico.es\/index.php\/2025\/04\/08\/las-ninas\/"},"author":{"name":"admin","@id":"https:\/\/saltoecologico.es\/#\/schema\/person\/7175eec4b3c123d86c675313c3a01a0b"},"headline":"Las Ni\u00f1as","datePublished":"2025-04-08T09:00:41+00:00","dateModified":"2025-04-24T20:18:52+00:00","mainEntityOfPage":{"@id":"https:\/\/saltoecologico.es\/index.php\/2025\/04\/08\/las-ninas\/"},"wordCount":735,"commentCount":0,"publisher":{"@id":"https:\/\/saltoecologico.es\/#organization"},"image":{"@id":"https:\/\/saltoecologico.es\/index.php\/2025\/04\/08\/las-ninas\/#primaryimage"},"thumbnailUrl":"https:\/\/saltoecologico.es\/wp-content\/uploads\/2025\/04\/Salto-29.jpg","articleSection":["B_Varios","Bombeos"],"inLanguage":"es","potentialAction":[{"@type":"CommentAction","name":"Comment","target":["https:\/\/saltoecologico.es\/index.php\/2025\/04\/08\/las-ninas\/#respond"]}]},{"@type":"WebPage","@id":"https:\/\/saltoecologico.es\/index.php\/2025\/04\/08\/las-ninas\/","url":"https:\/\/saltoecologico.es\/index.php\/2025\/04\/08\/las-ninas\/","name":"Las Ni\u00f1as - Salto Ecol\u00f3gico","isPartOf":{"@id":"https:\/\/saltoecologico.es\/#website"},"primaryImageOfPage":{"@id":"https:\/\/saltoecologico.es\/index.php\/2025\/04\/08\/las-ninas\/#primaryimage"},"image":{"@id":"https:\/\/saltoecologico.es\/index.php\/2025\/04\/08\/las-ninas\/#primaryimage"},"thumbnailUrl":"https:\/\/saltoecologico.es\/wp-content\/uploads\/2025\/04\/Salto-29.jpg","datePublished":"2025-04-08T09:00:41+00:00","dateModified":"2025-04-24T20:18:52+00:00","breadcrumb":{"@id":"https:\/\/saltoecologico.es\/index.php\/2025\/04\/08\/las-ninas\/#breadcrumb"},"inLanguage":"es","potentialAction":[{"@type":"ReadAction","target":["https:\/\/saltoecologico.es\/index.php\/2025\/04\/08\/las-ninas\/"]}]},{"@type":"ImageObject","inLanguage":"es","@id":"https:\/\/saltoecologico.es\/index.php\/2025\/04\/08\/las-ninas\/#primaryimage","url":"https:\/\/saltoecologico.es\/wp-content\/uploads\/2025\/04\/Salto-29.jpg","contentUrl":"https:\/\/saltoecologico.es\/wp-content\/uploads\/2025\/04\/Salto-29.jpg","width":1024,"height":575,"caption":"A drone shot of the New Croton Reservoir and dam on a sunny day in autumn with a blue cloudy sky"},{"@type":"BreadcrumbList","@id":"https:\/\/saltoecologico.es\/index.php\/2025\/04\/08\/las-ninas\/#breadcrumb","itemListElement":[{"@type":"ListItem","position":1,"name":"Portada","item":"https:\/\/saltoecologico.es\/"},{"@type":"ListItem","position":2,"name":"Las Ni\u00f1as"}]},{"@type":"WebSite","@id":"https:\/\/saltoecologico.es\/#website","url":"https:\/\/saltoecologico.es\/","name":"Salto Ecol\u00f3gico","description":"","publisher":{"@id":"https:\/\/saltoecologico.es\/#organization"},"potentialAction":[{"@type":"SearchAction","target":{"@type":"EntryPoint","urlTemplate":"https:\/\/saltoecologico.es\/?s={search_term_string}"},"query-input":{"@type":"PropertyValueSpecification","valueRequired":true,"valueName":"search_term_string"}}],"inLanguage":"es"},{"@type":"Organization","@id":"https:\/\/saltoecologico.es\/#organization","name":"Salto a la Transici\u00f3n Ecol\u00f3gica","url":"https:\/\/saltoecologico.es\/","logo":{"@type":"ImageObject","inLanguage":"es","@id":"https:\/\/saltoecologico.es\/#\/schema\/logo\/image\/","url":"https:\/\/saltoecologico.es\/wp-content\/uploads\/2025\/04\/Logo-STE.jpg","contentUrl":"https:\/\/saltoecologico.es\/wp-content\/uploads\/2025\/04\/Logo-STE.jpg","width":435,"height":435,"caption":"Salto a la Transici\u00f3n Ecol\u00f3gica"},"image":{"@id":"https:\/\/saltoecologico.es\/#\/schema\/logo\/image\/"},"sameAs":["https:\/\/www.facebook.com\/Saltotransicionecologica"]},{"@type":"Person","@id":"https:\/\/saltoecologico.es\/#\/schema\/person\/7175eec4b3c123d86c675313c3a01a0b","name":"admin","image":{"@type":"ImageObject","inLanguage":"es","@id":"https:\/\/secure.gravatar.com\/avatar\/4c215dc57bbc7b2f2f470ac9bd197f3f112636a584e575a732d0206a2d9c9806?s=96&d=mm&r=g","url":"https:\/\/secure.gravatar.com\/avatar\/4c215dc57bbc7b2f2f470ac9bd197f3f112636a584e575a732d0206a2d9c9806?s=96&d=mm&r=g","contentUrl":"https:\/\/secure.gravatar.com\/avatar\/4c215dc57bbc7b2f2f470ac9bd197f3f112636a584e575a732d0206a2d9c9806?s=96&d=mm&r=g","caption":"admin"},"sameAs":["https:\/\/saltoecologico.es"],"url":"https:\/\/saltoecologico.es\/index.php\/author\/saltoecologico\/"}]}},"_links":{"self":[{"href":"https:\/\/saltoecologico.es\/index.php\/wp-json\/wp\/v2\/posts\/890","targetHints":{"allow":["GET"]}}],"collection":[{"href":"https:\/\/saltoecologico.es\/index.php\/wp-json\/wp\/v2\/posts"}],"about":[{"href":"https:\/\/saltoecologico.es\/index.php\/wp-json\/wp\/v2\/types\/post"}],"author":[{"embeddable":true,"href":"https:\/\/saltoecologico.es\/index.php\/wp-json\/wp\/v2\/users\/1"}],"replies":[{"embeddable":true,"href":"https:\/\/saltoecologico.es\/index.php\/wp-json\/wp\/v2\/comments?post=890"}],"version-history":[{"count":1,"href":"https:\/\/saltoecologico.es\/index.php\/wp-json\/wp\/v2\/posts\/890\/revisions"}],"predecessor-version":[{"id":892,"href":"https:\/\/saltoecologico.es\/index.php\/wp-json\/wp\/v2\/posts\/890\/revisions\/892"}],"wp:featuredmedia":[{"embeddable":true,"href":"https:\/\/saltoecologico.es\/index.php\/wp-json\/wp\/v2\/media\/891"}],"wp:attachment":[{"href":"https:\/\/saltoecologico.es\/index.php\/wp-json\/wp\/v2\/media?parent=890"}],"wp:term":[{"taxonomy":"category","embeddable":true,"href":"https:\/\/saltoecologico.es\/index.php\/wp-json\/wp\/v2\/categories?post=890"},{"taxonomy":"post_tag","embeddable":true,"href":"https:\/\/saltoecologico.es\/index.php\/wp-json\/wp\/v2\/tags?post=890"}],"curies":[{"name":"wp","href":"https:\/\/api.w.org\/{rel}","templated":true}]}}