{"id":925,"date":"2025-04-21T14:50:03","date_gmt":"2025-04-21T14:50:03","guid":{"rendered":"https:\/\/saltoecologico.es\/?p=925"},"modified":"2025-04-21T14:51:00","modified_gmt":"2025-04-21T14:51:00","slug":"motores-en-silencio","status":"publish","type":"post","link":"https:\/\/saltoecologico.es\/index.php\/2025\/04\/21\/motores-en-silencio\/","title":{"rendered":"Motores en silencio"},"content":{"rendered":"\n<h3 class=\"wp-block-heading\"><strong>El silencio de los motores<\/strong><\/h3>\n\n\n\n<p class=\"wp-block-paragraph\">Esta semana, el <strong>Bolet\u00edn Oficial del Estado<\/strong> ha hecho oficial lo que muchos tem\u00edamos en silencio: <strong>los puertos de inter\u00e9s general de Canarias quedan exentos, de forma temporal, del cumplimiento del reglamento europeo que obliga a reducir las emisiones contaminantes en el transporte mar\u00edtimo<\/strong>. Una decisi\u00f3n que, aunque legalmente encuadrada en el concepto de <strong>\u201cregi\u00f3n ultraperif\u00e9rica\u201d<\/strong>, <strong>nos coloca, una vez m\u00e1s, en los m\u00e1rgenes de la ambici\u00f3n clim\u00e1tica europea<\/strong>.<\/p>\n\n\n\n<p class=\"wp-block-paragraph\"><strong>Los barcos de m\u00e1s de 5.000 toneladas que lleguen a nuestros puertos seguir\u00e1n funcionando con motores f\u00f3siles incluso estando atracados<\/strong>, mientras en otros lugares de Europa, de norte a sur, de este a oeste, <strong>ya se les exige conectarse a la red el\u00e9ctrica del puerto o emplear tecnolog\u00edas de emisi\u00f3n cero<\/strong>. Aqu\u00ed, en nuestras costas, <strong>seguir\u00e1 escuch\u00e1ndose el murmullo constante y t\u00f3xico de los generadores quemando fuel\u00f3leo<\/strong>.<\/p>\n\n\n\n<p class=\"wp-block-paragraph\">Y la pregunta que flota en el aire, como el humo de esos motores, es simple y amarga: <strong>\u00bfpor qu\u00e9?<\/strong><\/p>\n\n\n\n<p class=\"wp-block-paragraph\">Entendemos, por supuesto, <strong>las particularidades log\u00edsticas y econ\u00f3micas que supone operar en un territorio fragmentado, insular y alejado del continente<\/strong>. Pero <strong>no debemos confundir \u201cexcepcionalidad\u201d con \u201cexcusa\u201d<\/strong>. <strong>Canarias no puede permitirse quedarse rezagada en la lucha contra el cambio clim\u00e1tico<\/strong>. <strong>No por razones ideol\u00f3gicas, sino por pura supervivencia<\/strong>.<\/p>\n\n\n\n<p class=\"wp-block-paragraph\"><strong>El cambio clim\u00e1tico no es un futuro hipot\u00e9tico para este archipi\u00e9lago. Es una realidad diaria.<\/strong> Lo vemos en <strong>los incendios forestales m\u00e1s agresivos, en las sequ\u00edas m\u00e1s prolongadas, en el estr\u00e9s h\u00eddrico que se acent\u00faa, en el calentamiento de nuestras aguas marinas que altera los ecosistemas de manera irreversible<\/strong>. <strong>Necesitamos actuar con m\u00e1s determinaci\u00f3n, no con menos<\/strong>.<\/p>\n\n\n\n<p class=\"wp-block-paragraph\">Una de las medidas m\u00e1s eficaces para reducir la huella ambiental de los puertos es el llamado <strong>cold ironing<\/strong>: permitir que <strong>los buques apaguen sus motores y se conecten a la red el\u00e9ctrica terrestre<\/strong>. Esto <strong>no solo reduce las emisiones de gases de efecto invernadero<\/strong>, sino tambi\u00e9n <strong>la contaminaci\u00f3n ac\u00fastica y atmosf\u00e9rica en las ciudades portuarias<\/strong>. <strong>Imaginemos un puerto sin el zumbido constante del di\u00e9sel, sin el olor acre del combustible, con un aire m\u00e1s limpio para respirar<\/strong>. <strong>Eso no es un lujo europeo; es una necesidad canaria<\/strong>.<\/p>\n\n\n\n<p class=\"wp-block-paragraph\">Sin embargo, <strong>al quedar exentos de esta obligaci\u00f3n<\/strong>, \u00bf<strong>qu\u00e9 incentivo tienen ahora nuestras autoridades portuarias para avanzar en la electrificaci\u00f3n<\/strong>? \u00bf<strong>Qui\u00e9n invertir\u00e1 en las infraestructuras necesarias si no hay una exigencia legal que lo respalde<\/strong>?<\/p>\n\n\n\n<p class=\"wp-block-paragraph\">Algunos defender\u00e1n esta exenci\u00f3n como una medida prudente, que <strong>protege la competitividad de nuestros puertos frente a sobrecostes que podr\u00edan derivarse de la transici\u00f3n<\/strong>. Pero <strong>debemos rechazar ese falso dilema<\/strong>. <strong>La transici\u00f3n ecol\u00f3gica no es un coste: es una inversi\u00f3n<\/strong>. <strong>Cada euro que se destina hoy a reducir emisiones es un euro que ma\u00f1ana no gastaremos en mitigar desastres, en tratar enfermedades respiratorias, en recuperar ecosistemas destruidos<\/strong>.<\/p>\n\n\n\n<p class=\"wp-block-paragraph\">Adem\u00e1s, <strong>el liderazgo ambiental tambi\u00e9n atrae inversi\u00f3n, talento y turismo de calidad<\/strong>. <strong>Ser un referente en sostenibilidad portuaria no es una carga: es una bandera que deber\u00edamos querer ondear con orgullo<\/strong>.<\/p>\n\n\n\n<p class=\"wp-block-paragraph\">La exenci\u00f3n es, por ahora, <strong>temporal<\/strong>. Pero la experiencia nos dice que muchas medidas <strong>\u201ctemporales\u201d se vuelven estructurales por inercia<\/strong>. Y eso es precisamente <strong>lo que no nos podemos permitir<\/strong>. <strong>El tiempo corre en nuestra contra<\/strong>. <strong>Cada a\u00f1o que retrasamos la descarbonizaci\u00f3n de nuestras infraestructuras es un a\u00f1o en que hipotecamos el bienestar de las generaciones futuras<\/strong>.<\/p>\n\n\n\n<p class=\"wp-block-paragraph\"><strong>No podemos permitir que los motores sigan rugiendo por simple comodidad institucional o por temor a incomodar a los grandes operadores mar\u00edtimos<\/strong>. <strong>No es justo. No es responsable. No es digno de un territorio que aspira a ser vanguardia en energ\u00edas limpias<\/strong>.<\/p>\n\n\n\n<p class=\"wp-block-paragraph\"><strong>Ojal\u00e1 esta decisi\u00f3n no sea el fin del camino, sino apenas un desv\u00edo<\/strong>. <strong>Ojal\u00e1 las administraciones p\u00fablicas de Canarias, sus autoridades portuarias y su ciudadan\u00eda sepan ver m\u00e1s all\u00e1 del BOE<\/strong>, y comprendan que <strong>el verdadero futuro, el que merecen nuestras islas, se construye con valent\u00eda, con visi\u00f3n y con respeto profundo por la Tierra que habitamos<\/strong>.<\/p>\n\n\n\n<p class=\"wp-block-paragraph\">Porque <strong>el verdadero progreso no hace ruido<\/strong>. <strong>Es silencioso como un barco atracado que respira electricidad limpia<\/strong>. Y ese silencio, amigos, <strong>es el que deber\u00edamos estar escuchando ya<\/strong>.<\/p>\n\n\n\n<hr class=\"wp-block-separator has-alpha-channel-opacity\"\/>\n\n\n\n<p class=\"wp-block-paragraph\"><\/p>\n","protected":false},"excerpt":{"rendered":"<p>El silencio de los motores Esta semana, el Bolet\u00edn Oficial del Estado ha hecho oficial lo que muchos tem\u00edamos en silencio: los puertos de inter\u00e9s general de Canarias quedan exentos, de forma temporal, del cumplimiento del reglamento europeo que obliga a reducir las emisiones contaminantes en el transporte mar\u00edtimo. Una decisi\u00f3n que, aunque legalmente encuadrada [&hellip;]<\/p>\n","protected":false},"author":1,"featured_media":926,"comment_status":"open","ping_status":"open","sticky":false,"template":"","format":"standard","meta":{"footnotes":""},"categories":[55],"tags":[],"class_list":["post-925","post","type-post","status-publish","format-standard","has-post-thumbnail","category-general"],"yoast_head":"<!-- This site is optimized with the Yoast SEO plugin v28.2 - https:\/\/yoast.com\/product\/yoast-seo-wordpress\/ -->\n<title>Motores en silencio - Salto Ecol\u00f3gico<\/title>\n<meta name=\"robots\" content=\"index, follow, max-snippet:-1, max-image-preview:large, max-video-preview:-1\" \/>\n<link rel=\"canonical\" href=\"https:\/\/saltoecologico.es\/index.php\/2025\/04\/21\/motores-en-silencio\/\" \/>\n<meta property=\"og:locale\" content=\"es_ES\" \/>\n<meta property=\"og:type\" content=\"article\" \/>\n<meta property=\"og:title\" content=\"Motores en silencio - Salto Ecol\u00f3gico\" \/>\n<meta property=\"og:description\" content=\"El silencio de los motores Esta semana, el Bolet\u00edn Oficial del Estado ha hecho oficial lo que muchos tem\u00edamos en silencio: los puertos de inter\u00e9s general de Canarias quedan exentos, de forma temporal, del cumplimiento del reglamento europeo que obliga a reducir las emisiones contaminantes en el transporte mar\u00edtimo. Una decisi\u00f3n que, aunque legalmente encuadrada [&hellip;]\" \/>\n<meta property=\"og:url\" content=\"https:\/\/saltoecologico.es\/index.php\/2025\/04\/21\/motores-en-silencio\/\" \/>\n<meta property=\"og:site_name\" content=\"Salto Ecol\u00f3gico\" \/>\n<meta property=\"article:publisher\" content=\"https:\/\/www.facebook.com\/Saltotransicionecologica\" \/>\n<meta property=\"article:published_time\" content=\"2025-04-21T14:50:03+00:00\" \/>\n<meta property=\"article:modified_time\" content=\"2025-04-21T14:51:00+00:00\" \/>\n<meta property=\"og:image\" content=\"https:\/\/saltoecologico.es\/wp-content\/uploads\/2025\/04\/Muelle.jpg\" \/>\n\t<meta property=\"og:image:width\" content=\"1024\" \/>\n\t<meta property=\"og:image:height\" content=\"683\" \/>\n\t<meta property=\"og:image:type\" content=\"image\/jpeg\" \/>\n<meta name=\"author\" content=\"admin\" \/>\n<meta name=\"twitter:card\" content=\"summary_large_image\" \/>\n<meta name=\"twitter:label1\" content=\"Escrito por\" \/>\n\t<meta name=\"twitter:data1\" content=\"admin\" \/>\n\t<meta name=\"twitter:label2\" content=\"Tiempo de lectura\" \/>\n\t<meta name=\"twitter:data2\" content=\"4 minutos\" \/>\n<script type=\"application\/ld+json\" class=\"yoast-schema-graph\">{\"@context\":\"https:\\\/\\\/schema.org\",\"@graph\":[{\"@type\":\"Article\",\"@id\":\"https:\\\/\\\/saltoecologico.es\\\/index.php\\\/2025\\\/04\\\/21\\\/motores-en-silencio\\\/#article\",\"isPartOf\":{\"@id\":\"https:\\\/\\\/saltoecologico.es\\\/index.php\\\/2025\\\/04\\\/21\\\/motores-en-silencio\\\/\"},\"author\":{\"name\":\"admin\",\"@id\":\"https:\\\/\\\/saltoecologico.es\\\/#\\\/schema\\\/person\\\/7175eec4b3c123d86c675313c3a01a0b\"},\"headline\":\"Motores en silencio\",\"datePublished\":\"2025-04-21T14:50:03+00:00\",\"dateModified\":\"2025-04-21T14:51:00+00:00\",\"mainEntityOfPage\":{\"@id\":\"https:\\\/\\\/saltoecologico.es\\\/index.php\\\/2025\\\/04\\\/21\\\/motores-en-silencio\\\/\"},\"wordCount\":745,\"commentCount\":0,\"publisher\":{\"@id\":\"https:\\\/\\\/saltoecologico.es\\\/#organization\"},\"image\":{\"@id\":\"https:\\\/\\\/saltoecologico.es\\\/index.php\\\/2025\\\/04\\\/21\\\/motores-en-silencio\\\/#primaryimage\"},\"thumbnailUrl\":\"https:\\\/\\\/saltoecologico.es\\\/wp-content\\\/uploads\\\/2025\\\/04\\\/Muelle.jpg\",\"articleSection\":[\"General\"],\"inLanguage\":\"es\",\"potentialAction\":[{\"@type\":\"CommentAction\",\"name\":\"Comment\",\"target\":[\"https:\\\/\\\/saltoecologico.es\\\/index.php\\\/2025\\\/04\\\/21\\\/motores-en-silencio\\\/#respond\"]}]},{\"@type\":\"WebPage\",\"@id\":\"https:\\\/\\\/saltoecologico.es\\\/index.php\\\/2025\\\/04\\\/21\\\/motores-en-silencio\\\/\",\"url\":\"https:\\\/\\\/saltoecologico.es\\\/index.php\\\/2025\\\/04\\\/21\\\/motores-en-silencio\\\/\",\"name\":\"Motores en silencio - Salto Ecol\u00f3gico\",\"isPartOf\":{\"@id\":\"https:\\\/\\\/saltoecologico.es\\\/#website\"},\"primaryImageOfPage\":{\"@id\":\"https:\\\/\\\/saltoecologico.es\\\/index.php\\\/2025\\\/04\\\/21\\\/motores-en-silencio\\\/#primaryimage\"},\"image\":{\"@id\":\"https:\\\/\\\/saltoecologico.es\\\/index.php\\\/2025\\\/04\\\/21\\\/motores-en-silencio\\\/#primaryimage\"},\"thumbnailUrl\":\"https:\\\/\\\/saltoecologico.es\\\/wp-content\\\/uploads\\\/2025\\\/04\\\/Muelle.jpg\",\"datePublished\":\"2025-04-21T14:50:03+00:00\",\"dateModified\":\"2025-04-21T14:51:00+00:00\",\"breadcrumb\":{\"@id\":\"https:\\\/\\\/saltoecologico.es\\\/index.php\\\/2025\\\/04\\\/21\\\/motores-en-silencio\\\/#breadcrumb\"},\"inLanguage\":\"es\",\"potentialAction\":[{\"@type\":\"ReadAction\",\"target\":[\"https:\\\/\\\/saltoecologico.es\\\/index.php\\\/2025\\\/04\\\/21\\\/motores-en-silencio\\\/\"]}]},{\"@type\":\"ImageObject\",\"inLanguage\":\"es\",\"@id\":\"https:\\\/\\\/saltoecologico.es\\\/index.php\\\/2025\\\/04\\\/21\\\/motores-en-silencio\\\/#primaryimage\",\"url\":\"https:\\\/\\\/saltoecologico.es\\\/wp-content\\\/uploads\\\/2025\\\/04\\\/Muelle.jpg\",\"contentUrl\":\"https:\\\/\\\/saltoecologico.es\\\/wp-content\\\/uploads\\\/2025\\\/04\\\/Muelle.jpg\",\"width\":1024,\"height\":683},{\"@type\":\"BreadcrumbList\",\"@id\":\"https:\\\/\\\/saltoecologico.es\\\/index.php\\\/2025\\\/04\\\/21\\\/motores-en-silencio\\\/#breadcrumb\",\"itemListElement\":[{\"@type\":\"ListItem\",\"position\":1,\"name\":\"Portada\",\"item\":\"https:\\\/\\\/saltoecologico.es\\\/\"},{\"@type\":\"ListItem\",\"position\":2,\"name\":\"Motores en silencio\"}]},{\"@type\":\"WebSite\",\"@id\":\"https:\\\/\\\/saltoecologico.es\\\/#website\",\"url\":\"https:\\\/\\\/saltoecologico.es\\\/\",\"name\":\"Salto Ecol\u00f3gico\",\"description\":\"\",\"publisher\":{\"@id\":\"https:\\\/\\\/saltoecologico.es\\\/#organization\"},\"potentialAction\":[{\"@type\":\"SearchAction\",\"target\":{\"@type\":\"EntryPoint\",\"urlTemplate\":\"https:\\\/\\\/saltoecologico.es\\\/?s={search_term_string}\"},\"query-input\":{\"@type\":\"PropertyValueSpecification\",\"valueRequired\":true,\"valueName\":\"search_term_string\"}}],\"inLanguage\":\"es\"},{\"@type\":\"Organization\",\"@id\":\"https:\\\/\\\/saltoecologico.es\\\/#organization\",\"name\":\"Salto a la Transici\u00f3n Ecol\u00f3gica\",\"url\":\"https:\\\/\\\/saltoecologico.es\\\/\",\"logo\":{\"@type\":\"ImageObject\",\"inLanguage\":\"es\",\"@id\":\"https:\\\/\\\/saltoecologico.es\\\/#\\\/schema\\\/logo\\\/image\\\/\",\"url\":\"https:\\\/\\\/saltoecologico.es\\\/wp-content\\\/uploads\\\/2025\\\/04\\\/Logo-STE.jpg\",\"contentUrl\":\"https:\\\/\\\/saltoecologico.es\\\/wp-content\\\/uploads\\\/2025\\\/04\\\/Logo-STE.jpg\",\"width\":435,\"height\":435,\"caption\":\"Salto a la Transici\u00f3n Ecol\u00f3gica\"},\"image\":{\"@id\":\"https:\\\/\\\/saltoecologico.es\\\/#\\\/schema\\\/logo\\\/image\\\/\"},\"sameAs\":[\"https:\\\/\\\/www.facebook.com\\\/Saltotransicionecologica\"]},{\"@type\":\"Person\",\"@id\":\"https:\\\/\\\/saltoecologico.es\\\/#\\\/schema\\\/person\\\/7175eec4b3c123d86c675313c3a01a0b\",\"name\":\"admin\",\"image\":{\"@type\":\"ImageObject\",\"inLanguage\":\"es\",\"@id\":\"https:\\\/\\\/secure.gravatar.com\\\/avatar\\\/4c215dc57bbc7b2f2f470ac9bd197f3f112636a584e575a732d0206a2d9c9806?s=96&d=mm&r=g\",\"url\":\"https:\\\/\\\/secure.gravatar.com\\\/avatar\\\/4c215dc57bbc7b2f2f470ac9bd197f3f112636a584e575a732d0206a2d9c9806?s=96&d=mm&r=g\",\"contentUrl\":\"https:\\\/\\\/secure.gravatar.com\\\/avatar\\\/4c215dc57bbc7b2f2f470ac9bd197f3f112636a584e575a732d0206a2d9c9806?s=96&d=mm&r=g\",\"caption\":\"admin\"},\"sameAs\":[\"https:\\\/\\\/saltoecologico.es\"],\"url\":\"https:\\\/\\\/saltoecologico.es\\\/index.php\\\/author\\\/saltoecologico\\\/\"}]}<\/script>\n<!-- \/ Yoast SEO plugin. -->","yoast_head_json":{"title":"Motores en silencio - Salto Ecol\u00f3gico","robots":{"index":"index","follow":"follow","max-snippet":"max-snippet:-1","max-image-preview":"max-image-preview:large","max-video-preview":"max-video-preview:-1"},"canonical":"https:\/\/saltoecologico.es\/index.php\/2025\/04\/21\/motores-en-silencio\/","og_locale":"es_ES","og_type":"article","og_title":"Motores en silencio - Salto Ecol\u00f3gico","og_description":"El silencio de los motores Esta semana, el Bolet\u00edn Oficial del Estado ha hecho oficial lo que muchos tem\u00edamos en silencio: los puertos de inter\u00e9s general de Canarias quedan exentos, de forma temporal, del cumplimiento del reglamento europeo que obliga a reducir las emisiones contaminantes en el transporte mar\u00edtimo. Una decisi\u00f3n que, aunque legalmente encuadrada [&hellip;]","og_url":"https:\/\/saltoecologico.es\/index.php\/2025\/04\/21\/motores-en-silencio\/","og_site_name":"Salto Ecol\u00f3gico","article_publisher":"https:\/\/www.facebook.com\/Saltotransicionecologica","article_published_time":"2025-04-21T14:50:03+00:00","article_modified_time":"2025-04-21T14:51:00+00:00","og_image":[{"width":1024,"height":683,"url":"https:\/\/saltoecologico.es\/wp-content\/uploads\/2025\/04\/Muelle.jpg","type":"image\/jpeg"}],"author":"admin","twitter_card":"summary_large_image","twitter_misc":{"Escrito por":"admin","Tiempo de lectura":"4 minutos"},"schema":{"@context":"https:\/\/schema.org","@graph":[{"@type":"Article","@id":"https:\/\/saltoecologico.es\/index.php\/2025\/04\/21\/motores-en-silencio\/#article","isPartOf":{"@id":"https:\/\/saltoecologico.es\/index.php\/2025\/04\/21\/motores-en-silencio\/"},"author":{"name":"admin","@id":"https:\/\/saltoecologico.es\/#\/schema\/person\/7175eec4b3c123d86c675313c3a01a0b"},"headline":"Motores en silencio","datePublished":"2025-04-21T14:50:03+00:00","dateModified":"2025-04-21T14:51:00+00:00","mainEntityOfPage":{"@id":"https:\/\/saltoecologico.es\/index.php\/2025\/04\/21\/motores-en-silencio\/"},"wordCount":745,"commentCount":0,"publisher":{"@id":"https:\/\/saltoecologico.es\/#organization"},"image":{"@id":"https:\/\/saltoecologico.es\/index.php\/2025\/04\/21\/motores-en-silencio\/#primaryimage"},"thumbnailUrl":"https:\/\/saltoecologico.es\/wp-content\/uploads\/2025\/04\/Muelle.jpg","articleSection":["General"],"inLanguage":"es","potentialAction":[{"@type":"CommentAction","name":"Comment","target":["https:\/\/saltoecologico.es\/index.php\/2025\/04\/21\/motores-en-silencio\/#respond"]}]},{"@type":"WebPage","@id":"https:\/\/saltoecologico.es\/index.php\/2025\/04\/21\/motores-en-silencio\/","url":"https:\/\/saltoecologico.es\/index.php\/2025\/04\/21\/motores-en-silencio\/","name":"Motores en silencio - Salto Ecol\u00f3gico","isPartOf":{"@id":"https:\/\/saltoecologico.es\/#website"},"primaryImageOfPage":{"@id":"https:\/\/saltoecologico.es\/index.php\/2025\/04\/21\/motores-en-silencio\/#primaryimage"},"image":{"@id":"https:\/\/saltoecologico.es\/index.php\/2025\/04\/21\/motores-en-silencio\/#primaryimage"},"thumbnailUrl":"https:\/\/saltoecologico.es\/wp-content\/uploads\/2025\/04\/Muelle.jpg","datePublished":"2025-04-21T14:50:03+00:00","dateModified":"2025-04-21T14:51:00+00:00","breadcrumb":{"@id":"https:\/\/saltoecologico.es\/index.php\/2025\/04\/21\/motores-en-silencio\/#breadcrumb"},"inLanguage":"es","potentialAction":[{"@type":"ReadAction","target":["https:\/\/saltoecologico.es\/index.php\/2025\/04\/21\/motores-en-silencio\/"]}]},{"@type":"ImageObject","inLanguage":"es","@id":"https:\/\/saltoecologico.es\/index.php\/2025\/04\/21\/motores-en-silencio\/#primaryimage","url":"https:\/\/saltoecologico.es\/wp-content\/uploads\/2025\/04\/Muelle.jpg","contentUrl":"https:\/\/saltoecologico.es\/wp-content\/uploads\/2025\/04\/Muelle.jpg","width":1024,"height":683},{"@type":"BreadcrumbList","@id":"https:\/\/saltoecologico.es\/index.php\/2025\/04\/21\/motores-en-silencio\/#breadcrumb","itemListElement":[{"@type":"ListItem","position":1,"name":"Portada","item":"https:\/\/saltoecologico.es\/"},{"@type":"ListItem","position":2,"name":"Motores en silencio"}]},{"@type":"WebSite","@id":"https:\/\/saltoecologico.es\/#website","url":"https:\/\/saltoecologico.es\/","name":"Salto Ecol\u00f3gico","description":"","publisher":{"@id":"https:\/\/saltoecologico.es\/#organization"},"potentialAction":[{"@type":"SearchAction","target":{"@type":"EntryPoint","urlTemplate":"https:\/\/saltoecologico.es\/?s={search_term_string}"},"query-input":{"@type":"PropertyValueSpecification","valueRequired":true,"valueName":"search_term_string"}}],"inLanguage":"es"},{"@type":"Organization","@id":"https:\/\/saltoecologico.es\/#organization","name":"Salto a la Transici\u00f3n Ecol\u00f3gica","url":"https:\/\/saltoecologico.es\/","logo":{"@type":"ImageObject","inLanguage":"es","@id":"https:\/\/saltoecologico.es\/#\/schema\/logo\/image\/","url":"https:\/\/saltoecologico.es\/wp-content\/uploads\/2025\/04\/Logo-STE.jpg","contentUrl":"https:\/\/saltoecologico.es\/wp-content\/uploads\/2025\/04\/Logo-STE.jpg","width":435,"height":435,"caption":"Salto a la Transici\u00f3n Ecol\u00f3gica"},"image":{"@id":"https:\/\/saltoecologico.es\/#\/schema\/logo\/image\/"},"sameAs":["https:\/\/www.facebook.com\/Saltotransicionecologica"]},{"@type":"Person","@id":"https:\/\/saltoecologico.es\/#\/schema\/person\/7175eec4b3c123d86c675313c3a01a0b","name":"admin","image":{"@type":"ImageObject","inLanguage":"es","@id":"https:\/\/secure.gravatar.com\/avatar\/4c215dc57bbc7b2f2f470ac9bd197f3f112636a584e575a732d0206a2d9c9806?s=96&d=mm&r=g","url":"https:\/\/secure.gravatar.com\/avatar\/4c215dc57bbc7b2f2f470ac9bd197f3f112636a584e575a732d0206a2d9c9806?s=96&d=mm&r=g","contentUrl":"https:\/\/secure.gravatar.com\/avatar\/4c215dc57bbc7b2f2f470ac9bd197f3f112636a584e575a732d0206a2d9c9806?s=96&d=mm&r=g","caption":"admin"},"sameAs":["https:\/\/saltoecologico.es"],"url":"https:\/\/saltoecologico.es\/index.php\/author\/saltoecologico\/"}]}},"_links":{"self":[{"href":"https:\/\/saltoecologico.es\/index.php\/wp-json\/wp\/v2\/posts\/925","targetHints":{"allow":["GET"]}}],"collection":[{"href":"https:\/\/saltoecologico.es\/index.php\/wp-json\/wp\/v2\/posts"}],"about":[{"href":"https:\/\/saltoecologico.es\/index.php\/wp-json\/wp\/v2\/types\/post"}],"author":[{"embeddable":true,"href":"https:\/\/saltoecologico.es\/index.php\/wp-json\/wp\/v2\/users\/1"}],"replies":[{"embeddable":true,"href":"https:\/\/saltoecologico.es\/index.php\/wp-json\/wp\/v2\/comments?post=925"}],"version-history":[{"count":2,"href":"https:\/\/saltoecologico.es\/index.php\/wp-json\/wp\/v2\/posts\/925\/revisions"}],"predecessor-version":[{"id":928,"href":"https:\/\/saltoecologico.es\/index.php\/wp-json\/wp\/v2\/posts\/925\/revisions\/928"}],"wp:featuredmedia":[{"embeddable":true,"href":"https:\/\/saltoecologico.es\/index.php\/wp-json\/wp\/v2\/media\/926"}],"wp:attachment":[{"href":"https:\/\/saltoecologico.es\/index.php\/wp-json\/wp\/v2\/media?parent=925"}],"wp:term":[{"taxonomy":"category","embeddable":true,"href":"https:\/\/saltoecologico.es\/index.php\/wp-json\/wp\/v2\/categories?post=925"},{"taxonomy":"post_tag","embeddable":true,"href":"https:\/\/saltoecologico.es\/index.php\/wp-json\/wp\/v2\/tags?post=925"}],"curies":[{"name":"wp","href":"https:\/\/api.w.org\/{rel}","templated":true}]}}