{"id":929,"date":"2025-04-24T20:16:52","date_gmt":"2025-04-24T20:16:52","guid":{"rendered":"https:\/\/saltoecologico.es\/?p=929"},"modified":"2025-04-24T20:16:55","modified_gmt":"2025-04-24T20:16:55","slug":"consulta-publica","status":"publish","type":"post","link":"https:\/\/saltoecologico.es\/index.php\/2025\/04\/24\/consulta-publica\/","title":{"rendered":"Consulta p\u00fablica"},"content":{"rendered":"\n<p class=\"wp-block-paragraph\">La transici\u00f3n energ\u00e9tica en Canarias ya no es una opci\u00f3n de futuro: es una <strong>necesidad urgente, estrat\u00e9gica y \u00e9tica<\/strong>. Ante una realidad insular marcada por la dependencia de combustibles f\u00f3siles, unos costes energ\u00e9ticos desproporcionados y una exposici\u00f3n creciente a los impactos del cambio clim\u00e1tico, no hay excusas para posponer decisiones que son vitales para el bienestar de las generaciones presentes y futuras.<\/p>\n\n\n\n<p class=\"wp-block-paragraph\">Canarias posee uno de los mayores potenciales renovables de Europa: sol abundante, viento constante, recursos geot\u00e9rmicos a\u00fan sin explotar y un entorno marino favorable a tecnolog\u00edas emergentes. Y sin embargo, nuestras islas siguen operando sistemas el\u00e9ctricos anclados en l\u00f3gicas del siglo pasado. La falta de almacenamiento energ\u00e9tico, las rigideces del despacho, los vertidos de renovables por ausencia de planificaci\u00f3n o la se\u00f1al de precio desconectada de la realidad insular son s\u00edntomas de un modelo que ya no se sostiene.<\/p>\n\n\n\n<p class=\"wp-block-paragraph\">Desde <em>Salto a la Transici\u00f3n Ecol\u00f3gica<\/em>, hemos presentado nuestras aportaciones a la consulta p\u00fablica abierta por el Ministerio para la Transici\u00f3n Ecol\u00f3gica. Y lo hemos hecho con una convicci\u00f3n firme: <strong>Canarias no puede permitirse seguir perdiendo oportunidades<\/strong>. Necesitamos cambios normativos, institucionales y operativos profundos. Necesitamos que el almacenamiento energ\u00e9tico sea tratado como lo que es: <strong>una infraestructura estrat\u00e9gica para la estabilidad, la eficiencia y la descarbonizaci\u00f3n del sistema<\/strong>.<\/p>\n\n\n\n<p class=\"wp-block-paragraph\">Proponemos avanzar hacia un <strong>modelo mixto de almacenamiento<\/strong>, que combine grandes infraestructuras hidr\u00e1ulicas all\u00ed donde sean viables ambiental y socialmente, bater\u00edas estacionarias en redes de distribuci\u00f3n, soluciones t\u00e9rmicas e industriales no f\u00f3sil y tecnolog\u00edas incipientes como el hidr\u00f3geno verde. Todo ello debe estar integrado en una planificaci\u00f3n energ\u00e9tica insular, vinculante y participativa.<\/p>\n\n\n\n<p class=\"wp-block-paragraph\">Tambi\u00e9n creemos que ha llegado el momento de replantear c\u00f3mo se retribuye la energ\u00eda renovable en Canarias. No podemos seguir dependiendo de un precio peninsular que <strong>no refleja ni nuestros costes reales ni nuestros objetivos clim\u00e1ticos<\/strong>. Proponemos una se\u00f1al de precio basada en el coste evitado de generaci\u00f3n f\u00f3sil, con bonificaciones por valor sist\u00e9mico (almacenamiento, servicios de red, reducci\u00f3n de emisiones) y penalizaciones por vertidos evitables.<\/p>\n\n\n\n<p class=\"wp-block-paragraph\">Pero m\u00e1s all\u00e1 de la ingenier\u00eda o la regulaci\u00f3n, esta transici\u00f3n necesita <strong>visi\u00f3n de conjunto y decisi\u00f3n pol\u00edtica<\/strong>. Requiere la creaci\u00f3n de una autoridad energ\u00e9tica regional que coordine, impulse y supervise el cambio; planes espec\u00edficos para las islas no capitalinas, muchas veces marginadas; una integraci\u00f3n real del binomio agua-energ\u00eda; y sobre todo, <strong>una ciudadan\u00eda informada, protagonista y part\u00edcipe<\/strong> del nuevo modelo.<\/p>\n\n\n\n<p class=\"wp-block-paragraph\">Esta no es solo una cuesti\u00f3n t\u00e9cnica. Es una <strong>oportunidad hist\u00f3rica para democratizar la energ\u00eda, reducir desigualdades, proteger nuestros ecosistemas y construir un futuro m\u00e1s justo<\/strong>. Y no puede seguir posterg\u00e1ndose. La emergencia clim\u00e1tica no espera.<\/p>\n\n\n\n<p class=\"wp-block-paragraph\">Desde nuestra organizaci\u00f3n, hacemos un llamamiento a todas las administraciones, instituciones y agentes sociales para que den un paso al frente. El tiempo del diagn\u00f3stico ya pas\u00f3. Ahora es el momento de actuar con coherencia, ambici\u00f3n y responsabilidad.<\/p>\n","protected":false},"excerpt":{"rendered":"<p>La transici\u00f3n energ\u00e9tica en Canarias ya no es una opci\u00f3n de futuro: es una necesidad urgente, estrat\u00e9gica y \u00e9tica. Ante una realidad insular marcada por la dependencia de combustibles f\u00f3siles, unos costes energ\u00e9ticos desproporcionados y una exposici\u00f3n creciente a los impactos del cambio clim\u00e1tico, no hay excusas para posponer decisiones que son vitales para el [&hellip;]<\/p>\n","protected":false},"author":1,"featured_media":930,"comment_status":"open","ping_status":"open","sticky":false,"template":"","format":"standard","meta":{"footnotes":""},"categories":[55],"tags":[],"class_list":["post-929","post","type-post","status-publish","format-standard","has-post-thumbnail","category-general"],"yoast_head":"<!-- This site is optimized with the Yoast SEO plugin v28.2 - https:\/\/yoast.com\/product\/yoast-seo-wordpress\/ -->\n<title>Consulta p\u00fablica - Salto Ecol\u00f3gico<\/title>\n<meta name=\"robots\" content=\"index, follow, max-snippet:-1, max-image-preview:large, max-video-preview:-1\" \/>\n<link rel=\"canonical\" href=\"https:\/\/saltoecologico.es\/index.php\/2025\/04\/24\/consulta-publica\/\" \/>\n<meta property=\"og:locale\" content=\"es_ES\" \/>\n<meta property=\"og:type\" content=\"article\" \/>\n<meta property=\"og:title\" content=\"Consulta p\u00fablica - Salto Ecol\u00f3gico\" \/>\n<meta property=\"og:description\" content=\"La transici\u00f3n energ\u00e9tica en Canarias ya no es una opci\u00f3n de futuro: es una necesidad urgente, estrat\u00e9gica y \u00e9tica. Ante una realidad insular marcada por la dependencia de combustibles f\u00f3siles, unos costes energ\u00e9ticos desproporcionados y una exposici\u00f3n creciente a los impactos del cambio clim\u00e1tico, no hay excusas para posponer decisiones que son vitales para el [&hellip;]\" \/>\n<meta property=\"og:url\" content=\"https:\/\/saltoecologico.es\/index.php\/2025\/04\/24\/consulta-publica\/\" \/>\n<meta property=\"og:site_name\" content=\"Salto Ecol\u00f3gico\" \/>\n<meta property=\"article:publisher\" content=\"https:\/\/www.facebook.com\/Saltotransicionecologica\" \/>\n<meta property=\"article:published_time\" content=\"2025-04-24T20:16:52+00:00\" \/>\n<meta property=\"article:modified_time\" content=\"2025-04-24T20:16:55+00:00\" \/>\n<meta property=\"og:image\" content=\"https:\/\/saltoecologico.es\/wp-content\/uploads\/2025\/04\/Alegaciones.jpg\" \/>\n\t<meta property=\"og:image:width\" content=\"1024\" \/>\n\t<meta property=\"og:image:height\" content=\"683\" \/>\n\t<meta property=\"og:image:type\" content=\"image\/jpeg\" \/>\n<meta name=\"author\" content=\"admin\" \/>\n<meta name=\"twitter:card\" content=\"summary_large_image\" \/>\n<meta name=\"twitter:label1\" content=\"Escrito por\" \/>\n\t<meta name=\"twitter:data1\" content=\"admin\" \/>\n\t<meta name=\"twitter:label2\" content=\"Tiempo de lectura\" \/>\n\t<meta name=\"twitter:data2\" content=\"3 minutos\" \/>\n<script type=\"application\/ld+json\" class=\"yoast-schema-graph\">{\"@context\":\"https:\\\/\\\/schema.org\",\"@graph\":[{\"@type\":\"Article\",\"@id\":\"https:\\\/\\\/saltoecologico.es\\\/index.php\\\/2025\\\/04\\\/24\\\/consulta-publica\\\/#article\",\"isPartOf\":{\"@id\":\"https:\\\/\\\/saltoecologico.es\\\/index.php\\\/2025\\\/04\\\/24\\\/consulta-publica\\\/\"},\"author\":{\"name\":\"admin\",\"@id\":\"https:\\\/\\\/saltoecologico.es\\\/#\\\/schema\\\/person\\\/7175eec4b3c123d86c675313c3a01a0b\"},\"headline\":\"Consulta p\u00fablica\",\"datePublished\":\"2025-04-24T20:16:52+00:00\",\"dateModified\":\"2025-04-24T20:16:55+00:00\",\"mainEntityOfPage\":{\"@id\":\"https:\\\/\\\/saltoecologico.es\\\/index.php\\\/2025\\\/04\\\/24\\\/consulta-publica\\\/\"},\"wordCount\":533,\"commentCount\":0,\"publisher\":{\"@id\":\"https:\\\/\\\/saltoecologico.es\\\/#organization\"},\"image\":{\"@id\":\"https:\\\/\\\/saltoecologico.es\\\/index.php\\\/2025\\\/04\\\/24\\\/consulta-publica\\\/#primaryimage\"},\"thumbnailUrl\":\"https:\\\/\\\/saltoecologico.es\\\/wp-content\\\/uploads\\\/2025\\\/04\\\/Alegaciones.jpg\",\"articleSection\":[\"General\"],\"inLanguage\":\"es\",\"potentialAction\":[{\"@type\":\"CommentAction\",\"name\":\"Comment\",\"target\":[\"https:\\\/\\\/saltoecologico.es\\\/index.php\\\/2025\\\/04\\\/24\\\/consulta-publica\\\/#respond\"]}]},{\"@type\":\"WebPage\",\"@id\":\"https:\\\/\\\/saltoecologico.es\\\/index.php\\\/2025\\\/04\\\/24\\\/consulta-publica\\\/\",\"url\":\"https:\\\/\\\/saltoecologico.es\\\/index.php\\\/2025\\\/04\\\/24\\\/consulta-publica\\\/\",\"name\":\"Consulta p\u00fablica - Salto Ecol\u00f3gico\",\"isPartOf\":{\"@id\":\"https:\\\/\\\/saltoecologico.es\\\/#website\"},\"primaryImageOfPage\":{\"@id\":\"https:\\\/\\\/saltoecologico.es\\\/index.php\\\/2025\\\/04\\\/24\\\/consulta-publica\\\/#primaryimage\"},\"image\":{\"@id\":\"https:\\\/\\\/saltoecologico.es\\\/index.php\\\/2025\\\/04\\\/24\\\/consulta-publica\\\/#primaryimage\"},\"thumbnailUrl\":\"https:\\\/\\\/saltoecologico.es\\\/wp-content\\\/uploads\\\/2025\\\/04\\\/Alegaciones.jpg\",\"datePublished\":\"2025-04-24T20:16:52+00:00\",\"dateModified\":\"2025-04-24T20:16:55+00:00\",\"breadcrumb\":{\"@id\":\"https:\\\/\\\/saltoecologico.es\\\/index.php\\\/2025\\\/04\\\/24\\\/consulta-publica\\\/#breadcrumb\"},\"inLanguage\":\"es\",\"potentialAction\":[{\"@type\":\"ReadAction\",\"target\":[\"https:\\\/\\\/saltoecologico.es\\\/index.php\\\/2025\\\/04\\\/24\\\/consulta-publica\\\/\"]}]},{\"@type\":\"ImageObject\",\"inLanguage\":\"es\",\"@id\":\"https:\\\/\\\/saltoecologico.es\\\/index.php\\\/2025\\\/04\\\/24\\\/consulta-publica\\\/#primaryimage\",\"url\":\"https:\\\/\\\/saltoecologico.es\\\/wp-content\\\/uploads\\\/2025\\\/04\\\/Alegaciones.jpg\",\"contentUrl\":\"https:\\\/\\\/saltoecologico.es\\\/wp-content\\\/uploads\\\/2025\\\/04\\\/Alegaciones.jpg\",\"width\":1024,\"height\":683},{\"@type\":\"BreadcrumbList\",\"@id\":\"https:\\\/\\\/saltoecologico.es\\\/index.php\\\/2025\\\/04\\\/24\\\/consulta-publica\\\/#breadcrumb\",\"itemListElement\":[{\"@type\":\"ListItem\",\"position\":1,\"name\":\"Portada\",\"item\":\"https:\\\/\\\/saltoecologico.es\\\/\"},{\"@type\":\"ListItem\",\"position\":2,\"name\":\"Consulta p\u00fablica\"}]},{\"@type\":\"WebSite\",\"@id\":\"https:\\\/\\\/saltoecologico.es\\\/#website\",\"url\":\"https:\\\/\\\/saltoecologico.es\\\/\",\"name\":\"Salto Ecol\u00f3gico\",\"description\":\"\",\"publisher\":{\"@id\":\"https:\\\/\\\/saltoecologico.es\\\/#organization\"},\"potentialAction\":[{\"@type\":\"SearchAction\",\"target\":{\"@type\":\"EntryPoint\",\"urlTemplate\":\"https:\\\/\\\/saltoecologico.es\\\/?s={search_term_string}\"},\"query-input\":{\"@type\":\"PropertyValueSpecification\",\"valueRequired\":true,\"valueName\":\"search_term_string\"}}],\"inLanguage\":\"es\"},{\"@type\":\"Organization\",\"@id\":\"https:\\\/\\\/saltoecologico.es\\\/#organization\",\"name\":\"Salto a la Transici\u00f3n Ecol\u00f3gica\",\"url\":\"https:\\\/\\\/saltoecologico.es\\\/\",\"logo\":{\"@type\":\"ImageObject\",\"inLanguage\":\"es\",\"@id\":\"https:\\\/\\\/saltoecologico.es\\\/#\\\/schema\\\/logo\\\/image\\\/\",\"url\":\"https:\\\/\\\/saltoecologico.es\\\/wp-content\\\/uploads\\\/2025\\\/04\\\/Logo-STE.jpg\",\"contentUrl\":\"https:\\\/\\\/saltoecologico.es\\\/wp-content\\\/uploads\\\/2025\\\/04\\\/Logo-STE.jpg\",\"width\":435,\"height\":435,\"caption\":\"Salto a la Transici\u00f3n Ecol\u00f3gica\"},\"image\":{\"@id\":\"https:\\\/\\\/saltoecologico.es\\\/#\\\/schema\\\/logo\\\/image\\\/\"},\"sameAs\":[\"https:\\\/\\\/www.facebook.com\\\/Saltotransicionecologica\"]},{\"@type\":\"Person\",\"@id\":\"https:\\\/\\\/saltoecologico.es\\\/#\\\/schema\\\/person\\\/7175eec4b3c123d86c675313c3a01a0b\",\"name\":\"admin\",\"image\":{\"@type\":\"ImageObject\",\"inLanguage\":\"es\",\"@id\":\"https:\\\/\\\/secure.gravatar.com\\\/avatar\\\/4c215dc57bbc7b2f2f470ac9bd197f3f112636a584e575a732d0206a2d9c9806?s=96&d=mm&r=g\",\"url\":\"https:\\\/\\\/secure.gravatar.com\\\/avatar\\\/4c215dc57bbc7b2f2f470ac9bd197f3f112636a584e575a732d0206a2d9c9806?s=96&d=mm&r=g\",\"contentUrl\":\"https:\\\/\\\/secure.gravatar.com\\\/avatar\\\/4c215dc57bbc7b2f2f470ac9bd197f3f112636a584e575a732d0206a2d9c9806?s=96&d=mm&r=g\",\"caption\":\"admin\"},\"sameAs\":[\"https:\\\/\\\/saltoecologico.es\"],\"url\":\"https:\\\/\\\/saltoecologico.es\\\/index.php\\\/author\\\/saltoecologico\\\/\"}]}<\/script>\n<!-- \/ Yoast SEO plugin. -->","yoast_head_json":{"title":"Consulta p\u00fablica - Salto Ecol\u00f3gico","robots":{"index":"index","follow":"follow","max-snippet":"max-snippet:-1","max-image-preview":"max-image-preview:large","max-video-preview":"max-video-preview:-1"},"canonical":"https:\/\/saltoecologico.es\/index.php\/2025\/04\/24\/consulta-publica\/","og_locale":"es_ES","og_type":"article","og_title":"Consulta p\u00fablica - Salto Ecol\u00f3gico","og_description":"La transici\u00f3n energ\u00e9tica en Canarias ya no es una opci\u00f3n de futuro: es una necesidad urgente, estrat\u00e9gica y \u00e9tica. Ante una realidad insular marcada por la dependencia de combustibles f\u00f3siles, unos costes energ\u00e9ticos desproporcionados y una exposici\u00f3n creciente a los impactos del cambio clim\u00e1tico, no hay excusas para posponer decisiones que son vitales para el [&hellip;]","og_url":"https:\/\/saltoecologico.es\/index.php\/2025\/04\/24\/consulta-publica\/","og_site_name":"Salto Ecol\u00f3gico","article_publisher":"https:\/\/www.facebook.com\/Saltotransicionecologica","article_published_time":"2025-04-24T20:16:52+00:00","article_modified_time":"2025-04-24T20:16:55+00:00","og_image":[{"width":1024,"height":683,"url":"https:\/\/saltoecologico.es\/wp-content\/uploads\/2025\/04\/Alegaciones.jpg","type":"image\/jpeg"}],"author":"admin","twitter_card":"summary_large_image","twitter_misc":{"Escrito por":"admin","Tiempo de lectura":"3 minutos"},"schema":{"@context":"https:\/\/schema.org","@graph":[{"@type":"Article","@id":"https:\/\/saltoecologico.es\/index.php\/2025\/04\/24\/consulta-publica\/#article","isPartOf":{"@id":"https:\/\/saltoecologico.es\/index.php\/2025\/04\/24\/consulta-publica\/"},"author":{"name":"admin","@id":"https:\/\/saltoecologico.es\/#\/schema\/person\/7175eec4b3c123d86c675313c3a01a0b"},"headline":"Consulta p\u00fablica","datePublished":"2025-04-24T20:16:52+00:00","dateModified":"2025-04-24T20:16:55+00:00","mainEntityOfPage":{"@id":"https:\/\/saltoecologico.es\/index.php\/2025\/04\/24\/consulta-publica\/"},"wordCount":533,"commentCount":0,"publisher":{"@id":"https:\/\/saltoecologico.es\/#organization"},"image":{"@id":"https:\/\/saltoecologico.es\/index.php\/2025\/04\/24\/consulta-publica\/#primaryimage"},"thumbnailUrl":"https:\/\/saltoecologico.es\/wp-content\/uploads\/2025\/04\/Alegaciones.jpg","articleSection":["General"],"inLanguage":"es","potentialAction":[{"@type":"CommentAction","name":"Comment","target":["https:\/\/saltoecologico.es\/index.php\/2025\/04\/24\/consulta-publica\/#respond"]}]},{"@type":"WebPage","@id":"https:\/\/saltoecologico.es\/index.php\/2025\/04\/24\/consulta-publica\/","url":"https:\/\/saltoecologico.es\/index.php\/2025\/04\/24\/consulta-publica\/","name":"Consulta p\u00fablica - Salto Ecol\u00f3gico","isPartOf":{"@id":"https:\/\/saltoecologico.es\/#website"},"primaryImageOfPage":{"@id":"https:\/\/saltoecologico.es\/index.php\/2025\/04\/24\/consulta-publica\/#primaryimage"},"image":{"@id":"https:\/\/saltoecologico.es\/index.php\/2025\/04\/24\/consulta-publica\/#primaryimage"},"thumbnailUrl":"https:\/\/saltoecologico.es\/wp-content\/uploads\/2025\/04\/Alegaciones.jpg","datePublished":"2025-04-24T20:16:52+00:00","dateModified":"2025-04-24T20:16:55+00:00","breadcrumb":{"@id":"https:\/\/saltoecologico.es\/index.php\/2025\/04\/24\/consulta-publica\/#breadcrumb"},"inLanguage":"es","potentialAction":[{"@type":"ReadAction","target":["https:\/\/saltoecologico.es\/index.php\/2025\/04\/24\/consulta-publica\/"]}]},{"@type":"ImageObject","inLanguage":"es","@id":"https:\/\/saltoecologico.es\/index.php\/2025\/04\/24\/consulta-publica\/#primaryimage","url":"https:\/\/saltoecologico.es\/wp-content\/uploads\/2025\/04\/Alegaciones.jpg","contentUrl":"https:\/\/saltoecologico.es\/wp-content\/uploads\/2025\/04\/Alegaciones.jpg","width":1024,"height":683},{"@type":"BreadcrumbList","@id":"https:\/\/saltoecologico.es\/index.php\/2025\/04\/24\/consulta-publica\/#breadcrumb","itemListElement":[{"@type":"ListItem","position":1,"name":"Portada","item":"https:\/\/saltoecologico.es\/"},{"@type":"ListItem","position":2,"name":"Consulta p\u00fablica"}]},{"@type":"WebSite","@id":"https:\/\/saltoecologico.es\/#website","url":"https:\/\/saltoecologico.es\/","name":"Salto Ecol\u00f3gico","description":"","publisher":{"@id":"https:\/\/saltoecologico.es\/#organization"},"potentialAction":[{"@type":"SearchAction","target":{"@type":"EntryPoint","urlTemplate":"https:\/\/saltoecologico.es\/?s={search_term_string}"},"query-input":{"@type":"PropertyValueSpecification","valueRequired":true,"valueName":"search_term_string"}}],"inLanguage":"es"},{"@type":"Organization","@id":"https:\/\/saltoecologico.es\/#organization","name":"Salto a la Transici\u00f3n Ecol\u00f3gica","url":"https:\/\/saltoecologico.es\/","logo":{"@type":"ImageObject","inLanguage":"es","@id":"https:\/\/saltoecologico.es\/#\/schema\/logo\/image\/","url":"https:\/\/saltoecologico.es\/wp-content\/uploads\/2025\/04\/Logo-STE.jpg","contentUrl":"https:\/\/saltoecologico.es\/wp-content\/uploads\/2025\/04\/Logo-STE.jpg","width":435,"height":435,"caption":"Salto a la Transici\u00f3n Ecol\u00f3gica"},"image":{"@id":"https:\/\/saltoecologico.es\/#\/schema\/logo\/image\/"},"sameAs":["https:\/\/www.facebook.com\/Saltotransicionecologica"]},{"@type":"Person","@id":"https:\/\/saltoecologico.es\/#\/schema\/person\/7175eec4b3c123d86c675313c3a01a0b","name":"admin","image":{"@type":"ImageObject","inLanguage":"es","@id":"https:\/\/secure.gravatar.com\/avatar\/4c215dc57bbc7b2f2f470ac9bd197f3f112636a584e575a732d0206a2d9c9806?s=96&d=mm&r=g","url":"https:\/\/secure.gravatar.com\/avatar\/4c215dc57bbc7b2f2f470ac9bd197f3f112636a584e575a732d0206a2d9c9806?s=96&d=mm&r=g","contentUrl":"https:\/\/secure.gravatar.com\/avatar\/4c215dc57bbc7b2f2f470ac9bd197f3f112636a584e575a732d0206a2d9c9806?s=96&d=mm&r=g","caption":"admin"},"sameAs":["https:\/\/saltoecologico.es"],"url":"https:\/\/saltoecologico.es\/index.php\/author\/saltoecologico\/"}]}},"_links":{"self":[{"href":"https:\/\/saltoecologico.es\/index.php\/wp-json\/wp\/v2\/posts\/929","targetHints":{"allow":["GET"]}}],"collection":[{"href":"https:\/\/saltoecologico.es\/index.php\/wp-json\/wp\/v2\/posts"}],"about":[{"href":"https:\/\/saltoecologico.es\/index.php\/wp-json\/wp\/v2\/types\/post"}],"author":[{"embeddable":true,"href":"https:\/\/saltoecologico.es\/index.php\/wp-json\/wp\/v2\/users\/1"}],"replies":[{"embeddable":true,"href":"https:\/\/saltoecologico.es\/index.php\/wp-json\/wp\/v2\/comments?post=929"}],"version-history":[{"count":1,"href":"https:\/\/saltoecologico.es\/index.php\/wp-json\/wp\/v2\/posts\/929\/revisions"}],"predecessor-version":[{"id":931,"href":"https:\/\/saltoecologico.es\/index.php\/wp-json\/wp\/v2\/posts\/929\/revisions\/931"}],"wp:featuredmedia":[{"embeddable":true,"href":"https:\/\/saltoecologico.es\/index.php\/wp-json\/wp\/v2\/media\/930"}],"wp:attachment":[{"href":"https:\/\/saltoecologico.es\/index.php\/wp-json\/wp\/v2\/media?parent=929"}],"wp:term":[{"taxonomy":"category","embeddable":true,"href":"https:\/\/saltoecologico.es\/index.php\/wp-json\/wp\/v2\/categories?post=929"},{"taxonomy":"post_tag","embeddable":true,"href":"https:\/\/saltoecologico.es\/index.php\/wp-json\/wp\/v2\/tags?post=929"}],"curies":[{"name":"wp","href":"https:\/\/api.w.org\/{rel}","templated":true}]}}